{"id":18915,"date":"2021-12-01T22:56:00","date_gmt":"2021-12-01T21:56:00","guid":{"rendered":"https:\/\/www.newsendip.com\/?p=18915"},"modified":"2023-09-05T18:48:31","modified_gmt":"2023-09-05T16:48:31","slug":"augmentation-du-prix-du-cafe-une-bonne-nouvelle-pour-les-producteurs-colombiens-pas-pour-les-consommateurs-turcs","status":"publish","type":"post","link":"https:\/\/www.newsendip.com\/fr\/augmentation-du-prix-du-cafe-une-bonne-nouvelle-pour-les-producteurs-colombiens-pas-pour-les-consommateurs-turcs\/","title":{"rendered":"Augmentation du prix du caf\u00e9&nbsp;: une bonne nouvelle pour les producteurs colombiens, pas pour les consommateurs turcs"},"content":{"rendered":"<p><strong>Le prix du caf\u00e9 n\u2019a jamais \u00e9t\u00e9 aussi \u00e9lev\u00e9 en 10 ans. Pour la Colombie, cela signifie plus de revenus malgr\u00e9 une production plus faible, tandis qu\u2019en Turquie les prix s\u2019envolent avec l\u2019inflation.<br>\n<\/strong><\/p>\n<figure id=\"attachment_13802\" aria-describedby=\"caption-attachment-13802\" style=\"width: 640px\" class=\"wp-caption aligncenter\"><img decoding=\"async\" class=\"wp-image-13802 size-full\" src=\"https:\/\/www.newsendip.com\/wp-content\/uploads\/2021\/12\/coffee-price-production-2021-webp.webp\" alt=\"grains de caf\u00e9\" width=\"640\" height=\"427\" srcset=\"https:\/\/www.newsendip.com\/wp-content\/uploads\/2021\/12\/coffee-price-production-2021-webp.webp 640w, https:\/\/www.newsendip.com\/wp-content\/uploads\/2021\/12\/coffee-price-production-2021-webp-60x40.webp 60w, https:\/\/www.newsendip.com\/wp-content\/uploads\/2021\/12\/coffee-price-production-2021-webp-300x200.webp 300w\" sizes=\"(max-width: 640px) 100vw, 640px\"><figcaption id=\"caption-attachment-13802\" class=\"wp-caption-text\">Le prix du caf\u00e9 a atteint son niveau le plus \u00e9lev\u00e9 depuis 10 ans | \u00a9 Hans&nbsp;Ripa<\/figcaption><\/figure>\n<p>Roberto V\u00e9lez, le pr\u00e9sident de la f\u00e9d\u00e9ration nationale des producteurs de caf\u00e9 de Colombie, a partag\u00e9 son enthousiasme avec son audience lors du congr\u00e8s national des producteurs de caf\u00e9 effectu\u00e9 \u00e0 distance le 30 novembre.<\/p>\n<p>Il a expliqu\u00e9 que les revenus provenant de <strong>la production de caf\u00e9 repr\u00e9senteraient 1% du produit int\u00e9rieur brut de la Colombie en 2021<\/strong>. Ce serait une premi\u00e8re depuis 2002.<\/p>\n<p>La valeur de la r\u00e9colte de caf\u00e9 en 2021 se situera probablement entre <a href=\"https:\/\/www.elcolombiano.com\/negocios\/este-ha-sido-el-mejor-ano-para-los-caficultores-en-la-ultima-decada-fnc-HG16100465\">11 et 12 milliards de dollars<\/a>, soit une <strong>augmentation de 23\u202f%<\/strong> par rapport \u00e0 l\u2019ann\u00e9e derni\u00e8re.<\/p>\n<p>La Colombie exportera pour 3,4 milliards de dollars de grains de caf\u00e9 cette ann\u00e9e, ce qui repr\u00e9sente environ 9\u202f% des recettes totales de la Colombie g\u00e9n\u00e9r\u00e9es par l\u2019exportation.<\/p>\n<p><strong>Les producteurs de caf\u00e9 colombiens connaissent une bonne ann\u00e9e<\/strong>.<\/p>\n<p>Pourtant, la <strong>production de caf\u00e9 de la Colombie diminuera de 7\u202f% en 2021 par rapport \u00e0 2020<\/strong>. Mais cette faible production est compens\u00e9e par les prix les plus \u00e9lev\u00e9s du produit que le march\u00e9 a connu depuis 10&nbsp;ans.<\/p>\n<p>\u00c0 l\u2019Intercontinental Exchange de New York, le caf\u00e9 a atteint son prix le plus \u00e9lev\u00e9 depuis 2011. Dans le m\u00eame temps, le prix de r\u00e9f\u00e9rence de l\u2019Association internationale du caf\u00e9 a enregistr\u00e9 une hausse de 85\u202f% par rapport \u00e0 l\u2019ann\u00e9e derni\u00e8re.<\/p>\n<h2>Incertitude sur l\u2019offre mondiale en raison de la faible production br\u00e9silienne<\/h2>\n<p>Dans son rapport d\u2019octobre, l\u2019<a href=\"#post-bottom-source\">Association internationale du caf\u00e9<\/a> pr\u00e9voit que la consommation mondiale de caf\u00e9 augmentera de 1,9\u202f% en <sup class=\"numerator\">2021<\/sup>\u2044<sub class=\"denominator\">20<\/sub> pour atteindre 167,15 millions de sacs de 60\u202fkg par rapport \u00e0 <sup class=\"numerator\">2019<\/sup>\u2044<sub class=\"denominator\">20<\/sub>. Par ailleurs, la <strong>production mondiale totale n\u2019a augment\u00e9 que de 0,4%<\/strong> au cours de l\u2019ann\u00e9e caf\u00e9i\u00e8re <sup class=\"numerator\">2020<\/sup>\u2044<sub class=\"denominator\">21<\/sub>, m\u00eame si elle est sup\u00e9rieure de 8,6% \u00e0 la production moyenne des 10 derni\u00e8res ann\u00e9es.<\/p>\n<p>Mais la hausse mondiale des prix est en r\u00e9alit\u00e9 motiv\u00e9e par \u00ab\u202f<em>des inqui\u00e9tudes sur l\u2019approvisionnement issu de productions importantes<\/em>\u202f\u00bb.<\/p>\n<p>Les conditions du march\u00e9 sont volatiles et \u00e0 la hausse car le Br\u00e9sil, l\u2019un des plus grands producteurs de caf\u00e9 au monde, a connu des conditions climatiques d\u00e9favorables pour le&nbsp;caf\u00e9.<\/p>\n<p>Au cours de l\u2019ann\u00e9e, <strong>la production br\u00e9silienne de caf\u00e9 a souffert de la s\u00e9cheresse<\/strong>, ainsi que de temp\u00e9ratures basses et de gel\u00e9es. De plus, d\u2019autres grands producteurs comme l\u2019<a href=\"https:\/\/www.newsendip.com\/fr\/une-variete-de-cafe-qualite-pourrait-resister-a-la-menace-du-changement-climatique\/\">\u00c9thiopie<\/a> ou le Vietnam apportent des perspectives incertaines. Les cas de Covid-19 au Vietnam inqui\u00e8tent les autorit\u00e9s et l\u2019<a href=\"https:\/\/www.newsendip.com\/fr\/lethiopie-expulse-7-responsables-de-lonu-pour-ingerence-dans-les-affaires-interieures\/\">\u00c9thiopie est proche d\u2019une guerre civile au Tigr\u00e9<\/a>.<\/p>\n<p>Mais en Turquie, o\u00f9 le caf\u00e9 \u00e9tait autrefois cultiv\u00e9, la hausse des prix du caf\u00e9 n\u2019est pas accueillie de la m\u00eame mani\u00e8re.<\/p>\n<h2>Le prix du caf\u00e9 s\u2019envole en Turquie<\/h2>\n<p><!--more--><\/p>\n<p>En effet, le <strong>prix du caf\u00e9 pour les consommateurs aurait \u00e9t\u00e9 multipli\u00e9 par trois<\/strong> en moins d\u2019un an en Turquie.<\/p>\n<p>En plus du prix des grains de caf\u00e9, <strong>les co\u00fbts de transport <\/strong>ont grimp\u00e9 en fl\u00e8che en raison de l\u2019encombrement du trafic maritime.<\/p>\n<p>Pour ne rien arranger, le cours de la livre turque est dans ses plus bas, <strong>acc\u00e9l\u00e9rant l\u2019inflation<\/strong> dans le pays qui d\u00e9passe les 10\u202f% depuis 2018. Cette forte inflation augmente rapidement les prix des marchandises.<\/p>\n<p>Apr\u00e8s le sucre et l\u2019huile, la Turquie a d\u00e9cid\u00e9 de limiter la vente de caf\u00e9 car l\u2019offre et les stocks sont faibles, rapporte <a href=\"https:\/\/www.sozcu.com.tr\/2021\/ekonomi\/marketlerde-simdi-de-kahve-satislarina-kota-geldi-iste-nedenleri-6784876\/\"><em>S\u00f6zc\u00fc<\/em><\/a>.<\/p>\n<p>De plus, les caf\u00e9s pourraient ins\u00e9rer plus de Robusta dans leurs m\u00e9langes, une vari\u00e9t\u00e9 de caf\u00e9 moins cher mais de moins bonne qualit\u00e9 que l\u2019Arabica, une <a href=\"https:\/\/www.newsendip.com\/fr\/une-variete-de-cafe-qualite-pourrait-resister-a-la-menace-du-changement-climatique\/\">vari\u00e9t\u00e9 menac\u00e9e par le r\u00e9chauffement climatique dans les ann\u00e9es \u00e0 venir<\/a>.<\/p>\n<p>En Colombie, le ministre de l\u2019agriculture et du d\u00e9veloppement rural a invit\u00e9 <a href=\"https:\/\/federaciondecafeteros.org\/wp\/listado-noticias\/\">les producteurs de caf\u00e9 \u00e0 profiter des prix \u00e9lev\u00e9s<\/a> pour renouveler leurs plantations de caf\u00e9 et maintenir une productivit\u00e9 \u00e9lev\u00e9e.<\/p>\n<p>Les prix des grains de caf\u00e9 avaient diminu\u00e9 ces derni\u00e8res ann\u00e9es et l\u2019industrie a \u00e9galement souffert de la pand\u00e9mie de Covid-19 qui limitait les personnes \u00e0 ne boire du caf\u00e9 qu\u2019\u00e0 la maison.<\/p>\n<p>Mais la <strong>tension de l\u2019offre sur le march\u00e9 du caf\u00e9 devrait durer jusqu\u2019en 2023<\/strong> au&nbsp;moins.<\/p>\n<p><a href=\"https:\/\/www.newsendip.com\/fr\/etiquette\/colombie\/\"><strong>D\u00e9couvrez plus d\u2019actualit\u00e9s sur la Colombie<\/strong><\/a><\/p>\n","protected":false},"excerpt":{"rendered":"<p>Le prix du caf\u00e9 n\u2019a jamais \u00e9t\u00e9 aussi \u00e9lev\u00e9 en 10 ans. Pour la Colombie, cela signifie plus de revenus malgr\u00e9 une production plus faible, tandis qu\u2019en Turquie les prix s\u2019envolent avec l\u2019inflation.<\/p>\n","protected":false},"author":1,"featured_media":13802,"comment_status":"closed","ping_status":"closed","sticky":false,"template":"","format":"standard","meta":{"wp_typography_post_enhancements_disabled":false,"footnotes":""},"categories":[414],"tags":[411,440,517],"class_list":["post-18915","post","type-post","status-publish","format-standard","has-post-thumbnail","hentry","category-economie","tag-actuel","tag-colombie","tag-turquie"],"yoast_head":"<!-- This site is optimized with the Yoast SEO Premium plugin v27.4 (Yoast SEO v27.4) - https:\/\/yoast.com\/product\/yoast-seo-premium-wordpress\/ -->\n<title>Augmentation du prix du caf\u00e9 : une bonne nouvelle pour les producteurs colombiens, pas pour les consommateurs turcs<\/title>\n<meta name=\"description\" content=\"Le prix du caf\u00e9 n&#039;a jamais \u00e9t\u00e9 aussi \u00e9lev\u00e9 en 10 ans. Pour la Colombie, cela signifie plus de revenus malgr\u00e9 une production plus faible, tandis qu&#039;en Turquie les prix s&#039;envolent avec l&#039;inflation.\" \/>\n<meta name=\"robots\" content=\"index, follow, max-snippet:-1, max-image-preview:large, max-video-preview:-1\" \/>\n<link rel=\"canonical\" href=\"https:\/\/www.newsendip.com\/fr\/augmentation-du-prix-du-cafe-une-bonne-nouvelle-pour-les-producteurs-colombiens-pas-pour-les-consommateurs-turcs\/\" \/>\n<meta property=\"og:locale\" content=\"fr_FR\" \/>\n<meta property=\"og:type\" content=\"article\" \/>\n<meta property=\"og:title\" content=\"Augmentation du prix du caf\u00e9 : une bonne nouvelle pour les producteurs colombiens, pas pour les consommateurs turcs\" \/>\n<meta property=\"og:description\" content=\"Le prix du caf\u00e9 n&#039;a jamais \u00e9t\u00e9 aussi \u00e9lev\u00e9 en 10 ans. Pour la Colombie, cela signifie plus de revenus malgr\u00e9 une production plus faible, tandis qu&#039;en Turquie les prix s&#039;envolent avec l&#039;inflation.\" \/>\n<meta property=\"og:url\" content=\"https:\/\/www.newsendip.com\/fr\/augmentation-du-prix-du-cafe-une-bonne-nouvelle-pour-les-producteurs-colombiens-pas-pour-les-consommateurs-turcs\/\" \/>\n<meta property=\"og:site_name\" content=\"Newsendip\" \/>\n<meta property=\"article:publisher\" content=\"https:\/\/www.facebook.com\/newsendip\" \/>\n<meta property=\"article:published_time\" content=\"2021-12-01T21:56:00+00:00\" \/>\n<meta property=\"article:modified_time\" content=\"2023-09-05T16:48:31+00:00\" \/>\n<meta property=\"og:image\" content=\"https:\/\/www.newsendip.com\/wp-content\/uploads\/2021\/12\/coffee-price-production-2021-progressive.jpeg\" \/>\n\t<meta property=\"og:image:width\" content=\"640\" \/>\n\t<meta property=\"og:image:height\" content=\"427\" \/>\n\t<meta property=\"og:image:type\" content=\"image\/jpeg\" \/>\n<meta name=\"author\" content=\"Cl\u00e9ment V\u00e9rit\u00e9\" \/>\n<meta name=\"twitter:card\" content=\"summary_large_image\" \/>\n<meta name=\"twitter:creator\" content=\"@https:\/\/twitter.com\/cverite\" \/>\n<meta name=\"twitter:site\" content=\"@newsendip\" \/>\n<meta name=\"twitter:label1\" content=\"\u00c9crit par\" \/>\n\t<meta name=\"twitter:data1\" content=\"Cl\u00e9ment V\u00e9rit\u00e9\" \/>\n\t<meta name=\"twitter:label2\" content=\"Dur\u00e9e de lecture estim\u00e9e\" \/>\n\t<meta name=\"twitter:data2\" content=\"4 minutes\" \/>\n<!-- \/ Yoast SEO Premium plugin. -->","yoast_head_json":{"title":"Augmentation du prix du caf\u00e9 : une bonne nouvelle pour les producteurs colombiens, pas pour les consommateurs turcs","description":"Le prix du caf\u00e9 n'a jamais \u00e9t\u00e9 aussi \u00e9lev\u00e9 en 10 ans. Pour la Colombie, cela signifie plus de revenus malgr\u00e9 une production plus faible, tandis qu'en Turquie les prix s'envolent avec l'inflation.","robots":{"index":"index","follow":"follow","max-snippet":"max-snippet:-1","max-image-preview":"max-image-preview:large","max-video-preview":"max-video-preview:-1"},"canonical":"https:\/\/www.newsendip.com\/fr\/augmentation-du-prix-du-cafe-une-bonne-nouvelle-pour-les-producteurs-colombiens-pas-pour-les-consommateurs-turcs\/","og_locale":"fr_FR","og_type":"article","og_title":"Augmentation du prix du caf\u00e9 : une bonne nouvelle pour les producteurs colombiens, pas pour les consommateurs turcs","og_description":"Le prix du caf\u00e9 n'a jamais \u00e9t\u00e9 aussi \u00e9lev\u00e9 en 10 ans. Pour la Colombie, cela signifie plus de revenus malgr\u00e9 une production plus faible, tandis qu'en Turquie les prix s'envolent avec l'inflation.","og_url":"https:\/\/www.newsendip.com\/fr\/augmentation-du-prix-du-cafe-une-bonne-nouvelle-pour-les-producteurs-colombiens-pas-pour-les-consommateurs-turcs\/","og_site_name":"Newsendip","article_publisher":"https:\/\/www.facebook.com\/newsendip","article_published_time":"2021-12-01T21:56:00+00:00","article_modified_time":"2023-09-05T16:48:31+00:00","og_image":[{"width":640,"height":427,"url":"https:\/\/www.newsendip.com\/wp-content\/uploads\/2021\/12\/coffee-price-production-2021-progressive.jpeg","type":"image\/jpeg"}],"author":"Cl\u00e9ment V\u00e9rit\u00e9","twitter_card":"summary_large_image","twitter_creator":"@https:\/\/twitter.com\/cverite","twitter_site":"@newsendip","twitter_misc":{"\u00c9crit par":"Cl\u00e9ment V\u00e9rit\u00e9","Dur\u00e9e de lecture estim\u00e9e":"4 minutes"},"schema":{"@context":"https:\/\/schema.org","@graph":[{"@type":"NewsArticle","@id":"https:\/\/www.newsendip.com\/fr\/augmentation-du-prix-du-cafe-une-bonne-nouvelle-pour-les-producteurs-colombiens-pas-pour-les-consommateurs-turcs\/#article","isPartOf":{"@id":"https:\/\/www.newsendip.com\/fr\/augmentation-du-prix-du-cafe-une-bonne-nouvelle-pour-les-producteurs-colombiens-pas-pour-les-consommateurs-turcs\/"},"author":{"name":"Cl\u00e9ment V\u00e9rit\u00e9","@id":"https:\/\/www.newsendip.com\/fr\/#\/schema\/person\/ea22c01755f464a3cbc2c619584d6363"},"headline":"Augmentation du prix du caf\u00e9&nbsp;: une bonne nouvelle pour les producteurs colombiens, pas pour les consommateurs turcs","datePublished":"2021-12-01T21:56:00+00:00","dateModified":"2023-09-05T16:48:31+00:00","mainEntityOfPage":{"@id":"https:\/\/www.newsendip.com\/fr\/augmentation-du-prix-du-cafe-une-bonne-nouvelle-pour-les-producteurs-colombiens-pas-pour-les-consommateurs-turcs\/"},"wordCount":782,"publisher":{"@id":"https:\/\/www.newsendip.com\/fr\/#organization"},"image":{"@id":"https:\/\/www.newsendip.com\/fr\/augmentation-du-prix-du-cafe-une-bonne-nouvelle-pour-les-producteurs-colombiens-pas-pour-les-consommateurs-turcs\/#primaryimage"},"thumbnailUrl":"https:\/\/www.newsendip.com\/wp-content\/uploads\/2021\/12\/coffee-price-production-2021-webp.webp","keywords":["Actuel","Colombie","Turquie"],"articleSection":["\u00c9conomie"],"inLanguage":"fr-FR","copyrightYear":"2021","copyrightHolder":{"@id":"https:\/\/www.newsendip.com\/#organization"}},{"@type":"WebPage","@id":"https:\/\/www.newsendip.com\/fr\/augmentation-du-prix-du-cafe-une-bonne-nouvelle-pour-les-producteurs-colombiens-pas-pour-les-consommateurs-turcs\/","url":"https:\/\/www.newsendip.com\/fr\/augmentation-du-prix-du-cafe-une-bonne-nouvelle-pour-les-producteurs-colombiens-pas-pour-les-consommateurs-turcs\/","name":"Augmentation du prix du caf\u00e9 : une bonne nouvelle pour les producteurs colombiens, pas pour les consommateurs turcs","isPartOf":{"@id":"https:\/\/www.newsendip.com\/fr\/#website"},"primaryImageOfPage":{"@id":"https:\/\/www.newsendip.com\/fr\/augmentation-du-prix-du-cafe-une-bonne-nouvelle-pour-les-producteurs-colombiens-pas-pour-les-consommateurs-turcs\/#primaryimage"},"image":{"@id":"https:\/\/www.newsendip.com\/fr\/augmentation-du-prix-du-cafe-une-bonne-nouvelle-pour-les-producteurs-colombiens-pas-pour-les-consommateurs-turcs\/#primaryimage"},"thumbnailUrl":"https:\/\/www.newsendip.com\/wp-content\/uploads\/2021\/12\/coffee-price-production-2021-webp.webp","datePublished":"2021-12-01T21:56:00+00:00","dateModified":"2023-09-05T16:48:31+00:00","description":"Le prix du caf\u00e9 n'a jamais \u00e9t\u00e9 aussi \u00e9lev\u00e9 en 10 ans. Pour la Colombie, cela signifie plus de revenus malgr\u00e9 une production plus faible, tandis qu'en Turquie les prix s'envolent avec l'inflation.","breadcrumb":{"@id":"https:\/\/www.newsendip.com\/fr\/augmentation-du-prix-du-cafe-une-bonne-nouvelle-pour-les-producteurs-colombiens-pas-pour-les-consommateurs-turcs\/#breadcrumb"},"inLanguage":"fr-FR","potentialAction":[{"@type":"ReadAction","target":["https:\/\/www.newsendip.com\/fr\/augmentation-du-prix-du-cafe-une-bonne-nouvelle-pour-les-producteurs-colombiens-pas-pour-les-consommateurs-turcs\/"]}]},{"@type":"ImageObject","inLanguage":"fr-FR","@id":"https:\/\/www.newsendip.com\/fr\/augmentation-du-prix-du-cafe-une-bonne-nouvelle-pour-les-producteurs-colombiens-pas-pour-les-consommateurs-turcs\/#primaryimage","url":"https:\/\/www.newsendip.com\/wp-content\/uploads\/2021\/12\/coffee-price-production-2021-webp.webp","contentUrl":"https:\/\/www.newsendip.com\/wp-content\/uploads\/2021\/12\/coffee-price-production-2021-webp.webp","width":640,"height":427,"caption":"Le prix du caf\u00e9 a atteint son niveau le plus \u00e9lev\u00e9 depuis 10 ans | \u00a9 Hans Ripa"},{"@type":"BreadcrumbList","@id":"https:\/\/www.newsendip.com\/fr\/augmentation-du-prix-du-cafe-une-bonne-nouvelle-pour-les-producteurs-colombiens-pas-pour-les-consommateurs-turcs\/#breadcrumb","itemListElement":[{"@type":"ListItem","position":1,"name":"Accueil","item":"https:\/\/www.newsendip.com\/fr\/"},{"@type":"ListItem","position":2,"name":"Augmentation du prix du caf\u00e9 : une bonne nouvelle pour les producteurs colombiens, pas pour les consommateurs turcs"}]},{"@type":"WebSite","@id":"https:\/\/www.newsendip.com\/fr\/#website","url":"https:\/\/www.newsendip.com\/fr\/","name":"Newsendip","description":"Red\u00e9couvrez l&#039;actualit\u00e9 internationale","publisher":{"@id":"https:\/\/www.newsendip.com\/fr\/#organization"},"potentialAction":[{"@type":"SearchAction","target":{"@type":"EntryPoint","urlTemplate":"https:\/\/www.newsendip.com\/fr\/?s={search_term_string}"},"query-input":{"@type":"PropertyValueSpecification","valueRequired":true,"valueName":"search_term_string"}}],"inLanguage":"fr-FR"},{"@type":"Organization","@id":"https:\/\/www.newsendip.com\/fr\/#organization","name":"Newsendip","url":"https:\/\/www.newsendip.com\/fr\/","logo":{"@type":"ImageObject","inLanguage":"fr-FR","@id":"https:\/\/www.newsendip.com\/fr\/#\/schema\/logo\/image\/","url":"https:\/\/www.newsendip.com\/wp-content\/uploads\/2023\/12\/512x512.svg","contentUrl":"https:\/\/www.newsendip.com\/wp-content\/uploads\/2023\/12\/512x512.svg","width":1,"height":1,"caption":"Newsendip"},"image":{"@id":"https:\/\/www.newsendip.com\/fr\/#\/schema\/logo\/image\/"},"sameAs":["https:\/\/www.facebook.com\/newsendip","https:\/\/x.com\/newsendip","https:\/\/mastodon.social\/@newsendip","https:\/\/www.linkedin.com\/company\/newsendip"],"description":"Newsendip est un site qui a pour mission de rendre l'actualit\u00e9 internationale accessible et diversifi\u00e9e","email":"contact@newsendip.com","legalName":"Newsendip SAS","foundingDate":"2022-11-04","vatID":"FR60921124723","numberOfEmployees":{"@type":"QuantitativeValue","minValue":"1","maxValue":"10"},"publishingPrinciples":"https:\/\/www.newsendip.com\/about-us\/","ownershipFundingInfo":"https:\/\/www.newsendip.com\/legal-notice\/","actionableFeedbackPolicy":"https:\/\/www.newsendip.com\/about-us\/","correctionsPolicy":"https:\/\/www.newsendip.com\/about-us\/","ethicsPolicy":"https:\/\/www.newsendip.com\/about-us\/","diversityPolicy":"https:\/\/www.newsendip.com\/about-us\/"},{"@type":"Person","@id":"https:\/\/www.newsendip.com\/fr\/#\/schema\/person\/ea22c01755f464a3cbc2c619584d6363","name":"Cl\u00e9ment V\u00e9rit\u00e9","description":"Cl\u00e9ment is the executive editor and founder of Newsendip. He started in the media industry as a freelance reporter at 16 for a local French newspaper after school and has never left it. He later worked for seven years at The New York Times, notably as a data analyst. He holds a Master of Management in France and a Master of Arts in the United Kingdom in International Marketing &amp; Communications Strategy. He has lived in France, the United Kingdom, and Italy.","sameAs":["https:\/\/www.newsendip.com\/","https:\/\/www.linkedin.com\/in\/clementverite\/","https:\/\/x.com\/https:\/\/twitter.com\/cverite"],"knowsAbout":["News","International","Business","Media monitoring"],"knowsLanguage":["English","French","Italian","Spanish"],"url":"https:\/\/www.newsendip.com\/fr\/author\/clement-verite\/"}]}},"_links":{"self":[{"href":"https:\/\/www.newsendip.com\/fr\/wp-json\/wp\/v2\/posts\/18915","targetHints":{"allow":["GET"]}}],"collection":[{"href":"https:\/\/www.newsendip.com\/fr\/wp-json\/wp\/v2\/posts"}],"about":[{"href":"https:\/\/www.newsendip.com\/fr\/wp-json\/wp\/v2\/types\/post"}],"author":[{"embeddable":true,"href":"https:\/\/www.newsendip.com\/fr\/wp-json\/wp\/v2\/users\/1"}],"replies":[{"embeddable":true,"href":"https:\/\/www.newsendip.com\/fr\/wp-json\/wp\/v2\/comments?post=18915"}],"version-history":[{"count":0,"href":"https:\/\/www.newsendip.com\/fr\/wp-json\/wp\/v2\/posts\/18915\/revisions"}],"wp:featuredmedia":[{"embeddable":true,"href":"https:\/\/www.newsendip.com\/fr\/wp-json\/wp\/v2\/media\/13802"}],"wp:attachment":[{"href":"https:\/\/www.newsendip.com\/fr\/wp-json\/wp\/v2\/media?parent=18915"}],"wp:term":[{"taxonomy":"category","embeddable":true,"href":"https:\/\/www.newsendip.com\/fr\/wp-json\/wp\/v2\/categories?post=18915"},{"taxonomy":"post_tag","embeddable":true,"href":"https:\/\/www.newsendip.com\/fr\/wp-json\/wp\/v2\/tags?post=18915"}],"curies":[{"name":"wp","href":"https:\/\/api.w.org\/{rel}","templated":true}]}}