{"id":18926,"date":"2021-11-07T19:00:00","date_gmt":"2021-11-07T18:00:00","guid":{"rendered":"https:\/\/www.newsendip.com\/?p=18926"},"modified":"2022-11-11T11:39:57","modified_gmt":"2022-11-11T10:39:57","slug":"la-colombie-depenalisera-t-elle-lavortement-cette-fois","status":"publish","type":"post","link":"https:\/\/www.newsendip.com\/fr\/la-colombie-depenalisera-t-elle-lavortement-cette-fois\/","title":{"rendered":"La Colombie d\u00e9p\u00e9nalisera-t-elle l\u2019avortement cette&nbsp;fois\u202f?"},"content":{"rendered":"<p><strong>La Cour constitutionnelle de Colombie va commencer \u00e0 d\u00e9battre de la constitutionnalit\u00e9 de l\u2019avortement et pourrait demander au gouvernement de le d\u00e9p\u00e9naliser. En 2020, elle a choisi de ne pas modifier la loi. Les r\u00e9sultats pourraient d\u00e9pendre du vote d\u2019une seule&nbsp;juge.<br>\n<\/strong><\/p>\n<figure id=\"attachment_13747\" aria-describedby=\"caption-attachment-13747\" style=\"width: 1024px\" class=\"wp-caption aligncenter\"><img decoding=\"async\" class=\"wp-image-13747 size-large\" src=\"https:\/\/www.newsendip.com\/wp-content\/uploads\/2021\/11\/colombia-abortion-2021-marea-verde-progressive-1024x683.jpeg\" alt=\"Des femmes manifestant pour la l\u00e9galisation de l'avortement avec des bandanas verts\" width=\"1024\" height=\"683\" srcset=\"https:\/\/www.newsendip.com\/wp-content\/uploads\/2021\/11\/colombia-abortion-2021-marea-verde-progressive-1024x683.jpeg 1024w, https:\/\/www.newsendip.com\/wp-content\/uploads\/2021\/11\/colombia-abortion-2021-marea-verde-progressive-60x40.jpeg 60w, https:\/\/www.newsendip.com\/wp-content\/uploads\/2021\/11\/colombia-abortion-2021-marea-verde-progressive-720x480.jpeg 720w, https:\/\/www.newsendip.com\/wp-content\/uploads\/2021\/11\/colombia-abortion-2021-marea-verde-progressive-300x200.jpeg 300w, https:\/\/www.newsendip.com\/wp-content\/uploads\/2021\/11\/colombia-abortion-2021-marea-verde-progressive-768x512.jpeg 768w, https:\/\/www.newsendip.com\/wp-content\/uploads\/2021\/11\/colombia-abortion-2021-marea-verde-progressive-1536x1024.jpeg 1536w, https:\/\/www.newsendip.com\/wp-content\/uploads\/2021\/11\/colombia-abortion-2021-marea-verde-progressive.jpeg 2048w\" sizes=\"(max-width: 1024px) 100vw, 1024px\"><figcaption id=\"caption-attachment-13747\" class=\"wp-caption-text\">Des femmes manifestant pour la l\u00e9galisation de l\u2019avortement avec des bandanas verts. La vague verte, symbolisant les protestations pour un avortement l\u00e9gal, s\u2019est r\u00e9pandue dans plusieurs pays d\u2019Am\u00e9rique latine | \u00a9 Sentiido, Twitter<\/figcaption><\/figure>\n<p>Le premier tour de d\u00e9bat entre les neuf juges de la Cour constitutionnelle est pr\u00e9vu le 10 novembre.<\/p>\n<p>Ils devraient se prononcer sur la <strong>constitutionnalit\u00e9 de l\u2019avortement<\/strong> apr\u00e8s que deux juges de la Cour ont pr\u00e9sent\u00e9 des arguments pour convaincre la chambre pl\u00e9ni\u00e8re de le d\u00e9p\u00e9naliser. Les deux proc\u00e8s, diff\u00e9rents mais tr\u00e8s proches, ont \u00e9t\u00e9 initi\u00e9s par plusieurs organisations f\u00e9ministes.<\/p>\n<p>Les d\u00e9tails de l\u2019une des plaidoiries n\u2019ont \u00e9t\u00e9 r\u00e9v\u00e9l\u00e9s.<\/p>\n<p>Cependant, elles affirment toutes deux que l\u2019avortement en tant que crime constitue une <strong>discrimination injustifi\u00e9e \u00e0 l\u2019\u00e9gard des femmes<\/strong>. Elles affirment \u00e9galement que <strong>la criminalisation n\u2019est plus pertinente<\/strong> dans la soci\u00e9t\u00e9 actuelle et qu\u2019elle n\u2019emp\u00eache pas l\u2019avortement. Au contraire, elle oblige les femmes \u00e0 avorter dans des conditions dangereuses, ce qui <strong>constituerait une violation du droit \u00e0 la sant\u00e9<\/strong>.<\/p>\n<p>Depuis 2006, l\u2019avortement peut \u00eatre l\u00e9gal pour trois raisons en Colombie&nbsp;: une grossesse non viable en raison d\u2019une malformation du f\u0153tus, un danger pour la vie de la m\u00e8re, un viol ou un abus sexuel sur la&nbsp;femme.<\/p>\n<p>Mais si l\u2019une de ces conditions n\u2019est pas remplie, les femmes et les personnes qui les aident risquent des peines allant de 16 \u00e0 54 mois de prison pour un avortement.<\/p>\n<h2>En 2020, la Cour avait choisi de ne pas d\u00e9p\u00e9naliser l\u2019avortement<\/h2>\n<p><!--more--><\/p>\n<p>Environ 400 000 femmes se feraient avorter chaque ann\u00e9e en Colombie. Une sur trois souffrirait de complications apr\u00e8s, rapporte l\u2019agence de presse <a href=\"https:\/\/www.efe.com\/efe\/america\/sociedad\/la-despenalizacion-del-aborto-en-colombia-se-debatira-corte-constitucional\/20000013-4666378\"><em>Efe<\/em><\/a>.<\/p>\n<p>Entre 1998 et 2018, <a href=\"#post-bottom-source\">5 737 cas ont \u00e9t\u00e9 soumis pour des avortements ill\u00e9gaux<\/a>, 83% d\u2019entre eux font encore l\u2019objet d\u2019une enqu\u00eate, et 8% ont abouti \u00e0 une condamnation. Cependant, depuis la nouvelle r\u00e9glementation de 2006, le nombre de cas a explos\u00e9 pour atteindre une moyenne de <strong>400 cas chaque ann\u00e9e<\/strong>.<\/p>\n<p>Et entre 2010 et 2018, entre 14 et 38 femmes ont \u00e9t\u00e9 condamn\u00e9es pour un avortement ill\u00e9gal chaque ann\u00e9e. <strong>Les mineures repr\u00e9sentent 25% des condamn\u00e9es<\/strong>.<\/p>\n<p>Le verdict sur la constitutionnalit\u00e9 de l\u2019avortement d\u00e9pend de la majorit\u00e9 des votes de 9&nbsp;juges.<\/p>\n<p><strong>Quatre juges devraient voter en faveur de la d\u00e9p\u00e9nalisation<\/strong>, deux en faveur du statu quo, et trois seraient ind\u00e9cis. Mais <a href=\"https:\/\/www.elespectador.com\/judicial\/la-ponencia-que-podria-darle-la-estocada-final-al-aborto-como-delito\/\"><em>El Espectador<\/em><\/a> rapporte que les votes sont maintenant plus proches de 4 contre 4, avec une femme encore ind\u00e9cise mais encline \u00e0 voter pour la d\u00e9criminalisation.<\/p>\n<p>En Am\u00e9rique latine, l\u2019Argentine, le Mexique et le Chili ont r\u00e9cemment d\u00e9cid\u00e9 de d\u00e9p\u00e9naliser l\u2019avortement. L\u2019avortement est d\u00e9j\u00e0 l\u00e9gal en Uruguay.<\/p>\n<p>L\u2019ann\u00e9e derni\u00e8re, la Cour constitutionnelle de Colombie avait d\u00e9cid\u00e9 de maintenir la loi telle qu\u2019elle l\u2019\u00e9tait. La Cour est cens\u00e9e prendre une d\u00e9cision avant le 19 novembre.<\/p>\n<p><em>Mise \u00e0 jour du 21 f\u00e9vrier 2022&nbsp;: La Cour constitutionnelle de Colombie a d\u00e9p\u00e9nalis\u00e9 l\u2019avortement jusqu\u2019\u00e0 24 semaines de grossesse.<\/em><\/p>\n<p><strong><a href=\"https:\/\/www.newsendip.com\/fr\/etiquette\/colombie\/\">D\u00e9couvrez plus d\u2019actualit\u00e9s sur la Colombie<\/a><\/strong><\/p>\n","protected":false},"excerpt":{"rendered":"<p>La Cour constitutionnelle de Colombie va commencer \u00e0 d\u00e9battre de la constitutionnalit\u00e9 de l\u2019avortement et pourrait demander au gouvernement de le d\u00e9p\u00e9naliser.<\/p>\n","protected":false},"author":1,"featured_media":13747,"comment_status":"closed","ping_status":"closed","sticky":false,"template":"","format":"standard","meta":{"wp_typography_post_enhancements_disabled":false,"footnotes":""},"categories":[409],"tags":[440,421],"class_list":["post-18926","post","type-post","status-publish","format-standard","has-post-thumbnail","hentry","category-societe","tag-colombie","tag-vieux"],"yoast_head":"<!-- This site is optimized with the Yoast SEO Premium plugin v27.4 (Yoast SEO v27.4) - https:\/\/yoast.com\/product\/yoast-seo-premium-wordpress\/ -->\n<title>La Colombie d\u00e9p\u00e9nalisera-t-elle l&#039;avortement cette fois ?<\/title>\n<meta name=\"description\" content=\"La Cour constitutionnelle de Colombie va commencer \u00e0 d\u00e9battre de la constitutionnalit\u00e9 de l&#039;avortement et pourrait demander au gouvernement de le d\u00e9p\u00e9naliser.\" \/>\n<meta name=\"robots\" content=\"index, follow, max-snippet:-1, max-image-preview:large, max-video-preview:-1\" \/>\n<link rel=\"canonical\" href=\"https:\/\/www.newsendip.com\/fr\/la-colombie-depenalisera-t-elle-lavortement-cette-fois\/\" \/>\n<meta property=\"og:locale\" content=\"fr_FR\" \/>\n<meta property=\"og:type\" content=\"article\" \/>\n<meta property=\"og:title\" content=\"La Colombie d\u00e9p\u00e9nalisera-t-elle l&#039;avortement cette fois ?\" \/>\n<meta property=\"og:description\" content=\"La Cour constitutionnelle de Colombie va commencer \u00e0 d\u00e9battre de la constitutionnalit\u00e9 de l&#039;avortement et pourrait demander au gouvernement de le d\u00e9p\u00e9naliser.\" \/>\n<meta property=\"og:url\" content=\"https:\/\/www.newsendip.com\/fr\/la-colombie-depenalisera-t-elle-lavortement-cette-fois\/\" \/>\n<meta property=\"og:site_name\" content=\"Newsendip\" \/>\n<meta property=\"article:publisher\" content=\"https:\/\/www.facebook.com\/newsendip\" \/>\n<meta property=\"article:published_time\" content=\"2021-11-07T18:00:00+00:00\" \/>\n<meta property=\"article:modified_time\" content=\"2022-11-11T10:39:57+00:00\" \/>\n<meta property=\"og:image\" content=\"https:\/\/www.newsendip.com\/wp-content\/uploads\/2021\/11\/colombia-abortion-2021-marea-verde-progressive.jpeg\" \/>\n\t<meta property=\"og:image:width\" content=\"2048\" \/>\n\t<meta property=\"og:image:height\" content=\"1365\" \/>\n\t<meta property=\"og:image:type\" content=\"image\/jpeg\" \/>\n<meta name=\"author\" content=\"Cl\u00e9ment V\u00e9rit\u00e9\" \/>\n<meta name=\"twitter:card\" content=\"summary_large_image\" \/>\n<meta name=\"twitter:creator\" content=\"@https:\/\/twitter.com\/cverite\" \/>\n<meta name=\"twitter:site\" content=\"@newsendip\" \/>\n<meta name=\"twitter:label1\" content=\"\u00c9crit par\" \/>\n\t<meta name=\"twitter:data1\" content=\"Cl\u00e9ment V\u00e9rit\u00e9\" \/>\n\t<meta name=\"twitter:label2\" content=\"Dur\u00e9e de lecture estim\u00e9e\" \/>\n\t<meta name=\"twitter:data2\" content=\"3 minutes\" \/>\n<!-- \/ Yoast SEO Premium plugin. -->","yoast_head_json":{"title":"La Colombie d\u00e9p\u00e9nalisera-t-elle l'avortement cette fois ?","description":"La Cour constitutionnelle de Colombie va commencer \u00e0 d\u00e9battre de la constitutionnalit\u00e9 de l'avortement et pourrait demander au gouvernement de le d\u00e9p\u00e9naliser.","robots":{"index":"index","follow":"follow","max-snippet":"max-snippet:-1","max-image-preview":"max-image-preview:large","max-video-preview":"max-video-preview:-1"},"canonical":"https:\/\/www.newsendip.com\/fr\/la-colombie-depenalisera-t-elle-lavortement-cette-fois\/","og_locale":"fr_FR","og_type":"article","og_title":"La Colombie d\u00e9p\u00e9nalisera-t-elle l'avortement cette fois ?","og_description":"La Cour constitutionnelle de Colombie va commencer \u00e0 d\u00e9battre de la constitutionnalit\u00e9 de l'avortement et pourrait demander au gouvernement de le d\u00e9p\u00e9naliser.","og_url":"https:\/\/www.newsendip.com\/fr\/la-colombie-depenalisera-t-elle-lavortement-cette-fois\/","og_site_name":"Newsendip","article_publisher":"https:\/\/www.facebook.com\/newsendip","article_published_time":"2021-11-07T18:00:00+00:00","article_modified_time":"2022-11-11T10:39:57+00:00","og_image":[{"width":2048,"height":1365,"url":"https:\/\/www.newsendip.com\/wp-content\/uploads\/2021\/11\/colombia-abortion-2021-marea-verde-progressive.jpeg","type":"image\/jpeg"}],"author":"Cl\u00e9ment V\u00e9rit\u00e9","twitter_card":"summary_large_image","twitter_creator":"@https:\/\/twitter.com\/cverite","twitter_site":"@newsendip","twitter_misc":{"\u00c9crit par":"Cl\u00e9ment V\u00e9rit\u00e9","Dur\u00e9e de lecture estim\u00e9e":"3 minutes"},"schema":{"@context":"https:\/\/schema.org","@graph":[{"@type":"NewsArticle","@id":"https:\/\/www.newsendip.com\/fr\/la-colombie-depenalisera-t-elle-lavortement-cette-fois\/#article","isPartOf":{"@id":"https:\/\/www.newsendip.com\/fr\/la-colombie-depenalisera-t-elle-lavortement-cette-fois\/"},"author":{"name":"Cl\u00e9ment V\u00e9rit\u00e9","@id":"https:\/\/www.newsendip.com\/fr\/#\/schema\/person\/ea22c01755f464a3cbc2c619584d6363"},"headline":"La Colombie d\u00e9p\u00e9nalisera-t-elle l\u2019avortement cette&nbsp;fois\u202f?","datePublished":"2021-11-07T18:00:00+00:00","dateModified":"2022-11-11T10:39:57+00:00","mainEntityOfPage":{"@id":"https:\/\/www.newsendip.com\/fr\/la-colombie-depenalisera-t-elle-lavortement-cette-fois\/"},"wordCount":596,"publisher":{"@id":"https:\/\/www.newsendip.com\/fr\/#organization"},"image":{"@id":"https:\/\/www.newsendip.com\/fr\/la-colombie-depenalisera-t-elle-lavortement-cette-fois\/#primaryimage"},"thumbnailUrl":"https:\/\/www.newsendip.com\/wp-content\/uploads\/2021\/11\/colombia-abortion-2021-marea-verde-progressive.jpeg","keywords":["Colombie","Vieux"],"articleSection":["Soci\u00e9t\u00e9"],"inLanguage":"fr-FR","copyrightYear":"2021","copyrightHolder":{"@id":"https:\/\/www.newsendip.com\/#organization"}},{"@type":"WebPage","@id":"https:\/\/www.newsendip.com\/fr\/la-colombie-depenalisera-t-elle-lavortement-cette-fois\/","url":"https:\/\/www.newsendip.com\/fr\/la-colombie-depenalisera-t-elle-lavortement-cette-fois\/","name":"La Colombie d\u00e9p\u00e9nalisera-t-elle l'avortement cette fois ?","isPartOf":{"@id":"https:\/\/www.newsendip.com\/fr\/#website"},"primaryImageOfPage":{"@id":"https:\/\/www.newsendip.com\/fr\/la-colombie-depenalisera-t-elle-lavortement-cette-fois\/#primaryimage"},"image":{"@id":"https:\/\/www.newsendip.com\/fr\/la-colombie-depenalisera-t-elle-lavortement-cette-fois\/#primaryimage"},"thumbnailUrl":"https:\/\/www.newsendip.com\/wp-content\/uploads\/2021\/11\/colombia-abortion-2021-marea-verde-progressive.jpeg","datePublished":"2021-11-07T18:00:00+00:00","dateModified":"2022-11-11T10:39:57+00:00","description":"La Cour constitutionnelle de Colombie va commencer \u00e0 d\u00e9battre de la constitutionnalit\u00e9 de l'avortement et pourrait demander au gouvernement de le d\u00e9p\u00e9naliser.","breadcrumb":{"@id":"https:\/\/www.newsendip.com\/fr\/la-colombie-depenalisera-t-elle-lavortement-cette-fois\/#breadcrumb"},"inLanguage":"fr-FR","potentialAction":[{"@type":"ReadAction","target":["https:\/\/www.newsendip.com\/fr\/la-colombie-depenalisera-t-elle-lavortement-cette-fois\/"]}]},{"@type":"ImageObject","inLanguage":"fr-FR","@id":"https:\/\/www.newsendip.com\/fr\/la-colombie-depenalisera-t-elle-lavortement-cette-fois\/#primaryimage","url":"https:\/\/www.newsendip.com\/wp-content\/uploads\/2021\/11\/colombia-abortion-2021-marea-verde-progressive.jpeg","contentUrl":"https:\/\/www.newsendip.com\/wp-content\/uploads\/2021\/11\/colombia-abortion-2021-marea-verde-progressive.jpeg","width":2048,"height":1365,"caption":"Des femmes manifestant pour la l\u00e9galisation de l'avortement avec des bandanas verts. La vague verte, symbolisant les protestations pour un avortement l\u00e9gal, s'est r\u00e9pandue dans plusieurs pays d'Am\u00e9rique latine | \u00a9 Sentiido, Twitter"},{"@type":"BreadcrumbList","@id":"https:\/\/www.newsendip.com\/fr\/la-colombie-depenalisera-t-elle-lavortement-cette-fois\/#breadcrumb","itemListElement":[{"@type":"ListItem","position":1,"name":"Accueil","item":"https:\/\/www.newsendip.com\/fr\/"},{"@type":"ListItem","position":2,"name":"La Colombie d\u00e9p\u00e9nalisera-t-elle l&#8217;avortement cette fois ?"}]},{"@type":"WebSite","@id":"https:\/\/www.newsendip.com\/fr\/#website","url":"https:\/\/www.newsendip.com\/fr\/","name":"Newsendip","description":"Red\u00e9couvrez l&#039;actualit\u00e9 internationale","publisher":{"@id":"https:\/\/www.newsendip.com\/fr\/#organization"},"potentialAction":[{"@type":"SearchAction","target":{"@type":"EntryPoint","urlTemplate":"https:\/\/www.newsendip.com\/fr\/?s={search_term_string}"},"query-input":{"@type":"PropertyValueSpecification","valueRequired":true,"valueName":"search_term_string"}}],"inLanguage":"fr-FR"},{"@type":"Organization","@id":"https:\/\/www.newsendip.com\/fr\/#organization","name":"Newsendip","url":"https:\/\/www.newsendip.com\/fr\/","logo":{"@type":"ImageObject","inLanguage":"fr-FR","@id":"https:\/\/www.newsendip.com\/fr\/#\/schema\/logo\/image\/","url":"https:\/\/www.newsendip.com\/wp-content\/uploads\/2023\/12\/512x512.svg","contentUrl":"https:\/\/www.newsendip.com\/wp-content\/uploads\/2023\/12\/512x512.svg","width":1,"height":1,"caption":"Newsendip"},"image":{"@id":"https:\/\/www.newsendip.com\/fr\/#\/schema\/logo\/image\/"},"sameAs":["https:\/\/www.facebook.com\/newsendip","https:\/\/x.com\/newsendip","https:\/\/mastodon.social\/@newsendip","https:\/\/www.linkedin.com\/company\/newsendip"],"description":"Newsendip est un site qui a pour mission de rendre l'actualit\u00e9 internationale accessible et diversifi\u00e9e","email":"contact@newsendip.com","legalName":"Newsendip SAS","foundingDate":"2022-11-04","vatID":"FR60921124723","numberOfEmployees":{"@type":"QuantitativeValue","minValue":"1","maxValue":"10"},"publishingPrinciples":"https:\/\/www.newsendip.com\/about-us\/","ownershipFundingInfo":"https:\/\/www.newsendip.com\/legal-notice\/","actionableFeedbackPolicy":"https:\/\/www.newsendip.com\/about-us\/","correctionsPolicy":"https:\/\/www.newsendip.com\/about-us\/","ethicsPolicy":"https:\/\/www.newsendip.com\/about-us\/","diversityPolicy":"https:\/\/www.newsendip.com\/about-us\/"},{"@type":"Person","@id":"https:\/\/www.newsendip.com\/fr\/#\/schema\/person\/ea22c01755f464a3cbc2c619584d6363","name":"Cl\u00e9ment V\u00e9rit\u00e9","description":"Cl\u00e9ment is the executive editor and founder of Newsendip. He started in the media industry as a freelance reporter at 16 for a local French newspaper after school and has never left it. He later worked for seven years at The New York Times, notably as a data analyst. He holds a Master of Management in France and a Master of Arts in the United Kingdom in International Marketing &amp; Communications Strategy. He has lived in France, the United Kingdom, and Italy.","sameAs":["https:\/\/www.newsendip.com\/","https:\/\/www.linkedin.com\/in\/clementverite\/","https:\/\/x.com\/https:\/\/twitter.com\/cverite"],"knowsAbout":["News","International","Business","Media monitoring"],"knowsLanguage":["English","French","Italian","Spanish"],"url":"https:\/\/www.newsendip.com\/fr\/author\/clement-verite\/"}]}},"_links":{"self":[{"href":"https:\/\/www.newsendip.com\/fr\/wp-json\/wp\/v2\/posts\/18926","targetHints":{"allow":["GET"]}}],"collection":[{"href":"https:\/\/www.newsendip.com\/fr\/wp-json\/wp\/v2\/posts"}],"about":[{"href":"https:\/\/www.newsendip.com\/fr\/wp-json\/wp\/v2\/types\/post"}],"author":[{"embeddable":true,"href":"https:\/\/www.newsendip.com\/fr\/wp-json\/wp\/v2\/users\/1"}],"replies":[{"embeddable":true,"href":"https:\/\/www.newsendip.com\/fr\/wp-json\/wp\/v2\/comments?post=18926"}],"version-history":[{"count":0,"href":"https:\/\/www.newsendip.com\/fr\/wp-json\/wp\/v2\/posts\/18926\/revisions"}],"wp:featuredmedia":[{"embeddable":true,"href":"https:\/\/www.newsendip.com\/fr\/wp-json\/wp\/v2\/media\/13747"}],"wp:attachment":[{"href":"https:\/\/www.newsendip.com\/fr\/wp-json\/wp\/v2\/media?parent=18926"}],"wp:term":[{"taxonomy":"category","embeddable":true,"href":"https:\/\/www.newsendip.com\/fr\/wp-json\/wp\/v2\/categories?post=18926"},{"taxonomy":"post_tag","embeddable":true,"href":"https:\/\/www.newsendip.com\/fr\/wp-json\/wp\/v2\/tags?post=18926"}],"curies":[{"name":"wp","href":"https:\/\/api.w.org\/{rel}","templated":true}]}}