{"id":18931,"date":"2021-09-23T23:00:00","date_gmt":"2021-09-23T21:00:00","guid":{"rendered":"https:\/\/www.newsendip.com\/?p=18931"},"modified":"2023-07-09T10:21:45","modified_gmt":"2023-07-09T08:21:45","slug":"la-cour-internationale-de-justice-ecoute-le-nicaragua-et-la-colombie-sur-un-differend-maritime","status":"publish","type":"post","link":"https:\/\/www.newsendip.com\/fr\/la-cour-internationale-de-justice-ecoute-le-nicaragua-et-la-colombie-sur-un-differend-maritime\/","title":{"rendered":"La Cour internationale de justice \u00e9coute le Nicaragua et la Colombie sur un diff\u00e9rend maritime"},"content":{"rendered":"<p><strong>Le Nicaragua et la Colombie se disputent depuis plus de 20 ans le territoire maritime d\u2019un petit archipel.<\/strong><\/p>\n<figure id=\"attachment_13692\" aria-describedby=\"caption-attachment-13692\" style=\"width: 955px\" class=\"wp-caption aligncenter\"><img decoding=\"async\" class=\"wp-image-13692 size-full\" src=\"https:\/\/www.newsendip.com\/wp-content\/uploads\/2021\/09\/San_andres_archipelago-progressive.jpeg\" alt=\"L'archipel de San Andr\u00e9s, Providencia et Santa Catalina en Colombie proche du Nicaragua\" width=\"955\" height=\"598\" srcset=\"https:\/\/www.newsendip.com\/wp-content\/uploads\/2021\/09\/San_andres_archipelago-progressive.jpeg 955w, https:\/\/www.newsendip.com\/wp-content\/uploads\/2021\/09\/San_andres_archipelago-progressive-300x188.jpeg 300w, https:\/\/www.newsendip.com\/wp-content\/uploads\/2021\/09\/San_andres_archipelago-progressive-768x481.jpeg 768w\" sizes=\"(max-width: 955px) 100vw, 955px\"><figcaption id=\"caption-attachment-13692\" class=\"wp-caption-text\">L\u2019\u00eele de San Andr\u00e9s de l\u2019archipel de San Andr\u00e9s, Providencia et Santa Catalina en Colombie est proche du Nicaragua | \u00a9 Google Maps<\/figcaption><\/figure>\n<p>Le 20 septembre, la Cour internationale de justice a commenc\u00e9 \u00e0 entendre le Nicaragua et la Colombie au sujet des \u00ab\u202f<a href=\"#post-bottom-source\"><em>violations all\u00e9gu\u00e9es de droits souverains et d\u2019espaces maritimes dans la mer des Cara\u00efbes<\/em><\/a>\u202f\u00bb.<\/p>\n<p>Le <a href=\"https:\/\/www.newsendip.com\/fr\/etiquette\/nicaragua-fr\/\">Nicaragua<\/a> a traduit la Colombie devant la CIJ pour la troisi\u00e8me fois en 20 ans au sujet des fronti\u00e8res maritimes d\u2019un archipel comprenant les \u00eeles de San Andr\u00e9s, Providencia et Santa Catalina.<\/p>\n<p>L\u2019archipel se trouve \u00e0 environ 200 kilom\u00e8tres des c\u00f4tes du pays d\u2019Am\u00e9rique centrale et \u00e0 650 kilom\u00e8tres des terres colombiennes. En mai dernier, la police colombienne a saisi \u00e0 Santa Catalina un avion contenant <a href=\"https:\/\/www.newsendip.com\/fr\/aide-humanitaire-avec-masques-et-cocaine-en-colombie\/\">446 kilogrammes de coca\u00efne dissimul\u00e9s sous des masques chirurgicaux<\/a>.<\/p>\n<p>Il y a neuf ans, La Haye a confirm\u00e9 la <a href=\"https:\/\/www.icj-cij.org\/en\/case\/124\">souverainet\u00e9 de la Colombie sur sept cayes autour des trois \u00eeles<\/a>.<\/p>\n<p>Toutefois, l\u2019arr\u00eat a \u00e9galement d\u00e9fini les fronti\u00e8res maritimes, ce qui a donn\u00e9 au<strong> Nicaragua 40\u202f% de la mer territoriale \u00e0 l\u2019ouest de San Andr\u00e9s<\/strong>, suscitant la d\u00e9sapprobation de la Colombie.<\/p>\n<h2>Conclusions pour le diff\u00e9rend en&nbsp;2022<\/h2>\n<p><!--more--><\/p>\n<p>\u00c0 La Haye, le Nicaragua affirme que la Colombie ne respecte pas la d\u00e9cision en patrouillant constamment dans la zone, ce qui constituerait une <strong>menace de recours \u00e0 la force<\/strong>.<\/p>\n<p>De plus, la Cour constitutionnelle de Colombie a d\u00e9termin\u00e9 en 2014 que la <strong>d\u00e9cision ne pouvait \u00eatre appliqu\u00e9e uniquement par le biais d\u2019un trait\u00e9<\/strong>, qui doit \u00eatre approuv\u00e9 par le Congr\u00e8s et ratifi\u00e9 par le pr\u00e9sident. Pour l\u2019agent du Nicaragua \u00e0 La Haye, il s\u2019agit \u00ab\u202f<em>simplement d\u2019une excuse pour ne pas se conformer<\/em>\u202f\u00bb \u00e0 l\u2019arr\u00eat.<\/p>\n<p>Le pays d\u2019Am\u00e9rique centrale fait \u00e9galement r\u00e9f\u00e9rence \u00e0 des enregistrements audio de 2015 dans lesquels les garde-c\u00f4tes colombiens disent que \u00ab\u202f<em>la d\u00e9cision de La Haye est inapplicable<\/em>\u202f\u00bb.<\/p>\n<p>De son c\u00f4t\u00e9, la <a href=\"https:\/\/www.efe.com\/efe\/america\/politica\/colombia-considera-exorbitantes-las-pretensiones-de-nicaragua-en-la-cij\/20000035-4633735\">Colombie trouve les revendications du Nicaragua<\/a> \u00ab\u202f<em>exorbitantes<\/em>\u202f\u00bb alors qu\u2019ils violent les \u00ab\u202f<em>droits inali\u00e9nables<\/em>\u202f\u00bb des Colombiens. Elle affirme que le Nicaragua pratique une <strong>p\u00eache intensive<\/strong> et ne respecte pas les droits de p\u00eache de la communaut\u00e9 de l\u2019archipel, les Raizal, ni leur acc\u00e8s \u00e0 leurs zones de p\u00eache traditionnelles.<\/p>\n<p>De plus, elle affirme que le <strong>Nicaragua a publi\u00e9 un d\u00e9cret visant \u00e0 \u00e9tendre ses eaux int\u00e9rieures<\/strong> et son territoire maritime au-del\u00e0 de ce que les lois internationales l\u2019y autorisent.<\/p>\n<p>L\u2019audience comprend des arguments oraux et des r\u00e9ponses pour les deux pays et se poursuivra jusqu\u2019au 1er octobre. Les conclusions seront publi\u00e9es en&nbsp;2022.<\/p>\n<p>Le Nicaragua a <a href=\"#post-bottom-source\">aussi port\u00e9 un autre litige devant la CIJ<\/a> avec la Colombie concernant la d\u00e9limitation du \u00ab\u202f<em>plateau continental entre le Nicaragua et la Colombie au-del\u00e0 de 200 milles marins de la c\u00f4te nicaraguayenne<\/em>\u202f\u00bb.<\/p>\n<p><em>Mise \u00e0 jour&nbsp;: La CIJ a consid\u00e9r\u00e9 que la <a href=\"https:\/\/www.newsendip.com\/fr\/la-colombie-a-viole-les-droits-souverains-du-nicaragua-selon-la-cour-internationale-de-justice\/\">Colombie avait viol\u00e9 les droits souverains du Nicaragua<\/a>.<\/em><\/p>\n<p><strong><a href=\"https:\/\/www.newsendip.com\/fr\/etiquette\/colombie\/\">D\u00e9couvrez plus d\u2019actualit\u00e9s sur la Colombie<\/a><\/strong><\/p>\n","protected":false},"excerpt":{"rendered":"<p>Le Nicaragua et la Colombie se disputent depuis plus de 20 ans le territoire maritime d\u2019un petit archipel.<\/p>\n","protected":false},"author":1,"featured_media":13693,"comment_status":"closed","ping_status":"closed","sticky":false,"template":"","format":"standard","meta":{"wp_typography_post_enhancements_disabled":false,"footnotes":""},"categories":[416],"tags":[440,754,421],"class_list":["post-18931","post","type-post","status-publish","format-standard","has-post-thumbnail","hentry","category-politique","tag-colombie","tag-nicaragua-fr","tag-vieux"],"yoast_head":"<!-- This site is optimized with the Yoast SEO Premium plugin v27.4 (Yoast SEO v27.4) - https:\/\/yoast.com\/product\/yoast-seo-premium-wordpress\/ -->\n<title>La Cour internationale de justice \u00e9coute le Nicaragua et la Colombie sur un diff\u00e9rend maritime<\/title>\n<meta name=\"description\" content=\"Le Nicaragua et la Colombie se disputent depuis plus de 20 ans le territoire maritime d&#039;un petit archipel.\" \/>\n<meta name=\"robots\" content=\"index, follow, max-snippet:-1, max-image-preview:large, max-video-preview:-1\" \/>\n<link rel=\"canonical\" href=\"https:\/\/www.newsendip.com\/fr\/la-cour-internationale-de-justice-ecoute-le-nicaragua-et-la-colombie-sur-un-differend-maritime\/\" \/>\n<meta property=\"og:locale\" content=\"fr_FR\" \/>\n<meta property=\"og:type\" content=\"article\" \/>\n<meta property=\"og:title\" content=\"La Cour internationale de justice \u00e9coute le Nicaragua et la Colombie sur un diff\u00e9rend maritime\" \/>\n<meta property=\"og:description\" content=\"Le Nicaragua et la Colombie se disputent depuis plus de 20 ans le territoire maritime d&#039;un petit archipel.\" \/>\n<meta property=\"og:url\" content=\"https:\/\/www.newsendip.com\/fr\/la-cour-internationale-de-justice-ecoute-le-nicaragua-et-la-colombie-sur-un-differend-maritime\/\" \/>\n<meta property=\"og:site_name\" content=\"Newsendip\" \/>\n<meta property=\"article:publisher\" content=\"https:\/\/www.facebook.com\/newsendip\" \/>\n<meta property=\"article:published_time\" content=\"2021-09-23T21:00:00+00:00\" \/>\n<meta property=\"article:modified_time\" content=\"2023-07-09T08:21:45+00:00\" \/>\n<meta property=\"og:image\" content=\"https:\/\/www.newsendip.com\/wp-content\/uploads\/2021\/09\/nicaragua-international-court-justice-colombia-progressive-scaled.jpeg\" \/>\n\t<meta property=\"og:image:width\" content=\"2560\" \/>\n\t<meta property=\"og:image:height\" content=\"1703\" \/>\n\t<meta property=\"og:image:type\" content=\"image\/jpeg\" \/>\n<meta name=\"author\" content=\"Cl\u00e9ment V\u00e9rit\u00e9\" \/>\n<meta name=\"twitter:card\" content=\"summary_large_image\" \/>\n<meta name=\"twitter:creator\" content=\"@https:\/\/twitter.com\/cverite\" \/>\n<meta name=\"twitter:site\" content=\"@newsendip\" \/>\n<meta name=\"twitter:label1\" content=\"\u00c9crit par\" \/>\n\t<meta name=\"twitter:data1\" content=\"Cl\u00e9ment V\u00e9rit\u00e9\" \/>\n\t<meta name=\"twitter:label2\" content=\"Dur\u00e9e de lecture estim\u00e9e\" \/>\n\t<meta name=\"twitter:data2\" content=\"3 minutes\" \/>\n<!-- \/ Yoast SEO Premium plugin. -->","yoast_head_json":{"title":"La Cour internationale de justice \u00e9coute le Nicaragua et la Colombie sur un diff\u00e9rend maritime","description":"Le Nicaragua et la Colombie se disputent depuis plus de 20 ans le territoire maritime d'un petit archipel.","robots":{"index":"index","follow":"follow","max-snippet":"max-snippet:-1","max-image-preview":"max-image-preview:large","max-video-preview":"max-video-preview:-1"},"canonical":"https:\/\/www.newsendip.com\/fr\/la-cour-internationale-de-justice-ecoute-le-nicaragua-et-la-colombie-sur-un-differend-maritime\/","og_locale":"fr_FR","og_type":"article","og_title":"La Cour internationale de justice \u00e9coute le Nicaragua et la Colombie sur un diff\u00e9rend maritime","og_description":"Le Nicaragua et la Colombie se disputent depuis plus de 20 ans le territoire maritime d'un petit archipel.","og_url":"https:\/\/www.newsendip.com\/fr\/la-cour-internationale-de-justice-ecoute-le-nicaragua-et-la-colombie-sur-un-differend-maritime\/","og_site_name":"Newsendip","article_publisher":"https:\/\/www.facebook.com\/newsendip","article_published_time":"2021-09-23T21:00:00+00:00","article_modified_time":"2023-07-09T08:21:45+00:00","og_image":[{"width":2560,"height":1703,"url":"https:\/\/www.newsendip.com\/wp-content\/uploads\/2021\/09\/nicaragua-international-court-justice-colombia-progressive-scaled.jpeg","type":"image\/jpeg"}],"author":"Cl\u00e9ment V\u00e9rit\u00e9","twitter_card":"summary_large_image","twitter_creator":"@https:\/\/twitter.com\/cverite","twitter_site":"@newsendip","twitter_misc":{"\u00c9crit par":"Cl\u00e9ment V\u00e9rit\u00e9","Dur\u00e9e de lecture estim\u00e9e":"3 minutes"},"schema":{"@context":"https:\/\/schema.org","@graph":[{"@type":"NewsArticle","@id":"https:\/\/www.newsendip.com\/fr\/la-cour-internationale-de-justice-ecoute-le-nicaragua-et-la-colombie-sur-un-differend-maritime\/#article","isPartOf":{"@id":"https:\/\/www.newsendip.com\/fr\/la-cour-internationale-de-justice-ecoute-le-nicaragua-et-la-colombie-sur-un-differend-maritime\/"},"author":{"name":"Cl\u00e9ment V\u00e9rit\u00e9","@id":"https:\/\/www.newsendip.com\/fr\/#\/schema\/person\/ea22c01755f464a3cbc2c619584d6363"},"headline":"La Cour internationale de justice \u00e9coute le Nicaragua et la Colombie sur un diff\u00e9rend maritime","datePublished":"2021-09-23T21:00:00+00:00","dateModified":"2023-07-09T08:21:45+00:00","mainEntityOfPage":{"@id":"https:\/\/www.newsendip.com\/fr\/la-cour-internationale-de-justice-ecoute-le-nicaragua-et-la-colombie-sur-un-differend-maritime\/"},"wordCount":547,"publisher":{"@id":"https:\/\/www.newsendip.com\/fr\/#organization"},"image":{"@id":"https:\/\/www.newsendip.com\/fr\/la-cour-internationale-de-justice-ecoute-le-nicaragua-et-la-colombie-sur-un-differend-maritime\/#primaryimage"},"thumbnailUrl":"https:\/\/www.newsendip.com\/wp-content\/uploads\/2021\/09\/nicaragua-international-court-justice-colombia-progressive-scaled.jpeg","keywords":["Colombie","Nicaragua","Vieux"],"articleSection":["Politique"],"inLanguage":"fr-FR","copyrightYear":"2021","copyrightHolder":{"@id":"https:\/\/www.newsendip.com\/#organization"}},{"@type":"WebPage","@id":"https:\/\/www.newsendip.com\/fr\/la-cour-internationale-de-justice-ecoute-le-nicaragua-et-la-colombie-sur-un-differend-maritime\/","url":"https:\/\/www.newsendip.com\/fr\/la-cour-internationale-de-justice-ecoute-le-nicaragua-et-la-colombie-sur-un-differend-maritime\/","name":"La Cour internationale de justice \u00e9coute le Nicaragua et la Colombie sur un diff\u00e9rend maritime","isPartOf":{"@id":"https:\/\/www.newsendip.com\/fr\/#website"},"primaryImageOfPage":{"@id":"https:\/\/www.newsendip.com\/fr\/la-cour-internationale-de-justice-ecoute-le-nicaragua-et-la-colombie-sur-un-differend-maritime\/#primaryimage"},"image":{"@id":"https:\/\/www.newsendip.com\/fr\/la-cour-internationale-de-justice-ecoute-le-nicaragua-et-la-colombie-sur-un-differend-maritime\/#primaryimage"},"thumbnailUrl":"https:\/\/www.newsendip.com\/wp-content\/uploads\/2021\/09\/nicaragua-international-court-justice-colombia-progressive-scaled.jpeg","datePublished":"2021-09-23T21:00:00+00:00","dateModified":"2023-07-09T08:21:45+00:00","description":"Le Nicaragua et la Colombie se disputent depuis plus de 20 ans le territoire maritime d'un petit archipel.","breadcrumb":{"@id":"https:\/\/www.newsendip.com\/fr\/la-cour-internationale-de-justice-ecoute-le-nicaragua-et-la-colombie-sur-un-differend-maritime\/#breadcrumb"},"inLanguage":"fr-FR","potentialAction":[{"@type":"ReadAction","target":["https:\/\/www.newsendip.com\/fr\/la-cour-internationale-de-justice-ecoute-le-nicaragua-et-la-colombie-sur-un-differend-maritime\/"]}]},{"@type":"ImageObject","inLanguage":"fr-FR","@id":"https:\/\/www.newsendip.com\/fr\/la-cour-internationale-de-justice-ecoute-le-nicaragua-et-la-colombie-sur-un-differend-maritime\/#primaryimage","url":"https:\/\/www.newsendip.com\/wp-content\/uploads\/2021\/09\/nicaragua-international-court-justice-colombia-progressive-scaled.jpeg","contentUrl":"https:\/\/www.newsendip.com\/wp-content\/uploads\/2021\/09\/nicaragua-international-court-justice-colombia-progressive-scaled.jpeg","width":2560,"height":1703},{"@type":"BreadcrumbList","@id":"https:\/\/www.newsendip.com\/fr\/la-cour-internationale-de-justice-ecoute-le-nicaragua-et-la-colombie-sur-un-differend-maritime\/#breadcrumb","itemListElement":[{"@type":"ListItem","position":1,"name":"Accueil","item":"https:\/\/www.newsendip.com\/fr\/"},{"@type":"ListItem","position":2,"name":"La Cour internationale de justice \u00e9coute le Nicaragua et la Colombie sur un diff\u00e9rend maritime"}]},{"@type":"WebSite","@id":"https:\/\/www.newsendip.com\/fr\/#website","url":"https:\/\/www.newsendip.com\/fr\/","name":"Newsendip","description":"Red\u00e9couvrez l&#039;actualit\u00e9 internationale","publisher":{"@id":"https:\/\/www.newsendip.com\/fr\/#organization"},"potentialAction":[{"@type":"SearchAction","target":{"@type":"EntryPoint","urlTemplate":"https:\/\/www.newsendip.com\/fr\/?s={search_term_string}"},"query-input":{"@type":"PropertyValueSpecification","valueRequired":true,"valueName":"search_term_string"}}],"inLanguage":"fr-FR"},{"@type":"Organization","@id":"https:\/\/www.newsendip.com\/fr\/#organization","name":"Newsendip","url":"https:\/\/www.newsendip.com\/fr\/","logo":{"@type":"ImageObject","inLanguage":"fr-FR","@id":"https:\/\/www.newsendip.com\/fr\/#\/schema\/logo\/image\/","url":"https:\/\/www.newsendip.com\/wp-content\/uploads\/2023\/12\/512x512.svg","contentUrl":"https:\/\/www.newsendip.com\/wp-content\/uploads\/2023\/12\/512x512.svg","width":1,"height":1,"caption":"Newsendip"},"image":{"@id":"https:\/\/www.newsendip.com\/fr\/#\/schema\/logo\/image\/"},"sameAs":["https:\/\/www.facebook.com\/newsendip","https:\/\/x.com\/newsendip","https:\/\/mastodon.social\/@newsendip","https:\/\/www.linkedin.com\/company\/newsendip"],"description":"Newsendip est un site qui a pour mission de rendre l'actualit\u00e9 internationale accessible et diversifi\u00e9e","email":"contact@newsendip.com","legalName":"Newsendip SAS","foundingDate":"2022-11-04","vatID":"FR60921124723","numberOfEmployees":{"@type":"QuantitativeValue","minValue":"1","maxValue":"10"},"publishingPrinciples":"https:\/\/www.newsendip.com\/about-us\/","ownershipFundingInfo":"https:\/\/www.newsendip.com\/legal-notice\/","actionableFeedbackPolicy":"https:\/\/www.newsendip.com\/about-us\/","correctionsPolicy":"https:\/\/www.newsendip.com\/about-us\/","ethicsPolicy":"https:\/\/www.newsendip.com\/about-us\/","diversityPolicy":"https:\/\/www.newsendip.com\/about-us\/"},{"@type":"Person","@id":"https:\/\/www.newsendip.com\/fr\/#\/schema\/person\/ea22c01755f464a3cbc2c619584d6363","name":"Cl\u00e9ment V\u00e9rit\u00e9","description":"Cl\u00e9ment is the executive editor and founder of Newsendip. He started in the media industry as a freelance reporter at 16 for a local French newspaper after school and has never left it. He later worked for seven years at The New York Times, notably as a data analyst. He holds a Master of Management in France and a Master of Arts in the United Kingdom in International Marketing &amp; Communications Strategy. He has lived in France, the United Kingdom, and Italy.","sameAs":["https:\/\/www.newsendip.com\/","https:\/\/www.linkedin.com\/in\/clementverite\/","https:\/\/x.com\/https:\/\/twitter.com\/cverite"],"knowsAbout":["News","International","Business","Media monitoring"],"knowsLanguage":["English","French","Italian","Spanish"],"url":"https:\/\/www.newsendip.com\/fr\/author\/clement-verite\/"}]}},"_links":{"self":[{"href":"https:\/\/www.newsendip.com\/fr\/wp-json\/wp\/v2\/posts\/18931","targetHints":{"allow":["GET"]}}],"collection":[{"href":"https:\/\/www.newsendip.com\/fr\/wp-json\/wp\/v2\/posts"}],"about":[{"href":"https:\/\/www.newsendip.com\/fr\/wp-json\/wp\/v2\/types\/post"}],"author":[{"embeddable":true,"href":"https:\/\/www.newsendip.com\/fr\/wp-json\/wp\/v2\/users\/1"}],"replies":[{"embeddable":true,"href":"https:\/\/www.newsendip.com\/fr\/wp-json\/wp\/v2\/comments?post=18931"}],"version-history":[{"count":0,"href":"https:\/\/www.newsendip.com\/fr\/wp-json\/wp\/v2\/posts\/18931\/revisions"}],"wp:featuredmedia":[{"embeddable":true,"href":"https:\/\/www.newsendip.com\/fr\/wp-json\/wp\/v2\/media\/13693"}],"wp:attachment":[{"href":"https:\/\/www.newsendip.com\/fr\/wp-json\/wp\/v2\/media?parent=18931"}],"wp:term":[{"taxonomy":"category","embeddable":true,"href":"https:\/\/www.newsendip.com\/fr\/wp-json\/wp\/v2\/categories?post=18931"},{"taxonomy":"post_tag","embeddable":true,"href":"https:\/\/www.newsendip.com\/fr\/wp-json\/wp\/v2\/tags?post=18931"}],"curies":[{"name":"wp","href":"https:\/\/api.w.org\/{rel}","templated":true}]}}