{"id":18935,"date":"2021-07-01T15:00:00","date_gmt":"2021-07-01T13:00:00","guid":{"rendered":"https:\/\/www.newsendip.com\/?p=18935"},"modified":"2024-07-16T23:45:44","modified_gmt":"2024-07-16T21:45:44","slug":"le-nombre-de-meurtres-en-colombie-repart-a-la-hausse-en-debut-2021","status":"publish","type":"post","link":"https:\/\/www.newsendip.com\/fr\/le-nombre-de-meurtres-en-colombie-repart-a-la-hausse-en-debut-2021\/","title":{"rendered":"Le nombre de meurtres en Colombie repart \u00e0 la hausse en d\u00e9but&nbsp;2021"},"content":{"rendered":"<p><strong>Le nombre d\u2019homicides en Colombie a augment\u00e9 de 27% au d\u00e9but de l\u2019ann\u00e9e 2021 par rapport \u00e0 2020, quand la population \u00e9tait confin\u00e9e. Mais les chiffres ont aussi augment\u00e9 par rapport \u00e0 2019 et&nbsp;2018.<br>\n<\/strong><\/p>\n<figure id=\"attachment_13609\" aria-describedby=\"caption-attachment-13609\" style=\"width: 902px\" class=\"wp-caption aligncenter\"><img decoding=\"async\" class=\"wp-image-13609 size-full\" src=\"https:\/\/www.newsendip.com\/wp-content\/uploads\/2021\/07\/colombia-homicides-2021.png\" alt=\"Nombre de meurtres en Colombie\" width=\"902\" height=\"527\" srcset=\"https:\/\/www.newsendip.com\/wp-content\/uploads\/2021\/07\/colombia-homicides-2021.png 902w, https:\/\/www.newsendip.com\/wp-content\/uploads\/2021\/07\/colombia-homicides-2021-60x35.png 60w, https:\/\/www.newsendip.com\/wp-content\/uploads\/2021\/07\/colombia-homicides-2021-300x175.png 300w, https:\/\/www.newsendip.com\/wp-content\/uploads\/2021\/07\/colombia-homicides-2021-768x449.png 768w\" sizes=\"(max-width: 902px) 100vw, 902px\"><figcaption id=\"caption-attachment-13609\" class=\"wp-caption-text\">Les homicides en Colombie au d\u00e9but de l\u2019ann\u00e9e 2021 ont augment\u00e9 par rapport \u00e0 2020 et 2019 | Institut National de M\u00e9decine L\u00e9gale de Colombie<\/figcaption><\/figure>\n<p>L\u2019<a href=\"https:\/\/www.medicinalegal.gov.co\/cifras-estadisticas\/boletines-estadisticos-mensuales\">Institut national de m\u00e9decine l\u00e9gale de Colombie<\/a> a publi\u00e9 que <strong>le nombre d\u2019homicides entre janvier et mai 2021 a augment\u00e9 de 27%<\/strong> par rapport \u00e0 la m\u00eame p\u00e9riode de&nbsp;2020.<\/p>\n<p>Selon les derniers chiffres rapport\u00e9s par <a href=\"https:\/\/www.eltiempo.com\/justicia\/delitos\/balance-de-homicidios-en-colombia-aumentaron-21-en-2021-600015\"><em>El Tiempo<\/em><\/a>, il y a eu 4 986 meurtres entre janvier et mai 2021\u202f; 1 066 de plus que pendant la m\u00eame p\u00e9riode l\u2019ann\u00e9e derni\u00e8re.<\/p>\n<p>Ces chiffres s\u2019expliquent par le fait que le premier semestre 2020 a \u00e9t\u00e9 marqu\u00e9 par une forte baisse du nombre de meutres, probablement due aux restrictions de mobilit\u00e9 et \u00e0 la crise du Covid-19.<\/p>\n<p>Le premier cas de Covid-19\u202fen Colombie a \u00e9t\u00e9 enregistr\u00e9 d\u00e9but mars 2020 et le pays a impos\u00e9 un confinement national de mars \u00e0 septembre. Comme pour les homicides, le <a href=\"https:\/\/www.newsendip.com\/fr\/le-nombre-de-deces-de-cyclistes-au-plus-haut-depuis-25-ans-en-2020-aux-pays-bas-malgre-une-diminution-de-la-circulation\/\">nombre de victimes d\u2019accidents de la route<\/a> a diminu\u00e9 de 36\u202f% en mars et avril&nbsp;2020.<\/p>\n<p>Mais les morts violentes ont repris.<\/p>\n<h2>Le taux d\u2019homicides en Colombie en 2020 \u00e9tait le plus bas depuis 46&nbsp;ans<\/h2>\n<p><!--more--><\/p>\n<p>Cependant, le nombre de meurtres de janvier \u00e0 mai 2021 ont aussi augment\u00e9 de 7\u202f% par rapport \u00e0 2019 ou 2018. <strong>La hausse n\u2019est donc pas seulement due aux restrictions li\u00e9es \u00e0 la pand\u00e9mie<\/strong>. Les accidents de la route en mars-avril 2021 ont \u00e9galement augment\u00e9 de 11\u202f% par rapport \u00e0&nbsp;2019.<\/p>\n<p>Les <strong>meurtres repr\u00e9sentent environ la moiti\u00e9 des morts violentes<\/strong> enregistr\u00e9es par l\u2019Institut, qui comprennent \u00e9galement les accidents, les victimes de la route et les suicides.<\/p>\n<p>Le nombre de suicides, consid\u00e9r\u00e9 comme un indicateur de la sant\u00e9 mentale de la population pendant la pand\u00e9mie, est pass\u00e9 de 917 \u00e0 1 051\u202fen Colombie entre janvier-mai 2020 et 2021, soit une hausse 15%.<\/p>\n<p>La violence non mortelle, comme la violence intrafamiliale, a diminu\u00e9 en 2021. Elle suit la m\u00eame tendance baissi\u00e8re depuis au moins&nbsp;2019.<\/p>\n<p>En 2020, le taux d\u2019homicide pour 100 000 personnes avait atteint 23,82, son niveau le plus bas depuis 46 ans. Ce taux a \u00e9t\u00e9 divis\u00e9 par 3 au cours des 20 derni\u00e8res ann\u00e9es, selon la police colombienne et l\u2019<a href=\"https:\/\/dataunodc.un.org\/content\/Country-profile?country=Colombia\">Office des Nations unies contre la drogue et le crime<\/a>.<\/p>\n<p>In 2020, the<strong> rate of homicide for 100,000 people reached 23.82, its lowest point in 46\u202fyears<\/strong>. The rate has been divided by 3 over the last 20\u202fyears, according to the Colombian police and the <a href=\"#ref\">UN Office on Drugs and Crimes<\/a>.<\/p>\n<p><strong><a href=\"https:\/\/www.newsendip.com\/fr\/etiquette\/colombie\/\">D\u00e9couvrez plus d\u2019actualit\u00e9s sur la Colombie<\/a><\/strong><\/p>\n","protected":false},"excerpt":{"rendered":"<p>Le nombre d\u2019homicides en Colombie a augment\u00e9 de 27% au d\u00e9but de l\u2019ann\u00e9e 2021 par rapport \u00e0 2020, quand la population \u00e9tait confin\u00e9e. Mais les chiffres ont aussi augment\u00e9 par rapport \u00e0 2019 et&nbsp;2018.<\/p>\n","protected":false},"author":1,"featured_media":13609,"comment_status":"closed","ping_status":"closed","sticky":false,"template":"","format":"standard","meta":{"wp_typography_post_enhancements_disabled":false,"footnotes":""},"categories":[409],"tags":[440,421],"class_list":["post-18935","post","type-post","status-publish","format-standard","has-post-thumbnail","hentry","category-societe","tag-colombie","tag-vieux"],"yoast_head":"<!-- This site is optimized with the Yoast SEO Premium plugin v27.4 (Yoast SEO v27.4) - https:\/\/yoast.com\/product\/yoast-seo-premium-wordpress\/ -->\n<title>Le nombre de meurtres en Colombie repart \u00e0 la hausse en d\u00e9but 2021<\/title>\n<meta name=\"description\" content=\"Le nombre d&#039;homicides en Colombie a augment\u00e9 de 27% au d\u00e9but de l&#039;ann\u00e9e 2021 par rapport \u00e0 2020, quand la population \u00e9tait confin\u00e9e. Mais les chiffres ont aussi augment\u00e9 par rapport \u00e0 2019 et 2018.\" \/>\n<meta name=\"robots\" content=\"index, follow, max-snippet:-1, max-image-preview:large, max-video-preview:-1\" \/>\n<link rel=\"canonical\" href=\"https:\/\/www.newsendip.com\/fr\/le-nombre-de-meurtres-en-colombie-repart-a-la-hausse-en-debut-2021\/\" \/>\n<meta property=\"og:locale\" content=\"fr_FR\" \/>\n<meta property=\"og:type\" content=\"article\" \/>\n<meta property=\"og:title\" content=\"Le nombre de meurtres en Colombie repart \u00e0 la hausse en d\u00e9but 2021\" \/>\n<meta property=\"og:description\" content=\"Le nombre d&#039;homicides en Colombie a augment\u00e9 de 27% au d\u00e9but de l&#039;ann\u00e9e 2021 par rapport \u00e0 2020, quand la population \u00e9tait confin\u00e9e. Mais les chiffres ont aussi augment\u00e9 par rapport \u00e0 2019 et 2018.\" \/>\n<meta property=\"og:url\" content=\"https:\/\/www.newsendip.com\/fr\/le-nombre-de-meurtres-en-colombie-repart-a-la-hausse-en-debut-2021\/\" \/>\n<meta property=\"og:site_name\" content=\"Newsendip\" \/>\n<meta property=\"article:publisher\" content=\"https:\/\/www.facebook.com\/newsendip\" \/>\n<meta property=\"article:published_time\" content=\"2021-07-01T13:00:00+00:00\" \/>\n<meta property=\"article:modified_time\" content=\"2024-07-16T21:45:44+00:00\" \/>\n<meta property=\"og:image\" content=\"https:\/\/www.newsendip.com\/wp-content\/uploads\/2021\/07\/colombia-homicides-2021.png\" \/>\n\t<meta property=\"og:image:width\" content=\"902\" \/>\n\t<meta property=\"og:image:height\" content=\"527\" \/>\n\t<meta property=\"og:image:type\" content=\"image\/png\" \/>\n<meta name=\"author\" content=\"Cl\u00e9ment V\u00e9rit\u00e9\" \/>\n<meta name=\"twitter:card\" content=\"summary_large_image\" \/>\n<meta name=\"twitter:creator\" content=\"@https:\/\/twitter.com\/cverite\" \/>\n<meta name=\"twitter:site\" content=\"@newsendip\" \/>\n<meta name=\"twitter:label1\" content=\"\u00c9crit par\" \/>\n\t<meta name=\"twitter:data1\" content=\"Cl\u00e9ment V\u00e9rit\u00e9\" \/>\n\t<meta name=\"twitter:label2\" content=\"Dur\u00e9e de lecture estim\u00e9e\" \/>\n\t<meta name=\"twitter:data2\" content=\"3 minutes\" \/>\n<!-- \/ Yoast SEO Premium plugin. -->","yoast_head_json":{"title":"Le nombre de meurtres en Colombie repart \u00e0 la hausse en d\u00e9but 2021","description":"Le nombre d'homicides en Colombie a augment\u00e9 de 27% au d\u00e9but de l'ann\u00e9e 2021 par rapport \u00e0 2020, quand la population \u00e9tait confin\u00e9e. Mais les chiffres ont aussi augment\u00e9 par rapport \u00e0 2019 et 2018.","robots":{"index":"index","follow":"follow","max-snippet":"max-snippet:-1","max-image-preview":"max-image-preview:large","max-video-preview":"max-video-preview:-1"},"canonical":"https:\/\/www.newsendip.com\/fr\/le-nombre-de-meurtres-en-colombie-repart-a-la-hausse-en-debut-2021\/","og_locale":"fr_FR","og_type":"article","og_title":"Le nombre de meurtres en Colombie repart \u00e0 la hausse en d\u00e9but 2021","og_description":"Le nombre d'homicides en Colombie a augment\u00e9 de 27% au d\u00e9but de l'ann\u00e9e 2021 par rapport \u00e0 2020, quand la population \u00e9tait confin\u00e9e. Mais les chiffres ont aussi augment\u00e9 par rapport \u00e0 2019 et 2018.","og_url":"https:\/\/www.newsendip.com\/fr\/le-nombre-de-meurtres-en-colombie-repart-a-la-hausse-en-debut-2021\/","og_site_name":"Newsendip","article_publisher":"https:\/\/www.facebook.com\/newsendip","article_published_time":"2021-07-01T13:00:00+00:00","article_modified_time":"2024-07-16T21:45:44+00:00","og_image":[{"width":902,"height":527,"url":"https:\/\/www.newsendip.com\/wp-content\/uploads\/2021\/07\/colombia-homicides-2021.png","type":"image\/png"}],"author":"Cl\u00e9ment V\u00e9rit\u00e9","twitter_card":"summary_large_image","twitter_creator":"@https:\/\/twitter.com\/cverite","twitter_site":"@newsendip","twitter_misc":{"\u00c9crit par":"Cl\u00e9ment V\u00e9rit\u00e9","Dur\u00e9e de lecture estim\u00e9e":"3 minutes"},"schema":{"@context":"https:\/\/schema.org","@graph":[{"@type":"NewsArticle","@id":"https:\/\/www.newsendip.com\/fr\/le-nombre-de-meurtres-en-colombie-repart-a-la-hausse-en-debut-2021\/#article","isPartOf":{"@id":"https:\/\/www.newsendip.com\/fr\/le-nombre-de-meurtres-en-colombie-repart-a-la-hausse-en-debut-2021\/"},"author":{"name":"Cl\u00e9ment V\u00e9rit\u00e9","@id":"https:\/\/www.newsendip.com\/fr\/#\/schema\/person\/ea22c01755f464a3cbc2c619584d6363"},"headline":"Le nombre de meurtres en Colombie repart \u00e0 la hausse en d\u00e9but&nbsp;2021","datePublished":"2021-07-01T13:00:00+00:00","dateModified":"2024-07-16T21:45:44+00:00","mainEntityOfPage":{"@id":"https:\/\/www.newsendip.com\/fr\/le-nombre-de-meurtres-en-colombie-repart-a-la-hausse-en-debut-2021\/"},"wordCount":451,"publisher":{"@id":"https:\/\/www.newsendip.com\/fr\/#organization"},"image":{"@id":"https:\/\/www.newsendip.com\/fr\/le-nombre-de-meurtres-en-colombie-repart-a-la-hausse-en-debut-2021\/#primaryimage"},"thumbnailUrl":"https:\/\/www.newsendip.com\/wp-content\/uploads\/2021\/07\/colombia-homicides-2021.png","keywords":["Colombie","Vieux"],"articleSection":["Soci\u00e9t\u00e9"],"inLanguage":"fr-FR","copyrightYear":"2021","copyrightHolder":{"@id":"https:\/\/www.newsendip.com\/#organization"}},{"@type":"WebPage","@id":"https:\/\/www.newsendip.com\/fr\/le-nombre-de-meurtres-en-colombie-repart-a-la-hausse-en-debut-2021\/","url":"https:\/\/www.newsendip.com\/fr\/le-nombre-de-meurtres-en-colombie-repart-a-la-hausse-en-debut-2021\/","name":"Le nombre de meurtres en Colombie repart \u00e0 la hausse en d\u00e9but 2021","isPartOf":{"@id":"https:\/\/www.newsendip.com\/fr\/#website"},"primaryImageOfPage":{"@id":"https:\/\/www.newsendip.com\/fr\/le-nombre-de-meurtres-en-colombie-repart-a-la-hausse-en-debut-2021\/#primaryimage"},"image":{"@id":"https:\/\/www.newsendip.com\/fr\/le-nombre-de-meurtres-en-colombie-repart-a-la-hausse-en-debut-2021\/#primaryimage"},"thumbnailUrl":"https:\/\/www.newsendip.com\/wp-content\/uploads\/2021\/07\/colombia-homicides-2021.png","datePublished":"2021-07-01T13:00:00+00:00","dateModified":"2024-07-16T21:45:44+00:00","description":"Le nombre d'homicides en Colombie a augment\u00e9 de 27% au d\u00e9but de l'ann\u00e9e 2021 par rapport \u00e0 2020, quand la population \u00e9tait confin\u00e9e. Mais les chiffres ont aussi augment\u00e9 par rapport \u00e0 2019 et 2018.","breadcrumb":{"@id":"https:\/\/www.newsendip.com\/fr\/le-nombre-de-meurtres-en-colombie-repart-a-la-hausse-en-debut-2021\/#breadcrumb"},"inLanguage":"fr-FR","potentialAction":[{"@type":"ReadAction","target":["https:\/\/www.newsendip.com\/fr\/le-nombre-de-meurtres-en-colombie-repart-a-la-hausse-en-debut-2021\/"]}]},{"@type":"ImageObject","inLanguage":"fr-FR","@id":"https:\/\/www.newsendip.com\/fr\/le-nombre-de-meurtres-en-colombie-repart-a-la-hausse-en-debut-2021\/#primaryimage","url":"https:\/\/www.newsendip.com\/wp-content\/uploads\/2021\/07\/colombia-homicides-2021.png","contentUrl":"https:\/\/www.newsendip.com\/wp-content\/uploads\/2021\/07\/colombia-homicides-2021.png","width":902,"height":527,"caption":"Les homicides en Colombie au d\u00e9but de l'ann\u00e9e 2021 ont augment\u00e9 par rapport \u00e0 2020 et 2019 | Institut National de M\u00e9decine L\u00e9gale de Colombie"},{"@type":"BreadcrumbList","@id":"https:\/\/www.newsendip.com\/fr\/le-nombre-de-meurtres-en-colombie-repart-a-la-hausse-en-debut-2021\/#breadcrumb","itemListElement":[{"@type":"ListItem","position":1,"name":"Accueil","item":"https:\/\/www.newsendip.com\/fr\/"},{"@type":"ListItem","position":2,"name":"Le nombre de meurtres en Colombie repart \u00e0 la hausse en d\u00e9but 2021"}]},{"@type":"WebSite","@id":"https:\/\/www.newsendip.com\/fr\/#website","url":"https:\/\/www.newsendip.com\/fr\/","name":"Newsendip","description":"Red\u00e9couvrez l&#039;actualit\u00e9 internationale","publisher":{"@id":"https:\/\/www.newsendip.com\/fr\/#organization"},"potentialAction":[{"@type":"SearchAction","target":{"@type":"EntryPoint","urlTemplate":"https:\/\/www.newsendip.com\/fr\/?s={search_term_string}"},"query-input":{"@type":"PropertyValueSpecification","valueRequired":true,"valueName":"search_term_string"}}],"inLanguage":"fr-FR"},{"@type":"Organization","@id":"https:\/\/www.newsendip.com\/fr\/#organization","name":"Newsendip","url":"https:\/\/www.newsendip.com\/fr\/","logo":{"@type":"ImageObject","inLanguage":"fr-FR","@id":"https:\/\/www.newsendip.com\/fr\/#\/schema\/logo\/image\/","url":"https:\/\/www.newsendip.com\/wp-content\/uploads\/2023\/12\/512x512.svg","contentUrl":"https:\/\/www.newsendip.com\/wp-content\/uploads\/2023\/12\/512x512.svg","width":1,"height":1,"caption":"Newsendip"},"image":{"@id":"https:\/\/www.newsendip.com\/fr\/#\/schema\/logo\/image\/"},"sameAs":["https:\/\/www.facebook.com\/newsendip","https:\/\/x.com\/newsendip","https:\/\/mastodon.social\/@newsendip","https:\/\/www.linkedin.com\/company\/newsendip"],"description":"Newsendip est un site qui a pour mission de rendre l'actualit\u00e9 internationale accessible et diversifi\u00e9e","email":"contact@newsendip.com","legalName":"Newsendip SAS","foundingDate":"2022-11-04","vatID":"FR60921124723","numberOfEmployees":{"@type":"QuantitativeValue","minValue":"1","maxValue":"10"},"publishingPrinciples":"https:\/\/www.newsendip.com\/about-us\/","ownershipFundingInfo":"https:\/\/www.newsendip.com\/legal-notice\/","actionableFeedbackPolicy":"https:\/\/www.newsendip.com\/about-us\/","correctionsPolicy":"https:\/\/www.newsendip.com\/about-us\/","ethicsPolicy":"https:\/\/www.newsendip.com\/about-us\/","diversityPolicy":"https:\/\/www.newsendip.com\/about-us\/"},{"@type":"Person","@id":"https:\/\/www.newsendip.com\/fr\/#\/schema\/person\/ea22c01755f464a3cbc2c619584d6363","name":"Cl\u00e9ment V\u00e9rit\u00e9","description":"Cl\u00e9ment is the executive editor and founder of Newsendip. He started in the media industry as a freelance reporter at 16 for a local French newspaper after school and has never left it. He later worked for seven years at The New York Times, notably as a data analyst. He holds a Master of Management in France and a Master of Arts in the United Kingdom in International Marketing &amp; Communications Strategy. He has lived in France, the United Kingdom, and Italy.","sameAs":["https:\/\/www.newsendip.com\/","https:\/\/www.linkedin.com\/in\/clementverite\/","https:\/\/x.com\/https:\/\/twitter.com\/cverite"],"knowsAbout":["News","International","Business","Media monitoring"],"knowsLanguage":["English","French","Italian","Spanish"],"url":"https:\/\/www.newsendip.com\/fr\/author\/clement-verite\/"}]}},"_links":{"self":[{"href":"https:\/\/www.newsendip.com\/fr\/wp-json\/wp\/v2\/posts\/18935","targetHints":{"allow":["GET"]}}],"collection":[{"href":"https:\/\/www.newsendip.com\/fr\/wp-json\/wp\/v2\/posts"}],"about":[{"href":"https:\/\/www.newsendip.com\/fr\/wp-json\/wp\/v2\/types\/post"}],"author":[{"embeddable":true,"href":"https:\/\/www.newsendip.com\/fr\/wp-json\/wp\/v2\/users\/1"}],"replies":[{"embeddable":true,"href":"https:\/\/www.newsendip.com\/fr\/wp-json\/wp\/v2\/comments?post=18935"}],"version-history":[{"count":0,"href":"https:\/\/www.newsendip.com\/fr\/wp-json\/wp\/v2\/posts\/18935\/revisions"}],"wp:featuredmedia":[{"embeddable":true,"href":"https:\/\/www.newsendip.com\/fr\/wp-json\/wp\/v2\/media\/13609"}],"wp:attachment":[{"href":"https:\/\/www.newsendip.com\/fr\/wp-json\/wp\/v2\/media?parent=18935"}],"wp:term":[{"taxonomy":"category","embeddable":true,"href":"https:\/\/www.newsendip.com\/fr\/wp-json\/wp\/v2\/categories?post=18935"},{"taxonomy":"post_tag","embeddable":true,"href":"https:\/\/www.newsendip.com\/fr\/wp-json\/wp\/v2\/tags?post=18935"}],"curies":[{"name":"wp","href":"https:\/\/api.w.org\/{rel}","templated":true}]}}