{"id":18939,"date":"2021-04-14T16:03:13","date_gmt":"2021-04-14T14:03:13","guid":{"rendered":"https:\/\/www.newsendip.com\/?p=18939"},"modified":"2024-07-23T18:07:06","modified_gmt":"2024-07-23T16:07:06","slug":"le-nombre-de-deces-de-cyclistes-au-plus-haut-depuis-25-ans-en-2020-aux-pays-bas-malgre-une-diminution-de-la-circulation","status":"publish","type":"post","link":"https:\/\/www.newsendip.com\/fr\/le-nombre-de-deces-de-cyclistes-au-plus-haut-depuis-25-ans-en-2020-aux-pays-bas-malgre-une-diminution-de-la-circulation\/","title":{"rendered":"Le nombre de d\u00e9c\u00e8s de cyclistes au plus haut depuis 25 ans en 2020 aux Pays-Bas malgr\u00e9 une diminution de la circulation"},"content":{"rendered":"<p><strong>Malgr\u00e9 une r\u00e9duction du trafic et des d\u00e9c\u00e8s sur les routes en 2020, les Pays-Bas ont enregistr\u00e9 le plus grand nombre de morts \u00e0 v\u00e9lo depuis 25 ans. Les d\u00e9c\u00e8s ont \u00e9t\u00e9 plus nombreux pendant les p\u00e9riodes o\u00f9 la circulation \u00e9tait moins intense.<\/strong><\/p>\n<figure id=\"attachment_13512\" aria-describedby=\"caption-attachment-13512\" style=\"width: 640px\" class=\"wp-caption aligncenter\"><img decoding=\"async\" class=\"wp-image-13512 size-full\" src=\"https:\/\/www.newsendip.com\/wp-content\/uploads\/2021\/04\/safety_bike_road_netherlands.jpg\" alt=\"Cyclistes \u00e0 Amsterdam\" width=\"640\" height=\"427\" srcset=\"https:\/\/www.newsendip.com\/wp-content\/uploads\/2021\/04\/safety_bike_road_netherlands.jpg 640w, https:\/\/www.newsendip.com\/wp-content\/uploads\/2021\/04\/safety_bike_road_netherlands-60x40.jpg 60w, https:\/\/www.newsendip.com\/wp-content\/uploads\/2021\/04\/safety_bike_road_netherlands-300x200.jpg 300w\" sizes=\"(max-width: 640px) 100vw, 640px\"><figcaption id=\"caption-attachment-13512\" class=\"wp-caption-text\">En 2020, les Pays-Bas ont enregistr\u00e9 le plus grand nombre de d\u00e9c\u00e8s de cyclistes depuis 25 ans malgr\u00e9 des routes plus vides | Amsterdam, 2020 | Noral\u00ed Nayla<\/figcaption><\/figure>\n<h2>Les d\u00e9c\u00e8s par accidents de voitures ont diminu\u00e9 tandis que les d\u00e9c\u00e8s de cyclistes ont augment\u00e9<\/h2>\n<p><!--more--><\/p>\n<p>Les Pays-Bas ont publi\u00e9 des <a href=\"https:\/\/www.cbs.nl\/en-gb\/news\/2021\/15\/610-traffic-deaths-in-2020\">statistiques nationales sur les d\u00e9c\u00e8s sur la route<\/a> pour 2020. Le pays a enregistr\u00e9 610 victimes au cours de l\u2019ann\u00e9e 2020, soit une baisse de 7% par rapport \u00e0 2019 et le 3e meilleur r\u00e9sultat de ces 20 derni\u00e8res ann\u00e9es.<\/p>\n<p>Cependant, malgr\u00e9 cette am\u00e9lioration, les Pays-Bas ont enregistr\u00e9 <strong>le plus grand nombre de d\u00e9c\u00e8s de cyclistes en 25 ans<\/strong>.<\/p>\n<p>La <strong>plus grande partie des victimes de la route en 2020, soit 38% d\u2019entre elles, \u00e9taient des cyclistes<\/strong>. C\u2019est plus que pour les voitures particuli\u00e8res, la cat\u00e9gorie la plus touch\u00e9e par les accidents de la circulation en&nbsp;2019.<\/p>\n<p>Le nombre de victimes, qu\u2019elles soient \u00e0 moto, en scooter, en voiture ou \u00e0 pied a diminu\u00e9 pour toutes les cat\u00e9gories sauf pour les cyclistes.<\/p>\n<p>Par ailleurs, <strong>un tiers des d\u00e9c\u00e8s de cyclistes sont survenus avec des v\u00e9los \u00e9lectriques<\/strong>.<\/p>\n<h2>Plus de morts pendant les p\u00e9riodes o\u00f9 le trafic est moins intense<\/h2>\n<p>Les accidents de la route ont surtout augment\u00e9 pendant les p\u00e9riodes de faible trafic.<\/p>\n<p>Pendant le premier confinement li\u00e9 au Covid-19, entre mars et avril 2020, le trafic \u00e9tait au moins 50\u202f% moins intense que l\u2019ann\u00e9e pr\u00e9c\u00e9dente, selon le portail national de donn\u00e9es sur le trafic routier (NDW). Et pourtant, le <strong>nombre de morts par accident de la route \u00e9tait plus \u00e9lev\u00e9<\/strong>.<\/p>\n<p>Au cours de trois p\u00e9riodes de 2020, en mars-avril, en juin-juillet et en novembre 2020, <strong>la mortalit\u00e9 routi\u00e8re \u00e9tait plus \u00e9lev\u00e9e qu\u2019en 2019 alors que l\u2019intensit\u00e9 du trafic \u00e9tait nettement plus faible<\/strong>.<\/p>\n<p>Les nombres de morts et de bless\u00e9s sur les routes ont aussi diminu\u00e9 plus lentement que le nombre d\u2019accidents.<\/p>\n<p>La police explique que les <strong>limites de vitesse \u00e9taient moins respect\u00e9es avec un trafic plus faible<\/strong>, et sugg\u00e8re \u00e9galement que la pr\u00e9sence de plus de pi\u00e9tons, d\u2019enfants et de cyclistes dans les rues pourrait avoir entra\u00een\u00e9 plus d\u2019accidents.<\/p>\n<p><strong><a href=\"https:\/\/www.newsendip.com\/fr\/etiquette\/pays-bas\/\">D\u00e9couvrez plus d\u2019actualit\u00e9s sur les Pays-Bas<\/a><\/strong><\/p>\n<h3 id=\"ref\">Liens utiles&nbsp;:<\/h3>\n<ul>\n<li><a href=\"https:\/\/www.nu.nl\/binnenland\/6126495\/door-corona-veranderd-verkeersbeeld-leidt-niet-tot-veel-minder-slachtoffers.html\" target=\"_blank\" rel=\"noopener\">Door corona veranderd verkeersbeeld leidt niet tot veel minder slachtoffers<\/a>, NU, avril&nbsp;2021<\/li>\n<\/ul>\n","protected":false},"excerpt":{"rendered":"<p>Malgr\u00e9 une r\u00e9duction du trafic et des d\u00e9c\u00e8s sur les routes en 2020, les Pays-Bas ont enregistr\u00e9 le plus grand nombre de morts \u00e0 v\u00e9lo depuis 25 ans. Les d\u00e9c\u00e8s ont \u00e9t\u00e9 plus nombreux pendant les p\u00e9riodes o\u00f9 la circulation \u00e9tait moins intense.<\/p>\n","protected":false},"author":1,"featured_media":13512,"comment_status":"closed","ping_status":"closed","sticky":false,"template":"","format":"standard","meta":{"wp_typography_post_enhancements_disabled":false,"footnotes":""},"categories":[409],"tags":[434,421],"class_list":["post-18939","post","type-post","status-publish","format-standard","has-post-thumbnail","hentry","category-societe","tag-pays-bas","tag-vieux"],"yoast_head":"<!-- This site is optimized with the Yoast SEO Premium plugin v27.4 (Yoast SEO v27.4) - https:\/\/yoast.com\/product\/yoast-seo-premium-wordpress\/ -->\n<title>Le nombre de d\u00e9c\u00e8s de cyclistes au plus haut depuis 25 ans en 2020 aux Pays-Bas malgr\u00e9 une diminution de la circulation<\/title>\n<meta name=\"description\" content=\"Malgr\u00e9 une r\u00e9duction du trafic et des d\u00e9c\u00e8s sur les routes en 2020, les Pays-Bas ont enregistr\u00e9 le plus grand nombre de morts \u00e0 v\u00e9lo depuis 25 ans. Les d\u00e9c\u00e8s ont \u00e9t\u00e9 plus nombreux pendant les p\u00e9riodes o\u00f9 la circulation \u00e9tait moins intense.\" \/>\n<meta name=\"robots\" content=\"index, follow, max-snippet:-1, max-image-preview:large, max-video-preview:-1\" \/>\n<link rel=\"canonical\" href=\"https:\/\/www.newsendip.com\/fr\/le-nombre-de-deces-de-cyclistes-au-plus-haut-depuis-25-ans-en-2020-aux-pays-bas-malgre-une-diminution-de-la-circulation\/\" \/>\n<meta property=\"og:locale\" content=\"fr_FR\" \/>\n<meta property=\"og:type\" content=\"article\" \/>\n<meta property=\"og:title\" content=\"Le nombre de d\u00e9c\u00e8s de cyclistes au plus haut depuis 25 ans en 2020 aux Pays-Bas malgr\u00e9 une diminution de la circulation\" \/>\n<meta property=\"og:description\" content=\"Malgr\u00e9 une r\u00e9duction du trafic et des d\u00e9c\u00e8s sur les routes en 2020, les Pays-Bas ont enregistr\u00e9 le plus grand nombre de morts \u00e0 v\u00e9lo depuis 25 ans. Les d\u00e9c\u00e8s ont \u00e9t\u00e9 plus nombreux pendant les p\u00e9riodes o\u00f9 la circulation \u00e9tait moins intense.\" \/>\n<meta property=\"og:url\" content=\"https:\/\/www.newsendip.com\/fr\/le-nombre-de-deces-de-cyclistes-au-plus-haut-depuis-25-ans-en-2020-aux-pays-bas-malgre-une-diminution-de-la-circulation\/\" \/>\n<meta property=\"og:site_name\" content=\"Newsendip\" \/>\n<meta property=\"article:publisher\" content=\"https:\/\/www.facebook.com\/newsendip\" \/>\n<meta property=\"article:published_time\" content=\"2021-04-14T14:03:13+00:00\" \/>\n<meta property=\"article:modified_time\" content=\"2024-07-23T16:07:06+00:00\" \/>\n<meta property=\"og:image\" content=\"https:\/\/www.newsendip.com\/wp-content\/uploads\/2021\/04\/safety_bike_road_netherlands.jpg\" \/>\n\t<meta property=\"og:image:width\" content=\"640\" \/>\n\t<meta property=\"og:image:height\" content=\"427\" \/>\n\t<meta property=\"og:image:type\" content=\"image\/jpeg\" \/>\n<meta name=\"author\" content=\"Cl\u00e9ment V\u00e9rit\u00e9\" \/>\n<meta name=\"twitter:card\" content=\"summary_large_image\" \/>\n<meta name=\"twitter:creator\" content=\"@https:\/\/twitter.com\/cverite\" \/>\n<meta name=\"twitter:site\" content=\"@newsendip\" \/>\n<meta name=\"twitter:label1\" content=\"\u00c9crit par\" \/>\n\t<meta name=\"twitter:data1\" content=\"Cl\u00e9ment V\u00e9rit\u00e9\" \/>\n\t<meta name=\"twitter:label2\" content=\"Dur\u00e9e de lecture estim\u00e9e\" \/>\n\t<meta name=\"twitter:data2\" content=\"3 minutes\" \/>\n<!-- \/ Yoast SEO Premium plugin. -->","yoast_head_json":{"title":"Le nombre de d\u00e9c\u00e8s de cyclistes au plus haut depuis 25 ans en 2020 aux Pays-Bas malgr\u00e9 une diminution de la circulation","description":"Malgr\u00e9 une r\u00e9duction du trafic et des d\u00e9c\u00e8s sur les routes en 2020, les Pays-Bas ont enregistr\u00e9 le plus grand nombre de morts \u00e0 v\u00e9lo depuis 25 ans. Les d\u00e9c\u00e8s ont \u00e9t\u00e9 plus nombreux pendant les p\u00e9riodes o\u00f9 la circulation \u00e9tait moins intense.","robots":{"index":"index","follow":"follow","max-snippet":"max-snippet:-1","max-image-preview":"max-image-preview:large","max-video-preview":"max-video-preview:-1"},"canonical":"https:\/\/www.newsendip.com\/fr\/le-nombre-de-deces-de-cyclistes-au-plus-haut-depuis-25-ans-en-2020-aux-pays-bas-malgre-une-diminution-de-la-circulation\/","og_locale":"fr_FR","og_type":"article","og_title":"Le nombre de d\u00e9c\u00e8s de cyclistes au plus haut depuis 25 ans en 2020 aux Pays-Bas malgr\u00e9 une diminution de la circulation","og_description":"Malgr\u00e9 une r\u00e9duction du trafic et des d\u00e9c\u00e8s sur les routes en 2020, les Pays-Bas ont enregistr\u00e9 le plus grand nombre de morts \u00e0 v\u00e9lo depuis 25 ans. Les d\u00e9c\u00e8s ont \u00e9t\u00e9 plus nombreux pendant les p\u00e9riodes o\u00f9 la circulation \u00e9tait moins intense.","og_url":"https:\/\/www.newsendip.com\/fr\/le-nombre-de-deces-de-cyclistes-au-plus-haut-depuis-25-ans-en-2020-aux-pays-bas-malgre-une-diminution-de-la-circulation\/","og_site_name":"Newsendip","article_publisher":"https:\/\/www.facebook.com\/newsendip","article_published_time":"2021-04-14T14:03:13+00:00","article_modified_time":"2024-07-23T16:07:06+00:00","og_image":[{"width":640,"height":427,"url":"https:\/\/www.newsendip.com\/wp-content\/uploads\/2021\/04\/safety_bike_road_netherlands.jpg","type":"image\/jpeg"}],"author":"Cl\u00e9ment V\u00e9rit\u00e9","twitter_card":"summary_large_image","twitter_creator":"@https:\/\/twitter.com\/cverite","twitter_site":"@newsendip","twitter_misc":{"\u00c9crit par":"Cl\u00e9ment V\u00e9rit\u00e9","Dur\u00e9e de lecture estim\u00e9e":"3 minutes"},"schema":{"@context":"https:\/\/schema.org","@graph":[{"@type":"NewsArticle","@id":"https:\/\/www.newsendip.com\/fr\/le-nombre-de-deces-de-cyclistes-au-plus-haut-depuis-25-ans-en-2020-aux-pays-bas-malgre-une-diminution-de-la-circulation\/#article","isPartOf":{"@id":"https:\/\/www.newsendip.com\/fr\/le-nombre-de-deces-de-cyclistes-au-plus-haut-depuis-25-ans-en-2020-aux-pays-bas-malgre-une-diminution-de-la-circulation\/"},"author":{"name":"Cl\u00e9ment V\u00e9rit\u00e9","@id":"https:\/\/www.newsendip.com\/fr\/#\/schema\/person\/ea22c01755f464a3cbc2c619584d6363"},"headline":"Le nombre de d\u00e9c\u00e8s de cyclistes au plus haut depuis 25 ans en 2020 aux Pays-Bas malgr\u00e9 une diminution de la circulation","datePublished":"2021-04-14T14:03:13+00:00","dateModified":"2024-07-23T16:07:06+00:00","mainEntityOfPage":{"@id":"https:\/\/www.newsendip.com\/fr\/le-nombre-de-deces-de-cyclistes-au-plus-haut-depuis-25-ans-en-2020-aux-pays-bas-malgre-une-diminution-de-la-circulation\/"},"wordCount":471,"publisher":{"@id":"https:\/\/www.newsendip.com\/fr\/#organization"},"image":{"@id":"https:\/\/www.newsendip.com\/fr\/le-nombre-de-deces-de-cyclistes-au-plus-haut-depuis-25-ans-en-2020-aux-pays-bas-malgre-une-diminution-de-la-circulation\/#primaryimage"},"thumbnailUrl":"https:\/\/www.newsendip.com\/wp-content\/uploads\/2021\/04\/safety_bike_road_netherlands.jpg","keywords":["Pays-Bas","Vieux"],"articleSection":["Soci\u00e9t\u00e9"],"inLanguage":"fr-FR","copyrightYear":"2021","copyrightHolder":{"@id":"https:\/\/www.newsendip.com\/#organization"}},{"@type":"WebPage","@id":"https:\/\/www.newsendip.com\/fr\/le-nombre-de-deces-de-cyclistes-au-plus-haut-depuis-25-ans-en-2020-aux-pays-bas-malgre-une-diminution-de-la-circulation\/","url":"https:\/\/www.newsendip.com\/fr\/le-nombre-de-deces-de-cyclistes-au-plus-haut-depuis-25-ans-en-2020-aux-pays-bas-malgre-une-diminution-de-la-circulation\/","name":"Le nombre de d\u00e9c\u00e8s de cyclistes au plus haut depuis 25 ans en 2020 aux Pays-Bas malgr\u00e9 une diminution de la circulation","isPartOf":{"@id":"https:\/\/www.newsendip.com\/fr\/#website"},"primaryImageOfPage":{"@id":"https:\/\/www.newsendip.com\/fr\/le-nombre-de-deces-de-cyclistes-au-plus-haut-depuis-25-ans-en-2020-aux-pays-bas-malgre-une-diminution-de-la-circulation\/#primaryimage"},"image":{"@id":"https:\/\/www.newsendip.com\/fr\/le-nombre-de-deces-de-cyclistes-au-plus-haut-depuis-25-ans-en-2020-aux-pays-bas-malgre-une-diminution-de-la-circulation\/#primaryimage"},"thumbnailUrl":"https:\/\/www.newsendip.com\/wp-content\/uploads\/2021\/04\/safety_bike_road_netherlands.jpg","datePublished":"2021-04-14T14:03:13+00:00","dateModified":"2024-07-23T16:07:06+00:00","description":"Malgr\u00e9 une r\u00e9duction du trafic et des d\u00e9c\u00e8s sur les routes en 2020, les Pays-Bas ont enregistr\u00e9 le plus grand nombre de morts \u00e0 v\u00e9lo depuis 25 ans. Les d\u00e9c\u00e8s ont \u00e9t\u00e9 plus nombreux pendant les p\u00e9riodes o\u00f9 la circulation \u00e9tait moins intense.","breadcrumb":{"@id":"https:\/\/www.newsendip.com\/fr\/le-nombre-de-deces-de-cyclistes-au-plus-haut-depuis-25-ans-en-2020-aux-pays-bas-malgre-une-diminution-de-la-circulation\/#breadcrumb"},"inLanguage":"fr-FR","potentialAction":[{"@type":"ReadAction","target":["https:\/\/www.newsendip.com\/fr\/le-nombre-de-deces-de-cyclistes-au-plus-haut-depuis-25-ans-en-2020-aux-pays-bas-malgre-une-diminution-de-la-circulation\/"]}]},{"@type":"ImageObject","inLanguage":"fr-FR","@id":"https:\/\/www.newsendip.com\/fr\/le-nombre-de-deces-de-cyclistes-au-plus-haut-depuis-25-ans-en-2020-aux-pays-bas-malgre-une-diminution-de-la-circulation\/#primaryimage","url":"https:\/\/www.newsendip.com\/wp-content\/uploads\/2021\/04\/safety_bike_road_netherlands.jpg","contentUrl":"https:\/\/www.newsendip.com\/wp-content\/uploads\/2021\/04\/safety_bike_road_netherlands.jpg","width":640,"height":427,"caption":"En 2020, les Pays-Bas ont enregistr\u00e9 le plus grand nombre de d\u00e9c\u00e8s de cyclistes depuis 25 ans malgr\u00e9 des routes plus vides | Amsterdam, 2020 | Noral\u00ed Nayla"},{"@type":"BreadcrumbList","@id":"https:\/\/www.newsendip.com\/fr\/le-nombre-de-deces-de-cyclistes-au-plus-haut-depuis-25-ans-en-2020-aux-pays-bas-malgre-une-diminution-de-la-circulation\/#breadcrumb","itemListElement":[{"@type":"ListItem","position":1,"name":"Accueil","item":"https:\/\/www.newsendip.com\/fr\/"},{"@type":"ListItem","position":2,"name":"Le nombre de d\u00e9c\u00e8s de cyclistes au plus haut depuis 25 ans en 2020 aux Pays-Bas malgr\u00e9 une diminution de la circulation"}]},{"@type":"WebSite","@id":"https:\/\/www.newsendip.com\/fr\/#website","url":"https:\/\/www.newsendip.com\/fr\/","name":"Newsendip","description":"Red\u00e9couvrez l&#039;actualit\u00e9 internationale","publisher":{"@id":"https:\/\/www.newsendip.com\/fr\/#organization"},"potentialAction":[{"@type":"SearchAction","target":{"@type":"EntryPoint","urlTemplate":"https:\/\/www.newsendip.com\/fr\/?s={search_term_string}"},"query-input":{"@type":"PropertyValueSpecification","valueRequired":true,"valueName":"search_term_string"}}],"inLanguage":"fr-FR"},{"@type":"Organization","@id":"https:\/\/www.newsendip.com\/fr\/#organization","name":"Newsendip","url":"https:\/\/www.newsendip.com\/fr\/","logo":{"@type":"ImageObject","inLanguage":"fr-FR","@id":"https:\/\/www.newsendip.com\/fr\/#\/schema\/logo\/image\/","url":"https:\/\/www.newsendip.com\/wp-content\/uploads\/2023\/12\/512x512.svg","contentUrl":"https:\/\/www.newsendip.com\/wp-content\/uploads\/2023\/12\/512x512.svg","width":1,"height":1,"caption":"Newsendip"},"image":{"@id":"https:\/\/www.newsendip.com\/fr\/#\/schema\/logo\/image\/"},"sameAs":["https:\/\/www.facebook.com\/newsendip","https:\/\/x.com\/newsendip","https:\/\/mastodon.social\/@newsendip","https:\/\/www.linkedin.com\/company\/newsendip"],"description":"Newsendip est un site qui a pour mission de rendre l'actualit\u00e9 internationale accessible et diversifi\u00e9e","email":"contact@newsendip.com","legalName":"Newsendip SAS","foundingDate":"2022-11-04","vatID":"FR60921124723","numberOfEmployees":{"@type":"QuantitativeValue","minValue":"1","maxValue":"10"},"publishingPrinciples":"https:\/\/www.newsendip.com\/about-us\/","ownershipFundingInfo":"https:\/\/www.newsendip.com\/legal-notice\/","actionableFeedbackPolicy":"https:\/\/www.newsendip.com\/about-us\/","correctionsPolicy":"https:\/\/www.newsendip.com\/about-us\/","ethicsPolicy":"https:\/\/www.newsendip.com\/about-us\/","diversityPolicy":"https:\/\/www.newsendip.com\/about-us\/"},{"@type":"Person","@id":"https:\/\/www.newsendip.com\/fr\/#\/schema\/person\/ea22c01755f464a3cbc2c619584d6363","name":"Cl\u00e9ment V\u00e9rit\u00e9","description":"Cl\u00e9ment is the executive editor and founder of Newsendip. He started in the media industry as a freelance reporter at 16 for a local French newspaper after school and has never left it. He later worked for seven years at The New York Times, notably as a data analyst. He holds a Master of Management in France and a Master of Arts in the United Kingdom in International Marketing &amp; Communications Strategy. He has lived in France, the United Kingdom, and Italy.","sameAs":["https:\/\/www.newsendip.com\/","https:\/\/www.linkedin.com\/in\/clementverite\/","https:\/\/x.com\/https:\/\/twitter.com\/cverite"],"knowsAbout":["News","International","Business","Media monitoring"],"knowsLanguage":["English","French","Italian","Spanish"],"url":"https:\/\/www.newsendip.com\/fr\/author\/clement-verite\/"}]}},"_links":{"self":[{"href":"https:\/\/www.newsendip.com\/fr\/wp-json\/wp\/v2\/posts\/18939","targetHints":{"allow":["GET"]}}],"collection":[{"href":"https:\/\/www.newsendip.com\/fr\/wp-json\/wp\/v2\/posts"}],"about":[{"href":"https:\/\/www.newsendip.com\/fr\/wp-json\/wp\/v2\/types\/post"}],"author":[{"embeddable":true,"href":"https:\/\/www.newsendip.com\/fr\/wp-json\/wp\/v2\/users\/1"}],"replies":[{"embeddable":true,"href":"https:\/\/www.newsendip.com\/fr\/wp-json\/wp\/v2\/comments?post=18939"}],"version-history":[{"count":0,"href":"https:\/\/www.newsendip.com\/fr\/wp-json\/wp\/v2\/posts\/18939\/revisions"}],"wp:featuredmedia":[{"embeddable":true,"href":"https:\/\/www.newsendip.com\/fr\/wp-json\/wp\/v2\/media\/13512"}],"wp:attachment":[{"href":"https:\/\/www.newsendip.com\/fr\/wp-json\/wp\/v2\/media?parent=18939"}],"wp:term":[{"taxonomy":"category","embeddable":true,"href":"https:\/\/www.newsendip.com\/fr\/wp-json\/wp\/v2\/categories?post=18939"},{"taxonomy":"post_tag","embeddable":true,"href":"https:\/\/www.newsendip.com\/fr\/wp-json\/wp\/v2\/tags?post=18939"}],"curies":[{"name":"wp","href":"https:\/\/api.w.org\/{rel}","templated":true}]}}