{"id":18943,"date":"2021-04-06T08:59:50","date_gmt":"2021-04-06T06:59:50","guid":{"rendered":"https:\/\/www.newsendip.com\/?p=18943"},"modified":"2024-07-23T18:08:35","modified_gmt":"2024-07-23T16:08:35","slug":"des-neerlandais-voyagent-en-serbie-pour-se-faire-vacciner-contre-le-covid-19","status":"publish","type":"post","link":"https:\/\/www.newsendip.com\/fr\/des-neerlandais-voyagent-en-serbie-pour-se-faire-vacciner-contre-le-covid-19\/","title":{"rendered":"Des N\u00e9erlandais voyagent en Serbie pour se faire vacciner contre le Covid-19"},"content":{"rendered":"<p><strong>La Serbie a ouvert gratuitement ses services de vaccination contre le Covid-19 aux \u00e9trangers et certains membres de l\u2019Union europ\u00e9enne sont pr\u00eats \u00e0 s\u2019y rendre pour se faire vacciner. La Serbie fait \u00e9galement don de doses \u00e0 ses voisins. Quelles sont les cons\u00e9quences de cette publicit\u00e9 pour le pays des Balkans\u202f?<\/strong><\/p>\n<h2>Le d\u00e9but d\u2019un tourisme vaccinal<\/h2>\n<p>Une quinzaine de personnes ont d\u00e9j\u00e0 fait appel aux services de <a href=\"https:\/\/www.partyinbelgrade.com\/news\/corona-vaccinatie-in-servie\/\"><em>Party in Belgrade<\/em><\/a>, une petite agence de voyage n\u00e9erlandaise, pour se faire vacciner en Serbie.<\/p>\n<p>Jusqu\u2019\u00e0 pr\u00e9sent, toutes les demandes provenaient de personnes de plus de 60 ans qui trouvaient que \u00ab\u202f<em>la vaccination [\u00e9tait] trop lente aux Pays-Bas<\/em>\u202f\u00bb, selon le fondateur de l\u2019agence dans <a href=\"https:\/\/www.ad.nl\/binnenland\/al-15-nederlanders-op-vaccin-trip-naar-servie~abec861a\/\"><em>Algemeen Dagblad<\/em><\/a>.<\/p>\n<p>La soci\u00e9t\u00e9 avait l\u2019habitude d\u2019organiser des voyages en Serbie, de proposer des formules de pour faire la f\u00eate, des enterrements de vie de gar\u00e7on ou de jeune fille et des activit\u00e9s telles que la d\u00e9gustation de vins serbes ou d\u00e9s s\u00e9ances de tir en plein&nbsp;air.<\/p>\n<figure id=\"attachment_1922\" aria-describedby=\"caption-attachment-1922\" style=\"width: 1024px\" class=\"wp-caption aligncenter\"><img decoding=\"async\" class=\"wp-image-13500 size-large\" src=\"https:\/\/www.newsendip.com\/wp-content\/uploads\/2021\/04\/Tourism_agency_netherlands_serbia_covid_vaccine-1024x475.png\" alt=\"A Dutch tourism agency proposes a trip to Serbia to get vaccinated\" width=\"1024\" height=\"475\" srcset=\"https:\/\/www.newsendip.com\/wp-content\/uploads\/2021\/04\/Tourism_agency_netherlands_serbia_covid_vaccine-1024x475.png 1024w, https:\/\/www.newsendip.com\/wp-content\/uploads\/2021\/04\/Tourism_agency_netherlands_serbia_covid_vaccine-300x139.png 300w, https:\/\/www.newsendip.com\/wp-content\/uploads\/2021\/04\/Tourism_agency_netherlands_serbia_covid_vaccine-768x356.png 768w, https:\/\/www.newsendip.com\/wp-content\/uploads\/2021\/04\/Tourism_agency_netherlands_serbia_covid_vaccine-1536x712.png 1536w, https:\/\/www.newsendip.com\/wp-content\/uploads\/2021\/04\/Tourism_agency_netherlands_serbia_covid_vaccine.png 1819w\" sizes=\"(max-width: 1024px) 100vw, 1024px\"><figcaption id=\"caption-attachment-1922\" class=\"wp-caption-text\">A Dutch tourism agency proposes a trip to Serbia to get vaccinated | Party In Belgrade website<\/figcaption><\/figure>\n<p>L\u2019agence a d\u00e9sormais ajout\u00e9 l\u2019offre \u00ab\u202f<a href=\"#ref\"><em>Vaccination corona en Serbie<\/em><\/a>\u202f\u00bb.<\/p>\n<p>Ainsi, le forfait inclut les traditionnels billets aller-retour et la r\u00e9servation d\u2019h\u00f4tel, mais aussi <strong>le test PCR et un rendez-vous pour se faire vacciner<\/strong>. Contrairement aux autres forfaits, le prix n\u2019est pas disponible publiquement.<\/p>\n<p>Alors que les voyages sont soumis \u00e0 de fortes restrictions dans le monde entier, cela marque-t-il le d\u00e9but d\u2019une <strong>nouvelle forme de tourisme m\u00e9dical<\/strong>\u202f? Apr\u00e8s les voyages de chirurgie dentaire ou de greffe de cheveux, voici le tourisme vaccinal.<\/p>\n<p>En effet, <strong>la Serbie autorise d\u00e9sormais les \u00e9trangers \u00e0 se faire vacciner gratuitement<\/strong>.<\/p>\n<h2>La Serbie \u00e9vite le gaspillage du vaccin d\u2019AstraZeneca<\/h2>\n<p><!--more--><\/p>\n<p><strong>Le pays a inocul\u00e9 des doses \u00e0 22 000 \u00e9trangers<\/strong>, pour la plupart originaires des pays voisins, en seulement <a href=\"#ref\">trois jours apr\u00e8s l\u2019annonce faite le 28 mars<\/a>. \u00ab\u202f<em>Nous livrons nos vaccins gratuitement \u00e0 tout le monde<\/em>\u202f\u00bb, avait t\u00f4t le pr\u00e9sident Aleksandar Vu\u010di\u0107 au <a href=\"https:\/\/www.ft.com\/content\/285bc936-4041-4623-aaea-e20e5d66b2f2\"><em>Financial Times<\/em><\/a>.<\/p>\n<p>Malgr\u00e9 ces dons, le <a href=\"https:\/\/www.newsendip.com\/fr\/le-chili-et-la-serbie-se-vaccinent-contre-le-covid-19-plus-rapidement-que-lunion-europeenne\/\">taux de vaccination de la Serbie est encore deux fois plus rapide que celui de l\u2019Union europ\u00e9enne<\/a>. Environ 19\u202f% de la population adulte a re\u00e7u une 2e dose en date du 4&nbsp;avril.<\/p>\n<p>Cependant, les \u00e9trangers ont re\u00e7u le vaccin d\u2019AstraZeneca, tandis que les Serbes ont \u00e9t\u00e9 prot\u00e9g\u00e9s par Sputnik V, Sinofarm et Pfizer. Les doses d\u2019AstraZeneca \u00e9taient en fait <strong>proches de la date d\u2019expiration<\/strong>.<\/p>\n<p>Contrairement \u00e0 certains membres de l\u2019Union europ\u00e9enne, le gouvernement serbe n\u2019a pas interrompu l\u2019inoculation du vaccin anglo-su\u00e9dois.<\/p>\n<p>Mais les Serbes \u00e9prouvent une certaine r\u00e9ticence \u00e0 se le faire administrer.<\/p>\n<p>La Serbie administre des vaccins provenant de 4 soci\u00e9t\u00e9s diff\u00e9rentes.<\/p>\n<p>Le pays a \u00e9galement reconnu qu\u2019il n\u2019avait pas le luxe de pouvoir choisir et a donc rejet\u00e9 toute d\u00e9cision bas\u00e9e sur la politique.<\/p>\n<p>En f\u00e9vrier, la Premi\u00e8re ministre <a href=\"https:\/\/www.bbc.com\/news\/world-europe-55931864\">Ana Brnabic a d\u00e9clar\u00e9 \u00e0 la BBC<\/a> que <strong>le pays ne se pr\u00e9occupait pas de la provenance des vaccins<\/strong>, \u00ab\u202f<em>du moment qu\u2019ils sont s\u00fbrs et que nous les recevons le plus rapidement possible<\/em>\u202f\u00bb.<\/p>\n<p>Mais cette apparente g\u00e9n\u00e9rosit\u00e9 a aussi des cons\u00e9quences politiques.<\/p>\n<figure id=\"attachment_1921\" aria-describedby=\"caption-attachment-1921\" style=\"width: 400px\" class=\"wp-caption aligncenter\"><img decoding=\"async\" class=\"wp-image-13499 size-full\" src=\"https:\/\/www.newsendip.com\/wp-content\/uploads\/2021\/04\/astrazeneca_vaccine_delivered_dutch_serbia.jpg\" alt=\"Serbia vaccinated foreigners with AstraZeneca vaccinces close to the expiry date\" width=\"400\" height=\"267\" srcset=\"https:\/\/www.newsendip.com\/wp-content\/uploads\/2021\/04\/astrazeneca_vaccine_delivered_dutch_serbia.jpg 400w, https:\/\/www.newsendip.com\/wp-content\/uploads\/2021\/04\/astrazeneca_vaccine_delivered_dutch_serbia-60x40.jpg 60w, https:\/\/www.newsendip.com\/wp-content\/uploads\/2021\/04\/astrazeneca_vaccine_delivered_dutch_serbia-300x200.jpg 300w\" sizes=\"(max-width: 400px) 100vw, 400px\"><figcaption id=\"caption-attachment-1921\" class=\"wp-caption-text\">Serbia vaccinated foreigners with AstraZeneca vaccinces close to the expiry date | Credits&nbsp;: Marco&nbsp;Verch<\/figcaption><\/figure>\n<h2>Un soft power serbe en hausse<\/h2>\n<p>Les autorit\u00e9s s\u2019inqui\u00e8tent d\u2019une <strong>baisse r\u00e9cente du nombre d\u2019inscriptions \u00e0 la vaccination<\/strong>. Accusant les militants antivax d\u2019\u00eatre responsables de la baisse des admissions, la <a href=\"https:\/\/abcnews.go.com\/Health\/wireStory\/serbia-cracks-anti-vaccination-activists-76815557\">police a r\u00e9cemment interrog\u00e9 certains d\u2019entre eux<\/a>.<\/p>\n<p>Lorsque l\u2019<a href=\"https:\/\/www.newsendip.com\/fr\/vaccin-astrazeneca-lafrique-du-sud-a-prefere-vendre-ses-doses\/\">Afrique du Sud a d\u00e9cid\u00e9 de ne plus utiliser les doses d\u2019AstraZeneca<\/a>, elle les a envoy\u00e9es \u00e0 d\u2019autres pays africains plut\u00f4t que de laisser les personnes venir et ainsi \u00e9viter le risque de propager le&nbsp;virus.<\/p>\n<p>Mais le pr\u00e9sident Aleksandar Vu\u010di\u0107 a \u00e9galement <a href=\"https:\/\/balkaninsight.com\/2021\/03\/02\/serbias-vucic-delivers-covid-19-vaccines-to-bosnia\/\">exp\u00e9di\u00e9 10 000 doses de vaccin d\u2019AstraZeneca en Bosnie-Herz\u00e9govine<\/a>, ainsi que des respirateurs et d\u2019autres \u00e9quipements m\u00e9dicaux.<\/p>\n<p>Le vaccin d\u2019AstraZeneca n\u2019est pas le seul que la Serbie a donn\u00e9. Au d\u00e9but du mois de f\u00e9vrier, elle a envoy\u00e9 4 680 doses du vaccin Pfizer et 2 000 doses du Sputnik V russe en Mac\u00e9doine du&nbsp;Nord.<\/p>\n<p>Tout cela fait de la Serbie, pays candidat \u00e0 l\u2019adh\u00e9sion \u00e0 l\u2019UE, un <strong>leader r\u00e9gional dans les Balkans<\/strong>.<\/p>\n<p>De plus, \u00ab\u202f<em>l\u2019action efficace de la Serbie pour r\u00e9soudre les cons\u00e9quences de la pand\u00e9mie de COVID-19 [\u2026] est le meilleur indicateur que notre pays fonde sa politique sur les valeurs europ\u00e9ennes<\/em>\u202f\u00bb, selon un <a href=\"#ref\">communiqu\u00e9 de presse serbe \u00e0 l\u2019issue d\u2019une r\u00e9union avec Chypre<\/a>.<\/p>\n<figure id=\"attachment_1916\" aria-describedby=\"caption-attachment-1916\" style=\"width: 1024px\" class=\"wp-caption aligncenter\"><img decoding=\"async\" class=\"wp-image-13498 size-large\" src=\"https:\/\/www.newsendip.com\/wp-content\/uploads\/2021\/04\/Serbia_vaccine_Bosnia_donation-1024x683.jpg\" alt=\"Serbia's President donating vaccines to Bosnia and Herzegovina\" width=\"1024\" height=\"683\" srcset=\"https:\/\/www.newsendip.com\/wp-content\/uploads\/2021\/04\/Serbia_vaccine_Bosnia_donation-1024x683.jpg 1024w, https:\/\/www.newsendip.com\/wp-content\/uploads\/2021\/04\/Serbia_vaccine_Bosnia_donation-300x200.jpg 300w, https:\/\/www.newsendip.com\/wp-content\/uploads\/2021\/04\/Serbia_vaccine_Bosnia_donation-768x512.jpg 768w, https:\/\/www.newsendip.com\/wp-content\/uploads\/2021\/04\/Serbia_vaccine_Bosnia_donation.jpg 1200w\" sizes=\"(max-width: 1024px) 100vw, 1024px\"><figcaption id=\"caption-attachment-1916\" class=\"wp-caption-text\">Serbia\u2019s President donating vaccines to Bosnia and Herzegovina | Photo&nbsp;: Presidency of Serbia \/ Dimitrije Goll<\/figcaption><\/figure>\n<p><strong>Le programme de vaccination de la Serbie repose en grande partie sur les vaccins chinois de Sinopharm et les vaccins russes Sputnik V<\/strong>, qui ne sont pas encore approuv\u00e9s par l\u2019Union europ\u00e9enne, le Royaume-Uni ou les \u00c9tats-Unis.<\/p>\n<p>Le pr\u00e9sident serbe a reconnu avoir pris un <a href=\"https:\/\/europeanwesternbalkans.com\/2020\/09\/08\/serbia-to-participate-in-the-third-phase-of-testing-chinese-vaccine\/\">risque politique en d\u00e9ployant le Sinovac<\/a> avant que des r\u00e9sultats complets ne soient publi\u00e9s.<\/p>\n<p>Mais d\u2019un autre c\u00f4t\u00e9, il craint aussi que l\u2019<strong>UE retarde l\u2019envoi du vaccin Oxford-AstraZeneca que le pays a achet\u00e9<\/strong>.<\/p>\n<p>N\u00e9anmoins, le fait que les N\u00e9erlandais soient pr\u00eats \u00e0 se rendre en Serbie pour se faire vacciner r\u00e9jouit certainement la Russie et la&nbsp;Chine.<\/p>\n<p><strong><a href=\"https:\/\/www.newsendip.com\/fr\/etiquette\/pays-bas\/\">D\u00e9couvrez plus d\u2019actualit\u00e9s sur les Pays-Bas<\/a><\/strong><\/p>\n<h3 id=\"ref\">Sources m\u00e9dias&nbsp;:<\/h3>\n<ul>\n<li><a href=\"https:\/\/www.predsednik.rs\/en\/press-center\/news\/president-vucic-delivers-vaccines-to-north-macedonia\" target=\"_blank\" rel=\"noopener\">President Vu\u010di\u0107 delivers vaccines to North Macedonia<\/a>, Pr\u00e9sident de la R\u00e9publique de Serbie, f\u00e9vrier 2021<\/li>\n<li><a href=\"https:\/\/www.predsednik.rs\/en\/press-center\/news\/president-vucic-presents-a-donation-to-the-chairman-of-the-presidency-of-bosnia-and-herzegovina\" target=\"_blank\" rel=\"noopener\">President Vu\u010di\u0107 presents a donation to Bosnia and Herzegovina<\/a>, R\u00e9publique de Serbie, mars&nbsp;2021<\/li>\n<li><a href=\"https:\/\/www.srbija.gov.rs\/vest\/en\/170620\/cyprus-sincere-support-for-serbias-path-to-the-eu.php\" target=\"_blank\" rel=\"noopener\">Cyprus\u201d sincere support for Serbia\u2019s path to the EU<\/a>, Gouvernement de la R\u00e9publique de Serbie, avril&nbsp;2021<\/li>\n<li><a href=\"https:\/\/www.srbija.gov.rs\/vest\/en\/170572\/strong-support-of-greece-cyprus-to-serbia-on-road-to-the-eu.php\" target=\"_blank\" rel=\"noopener\">Strong support of Greece, Cyprus to Serbia on road to the EU<\/a>, Gouvernement de la R\u00e9publique de Serbie, avril&nbsp;2021<\/li>\n<li><a href=\"https:\/\/www.srbija.gov.rs\/vest\/en\/170506\/regime-of-entry-into-serbia-has-not-been-changed.php\" target=\"_blank\" rel=\"noopener\">Regime of entry into Serbia has not been changed<\/a>, Gouvernement de la R\u00e9publique de Serbie, avril&nbsp;2021<\/li>\n<\/ul>\n","protected":false},"excerpt":{"rendered":"<p>La Serbie a ouvert gratuitement ses services de vaccination contre le Covid-19 aux \u00e9trangers et certains membres de l\u2019Union europ\u00e9enne sont pr\u00eats \u00e0 s\u2019y rendre pour se faire vacciner<\/p>\n","protected":false},"author":1,"featured_media":1916,"comment_status":"closed","ping_status":"closed","sticky":false,"template":"","format":"standard","meta":{"wp_typography_post_enhancements_disabled":false,"footnotes":""},"categories":[412],"tags":[434,915,421],"class_list":["post-18943","post","type-post","status-publish","format-standard","has-post-thumbnail","hentry","category-sciences-et-sante","tag-pays-bas","tag-serbie","tag-vieux"],"yoast_head":"<!-- This site is optimized with the Yoast SEO Premium plugin v27.4 (Yoast SEO v27.4) - https:\/\/yoast.com\/product\/yoast-seo-premium-wordpress\/ -->\n<title>Des N\u00e9erlandais voyagent en Serbie pour se faire vacciner contre le Covid-19<\/title>\n<meta name=\"description\" content=\"La Serbie a ouvert gratuitement ses services de vaccination contre le Covid-19 aux \u00e9trangers et certains membres de l&#039;Union europ\u00e9enne sont pr\u00eats \u00e0 s&#039;y rendre pour se faire vacciner\" \/>\n<meta name=\"robots\" content=\"index, follow, max-snippet:-1, max-image-preview:large, max-video-preview:-1\" \/>\n<link rel=\"canonical\" href=\"https:\/\/www.newsendip.com\/fr\/des-neerlandais-voyagent-en-serbie-pour-se-faire-vacciner-contre-le-covid-19\/\" \/>\n<meta property=\"og:locale\" content=\"fr_FR\" \/>\n<meta property=\"og:type\" content=\"article\" \/>\n<meta property=\"og:title\" content=\"Des N\u00e9erlandais voyagent en Serbie pour se faire vacciner contre le Covid-19\" \/>\n<meta property=\"og:description\" content=\"La Serbie a ouvert gratuitement ses services de vaccination contre le Covid-19 aux \u00e9trangers et certains membres de l&#039;Union europ\u00e9enne sont pr\u00eats \u00e0 s&#039;y rendre pour se faire vacciner\" \/>\n<meta property=\"og:url\" content=\"https:\/\/www.newsendip.com\/fr\/des-neerlandais-voyagent-en-serbie-pour-se-faire-vacciner-contre-le-covid-19\/\" \/>\n<meta property=\"og:site_name\" content=\"Newsendip\" \/>\n<meta property=\"article:publisher\" content=\"https:\/\/www.facebook.com\/newsendip\" \/>\n<meta property=\"article:published_time\" content=\"2021-04-06T06:59:50+00:00\" \/>\n<meta property=\"article:modified_time\" content=\"2024-07-23T16:08:35+00:00\" \/>\n<meta property=\"og:image\" content=\"https:\/\/www.newsendip.com\/wp-content\/uploads\/2021\/04\/Serbia_vaccine_Bosnia_donation.jpg\" \/>\n\t<meta property=\"og:image:width\" content=\"1200\" \/>\n\t<meta property=\"og:image:height\" content=\"800\" \/>\n\t<meta property=\"og:image:type\" content=\"image\/jpeg\" \/>\n<meta name=\"author\" content=\"Cl\u00e9ment V\u00e9rit\u00e9\" \/>\n<meta name=\"twitter:card\" content=\"summary_large_image\" \/>\n<meta name=\"twitter:creator\" content=\"@https:\/\/twitter.com\/cverite\" \/>\n<meta name=\"twitter:site\" content=\"@newsendip\" \/>\n<meta name=\"twitter:label1\" content=\"\u00c9crit par\" \/>\n\t<meta name=\"twitter:data1\" content=\"Cl\u00e9ment V\u00e9rit\u00e9\" \/>\n\t<meta name=\"twitter:label2\" content=\"Dur\u00e9e de lecture estim\u00e9e\" \/>\n\t<meta name=\"twitter:data2\" content=\"5 minutes\" \/>\n<!-- \/ Yoast SEO Premium plugin. -->","yoast_head_json":{"title":"Des N\u00e9erlandais voyagent en Serbie pour se faire vacciner contre le Covid-19","description":"La Serbie a ouvert gratuitement ses services de vaccination contre le Covid-19 aux \u00e9trangers et certains membres de l'Union europ\u00e9enne sont pr\u00eats \u00e0 s'y rendre pour se faire vacciner","robots":{"index":"index","follow":"follow","max-snippet":"max-snippet:-1","max-image-preview":"max-image-preview:large","max-video-preview":"max-video-preview:-1"},"canonical":"https:\/\/www.newsendip.com\/fr\/des-neerlandais-voyagent-en-serbie-pour-se-faire-vacciner-contre-le-covid-19\/","og_locale":"fr_FR","og_type":"article","og_title":"Des N\u00e9erlandais voyagent en Serbie pour se faire vacciner contre le Covid-19","og_description":"La Serbie a ouvert gratuitement ses services de vaccination contre le Covid-19 aux \u00e9trangers et certains membres de l'Union europ\u00e9enne sont pr\u00eats \u00e0 s'y rendre pour se faire vacciner","og_url":"https:\/\/www.newsendip.com\/fr\/des-neerlandais-voyagent-en-serbie-pour-se-faire-vacciner-contre-le-covid-19\/","og_site_name":"Newsendip","article_publisher":"https:\/\/www.facebook.com\/newsendip","article_published_time":"2021-04-06T06:59:50+00:00","article_modified_time":"2024-07-23T16:08:35+00:00","og_image":[{"width":1200,"height":800,"url":"https:\/\/www.newsendip.com\/wp-content\/uploads\/2021\/04\/Serbia_vaccine_Bosnia_donation.jpg","type":"image\/jpeg"}],"author":"Cl\u00e9ment V\u00e9rit\u00e9","twitter_card":"summary_large_image","twitter_creator":"@https:\/\/twitter.com\/cverite","twitter_site":"@newsendip","twitter_misc":{"\u00c9crit par":"Cl\u00e9ment V\u00e9rit\u00e9","Dur\u00e9e de lecture estim\u00e9e":"5 minutes"},"schema":{"@context":"https:\/\/schema.org","@graph":[{"@type":"NewsArticle","@id":"https:\/\/www.newsendip.com\/fr\/des-neerlandais-voyagent-en-serbie-pour-se-faire-vacciner-contre-le-covid-19\/#article","isPartOf":{"@id":"https:\/\/www.newsendip.com\/fr\/des-neerlandais-voyagent-en-serbie-pour-se-faire-vacciner-contre-le-covid-19\/"},"author":{"name":"Cl\u00e9ment V\u00e9rit\u00e9","@id":"https:\/\/www.newsendip.com\/fr\/#\/schema\/person\/ea22c01755f464a3cbc2c619584d6363"},"headline":"Des N\u00e9erlandais voyagent en Serbie pour se faire vacciner contre le Covid-19","datePublished":"2021-04-06T06:59:50+00:00","dateModified":"2024-07-23T16:08:35+00:00","mainEntityOfPage":{"@id":"https:\/\/www.newsendip.com\/fr\/des-neerlandais-voyagent-en-serbie-pour-se-faire-vacciner-contre-le-covid-19\/"},"wordCount":1058,"publisher":{"@id":"https:\/\/www.newsendip.com\/fr\/#organization"},"image":{"@id":"https:\/\/www.newsendip.com\/fr\/des-neerlandais-voyagent-en-serbie-pour-se-faire-vacciner-contre-le-covid-19\/#primaryimage"},"thumbnailUrl":"https:\/\/www.newsendip.com\/wp-content\/uploads\/2021\/04\/Serbia_vaccine_Bosnia_donation.jpg","keywords":["Pays-Bas","Serbie","Vieux"],"articleSection":["Sciences et sant\u00e9"],"inLanguage":"fr-FR","copyrightYear":"2021","copyrightHolder":{"@id":"https:\/\/www.newsendip.com\/#organization"}},{"@type":"WebPage","@id":"https:\/\/www.newsendip.com\/fr\/des-neerlandais-voyagent-en-serbie-pour-se-faire-vacciner-contre-le-covid-19\/","url":"https:\/\/www.newsendip.com\/fr\/des-neerlandais-voyagent-en-serbie-pour-se-faire-vacciner-contre-le-covid-19\/","name":"Des N\u00e9erlandais voyagent en Serbie pour se faire vacciner contre le Covid-19","isPartOf":{"@id":"https:\/\/www.newsendip.com\/fr\/#website"},"primaryImageOfPage":{"@id":"https:\/\/www.newsendip.com\/fr\/des-neerlandais-voyagent-en-serbie-pour-se-faire-vacciner-contre-le-covid-19\/#primaryimage"},"image":{"@id":"https:\/\/www.newsendip.com\/fr\/des-neerlandais-voyagent-en-serbie-pour-se-faire-vacciner-contre-le-covid-19\/#primaryimage"},"thumbnailUrl":"https:\/\/www.newsendip.com\/wp-content\/uploads\/2021\/04\/Serbia_vaccine_Bosnia_donation.jpg","datePublished":"2021-04-06T06:59:50+00:00","dateModified":"2024-07-23T16:08:35+00:00","description":"La Serbie a ouvert gratuitement ses services de vaccination contre le Covid-19 aux \u00e9trangers et certains membres de l'Union europ\u00e9enne sont pr\u00eats \u00e0 s'y rendre pour se faire vacciner","breadcrumb":{"@id":"https:\/\/www.newsendip.com\/fr\/des-neerlandais-voyagent-en-serbie-pour-se-faire-vacciner-contre-le-covid-19\/#breadcrumb"},"inLanguage":"fr-FR","potentialAction":[{"@type":"ReadAction","target":["https:\/\/www.newsendip.com\/fr\/des-neerlandais-voyagent-en-serbie-pour-se-faire-vacciner-contre-le-covid-19\/"]}]},{"@type":"ImageObject","inLanguage":"fr-FR","@id":"https:\/\/www.newsendip.com\/fr\/des-neerlandais-voyagent-en-serbie-pour-se-faire-vacciner-contre-le-covid-19\/#primaryimage","url":"https:\/\/www.newsendip.com\/wp-content\/uploads\/2021\/04\/Serbia_vaccine_Bosnia_donation.jpg","contentUrl":"https:\/\/www.newsendip.com\/wp-content\/uploads\/2021\/04\/Serbia_vaccine_Bosnia_donation.jpg","width":1200,"height":800,"caption":"Le pr\u00e9sident de la Serbie faisant don de vaccins \u00e0 la Bosnie-Herz\u00e9govine | Photo : Pr\u00e9sidence de la Serbie \/ Dimitrije Goll"},{"@type":"BreadcrumbList","@id":"https:\/\/www.newsendip.com\/fr\/des-neerlandais-voyagent-en-serbie-pour-se-faire-vacciner-contre-le-covid-19\/#breadcrumb","itemListElement":[{"@type":"ListItem","position":1,"name":"Accueil","item":"https:\/\/www.newsendip.com\/fr\/"},{"@type":"ListItem","position":2,"name":"Des N\u00e9erlandais voyagent en Serbie pour se faire vacciner contre le Covid-19"}]},{"@type":"WebSite","@id":"https:\/\/www.newsendip.com\/fr\/#website","url":"https:\/\/www.newsendip.com\/fr\/","name":"Newsendip","description":"Red\u00e9couvrez l&#039;actualit\u00e9 internationale","publisher":{"@id":"https:\/\/www.newsendip.com\/fr\/#organization"},"potentialAction":[{"@type":"SearchAction","target":{"@type":"EntryPoint","urlTemplate":"https:\/\/www.newsendip.com\/fr\/?s={search_term_string}"},"query-input":{"@type":"PropertyValueSpecification","valueRequired":true,"valueName":"search_term_string"}}],"inLanguage":"fr-FR"},{"@type":"Organization","@id":"https:\/\/www.newsendip.com\/fr\/#organization","name":"Newsendip","url":"https:\/\/www.newsendip.com\/fr\/","logo":{"@type":"ImageObject","inLanguage":"fr-FR","@id":"https:\/\/www.newsendip.com\/fr\/#\/schema\/logo\/image\/","url":"https:\/\/www.newsendip.com\/wp-content\/uploads\/2023\/12\/512x512.svg","contentUrl":"https:\/\/www.newsendip.com\/wp-content\/uploads\/2023\/12\/512x512.svg","width":1,"height":1,"caption":"Newsendip"},"image":{"@id":"https:\/\/www.newsendip.com\/fr\/#\/schema\/logo\/image\/"},"sameAs":["https:\/\/www.facebook.com\/newsendip","https:\/\/x.com\/newsendip","https:\/\/mastodon.social\/@newsendip","https:\/\/www.linkedin.com\/company\/newsendip"],"description":"Newsendip est un site qui a pour mission de rendre l'actualit\u00e9 internationale accessible et diversifi\u00e9e","email":"contact@newsendip.com","legalName":"Newsendip SAS","foundingDate":"2022-11-04","vatID":"FR60921124723","numberOfEmployees":{"@type":"QuantitativeValue","minValue":"1","maxValue":"10"},"publishingPrinciples":"https:\/\/www.newsendip.com\/about-us\/","ownershipFundingInfo":"https:\/\/www.newsendip.com\/legal-notice\/","actionableFeedbackPolicy":"https:\/\/www.newsendip.com\/about-us\/","correctionsPolicy":"https:\/\/www.newsendip.com\/about-us\/","ethicsPolicy":"https:\/\/www.newsendip.com\/about-us\/","diversityPolicy":"https:\/\/www.newsendip.com\/about-us\/"},{"@type":"Person","@id":"https:\/\/www.newsendip.com\/fr\/#\/schema\/person\/ea22c01755f464a3cbc2c619584d6363","name":"Cl\u00e9ment V\u00e9rit\u00e9","description":"Cl\u00e9ment is the executive editor and founder of Newsendip. He started in the media industry as a freelance reporter at 16 for a local French newspaper after school and has never left it. He later worked for seven years at The New York Times, notably as a data analyst. He holds a Master of Management in France and a Master of Arts in the United Kingdom in International Marketing &amp; Communications Strategy. He has lived in France, the United Kingdom, and Italy.","sameAs":["https:\/\/www.newsendip.com\/","https:\/\/www.linkedin.com\/in\/clementverite\/","https:\/\/x.com\/https:\/\/twitter.com\/cverite"],"knowsAbout":["News","International","Business","Media monitoring"],"knowsLanguage":["English","French","Italian","Spanish"],"url":"https:\/\/www.newsendip.com\/fr\/author\/clement-verite\/"}]}},"_links":{"self":[{"href":"https:\/\/www.newsendip.com\/fr\/wp-json\/wp\/v2\/posts\/18943","targetHints":{"allow":["GET"]}}],"collection":[{"href":"https:\/\/www.newsendip.com\/fr\/wp-json\/wp\/v2\/posts"}],"about":[{"href":"https:\/\/www.newsendip.com\/fr\/wp-json\/wp\/v2\/types\/post"}],"author":[{"embeddable":true,"href":"https:\/\/www.newsendip.com\/fr\/wp-json\/wp\/v2\/users\/1"}],"replies":[{"embeddable":true,"href":"https:\/\/www.newsendip.com\/fr\/wp-json\/wp\/v2\/comments?post=18943"}],"version-history":[{"count":0,"href":"https:\/\/www.newsendip.com\/fr\/wp-json\/wp\/v2\/posts\/18943\/revisions"}],"wp:featuredmedia":[{"embeddable":true,"href":"https:\/\/www.newsendip.com\/fr\/wp-json\/wp\/v2\/media\/1916"}],"wp:attachment":[{"href":"https:\/\/www.newsendip.com\/fr\/wp-json\/wp\/v2\/media?parent=18943"}],"wp:term":[{"taxonomy":"category","embeddable":true,"href":"https:\/\/www.newsendip.com\/fr\/wp-json\/wp\/v2\/categories?post=18943"},{"taxonomy":"post_tag","embeddable":true,"href":"https:\/\/www.newsendip.com\/fr\/wp-json\/wp\/v2\/tags?post=18943"}],"curies":[{"name":"wp","href":"https:\/\/api.w.org\/{rel}","templated":true}]}}