{"id":18978,"date":"2021-07-16T21:00:00","date_gmt":"2021-07-16T19:00:00","guid":{"rendered":"https:\/\/www.newsendip.com\/?p=18978"},"modified":"2024-07-23T17:44:57","modified_gmt":"2024-07-23T15:44:57","slug":"74-de-la-police-bresilienne-favorables-a-lacces-aux-armes-a-feu-pour-les-civils","status":"publish","type":"post","link":"https:\/\/www.newsendip.com\/fr\/74-de-la-police-bresilienne-favorables-a-lacces-aux-armes-a-feu-pour-les-civils\/","title":{"rendered":"74% de la police br\u00e9silienne favorables \u00e0 l\u2019acc\u00e8s aux armes \u00e0 feu pour les civils"},"content":{"rendered":"<p><strong>Si seulement 10% des forces de police br\u00e9siliennes souhaitent un large acc\u00e8s aux armes \u00e0 feu pour les civils, elles semblent plus favorables \u00e0 la possession d\u2019armes que la population.<\/strong><\/p>\n<figure id=\"attachment_13627\" aria-describedby=\"caption-attachment-13627\" style=\"width: 640px\" class=\"wp-caption aligncenter\"><img decoding=\"async\" class=\"wp-image-13627 size-full\" src=\"https:\/\/www.newsendip.com\/wp-content\/uploads\/2021\/07\/police-brazil-firearm-weapon-population-progressive.jpeg\" alt=\"Policiers au Br\u00e9sil\" width=\"640\" height=\"427\" srcset=\"https:\/\/www.newsendip.com\/wp-content\/uploads\/2021\/07\/police-brazil-firearm-weapon-population-progressive.jpeg 640w, https:\/\/www.newsendip.com\/wp-content\/uploads\/2021\/07\/police-brazil-firearm-weapon-population-progressive-60x40.jpeg 60w, https:\/\/www.newsendip.com\/wp-content\/uploads\/2021\/07\/police-brazil-firearm-weapon-population-progressive-300x200.jpeg 300w\" sizes=\"(max-width: 640px) 100vw, 640px\"><figcaption id=\"caption-attachment-13627\" class=\"wp-caption-text\">Policiers au Br\u00e9sil pendant la pand\u00e9mie de Covid-19 | Alexandre Fukugava<\/figcaption><\/figure>\n<p>Durant sa campagne pr\u00e9sidentielle, Jair Bolsonaro a promu la lib\u00e9ralisation de la d\u00e9tention d\u2019armes aupr\u00e8s de la population.<\/p>\n<p>Dans une enqu\u00eate sans pr\u00e9c\u00e9dent men\u00e9e par le Forum br\u00e9silien de la s\u00e9curit\u00e9 publique, une organisation \u00e0 but non lucratif sp\u00e9cialis\u00e9e dans la s\u00e9curit\u00e9 publique, une <strong>grande partie des forces de police souhaite un acc\u00e8s aux armes \u00e0 feu, avec diff\u00e9rents niveaux de restrictions, pour les civils<\/strong>.<\/p>\n<p>Pourtant, la population g\u00e9n\u00e9rale semble plus favorable \u00e0 l\u2019interdiction de la possession d\u2019armes.<\/p>\n<p>Malgr\u00e9 tout, davantage de policiers et de responsables de la s\u00e9curit\u00e9 publique souhaitent une interdiction totale plut\u00f4t qu\u2019\u00e0 un acc\u00e8s g\u00e9n\u00e9ralis\u00e9 aux armes \u00e0&nbsp;feu.<\/p>\n<p>Le questionnaire, qui fait partie de la <a href=\"#ref\">15e \u00e9dition du bilan annuel de la s\u00e9curit\u00e9 publique<\/a>, a \u00e9t\u00e9 rempli par 6 600 policiers et divers professionnels de la s\u00e9curit\u00e9 publique en mai 2021. En ce qui concerne l\u2019acc\u00e8s aux armes \u00e0 feu pour des questions de s\u00e9curit\u00e9 publique, 74% d\u2019entre eux se sont d\u00e9clar\u00e9s favorables \u00e0 un usage civil avec \u00ab\u202f<em>diff\u00e9rents niveaux de restrictions<\/em>\u202f\u00bb.<\/p>\n<p>A l\u2019oppos\u00e9, <strong>10% des forces de police souhaitent un acc\u00e8s g\u00e9n\u00e9ralis\u00e9 aux armes \u00e0 feu tandis que 16% souhaitent une interdiction totale de celles-ci<\/strong>. La corporation la plus favorable \u00e0 l\u2019acc\u00e8s g\u00e9n\u00e9ralis\u00e9 des armes \u00e0 feu est celle des pompiers, avec 17% des r\u00e9pondants qui sont d\u2019accord avec cette option. Cependant, 29% de la police f\u00e9d\u00e9rale est plus encline \u00e0 une interdiction totale de l\u2019acc\u00e8s civil des armes \u00e0&nbsp;feu.<\/p>\n<p>\u00ab\u202f<em>Ceux qui d\u00e9fendent une grande lib\u00e9ralisation de l\u2019acc\u00e8s aux armes \u00e0 feu sont \u00e9galement plus favorables au gouvernement f\u00e9d\u00e9ral<\/em>\u202f\u00bb, <a href=\"https:\/\/www1.folha.uol.com.br\/cotidiano\/2021\/07\/so-10-dos-policiais-brasileiros-sao-favoraveis-a-liberacao-de-armas-mas-63-acreditam-no-kit-covid.shtml\">explique Renato S\u00e9rgio de Lima<\/a>, pr\u00e9sident du Forum br\u00e9silien sur la s\u00e9curit\u00e9 publique et responsable de l\u2019\u00e9tude, \u00e0 Fohla de S.&nbsp;Paulo.<\/p>\n<h2>Le nombre d\u2019armes \u00e0 feu officiellement enregistr\u00e9es au Br\u00e9sil a doubl\u00e9 en 3&nbsp;ans<\/h2>\n<p><!--more--><\/p>\n<p>Les autorit\u00e9s polici\u00e8res semblent \u00eatre plus favorables \u00e0 la <a href=\"https:\/\/www.newsendip.com\/fr\/la-commission-europeenne-emet-un-recours-contre-la-suede-pour-ne-pas-avoir-adopte-une-directive-sur-le-controle-des-armes-a-feu\/\">possession d\u2019armes chez les civils<\/a> que la population g\u00e9n\u00e9rale.<\/p>\n<p>En 2019, un sondage r\u00e9alis\u00e9 apr\u00e8s l\u2019\u00e9lection pr\u00e9sidentielle a montr\u00e9 que <strong>deux tiers de la population pensaient que la d\u00e9tention d\u2019armes \u00e0 feu devrait \u00eatre interdite<\/strong> et 70% d\u2019entre eux pensaient que les personnes ne devraient pas \u00eatre autoris\u00e9s \u00e0 porter des&nbsp;armes.<\/p>\n<p>Pendant sa campagne pr\u00e9sidentielle, <a href=\"https:\/\/www.newsendip.com\/fr\/bolsonaro-renonce-a-une-augmentation-de-salaire-promise-a-la-police-pour-linstant\/\">Jair Bolsonaro<\/a> a promis de faciliter l\u2019acc\u00e8s des armes \u00e0 feu pour les Br\u00e9siliens. Depuis son entr\u00e9e en fonction en janvier 2019, il a sign\u00e9 une trentaine de r\u00e9glementations assouplissant les restrictions pour la possession d\u2019armes.<\/p>\n<p>Alors que 637 972 armes \u00e0 feu \u00e9taient officiellement enregistr\u00e9es au Br\u00e9sil en 2017, plus d\u2019un million \u00e9taient en circulation chez les civils Br\u00e9siliens d\u00e8s 2019. En 2020, 1 279 491 armes \u00e0 feu \u00e9taient officiellement d\u00e9tenues par des civils, soit la plus grande quantit\u00e9 jamais enregistr\u00e9e par la police f\u00e9d\u00e9rale. <strong>En deux ans, plus d\u2019armes \u00e0 feu ont \u00e9t\u00e9 enregistr\u00e9es qu\u2019entre 2012 et 2018<\/strong>, selon le <a href=\"#ref\">S\u00e9nat br\u00e9silien<\/a>.<\/p>\n<p><strong><a href=\"https:\/\/www.newsendip.com\/fr\/etiquette\/bresil\/\">D\u00e9couvrez plus d\u2019actualit\u00e9s sur le Br\u00e9sil<\/a><\/strong><\/p>\n<h3 id=\"ref\">Sources et liens utiles&nbsp;:<\/h3>\n<ul>\n<li><a href=\"https:\/\/forumseguranca.org.br\/anuario-brasileiro-seguranca-publica\/\">Anu\u00e1rio Brasileiro de Seguran\u00e7a P\u00fablica<\/a>, F\u00f3rum Brasileiro de Seguran\u00e7a P\u00fablica, juillet 2021<\/li>\n<li><a href=\"https:\/\/www12.senado.leg.br\/noticias\/infomaterias\/2021\/03\/especialistas-veem-perigo-em-armar-cidadaos-e-atiradores-esperam-mais-incentivos-do-governo\">Especialistas veem perigo em armar cidad\u00e3os. Atiradores esperam mais incentivos do governo<\/a>, Ag\u00eancia Senado, mars&nbsp;2021<\/li>\n<\/ul>\n","protected":false},"excerpt":{"rendered":"<p>Si seulement 10% des forces de police br\u00e9siliennes souhaitent un large acc\u00e8s aux armes \u00e0 feu pour les civils, elles semblent plus favorables \u00e0 la possession d\u2019armes que la population.<\/p>\n","protected":false},"author":1,"featured_media":13627,"comment_status":"closed","ping_status":"closed","sticky":false,"template":"","format":"standard","meta":{"wp_typography_post_enhancements_disabled":false,"footnotes":""},"categories":[409],"tags":[411,455],"class_list":["post-18978","post","type-post","status-publish","format-standard","has-post-thumbnail","hentry","category-societe","tag-actuel","tag-bresil"],"yoast_head":"<!-- This site is optimized with the Yoast SEO Premium plugin v27.4 (Yoast SEO v27.4) - https:\/\/yoast.com\/product\/yoast-seo-premium-wordpress\/ -->\n<title>74% de la police br\u00e9silienne favorables \u00e0 l&#039;acc\u00e8s aux armes \u00e0 feu pour les civils<\/title>\n<meta name=\"description\" content=\"Si seulement 10% des forces de police br\u00e9siliennes souhaitent un large acc\u00e8s aux armes \u00e0 feu pour les civils, elles semblent plus favorables \u00e0 la possession d&#039;armes que la population.\" \/>\n<meta name=\"robots\" content=\"index, follow, max-snippet:-1, max-image-preview:large, max-video-preview:-1\" \/>\n<link rel=\"canonical\" href=\"https:\/\/www.newsendip.com\/fr\/74-de-la-police-bresilienne-favorables-a-lacces-aux-armes-a-feu-pour-les-civils\/\" \/>\n<meta property=\"og:locale\" content=\"fr_FR\" \/>\n<meta property=\"og:type\" content=\"article\" \/>\n<meta property=\"og:title\" content=\"74% de la police br\u00e9silienne favorables \u00e0 l&#039;acc\u00e8s aux armes \u00e0 feu pour les civils\" \/>\n<meta property=\"og:description\" content=\"Si seulement 10% des forces de police br\u00e9siliennes souhaitent un large acc\u00e8s aux armes \u00e0 feu pour les civils, elles semblent plus favorables \u00e0 la possession d&#039;armes que la population.\" \/>\n<meta property=\"og:url\" content=\"https:\/\/www.newsendip.com\/fr\/74-de-la-police-bresilienne-favorables-a-lacces-aux-armes-a-feu-pour-les-civils\/\" \/>\n<meta property=\"og:site_name\" content=\"Newsendip\" \/>\n<meta property=\"article:publisher\" content=\"https:\/\/www.facebook.com\/newsendip\" \/>\n<meta property=\"article:published_time\" content=\"2021-07-16T19:00:00+00:00\" \/>\n<meta property=\"article:modified_time\" content=\"2024-07-23T15:44:57+00:00\" \/>\n<meta property=\"og:image\" content=\"https:\/\/www.newsendip.com\/wp-content\/uploads\/2021\/07\/police-brazil-firearm-weapon-population-progressive.jpeg\" \/>\n\t<meta property=\"og:image:width\" content=\"640\" \/>\n\t<meta property=\"og:image:height\" content=\"427\" \/>\n\t<meta property=\"og:image:type\" content=\"image\/jpeg\" \/>\n<meta name=\"author\" content=\"Cl\u00e9ment V\u00e9rit\u00e9\" \/>\n<meta name=\"twitter:card\" content=\"summary_large_image\" \/>\n<meta name=\"twitter:creator\" content=\"@https:\/\/twitter.com\/cverite\" \/>\n<meta name=\"twitter:site\" content=\"@newsendip\" \/>\n<meta name=\"twitter:label1\" content=\"\u00c9crit par\" \/>\n\t<meta name=\"twitter:data1\" content=\"Cl\u00e9ment V\u00e9rit\u00e9\" \/>\n\t<meta name=\"twitter:label2\" content=\"Dur\u00e9e de lecture estim\u00e9e\" \/>\n\t<meta name=\"twitter:data2\" content=\"3 minutes\" \/>\n<!-- \/ Yoast SEO Premium plugin. -->","yoast_head_json":{"title":"74% de la police br\u00e9silienne favorables \u00e0 l'acc\u00e8s aux armes \u00e0 feu pour les civils","description":"Si seulement 10% des forces de police br\u00e9siliennes souhaitent un large acc\u00e8s aux armes \u00e0 feu pour les civils, elles semblent plus favorables \u00e0 la possession d'armes que la population.","robots":{"index":"index","follow":"follow","max-snippet":"max-snippet:-1","max-image-preview":"max-image-preview:large","max-video-preview":"max-video-preview:-1"},"canonical":"https:\/\/www.newsendip.com\/fr\/74-de-la-police-bresilienne-favorables-a-lacces-aux-armes-a-feu-pour-les-civils\/","og_locale":"fr_FR","og_type":"article","og_title":"74% de la police br\u00e9silienne favorables \u00e0 l'acc\u00e8s aux armes \u00e0 feu pour les civils","og_description":"Si seulement 10% des forces de police br\u00e9siliennes souhaitent un large acc\u00e8s aux armes \u00e0 feu pour les civils, elles semblent plus favorables \u00e0 la possession d'armes que la population.","og_url":"https:\/\/www.newsendip.com\/fr\/74-de-la-police-bresilienne-favorables-a-lacces-aux-armes-a-feu-pour-les-civils\/","og_site_name":"Newsendip","article_publisher":"https:\/\/www.facebook.com\/newsendip","article_published_time":"2021-07-16T19:00:00+00:00","article_modified_time":"2024-07-23T15:44:57+00:00","og_image":[{"width":640,"height":427,"url":"https:\/\/www.newsendip.com\/wp-content\/uploads\/2021\/07\/police-brazil-firearm-weapon-population-progressive.jpeg","type":"image\/jpeg"}],"author":"Cl\u00e9ment V\u00e9rit\u00e9","twitter_card":"summary_large_image","twitter_creator":"@https:\/\/twitter.com\/cverite","twitter_site":"@newsendip","twitter_misc":{"\u00c9crit par":"Cl\u00e9ment V\u00e9rit\u00e9","Dur\u00e9e de lecture estim\u00e9e":"3 minutes"},"schema":{"@context":"https:\/\/schema.org","@graph":[{"@type":"NewsArticle","@id":"https:\/\/www.newsendip.com\/fr\/74-de-la-police-bresilienne-favorables-a-lacces-aux-armes-a-feu-pour-les-civils\/#article","isPartOf":{"@id":"https:\/\/www.newsendip.com\/fr\/74-de-la-police-bresilienne-favorables-a-lacces-aux-armes-a-feu-pour-les-civils\/"},"author":{"name":"Cl\u00e9ment V\u00e9rit\u00e9","@id":"https:\/\/www.newsendip.com\/fr\/#\/schema\/person\/ea22c01755f464a3cbc2c619584d6363"},"headline":"74% de la police br\u00e9silienne favorables \u00e0 l\u2019acc\u00e8s aux armes \u00e0 feu pour les civils","datePublished":"2021-07-16T19:00:00+00:00","dateModified":"2024-07-23T15:44:57+00:00","mainEntityOfPage":{"@id":"https:\/\/www.newsendip.com\/fr\/74-de-la-police-bresilienne-favorables-a-lacces-aux-armes-a-feu-pour-les-civils\/"},"wordCount":627,"publisher":{"@id":"https:\/\/www.newsendip.com\/fr\/#organization"},"image":{"@id":"https:\/\/www.newsendip.com\/fr\/74-de-la-police-bresilienne-favorables-a-lacces-aux-armes-a-feu-pour-les-civils\/#primaryimage"},"thumbnailUrl":"https:\/\/www.newsendip.com\/wp-content\/uploads\/2021\/07\/police-brazil-firearm-weapon-population-progressive.jpeg","keywords":["Actuel","Br\u00e9sil"],"articleSection":["Soci\u00e9t\u00e9"],"inLanguage":"fr-FR","copyrightYear":"2021","copyrightHolder":{"@id":"https:\/\/www.newsendip.com\/#organization"}},{"@type":"WebPage","@id":"https:\/\/www.newsendip.com\/fr\/74-de-la-police-bresilienne-favorables-a-lacces-aux-armes-a-feu-pour-les-civils\/","url":"https:\/\/www.newsendip.com\/fr\/74-de-la-police-bresilienne-favorables-a-lacces-aux-armes-a-feu-pour-les-civils\/","name":"74% de la police br\u00e9silienne favorables \u00e0 l'acc\u00e8s aux armes \u00e0 feu pour les civils","isPartOf":{"@id":"https:\/\/www.newsendip.com\/fr\/#website"},"primaryImageOfPage":{"@id":"https:\/\/www.newsendip.com\/fr\/74-de-la-police-bresilienne-favorables-a-lacces-aux-armes-a-feu-pour-les-civils\/#primaryimage"},"image":{"@id":"https:\/\/www.newsendip.com\/fr\/74-de-la-police-bresilienne-favorables-a-lacces-aux-armes-a-feu-pour-les-civils\/#primaryimage"},"thumbnailUrl":"https:\/\/www.newsendip.com\/wp-content\/uploads\/2021\/07\/police-brazil-firearm-weapon-population-progressive.jpeg","datePublished":"2021-07-16T19:00:00+00:00","dateModified":"2024-07-23T15:44:57+00:00","description":"Si seulement 10% des forces de police br\u00e9siliennes souhaitent un large acc\u00e8s aux armes \u00e0 feu pour les civils, elles semblent plus favorables \u00e0 la possession d'armes que la population.","breadcrumb":{"@id":"https:\/\/www.newsendip.com\/fr\/74-de-la-police-bresilienne-favorables-a-lacces-aux-armes-a-feu-pour-les-civils\/#breadcrumb"},"inLanguage":"fr-FR","potentialAction":[{"@type":"ReadAction","target":["https:\/\/www.newsendip.com\/fr\/74-de-la-police-bresilienne-favorables-a-lacces-aux-armes-a-feu-pour-les-civils\/"]}]},{"@type":"ImageObject","inLanguage":"fr-FR","@id":"https:\/\/www.newsendip.com\/fr\/74-de-la-police-bresilienne-favorables-a-lacces-aux-armes-a-feu-pour-les-civils\/#primaryimage","url":"https:\/\/www.newsendip.com\/wp-content\/uploads\/2021\/07\/police-brazil-firearm-weapon-population-progressive.jpeg","contentUrl":"https:\/\/www.newsendip.com\/wp-content\/uploads\/2021\/07\/police-brazil-firearm-weapon-population-progressive.jpeg","width":640,"height":427,"caption":"Policiers au Br\u00e9sil pendant la pand\u00e9mie de Covid-19 | Alexandre Fukugava"},{"@type":"BreadcrumbList","@id":"https:\/\/www.newsendip.com\/fr\/74-de-la-police-bresilienne-favorables-a-lacces-aux-armes-a-feu-pour-les-civils\/#breadcrumb","itemListElement":[{"@type":"ListItem","position":1,"name":"Accueil","item":"https:\/\/www.newsendip.com\/fr\/"},{"@type":"ListItem","position":2,"name":"74% de la police br\u00e9silienne favorables \u00e0 l&#8217;acc\u00e8s aux armes \u00e0 feu pour les civils"}]},{"@type":"WebSite","@id":"https:\/\/www.newsendip.com\/fr\/#website","url":"https:\/\/www.newsendip.com\/fr\/","name":"Newsendip","description":"Red\u00e9couvrez l&#039;actualit\u00e9 internationale","publisher":{"@id":"https:\/\/www.newsendip.com\/fr\/#organization"},"potentialAction":[{"@type":"SearchAction","target":{"@type":"EntryPoint","urlTemplate":"https:\/\/www.newsendip.com\/fr\/?s={search_term_string}"},"query-input":{"@type":"PropertyValueSpecification","valueRequired":true,"valueName":"search_term_string"}}],"inLanguage":"fr-FR"},{"@type":"Organization","@id":"https:\/\/www.newsendip.com\/fr\/#organization","name":"Newsendip","url":"https:\/\/www.newsendip.com\/fr\/","logo":{"@type":"ImageObject","inLanguage":"fr-FR","@id":"https:\/\/www.newsendip.com\/fr\/#\/schema\/logo\/image\/","url":"https:\/\/www.newsendip.com\/wp-content\/uploads\/2023\/12\/512x512.svg","contentUrl":"https:\/\/www.newsendip.com\/wp-content\/uploads\/2023\/12\/512x512.svg","width":1,"height":1,"caption":"Newsendip"},"image":{"@id":"https:\/\/www.newsendip.com\/fr\/#\/schema\/logo\/image\/"},"sameAs":["https:\/\/www.facebook.com\/newsendip","https:\/\/x.com\/newsendip","https:\/\/mastodon.social\/@newsendip","https:\/\/www.linkedin.com\/company\/newsendip"],"description":"Newsendip est un site qui a pour mission de rendre l'actualit\u00e9 internationale accessible et diversifi\u00e9e","email":"contact@newsendip.com","legalName":"Newsendip SAS","foundingDate":"2022-11-04","vatID":"FR60921124723","numberOfEmployees":{"@type":"QuantitativeValue","minValue":"1","maxValue":"10"},"publishingPrinciples":"https:\/\/www.newsendip.com\/about-us\/","ownershipFundingInfo":"https:\/\/www.newsendip.com\/legal-notice\/","actionableFeedbackPolicy":"https:\/\/www.newsendip.com\/about-us\/","correctionsPolicy":"https:\/\/www.newsendip.com\/about-us\/","ethicsPolicy":"https:\/\/www.newsendip.com\/about-us\/","diversityPolicy":"https:\/\/www.newsendip.com\/about-us\/"},{"@type":"Person","@id":"https:\/\/www.newsendip.com\/fr\/#\/schema\/person\/ea22c01755f464a3cbc2c619584d6363","name":"Cl\u00e9ment V\u00e9rit\u00e9","description":"Cl\u00e9ment is the executive editor and founder of Newsendip. He started in the media industry as a freelance reporter at 16 for a local French newspaper after school and has never left it. He later worked for seven years at The New York Times, notably as a data analyst. He holds a Master of Management in France and a Master of Arts in the United Kingdom in International Marketing &amp; Communications Strategy. He has lived in France, the United Kingdom, and Italy.","sameAs":["https:\/\/www.newsendip.com\/","https:\/\/www.linkedin.com\/in\/clementverite\/","https:\/\/x.com\/https:\/\/twitter.com\/cverite"],"knowsAbout":["News","International","Business","Media monitoring"],"knowsLanguage":["English","French","Italian","Spanish"],"url":"https:\/\/www.newsendip.com\/fr\/author\/clement-verite\/"}]}},"_links":{"self":[{"href":"https:\/\/www.newsendip.com\/fr\/wp-json\/wp\/v2\/posts\/18978","targetHints":{"allow":["GET"]}}],"collection":[{"href":"https:\/\/www.newsendip.com\/fr\/wp-json\/wp\/v2\/posts"}],"about":[{"href":"https:\/\/www.newsendip.com\/fr\/wp-json\/wp\/v2\/types\/post"}],"author":[{"embeddable":true,"href":"https:\/\/www.newsendip.com\/fr\/wp-json\/wp\/v2\/users\/1"}],"replies":[{"embeddable":true,"href":"https:\/\/www.newsendip.com\/fr\/wp-json\/wp\/v2\/comments?post=18978"}],"version-history":[{"count":0,"href":"https:\/\/www.newsendip.com\/fr\/wp-json\/wp\/v2\/posts\/18978\/revisions"}],"wp:featuredmedia":[{"embeddable":true,"href":"https:\/\/www.newsendip.com\/fr\/wp-json\/wp\/v2\/media\/13627"}],"wp:attachment":[{"href":"https:\/\/www.newsendip.com\/fr\/wp-json\/wp\/v2\/media?parent=18978"}],"wp:term":[{"taxonomy":"category","embeddable":true,"href":"https:\/\/www.newsendip.com\/fr\/wp-json\/wp\/v2\/categories?post=18978"},{"taxonomy":"post_tag","embeddable":true,"href":"https:\/\/www.newsendip.com\/fr\/wp-json\/wp\/v2\/tags?post=18978"}],"curies":[{"name":"wp","href":"https:\/\/api.w.org\/{rel}","templated":true}]}}