{"id":18982,"date":"2021-06-09T20:00:00","date_gmt":"2021-06-09T18:00:00","guid":{"rendered":"https:\/\/www.newsendip.com\/?p=18982"},"modified":"2024-07-23T17:56:58","modified_gmt":"2024-07-23T15:56:58","slug":"un-troll-instagram-gere-depuis-le-bureau-du-president-du-bresil","status":"publish","type":"post","link":"https:\/\/www.newsendip.com\/fr\/un-troll-instagram-gere-depuis-le-bureau-du-president-du-bresil\/","title":{"rendered":"Un troll Instagram g\u00e9r\u00e9 depuis le bureau du pr\u00e9sident du Br\u00e9sil"},"content":{"rendered":"<p><strong>Un profil supprim\u00e9 par Facebook a \u00e9t\u00e9 actif depuis des lieux publics officiels et le domicile du pr\u00e9sident du Br\u00e9sil. Jair Bolsonaro avait affirm\u00e9 n\u2019avoir aucun lien avec ce faux compte.<\/strong><\/p>\n<figure id=\"attachment_13571\" aria-describedby=\"caption-attachment-13571\" style=\"width: 399px\" class=\"wp-caption aligncenter\"><img decoding=\"async\" class=\"wp-image-13571 size-full\" src=\"https:\/\/www.newsendip.com\/wp-content\/uploads\/2021\/06\/troll-instagram-bolsonaro-Palacio-do-Planalto.jpg\" alt=\"Le palais du Planalto, le lieu de travail officiel du pr\u00e9sident\" width=\"399\" height=\"197\" srcset=\"https:\/\/www.newsendip.com\/wp-content\/uploads\/2021\/06\/troll-instagram-bolsonaro-Palacio-do-Planalto.jpg 399w, https:\/\/www.newsendip.com\/wp-content\/uploads\/2021\/06\/troll-instagram-bolsonaro-Palacio-do-Planalto-60x30.jpg 60w, https:\/\/www.newsendip.com\/wp-content\/uploads\/2021\/06\/troll-instagram-bolsonaro-Palacio-do-Planalto-300x148.jpg 300w\" sizes=\"(max-width: 399px) 100vw, 399px\"><figcaption id=\"caption-attachment-13571\" class=\"wp-caption-text\">Le palais du Planalto, le lieu de travail officiel du pr\u00e9sident o\u00f9 de faux profils de r\u00e9seaux sociaux ont \u00e9t\u00e9 g\u00e9r\u00e9s entre 2018 et 2019 | Michel Temer<\/figcaption><\/figure>\n<p>L\u2019ann\u00e9e derni\u00e8re, la police f\u00e9d\u00e9rale a enqu\u00eat\u00e9 sur des \u00ab\u202f<em>actes antid\u00e9mocratiques<\/em>\u202f\u00bb, afin d\u2019examiner les manifestations contre le retour \u00e0 une <a href=\"https:\/\/www.newsendip.com\/fr\/jair-bolsonaro-a-tente-de-revisiter-lhistoire-du-bresil-pour-lexamen-du-baccalaureat\/\">dictature militaire<\/a>. Au cours de l\u2019enqu\u00eate, elle a identifi\u00e9 un <strong>faux profil soup\u00e7onn\u00e9 d\u2019\u00eatre g\u00e9r\u00e9 par l\u2019\u00e9quipe de Jair Bolsonaro<\/strong>. Un <a href=\"#ref\">journal br\u00e9silien a r\u00e9v\u00e9l\u00e9<\/a> qu\u2019il avait \u00e9t\u00e9 utilis\u00e9 depuis le palais du Planalto, le lieu de travail du pr\u00e9sident, et la maison du pr\u00e9sident.<\/p>\n<p>L\u2019ann\u00e9e derni\u00e8re, <a href=\"https:\/\/www.newsendip.com\/fr\/facebook-a-supprime-un-reseau-antivax-de-france-et-ditalie-et-des-comptes-lies-au-kgb-bielorusse\/\">Facebook a supprim\u00e9 plusieurs comptes<\/a> Instagram ou Facebook qu\u2019il consid\u00e9rait comme faux. Dans son enqu\u00eate, la police f\u00e9d\u00e9rale a donc utilis\u00e9 un rapport sur la suppression des profils produit par le Forensics Lab de l\u2019Atlantic Council, une organisation am\u00e9ricaine qui documente la d\u00e9sinformation et d\u00e9nonce les fake news. Selon le quotidien <a href=\"https:\/\/politica.estadao.com.br\/blogs\/fausto-macedo\/perfil-inautentico-derrubado-pelo-facebook-foi-acessado-da-casa-de-bolsonaro-no-rio-e-de-dentro-do-planalto\/\"><em>Est\u00e3dao<\/em><\/a>, la police f\u00e9d\u00e9rale a identifi\u00e9 80 comptes consid\u00e9r\u00e9s comme diffusant des \u00ab\u202f<em>informations non d\u00e9mocratiques<\/em>\u202f\u00bb. Les fournisseurs d\u2019acc\u00e8s \u00e0 Internet ont ensuite partag\u00e9 les adresses IP et les donn\u00e9es de localisation li\u00e9es \u00e0 ces profils.<\/p>\n<p>Ces profils ont \u00e9t\u00e9 actifs plus de <strong>1 000 fois depuis des b\u00e2timents publics tels que la Chambre des repr\u00e9sentants, le S\u00e9nat, le palais du Planalto ou m\u00eame la maison de Jair Bolsonaro \u00e0 Rio de Janeiro<\/strong>.<\/p>\n<h2>Un troll dans le bureau du pr\u00e9sident<\/h2>\n<p><!--more--><\/p>\n<p>Le profil Instagram \u00ab\u202f<em>Bolsonaro Newsss<\/em>\u202f\u00bb faisait partie des faux profils supprim\u00e9s par <a href=\"https:\/\/www.newsendip.com\/fr\/lune-des-plus-grandes-usines-a-trolls-demantelee-par-facebook-geree-par-le-gouvernement-du-nicaragua\/\">Facebook<\/a> en juin dernier. Le compte \u00e9tait utilis\u00e9 pour <strong>envoyer des m\u00e8mes ciblant d\u2019anciens alli\u00e9s de Jair Bolsonaro<\/strong>.<\/p>\n<p>Mais les adresses IP permettant d\u2019acc\u00e9der \u00e0 ce compte sont li\u00e9es \u00e0 la maison de Jair Bolsonaro et au lieu de travail officiel du pr\u00e9sident \u00e0 Brasilia, le Pal\u00e1cio do Planalto. Plus de <strong>100 acc\u00e8s au compte ont \u00e9t\u00e9 effectu\u00e9s entre novembre 2018 et mai 2019 dans le b\u00e2timent pr\u00e9sidentiel<\/strong>.<\/p>\n<p>De plus, les comptes \u00e9taient actifs pendant les heures de travail, ce qui sugg\u00e8re que cela faisait partie du travail de T\u00e9rcio Arnaud Thomaz, un conseiller de Jair Bolsonaro et l\u2019administrateur pr\u00e9sum\u00e9 de @bolsonaronewsss.<\/p>\n<p>Le pr\u00e9sident a toujours ni\u00e9 que le personnel public utilisait de faux profils Facebook ou Instagram pour troller Internet en sa faveur.<\/p>\n<p><strong><a href=\"https:\/\/www.newsendip.com\/fr\/etiquette\/bresil\/\">D\u00e9couvrez plus d\u2019actualit\u00e9s sur le Br\u00e9sil<\/a><\/strong><\/p>\n","protected":false},"excerpt":{"rendered":"<p>Un profil supprim\u00e9 par Facebook a \u00e9t\u00e9 actif depuis des lieux publics officiels et le domicile du pr\u00e9sident du Br\u00e9sil. Jair Bolsonaro avait affirm\u00e9 n\u2019avoir aucun lien avec ce faux compte.<\/p>\n","protected":false},"author":1,"featured_media":13571,"comment_status":"closed","ping_status":"closed","sticky":false,"template":"","format":"standard","meta":{"wp_typography_post_enhancements_disabled":false,"footnotes":""},"categories":[416],"tags":[455,421],"class_list":["post-18982","post","type-post","status-publish","format-standard","has-post-thumbnail","hentry","category-politique","tag-bresil","tag-vieux"],"yoast_head":"<!-- This site is optimized with the Yoast SEO Premium plugin v27.4 (Yoast SEO v27.4) - https:\/\/yoast.com\/product\/yoast-seo-premium-wordpress\/ -->\n<title>Un troll Instagram g\u00e9r\u00e9 depuis le bureau du pr\u00e9sident du Br\u00e9sil<\/title>\n<meta name=\"description\" content=\"Un profil supprim\u00e9 par Facebook a \u00e9t\u00e9 actif depuis des lieux publics officiels et le domicile du pr\u00e9sident du Br\u00e9sil. Jair Bolsonaro avait affirm\u00e9 n&#039;avoir aucun lien avec ce faux compte.\" \/>\n<meta name=\"robots\" content=\"index, follow, max-snippet:-1, max-image-preview:large, max-video-preview:-1\" \/>\n<link rel=\"canonical\" href=\"https:\/\/www.newsendip.com\/fr\/un-troll-instagram-gere-depuis-le-bureau-du-president-du-bresil\/\" \/>\n<meta property=\"og:locale\" content=\"fr_FR\" \/>\n<meta property=\"og:type\" content=\"article\" \/>\n<meta property=\"og:title\" content=\"Un troll Instagram g\u00e9r\u00e9 depuis le bureau du pr\u00e9sident du Br\u00e9sil\" \/>\n<meta property=\"og:description\" content=\"Un profil supprim\u00e9 par Facebook a \u00e9t\u00e9 actif depuis des lieux publics officiels et le domicile du pr\u00e9sident du Br\u00e9sil. Jair Bolsonaro avait affirm\u00e9 n&#039;avoir aucun lien avec ce faux compte.\" \/>\n<meta property=\"og:url\" content=\"https:\/\/www.newsendip.com\/fr\/un-troll-instagram-gere-depuis-le-bureau-du-president-du-bresil\/\" \/>\n<meta property=\"og:site_name\" content=\"Newsendip\" \/>\n<meta property=\"article:publisher\" content=\"https:\/\/www.facebook.com\/newsendip\" \/>\n<meta property=\"article:published_time\" content=\"2021-06-09T18:00:00+00:00\" \/>\n<meta property=\"article:modified_time\" content=\"2024-07-23T15:56:58+00:00\" \/>\n<meta property=\"og:image\" content=\"https:\/\/www.newsendip.com\/wp-content\/uploads\/2021\/06\/troll-instagram-bolsonaro-Palacio-do-Planalto.jpg\" \/>\n\t<meta property=\"og:image:width\" content=\"399\" \/>\n\t<meta property=\"og:image:height\" content=\"197\" \/>\n\t<meta property=\"og:image:type\" content=\"image\/jpeg\" \/>\n<meta name=\"author\" content=\"Cl\u00e9ment V\u00e9rit\u00e9\" \/>\n<meta name=\"twitter:card\" content=\"summary_large_image\" \/>\n<meta name=\"twitter:creator\" content=\"@https:\/\/twitter.com\/cverite\" \/>\n<meta name=\"twitter:site\" content=\"@newsendip\" \/>\n<meta name=\"twitter:label1\" content=\"\u00c9crit par\" \/>\n\t<meta name=\"twitter:data1\" content=\"Cl\u00e9ment V\u00e9rit\u00e9\" \/>\n\t<meta name=\"twitter:label2\" content=\"Dur\u00e9e de lecture estim\u00e9e\" \/>\n\t<meta name=\"twitter:data2\" content=\"3 minutes\" \/>\n<!-- \/ Yoast SEO Premium plugin. -->","yoast_head_json":{"title":"Un troll Instagram g\u00e9r\u00e9 depuis le bureau du pr\u00e9sident du Br\u00e9sil","description":"Un profil supprim\u00e9 par Facebook a \u00e9t\u00e9 actif depuis des lieux publics officiels et le domicile du pr\u00e9sident du Br\u00e9sil. Jair Bolsonaro avait affirm\u00e9 n'avoir aucun lien avec ce faux compte.","robots":{"index":"index","follow":"follow","max-snippet":"max-snippet:-1","max-image-preview":"max-image-preview:large","max-video-preview":"max-video-preview:-1"},"canonical":"https:\/\/www.newsendip.com\/fr\/un-troll-instagram-gere-depuis-le-bureau-du-president-du-bresil\/","og_locale":"fr_FR","og_type":"article","og_title":"Un troll Instagram g\u00e9r\u00e9 depuis le bureau du pr\u00e9sident du Br\u00e9sil","og_description":"Un profil supprim\u00e9 par Facebook a \u00e9t\u00e9 actif depuis des lieux publics officiels et le domicile du pr\u00e9sident du Br\u00e9sil. Jair Bolsonaro avait affirm\u00e9 n'avoir aucun lien avec ce faux compte.","og_url":"https:\/\/www.newsendip.com\/fr\/un-troll-instagram-gere-depuis-le-bureau-du-president-du-bresil\/","og_site_name":"Newsendip","article_publisher":"https:\/\/www.facebook.com\/newsendip","article_published_time":"2021-06-09T18:00:00+00:00","article_modified_time":"2024-07-23T15:56:58+00:00","og_image":[{"width":399,"height":197,"url":"https:\/\/www.newsendip.com\/wp-content\/uploads\/2021\/06\/troll-instagram-bolsonaro-Palacio-do-Planalto.jpg","type":"image\/jpeg"}],"author":"Cl\u00e9ment V\u00e9rit\u00e9","twitter_card":"summary_large_image","twitter_creator":"@https:\/\/twitter.com\/cverite","twitter_site":"@newsendip","twitter_misc":{"\u00c9crit par":"Cl\u00e9ment V\u00e9rit\u00e9","Dur\u00e9e de lecture estim\u00e9e":"3 minutes"},"schema":{"@context":"https:\/\/schema.org","@graph":[{"@type":"NewsArticle","@id":"https:\/\/www.newsendip.com\/fr\/un-troll-instagram-gere-depuis-le-bureau-du-president-du-bresil\/#article","isPartOf":{"@id":"https:\/\/www.newsendip.com\/fr\/un-troll-instagram-gere-depuis-le-bureau-du-president-du-bresil\/"},"author":{"name":"Cl\u00e9ment V\u00e9rit\u00e9","@id":"https:\/\/www.newsendip.com\/fr\/#\/schema\/person\/ea22c01755f464a3cbc2c619584d6363"},"headline":"Un troll Instagram g\u00e9r\u00e9 depuis le bureau du pr\u00e9sident du Br\u00e9sil","datePublished":"2021-06-09T18:00:00+00:00","dateModified":"2024-07-23T15:56:58+00:00","mainEntityOfPage":{"@id":"https:\/\/www.newsendip.com\/fr\/un-troll-instagram-gere-depuis-le-bureau-du-president-du-bresil\/"},"wordCount":479,"publisher":{"@id":"https:\/\/www.newsendip.com\/fr\/#organization"},"image":{"@id":"https:\/\/www.newsendip.com\/fr\/un-troll-instagram-gere-depuis-le-bureau-du-president-du-bresil\/#primaryimage"},"thumbnailUrl":"https:\/\/www.newsendip.com\/wp-content\/uploads\/2021\/06\/troll-instagram-bolsonaro-Palacio-do-Planalto.jpg","keywords":["Br\u00e9sil","Vieux"],"articleSection":["Politique"],"inLanguage":"fr-FR","copyrightYear":"2021","copyrightHolder":{"@id":"https:\/\/www.newsendip.com\/#organization"}},{"@type":"WebPage","@id":"https:\/\/www.newsendip.com\/fr\/un-troll-instagram-gere-depuis-le-bureau-du-president-du-bresil\/","url":"https:\/\/www.newsendip.com\/fr\/un-troll-instagram-gere-depuis-le-bureau-du-president-du-bresil\/","name":"Un troll Instagram g\u00e9r\u00e9 depuis le bureau du pr\u00e9sident du Br\u00e9sil","isPartOf":{"@id":"https:\/\/www.newsendip.com\/fr\/#website"},"primaryImageOfPage":{"@id":"https:\/\/www.newsendip.com\/fr\/un-troll-instagram-gere-depuis-le-bureau-du-president-du-bresil\/#primaryimage"},"image":{"@id":"https:\/\/www.newsendip.com\/fr\/un-troll-instagram-gere-depuis-le-bureau-du-president-du-bresil\/#primaryimage"},"thumbnailUrl":"https:\/\/www.newsendip.com\/wp-content\/uploads\/2021\/06\/troll-instagram-bolsonaro-Palacio-do-Planalto.jpg","datePublished":"2021-06-09T18:00:00+00:00","dateModified":"2024-07-23T15:56:58+00:00","description":"Un profil supprim\u00e9 par Facebook a \u00e9t\u00e9 actif depuis des lieux publics officiels et le domicile du pr\u00e9sident du Br\u00e9sil. Jair Bolsonaro avait affirm\u00e9 n'avoir aucun lien avec ce faux compte.","breadcrumb":{"@id":"https:\/\/www.newsendip.com\/fr\/un-troll-instagram-gere-depuis-le-bureau-du-president-du-bresil\/#breadcrumb"},"inLanguage":"fr-FR","potentialAction":[{"@type":"ReadAction","target":["https:\/\/www.newsendip.com\/fr\/un-troll-instagram-gere-depuis-le-bureau-du-president-du-bresil\/"]}]},{"@type":"ImageObject","inLanguage":"fr-FR","@id":"https:\/\/www.newsendip.com\/fr\/un-troll-instagram-gere-depuis-le-bureau-du-president-du-bresil\/#primaryimage","url":"https:\/\/www.newsendip.com\/wp-content\/uploads\/2021\/06\/troll-instagram-bolsonaro-Palacio-do-Planalto.jpg","contentUrl":"https:\/\/www.newsendip.com\/wp-content\/uploads\/2021\/06\/troll-instagram-bolsonaro-Palacio-do-Planalto.jpg","width":399,"height":197,"caption":"Le palais du Planalto, le lieu de travail officiel du pr\u00e9sident o\u00f9 de faux profils de r\u00e9seaux sociaux ont \u00e9t\u00e9 g\u00e9r\u00e9s entre 2018 et 2019 | Michel Temer"},{"@type":"BreadcrumbList","@id":"https:\/\/www.newsendip.com\/fr\/un-troll-instagram-gere-depuis-le-bureau-du-president-du-bresil\/#breadcrumb","itemListElement":[{"@type":"ListItem","position":1,"name":"Accueil","item":"https:\/\/www.newsendip.com\/fr\/"},{"@type":"ListItem","position":2,"name":"Un troll Instagram g\u00e9r\u00e9 depuis le bureau du pr\u00e9sident du Br\u00e9sil"}]},{"@type":"WebSite","@id":"https:\/\/www.newsendip.com\/fr\/#website","url":"https:\/\/www.newsendip.com\/fr\/","name":"Newsendip","description":"Red\u00e9couvrez l&#039;actualit\u00e9 internationale","publisher":{"@id":"https:\/\/www.newsendip.com\/fr\/#organization"},"potentialAction":[{"@type":"SearchAction","target":{"@type":"EntryPoint","urlTemplate":"https:\/\/www.newsendip.com\/fr\/?s={search_term_string}"},"query-input":{"@type":"PropertyValueSpecification","valueRequired":true,"valueName":"search_term_string"}}],"inLanguage":"fr-FR"},{"@type":"Organization","@id":"https:\/\/www.newsendip.com\/fr\/#organization","name":"Newsendip","url":"https:\/\/www.newsendip.com\/fr\/","logo":{"@type":"ImageObject","inLanguage":"fr-FR","@id":"https:\/\/www.newsendip.com\/fr\/#\/schema\/logo\/image\/","url":"https:\/\/www.newsendip.com\/wp-content\/uploads\/2023\/12\/512x512.svg","contentUrl":"https:\/\/www.newsendip.com\/wp-content\/uploads\/2023\/12\/512x512.svg","width":1,"height":1,"caption":"Newsendip"},"image":{"@id":"https:\/\/www.newsendip.com\/fr\/#\/schema\/logo\/image\/"},"sameAs":["https:\/\/www.facebook.com\/newsendip","https:\/\/x.com\/newsendip","https:\/\/mastodon.social\/@newsendip","https:\/\/www.linkedin.com\/company\/newsendip"],"description":"Newsendip est un site qui a pour mission de rendre l'actualit\u00e9 internationale accessible et diversifi\u00e9e","email":"contact@newsendip.com","legalName":"Newsendip SAS","foundingDate":"2022-11-04","vatID":"FR60921124723","numberOfEmployees":{"@type":"QuantitativeValue","minValue":"1","maxValue":"10"},"publishingPrinciples":"https:\/\/www.newsendip.com\/about-us\/","ownershipFundingInfo":"https:\/\/www.newsendip.com\/legal-notice\/","actionableFeedbackPolicy":"https:\/\/www.newsendip.com\/about-us\/","correctionsPolicy":"https:\/\/www.newsendip.com\/about-us\/","ethicsPolicy":"https:\/\/www.newsendip.com\/about-us\/","diversityPolicy":"https:\/\/www.newsendip.com\/about-us\/"},{"@type":"Person","@id":"https:\/\/www.newsendip.com\/fr\/#\/schema\/person\/ea22c01755f464a3cbc2c619584d6363","name":"Cl\u00e9ment V\u00e9rit\u00e9","description":"Cl\u00e9ment is the executive editor and founder of Newsendip. He started in the media industry as a freelance reporter at 16 for a local French newspaper after school and has never left it. He later worked for seven years at The New York Times, notably as a data analyst. He holds a Master of Management in France and a Master of Arts in the United Kingdom in International Marketing &amp; Communications Strategy. He has lived in France, the United Kingdom, and Italy.","sameAs":["https:\/\/www.newsendip.com\/","https:\/\/www.linkedin.com\/in\/clementverite\/","https:\/\/x.com\/https:\/\/twitter.com\/cverite"],"knowsAbout":["News","International","Business","Media monitoring"],"knowsLanguage":["English","French","Italian","Spanish"],"url":"https:\/\/www.newsendip.com\/fr\/author\/clement-verite\/"}]}},"_links":{"self":[{"href":"https:\/\/www.newsendip.com\/fr\/wp-json\/wp\/v2\/posts\/18982","targetHints":{"allow":["GET"]}}],"collection":[{"href":"https:\/\/www.newsendip.com\/fr\/wp-json\/wp\/v2\/posts"}],"about":[{"href":"https:\/\/www.newsendip.com\/fr\/wp-json\/wp\/v2\/types\/post"}],"author":[{"embeddable":true,"href":"https:\/\/www.newsendip.com\/fr\/wp-json\/wp\/v2\/users\/1"}],"replies":[{"embeddable":true,"href":"https:\/\/www.newsendip.com\/fr\/wp-json\/wp\/v2\/comments?post=18982"}],"version-history":[{"count":0,"href":"https:\/\/www.newsendip.com\/fr\/wp-json\/wp\/v2\/posts\/18982\/revisions"}],"wp:featuredmedia":[{"embeddable":true,"href":"https:\/\/www.newsendip.com\/fr\/wp-json\/wp\/v2\/media\/13571"}],"wp:attachment":[{"href":"https:\/\/www.newsendip.com\/fr\/wp-json\/wp\/v2\/media?parent=18982"}],"wp:term":[{"taxonomy":"category","embeddable":true,"href":"https:\/\/www.newsendip.com\/fr\/wp-json\/wp\/v2\/categories?post=18982"},{"taxonomy":"post_tag","embeddable":true,"href":"https:\/\/www.newsendip.com\/fr\/wp-json\/wp\/v2\/tags?post=18982"}],"curies":[{"name":"wp","href":"https:\/\/api.w.org\/{rel}","templated":true}]}}