{"id":18996,"date":"2021-11-15T11:34:54","date_gmt":"2021-11-15T10:34:54","guid":{"rendered":"https:\/\/www.newsendip.com\/?p=18996"},"modified":"2022-11-11T11:36:46","modified_gmt":"2022-11-11T10:36:46","slug":"lafrique-du-sud-retire-son-soutien-a-sa-miss-au-concours-miss-univers-2021-en-israel","status":"publish","type":"post","link":"https:\/\/www.newsendip.com\/fr\/lafrique-du-sud-retire-son-soutien-a-sa-miss-au-concours-miss-univers-2021-en-israel\/","title":{"rendered":"L\u2019Afrique du Sud retire son soutien \u00e0 sa Miss au concours Miss Univers 2021\u202fen Isra\u00ebl"},"content":{"rendered":"<p><strong>Des responsables sud-africains souhaitent le boycott du concours de beaut\u00e9 Miss Univers organis\u00e9 en Isra\u00ebl, qualifiant le pays de \u00ab\u202fcoupable du traitement d\u2019apartheid des Palestiniens\u202f\u00bb. En 1976, neuf pays avaient boycott\u00e9 Miss Univers \u00e0 cause de l\u2019apartheid en Afrique du&nbsp;Sud.<br>\n<\/strong><\/p>\n<figure id=\"attachment_13762\" aria-describedby=\"caption-attachment-13762\" style=\"width: 960px\" class=\"wp-caption aligncenter\"><img decoding=\"async\" class=\"wp-image-13762 size-full\" src=\"https:\/\/www.newsendip.com\/wp-content\/uploads\/2021\/11\/miss-south-africa-2021-israel-universe-progressive.jpeg\" alt=\"Lalela Lali Mswane, Miss Afrique du Sud 2021\" width=\"960\" height=\"638\" srcset=\"https:\/\/www.newsendip.com\/wp-content\/uploads\/2021\/11\/miss-south-africa-2021-israel-universe-progressive.jpeg 960w, https:\/\/www.newsendip.com\/wp-content\/uploads\/2021\/11\/miss-south-africa-2021-israel-universe-progressive-60x40.jpeg 60w, https:\/\/www.newsendip.com\/wp-content\/uploads\/2021\/11\/miss-south-africa-2021-israel-universe-progressive-720x480.jpeg 720w, https:\/\/www.newsendip.com\/wp-content\/uploads\/2021\/11\/miss-south-africa-2021-israel-universe-progressive-300x199.jpeg 300w, https:\/\/www.newsendip.com\/wp-content\/uploads\/2021\/11\/miss-south-africa-2021-israel-universe-progressive-768x510.jpeg 768w\" sizes=\"(max-width: 960px) 100vw, 960px\"><figcaption id=\"caption-attachment-13762\" class=\"wp-caption-text\">Lalela Lali Mswane, au centre, et Miss Afrique du Sud 2021 veut participer au concours Miss Univers en Isra\u00ebl | \u00a9 Miss SA, Facebook<\/figcaption><\/figure>\n<p>Le 14 novembre, le gouvernement sud-africain a officiellement retir\u00e9 le soutien du pays \u00e0 Miss Afrique du Sud 2021 parce qu\u2019elle souhaite participer au concours de beaut\u00e9 Miss Univers 2021\u202fen d\u00e9cembre.<\/p>\n<p>Le gouvernement souhaite un boycott du concours de beaut\u00e9 car il sera organis\u00e9 \u00e0 Eilat, une station baln\u00e9aire en Isra\u00ebl. <strong>Les autorit\u00e9s sud-africaines consid\u00e8rent qu\u2019Isra\u00ebl impose un apartheid \u00e0 la population palestinienne<\/strong>.<\/p>\n<p>Dans sa d\u00e9claration, le <a href=\"#post-bototm-source\">minist\u00e8re des sports, des arts et de la culture<\/a> accuse \u00ab\u202f<em>l\u2019intransigeance et le non-respect des conseils \u00e0 de ne pas participer<\/em>\u202f\u00bb au concours de beaut\u00e9. Il explique \u00e9galement que les organisateurs de Miss SA ne voient pas \u00ab\u202f<strong><em>l\u2019impact n\u00e9gatif potentiel d\u2019une telle d\u00e9cision sur la r\u00e9putation et l\u2019avenir d\u2019une jeune femme noire<\/em><\/strong>\u202f\u00bb.<\/p>\n<p>Apr\u00e8s des appels au boycott de la c\u00e9r\u00e9monie, les organisateurs de Miss Afrique du Sud ont d\u00e9clar\u00e9 le 9 novembre que Miss Afrique repr\u00e9senterait son pays. \u00ab\u202f<em><strong>Nous ne sommes pas une organisation politique<\/strong> et le concours de beaut\u00e9 Miss Univers n\u2019est pas un \u00e9v\u00e9nement avec des aspirations politiques<\/em>\u202f\u00bb, a \u00e9crit <a href=\"https:\/\/www.facebook.com\/MissSouthAfricaOfficial\/posts\/462533641895775\">l\u2019entreprise sur Facebook<\/a>.<\/p>\n<p>Mais le gouvernement, en tant que \u00ab\u202f<em>repr\u00e9sentant l\u00e9gitime du peuple d\u2019Afrique du Sud, ne peut en toute conscience s\u2019associer<\/em>\u202f\u00bb aux \u00ab\u202f<em>atrocit\u00e9s commises par Isra\u00ebl contre les Palestiniens<\/em>\u202f\u00bb. Le gouvernement appelle \u00e0 un retrait qui \u00ab\u202f<em>d\u00e9passe de tr\u00e8s loin les int\u00e9r\u00eats individuels<\/em>\u202f\u00bb.<\/p>\n<h2>Boycotts de Miss Monde 1976 \u00e0 cause de l\u2019apartheid en Afrique du&nbsp;Sud<\/h2>\n<p><!--more--><\/p>\n<p>Lalela Lali Mswane, la Miss Afrique du Sud \u00e9lue le 16 octobre, \u00ab\u202f<em>veut y aller et veut repr\u00e9senter son pays<\/em>\u202f\u00bb, <a href=\"https:\/\/omny.fm\/shows\/mid-morning-show-702\/miss-south-africa-will-travel-to-israel-for-miss-u\">avait justifi\u00e9 \u00e0 la radio Stephanie Weill<\/a>, PDG de Miss SA, avant la d\u00e9claration du gouvernement.<\/p>\n<p>\u00ab\u202f<em>Nous savons tous que le boycott ne fera pas n\u00e9cessairement une diff\u00e9rence importante. Et je ne crois vraiment pas que le fait de ne pas participer et de ne pas \u00eatre en mesure de pr\u00e9senter ou d\u2019utiliser sa voix et d\u2019\u00eatre dans ce pays soit la bonne chose \u00e0 faire<\/em>\u202f\u00bb, a expliqu\u00e9 la&nbsp;PDG.<\/p>\n<p>Le <a href=\"https:\/\/twitter.com\/MYANC\/status\/1459934728962908161\">Congr\u00e8s national africain,<\/a> le parti de Nelson Mandela au pouvoir depuis 1994, a salu\u00e9 la d\u00e9cision du gouvernement et a rappel\u00e9 le concours de beaut\u00e9 Miss Monde de&nbsp;1976.<\/p>\n<p>En 1976, <strong>neuf candidates avaient boycott\u00e9 Miss World \u00e0 cause de l\u2019apartheid en Afrique du Sud<\/strong>&nbsp;: l\u2019Inde, le Liberia, la Malaisie, l\u2019\u00eele Maurice, les Philippines, les Seychelles, le Sri Lanka, le Swaziland (Eswatini) et la Yougoslavie.<\/p>\n<p>Lorsque les \u00e9lections de Miss Afrique du Sud ont commenc\u00e9 en 1956, les femmes noires n\u2019\u00e9taient pas autoris\u00e9es \u00e0 repr\u00e9senter le pays. Les Sud-Africaines noires participaient \u00e0 un concours appel\u00e9 <strong><em>Miss Africa South<\/em><\/strong>. Mais en 1977, les femmes noires ont \u00e9t\u00e9 autoris\u00e9es \u00e0 participer \u00e0 <em>Miss South Africa<\/em>.<\/p>\n<p>L\u2019Afrique du Sud a une ambassade en Isra\u00ebl depuis 1975 et a reconnu l\u2019\u00c9tat de Palestine en&nbsp;1995.<\/p>\n<p><strong><a href=\"https:\/\/www.newsendip.com\/fr\/etiquette\/afrique-sud\/\">D\u00e9couvrez plus d\u2019actualit\u00e9s sur l\u2019Afrique du&nbsp;Sud<\/a><\/strong><\/p>\n","protected":false},"excerpt":{"rendered":"<p>Des responsables sud-africains souhaitent le boycot du concours de beaut\u00e9 Miss Univers organis\u00e9 en Isra\u00ebl<\/p>\n","protected":false},"author":1,"featured_media":13762,"comment_status":"closed","ping_status":"closed","sticky":false,"template":"","format":"standard","meta":{"wp_typography_post_enhancements_disabled":false,"footnotes":""},"categories":[431],"tags":[420,485,421],"class_list":["post-18996","post","type-post","status-publish","format-standard","has-post-thumbnail","hentry","category-culture-et-sport","tag-afrique-sud","tag-israel-fr","tag-vieux"],"yoast_head":"<!-- This site is optimized with the Yoast SEO Premium plugin v27.4 (Yoast SEO v27.4) - https:\/\/yoast.com\/product\/yoast-seo-premium-wordpress\/ -->\n<title>L&#039;Afrique du Sud retire son soutien \u00e0 sa Miss au concours Miss Univers 2021 en Isra\u00ebl<\/title>\n<meta name=\"description\" content=\"Des responsables sud-africains souhaitent le boycot du concours de beaut\u00e9 Miss Univers organis\u00e9 en Isra\u00ebl\" \/>\n<meta name=\"robots\" content=\"index, follow, max-snippet:-1, max-image-preview:large, max-video-preview:-1\" \/>\n<link rel=\"canonical\" href=\"https:\/\/www.newsendip.com\/fr\/lafrique-du-sud-retire-son-soutien-a-sa-miss-au-concours-miss-univers-2021-en-israel\/\" \/>\n<meta property=\"og:locale\" content=\"fr_FR\" \/>\n<meta property=\"og:type\" content=\"article\" \/>\n<meta property=\"og:title\" content=\"L&#039;Afrique du Sud retire son soutien \u00e0 sa Miss au concours Miss Univers 2021 en Isra\u00ebl\" \/>\n<meta property=\"og:description\" content=\"Des responsables sud-africains souhaitent le boycot du concours de beaut\u00e9 Miss Univers organis\u00e9 en Isra\u00ebl\" \/>\n<meta property=\"og:url\" content=\"https:\/\/www.newsendip.com\/fr\/lafrique-du-sud-retire-son-soutien-a-sa-miss-au-concours-miss-univers-2021-en-israel\/\" \/>\n<meta property=\"og:site_name\" content=\"Newsendip\" \/>\n<meta property=\"article:publisher\" content=\"https:\/\/www.facebook.com\/newsendip\" \/>\n<meta property=\"article:published_time\" content=\"2021-11-15T10:34:54+00:00\" \/>\n<meta property=\"article:modified_time\" content=\"2022-11-11T10:36:46+00:00\" \/>\n<meta property=\"og:image\" content=\"https:\/\/www.newsendip.com\/wp-content\/uploads\/2021\/11\/miss-south-africa-2021-israel-universe-progressive.jpeg\" \/>\n\t<meta property=\"og:image:width\" content=\"960\" \/>\n\t<meta property=\"og:image:height\" content=\"638\" \/>\n\t<meta property=\"og:image:type\" content=\"image\/jpeg\" \/>\n<meta name=\"author\" content=\"Cl\u00e9ment V\u00e9rit\u00e9\" \/>\n<meta name=\"twitter:card\" content=\"summary_large_image\" \/>\n<meta name=\"twitter:creator\" content=\"@https:\/\/twitter.com\/cverite\" \/>\n<meta name=\"twitter:site\" content=\"@newsendip\" \/>\n<meta name=\"twitter:label1\" content=\"\u00c9crit par\" \/>\n\t<meta name=\"twitter:data1\" content=\"Cl\u00e9ment V\u00e9rit\u00e9\" \/>\n\t<meta name=\"twitter:label2\" content=\"Dur\u00e9e de lecture estim\u00e9e\" \/>\n\t<meta name=\"twitter:data2\" content=\"3 minutes\" \/>\n<!-- \/ Yoast SEO Premium plugin. -->","yoast_head_json":{"title":"L'Afrique du Sud retire son soutien \u00e0 sa Miss au concours Miss Univers 2021 en Isra\u00ebl","description":"Des responsables sud-africains souhaitent le boycot du concours de beaut\u00e9 Miss Univers organis\u00e9 en Isra\u00ebl","robots":{"index":"index","follow":"follow","max-snippet":"max-snippet:-1","max-image-preview":"max-image-preview:large","max-video-preview":"max-video-preview:-1"},"canonical":"https:\/\/www.newsendip.com\/fr\/lafrique-du-sud-retire-son-soutien-a-sa-miss-au-concours-miss-univers-2021-en-israel\/","og_locale":"fr_FR","og_type":"article","og_title":"L'Afrique du Sud retire son soutien \u00e0 sa Miss au concours Miss Univers 2021 en Isra\u00ebl","og_description":"Des responsables sud-africains souhaitent le boycot du concours de beaut\u00e9 Miss Univers organis\u00e9 en Isra\u00ebl","og_url":"https:\/\/www.newsendip.com\/fr\/lafrique-du-sud-retire-son-soutien-a-sa-miss-au-concours-miss-univers-2021-en-israel\/","og_site_name":"Newsendip","article_publisher":"https:\/\/www.facebook.com\/newsendip","article_published_time":"2021-11-15T10:34:54+00:00","article_modified_time":"2022-11-11T10:36:46+00:00","og_image":[{"width":960,"height":638,"url":"https:\/\/www.newsendip.com\/wp-content\/uploads\/2021\/11\/miss-south-africa-2021-israel-universe-progressive.jpeg","type":"image\/jpeg"}],"author":"Cl\u00e9ment V\u00e9rit\u00e9","twitter_card":"summary_large_image","twitter_creator":"@https:\/\/twitter.com\/cverite","twitter_site":"@newsendip","twitter_misc":{"\u00c9crit par":"Cl\u00e9ment V\u00e9rit\u00e9","Dur\u00e9e de lecture estim\u00e9e":"3 minutes"},"schema":{"@context":"https:\/\/schema.org","@graph":[{"@type":"NewsArticle","@id":"https:\/\/www.newsendip.com\/fr\/lafrique-du-sud-retire-son-soutien-a-sa-miss-au-concours-miss-univers-2021-en-israel\/#article","isPartOf":{"@id":"https:\/\/www.newsendip.com\/fr\/lafrique-du-sud-retire-son-soutien-a-sa-miss-au-concours-miss-univers-2021-en-israel\/"},"author":{"name":"Cl\u00e9ment V\u00e9rit\u00e9","@id":"https:\/\/www.newsendip.com\/fr\/#\/schema\/person\/ea22c01755f464a3cbc2c619584d6363"},"headline":"L\u2019Afrique du Sud retire son soutien \u00e0 sa Miss au concours Miss Univers 2021\u202fen Isra\u00ebl","datePublished":"2021-11-15T10:34:54+00:00","dateModified":"2022-11-11T10:36:46+00:00","mainEntityOfPage":{"@id":"https:\/\/www.newsendip.com\/fr\/lafrique-du-sud-retire-son-soutien-a-sa-miss-au-concours-miss-univers-2021-en-israel\/"},"wordCount":577,"publisher":{"@id":"https:\/\/www.newsendip.com\/fr\/#organization"},"image":{"@id":"https:\/\/www.newsendip.com\/fr\/lafrique-du-sud-retire-son-soutien-a-sa-miss-au-concours-miss-univers-2021-en-israel\/#primaryimage"},"thumbnailUrl":"https:\/\/www.newsendip.com\/wp-content\/uploads\/2021\/11\/miss-south-africa-2021-israel-universe-progressive.jpeg","keywords":["Afrique du Sud","Isra\u00ebl","Vieux"],"articleSection":["Culture et sport"],"inLanguage":"fr-FR","copyrightYear":"2021","copyrightHolder":{"@id":"https:\/\/www.newsendip.com\/#organization"}},{"@type":"WebPage","@id":"https:\/\/www.newsendip.com\/fr\/lafrique-du-sud-retire-son-soutien-a-sa-miss-au-concours-miss-univers-2021-en-israel\/","url":"https:\/\/www.newsendip.com\/fr\/lafrique-du-sud-retire-son-soutien-a-sa-miss-au-concours-miss-univers-2021-en-israel\/","name":"L'Afrique du Sud retire son soutien \u00e0 sa Miss au concours Miss Univers 2021 en Isra\u00ebl","isPartOf":{"@id":"https:\/\/www.newsendip.com\/fr\/#website"},"primaryImageOfPage":{"@id":"https:\/\/www.newsendip.com\/fr\/lafrique-du-sud-retire-son-soutien-a-sa-miss-au-concours-miss-univers-2021-en-israel\/#primaryimage"},"image":{"@id":"https:\/\/www.newsendip.com\/fr\/lafrique-du-sud-retire-son-soutien-a-sa-miss-au-concours-miss-univers-2021-en-israel\/#primaryimage"},"thumbnailUrl":"https:\/\/www.newsendip.com\/wp-content\/uploads\/2021\/11\/miss-south-africa-2021-israel-universe-progressive.jpeg","datePublished":"2021-11-15T10:34:54+00:00","dateModified":"2022-11-11T10:36:46+00:00","description":"Des responsables sud-africains souhaitent le boycot du concours de beaut\u00e9 Miss Univers organis\u00e9 en Isra\u00ebl","breadcrumb":{"@id":"https:\/\/www.newsendip.com\/fr\/lafrique-du-sud-retire-son-soutien-a-sa-miss-au-concours-miss-univers-2021-en-israel\/#breadcrumb"},"inLanguage":"fr-FR","potentialAction":[{"@type":"ReadAction","target":["https:\/\/www.newsendip.com\/fr\/lafrique-du-sud-retire-son-soutien-a-sa-miss-au-concours-miss-univers-2021-en-israel\/"]}]},{"@type":"ImageObject","inLanguage":"fr-FR","@id":"https:\/\/www.newsendip.com\/fr\/lafrique-du-sud-retire-son-soutien-a-sa-miss-au-concours-miss-univers-2021-en-israel\/#primaryimage","url":"https:\/\/www.newsendip.com\/wp-content\/uploads\/2021\/11\/miss-south-africa-2021-israel-universe-progressive.jpeg","contentUrl":"https:\/\/www.newsendip.com\/wp-content\/uploads\/2021\/11\/miss-south-africa-2021-israel-universe-progressive.jpeg","width":960,"height":638,"caption":"Lalela Lali Mswane, au centre, et Miss Afrique du Sud 2021 veut participer au concours Miss Univers en Isra\u00ebl | \u00a9 Miss SA, Facebook"},{"@type":"BreadcrumbList","@id":"https:\/\/www.newsendip.com\/fr\/lafrique-du-sud-retire-son-soutien-a-sa-miss-au-concours-miss-univers-2021-en-israel\/#breadcrumb","itemListElement":[{"@type":"ListItem","position":1,"name":"Accueil","item":"https:\/\/www.newsendip.com\/fr\/"},{"@type":"ListItem","position":2,"name":"L&#8217;Afrique du Sud retire son soutien \u00e0 sa Miss au concours Miss Univers 2021 en Isra\u00ebl"}]},{"@type":"WebSite","@id":"https:\/\/www.newsendip.com\/fr\/#website","url":"https:\/\/www.newsendip.com\/fr\/","name":"Newsendip","description":"Red\u00e9couvrez l&#039;actualit\u00e9 internationale","publisher":{"@id":"https:\/\/www.newsendip.com\/fr\/#organization"},"potentialAction":[{"@type":"SearchAction","target":{"@type":"EntryPoint","urlTemplate":"https:\/\/www.newsendip.com\/fr\/?s={search_term_string}"},"query-input":{"@type":"PropertyValueSpecification","valueRequired":true,"valueName":"search_term_string"}}],"inLanguage":"fr-FR"},{"@type":"Organization","@id":"https:\/\/www.newsendip.com\/fr\/#organization","name":"Newsendip","url":"https:\/\/www.newsendip.com\/fr\/","logo":{"@type":"ImageObject","inLanguage":"fr-FR","@id":"https:\/\/www.newsendip.com\/fr\/#\/schema\/logo\/image\/","url":"https:\/\/www.newsendip.com\/wp-content\/uploads\/2023\/12\/512x512.svg","contentUrl":"https:\/\/www.newsendip.com\/wp-content\/uploads\/2023\/12\/512x512.svg","width":1,"height":1,"caption":"Newsendip"},"image":{"@id":"https:\/\/www.newsendip.com\/fr\/#\/schema\/logo\/image\/"},"sameAs":["https:\/\/www.facebook.com\/newsendip","https:\/\/x.com\/newsendip","https:\/\/mastodon.social\/@newsendip","https:\/\/www.linkedin.com\/company\/newsendip"],"description":"Newsendip est un site qui a pour mission de rendre l'actualit\u00e9 internationale accessible et diversifi\u00e9e","email":"contact@newsendip.com","legalName":"Newsendip SAS","foundingDate":"2022-11-04","vatID":"FR60921124723","numberOfEmployees":{"@type":"QuantitativeValue","minValue":"1","maxValue":"10"},"publishingPrinciples":"https:\/\/www.newsendip.com\/about-us\/","ownershipFundingInfo":"https:\/\/www.newsendip.com\/legal-notice\/","actionableFeedbackPolicy":"https:\/\/www.newsendip.com\/about-us\/","correctionsPolicy":"https:\/\/www.newsendip.com\/about-us\/","ethicsPolicy":"https:\/\/www.newsendip.com\/about-us\/","diversityPolicy":"https:\/\/www.newsendip.com\/about-us\/"},{"@type":"Person","@id":"https:\/\/www.newsendip.com\/fr\/#\/schema\/person\/ea22c01755f464a3cbc2c619584d6363","name":"Cl\u00e9ment V\u00e9rit\u00e9","description":"Cl\u00e9ment is the executive editor and founder of Newsendip. He started in the media industry as a freelance reporter at 16 for a local French newspaper after school and has never left it. He later worked for seven years at The New York Times, notably as a data analyst. He holds a Master of Management in France and a Master of Arts in the United Kingdom in International Marketing &amp; Communications Strategy. He has lived in France, the United Kingdom, and Italy.","sameAs":["https:\/\/www.newsendip.com\/","https:\/\/www.linkedin.com\/in\/clementverite\/","https:\/\/x.com\/https:\/\/twitter.com\/cverite"],"knowsAbout":["News","International","Business","Media monitoring"],"knowsLanguage":["English","French","Italian","Spanish"],"url":"https:\/\/www.newsendip.com\/fr\/author\/clement-verite\/"}]}},"_links":{"self":[{"href":"https:\/\/www.newsendip.com\/fr\/wp-json\/wp\/v2\/posts\/18996","targetHints":{"allow":["GET"]}}],"collection":[{"href":"https:\/\/www.newsendip.com\/fr\/wp-json\/wp\/v2\/posts"}],"about":[{"href":"https:\/\/www.newsendip.com\/fr\/wp-json\/wp\/v2\/types\/post"}],"author":[{"embeddable":true,"href":"https:\/\/www.newsendip.com\/fr\/wp-json\/wp\/v2\/users\/1"}],"replies":[{"embeddable":true,"href":"https:\/\/www.newsendip.com\/fr\/wp-json\/wp\/v2\/comments?post=18996"}],"version-history":[{"count":0,"href":"https:\/\/www.newsendip.com\/fr\/wp-json\/wp\/v2\/posts\/18996\/revisions"}],"wp:featuredmedia":[{"embeddable":true,"href":"https:\/\/www.newsendip.com\/fr\/wp-json\/wp\/v2\/media\/13762"}],"wp:attachment":[{"href":"https:\/\/www.newsendip.com\/fr\/wp-json\/wp\/v2\/media?parent=18996"}],"wp:term":[{"taxonomy":"category","embeddable":true,"href":"https:\/\/www.newsendip.com\/fr\/wp-json\/wp\/v2\/categories?post=18996"},{"taxonomy":"post_tag","embeddable":true,"href":"https:\/\/www.newsendip.com\/fr\/wp-json\/wp\/v2\/tags?post=18996"}],"curies":[{"name":"wp","href":"https:\/\/api.w.org\/{rel}","templated":true}]}}