{"id":19016,"date":"2021-03-22T14:06:17","date_gmt":"2021-03-22T13:06:17","guid":{"rendered":"https:\/\/www.newsendip.com\/?p=19016"},"modified":"2022-12-15T18:13:48","modified_gmt":"2022-12-15T17:13:48","slug":"vaccin-astrazeneca-lafrique-du-sud-a-prefere-vendre-ses-doses","status":"publish","type":"post","link":"https:\/\/www.newsendip.com\/fr\/vaccin-astrazeneca-lafrique-du-sud-a-prefere-vendre-ses-doses\/","title":{"rendered":"Vaccin AstraZeneca&nbsp;: l\u2019Afrique du Sud a pr\u00e9f\u00e9r\u00e9 vendre ses&nbsp;doses"},"content":{"rendered":"<p><strong>Apr\u00e8s des inqui\u00e9tudes apparues autour de l\u2019efficacit\u00e9 du vaccin Oxford-AstraZeneca contre le Covid-19, les autorit\u00e9s sud-africaines ont d\u00e9cid\u00e9 de vendre leurs 1,5 million de doses aux pays africains qui se sont montr\u00e9s int\u00e9ress\u00e9s.<\/strong><\/p>\n<h2>Des inqui\u00e9tudes quant \u00e0 l\u2019efficacit\u00e9 du vaccin \u00e0 partir d\u2019une petite \u00e9tude<\/h2>\n<p>L\u2019Afrique du Sud avait obtenu 1,5 million de doses du vaccin contre le Covid-19 de l\u2019Universit\u00e9 d\u2019Oxford-AstraZeneca pour sa population.<\/p>\n<p>Il y a un mois, le m\u00e9dicament s\u2019est envol\u00e9 du Serum Institute of India et un lot d\u2019un million de vaccins a \u00e9t\u00e9 re\u00e7u par le pr\u00e9sident Cyril Ramaphosa et le ministre de la sant\u00e9, le Dr Zweli Mkhize, en personnes. Le pays attendait une autre livraison de 500 000&nbsp;doses.<\/p>\n<p>Celles-ci \u00e9taient cens\u00e9es \u00eatre administr\u00e9es en priorit\u00e9 aux professionnels de la sant\u00e9 et aux travailleurs de premi\u00e8re ligne.<\/p>\n<p>Mais c\u2019\u00e9tait avant que des inqui\u00e9tudes n\u2019apparaissent quant \u00e0 l\u2019efficacit\u00e9 du vaccin sur le variant sud-africain.<\/p>\n<p>Une <a href=\"https:\/\/www.wits.ac.za\/covid19\/covid19-news\/latest\/oxford-covid-19-vaccine-trial-results.html\">petite \u00e9tude men\u00e9e par l\u2019universit\u00e9 de Witwatersrand \u00e0 Johannesburg<\/a> a soulign\u00e9 que le vaccin Oxford-AstraZeneca avait une<strong> efficacit\u00e9 limit\u00e9e contre les sympt\u00f4mes l\u00e9gers et mod\u00e9r\u00e9s<\/strong> caus\u00e9s par le variant dominant dans le&nbsp;pays.<\/p>\n<p>Les essais ont \u00e9t\u00e9 men\u00e9s sur 2 000 personnes dont l\u2019\u00e2ge m\u00e9dian \u00e9tait de 31 ans. Les r\u00e9sultats pr\u00e9liminaires publi\u00e9s le 7 f\u00e9vrier n\u2019ont pas encore \u00e9t\u00e9 examin\u00e9s par des pairs. De plus, l\u2019efficacit\u00e9 n\u2019a pas \u00e9t\u00e9 test\u00e9e sur les formes graves du variant B.1.351\u202fen raison de la petite taille de l\u2019\u00e9chantillon. \u00ab\u202f<em>La protection contre la maladie mod\u00e9r\u00e9ment grave, l\u2019hospitalisation ou la mort n\u2019a pas pu \u00eatre \u00e9valu\u00e9e dans cette \u00e9tude car la population cible \u00e9tait \u00e0 risque faible<\/em>.\u202f\u00bb<\/p>\n<p>Le 10 f\u00e9vrier 2021, l\u2019OMS a <a href=\"https:\/\/apps.who.int\/iris\/handle\/10665\/339477\">publi\u00e9 des recommandations provisoires<\/a> et a pr\u00e9conis\u00e9 l\u2019utilisation du vaccin \u00ab\u202f<em>m\u00eame si des variants sont pr\u00e9sents dans un pay<\/em>s\u202f\u00bb.<\/p>\n<p>Cependant, l\u2019Afrique du Sud a d\u00e9cid\u00e9 de ne pas l\u2019utiliser du&nbsp;tout.<\/p>\n<p><!--more--><\/p>\n<figure id=\"attachment_13487\" aria-describedby=\"caption-attachment-13487\" style=\"width: 870px\" class=\"wp-caption aligncenter\"><img decoding=\"async\" class=\"wp-image-13487 size-full\" src=\"https:\/\/www.newsendip.com\/wp-content\/uploads\/2021\/03\/Minister_health_statement.png\" alt=\"D\u00e9claration du ministre sud-africain de la Sant\u00e9 sur le vaccin d'Astrazeneca\" width=\"870\" height=\"483\" srcset=\"https:\/\/www.newsendip.com\/wp-content\/uploads\/2021\/03\/Minister_health_statement.png 870w, https:\/\/www.newsendip.com\/wp-content\/uploads\/2021\/03\/Minister_health_statement-300x167.png 300w, https:\/\/www.newsendip.com\/wp-content\/uploads\/2021\/03\/Minister_health_statement-768x426.png 768w\" sizes=\"(max-width: 870px) 100vw, 870px\"><figcaption id=\"caption-attachment-13487\" class=\"wp-caption-text\">D\u00e9claration du ministre sud-africain de la Sant\u00e9 sur le vaccin d\u2019Astrazeneca<\/figcaption><\/figure>\n<h2>Des pays africains int\u00e9ress\u00e9s par le vaccin<\/h2>\n<p><!--more--><\/p>\n<p>Le ministre de la sant\u00e9 a ensuite d\u00e9clar\u00e9 au parlement que les <a href=\"https:\/\/www.youtube.com\/watch?v=lKEeZJWNocE&amp;t=500s\">doses seraient distribu\u00e9es aux membres de l\u2019Union africaine<\/a> qui se montrent int\u00e9ress\u00e9s par le&nbsp;stock.<\/p>\n<p>Certains pays africains sont en effet moins touch\u00e9s par le variant sud-africain et n\u2019h\u00e9sitent pas \u00e0 b\u00e9n\u00e9ficier des protections de ce vaccin.<\/p>\n<p>Sarah Gilbert, professeure de vaccinologie \u00e0 l\u2019universit\u00e9 d\u2019Oxford, a <a href=\"https:\/\/www.bbc.com\/news\/uk-55967767\">d\u00e9clar\u00e9 \u00e0 la BBC<\/a> qu\u2019ils travaillaient sur une nouvelle version du vaccin qui \u00ab\u202f<em>g\u00e9n\u00e8re des anticorps qui reconnaissent le nouveau variant<\/em>\u202f\u00bb. \u00ab\u202f<em>Il semble tr\u00e8s probable qu\u2019il sera pr\u00eat \u00e0 \u00eatre utilis\u00e9 \u00e0 la fin de l\u2019automne<\/em>\u202f\u00bb. Elle pense \u00e9galement que la version actuelle offre un certain degr\u00e9 de protection contre le variant provenant d\u2019Afrique du&nbsp;Sud.<\/p>\n<p>Le 21 mars 2021, le pays a d\u00e9clar\u00e9 qu\u2019un premier lot avait \u00e9t\u00e9 achet\u00e9 par 9 \u00c9tats membres de l\u2019UA. Le reste sera vendu \u00e0 5 autres pays.<\/p>\n<p>Le gouvernement sud-africain a assur\u00e9 que la date d\u2019expiration n\u2019\u00e9tait pas encore d\u00e9pass\u00e9e. Selon <em>News24<\/em>, le pays allait vendre le vaccin au m\u00eame prix qu\u2019il l\u2019avait achet\u00e9.<\/p>\n<p>Par mesure de pr\u00e9caution, plusieurs membres de l\u2019Union europ\u00e9enne ont r\u00e9cemment interrompu le <a href=\"https:\/\/www.newsendip.com\/fr\/des-neerlandais-voyagent-en-serbie-pour-se-faire-vacciner-contre-le-covid-19\/\">d\u00e9ploiement du vaccin Oxford-Astrazeneca<\/a> pendant quelques jours en raison d\u2019inqui\u00e9tudes li\u00e9es \u00e0 des probl\u00e8mes de coagulation sanguine. Ils ont repris les inoculations quelques jours plus tard, mais la confiance dans la s\u00e9curit\u00e9 du vaccin a diminu\u00e9.<\/p>\n<p>La R\u00e9publique d\u00e9mocratique du Congo, le Mali et le Cameroun avaient \u00e9galement suspendu les injections en r\u00e9action \u00e0 la d\u00e9cision de&nbsp;l\u2019UE.<\/p>\n<p>L\u2019Afrique du Sud est le pays le plus touch\u00e9 par la pand\u00e9mie de Covid-19\u202fen Afrique avec 1,54 million de cas d\u00e9clar\u00e9s et 52 000 d\u00e9c\u00e8s signal\u00e9s.<\/p>\n<p><strong><a href=\"https:\/\/www.newsendip.com\/fr\/etiquette\/afrique-sud\/\">D\u00e9couvrez plus d\u2019actualit\u00e9s sur l\u2019Afrique du&nbsp;Sud<\/a><\/strong><\/p>\n","protected":false},"excerpt":{"rendered":"<p>Apr\u00e8s des inqui\u00e9tudes apparues autour de l\u2019efficacit\u00e9 du vaccin Oxford-AstraZeneca contre le Covid-19, les autorit\u00e9s sud-africaines ont d\u00e9cid\u00e9 de vendre leurs 1,5 million de doses aux pays africains qui se sont montr\u00e9s int\u00e9ress\u00e9s.<\/p>\n","protected":false},"author":1,"featured_media":13499,"comment_status":"closed","ping_status":"closed","sticky":false,"template":"","format":"standard","meta":{"wp_typography_post_enhancements_disabled":false,"footnotes":""},"categories":[412],"tags":[420,421],"class_list":["post-19016","post","type-post","status-publish","format-standard","has-post-thumbnail","hentry","category-sciences-et-sante","tag-afrique-sud","tag-vieux"],"yoast_head":"<!-- This site is optimized with the Yoast SEO Premium plugin v27.4 (Yoast SEO v27.4) - https:\/\/yoast.com\/product\/yoast-seo-premium-wordpress\/ -->\n<title>Vaccin AstraZeneca : l&#039;Afrique du Sud a pr\u00e9f\u00e9r\u00e9 vendre ses doses<\/title>\n<meta name=\"description\" content=\"Apr\u00e8s des inqui\u00e9tudes apparues autour de l&#039;efficacit\u00e9 du vaccin Oxford-AstraZeneca contre le Covid-19, les autorit\u00e9s sud-africaines ont d\u00e9cid\u00e9 de vendre leurs 1,5 million de doses aux pays africains qui se sont montr\u00e9s int\u00e9ress\u00e9s.\" \/>\n<meta name=\"robots\" content=\"index, follow, max-snippet:-1, max-image-preview:large, max-video-preview:-1\" \/>\n<link rel=\"canonical\" href=\"https:\/\/www.newsendip.com\/fr\/vaccin-astrazeneca-lafrique-du-sud-a-prefere-vendre-ses-doses\/\" \/>\n<meta property=\"og:locale\" content=\"fr_FR\" \/>\n<meta property=\"og:type\" content=\"article\" \/>\n<meta property=\"og:title\" content=\"Vaccin AstraZeneca : l&#039;Afrique du Sud a pr\u00e9f\u00e9r\u00e9 vendre ses doses\" \/>\n<meta property=\"og:description\" content=\"Apr\u00e8s des inqui\u00e9tudes apparues autour de l&#039;efficacit\u00e9 du vaccin Oxford-AstraZeneca contre le Covid-19, les autorit\u00e9s sud-africaines ont d\u00e9cid\u00e9 de vendre leurs 1,5 million de doses aux pays africains qui se sont montr\u00e9s int\u00e9ress\u00e9s.\" \/>\n<meta property=\"og:url\" content=\"https:\/\/www.newsendip.com\/fr\/vaccin-astrazeneca-lafrique-du-sud-a-prefere-vendre-ses-doses\/\" \/>\n<meta property=\"og:site_name\" content=\"Newsendip\" \/>\n<meta property=\"article:publisher\" content=\"https:\/\/www.facebook.com\/newsendip\" \/>\n<meta property=\"article:published_time\" content=\"2021-03-22T13:06:17+00:00\" \/>\n<meta property=\"article:modified_time\" content=\"2022-12-15T17:13:48+00:00\" \/>\n<meta property=\"og:image\" content=\"https:\/\/www.newsendip.com\/wp-content\/uploads\/2021\/04\/astrazeneca_vaccine_delivered_dutch_serbia.jpg\" \/>\n\t<meta property=\"og:image:width\" content=\"400\" \/>\n\t<meta property=\"og:image:height\" content=\"267\" \/>\n\t<meta property=\"og:image:type\" content=\"image\/jpeg\" \/>\n<meta name=\"author\" content=\"Cl\u00e9ment V\u00e9rit\u00e9\" \/>\n<meta name=\"twitter:card\" content=\"summary_large_image\" \/>\n<meta name=\"twitter:creator\" content=\"@https:\/\/twitter.com\/cverite\" \/>\n<meta name=\"twitter:site\" content=\"@newsendip\" \/>\n<meta name=\"twitter:label1\" content=\"\u00c9crit par\" \/>\n\t<meta name=\"twitter:data1\" content=\"Cl\u00e9ment V\u00e9rit\u00e9\" \/>\n\t<meta name=\"twitter:label2\" content=\"Dur\u00e9e de lecture estim\u00e9e\" \/>\n\t<meta name=\"twitter:data2\" content=\"3 minutes\" \/>\n<!-- \/ Yoast SEO Premium plugin. -->","yoast_head_json":{"title":"Vaccin AstraZeneca : l'Afrique du Sud a pr\u00e9f\u00e9r\u00e9 vendre ses doses","description":"Apr\u00e8s des inqui\u00e9tudes apparues autour de l'efficacit\u00e9 du vaccin Oxford-AstraZeneca contre le Covid-19, les autorit\u00e9s sud-africaines ont d\u00e9cid\u00e9 de vendre leurs 1,5 million de doses aux pays africains qui se sont montr\u00e9s int\u00e9ress\u00e9s.","robots":{"index":"index","follow":"follow","max-snippet":"max-snippet:-1","max-image-preview":"max-image-preview:large","max-video-preview":"max-video-preview:-1"},"canonical":"https:\/\/www.newsendip.com\/fr\/vaccin-astrazeneca-lafrique-du-sud-a-prefere-vendre-ses-doses\/","og_locale":"fr_FR","og_type":"article","og_title":"Vaccin AstraZeneca : l'Afrique du Sud a pr\u00e9f\u00e9r\u00e9 vendre ses doses","og_description":"Apr\u00e8s des inqui\u00e9tudes apparues autour de l'efficacit\u00e9 du vaccin Oxford-AstraZeneca contre le Covid-19, les autorit\u00e9s sud-africaines ont d\u00e9cid\u00e9 de vendre leurs 1,5 million de doses aux pays africains qui se sont montr\u00e9s int\u00e9ress\u00e9s.","og_url":"https:\/\/www.newsendip.com\/fr\/vaccin-astrazeneca-lafrique-du-sud-a-prefere-vendre-ses-doses\/","og_site_name":"Newsendip","article_publisher":"https:\/\/www.facebook.com\/newsendip","article_published_time":"2021-03-22T13:06:17+00:00","article_modified_time":"2022-12-15T17:13:48+00:00","og_image":[{"width":400,"height":267,"url":"https:\/\/www.newsendip.com\/wp-content\/uploads\/2021\/04\/astrazeneca_vaccine_delivered_dutch_serbia.jpg","type":"image\/jpeg"}],"author":"Cl\u00e9ment V\u00e9rit\u00e9","twitter_card":"summary_large_image","twitter_creator":"@https:\/\/twitter.com\/cverite","twitter_site":"@newsendip","twitter_misc":{"\u00c9crit par":"Cl\u00e9ment V\u00e9rit\u00e9","Dur\u00e9e de lecture estim\u00e9e":"3 minutes"},"schema":{"@context":"https:\/\/schema.org","@graph":[{"@type":"NewsArticle","@id":"https:\/\/www.newsendip.com\/fr\/vaccin-astrazeneca-lafrique-du-sud-a-prefere-vendre-ses-doses\/#article","isPartOf":{"@id":"https:\/\/www.newsendip.com\/fr\/vaccin-astrazeneca-lafrique-du-sud-a-prefere-vendre-ses-doses\/"},"author":{"name":"Cl\u00e9ment V\u00e9rit\u00e9","@id":"https:\/\/www.newsendip.com\/fr\/#\/schema\/person\/ea22c01755f464a3cbc2c619584d6363"},"headline":"Vaccin AstraZeneca&nbsp;: l\u2019Afrique du Sud a pr\u00e9f\u00e9r\u00e9 vendre ses&nbsp;doses","datePublished":"2021-03-22T13:06:17+00:00","dateModified":"2022-12-15T17:13:48+00:00","mainEntityOfPage":{"@id":"https:\/\/www.newsendip.com\/fr\/vaccin-astrazeneca-lafrique-du-sud-a-prefere-vendre-ses-doses\/"},"wordCount":705,"publisher":{"@id":"https:\/\/www.newsendip.com\/fr\/#organization"},"image":{"@id":"https:\/\/www.newsendip.com\/fr\/vaccin-astrazeneca-lafrique-du-sud-a-prefere-vendre-ses-doses\/#primaryimage"},"thumbnailUrl":"https:\/\/www.newsendip.com\/wp-content\/uploads\/2021\/04\/astrazeneca_vaccine_delivered_dutch_serbia.jpg","keywords":["Afrique du Sud","Vieux"],"articleSection":["Sciences et sant\u00e9"],"inLanguage":"fr-FR","copyrightYear":"2021","copyrightHolder":{"@id":"https:\/\/www.newsendip.com\/#organization"}},{"@type":"WebPage","@id":"https:\/\/www.newsendip.com\/fr\/vaccin-astrazeneca-lafrique-du-sud-a-prefere-vendre-ses-doses\/","url":"https:\/\/www.newsendip.com\/fr\/vaccin-astrazeneca-lafrique-du-sud-a-prefere-vendre-ses-doses\/","name":"Vaccin AstraZeneca : l'Afrique du Sud a pr\u00e9f\u00e9r\u00e9 vendre ses doses","isPartOf":{"@id":"https:\/\/www.newsendip.com\/fr\/#website"},"primaryImageOfPage":{"@id":"https:\/\/www.newsendip.com\/fr\/vaccin-astrazeneca-lafrique-du-sud-a-prefere-vendre-ses-doses\/#primaryimage"},"image":{"@id":"https:\/\/www.newsendip.com\/fr\/vaccin-astrazeneca-lafrique-du-sud-a-prefere-vendre-ses-doses\/#primaryimage"},"thumbnailUrl":"https:\/\/www.newsendip.com\/wp-content\/uploads\/2021\/04\/astrazeneca_vaccine_delivered_dutch_serbia.jpg","datePublished":"2021-03-22T13:06:17+00:00","dateModified":"2022-12-15T17:13:48+00:00","description":"Apr\u00e8s des inqui\u00e9tudes apparues autour de l'efficacit\u00e9 du vaccin Oxford-AstraZeneca contre le Covid-19, les autorit\u00e9s sud-africaines ont d\u00e9cid\u00e9 de vendre leurs 1,5 million de doses aux pays africains qui se sont montr\u00e9s int\u00e9ress\u00e9s.","breadcrumb":{"@id":"https:\/\/www.newsendip.com\/fr\/vaccin-astrazeneca-lafrique-du-sud-a-prefere-vendre-ses-doses\/#breadcrumb"},"inLanguage":"fr-FR","potentialAction":[{"@type":"ReadAction","target":["https:\/\/www.newsendip.com\/fr\/vaccin-astrazeneca-lafrique-du-sud-a-prefere-vendre-ses-doses\/"]}]},{"@type":"ImageObject","inLanguage":"fr-FR","@id":"https:\/\/www.newsendip.com\/fr\/vaccin-astrazeneca-lafrique-du-sud-a-prefere-vendre-ses-doses\/#primaryimage","url":"https:\/\/www.newsendip.com\/wp-content\/uploads\/2021\/04\/astrazeneca_vaccine_delivered_dutch_serbia.jpg","contentUrl":"https:\/\/www.newsendip.com\/wp-content\/uploads\/2021\/04\/astrazeneca_vaccine_delivered_dutch_serbia.jpg","width":400,"height":267,"caption":"La Serbie a vaccin\u00e9 des \u00e9trangers avec des vaccins AstraZeneca proches de la date d'expiration | Cr\u00e9dits : Marco Verch"},{"@type":"BreadcrumbList","@id":"https:\/\/www.newsendip.com\/fr\/vaccin-astrazeneca-lafrique-du-sud-a-prefere-vendre-ses-doses\/#breadcrumb","itemListElement":[{"@type":"ListItem","position":1,"name":"Accueil","item":"https:\/\/www.newsendip.com\/fr\/"},{"@type":"ListItem","position":2,"name":"Vaccin AstraZeneca : l&#8217;Afrique du Sud a pr\u00e9f\u00e9r\u00e9 vendre ses doses"}]},{"@type":"WebSite","@id":"https:\/\/www.newsendip.com\/fr\/#website","url":"https:\/\/www.newsendip.com\/fr\/","name":"Newsendip","description":"Red\u00e9couvrez l&#039;actualit\u00e9 internationale","publisher":{"@id":"https:\/\/www.newsendip.com\/fr\/#organization"},"potentialAction":[{"@type":"SearchAction","target":{"@type":"EntryPoint","urlTemplate":"https:\/\/www.newsendip.com\/fr\/?s={search_term_string}"},"query-input":{"@type":"PropertyValueSpecification","valueRequired":true,"valueName":"search_term_string"}}],"inLanguage":"fr-FR"},{"@type":"Organization","@id":"https:\/\/www.newsendip.com\/fr\/#organization","name":"Newsendip","url":"https:\/\/www.newsendip.com\/fr\/","logo":{"@type":"ImageObject","inLanguage":"fr-FR","@id":"https:\/\/www.newsendip.com\/fr\/#\/schema\/logo\/image\/","url":"https:\/\/www.newsendip.com\/wp-content\/uploads\/2023\/12\/512x512.svg","contentUrl":"https:\/\/www.newsendip.com\/wp-content\/uploads\/2023\/12\/512x512.svg","width":1,"height":1,"caption":"Newsendip"},"image":{"@id":"https:\/\/www.newsendip.com\/fr\/#\/schema\/logo\/image\/"},"sameAs":["https:\/\/www.facebook.com\/newsendip","https:\/\/x.com\/newsendip","https:\/\/mastodon.social\/@newsendip","https:\/\/www.linkedin.com\/company\/newsendip"],"description":"Newsendip est un site qui a pour mission de rendre l'actualit\u00e9 internationale accessible et diversifi\u00e9e","email":"contact@newsendip.com","legalName":"Newsendip SAS","foundingDate":"2022-11-04","vatID":"FR60921124723","numberOfEmployees":{"@type":"QuantitativeValue","minValue":"1","maxValue":"10"},"publishingPrinciples":"https:\/\/www.newsendip.com\/about-us\/","ownershipFundingInfo":"https:\/\/www.newsendip.com\/legal-notice\/","actionableFeedbackPolicy":"https:\/\/www.newsendip.com\/about-us\/","correctionsPolicy":"https:\/\/www.newsendip.com\/about-us\/","ethicsPolicy":"https:\/\/www.newsendip.com\/about-us\/","diversityPolicy":"https:\/\/www.newsendip.com\/about-us\/"},{"@type":"Person","@id":"https:\/\/www.newsendip.com\/fr\/#\/schema\/person\/ea22c01755f464a3cbc2c619584d6363","name":"Cl\u00e9ment V\u00e9rit\u00e9","description":"Cl\u00e9ment is the executive editor and founder of Newsendip. He started in the media industry as a freelance reporter at 16 for a local French newspaper after school and has never left it. He later worked for seven years at The New York Times, notably as a data analyst. He holds a Master of Management in France and a Master of Arts in the United Kingdom in International Marketing &amp; Communications Strategy. He has lived in France, the United Kingdom, and Italy.","sameAs":["https:\/\/www.newsendip.com\/","https:\/\/www.linkedin.com\/in\/clementverite\/","https:\/\/x.com\/https:\/\/twitter.com\/cverite"],"knowsAbout":["News","International","Business","Media monitoring"],"knowsLanguage":["English","French","Italian","Spanish"],"url":"https:\/\/www.newsendip.com\/fr\/author\/clement-verite\/"}]}},"_links":{"self":[{"href":"https:\/\/www.newsendip.com\/fr\/wp-json\/wp\/v2\/posts\/19016","targetHints":{"allow":["GET"]}}],"collection":[{"href":"https:\/\/www.newsendip.com\/fr\/wp-json\/wp\/v2\/posts"}],"about":[{"href":"https:\/\/www.newsendip.com\/fr\/wp-json\/wp\/v2\/types\/post"}],"author":[{"embeddable":true,"href":"https:\/\/www.newsendip.com\/fr\/wp-json\/wp\/v2\/users\/1"}],"replies":[{"embeddable":true,"href":"https:\/\/www.newsendip.com\/fr\/wp-json\/wp\/v2\/comments?post=19016"}],"version-history":[{"count":0,"href":"https:\/\/www.newsendip.com\/fr\/wp-json\/wp\/v2\/posts\/19016\/revisions"}],"wp:featuredmedia":[{"embeddable":true,"href":"https:\/\/www.newsendip.com\/fr\/wp-json\/wp\/v2\/media\/13499"}],"wp:attachment":[{"href":"https:\/\/www.newsendip.com\/fr\/wp-json\/wp\/v2\/media?parent=19016"}],"wp:term":[{"taxonomy":"category","embeddable":true,"href":"https:\/\/www.newsendip.com\/fr\/wp-json\/wp\/v2\/categories?post=19016"},{"taxonomy":"post_tag","embeddable":true,"href":"https:\/\/www.newsendip.com\/fr\/wp-json\/wp\/v2\/tags?post=19016"}],"curies":[{"name":"wp","href":"https:\/\/api.w.org\/{rel}","templated":true}]}}