{"id":19062,"date":"2021-06-16T17:00:00","date_gmt":"2021-06-16T15:00:00","guid":{"rendered":"https:\/\/www.newsendip.com\/?p=19062"},"modified":"2022-11-12T19:45:55","modified_gmt":"2022-11-12T18:45:55","slug":"les-employes-federaux-des-etats-unis-bientot-avec-un-jour-ferie-pour-le-juneteenth","status":"publish","type":"post","link":"https:\/\/www.newsendip.com\/fr\/les-employes-federaux-des-etats-unis-bientot-avec-un-jour-ferie-pour-le-juneteenth\/","title":{"rendered":"Les employ\u00e9s f\u00e9d\u00e9raux des \u00c9tats-Unis bient\u00f4t avec un jour f\u00e9ri\u00e9 pour le Juneteenth"},"content":{"rendered":"<p><strong>Le S\u00e9nat des \u00c9tats-Unis a adopt\u00e9 \u00e0 l\u2019unanimit\u00e9 la r\u00e9solution \u00e9tablissant le 19 juin comme le Juneteenth National Independence Day. Ce jour f\u00e9ri\u00e9 dans les bureaux f\u00e9d\u00e9raux am\u00e9ricains comm\u00e9morera la fin de l\u2019esclavage.<\/strong><\/p>\n<figure id=\"attachment_13582\" aria-describedby=\"caption-attachment-13582\" style=\"width: 400px\" class=\"wp-caption aligncenter\"><img decoding=\"async\" class=\"wp-image-13582 size-full\" src=\"https:\/\/www.newsendip.com\/wp-content\/uploads\/2021\/06\/Juneteenth_holiday.jpg\" alt=\"c\u00e9l\u00e9bration du Juneteenth\" width=\"400\" height=\"293\" srcset=\"https:\/\/www.newsendip.com\/wp-content\/uploads\/2021\/06\/Juneteenth_holiday.jpg 400w, https:\/\/www.newsendip.com\/wp-content\/uploads\/2021\/06\/Juneteenth_holiday-60x44.jpg 60w, https:\/\/www.newsendip.com\/wp-content\/uploads\/2021\/06\/Juneteenth_holiday-300x220.jpg 300w\" sizes=\"(max-width: 400px) 100vw, 400px\"><figcaption id=\"caption-attachment-13582\" class=\"wp-caption-text\">Une comm\u00e9moration du Juneteenth c\u00e9l\u00e9br\u00e9 en 2020 \u00e0 Chesterton dans l\u2019Indiana | risingthermals<\/figcaption><\/figure>\n<p>Le 1er janvier 1863, la d\u00e9claration d\u2019\u00e9mancipation abolit l\u2019esclavage sur le territoire des \u00c9tats-Unis.<\/p>\n<p>Mais ce n\u2019est que 2 ans plus tard, le 19 juin 1865 \u00e0 Galveston, au Texas, que les derniers esclaves noirs apprirent qu\u2019ils \u00e9taient enfin libres. Les soldats conf\u00e9d\u00e9r\u00e9s des 11 \u00c9tats ayant proclam\u00e9 leur ind\u00e9pendance pendant la guerre de S\u00e9cession s\u2019\u00e9taient rendus en avril&nbsp;1865.<\/p>\n<p>Le projet de loi avait \u00e9t\u00e9 bloqu\u00e9 en 2020 par un seul s\u00e9nateur r\u00e9publicain du Wisconsin qui s\u2019opposait \u00e0 ce jour f\u00e9ri\u00e9 en raison du co\u00fbt pour les contribuables am\u00e9ricains pour financer un jour de cong\u00e9 suppl\u00e9mentaire aux employ\u00e9s f\u00e9d\u00e9raux. <strong>La plupart des \u00c9tats reconnaissent d\u00e9j\u00e0 cette date, avec une comm\u00e9moration ou un jour f\u00e9ri\u00e9<\/strong>. Ce <a href=\"https:\/\/www.newsendip.com\/fr\/la-saint-brigids-day-nouveau-jour-ferie-en-irlande-le-premier-du-pays-associe-au-nom-dune-femme\/\">nouveau jour f\u00e9ri\u00e9<\/a> a \u00e9t\u00e9 propos\u00e9 au S\u00e9nat dans la foul\u00e9e du mouvement Black Lives Matter, au cours duquel plusieurs entreprises ont \u00e9galement inclus le 19 juin, commun\u00e9ment abr\u00e9g\u00e9 <em>Juneteenth<\/em> en anglais pour <em>June<\/em> et <em>nineteenth<\/em>, comme jour f\u00e9ri\u00e9 pay\u00e9 \u00e0 leurs employ\u00e9s.<\/p>\n<figure><figcaption><\/figcaption><\/figure>\n<h2>Un jour f\u00e9ri\u00e9 au niveau f\u00e9d\u00e9ral qui influencera le temps de travail dans les entreprises priv\u00e9es<\/h2>\n<p><!--more--><\/p>\n<p>Le s\u00e9nateur a cependant abandonn\u00e9 l\u2019objection la semaine derni\u00e8re car \u00ab\u202f<em>il n\u2019y a pas d\u2019envie au Congr\u00e8s pour discuter davantage de cette question<\/em>\u202f\u00bb. <strong>La l\u00e9gislation devrait maintenant passer sans difficult\u00e9s<\/strong> devant la Chambre des repr\u00e9sentants et sur le bureau du pr\u00e9sident.<\/p>\n<p>Le Juneteenth sera donc bient\u00f4t le 12e jour f\u00e9ri\u00e9 f\u00e9d\u00e9ral. \u00c0 cette date, les <strong>bureaux non essentiels du gouvernement f\u00e9d\u00e9ral sont ferm\u00e9s dans tous les \u00c9tats<\/strong>. Les employ\u00e9s f\u00e9d\u00e9raux d\u2019agences comme la NASA, la Food and Drug Administration, le minist\u00e8re de l\u2019\u00c9ducation ou ceux qui travaillent dans les parcs nationaux auront un jour de cong\u00e9 pay\u00e9. Les transactions boursi\u00e8res sont g\u00e9n\u00e9ralement suspendues.<\/p>\n<p>Les \u00c9tats ne sont pas tenus d\u2019observer cette date le m\u00eame jour que le jour f\u00e9ri\u00e9 f\u00e9d\u00e9ral. De nombreux \u00c9tats ont \u00e9galement des jours f\u00e9ri\u00e9s qui ne sont pas observ\u00e9s par le gouvernement f\u00e9d\u00e9ral, comme le Malcom X Day dans l\u2019Illinois ou le Rosa Parks Day en Californie, au Missouri, dans l\u2019Ohio et dans l\u2019Oregon.<\/p>\n<p>Le Congr\u00e8s a le pouvoir de cr\u00e9er des jours f\u00e9ri\u00e9s uniquement pour les institutions f\u00e9d\u00e9rales. Les jours f\u00e9ri\u00e9s nationaux, qui obligeraient toutes les entreprises du pays \u00e0 fermer, n\u2019existent pas aux \u00c9tats-Unis. <strong>La plupart des entreprises alignent les jours f\u00e9ri\u00e9s, qu\u2019elles peuvent accorder \u00e0 leur gr\u00e9, avec les jours f\u00e9ri\u00e9s f\u00e9d\u00e9raux<\/strong>.<\/p>\n<p><strong><a href=\"https:\/\/www.newsendip.com\/fr\/etiquette\/etats-unis\/\">D\u00e9couvrez plus d\u2019actualit\u00e9s sur les \u00c9tats-Unis<\/a><\/strong><\/p>\n<h3 id=\"ref\">Sources et liens utiles&nbsp;:<\/h3>\n<ul>\n<li><a href=\"https:\/\/www.congress.gov\/congressional-record\/2021\/06\/15\/daily-digest\">Daily Digest<\/a>, U.S. Senate, juin&nbsp;2021<\/li>\n<\/ul>\n","protected":false},"excerpt":{"rendered":"<p>Avec le Juneteenth, ce jour f\u00e9ri\u00e9 dans les bureaux f\u00e9d\u00e9raux am\u00e9ricains comm\u00e9morera la fin de l\u2019esclavage.<\/p>\n","protected":false},"author":1,"featured_media":13582,"comment_status":"closed","ping_status":"closed","sticky":false,"template":"","format":"standard","meta":{"wp_typography_post_enhancements_disabled":false,"footnotes":""},"categories":[416],"tags":[417,421],"class_list":["post-19062","post","type-post","status-publish","format-standard","has-post-thumbnail","hentry","category-politique","tag-etats-unis","tag-vieux"],"yoast_head":"<!-- This site is optimized with the Yoast SEO Premium plugin v27.4 (Yoast SEO v27.4) - https:\/\/yoast.com\/product\/yoast-seo-premium-wordpress\/ -->\n<title>Les employ\u00e9s f\u00e9d\u00e9raux des \u00c9tats-Unis bient\u00f4t avec un jour f\u00e9ri\u00e9 pour le Juneteenth<\/title>\n<meta name=\"description\" content=\"Avec le Juneteenth, ce jour f\u00e9ri\u00e9 dans les bureaux f\u00e9d\u00e9raux am\u00e9ricains comm\u00e9morera la fin de l&#039;esclavage.\" \/>\n<meta name=\"robots\" content=\"index, follow, max-snippet:-1, max-image-preview:large, max-video-preview:-1\" \/>\n<link rel=\"canonical\" href=\"https:\/\/www.newsendip.com\/fr\/les-employes-federaux-des-etats-unis-bientot-avec-un-jour-ferie-pour-le-juneteenth\/\" \/>\n<meta property=\"og:locale\" content=\"fr_FR\" \/>\n<meta property=\"og:type\" content=\"article\" \/>\n<meta property=\"og:title\" content=\"Les employ\u00e9s f\u00e9d\u00e9raux des \u00c9tats-Unis bient\u00f4t avec un jour f\u00e9ri\u00e9 pour le Juneteenth\" \/>\n<meta property=\"og:description\" content=\"Avec le Juneteenth, ce jour f\u00e9ri\u00e9 dans les bureaux f\u00e9d\u00e9raux am\u00e9ricains comm\u00e9morera la fin de l&#039;esclavage.\" \/>\n<meta property=\"og:url\" content=\"https:\/\/www.newsendip.com\/fr\/les-employes-federaux-des-etats-unis-bientot-avec-un-jour-ferie-pour-le-juneteenth\/\" \/>\n<meta property=\"og:site_name\" content=\"Newsendip\" \/>\n<meta property=\"article:publisher\" content=\"https:\/\/www.facebook.com\/newsendip\" \/>\n<meta property=\"article:published_time\" content=\"2021-06-16T15:00:00+00:00\" \/>\n<meta property=\"article:modified_time\" content=\"2022-11-12T18:45:55+00:00\" \/>\n<meta property=\"og:image\" content=\"https:\/\/www.newsendip.com\/wp-content\/uploads\/2021\/06\/Juneteenth_holiday.jpg\" \/>\n\t<meta property=\"og:image:width\" content=\"400\" \/>\n\t<meta property=\"og:image:height\" content=\"293\" \/>\n\t<meta property=\"og:image:type\" content=\"image\/jpeg\" \/>\n<meta name=\"author\" content=\"Cl\u00e9ment V\u00e9rit\u00e9\" \/>\n<meta name=\"twitter:card\" content=\"summary_large_image\" \/>\n<meta name=\"twitter:creator\" content=\"@https:\/\/twitter.com\/cverite\" \/>\n<meta name=\"twitter:site\" content=\"@newsendip\" \/>\n<meta name=\"twitter:label1\" content=\"\u00c9crit par\" \/>\n\t<meta name=\"twitter:data1\" content=\"Cl\u00e9ment V\u00e9rit\u00e9\" \/>\n\t<meta name=\"twitter:label2\" content=\"Dur\u00e9e de lecture estim\u00e9e\" \/>\n\t<meta name=\"twitter:data2\" content=\"3 minutes\" \/>\n<!-- \/ Yoast SEO Premium plugin. -->","yoast_head_json":{"title":"Les employ\u00e9s f\u00e9d\u00e9raux des \u00c9tats-Unis bient\u00f4t avec un jour f\u00e9ri\u00e9 pour le Juneteenth","description":"Avec le Juneteenth, ce jour f\u00e9ri\u00e9 dans les bureaux f\u00e9d\u00e9raux am\u00e9ricains comm\u00e9morera la fin de l'esclavage.","robots":{"index":"index","follow":"follow","max-snippet":"max-snippet:-1","max-image-preview":"max-image-preview:large","max-video-preview":"max-video-preview:-1"},"canonical":"https:\/\/www.newsendip.com\/fr\/les-employes-federaux-des-etats-unis-bientot-avec-un-jour-ferie-pour-le-juneteenth\/","og_locale":"fr_FR","og_type":"article","og_title":"Les employ\u00e9s f\u00e9d\u00e9raux des \u00c9tats-Unis bient\u00f4t avec un jour f\u00e9ri\u00e9 pour le Juneteenth","og_description":"Avec le Juneteenth, ce jour f\u00e9ri\u00e9 dans les bureaux f\u00e9d\u00e9raux am\u00e9ricains comm\u00e9morera la fin de l'esclavage.","og_url":"https:\/\/www.newsendip.com\/fr\/les-employes-federaux-des-etats-unis-bientot-avec-un-jour-ferie-pour-le-juneteenth\/","og_site_name":"Newsendip","article_publisher":"https:\/\/www.facebook.com\/newsendip","article_published_time":"2021-06-16T15:00:00+00:00","article_modified_time":"2022-11-12T18:45:55+00:00","og_image":[{"width":400,"height":293,"url":"https:\/\/www.newsendip.com\/wp-content\/uploads\/2021\/06\/Juneteenth_holiday.jpg","type":"image\/jpeg"}],"author":"Cl\u00e9ment V\u00e9rit\u00e9","twitter_card":"summary_large_image","twitter_creator":"@https:\/\/twitter.com\/cverite","twitter_site":"@newsendip","twitter_misc":{"\u00c9crit par":"Cl\u00e9ment V\u00e9rit\u00e9","Dur\u00e9e de lecture estim\u00e9e":"3 minutes"},"schema":{"@context":"https:\/\/schema.org","@graph":[{"@type":"NewsArticle","@id":"https:\/\/www.newsendip.com\/fr\/les-employes-federaux-des-etats-unis-bientot-avec-un-jour-ferie-pour-le-juneteenth\/#article","isPartOf":{"@id":"https:\/\/www.newsendip.com\/fr\/les-employes-federaux-des-etats-unis-bientot-avec-un-jour-ferie-pour-le-juneteenth\/"},"author":{"name":"Cl\u00e9ment V\u00e9rit\u00e9","@id":"https:\/\/www.newsendip.com\/fr\/#\/schema\/person\/ea22c01755f464a3cbc2c619584d6363"},"headline":"Les employ\u00e9s f\u00e9d\u00e9raux des \u00c9tats-Unis bient\u00f4t avec un jour f\u00e9ri\u00e9 pour le Juneteenth","datePublished":"2021-06-16T15:00:00+00:00","dateModified":"2022-11-12T18:45:55+00:00","mainEntityOfPage":{"@id":"https:\/\/www.newsendip.com\/fr\/les-employes-federaux-des-etats-unis-bientot-avec-un-jour-ferie-pour-le-juneteenth\/"},"wordCount":558,"publisher":{"@id":"https:\/\/www.newsendip.com\/fr\/#organization"},"image":{"@id":"https:\/\/www.newsendip.com\/fr\/les-employes-federaux-des-etats-unis-bientot-avec-un-jour-ferie-pour-le-juneteenth\/#primaryimage"},"thumbnailUrl":"https:\/\/www.newsendip.com\/wp-content\/uploads\/2021\/06\/Juneteenth_holiday.jpg","keywords":["\u00c9tats-Unis","Vieux"],"articleSection":["Politique"],"inLanguage":"fr-FR","copyrightYear":"2021","copyrightHolder":{"@id":"https:\/\/www.newsendip.com\/#organization"}},{"@type":"WebPage","@id":"https:\/\/www.newsendip.com\/fr\/les-employes-federaux-des-etats-unis-bientot-avec-un-jour-ferie-pour-le-juneteenth\/","url":"https:\/\/www.newsendip.com\/fr\/les-employes-federaux-des-etats-unis-bientot-avec-un-jour-ferie-pour-le-juneteenth\/","name":"Les employ\u00e9s f\u00e9d\u00e9raux des \u00c9tats-Unis bient\u00f4t avec un jour f\u00e9ri\u00e9 pour le Juneteenth","isPartOf":{"@id":"https:\/\/www.newsendip.com\/fr\/#website"},"primaryImageOfPage":{"@id":"https:\/\/www.newsendip.com\/fr\/les-employes-federaux-des-etats-unis-bientot-avec-un-jour-ferie-pour-le-juneteenth\/#primaryimage"},"image":{"@id":"https:\/\/www.newsendip.com\/fr\/les-employes-federaux-des-etats-unis-bientot-avec-un-jour-ferie-pour-le-juneteenth\/#primaryimage"},"thumbnailUrl":"https:\/\/www.newsendip.com\/wp-content\/uploads\/2021\/06\/Juneteenth_holiday.jpg","datePublished":"2021-06-16T15:00:00+00:00","dateModified":"2022-11-12T18:45:55+00:00","description":"Avec le Juneteenth, ce jour f\u00e9ri\u00e9 dans les bureaux f\u00e9d\u00e9raux am\u00e9ricains comm\u00e9morera la fin de l'esclavage.","breadcrumb":{"@id":"https:\/\/www.newsendip.com\/fr\/les-employes-federaux-des-etats-unis-bientot-avec-un-jour-ferie-pour-le-juneteenth\/#breadcrumb"},"inLanguage":"fr-FR","potentialAction":[{"@type":"ReadAction","target":["https:\/\/www.newsendip.com\/fr\/les-employes-federaux-des-etats-unis-bientot-avec-un-jour-ferie-pour-le-juneteenth\/"]}]},{"@type":"ImageObject","inLanguage":"fr-FR","@id":"https:\/\/www.newsendip.com\/fr\/les-employes-federaux-des-etats-unis-bientot-avec-un-jour-ferie-pour-le-juneteenth\/#primaryimage","url":"https:\/\/www.newsendip.com\/wp-content\/uploads\/2021\/06\/Juneteenth_holiday.jpg","contentUrl":"https:\/\/www.newsendip.com\/wp-content\/uploads\/2021\/06\/Juneteenth_holiday.jpg","width":400,"height":293,"caption":"Une comm\u00e9moration du Juneteenth c\u00e9l\u00e9br\u00e9 en 2020 \u00e0 Chesterton dans l'Indiana | risingthermals"},{"@type":"BreadcrumbList","@id":"https:\/\/www.newsendip.com\/fr\/les-employes-federaux-des-etats-unis-bientot-avec-un-jour-ferie-pour-le-juneteenth\/#breadcrumb","itemListElement":[{"@type":"ListItem","position":1,"name":"Accueil","item":"https:\/\/www.newsendip.com\/fr\/"},{"@type":"ListItem","position":2,"name":"Les employ\u00e9s f\u00e9d\u00e9raux des \u00c9tats-Unis bient\u00f4t avec un jour f\u00e9ri\u00e9 pour le Juneteenth"}]},{"@type":"WebSite","@id":"https:\/\/www.newsendip.com\/fr\/#website","url":"https:\/\/www.newsendip.com\/fr\/","name":"Newsendip","description":"Red\u00e9couvrez l&#039;actualit\u00e9 internationale","publisher":{"@id":"https:\/\/www.newsendip.com\/fr\/#organization"},"potentialAction":[{"@type":"SearchAction","target":{"@type":"EntryPoint","urlTemplate":"https:\/\/www.newsendip.com\/fr\/?s={search_term_string}"},"query-input":{"@type":"PropertyValueSpecification","valueRequired":true,"valueName":"search_term_string"}}],"inLanguage":"fr-FR"},{"@type":"Organization","@id":"https:\/\/www.newsendip.com\/fr\/#organization","name":"Newsendip","url":"https:\/\/www.newsendip.com\/fr\/","logo":{"@type":"ImageObject","inLanguage":"fr-FR","@id":"https:\/\/www.newsendip.com\/fr\/#\/schema\/logo\/image\/","url":"https:\/\/www.newsendip.com\/wp-content\/uploads\/2023\/12\/512x512.svg","contentUrl":"https:\/\/www.newsendip.com\/wp-content\/uploads\/2023\/12\/512x512.svg","width":1,"height":1,"caption":"Newsendip"},"image":{"@id":"https:\/\/www.newsendip.com\/fr\/#\/schema\/logo\/image\/"},"sameAs":["https:\/\/www.facebook.com\/newsendip","https:\/\/x.com\/newsendip","https:\/\/mastodon.social\/@newsendip","https:\/\/www.linkedin.com\/company\/newsendip"],"description":"Newsendip est un site qui a pour mission de rendre l'actualit\u00e9 internationale accessible et diversifi\u00e9e","email":"contact@newsendip.com","legalName":"Newsendip SAS","foundingDate":"2022-11-04","vatID":"FR60921124723","numberOfEmployees":{"@type":"QuantitativeValue","minValue":"1","maxValue":"10"},"publishingPrinciples":"https:\/\/www.newsendip.com\/about-us\/","ownershipFundingInfo":"https:\/\/www.newsendip.com\/legal-notice\/","actionableFeedbackPolicy":"https:\/\/www.newsendip.com\/about-us\/","correctionsPolicy":"https:\/\/www.newsendip.com\/about-us\/","ethicsPolicy":"https:\/\/www.newsendip.com\/about-us\/","diversityPolicy":"https:\/\/www.newsendip.com\/about-us\/"},{"@type":"Person","@id":"https:\/\/www.newsendip.com\/fr\/#\/schema\/person\/ea22c01755f464a3cbc2c619584d6363","name":"Cl\u00e9ment V\u00e9rit\u00e9","description":"Cl\u00e9ment is the executive editor and founder of Newsendip. He started in the media industry as a freelance reporter at 16 for a local French newspaper after school and has never left it. He later worked for seven years at The New York Times, notably as a data analyst. He holds a Master of Management in France and a Master of Arts in the United Kingdom in International Marketing &amp; Communications Strategy. He has lived in France, the United Kingdom, and Italy.","sameAs":["https:\/\/www.newsendip.com\/","https:\/\/www.linkedin.com\/in\/clementverite\/","https:\/\/x.com\/https:\/\/twitter.com\/cverite"],"knowsAbout":["News","International","Business","Media monitoring"],"knowsLanguage":["English","French","Italian","Spanish"],"url":"https:\/\/www.newsendip.com\/fr\/author\/clement-verite\/"}]}},"_links":{"self":[{"href":"https:\/\/www.newsendip.com\/fr\/wp-json\/wp\/v2\/posts\/19062","targetHints":{"allow":["GET"]}}],"collection":[{"href":"https:\/\/www.newsendip.com\/fr\/wp-json\/wp\/v2\/posts"}],"about":[{"href":"https:\/\/www.newsendip.com\/fr\/wp-json\/wp\/v2\/types\/post"}],"author":[{"embeddable":true,"href":"https:\/\/www.newsendip.com\/fr\/wp-json\/wp\/v2\/users\/1"}],"replies":[{"embeddable":true,"href":"https:\/\/www.newsendip.com\/fr\/wp-json\/wp\/v2\/comments?post=19062"}],"version-history":[{"count":0,"href":"https:\/\/www.newsendip.com\/fr\/wp-json\/wp\/v2\/posts\/19062\/revisions"}],"wp:featuredmedia":[{"embeddable":true,"href":"https:\/\/www.newsendip.com\/fr\/wp-json\/wp\/v2\/media\/13582"}],"wp:attachment":[{"href":"https:\/\/www.newsendip.com\/fr\/wp-json\/wp\/v2\/media?parent=19062"}],"wp:term":[{"taxonomy":"category","embeddable":true,"href":"https:\/\/www.newsendip.com\/fr\/wp-json\/wp\/v2\/categories?post=19062"},{"taxonomy":"post_tag","embeddable":true,"href":"https:\/\/www.newsendip.com\/fr\/wp-json\/wp\/v2\/tags?post=19062"}],"curies":[{"name":"wp","href":"https:\/\/api.w.org\/{rel}","templated":true}]}}