{"id":19065,"date":"2021-06-16T01:00:00","date_gmt":"2021-06-15T23:00:00","guid":{"rendered":"https:\/\/www.newsendip.com\/?p=19065"},"modified":"2024-07-23T17:55:31","modified_gmt":"2024-07-23T15:55:31","slug":"les-philippines-reportent-a-nouveau-le-retrait-des-troupes-americaines","status":"publish","type":"post","link":"https:\/\/www.newsendip.com\/fr\/les-philippines-reportent-a-nouveau-le-retrait-des-troupes-americaines\/","title":{"rendered":"Les Philippines reportent \u00e0 nouveau le retrait des troupes am\u00e9ricaines"},"content":{"rendered":"<p><strong>Le pr\u00e9sident philippin Rodrigo Duterte avait d\u00e9cid\u00e9 d\u2019arr\u00eater une coop\u00e9ration militaire avec les \u00c9tats-Unis. Mais il a report\u00e9 une nouvelle fois cette d\u00e9cision de 6 mois alors que la pr\u00e9sence de la Chine dans les eaux territoriales philippines inqui\u00e8te.<\/strong><\/p>\n<figure id=\"attachment_13580\" aria-describedby=\"caption-attachment-13580\" style=\"width: 825px\" class=\"wp-caption aligncenter\"><img decoding=\"async\" class=\"wp-image-13580 size-full\" src=\"https:\/\/www.newsendip.com\/wp-content\/uploads\/2021\/06\/duterte_VFA_China.jpg\" alt=\"Rodrigo Duterte\" width=\"825\" height=\"549\" srcset=\"https:\/\/www.newsendip.com\/wp-content\/uploads\/2021\/06\/duterte_VFA_China.jpg 825w, https:\/\/www.newsendip.com\/wp-content\/uploads\/2021\/06\/duterte_VFA_China-60x40.jpg 60w, https:\/\/www.newsendip.com\/wp-content\/uploads\/2021\/06\/duterte_VFA_China-720x480.jpg 720w, https:\/\/www.newsendip.com\/wp-content\/uploads\/2021\/06\/duterte_VFA_China-300x200.jpg 300w, https:\/\/www.newsendip.com\/wp-content\/uploads\/2021\/06\/duterte_VFA_China-768x511.jpg 768w\" sizes=\"(max-width: 825px) 100vw, 825px\"><figcaption id=\"caption-attachment-13580\" class=\"wp-caption-text\">Le pr\u00e9sident philippin a d\u00e9cid\u00e9 de reporter la suspension d\u2019un pacte militaire avec les \u00c9tats-Unis | Communication pr\u00e9sidentielle<\/figcaption><\/figure>\n<p>En f\u00e9vrier 2020, le pr\u00e9sident philippin Rodrigo Duterte avait annonc\u00e9 qu\u2019il suspendait l\u2019accord sur les forces \u00e9trang\u00e8res (Visiting Forces Agreement) avec les \u00c9tats-Unis, qui fournit le cadre juridique permettant aux troupes am\u00e9ricaines d\u2019op\u00e9rer aux Philippines et qui constitue la base de leurs collaborations militaires.<\/p>\n<p>Depuis l\u2019arriv\u00e9e de M. Duterte au pouvoir en 2016, les relations entre les Philippines et les \u00c9tats-Unis sont difficiles. <strong>M. Duterte \u00e9tait plus enclin au commerce et aux investissements chinois<\/strong>. La d\u00e9cision unilat\u00e9rale et soudaine des Philippines de suspendre le VFA est intervenue apr\u00e8s qu\u2019un s\u00e9nateur, l\u2019ancien chef de la police nationale qui a men\u00e9 la guerre contre la drogue de M. Duterte, s\u2019est vu refuser un visa pour les \u00c9tats-Unis.<\/p>\n<p>En f\u00e9vrier 2020, le pr\u00e9sident <strong>Duterte avait d\u00e9clar\u00e9 que les \u00c9tats-Unis devaient payer s\u2019ils voulaient \u00eatre pr\u00e9sents \u00e0 proximit\u00e9 des forces arm\u00e9es chinoises<\/strong>. Mais il a \u00e9galement reconnu la n\u00e9cessit\u00e9 de leur pr\u00e9sence aux Philippines. Et le 14 juin, <a href=\"#ref\">la suspension a \u00e9t\u00e9 report\u00e9e pour la troisi\u00e8me fois<\/a>, apr\u00e8s juin et novembre 2020, afin de r\u00e9pondre aux \u00ab\u202f<em>pr\u00e9occupations concernant certains aspects particuliers de l\u2019accord<\/em>\u202f\u00bb.<\/p>\n<h2>La Chine revendique des parties du territoire des Philippines<\/h2>\n<p><!--more--><\/p>\n<p>Cette d\u00e9cision intervient alors que la <strong>Chine s\u2019est r\u00e9cemment int\u00e9ress\u00e9e de pr\u00e8s au territoire maritime des Philippines<\/strong>.<\/p>\n<p>La mer de Chine m\u00e9ridionale comporte d\u2019importantes routes commerciales, des eaux de p\u00eache et d\u2019\u00e9ventuelles ressources p\u00e9troli\u00e8res et min\u00e9rales. Mais <strong>la Chine ne reconna\u00eet pas un arr\u00eat de 2016 de la Cour internationale de justice rejetant sa revendication historique d\u2019environ 90\u202f% de la mer de Chine m\u00e9ridionale<\/strong>. Elle a \u00e9galement condamn\u00e9 les constructions chinoises d\u2019\u00eeles artificielles dans la r\u00e9gion. Et cette zone, de la taille du <a href=\"https:\/\/www.newsendip.com\/mexico\/\">Mexique<\/a>, comprend la mer des Philippines occidentales.<\/p>\n<p>M. Duterte avait minimis\u00e9 l\u2019accord avec les \u00c9tats-Unis, qu\u2019il consid\u00e9rait \u00e0 l\u2019\u00e9poque comme un simple bout de papier, afin de favoriser l\u2019aide \u00e9conomique et les investissements chinois.<\/p>\n<p>Mais en mars 2021, environ <strong>200 bateaux chinois sont entr\u00e9s dans la zone \u00e9conomique exclusive des Philippines<\/strong>. Cela a oblig\u00e9 le pr\u00e9sident \u00e0 renforcer sa pr\u00e9sence militaire en mer de Chine m\u00e9ridionale. La Chine a condamn\u00e9 cette d\u00e9marche qu\u2019elle consid\u00e8re comme une escalade dans le conflit. Les navires de p\u00eache, sans aucun soldat \u00e0 bord selon P\u00e9kin, compliquent tout du moins les <a href=\"https:\/\/www.newsendip.com\/fr\/la-colombie-a-viole-les-droits-souverains-du-nicaragua-selon-la-cour-internationale-de-justice\/\">industries de la p\u00eache<\/a> et de l\u2019<a href=\"https:\/\/www.newsendip.com\/fr\/la-norvege-et-le-dilemme-entre-exporter-son-electricite-offshore-et-privilegier-sa-population\/\">\u00e9nergie offshore<\/a> pour les autres pays c\u00f4tiers.<\/p>\n<p>\u00ab\u202f<em>Certaines choses dans la vie ne peuvent pas \u00eatre n\u00e9goci\u00e9es, et c\u2019est l\u2019une d\u2019entre elles<\/em>\u202f\u00bb, a d\u00e9clar\u00e9 <a href=\"#ref\">M. Duterte en avril en faisant r\u00e9f\u00e9rence aux revendications de P\u00e9kin<\/a>. Cela ne semblait pas le cas \u00e0 l\u2019\u00e9poque pour le Visiting Forces Agreement.<\/p>\n<p>\u00ab\u202f<em>S<\/em>ome<em> things in life cannot be bargained, and this is one of them<\/em>\u202f\u00bb, told <a href=\"https:\/\/news.abs-cbn.com\/news\/04\/29\/21\/duterte-china-west-philippine-sea-covid-vaccine\">Duterte in April referring to the claims of Beijing<\/a>. It wasn\u2019t the case for the Visiting Forces Agreement.<\/p>\n<p><strong><a href=\"https:\/\/www.newsendip.com\/fr\/etiquette\/philippines-fr\/\">D\u00e9couvrez plus d\u2019actualit\u00e9s sur les Philippines<\/a><\/strong><\/p>\n<h3 id=\"ref\">Sources et liens utiles&nbsp;:<\/h3>\n<ul>\n<li><a href=\"https:\/\/twitter.com\/DFAPHL\/status\/1404400215126274055\">Department of Foreign Affairs of the Republic of the Philippines<\/a>, Twitter, juin&nbsp;2021<\/li>\n<\/ul>\n","protected":false},"excerpt":{"rendered":"<p>Le pr\u00e9sident philippin Rodrigo Duterte avait d\u00e9cid\u00e9 d\u2019arr\u00eater une coop\u00e9ration militaire avec les \u00c9tats-Unis. Mais il a report\u00e9 une nouvelle fois cette d\u00e9cision de 6 mois alors que la pr\u00e9sence de la Chine dans les eaux territoriales philippines inqui\u00e8te.<\/p>\n","protected":false},"author":1,"featured_media":13580,"comment_status":"closed","ping_status":"closed","sticky":false,"template":"","format":"standard","meta":{"wp_typography_post_enhancements_disabled":false,"footnotes":""},"categories":[416],"tags":[417,436,421],"class_list":["post-19065","post","type-post","status-publish","format-standard","has-post-thumbnail","hentry","category-politique","tag-etats-unis","tag-philippines-fr","tag-vieux"],"yoast_head":"<!-- This site is optimized with the Yoast SEO Premium plugin v27.4 (Yoast SEO v27.4) - https:\/\/yoast.com\/product\/yoast-seo-premium-wordpress\/ -->\n<title>Les Philippines reportent \u00e0 nouveau le retrait des troupes am\u00e9ricaines<\/title>\n<meta name=\"description\" content=\"Le pr\u00e9sident philippin Rodrigo Duterte avait d\u00e9cid\u00e9 d&#039;arr\u00eater une coop\u00e9ration militaire avec les \u00c9tats-Unis. Mais il a report\u00e9 une nouvelle fois cette d\u00e9cision de 6 mois alors que la pr\u00e9sence de la Chine dans les eaux territoriales philippines inqui\u00e8te.\" \/>\n<meta name=\"robots\" content=\"index, follow, max-snippet:-1, max-image-preview:large, max-video-preview:-1\" \/>\n<link rel=\"canonical\" href=\"https:\/\/www.newsendip.com\/fr\/les-philippines-reportent-a-nouveau-le-retrait-des-troupes-americaines\/\" \/>\n<meta property=\"og:locale\" content=\"fr_FR\" \/>\n<meta property=\"og:type\" content=\"article\" \/>\n<meta property=\"og:title\" content=\"Les Philippines reportent \u00e0 nouveau le retrait des troupes am\u00e9ricaines\" \/>\n<meta property=\"og:description\" content=\"Le pr\u00e9sident philippin Rodrigo Duterte avait d\u00e9cid\u00e9 d&#039;arr\u00eater une coop\u00e9ration militaire avec les \u00c9tats-Unis. Mais il a report\u00e9 une nouvelle fois cette d\u00e9cision de 6 mois alors que la pr\u00e9sence de la Chine dans les eaux territoriales philippines inqui\u00e8te.\" \/>\n<meta property=\"og:url\" content=\"https:\/\/www.newsendip.com\/fr\/les-philippines-reportent-a-nouveau-le-retrait-des-troupes-americaines\/\" \/>\n<meta property=\"og:site_name\" content=\"Newsendip\" \/>\n<meta property=\"article:publisher\" content=\"https:\/\/www.facebook.com\/newsendip\" \/>\n<meta property=\"article:published_time\" content=\"2021-06-15T23:00:00+00:00\" \/>\n<meta property=\"article:modified_time\" content=\"2024-07-23T15:55:31+00:00\" \/>\n<meta property=\"og:image\" content=\"https:\/\/www.newsendip.com\/wp-content\/uploads\/2021\/06\/duterte_VFA_China.jpg\" \/>\n\t<meta property=\"og:image:width\" content=\"825\" \/>\n\t<meta property=\"og:image:height\" content=\"549\" \/>\n\t<meta property=\"og:image:type\" content=\"image\/jpeg\" \/>\n<meta name=\"author\" content=\"Cl\u00e9ment V\u00e9rit\u00e9\" \/>\n<meta name=\"twitter:card\" content=\"summary_large_image\" \/>\n<meta name=\"twitter:creator\" content=\"@https:\/\/twitter.com\/cverite\" \/>\n<meta name=\"twitter:site\" content=\"@newsendip\" \/>\n<meta name=\"twitter:label1\" content=\"\u00c9crit par\" \/>\n\t<meta name=\"twitter:data1\" content=\"Cl\u00e9ment V\u00e9rit\u00e9\" \/>\n\t<meta name=\"twitter:label2\" content=\"Dur\u00e9e de lecture estim\u00e9e\" \/>\n\t<meta name=\"twitter:data2\" content=\"3 minutes\" \/>\n<!-- \/ Yoast SEO Premium plugin. -->","yoast_head_json":{"title":"Les Philippines reportent \u00e0 nouveau le retrait des troupes am\u00e9ricaines","description":"Le pr\u00e9sident philippin Rodrigo Duterte avait d\u00e9cid\u00e9 d'arr\u00eater une coop\u00e9ration militaire avec les \u00c9tats-Unis. Mais il a report\u00e9 une nouvelle fois cette d\u00e9cision de 6 mois alors que la pr\u00e9sence de la Chine dans les eaux territoriales philippines inqui\u00e8te.","robots":{"index":"index","follow":"follow","max-snippet":"max-snippet:-1","max-image-preview":"max-image-preview:large","max-video-preview":"max-video-preview:-1"},"canonical":"https:\/\/www.newsendip.com\/fr\/les-philippines-reportent-a-nouveau-le-retrait-des-troupes-americaines\/","og_locale":"fr_FR","og_type":"article","og_title":"Les Philippines reportent \u00e0 nouveau le retrait des troupes am\u00e9ricaines","og_description":"Le pr\u00e9sident philippin Rodrigo Duterte avait d\u00e9cid\u00e9 d'arr\u00eater une coop\u00e9ration militaire avec les \u00c9tats-Unis. Mais il a report\u00e9 une nouvelle fois cette d\u00e9cision de 6 mois alors que la pr\u00e9sence de la Chine dans les eaux territoriales philippines inqui\u00e8te.","og_url":"https:\/\/www.newsendip.com\/fr\/les-philippines-reportent-a-nouveau-le-retrait-des-troupes-americaines\/","og_site_name":"Newsendip","article_publisher":"https:\/\/www.facebook.com\/newsendip","article_published_time":"2021-06-15T23:00:00+00:00","article_modified_time":"2024-07-23T15:55:31+00:00","og_image":[{"width":825,"height":549,"url":"https:\/\/www.newsendip.com\/wp-content\/uploads\/2021\/06\/duterte_VFA_China.jpg","type":"image\/jpeg"}],"author":"Cl\u00e9ment V\u00e9rit\u00e9","twitter_card":"summary_large_image","twitter_creator":"@https:\/\/twitter.com\/cverite","twitter_site":"@newsendip","twitter_misc":{"\u00c9crit par":"Cl\u00e9ment V\u00e9rit\u00e9","Dur\u00e9e de lecture estim\u00e9e":"3 minutes"},"schema":{"@context":"https:\/\/schema.org","@graph":[{"@type":"NewsArticle","@id":"https:\/\/www.newsendip.com\/fr\/les-philippines-reportent-a-nouveau-le-retrait-des-troupes-americaines\/#article","isPartOf":{"@id":"https:\/\/www.newsendip.com\/fr\/les-philippines-reportent-a-nouveau-le-retrait-des-troupes-americaines\/"},"author":{"name":"Cl\u00e9ment V\u00e9rit\u00e9","@id":"https:\/\/www.newsendip.com\/fr\/#\/schema\/person\/ea22c01755f464a3cbc2c619584d6363"},"headline":"Les Philippines reportent \u00e0 nouveau le retrait des troupes am\u00e9ricaines","datePublished":"2021-06-15T23:00:00+00:00","dateModified":"2024-07-23T15:55:31+00:00","mainEntityOfPage":{"@id":"https:\/\/www.newsendip.com\/fr\/les-philippines-reportent-a-nouveau-le-retrait-des-troupes-americaines\/"},"wordCount":626,"publisher":{"@id":"https:\/\/www.newsendip.com\/fr\/#organization"},"image":{"@id":"https:\/\/www.newsendip.com\/fr\/les-philippines-reportent-a-nouveau-le-retrait-des-troupes-americaines\/#primaryimage"},"thumbnailUrl":"https:\/\/www.newsendip.com\/wp-content\/uploads\/2021\/06\/duterte_VFA_China.jpg","keywords":["\u00c9tats-Unis","Philippines","Vieux"],"articleSection":["Politique"],"inLanguage":"fr-FR","copyrightYear":"2021","copyrightHolder":{"@id":"https:\/\/www.newsendip.com\/#organization"}},{"@type":"WebPage","@id":"https:\/\/www.newsendip.com\/fr\/les-philippines-reportent-a-nouveau-le-retrait-des-troupes-americaines\/","url":"https:\/\/www.newsendip.com\/fr\/les-philippines-reportent-a-nouveau-le-retrait-des-troupes-americaines\/","name":"Les Philippines reportent \u00e0 nouveau le retrait des troupes am\u00e9ricaines","isPartOf":{"@id":"https:\/\/www.newsendip.com\/fr\/#website"},"primaryImageOfPage":{"@id":"https:\/\/www.newsendip.com\/fr\/les-philippines-reportent-a-nouveau-le-retrait-des-troupes-americaines\/#primaryimage"},"image":{"@id":"https:\/\/www.newsendip.com\/fr\/les-philippines-reportent-a-nouveau-le-retrait-des-troupes-americaines\/#primaryimage"},"thumbnailUrl":"https:\/\/www.newsendip.com\/wp-content\/uploads\/2021\/06\/duterte_VFA_China.jpg","datePublished":"2021-06-15T23:00:00+00:00","dateModified":"2024-07-23T15:55:31+00:00","description":"Le pr\u00e9sident philippin Rodrigo Duterte avait d\u00e9cid\u00e9 d'arr\u00eater une coop\u00e9ration militaire avec les \u00c9tats-Unis. Mais il a report\u00e9 une nouvelle fois cette d\u00e9cision de 6 mois alors que la pr\u00e9sence de la Chine dans les eaux territoriales philippines inqui\u00e8te.","breadcrumb":{"@id":"https:\/\/www.newsendip.com\/fr\/les-philippines-reportent-a-nouveau-le-retrait-des-troupes-americaines\/#breadcrumb"},"inLanguage":"fr-FR","potentialAction":[{"@type":"ReadAction","target":["https:\/\/www.newsendip.com\/fr\/les-philippines-reportent-a-nouveau-le-retrait-des-troupes-americaines\/"]}]},{"@type":"ImageObject","inLanguage":"fr-FR","@id":"https:\/\/www.newsendip.com\/fr\/les-philippines-reportent-a-nouveau-le-retrait-des-troupes-americaines\/#primaryimage","url":"https:\/\/www.newsendip.com\/wp-content\/uploads\/2021\/06\/duterte_VFA_China.jpg","contentUrl":"https:\/\/www.newsendip.com\/wp-content\/uploads\/2021\/06\/duterte_VFA_China.jpg","width":825,"height":549,"caption":"Le pr\u00e9sident philippin a d\u00e9cid\u00e9 de reporter la suspension d'un pacte militaire avec les \u00c9tats-Unis | Communication pr\u00e9sidentielle"},{"@type":"BreadcrumbList","@id":"https:\/\/www.newsendip.com\/fr\/les-philippines-reportent-a-nouveau-le-retrait-des-troupes-americaines\/#breadcrumb","itemListElement":[{"@type":"ListItem","position":1,"name":"Accueil","item":"https:\/\/www.newsendip.com\/fr\/"},{"@type":"ListItem","position":2,"name":"Les Philippines reportent \u00e0 nouveau le retrait des troupes am\u00e9ricaines"}]},{"@type":"WebSite","@id":"https:\/\/www.newsendip.com\/fr\/#website","url":"https:\/\/www.newsendip.com\/fr\/","name":"Newsendip","description":"Red\u00e9couvrez l&#039;actualit\u00e9 internationale","publisher":{"@id":"https:\/\/www.newsendip.com\/fr\/#organization"},"potentialAction":[{"@type":"SearchAction","target":{"@type":"EntryPoint","urlTemplate":"https:\/\/www.newsendip.com\/fr\/?s={search_term_string}"},"query-input":{"@type":"PropertyValueSpecification","valueRequired":true,"valueName":"search_term_string"}}],"inLanguage":"fr-FR"},{"@type":"Organization","@id":"https:\/\/www.newsendip.com\/fr\/#organization","name":"Newsendip","url":"https:\/\/www.newsendip.com\/fr\/","logo":{"@type":"ImageObject","inLanguage":"fr-FR","@id":"https:\/\/www.newsendip.com\/fr\/#\/schema\/logo\/image\/","url":"https:\/\/www.newsendip.com\/wp-content\/uploads\/2023\/12\/512x512.svg","contentUrl":"https:\/\/www.newsendip.com\/wp-content\/uploads\/2023\/12\/512x512.svg","width":1,"height":1,"caption":"Newsendip"},"image":{"@id":"https:\/\/www.newsendip.com\/fr\/#\/schema\/logo\/image\/"},"sameAs":["https:\/\/www.facebook.com\/newsendip","https:\/\/x.com\/newsendip","https:\/\/mastodon.social\/@newsendip","https:\/\/www.linkedin.com\/company\/newsendip"],"description":"Newsendip est un site qui a pour mission de rendre l'actualit\u00e9 internationale accessible et diversifi\u00e9e","email":"contact@newsendip.com","legalName":"Newsendip SAS","foundingDate":"2022-11-04","vatID":"FR60921124723","numberOfEmployees":{"@type":"QuantitativeValue","minValue":"1","maxValue":"10"},"publishingPrinciples":"https:\/\/www.newsendip.com\/about-us\/","ownershipFundingInfo":"https:\/\/www.newsendip.com\/legal-notice\/","actionableFeedbackPolicy":"https:\/\/www.newsendip.com\/about-us\/","correctionsPolicy":"https:\/\/www.newsendip.com\/about-us\/","ethicsPolicy":"https:\/\/www.newsendip.com\/about-us\/","diversityPolicy":"https:\/\/www.newsendip.com\/about-us\/"},{"@type":"Person","@id":"https:\/\/www.newsendip.com\/fr\/#\/schema\/person\/ea22c01755f464a3cbc2c619584d6363","name":"Cl\u00e9ment V\u00e9rit\u00e9","description":"Cl\u00e9ment is the executive editor and founder of Newsendip. He started in the media industry as a freelance reporter at 16 for a local French newspaper after school and has never left it. He later worked for seven years at The New York Times, notably as a data analyst. He holds a Master of Management in France and a Master of Arts in the United Kingdom in International Marketing &amp; Communications Strategy. He has lived in France, the United Kingdom, and Italy.","sameAs":["https:\/\/www.newsendip.com\/","https:\/\/www.linkedin.com\/in\/clementverite\/","https:\/\/x.com\/https:\/\/twitter.com\/cverite"],"knowsAbout":["News","International","Business","Media monitoring"],"knowsLanguage":["English","French","Italian","Spanish"],"url":"https:\/\/www.newsendip.com\/fr\/author\/clement-verite\/"}]}},"_links":{"self":[{"href":"https:\/\/www.newsendip.com\/fr\/wp-json\/wp\/v2\/posts\/19065","targetHints":{"allow":["GET"]}}],"collection":[{"href":"https:\/\/www.newsendip.com\/fr\/wp-json\/wp\/v2\/posts"}],"about":[{"href":"https:\/\/www.newsendip.com\/fr\/wp-json\/wp\/v2\/types\/post"}],"author":[{"embeddable":true,"href":"https:\/\/www.newsendip.com\/fr\/wp-json\/wp\/v2\/users\/1"}],"replies":[{"embeddable":true,"href":"https:\/\/www.newsendip.com\/fr\/wp-json\/wp\/v2\/comments?post=19065"}],"version-history":[{"count":0,"href":"https:\/\/www.newsendip.com\/fr\/wp-json\/wp\/v2\/posts\/19065\/revisions"}],"wp:featuredmedia":[{"embeddable":true,"href":"https:\/\/www.newsendip.com\/fr\/wp-json\/wp\/v2\/media\/13580"}],"wp:attachment":[{"href":"https:\/\/www.newsendip.com\/fr\/wp-json\/wp\/v2\/media?parent=19065"}],"wp:term":[{"taxonomy":"category","embeddable":true,"href":"https:\/\/www.newsendip.com\/fr\/wp-json\/wp\/v2\/categories?post=19065"},{"taxonomy":"post_tag","embeddable":true,"href":"https:\/\/www.newsendip.com\/fr\/wp-json\/wp\/v2\/tags?post=19065"}],"curies":[{"name":"wp","href":"https:\/\/api.w.org\/{rel}","templated":true}]}}