{"id":19120,"date":"2022-01-19T18:01:30","date_gmt":"2022-01-19T17:01:30","guid":{"rendered":"https:\/\/www.newsendip.com\/?p=19120"},"modified":"2022-11-08T23:04:00","modified_gmt":"2022-11-08T22:04:00","slug":"le-perou-prevoit-dinstaurer-un-etat-durgence-a-lima","status":"publish","type":"post","link":"https:\/\/www.newsendip.com\/fr\/le-perou-prevoit-dinstaurer-un-etat-durgence-a-lima\/","title":{"rendered":"Le P\u00e9rou pr\u00e9voit d\u2019instaurer un \u00e9tat d\u2019urgence \u00e0&nbsp;Lima"},"content":{"rendered":"<p><strong>Pour lutter contre la criminalit\u00e9 \u00e0 Lima, les autorit\u00e9s pr\u00e9voient de d\u00e9clarer un \u00e9tat d\u2019urgence dans la capitale du&nbsp;P\u00e9rou.<br>\n<\/strong><\/p>\n<figure id=\"attachment_13939\" aria-describedby=\"caption-attachment-13939\" style=\"width: 1024px\" class=\"wp-caption aligncenter\"><img decoding=\"async\" class=\"wp-image-13939 size-large\" src=\"https:\/\/www.newsendip.com\/wp-content\/uploads\/2022\/01\/policia-nacional-peru-lima-state-of-emergency-1024x682.webp\" alt=\"Police nationale du P\u00e9rou\" width=\"1024\" height=\"682\" srcset=\"https:\/\/www.newsendip.com\/wp-content\/uploads\/2022\/01\/policia-nacional-peru-lima-state-of-emergency-1024x682.webp 1024w, https:\/\/www.newsendip.com\/wp-content\/uploads\/2022\/01\/policia-nacional-peru-lima-state-of-emergency-60x40.webp 60w, https:\/\/www.newsendip.com\/wp-content\/uploads\/2022\/01\/policia-nacional-peru-lima-state-of-emergency-720x480.webp 720w, https:\/\/www.newsendip.com\/wp-content\/uploads\/2022\/01\/policia-nacional-peru-lima-state-of-emergency-300x200.webp 300w, https:\/\/www.newsendip.com\/wp-content\/uploads\/2022\/01\/policia-nacional-peru-lima-state-of-emergency-768x512.webp 768w, https:\/\/www.newsendip.com\/wp-content\/uploads\/2022\/01\/policia-nacional-peru-lima-state-of-emergency.webp 1280w\" sizes=\"(max-width: 1024px) 100vw, 1024px\"><figcaption id=\"caption-attachment-13939\" class=\"wp-caption-text\">Avec l\u2019instauration de l\u2019\u00e9tat d\u2019urgence \u00e0 Lima, davantage d\u2019agents de la police nationale p\u00e9ruvienne seraient d\u00e9ploy\u00e9s pour lutter contre les criminels, selon le minist\u00e8re de l\u2019int\u00e9rieur | \u00a9 Minist\u00e8re de l\u2019int\u00e9rieur<\/figcaption><\/figure>\n<p>Lors d\u2019une conf\u00e9rence de presse sur la s\u00e9curit\u00e9 du pays le 18 janvier, le <a href=\"#post-bottom-source\">ministre p\u00e9ruvien de l\u2019int\u00e9rieur<\/a>, Avelino Guill\u00e9n, a d\u00e9clar\u00e9 que la <strong>d\u00e9claration de l\u2019\u00e9tat d\u2019urgence \u00e0 Lima \u00e9tait en cours<\/strong>.<\/p>\n<p>Le ministre attend un retour de la police nationale sur la logistique avant de pr\u00e9senter la d\u00e9claration de l\u2019\u00e9tat d\u2019urgence au Conseil des ministres. \u00ab\u202f<em>Nous l\u2019esp\u00e9rons d\u00e8s que possible<\/em>\u202f\u00bb, a d\u00e9clar\u00e9 Guill\u00e9n.<\/p>\n<p>La capitale du P\u00e9rou souffre du crime organis\u00e9 et les responsables consid\u00e8rent l\u2019\u00e9tat d\u2019urgence comme une \u00ab\u202f<em>mesure n\u00e9cessaire<\/em>\u202f\u00bb. \u00ab\u202f<em>Nous sommes dans une guerre contre le crime organis\u00e9\u202f\u00bb<\/em> selon le ministre de l\u2019Int\u00e9rieur. Ses d\u00e9clarations ont \u00e9t\u00e9 faites alors qu\u2019il pr\u00e9sentait les r\u00e9sultats d\u2019une op\u00e9ration de police \u00e0 Callao, une ville de la r\u00e9gion m\u00e9tropolitaine de Lima, o\u00f9 elle a arr\u00eat\u00e9 152 personnes et d\u00e9mantel\u00e9 cinq groupes criminels le 17 janvier.<\/p>\n<p>Selon le ministre, plusieurs districts de Lima sont favorables \u00e0 l\u2019instauration de l\u2019\u00e9tat d\u2019urgence.<\/p>\n<h2>Demande d\u2019\u00e9tat d\u2019urgence dans un district ensuite \u00e9tendue \u00e0 tout&nbsp;Lima<\/h2>\n<p>La mesure a \u00e9t\u00e9 sp\u00e9cifiquement demand\u00e9e pour 60 jours par Julio Ch\u00e1vez, le maire de <a href=\"https:\/\/www.facebook.com\/photo\/?fbid=293803719447255&amp;set=a.254428286718132\">San Mart\u00edn de Porres<\/a>, en raison de \u00ab\u202f<em>l\u2019augmentation excessive de la d\u00e9linquance<\/em>\u202f\u00bb et des \u00ab\u202f<em>actes criminels constants et innombrables<\/em>\u202f\u00bb. Les <a href=\"https:\/\/www.newsendip.com\/fr\/le-perou-et-le-venezuela-saccordent-sur-le-rapatriement-de-42-000-venezueliens\/\">V\u00e9n\u00e9zu\u00e9liens<\/a> sont souvent montr\u00e9s du doigt dans ces d\u00e9lits.<!--more--><\/p>\n<p>Le 13 janvier, le Congr\u00e8s a examin\u00e9 la demande du maire. Apr\u00e8s avoir d\u00e9battu de la question, le Congr\u00e8s, le pouvoir l\u00e9gislatif monocam\u00e9ral du P\u00e9rou, a approuv\u00e9 une motion visant \u00e0 <strong>d\u00e9clarer l\u2019\u00e9tat d\u2019urgence et a d\u00e9cid\u00e9 de l\u2019\u00e9tendre \u00e0 toute la zone m\u00e9tropolitaine de Lima<\/strong>.<\/p>\n<p>San Mart\u00edn de Porres est un district qui compte 650 000 habitants situ\u00e9 au nord de Lima et qui est le deuxi\u00e8me district le plus peupl\u00e9 de la capitale, o\u00f9 y vivent 10 millions de personnes. En d\u00e9cembre, SMP a fait l\u2019objet de divers \u00e9pisodes violents.<\/p>\n<p>Ce mois-l\u00e0, deux individus arm\u00e9s ont agress\u00e9 un conducteur et ont vol\u00e9 200 000 sols (72 000 dollars) dans une voiture appartenant \u00e0 la municipalit\u00e9 du district. <a href=\"https:\/\/peru21.pe\/lima\/san-martin-de-porres-adolescente-se-lanza-del-sexto-piso-cuando-escapaba-de-supuestos-delincuentes-video-nndc-noticia\/\">Un adolescent de 16 ans a escalad\u00e9 et saut\u00e9 du 6e \u00e9tage d\u2019un immeuble<\/a> pour \u00e9chapper \u00e0 des personnes arm\u00e9es, selon sa tante. Deux autres personnes ont \u00e9chou\u00e9 dans leur braquage d\u2019une maison de paris sportifs. Deux hommes arm\u00e9s sur une moto ont tir\u00e9 sur un groupe d\u2019amis, touchant une femme tout en visant un homme qui refusait de payer un chantage \u00e0 la protection.<\/p>\n<p>Le minist\u00e8re de l\u2019Int\u00e9rieur envisage d\u2019<a href=\"https:\/\/www.newsendip.com\/fr\/la-maire-de-bogota-interdit-les-passagers-hommes-sur-les-motos-les-soirs-de-week-ends-colombie-criminalite\/\">interdire la pr\u00e9sence de plus d\u2019une personne sur les motos<\/a>. D\u00e9but janvier, la police a d\u00e9mantel\u00e9 <em>Los vigilantes de Ayacucho<\/em>, un groupe criminel qui exploitait des vendeurs de rue situ\u00e9s dans des lieux populaires de&nbsp;Lima<\/p>\n<h2>Le P\u00e9rou d\u00e9j\u00e0 en situation d\u2019urgence sanitaire<\/h2>\n<p>Avec un \u00e9tat d\u2019urgence, les <strong>perquisitions \u00e0 domicile sont possibles sans mandat<\/strong> et les crit\u00e8res pour de la d\u00e9tention pendant une enqu\u00eate seront plus faciles. Les rassemblements publics seraient limit\u00e9s, bien que le P\u00e9rou soit d\u00e9j\u00e0 en situation d\u2019urgence sanitaire avec un couvre-feu dans la capitale.<\/p>\n<p>Davantage de policiers patrouilleraient dans les rues, tandis que du <strong>personnel administratif les remplacera dans les postes de police<\/strong>. Les forces sp\u00e9ciales devraient aussi gagner en autonomie.<\/p>\n<p>Dans le pays, le ministre estime que les meurtres sur contrat constituent le plus gros probl\u00e8me de s\u00e9curit\u00e9 publique.<\/p>\n<p>Selon les chiffres du minist\u00e8re, les forces de police ont arr\u00eat\u00e9 pr\u00e8s de 100 000 criminels, saisi ou d\u00e9truit 115\u202fkg de drogue, \u00e9radiqu\u00e9 5 000\u202fhectares de plantations ill\u00e9gales de feuilles de coca et 326 laboratoires de drogue en&nbsp;2021.<\/p>\n<p><strong><a href=\"https:\/\/www.newsendip.com\/fr\/etiquette\/perou\/\">D\u00e9couvrez plus d\u2019actualit\u00e9s sur le&nbsp;P\u00e9rou<\/a><\/strong><\/p>\n","protected":false},"excerpt":{"rendered":"<p>Pour lutter contre la criminalit\u00e9 \u00e0 Lima, les autorit\u00e9s pr\u00e9voient de d\u00e9clarer un \u00e9tat d\u2019urgence dans la capitale du&nbsp;P\u00e9rou.<\/p>\n","protected":false},"author":1,"featured_media":13939,"comment_status":"closed","ping_status":"closed","sticky":false,"template":"","format":"standard","meta":{"wp_typography_post_enhancements_disabled":false,"footnotes":""},"categories":[416],"tags":[503,421],"class_list":["post-19120","post","type-post","status-publish","format-standard","has-post-thumbnail","hentry","category-politique","tag-perou","tag-vieux"],"yoast_head":"<!-- This site is optimized with the Yoast SEO Premium plugin v27.4 (Yoast SEO v27.4) - https:\/\/yoast.com\/product\/yoast-seo-premium-wordpress\/ -->\n<title>Le P\u00e9rou pr\u00e9voit d&#039;instaurer un \u00e9tat d&#039;urgence \u00e0 Lima<\/title>\n<meta name=\"description\" content=\"Pour lutter contre la criminalit\u00e9 \u00e0 Lima, les autorit\u00e9s pr\u00e9voient de d\u00e9clarer un \u00e9tat d&#039;urgence dans la capitale du P\u00e9rou.\" \/>\n<meta name=\"robots\" content=\"index, follow, max-snippet:-1, max-image-preview:large, max-video-preview:-1\" \/>\n<link rel=\"canonical\" href=\"https:\/\/www.newsendip.com\/fr\/le-perou-prevoit-dinstaurer-un-etat-durgence-a-lima\/\" \/>\n<meta property=\"og:locale\" content=\"fr_FR\" \/>\n<meta property=\"og:type\" content=\"article\" \/>\n<meta property=\"og:title\" content=\"Le P\u00e9rou pr\u00e9voit d&#039;instaurer un \u00e9tat d&#039;urgence \u00e0 Lima\" \/>\n<meta property=\"og:description\" content=\"Pour lutter contre la criminalit\u00e9 \u00e0 Lima, les autorit\u00e9s pr\u00e9voient de d\u00e9clarer un \u00e9tat d&#039;urgence dans la capitale du P\u00e9rou.\" \/>\n<meta property=\"og:url\" content=\"https:\/\/www.newsendip.com\/fr\/le-perou-prevoit-dinstaurer-un-etat-durgence-a-lima\/\" \/>\n<meta property=\"og:site_name\" content=\"Newsendip\" \/>\n<meta property=\"article:publisher\" content=\"https:\/\/www.facebook.com\/newsendip\" \/>\n<meta property=\"article:published_time\" content=\"2022-01-19T17:01:30+00:00\" \/>\n<meta property=\"article:modified_time\" content=\"2022-11-08T22:04:00+00:00\" \/>\n<meta property=\"og:image\" content=\"https:\/\/www.newsendip.com\/wp-content\/uploads\/2022\/01\/policia-nacional-peru-lima-state-of-emergency-progressive.jpeg\" \/>\n\t<meta property=\"og:image:width\" content=\"1280\" \/>\n\t<meta property=\"og:image:height\" content=\"853\" \/>\n\t<meta property=\"og:image:type\" content=\"image\/jpeg\" \/>\n<meta name=\"author\" content=\"Cl\u00e9ment V\u00e9rit\u00e9\" \/>\n<meta name=\"twitter:card\" content=\"summary_large_image\" \/>\n<meta name=\"twitter:creator\" content=\"@https:\/\/twitter.com\/cverite\" \/>\n<meta name=\"twitter:site\" content=\"@newsendip\" \/>\n<meta name=\"twitter:label1\" content=\"\u00c9crit par\" \/>\n\t<meta name=\"twitter:data1\" content=\"Cl\u00e9ment V\u00e9rit\u00e9\" \/>\n\t<meta name=\"twitter:label2\" content=\"Dur\u00e9e de lecture estim\u00e9e\" \/>\n\t<meta name=\"twitter:data2\" content=\"3 minutes\" \/>\n<!-- \/ Yoast SEO Premium plugin. -->","yoast_head_json":{"title":"Le P\u00e9rou pr\u00e9voit d'instaurer un \u00e9tat d'urgence \u00e0 Lima","description":"Pour lutter contre la criminalit\u00e9 \u00e0 Lima, les autorit\u00e9s pr\u00e9voient de d\u00e9clarer un \u00e9tat d'urgence dans la capitale du P\u00e9rou.","robots":{"index":"index","follow":"follow","max-snippet":"max-snippet:-1","max-image-preview":"max-image-preview:large","max-video-preview":"max-video-preview:-1"},"canonical":"https:\/\/www.newsendip.com\/fr\/le-perou-prevoit-dinstaurer-un-etat-durgence-a-lima\/","og_locale":"fr_FR","og_type":"article","og_title":"Le P\u00e9rou pr\u00e9voit d'instaurer un \u00e9tat d'urgence \u00e0 Lima","og_description":"Pour lutter contre la criminalit\u00e9 \u00e0 Lima, les autorit\u00e9s pr\u00e9voient de d\u00e9clarer un \u00e9tat d'urgence dans la capitale du P\u00e9rou.","og_url":"https:\/\/www.newsendip.com\/fr\/le-perou-prevoit-dinstaurer-un-etat-durgence-a-lima\/","og_site_name":"Newsendip","article_publisher":"https:\/\/www.facebook.com\/newsendip","article_published_time":"2022-01-19T17:01:30+00:00","article_modified_time":"2022-11-08T22:04:00+00:00","og_image":[{"width":1280,"height":853,"url":"https:\/\/www.newsendip.com\/wp-content\/uploads\/2022\/01\/policia-nacional-peru-lima-state-of-emergency-progressive.jpeg","type":"image\/jpeg"}],"author":"Cl\u00e9ment V\u00e9rit\u00e9","twitter_card":"summary_large_image","twitter_creator":"@https:\/\/twitter.com\/cverite","twitter_site":"@newsendip","twitter_misc":{"\u00c9crit par":"Cl\u00e9ment V\u00e9rit\u00e9","Dur\u00e9e de lecture estim\u00e9e":"3 minutes"},"schema":{"@context":"https:\/\/schema.org","@graph":[{"@type":"NewsArticle","@id":"https:\/\/www.newsendip.com\/fr\/le-perou-prevoit-dinstaurer-un-etat-durgence-a-lima\/#article","isPartOf":{"@id":"https:\/\/www.newsendip.com\/fr\/le-perou-prevoit-dinstaurer-un-etat-durgence-a-lima\/"},"author":{"name":"Cl\u00e9ment V\u00e9rit\u00e9","@id":"https:\/\/www.newsendip.com\/fr\/#\/schema\/person\/ea22c01755f464a3cbc2c619584d6363"},"headline":"Le P\u00e9rou pr\u00e9voit d\u2019instaurer un \u00e9tat d\u2019urgence \u00e0&nbsp;Lima","datePublished":"2022-01-19T17:01:30+00:00","dateModified":"2022-11-08T22:04:00+00:00","mainEntityOfPage":{"@id":"https:\/\/www.newsendip.com\/fr\/le-perou-prevoit-dinstaurer-un-etat-durgence-a-lima\/"},"wordCount":737,"publisher":{"@id":"https:\/\/www.newsendip.com\/fr\/#organization"},"image":{"@id":"https:\/\/www.newsendip.com\/fr\/le-perou-prevoit-dinstaurer-un-etat-durgence-a-lima\/#primaryimage"},"thumbnailUrl":"https:\/\/www.newsendip.com\/wp-content\/uploads\/2022\/01\/policia-nacional-peru-lima-state-of-emergency.webp","keywords":["P\u00e9rou","Vieux"],"articleSection":["Politique"],"inLanguage":"fr-FR","copyrightYear":"2022","copyrightHolder":{"@id":"https:\/\/www.newsendip.com\/#organization"}},{"@type":"WebPage","@id":"https:\/\/www.newsendip.com\/fr\/le-perou-prevoit-dinstaurer-un-etat-durgence-a-lima\/","url":"https:\/\/www.newsendip.com\/fr\/le-perou-prevoit-dinstaurer-un-etat-durgence-a-lima\/","name":"Le P\u00e9rou pr\u00e9voit d'instaurer un \u00e9tat d'urgence \u00e0 Lima","isPartOf":{"@id":"https:\/\/www.newsendip.com\/fr\/#website"},"primaryImageOfPage":{"@id":"https:\/\/www.newsendip.com\/fr\/le-perou-prevoit-dinstaurer-un-etat-durgence-a-lima\/#primaryimage"},"image":{"@id":"https:\/\/www.newsendip.com\/fr\/le-perou-prevoit-dinstaurer-un-etat-durgence-a-lima\/#primaryimage"},"thumbnailUrl":"https:\/\/www.newsendip.com\/wp-content\/uploads\/2022\/01\/policia-nacional-peru-lima-state-of-emergency.webp","datePublished":"2022-01-19T17:01:30+00:00","dateModified":"2022-11-08T22:04:00+00:00","description":"Pour lutter contre la criminalit\u00e9 \u00e0 Lima, les autorit\u00e9s pr\u00e9voient de d\u00e9clarer un \u00e9tat d'urgence dans la capitale du P\u00e9rou.","breadcrumb":{"@id":"https:\/\/www.newsendip.com\/fr\/le-perou-prevoit-dinstaurer-un-etat-durgence-a-lima\/#breadcrumb"},"inLanguage":"fr-FR","potentialAction":[{"@type":"ReadAction","target":["https:\/\/www.newsendip.com\/fr\/le-perou-prevoit-dinstaurer-un-etat-durgence-a-lima\/"]}]},{"@type":"ImageObject","inLanguage":"fr-FR","@id":"https:\/\/www.newsendip.com\/fr\/le-perou-prevoit-dinstaurer-un-etat-durgence-a-lima\/#primaryimage","url":"https:\/\/www.newsendip.com\/wp-content\/uploads\/2022\/01\/policia-nacional-peru-lima-state-of-emergency.webp","contentUrl":"https:\/\/www.newsendip.com\/wp-content\/uploads\/2022\/01\/policia-nacional-peru-lima-state-of-emergency.webp","width":1280,"height":853,"caption":"Avec l'instauration de l'\u00e9tat d'urgence \u00e0 Lima, davantage d'agents de la police nationale p\u00e9ruvienne seraient d\u00e9ploy\u00e9s pour lutter contre les criminels, selon le minist\u00e8re de l'int\u00e9rieur | \u00a9 Minist\u00e8re de l'int\u00e9rieur"},{"@type":"BreadcrumbList","@id":"https:\/\/www.newsendip.com\/fr\/le-perou-prevoit-dinstaurer-un-etat-durgence-a-lima\/#breadcrumb","itemListElement":[{"@type":"ListItem","position":1,"name":"Accueil","item":"https:\/\/www.newsendip.com\/fr\/"},{"@type":"ListItem","position":2,"name":"Le P\u00e9rou pr\u00e9voit d\u2019instaurer un \u00e9tat d\u2019urgence \u00e0&nbsp;Lima"}]},{"@type":"WebSite","@id":"https:\/\/www.newsendip.com\/fr\/#website","url":"https:\/\/www.newsendip.com\/fr\/","name":"Newsendip","description":"Red\u00e9couvrez l&#039;actualit\u00e9 internationale","publisher":{"@id":"https:\/\/www.newsendip.com\/fr\/#organization"},"potentialAction":[{"@type":"SearchAction","target":{"@type":"EntryPoint","urlTemplate":"https:\/\/www.newsendip.com\/fr\/?s={search_term_string}"},"query-input":{"@type":"PropertyValueSpecification","valueRequired":true,"valueName":"search_term_string"}}],"inLanguage":"fr-FR"},{"@type":"Organization","@id":"https:\/\/www.newsendip.com\/fr\/#organization","name":"Newsendip","url":"https:\/\/www.newsendip.com\/fr\/","logo":{"@type":"ImageObject","inLanguage":"fr-FR","@id":"https:\/\/www.newsendip.com\/fr\/#\/schema\/logo\/image\/","url":"https:\/\/www.newsendip.com\/wp-content\/uploads\/2023\/12\/512x512.svg","contentUrl":"https:\/\/www.newsendip.com\/wp-content\/uploads\/2023\/12\/512x512.svg","width":1,"height":1,"caption":"Newsendip"},"image":{"@id":"https:\/\/www.newsendip.com\/fr\/#\/schema\/logo\/image\/"},"sameAs":["https:\/\/www.facebook.com\/newsendip","https:\/\/x.com\/newsendip","https:\/\/mastodon.social\/@newsendip","https:\/\/www.linkedin.com\/company\/newsendip"],"description":"Newsendip est un site qui a pour mission de rendre l'actualit\u00e9 internationale accessible et diversifi\u00e9e","email":"contact@newsendip.com","legalName":"Newsendip SAS","foundingDate":"2022-11-04","vatID":"FR60921124723","numberOfEmployees":{"@type":"QuantitativeValue","minValue":"1","maxValue":"10"},"publishingPrinciples":"https:\/\/www.newsendip.com\/about-us\/","ownershipFundingInfo":"https:\/\/www.newsendip.com\/legal-notice\/","actionableFeedbackPolicy":"https:\/\/www.newsendip.com\/about-us\/","correctionsPolicy":"https:\/\/www.newsendip.com\/about-us\/","ethicsPolicy":"https:\/\/www.newsendip.com\/about-us\/","diversityPolicy":"https:\/\/www.newsendip.com\/about-us\/"},{"@type":"Person","@id":"https:\/\/www.newsendip.com\/fr\/#\/schema\/person\/ea22c01755f464a3cbc2c619584d6363","name":"Cl\u00e9ment V\u00e9rit\u00e9","description":"Cl\u00e9ment is the executive editor and founder of Newsendip. He started in the media industry as a freelance reporter at 16 for a local French newspaper after school and has never left it. He later worked for seven years at The New York Times, notably as a data analyst. He holds a Master of Management in France and a Master of Arts in the United Kingdom in International Marketing &amp; Communications Strategy. He has lived in France, the United Kingdom, and Italy.","sameAs":["https:\/\/www.newsendip.com\/","https:\/\/www.linkedin.com\/in\/clementverite\/","https:\/\/x.com\/https:\/\/twitter.com\/cverite"],"knowsAbout":["News","International","Business","Media monitoring"],"knowsLanguage":["English","French","Italian","Spanish"],"url":"https:\/\/www.newsendip.com\/fr\/author\/clement-verite\/"}]}},"_links":{"self":[{"href":"https:\/\/www.newsendip.com\/fr\/wp-json\/wp\/v2\/posts\/19120","targetHints":{"allow":["GET"]}}],"collection":[{"href":"https:\/\/www.newsendip.com\/fr\/wp-json\/wp\/v2\/posts"}],"about":[{"href":"https:\/\/www.newsendip.com\/fr\/wp-json\/wp\/v2\/types\/post"}],"author":[{"embeddable":true,"href":"https:\/\/www.newsendip.com\/fr\/wp-json\/wp\/v2\/users\/1"}],"replies":[{"embeddable":true,"href":"https:\/\/www.newsendip.com\/fr\/wp-json\/wp\/v2\/comments?post=19120"}],"version-history":[{"count":0,"href":"https:\/\/www.newsendip.com\/fr\/wp-json\/wp\/v2\/posts\/19120\/revisions"}],"wp:featuredmedia":[{"embeddable":true,"href":"https:\/\/www.newsendip.com\/fr\/wp-json\/wp\/v2\/media\/13939"}],"wp:attachment":[{"href":"https:\/\/www.newsendip.com\/fr\/wp-json\/wp\/v2\/media?parent=19120"}],"wp:term":[{"taxonomy":"category","embeddable":true,"href":"https:\/\/www.newsendip.com\/fr\/wp-json\/wp\/v2\/categories?post=19120"},{"taxonomy":"post_tag","embeddable":true,"href":"https:\/\/www.newsendip.com\/fr\/wp-json\/wp\/v2\/tags?post=19120"}],"curies":[{"name":"wp","href":"https:\/\/api.w.org\/{rel}","templated":true}]}}