{"id":19132,"date":"2021-06-17T14:30:00","date_gmt":"2021-06-17T12:30:00","guid":{"rendered":"https:\/\/www.newsendip.com\/?p=19132"},"modified":"2024-07-23T17:55:07","modified_gmt":"2024-07-23T15:55:07","slug":"le-perou-a-enfin-compte-tous-les-votes-de-lelection-presidentielle","status":"publish","type":"post","link":"https:\/\/www.newsendip.com\/fr\/le-perou-a-enfin-compte-tous-les-votes-de-lelection-presidentielle\/","title":{"rendered":"Le P\u00e9rou a enfin compt\u00e9 tous les votes de l\u2019\u00e9lection pr\u00e9sidentielle"},"content":{"rendered":"<p><strong>Le P\u00e9rou a enfin compt\u00e9 tous les votes de l\u2019\u00e9lection pr\u00e9sidentielle mais le ou la vainqueur sera annonc\u00e9 une fois que toutes les plaintes pour irr\u00e9gularit\u00e9 auront \u00e9t\u00e9 examin\u00e9es.<\/strong><\/p>\n<figure id=\"attachment_13583\" aria-describedby=\"caption-attachment-13583\" style=\"width: 1004px\" class=\"wp-caption aligncenter\"><img decoding=\"async\" class=\"wp-image-13583 size-full\" src=\"https:\/\/www.newsendip.com\/wp-content\/uploads\/2021\/06\/castillo-elections-peru.jpg\" alt=\"\u00e9lections au P\u00e9rou\" width=\"1004\" height=\"565\" srcset=\"https:\/\/www.newsendip.com\/wp-content\/uploads\/2021\/06\/castillo-elections-peru.jpg 1004w, https:\/\/www.newsendip.com\/wp-content\/uploads\/2021\/06\/castillo-elections-peru-60x34.jpg 60w, https:\/\/www.newsendip.com\/wp-content\/uploads\/2021\/06\/castillo-elections-peru-300x169.jpg 300w, https:\/\/www.newsendip.com\/wp-content\/uploads\/2021\/06\/castillo-elections-peru-768x432.jpg 768w\" sizes=\"(max-width: 1004px) 100vw, 1004px\"><figcaption id=\"caption-attachment-13583\" class=\"wp-caption-text\">Pedro Castillo doit patienter avant d\u2019\u00eatre officiellement d\u00e9clar\u00e9 pr\u00e9sident \u00e9lu du&nbsp;P\u00e9rou<\/figcaption><\/figure>\n<p>Le second tour des \u00e9lections pr\u00e9sidentielles p\u00e9ruviennes a eu lieu le 6 juin, mais il a fallu 9 jours pour compter tous les&nbsp;votes.<\/p>\n<p>Le candidat de gauche <strong>Pedro Castillo n\u2019a obtenu que 44 058 voix de plus que son adversaire Keiko Fujimori<\/strong>, la fille du controvers\u00e9 pr\u00e9sident Alberto Fujimori entre 1990 et 2000 aujourd\u2019hui emprisonn\u00e9, et pr\u00e9sente pour la troisi\u00e8me fois au second tour d\u2019une \u00e9lection pr\u00e9sidentielle. L\u2019enseignant et responsable syndical a recueilli 50,125% des suffrages exprim\u00e9s, sur un <a href=\"https:\/\/twitter.com\/ONPE_oficial\/status\/1404899533256069123\">total de 18 856 616 voix<\/a>, en incluant les votes nuls et les blancs.<\/p>\n<p>Si le leader du P\u00e9rou Libre a d\u00e9clar\u00e9 sa victoire, le<strong> jury national des \u00e9lections doit r\u00e9soudre les demandes d\u2019annulation<\/strong>. Le jury ne rendra les r\u00e9sultats officiels qu\u2019une fois fait, ce qui prendre un temps qui n\u2019est pas d\u00e9fini.<\/p>\n<h2>Des ann\u00e9es d\u2019instabilit\u00e9 politique au&nbsp;P\u00e9rou<\/h2>\n<p><!--more--><\/p>\n<p>Le parti de droite a lanc\u00e9 <strong>800 requ\u00eates pour annuler environ 200 000 votes<\/strong>. Un grand nombre d\u2019entre elles ont d\u00e9j\u00e0 \u00e9t\u00e9 annul\u00e9es pour \u00eatre arriv\u00e9es apr\u00e8s la date butoir ou pour ne pas avoir pr\u00e9sent\u00e9 suffisamment de preuves, selon le jury \u00e9lectoral national. Les recours ont surtout lieu dans les <strong>r\u00e9gions pauvres et rurales<\/strong> o\u00f9 Castillo, dont le slogan \u00e9tait \u00ab\u202f<em>fini la pauvret\u00e9 dans un pays riche<\/em>\u202f\u00bb, l\u2019a largement emport\u00e9.<\/p>\n<p>Keiko Fujimori a organis\u00e9 des rassemblements \u00ab\u202f<em>Respectez mon vote<\/em>\u202f\u00bb, mais 150 observateurs internationaux ont surveill\u00e9 l\u2019\u00e9lection et ont estim\u00e9 qu\u2019<a href=\"https:\/\/twitter.com\/JNE_Peru\/status\/1402064848956051459\">elle s\u2019est d\u00e9roul\u00e9e correctement<\/a>.<\/p>\n<p>Alors que la tension est \u00e9lev\u00e9e dans le pays, Jorge Luis Salas Arenas, le <a href=\"https:\/\/twitter.com\/JNE_Peru\/status\/1405250254652547084\">pr\u00e9sident du jury<\/a> a d\u00e9clar\u00e9&nbsp;: \u00ab\u202f<em>n\u2019invoquons pas plus de division, nous devons reconstruire les liens de solidarit\u00e9 et rechercher le consensus pour le bien du pays<\/em>\u202f\u00bb.<\/p>\n<p>Les \u00e9lections pr\u00e9sidentielles se d\u00e9roulent dans un contexte d\u2019<strong>ann\u00e9es d\u2019instabilit\u00e9 politique dans le pays<\/strong>, de <a href=\"https:\/\/www.newsendip.com\/fr\/debut-du-proces-dun-ancien-president-du-perou-dans-laffaire-de-corruption-dodebrecht\/\">scandales de corruption<\/a> et de divisions autour du Fujimorismo, le mouvement de soutien \u00e0 Alberto Fujimori.<\/p>\n<p>Pablo Kuczynski, le pr\u00e9sident qui a battu Keiko Fujimori lors des \u00e9lections de 2016, a d\u00e9missionn\u00e9 en raison d\u2019all\u00e9gations de corruption en 2018. En novembre 2020, le vice-pr\u00e9sident Mart\u00edn Vizcarra a \u00e9t\u00e9 \u00e9cart\u00e9 du pouvoir pour des accusations de corruption. Puis le pr\u00e9sident du Congr\u00e8s a d\u00e9missionn\u00e9 apr\u00e8s 5 jours car il \u00e9tait consid\u00e9r\u00e9 comme un pr\u00e9sident ill\u00e9gitime. Francisco Sagasti fut ensuite nomm\u00e9 pr\u00e9sident par les membres du Congr\u00e8s et a form\u00e9 un gouvernement de transition en place jusqu\u2019au 28 juillet 2021.<\/p>\n<p><strong><a href=\"https:\/\/www.newsendip.com\/fr\/etiquette\/perou\/\">D\u00e9couvrez plus d\u2019actualit\u00e9s sur le&nbsp;P\u00e9rou<\/a><\/strong><\/p>\n","protected":false},"excerpt":{"rendered":"<p>Le P\u00e9rou a enfin compt\u00e9 tous les votes de l\u2019\u00e9lection pr\u00e9sidentielle mais le ou la vainqueur sera annonc\u00e9 une fois que toutes les plaintes pour irr\u00e9gularit\u00e9 auront \u00e9t\u00e9 examin\u00e9es.<\/p>\n","protected":false},"author":1,"featured_media":13583,"comment_status":"closed","ping_status":"closed","sticky":false,"template":"","format":"standard","meta":{"wp_typography_post_enhancements_disabled":false,"footnotes":""},"categories":[416],"tags":[503,421],"class_list":["post-19132","post","type-post","status-publish","format-standard","has-post-thumbnail","hentry","category-politique","tag-perou","tag-vieux"],"yoast_head":"<!-- This site is optimized with the Yoast SEO Premium plugin v27.4 (Yoast SEO v27.4) - https:\/\/yoast.com\/product\/yoast-seo-premium-wordpress\/ -->\n<title>Le P\u00e9rou a enfin compt\u00e9 tous les votes de l&#039;\u00e9lection pr\u00e9sidentielle<\/title>\n<meta name=\"description\" content=\"Le P\u00e9rou a enfin compt\u00e9 tous les votes de l&#039;\u00e9lection pr\u00e9sidentielle mais le ou la vainqueur sera annonc\u00e9 une fois que toutes les plaintes pour irr\u00e9gularit\u00e9 auront \u00e9t\u00e9 examin\u00e9es.\" \/>\n<meta name=\"robots\" content=\"index, follow, max-snippet:-1, max-image-preview:large, max-video-preview:-1\" \/>\n<link rel=\"canonical\" href=\"https:\/\/www.newsendip.com\/fr\/le-perou-a-enfin-compte-tous-les-votes-de-lelection-presidentielle\/\" \/>\n<meta property=\"og:locale\" content=\"fr_FR\" \/>\n<meta property=\"og:type\" content=\"article\" \/>\n<meta property=\"og:title\" content=\"Le P\u00e9rou a enfin compt\u00e9 tous les votes de l&#039;\u00e9lection pr\u00e9sidentielle\" \/>\n<meta property=\"og:description\" content=\"Le P\u00e9rou a enfin compt\u00e9 tous les votes de l&#039;\u00e9lection pr\u00e9sidentielle mais le ou la vainqueur sera annonc\u00e9 une fois que toutes les plaintes pour irr\u00e9gularit\u00e9 auront \u00e9t\u00e9 examin\u00e9es.\" \/>\n<meta property=\"og:url\" content=\"https:\/\/www.newsendip.com\/fr\/le-perou-a-enfin-compte-tous-les-votes-de-lelection-presidentielle\/\" \/>\n<meta property=\"og:site_name\" content=\"Newsendip\" \/>\n<meta property=\"article:publisher\" content=\"https:\/\/www.facebook.com\/newsendip\" \/>\n<meta property=\"article:published_time\" content=\"2021-06-17T12:30:00+00:00\" \/>\n<meta property=\"article:modified_time\" content=\"2024-07-23T15:55:07+00:00\" \/>\n<meta property=\"og:image\" content=\"https:\/\/www.newsendip.com\/wp-content\/uploads\/2021\/06\/castillo-elections-peru.jpg\" \/>\n\t<meta property=\"og:image:width\" content=\"1004\" \/>\n\t<meta property=\"og:image:height\" content=\"565\" \/>\n\t<meta property=\"og:image:type\" content=\"image\/jpeg\" \/>\n<meta name=\"author\" content=\"Cl\u00e9ment V\u00e9rit\u00e9\" \/>\n<meta name=\"twitter:card\" content=\"summary_large_image\" \/>\n<meta name=\"twitter:creator\" content=\"@https:\/\/twitter.com\/cverite\" \/>\n<meta name=\"twitter:site\" content=\"@newsendip\" \/>\n<meta name=\"twitter:label1\" content=\"\u00c9crit par\" \/>\n\t<meta name=\"twitter:data1\" content=\"Cl\u00e9ment V\u00e9rit\u00e9\" \/>\n\t<meta name=\"twitter:label2\" content=\"Dur\u00e9e de lecture estim\u00e9e\" \/>\n\t<meta name=\"twitter:data2\" content=\"3 minutes\" \/>\n<!-- \/ Yoast SEO Premium plugin. -->","yoast_head_json":{"title":"Le P\u00e9rou a enfin compt\u00e9 tous les votes de l'\u00e9lection pr\u00e9sidentielle","description":"Le P\u00e9rou a enfin compt\u00e9 tous les votes de l'\u00e9lection pr\u00e9sidentielle mais le ou la vainqueur sera annonc\u00e9 une fois que toutes les plaintes pour irr\u00e9gularit\u00e9 auront \u00e9t\u00e9 examin\u00e9es.","robots":{"index":"index","follow":"follow","max-snippet":"max-snippet:-1","max-image-preview":"max-image-preview:large","max-video-preview":"max-video-preview:-1"},"canonical":"https:\/\/www.newsendip.com\/fr\/le-perou-a-enfin-compte-tous-les-votes-de-lelection-presidentielle\/","og_locale":"fr_FR","og_type":"article","og_title":"Le P\u00e9rou a enfin compt\u00e9 tous les votes de l'\u00e9lection pr\u00e9sidentielle","og_description":"Le P\u00e9rou a enfin compt\u00e9 tous les votes de l'\u00e9lection pr\u00e9sidentielle mais le ou la vainqueur sera annonc\u00e9 une fois que toutes les plaintes pour irr\u00e9gularit\u00e9 auront \u00e9t\u00e9 examin\u00e9es.","og_url":"https:\/\/www.newsendip.com\/fr\/le-perou-a-enfin-compte-tous-les-votes-de-lelection-presidentielle\/","og_site_name":"Newsendip","article_publisher":"https:\/\/www.facebook.com\/newsendip","article_published_time":"2021-06-17T12:30:00+00:00","article_modified_time":"2024-07-23T15:55:07+00:00","og_image":[{"width":1004,"height":565,"url":"https:\/\/www.newsendip.com\/wp-content\/uploads\/2021\/06\/castillo-elections-peru.jpg","type":"image\/jpeg"}],"author":"Cl\u00e9ment V\u00e9rit\u00e9","twitter_card":"summary_large_image","twitter_creator":"@https:\/\/twitter.com\/cverite","twitter_site":"@newsendip","twitter_misc":{"\u00c9crit par":"Cl\u00e9ment V\u00e9rit\u00e9","Dur\u00e9e de lecture estim\u00e9e":"3 minutes"},"schema":{"@context":"https:\/\/schema.org","@graph":[{"@type":"NewsArticle","@id":"https:\/\/www.newsendip.com\/fr\/le-perou-a-enfin-compte-tous-les-votes-de-lelection-presidentielle\/#article","isPartOf":{"@id":"https:\/\/www.newsendip.com\/fr\/le-perou-a-enfin-compte-tous-les-votes-de-lelection-presidentielle\/"},"author":{"name":"Cl\u00e9ment V\u00e9rit\u00e9","@id":"https:\/\/www.newsendip.com\/fr\/#\/schema\/person\/ea22c01755f464a3cbc2c619584d6363"},"headline":"Le P\u00e9rou a enfin compt\u00e9 tous les votes de l\u2019\u00e9lection pr\u00e9sidentielle","datePublished":"2021-06-17T12:30:00+00:00","dateModified":"2024-07-23T15:55:07+00:00","mainEntityOfPage":{"@id":"https:\/\/www.newsendip.com\/fr\/le-perou-a-enfin-compte-tous-les-votes-de-lelection-presidentielle\/"},"wordCount":507,"publisher":{"@id":"https:\/\/www.newsendip.com\/fr\/#organization"},"image":{"@id":"https:\/\/www.newsendip.com\/fr\/le-perou-a-enfin-compte-tous-les-votes-de-lelection-presidentielle\/#primaryimage"},"thumbnailUrl":"https:\/\/www.newsendip.com\/wp-content\/uploads\/2021\/06\/castillo-elections-peru.jpg","keywords":["P\u00e9rou","Vieux"],"articleSection":["Politique"],"inLanguage":"fr-FR","copyrightYear":"2021","copyrightHolder":{"@id":"https:\/\/www.newsendip.com\/#organization"}},{"@type":"WebPage","@id":"https:\/\/www.newsendip.com\/fr\/le-perou-a-enfin-compte-tous-les-votes-de-lelection-presidentielle\/","url":"https:\/\/www.newsendip.com\/fr\/le-perou-a-enfin-compte-tous-les-votes-de-lelection-presidentielle\/","name":"Le P\u00e9rou a enfin compt\u00e9 tous les votes de l'\u00e9lection pr\u00e9sidentielle","isPartOf":{"@id":"https:\/\/www.newsendip.com\/fr\/#website"},"primaryImageOfPage":{"@id":"https:\/\/www.newsendip.com\/fr\/le-perou-a-enfin-compte-tous-les-votes-de-lelection-presidentielle\/#primaryimage"},"image":{"@id":"https:\/\/www.newsendip.com\/fr\/le-perou-a-enfin-compte-tous-les-votes-de-lelection-presidentielle\/#primaryimage"},"thumbnailUrl":"https:\/\/www.newsendip.com\/wp-content\/uploads\/2021\/06\/castillo-elections-peru.jpg","datePublished":"2021-06-17T12:30:00+00:00","dateModified":"2024-07-23T15:55:07+00:00","description":"Le P\u00e9rou a enfin compt\u00e9 tous les votes de l'\u00e9lection pr\u00e9sidentielle mais le ou la vainqueur sera annonc\u00e9 une fois que toutes les plaintes pour irr\u00e9gularit\u00e9 auront \u00e9t\u00e9 examin\u00e9es.","breadcrumb":{"@id":"https:\/\/www.newsendip.com\/fr\/le-perou-a-enfin-compte-tous-les-votes-de-lelection-presidentielle\/#breadcrumb"},"inLanguage":"fr-FR","potentialAction":[{"@type":"ReadAction","target":["https:\/\/www.newsendip.com\/fr\/le-perou-a-enfin-compte-tous-les-votes-de-lelection-presidentielle\/"]}]},{"@type":"ImageObject","inLanguage":"fr-FR","@id":"https:\/\/www.newsendip.com\/fr\/le-perou-a-enfin-compte-tous-les-votes-de-lelection-presidentielle\/#primaryimage","url":"https:\/\/www.newsendip.com\/wp-content\/uploads\/2021\/06\/castillo-elections-peru.jpg","contentUrl":"https:\/\/www.newsendip.com\/wp-content\/uploads\/2021\/06\/castillo-elections-peru.jpg","width":1004,"height":565,"caption":"Pedro Castillo doit patienter avant d'\u00eatre officiellement d\u00e9clar\u00e9 pr\u00e9sident \u00e9lu du P\u00e9rou"},{"@type":"BreadcrumbList","@id":"https:\/\/www.newsendip.com\/fr\/le-perou-a-enfin-compte-tous-les-votes-de-lelection-presidentielle\/#breadcrumb","itemListElement":[{"@type":"ListItem","position":1,"name":"Accueil","item":"https:\/\/www.newsendip.com\/fr\/"},{"@type":"ListItem","position":2,"name":"Le P\u00e9rou a enfin compt\u00e9 tous les votes de l&#8217;\u00e9lection pr\u00e9sidentielle"}]},{"@type":"WebSite","@id":"https:\/\/www.newsendip.com\/fr\/#website","url":"https:\/\/www.newsendip.com\/fr\/","name":"Newsendip","description":"Red\u00e9couvrez l&#039;actualit\u00e9 internationale","publisher":{"@id":"https:\/\/www.newsendip.com\/fr\/#organization"},"potentialAction":[{"@type":"SearchAction","target":{"@type":"EntryPoint","urlTemplate":"https:\/\/www.newsendip.com\/fr\/?s={search_term_string}"},"query-input":{"@type":"PropertyValueSpecification","valueRequired":true,"valueName":"search_term_string"}}],"inLanguage":"fr-FR"},{"@type":"Organization","@id":"https:\/\/www.newsendip.com\/fr\/#organization","name":"Newsendip","url":"https:\/\/www.newsendip.com\/fr\/","logo":{"@type":"ImageObject","inLanguage":"fr-FR","@id":"https:\/\/www.newsendip.com\/fr\/#\/schema\/logo\/image\/","url":"https:\/\/www.newsendip.com\/wp-content\/uploads\/2023\/12\/512x512.svg","contentUrl":"https:\/\/www.newsendip.com\/wp-content\/uploads\/2023\/12\/512x512.svg","width":1,"height":1,"caption":"Newsendip"},"image":{"@id":"https:\/\/www.newsendip.com\/fr\/#\/schema\/logo\/image\/"},"sameAs":["https:\/\/www.facebook.com\/newsendip","https:\/\/x.com\/newsendip","https:\/\/mastodon.social\/@newsendip","https:\/\/www.linkedin.com\/company\/newsendip"],"description":"Newsendip est un site qui a pour mission de rendre l'actualit\u00e9 internationale accessible et diversifi\u00e9e","email":"contact@newsendip.com","legalName":"Newsendip SAS","foundingDate":"2022-11-04","vatID":"FR60921124723","numberOfEmployees":{"@type":"QuantitativeValue","minValue":"1","maxValue":"10"},"publishingPrinciples":"https:\/\/www.newsendip.com\/about-us\/","ownershipFundingInfo":"https:\/\/www.newsendip.com\/legal-notice\/","actionableFeedbackPolicy":"https:\/\/www.newsendip.com\/about-us\/","correctionsPolicy":"https:\/\/www.newsendip.com\/about-us\/","ethicsPolicy":"https:\/\/www.newsendip.com\/about-us\/","diversityPolicy":"https:\/\/www.newsendip.com\/about-us\/"},{"@type":"Person","@id":"https:\/\/www.newsendip.com\/fr\/#\/schema\/person\/ea22c01755f464a3cbc2c619584d6363","name":"Cl\u00e9ment V\u00e9rit\u00e9","description":"Cl\u00e9ment is the executive editor and founder of Newsendip. He started in the media industry as a freelance reporter at 16 for a local French newspaper after school and has never left it. He later worked for seven years at The New York Times, notably as a data analyst. He holds a Master of Management in France and a Master of Arts in the United Kingdom in International Marketing &amp; Communications Strategy. He has lived in France, the United Kingdom, and Italy.","sameAs":["https:\/\/www.newsendip.com\/","https:\/\/www.linkedin.com\/in\/clementverite\/","https:\/\/x.com\/https:\/\/twitter.com\/cverite"],"knowsAbout":["News","International","Business","Media monitoring"],"knowsLanguage":["English","French","Italian","Spanish"],"url":"https:\/\/www.newsendip.com\/fr\/author\/clement-verite\/"}]}},"_links":{"self":[{"href":"https:\/\/www.newsendip.com\/fr\/wp-json\/wp\/v2\/posts\/19132","targetHints":{"allow":["GET"]}}],"collection":[{"href":"https:\/\/www.newsendip.com\/fr\/wp-json\/wp\/v2\/posts"}],"about":[{"href":"https:\/\/www.newsendip.com\/fr\/wp-json\/wp\/v2\/types\/post"}],"author":[{"embeddable":true,"href":"https:\/\/www.newsendip.com\/fr\/wp-json\/wp\/v2\/users\/1"}],"replies":[{"embeddable":true,"href":"https:\/\/www.newsendip.com\/fr\/wp-json\/wp\/v2\/comments?post=19132"}],"version-history":[{"count":0,"href":"https:\/\/www.newsendip.com\/fr\/wp-json\/wp\/v2\/posts\/19132\/revisions"}],"wp:featuredmedia":[{"embeddable":true,"href":"https:\/\/www.newsendip.com\/fr\/wp-json\/wp\/v2\/media\/13583"}],"wp:attachment":[{"href":"https:\/\/www.newsendip.com\/fr\/wp-json\/wp\/v2\/media?parent=19132"}],"wp:term":[{"taxonomy":"category","embeddable":true,"href":"https:\/\/www.newsendip.com\/fr\/wp-json\/wp\/v2\/categories?post=19132"},{"taxonomy":"post_tag","embeddable":true,"href":"https:\/\/www.newsendip.com\/fr\/wp-json\/wp\/v2\/tags?post=19132"}],"curies":[{"name":"wp","href":"https:\/\/api.w.org\/{rel}","templated":true}]}}