{"id":19136,"date":"2021-11-16T16:25:25","date_gmt":"2021-11-16T15:25:25","guid":{"rendered":"https:\/\/www.newsendip.com\/?p=19136"},"modified":"2024-07-16T22:02:08","modified_gmt":"2024-07-16T20:02:08","slug":"a-la-veille-des-elections-regionales-au-venezuela-le-chemin-de-la-reconciliation-est-encore-long","status":"publish","type":"post","link":"https:\/\/www.newsendip.com\/fr\/a-la-veille-des-elections-regionales-au-venezuela-le-chemin-de-la-reconciliation-est-encore-long\/","title":{"rendered":"\u00c0 la veille des \u00e9lections r\u00e9gionales au Venezuela, le chemin de la r\u00e9conciliation est encore long"},"content":{"rendered":"<p><strong>La coalition d\u2019opposition a d\u00e9cid\u00e9 de participer aux \u00e9lections locales le 21 novembre surveill\u00e9es par des observateurs internationaux. Mais les derniers mois montrent que la r\u00e9conciliation et le processus d\u00e9mocratique, enchev\u00eatr\u00e9s \u00e0 la politique internationale, sont encore un long chemin au Venezuela.<br>\n<\/strong><\/p>\n<figure id=\"attachment_13764\" aria-describedby=\"caption-attachment-13764\" style=\"width: 1024px\" class=\"wp-caption aligncenter\"><img decoding=\"async\" class=\"wp-image-13764 size-full\" src=\"https:\/\/www.newsendip.com\/wp-content\/uploads\/2021\/11\/maduro-terrorist-attacks-sabotage-elections-progressive.jpeg\" alt=\"Nicol\u00e1s Maduro\" width=\"1024\" height=\"576\" srcset=\"https:\/\/www.newsendip.com\/wp-content\/uploads\/2021\/11\/maduro-terrorist-attacks-sabotage-elections-progressive.jpeg 1024w, https:\/\/www.newsendip.com\/wp-content\/uploads\/2021\/11\/maduro-terrorist-attacks-sabotage-elections-progressive-60x34.jpeg 60w, https:\/\/www.newsendip.com\/wp-content\/uploads\/2021\/11\/maduro-terrorist-attacks-sabotage-elections-progressive-300x169.jpeg 300w, https:\/\/www.newsendip.com\/wp-content\/uploads\/2021\/11\/maduro-terrorist-attacks-sabotage-elections-progressive-768x432.jpeg 768w\" sizes=\"(max-width: 1024px) 100vw, 1024px\"><figcaption id=\"caption-attachment-13764\" class=\"wp-caption-text\">Le pr\u00e9sident du Venezuela affirme que les renseignements ont permis de d\u00e9manteler des attaques terroristes visant \u00e0 annuler les prochaines \u00e9lections. Ils auraient \u00e9t\u00e9 organis\u00e9s par des opposants politiques | \u00a9 Twitter<\/figcaption><\/figure>\n<p>Le 14 novembre, le <a href=\"#post-bottom-source\">gouvernement du Venezuela<\/a> a affirm\u00e9 avoir neutralis\u00e9 \u00ab\u202f<em>des attaques terroristes contre les installations du Conseil national \u00e9lectoral qui <strong>visaient \u00e0 emp\u00eacher les \u00e9lections du 21 novembre<\/strong><\/em>\u202f\u00bb.<\/p>\n<p>Le minist\u00e8re de l\u2019int\u00e9rieur a ensuite d\u00e9clar\u00e9 que quatre individus ont \u00e9t\u00e9 appr\u00e9hend\u00e9s le 12 novembre avec des <strong>engins explosifs artisanaux et des jerricans d\u2019essence<\/strong> avant qu\u2019ils ne parviennent \u00e0 saboter les \u00e9lections.<\/p>\n<p>Le groupe aurait \u00e9galement \u00e9t\u00e9 \u00e0 l\u2019origine d\u2019une autre tentative de sabotage lors des \u00e9lections l\u00e9gislatives de 2020. Ils \u00e9taient tous li\u00e9s \u00e0 un certain William Ricardo S\u00e1nchez Ramos, le financier et coordinateur pr\u00e9sum\u00e9 de l\u2019op\u00e9ration tout en vivant en Espagne.<\/p>\n<p>Les autorit\u00e9s ont \u00e9galement mentionn\u00e9 que William Ramos serait li\u00e9 \u00e0 Ivan Simonovis et Leopoldo L\u00f3pez, <strong>deux opposants politiques \u00e0 la dictature v\u00e9n\u00e9zu\u00e9lienne qui \u00ab\u202f<em>financent ces cellules terroristes<\/em>\u202f\u00bb<\/strong>.<\/p>\n<p>Ivan Simonovis est un ancien prisonnier politique qui s\u2019est \u00e9chapp\u00e9 du Venezuela et qui vit d\u00e9sormais aux \u00c9tats-Unis. <strong>Leopoldo L\u00f3pez est l\u2019un des opposants politiques du r\u00e9gime de Maduro les plus influents, r\u00e9fugi\u00e9 en Espagne depuis 2020<\/strong>. Leopoldo L\u00f3pez est proche de Juan Guaid\u00f3, le chef de la Plateforme unitaire, une coalition d\u2019opposition soutenue par les \u00c9tats-Unis.<\/p>\n<h2>Des appels \u00e0 l\u2019Espagne pour extrader les opposants<\/h2>\n<p><strong>Nicol\u00e1s Maduro a d\u00e9clar\u00e9 qu\u2019il demanderait \u00e0 l\u2019Espagne d\u2019arr\u00eater et d\u2019extrader<\/strong> le responsable de l\u201d\u202f\u202f\u00bb<em>attaque terroriste<\/em>\u202f\u00bb pr\u00e9sum\u00e9 et le \u00ab\u202f<a href=\"https:\/\/twitter.com\/NicolasMaduro\/status\/1460039976826150920\"><em>leader du groupe terroriste<\/em><\/a>\u202f\u00bb.<\/p>\n<p>Si la v\u00e9racit\u00e9 du complot d\u00e9mantel\u00e9 reste incertaine, <strong>les accusations de terrorisme \u00e0 l\u2019encontre des opposants politiques interviennent une semaine seulement avant les \u00e9lections locales<\/strong> auxquelles la coalition d\u2019opposition participe apr\u00e8s avoir \u00e9t\u00e9 absente des deux pr\u00e9c\u00e9dents scrutins.<\/p>\n<p>Mais elles interviennent \u00e9galement deux jours seulement apr\u00e8s que <a href=\"#post-bottom-source\">l\u2019Espagne a accept\u00e9 l\u2019extradition d\u2019Adri\u00e1n Vel\u00e1squez<\/a>, l\u2019ancien chef de la s\u00e9curit\u00e9 d\u2019Hugo Chavez, vers les \u00c9tats-Unis.<\/p>\n<p>Et les r\u00e9centes extraditions vers les \u00c9tats-Unis mettent le Venezuela en col\u00e8re.<\/p>\n<h2>Un syst\u00e8me de corruption d\u2019un milliard de dollars impliquant le gouvernement du Venezuela<\/h2>\n<p>Le 14 octobre, l\u2019Espagne a \u00e9galement autoris\u00e9 <strong>l\u2019extradition de la femme d\u2019Adri\u00e1n Vel\u00e1squez, Claudia Diaz<\/strong>, vers les \u00c9tats-Unis. Ancienne infirmi\u00e8re d\u2019Hugo Ch\u00e1vez de 2003 \u00e0 2011, elle a \u00e9galement \u00e9t\u00e9 tr\u00e9sori\u00e8re nationale du Venezuela entre 2011 et&nbsp;2013.<\/p>\n<p>Le couple a \u00e9t\u00e9 arr\u00eat\u00e9 en d\u00e9cembre 2020 \u00e0 la demande des \u00c9tats-Unis mais ils avaient d\u00e9j\u00e0 \u00e9t\u00e9 arr\u00eat\u00e9s en 2018 pour des accusations de corruption et de blanchiment d\u2019argent \u00e0 la demande du Venezuela apr\u00e8s que leurs noms soient apparus dans le scandale des Panama Papers. L\u2019Espagne avait refus\u00e9 leur extradition en raison d\u2019inqui\u00e9tudes au sujet de leur s\u00e9curit\u00e9 et une \u00ab\u202f<em>possible violation des droits fondamentaux<\/em>\u202f\u00bb s\u2019ils \u00e9taient renvoy\u00e9s au Venezuela.<\/p>\n<p>Les deux V\u00e9n\u00e9zu\u00e9liens sont accus\u00e9s d\u2019avoir particip\u00e9 \u00e0 un <strong>syst\u00e8me de corruption et de blanchiment d\u2019argent<\/strong> impliquant l\u2019homme d\u2019affaires Ra\u00fal Gorr\u00edn Belisario.<\/p>\n<p>Ils sont soup\u00e7onn\u00e9s d\u2019avoir profit\u00e9 d\u2019un <strong>taux de change pr\u00e9f\u00e9rentiel avec le dollar g\u00e9r\u00e9 par le gouvernement v\u00e9n\u00e9zu\u00e9lien<\/strong>.<\/p>\n<p>Selon l\u2019acte d\u2019accusation du <a href=\"#post-bottom-source\">tribunal de district de la Floride du sud<\/a>, Ra\u00fal Gorr\u00edn Belisario aurait \u00ab\u202f<em>vers\u00e9 des centaines de millions de dollars en pots-de-vin pour s\u2019assurer le droit de r\u00e9aliser des op\u00e9rations de change pour une valeur de plus d\u2019un milliard de dollars et qui ont g\u00e9n\u00e9r\u00e9 des centaines de millions de dollars de b\u00e9n\u00e9fices<\/em>\u202f\u00bb entre 2008 et&nbsp;2017.<\/p>\n<p>Par l\u2019interm\u00e9diaire de son mari, M. Belisario aurait soudoy\u00e9 Claudia Diaz pour environ 65 millions de dollars entre 2011 et 2013 avec des virements sur des comptes bancaires suisses, des yachts, des montres de luxe, des manoirs et une marque de v\u00eatements aux \u00c9tats-Unis.<\/p>\n<p>L\u2019Espagne enqu\u00eate \u00e9galement sur l\u2019achat d\u2019une propri\u00e9t\u00e9 de 1,8 million d\u2019euros dans le centre de Madrid provenant de fonds suisses.<\/p>\n<p>Le pr\u00e9d\u00e9cesseur de Claudia Diaz au Tr\u00e9sor national du Venezuela, Alejandro Andrade, a <strong>plaid\u00e9 coupable de trafic de devises et de blanchiment d\u2019argent<\/strong>. Il a \u00e9t\u00e9 condamn\u00e9 \u00e0 10 ans de prison et \u00e0 la confiscation de tous ses biens impliqu\u00e9s dans ce syst\u00e8me de corruption. <a href=\"#post-bottom-source\">Il avait re\u00e7u plus d\u2019un milliard de dollars en pots-de-vin<\/a>.<\/p>\n<p>Mais \u00e0 la mi-octobre, une autre extradition a rendu le r\u00e9gime Maduro furieux.<\/p>\n<h2>Alex Saab extrad\u00e9 vers les \u00c9tats-Unis<\/h2>\n<p>Le 16 octobre, Alex Saab, un homme d\u2019affaires d\u2019origine colombienne accus\u00e9 d\u2019avoir eu recours \u00e0 un syst\u00e8me de corruption similaire, a \u00e9t\u00e9 extrad\u00e9 vers les \u00c9tats-Unis.<strong> Il avait \u00e9t\u00e9 arr\u00eat\u00e9 au Cap-Vert en juin 2020<\/strong> lors d\u2019une escale entre l\u2019Iran et le Venezuela.<\/p>\n<p><a href=\"#post-bottom-source\">Alex Saab est accus\u00e9 avec un autre homme d\u2019affaires colombien<\/a>, Alvaro Pulido Vargas alias German Enrique Rubio Salas, d\u2019avoir <strong>obtenu un contrat avec le gouvernement v\u00e9n\u00e9zu\u00e9lien en novembre 2011 pour construire des logements \u00e0 loyers mod\u00e9r\u00e9s<\/strong>.<\/p>\n<p>Il aurait ensuite <strong>profit\u00e9 du programme de taux de change pr\u00e9f\u00e9rentiel du gouvernement<\/strong> et aurait corrompu des hauts fonctionnaires pour qu\u2019ils approuvent des documents d\u2019importation de biens et de mat\u00e9riaux qu\u2019il n\u2019importera jamais.<\/p>\n<p>Le minist\u00e8re am\u00e9ricain de la Justice affirme que MM. Saab et Pulido ont <strong>transf\u00e9r\u00e9 environ 350 millions de dollars du Venezuela sur des comptes bancaires am\u00e9ricains<\/strong>.<\/p>\n<p>Il y a deux semaines, 7 des 8 chefs accusations contre Alex Saab ont \u00e9t\u00e9 rejet\u00e9es dans le cadre d\u2019un accord entre les \u00c9tats-Unis et le Cap-Vert. Le 15 novembre, <strong>Alex Saab a plaid\u00e9 non coupable<\/strong> des accusations de blanchiment d\u2019argent pendant que son avocat le pr\u00e9sentait comme un \u00ab\u202f<a href=\"https:\/\/cnnespanol.cnn.com\/2021\/11\/15\/alex-saab-nuevo-abogado-se-declara-inocente-orix\/\"><em>diplomate de la R\u00e9publique bolivarienne du Venezuela<\/em><\/a>\u202f\u00bb.<\/p>\n<p>Le 21 octobre, Alvaro Pulido Varga a \u00e9galement \u00e9t\u00e9 inculp\u00e9 avec 4 autres personnes pour avoir obtenu des contrats d\u2019importation et de distribution de caisses de nourriture et de m\u00e9dicaments sur\u00e9valu\u00e9s et pour avoir pay\u00e9 des pots-de-vin dans le but de s\u2019enrichir. Environ 1,6 milliard de dollars ont \u00e9t\u00e9 re\u00e7us de la R\u00e9publique du Venezuela, et 180 millions de dollars ont \u00e9t\u00e9 transf\u00e9r\u00e9s sur des comptes bancaires am\u00e9ricains.<\/p>\n<h2>Fin des discussions avec l\u2019opposition apr\u00e8s l\u2019extradition d\u2019Alex Saab<\/h2>\n<p>Alors que les \u00c9tats-Unis minimisaient l\u2019<a href=\"https:\/\/www.newsendip.com\/fr\/politique\/\">impact politique<\/a> de l\u2019extradition, justifiant que leur syst\u00e8me judiciaire \u00e9tait totalement ind\u00e9pendant de toute consid\u00e9ration politique, le Venezuela a rapidement r\u00e9agi \u00e0 l\u2019extradition.<\/p>\n<p>Le r\u00e9gime de Maduro affirme qu\u2019<strong>Alex Saab a \u00e9t\u00e9 arr\u00eat\u00e9 et d\u00e9tenu ill\u00e9galement parce qu\u2019il est un repr\u00e9sentant du Venezuela<\/strong>.<\/p>\n<p>Quelques heures apr\u00e8s l\u2019extradition d\u2019Alex Saab, le Venezuela emprisonn\u00e9 5 Am\u00e9ricains et un cadre local d\u2019une compagnie p\u00e9troli\u00e8re jusqu\u2019alors assign\u00e9s \u00e0 r\u00e9sidence.<\/p>\n<p>De plus, <strong>le Venezuela a d\u00e9cid\u00e9 d\u2019arr\u00eater les n\u00e9gociations avec la coalition d\u2019opposition<\/strong>.<\/p>\n<p>En ao\u00fbt, le gouvernement v\u00e9n\u00e9zu\u00e9lien et la Plateforme unitaire du Venezuela, une <strong>coalition d\u2019opposition r\u00e9cemment form\u00e9e et dirig\u00e9e par Juan Guaid\u00f3<\/strong>, avaient d\u00e9cid\u00e9 d\u2019<strong>entamer des n\u00e9gociations en vue d\u2019un accord sur une solution conjointe \u00e0 la crise dans le pays<\/strong>.<\/p>\n<p>Avec plus de<strong> 5,4 millions de V\u00e9n\u00e9zu\u00e9liens qui ont fui leur pays depuis 2015<\/strong>, ils repr\u00e9sentent <a href=\"https:\/\/www.newsendip.com\/fr\/1-milliard-de-dollars-pour-aider-les-refugies-venezueliens\/\">la deuxi\u00e8me plus grande migration humaine forc\u00e9e au monde<\/a> apr\u00e8s celle caus\u00e9e par la guerre civile syrienne.<\/p>\n<p>Et les discussions supervis\u00e9es par la Norv\u00e8ge qui se d\u00e9roulent \u00e0 Mexico ont apport\u00e9 quelques espoirs de progr\u00e8s avant les \u00e9lections provinciales, municipales et des conseils locaux.<\/p>\n<h2>La participation d\u2019une coalition d\u2019opposition aux \u00e9lections locales 2021<\/h2>\n<p>En avril, <strong>le Conseil national \u00e9lectoral a r\u00e9habilit\u00e9 la Table de l\u2019unit\u00e9 d\u00e9mocratique en tant que parti politique national<\/strong>.<\/p>\n<p>Et fin ao\u00fbt, avec le soutien de la Plateforme unitaire, la coalition de la Table de l\u2019unit\u00e9 d\u00e9mocratique a pu annoncer son intention de <strong>participer aux \u00e9lections du 21 novembre<\/strong>.<\/p>\n<p>La coalition des partis politiques d\u2019opposition n\u2019avait pas particip\u00e9 aux \u00e9lections l\u00e9gislatives de 2020 ni aux \u00e9lections pr\u00e9sidentielles de&nbsp;2018.<\/p>\n<p>L\u2019opposition souhaitait avoir des observateurs internationaux pour les \u00e9lections.<!--more--><\/p>\n<p>Ainsi, l\u2019<strong>Union europ\u00e9enne enverra jusqu\u2019\u00e0 100 observateurs au Venezuela<\/strong> <a href=\"https:\/\/www.reuters.com\/world\/americas\/back-venezuela-eu-observers-plead-patience-ahead-elections-2021-11-15\/\">pour la premi\u00e8re fois depuis 2006<\/a> afin d\u2019\u00e9valuer le d\u00e9roulement des \u00e9lections. Le Carter Center a \u00e9galement envoy\u00e9 une mission internationale restreinte d\u2019experts \u00e9lectoraux \u00e0 Caracas pour superviser les principaux aspects du processus \u00e9lectoral.<\/p>\n<p>L\u2019\u00e9quipe d\u2019observation de l\u2019Union europ\u00e9enne et le Carter Center publieront leurs rapports et recommandations quelques semaines apr\u00e8s les \u00e9lections.<\/p>\n<p>Alors que les discussions progressaient, le P\u00e9rou avait salu\u00e9 \u00ab\u202f<a href=\"https:\/\/www.newsendip.com\/fr\/le-perou-et-le-venezuela-saccordent-sur-le-rapatriement-de-42-000-venezueliens\/\"><em>l\u2019appel \u00e0 des \u00e9lections justes, libres et d\u00e9mocratiques<\/em>\u202f\u00bb<\/a> au Venezuela en septembre.<\/p>\n<p>Et l\u2019<strong>avenir du Groupe de Lima<\/strong>, un consortium de pays am\u00e9ricains form\u00e9 dans la capitale p\u00e9ruvienne et destin\u00e9 \u00e0 surmonter la crise institutionnelle au Venezuela, a commenc\u00e9 \u00e0 \u00eatre remis en question apr\u00e8s le d\u00e9part de l\u2019Argentine ou <strong>la reconnaissance par le Mexique de la l\u00e9gitimit\u00e9 du r\u00e9gime de Maduro<\/strong>.<\/p>\n<p>Mais le Venezuela a d\u00e9cid\u00e9 de mettre fin aux discussions apr\u00e8s l\u2019extradition d\u2019Alex Saab. \u00ab\u202f<em>Nous accusons le gouvernement [de Colombie] d\u2019Iv\u00e1n Duque, les \u00c9tats-Unis et l\u2019extr\u00eame droite v\u00e9n\u00e9zu\u00e9lienne irrationnelle comme Leopoldo L\u00f3pez, Juan Guaid\u00f3, Carlos Paparoni pour la fin des discussions<\/em>\u202f\u00bb, a d\u00e9clar\u00e9 le chef de l\u2019\u00e9quipe de n\u00e9gociation du c\u00f4t\u00e9 de M. Maduro.<\/p>\n<h2>Une \u00e9quipe de surveillance en ligne pendant la campagne \u00e9lectorale<\/h2>\n<p>Lorsque la campagne \u00e9lectorale a commenc\u00e9, le ministre des Communications du Venezuela a annonc\u00e9 vouloir cr\u00e9er une \u00ab\u202f<a href=\"https:\/\/www.newsendip.com\/fr\/?p=36681\"><em>\u00e9quipe de surveillance<\/em><\/a>\u202f\u00bb sur les r\u00e9seaux sociaux.<\/p>\n<p>Sans fournir de d\u00e9tails op\u00e9rationnels, il a \u00ab\u202f<em>invit\u00e9 les entreprises de r\u00e9seaux sociaux \u00e0 <strong>maintenir un \u00e9quilibre dans l\u2019information<\/strong>, afin d\u2019offrir une couverture \u00e9gale et un traitement similaire des messages provenant des candidats et de leurs organisations<\/em>\u202f\u00bb, ce qui pourrait \u00eatre per\u00e7u comme une mani\u00e8re de vouloir <strong>contr\u00f4ler la libert\u00e9 d\u2019expression dans un pays qui n\u2019obtient que <sup class=\"numerator\">28<\/sup>\u2044<sub class=\"denominator\">100<\/sub> dans le rapport Freedom on the Net<\/strong>.<\/p>\n<p>Le 11 novembre, un jour avant le d\u00e9mant\u00e8lement des attaques terroristes pr\u00e9sum\u00e9es, <a href=\"#post-bottom-source\">le secr\u00e9taire d\u2019\u00c9tat Anthony Blinken<\/a> a estim\u00e9 que \u00ab\u202f<strong><em>le r\u00e9gime Maduro continue de nier le droit des personnes \u00e0 choisir leurs propres dirigeants<\/em><\/strong>\u202f\u00bb.<\/p>\n<p>En septembre, le pr\u00e9sident de la Colombie, et opposant notoire de Nicol\u00e1s Maduro, est rest\u00e9 sceptique quant aux discussions tant qu\u2019il n\u2019y aurait pas d\u2019\u00e9lections pr\u00e9sidentielles \u00ab\u202f<em>libres et transparentes<\/em>\u202f\u00bb.<\/p>\n<p>Les prochaines \u00e9lections pr\u00e9sidentielles au Venezuela se tiendront en 2024, avec encore un long chemin \u00e0 parcourir en vue d\u2019une r\u00e9conciliation et la d\u00e9mocratie.<\/p>\n<p><strong><a href=\"https:\/\/www.newsendip.com\/fr\/etiquette\/venezuela-fr\/\">D\u00e9couvrez plus d\u2019actualit\u00e9s sur le Venezuela<\/a><\/strong><\/p>\n","protected":false},"excerpt":{"rendered":"<p>Les derniers mois montrent que la r\u00e9conciliation et le processus d\u00e9mocratique, enchev\u00eatr\u00e9s \u00e0 la politique internationale, sont encore un long chemin au Venezuela.<\/p>\n","protected":false},"author":1,"featured_media":13764,"comment_status":"closed","ping_status":"closed","sticky":false,"template":"","format":"standard","meta":{"wp_typography_post_enhancements_disabled":false,"footnotes":""},"categories":[416],"tags":[802,421],"class_list":["post-19136","post","type-post","status-publish","format-standard","has-post-thumbnail","hentry","category-politique","tag-venezuela-fr","tag-vieux"],"yoast_head":"<!-- This site is optimized with the Yoast SEO Premium plugin v27.4 (Yoast SEO v27.4) - https:\/\/yoast.com\/product\/yoast-seo-premium-wordpress\/ -->\n<title>\u00c0 la veille des \u00e9lections r\u00e9gionales au Venezuela, le chemin de la r\u00e9conciliation est encore long<\/title>\n<meta name=\"description\" content=\"Les derniers mois montrent que la r\u00e9conciliation et le processus d\u00e9mocratique, enchev\u00eatr\u00e9s \u00e0 la politique internationale, sont encore un long chemin au Venezuela.\" \/>\n<meta name=\"robots\" content=\"index, follow, max-snippet:-1, max-image-preview:large, max-video-preview:-1\" \/>\n<link rel=\"canonical\" href=\"https:\/\/www.newsendip.com\/fr\/a-la-veille-des-elections-regionales-au-venezuela-le-chemin-de-la-reconciliation-est-encore-long\/\" \/>\n<meta property=\"og:locale\" content=\"fr_FR\" \/>\n<meta property=\"og:type\" content=\"article\" \/>\n<meta property=\"og:title\" content=\"\u00c0 la veille des \u00e9lections r\u00e9gionales au Venezuela, le chemin de la r\u00e9conciliation est encore long\" \/>\n<meta property=\"og:description\" content=\"Les derniers mois montrent que la r\u00e9conciliation et le processus d\u00e9mocratique, enchev\u00eatr\u00e9s \u00e0 la politique internationale, sont encore un long chemin au Venezuela.\" \/>\n<meta property=\"og:url\" content=\"https:\/\/www.newsendip.com\/fr\/a-la-veille-des-elections-regionales-au-venezuela-le-chemin-de-la-reconciliation-est-encore-long\/\" \/>\n<meta property=\"og:site_name\" content=\"Newsendip\" \/>\n<meta property=\"article:publisher\" content=\"https:\/\/www.facebook.com\/newsendip\" \/>\n<meta property=\"article:published_time\" content=\"2021-11-16T15:25:25+00:00\" \/>\n<meta property=\"article:modified_time\" content=\"2024-07-16T20:02:08+00:00\" \/>\n<meta property=\"og:image\" content=\"https:\/\/www.newsendip.com\/wp-content\/uploads\/2021\/11\/maduro-terrorist-attacks-sabotage-elections-progressive.jpeg\" \/>\n\t<meta property=\"og:image:width\" content=\"1024\" \/>\n\t<meta property=\"og:image:height\" content=\"576\" \/>\n\t<meta property=\"og:image:type\" content=\"image\/jpeg\" \/>\n<meta name=\"author\" content=\"Cl\u00e9ment V\u00e9rit\u00e9\" \/>\n<meta name=\"twitter:card\" content=\"summary_large_image\" \/>\n<meta name=\"twitter:creator\" content=\"@https:\/\/twitter.com\/cverite\" \/>\n<meta name=\"twitter:site\" content=\"@newsendip\" \/>\n<meta name=\"twitter:label1\" content=\"\u00c9crit par\" \/>\n\t<meta name=\"twitter:data1\" content=\"Cl\u00e9ment V\u00e9rit\u00e9\" \/>\n\t<meta name=\"twitter:label2\" content=\"Dur\u00e9e de lecture estim\u00e9e\" \/>\n\t<meta name=\"twitter:data2\" content=\"8 minutes\" \/>\n<!-- \/ Yoast SEO Premium plugin. -->","yoast_head_json":{"title":"\u00c0 la veille des \u00e9lections r\u00e9gionales au Venezuela, le chemin de la r\u00e9conciliation est encore long","description":"Les derniers mois montrent que la r\u00e9conciliation et le processus d\u00e9mocratique, enchev\u00eatr\u00e9s \u00e0 la politique internationale, sont encore un long chemin au Venezuela.","robots":{"index":"index","follow":"follow","max-snippet":"max-snippet:-1","max-image-preview":"max-image-preview:large","max-video-preview":"max-video-preview:-1"},"canonical":"https:\/\/www.newsendip.com\/fr\/a-la-veille-des-elections-regionales-au-venezuela-le-chemin-de-la-reconciliation-est-encore-long\/","og_locale":"fr_FR","og_type":"article","og_title":"\u00c0 la veille des \u00e9lections r\u00e9gionales au Venezuela, le chemin de la r\u00e9conciliation est encore long","og_description":"Les derniers mois montrent que la r\u00e9conciliation et le processus d\u00e9mocratique, enchev\u00eatr\u00e9s \u00e0 la politique internationale, sont encore un long chemin au Venezuela.","og_url":"https:\/\/www.newsendip.com\/fr\/a-la-veille-des-elections-regionales-au-venezuela-le-chemin-de-la-reconciliation-est-encore-long\/","og_site_name":"Newsendip","article_publisher":"https:\/\/www.facebook.com\/newsendip","article_published_time":"2021-11-16T15:25:25+00:00","article_modified_time":"2024-07-16T20:02:08+00:00","og_image":[{"width":1024,"height":576,"url":"https:\/\/www.newsendip.com\/wp-content\/uploads\/2021\/11\/maduro-terrorist-attacks-sabotage-elections-progressive.jpeg","type":"image\/jpeg"}],"author":"Cl\u00e9ment V\u00e9rit\u00e9","twitter_card":"summary_large_image","twitter_creator":"@https:\/\/twitter.com\/cverite","twitter_site":"@newsendip","twitter_misc":{"\u00c9crit par":"Cl\u00e9ment V\u00e9rit\u00e9","Dur\u00e9e de lecture estim\u00e9e":"8 minutes"},"schema":{"@context":"https:\/\/schema.org","@graph":[{"@type":"NewsArticle","@id":"https:\/\/www.newsendip.com\/fr\/a-la-veille-des-elections-regionales-au-venezuela-le-chemin-de-la-reconciliation-est-encore-long\/#article","isPartOf":{"@id":"https:\/\/www.newsendip.com\/fr\/a-la-veille-des-elections-regionales-au-venezuela-le-chemin-de-la-reconciliation-est-encore-long\/"},"author":{"name":"Cl\u00e9ment V\u00e9rit\u00e9","@id":"https:\/\/www.newsendip.com\/fr\/#\/schema\/person\/ea22c01755f464a3cbc2c619584d6363"},"headline":"\u00c0 la veille des \u00e9lections r\u00e9gionales au Venezuela, le chemin de la r\u00e9conciliation est encore long","datePublished":"2021-11-16T15:25:25+00:00","dateModified":"2024-07-16T20:02:08+00:00","mainEntityOfPage":{"@id":"https:\/\/www.newsendip.com\/fr\/a-la-veille-des-elections-regionales-au-venezuela-le-chemin-de-la-reconciliation-est-encore-long\/"},"wordCount":1924,"publisher":{"@id":"https:\/\/www.newsendip.com\/fr\/#organization"},"image":{"@id":"https:\/\/www.newsendip.com\/fr\/a-la-veille-des-elections-regionales-au-venezuela-le-chemin-de-la-reconciliation-est-encore-long\/#primaryimage"},"thumbnailUrl":"https:\/\/www.newsendip.com\/wp-content\/uploads\/2021\/11\/maduro-terrorist-attacks-sabotage-elections-progressive.jpeg","keywords":["V\u00e9n\u00e9zu\u00e9la","Vieux"],"articleSection":["Politique"],"inLanguage":"fr-FR","copyrightYear":"2021","copyrightHolder":{"@id":"https:\/\/www.newsendip.com\/#organization"}},{"@type":"WebPage","@id":"https:\/\/www.newsendip.com\/fr\/a-la-veille-des-elections-regionales-au-venezuela-le-chemin-de-la-reconciliation-est-encore-long\/","url":"https:\/\/www.newsendip.com\/fr\/a-la-veille-des-elections-regionales-au-venezuela-le-chemin-de-la-reconciliation-est-encore-long\/","name":"\u00c0 la veille des \u00e9lections r\u00e9gionales au Venezuela, le chemin de la r\u00e9conciliation est encore long","isPartOf":{"@id":"https:\/\/www.newsendip.com\/fr\/#website"},"primaryImageOfPage":{"@id":"https:\/\/www.newsendip.com\/fr\/a-la-veille-des-elections-regionales-au-venezuela-le-chemin-de-la-reconciliation-est-encore-long\/#primaryimage"},"image":{"@id":"https:\/\/www.newsendip.com\/fr\/a-la-veille-des-elections-regionales-au-venezuela-le-chemin-de-la-reconciliation-est-encore-long\/#primaryimage"},"thumbnailUrl":"https:\/\/www.newsendip.com\/wp-content\/uploads\/2021\/11\/maduro-terrorist-attacks-sabotage-elections-progressive.jpeg","datePublished":"2021-11-16T15:25:25+00:00","dateModified":"2024-07-16T20:02:08+00:00","description":"Les derniers mois montrent que la r\u00e9conciliation et le processus d\u00e9mocratique, enchev\u00eatr\u00e9s \u00e0 la politique internationale, sont encore un long chemin au Venezuela.","breadcrumb":{"@id":"https:\/\/www.newsendip.com\/fr\/a-la-veille-des-elections-regionales-au-venezuela-le-chemin-de-la-reconciliation-est-encore-long\/#breadcrumb"},"inLanguage":"fr-FR","potentialAction":[{"@type":"ReadAction","target":["https:\/\/www.newsendip.com\/fr\/a-la-veille-des-elections-regionales-au-venezuela-le-chemin-de-la-reconciliation-est-encore-long\/"]}]},{"@type":"ImageObject","inLanguage":"fr-FR","@id":"https:\/\/www.newsendip.com\/fr\/a-la-veille-des-elections-regionales-au-venezuela-le-chemin-de-la-reconciliation-est-encore-long\/#primaryimage","url":"https:\/\/www.newsendip.com\/wp-content\/uploads\/2021\/11\/maduro-terrorist-attacks-sabotage-elections-progressive.jpeg","contentUrl":"https:\/\/www.newsendip.com\/wp-content\/uploads\/2021\/11\/maduro-terrorist-attacks-sabotage-elections-progressive.jpeg","width":1024,"height":576,"caption":"Le pr\u00e9sident du Venezuela affirme que les renseignements ont permis de d\u00e9manteler des attaques terroristes visant \u00e0 annuler les prochaines \u00e9lections. Ils auraient \u00e9t\u00e9 organis\u00e9s par des opposants politiques | \u00a9 Twitter"},{"@type":"BreadcrumbList","@id":"https:\/\/www.newsendip.com\/fr\/a-la-veille-des-elections-regionales-au-venezuela-le-chemin-de-la-reconciliation-est-encore-long\/#breadcrumb","itemListElement":[{"@type":"ListItem","position":1,"name":"Accueil","item":"https:\/\/www.newsendip.com\/fr\/"},{"@type":"ListItem","position":2,"name":"\u00c0 la veille des \u00e9lections r\u00e9gionales au Venezuela, le chemin de la r\u00e9conciliation est encore long"}]},{"@type":"WebSite","@id":"https:\/\/www.newsendip.com\/fr\/#website","url":"https:\/\/www.newsendip.com\/fr\/","name":"Newsendip","description":"Red\u00e9couvrez l&#039;actualit\u00e9 internationale","publisher":{"@id":"https:\/\/www.newsendip.com\/fr\/#organization"},"potentialAction":[{"@type":"SearchAction","target":{"@type":"EntryPoint","urlTemplate":"https:\/\/www.newsendip.com\/fr\/?s={search_term_string}"},"query-input":{"@type":"PropertyValueSpecification","valueRequired":true,"valueName":"search_term_string"}}],"inLanguage":"fr-FR"},{"@type":"Organization","@id":"https:\/\/www.newsendip.com\/fr\/#organization","name":"Newsendip","url":"https:\/\/www.newsendip.com\/fr\/","logo":{"@type":"ImageObject","inLanguage":"fr-FR","@id":"https:\/\/www.newsendip.com\/fr\/#\/schema\/logo\/image\/","url":"https:\/\/www.newsendip.com\/wp-content\/uploads\/2023\/12\/512x512.svg","contentUrl":"https:\/\/www.newsendip.com\/wp-content\/uploads\/2023\/12\/512x512.svg","width":1,"height":1,"caption":"Newsendip"},"image":{"@id":"https:\/\/www.newsendip.com\/fr\/#\/schema\/logo\/image\/"},"sameAs":["https:\/\/www.facebook.com\/newsendip","https:\/\/x.com\/newsendip","https:\/\/mastodon.social\/@newsendip","https:\/\/www.linkedin.com\/company\/newsendip"],"description":"Newsendip est un site qui a pour mission de rendre l'actualit\u00e9 internationale accessible et diversifi\u00e9e","email":"contact@newsendip.com","legalName":"Newsendip SAS","foundingDate":"2022-11-04","vatID":"FR60921124723","numberOfEmployees":{"@type":"QuantitativeValue","minValue":"1","maxValue":"10"},"publishingPrinciples":"https:\/\/www.newsendip.com\/about-us\/","ownershipFundingInfo":"https:\/\/www.newsendip.com\/legal-notice\/","actionableFeedbackPolicy":"https:\/\/www.newsendip.com\/about-us\/","correctionsPolicy":"https:\/\/www.newsendip.com\/about-us\/","ethicsPolicy":"https:\/\/www.newsendip.com\/about-us\/","diversityPolicy":"https:\/\/www.newsendip.com\/about-us\/"},{"@type":"Person","@id":"https:\/\/www.newsendip.com\/fr\/#\/schema\/person\/ea22c01755f464a3cbc2c619584d6363","name":"Cl\u00e9ment V\u00e9rit\u00e9","description":"Cl\u00e9ment is the executive editor and founder of Newsendip. He started in the media industry as a freelance reporter at 16 for a local French newspaper after school and has never left it. He later worked for seven years at The New York Times, notably as a data analyst. He holds a Master of Management in France and a Master of Arts in the United Kingdom in International Marketing &amp; Communications Strategy. He has lived in France, the United Kingdom, and Italy.","sameAs":["https:\/\/www.newsendip.com\/","https:\/\/www.linkedin.com\/in\/clementverite\/","https:\/\/x.com\/https:\/\/twitter.com\/cverite"],"knowsAbout":["News","International","Business","Media monitoring"],"knowsLanguage":["English","French","Italian","Spanish"],"url":"https:\/\/www.newsendip.com\/fr\/author\/clement-verite\/"}]}},"_links":{"self":[{"href":"https:\/\/www.newsendip.com\/fr\/wp-json\/wp\/v2\/posts\/19136","targetHints":{"allow":["GET"]}}],"collection":[{"href":"https:\/\/www.newsendip.com\/fr\/wp-json\/wp\/v2\/posts"}],"about":[{"href":"https:\/\/www.newsendip.com\/fr\/wp-json\/wp\/v2\/types\/post"}],"author":[{"embeddable":true,"href":"https:\/\/www.newsendip.com\/fr\/wp-json\/wp\/v2\/users\/1"}],"replies":[{"embeddable":true,"href":"https:\/\/www.newsendip.com\/fr\/wp-json\/wp\/v2\/comments?post=19136"}],"version-history":[{"count":0,"href":"https:\/\/www.newsendip.com\/fr\/wp-json\/wp\/v2\/posts\/19136\/revisions"}],"wp:featuredmedia":[{"embeddable":true,"href":"https:\/\/www.newsendip.com\/fr\/wp-json\/wp\/v2\/media\/13764"}],"wp:attachment":[{"href":"https:\/\/www.newsendip.com\/fr\/wp-json\/wp\/v2\/media?parent=19136"}],"wp:term":[{"taxonomy":"category","embeddable":true,"href":"https:\/\/www.newsendip.com\/fr\/wp-json\/wp\/v2\/categories?post=19136"},{"taxonomy":"post_tag","embeddable":true,"href":"https:\/\/www.newsendip.com\/fr\/wp-json\/wp\/v2\/tags?post=19136"}],"curies":[{"name":"wp","href":"https:\/\/api.w.org\/{rel}","templated":true}]}}