{"id":19142,"date":"2021-06-18T22:00:00","date_gmt":"2021-06-18T20:00:00","guid":{"rendered":"https:\/\/www.newsendip.com\/?p=19142"},"modified":"2024-07-23T17:50:44","modified_gmt":"2024-07-23T15:50:44","slug":"1-milliard-de-dollars-pour-aider-les-refugies-venezueliens","status":"publish","type":"post","link":"https:\/\/www.newsendip.com\/fr\/1-milliard-de-dollars-pour-aider-les-refugies-venezueliens\/","title":{"rendered":"1,5 milliard de dollars pour aider les r\u00e9fugi\u00e9s v\u00e9n\u00e9zu\u00e9liens"},"content":{"rendered":"<p><strong>La communaut\u00e9 internationale s\u2019est engag\u00e9e \u00e0 fournir 1,5 milliard de dollars pour aider les 5,6 millions de r\u00e9fugi\u00e9s v\u00e9n\u00e9zu\u00e9liens qui ont fui le pays depuis 2015. Le r\u00e9gime en place au Venezuela appelle cela une \u00ab\u202f<em>op\u00e9ration de propagande politique<\/em>\u202f\u00bb.<\/strong><\/p>\n<figure id=\"attachment_13587\" aria-describedby=\"caption-attachment-13587\" style=\"width: 1024px\" class=\"wp-caption aligncenter\"><img decoding=\"async\" class=\"wp-image-13587 size-large\" src=\"https:\/\/www.newsendip.com\/wp-content\/uploads\/2021\/06\/colombia-venezuela-border-migrants-1024x768.jpg\" alt=\"Fronti\u00e8re entre la Colombie et le Venezuela\" width=\"1024\" height=\"768\" srcset=\"https:\/\/www.newsendip.com\/wp-content\/uploads\/2021\/06\/colombia-venezuela-border-migrants-1024x768.jpg 1024w, https:\/\/www.newsendip.com\/wp-content\/uploads\/2021\/06\/colombia-venezuela-border-migrants-60x45.jpg 60w, https:\/\/www.newsendip.com\/wp-content\/uploads\/2021\/06\/colombia-venezuela-border-migrants-300x225.jpg 300w, https:\/\/www.newsendip.com\/wp-content\/uploads\/2021\/06\/colombia-venezuela-border-migrants-768x576.jpg 768w, https:\/\/www.newsendip.com\/wp-content\/uploads\/2021\/06\/colombia-venezuela-border-migrants-1536x1152.jpg 1536w, https:\/\/www.newsendip.com\/wp-content\/uploads\/2021\/06\/colombia-venezuela-border-migrants-2048x1536.jpg 2048w\" sizes=\"(max-width: 1024px) 100vw, 1024px\"><figcaption id=\"caption-attachment-13587\" class=\"wp-caption-text\">Fronti\u00e8re entre la Colombie et le Venezuela. Environ 900 000 V\u00e9n\u00e9zu\u00e9liens sont pass\u00e9s en Colombie sans papiers depuis 2015 | Wilsanmo, 2010<\/figcaption><\/figure>\n<p>Le 17 juin, la <a href=\"https:\/\/www.international.gc.ca\/campaign-campagne\/international-donors-internationale-donateurs\/index.aspx?lang=fra\">Conf\u00e9rence internationale des donateurs en solidarit\u00e9 avec les r\u00e9fugi\u00e9s et les migrants v\u00e9n\u00e9zu\u00e9liens<\/a> a vu des donateurs internationaux de 46 pays, la Banque mondiale ou la Banque interam\u00e9ricaine de d\u00e9veloppement, s\u2019engager \u00e0 aider les migrants v\u00e9n\u00e9zu\u00e9liens \u00e0 hauteur de 1,5 milliard de dollars.<\/p>\n<p>Cette somme comprendrait <strong>954 millions de dollars de subventions et 600 millions de dollars de pr\u00eats<\/strong>. Cet argent servira \u00e0 fournir un soutien imm\u00e9diat aux r\u00e9fugi\u00e9s, comme de la nourriture, un toit et des installations sanitaires, ainsi qu\u2019un soutien \u00e0 plus long terme en mati\u00e8re d\u2019\u00e9ducation et de recherche d\u2019emploi. Les \u00c9tats-Unis ont promis 400 millions de dollars, soit le double de l\u2019ann\u00e9e derni\u00e8re, l\u2019Union europ\u00e9enne 163 millions et le Canada 93 millions.<\/p>\n<p>Avant la conf\u00e9rence, le plan r\u00e9gional de r\u00e9ponse aux r\u00e9fugi\u00e9s et aux migrants pour le Venezuela estimait que 1,44 milliard de dollars seraient n\u00e9cessaires pour r\u00e9pondre \u00e0 l\u2019urgence de la crise. Plus de 5,4 millions de V\u00e9n\u00e9zu\u00e9liens ont quitt\u00e9 ou fui leur foyer depuis 2015, dont 4,6 millions qui <a href=\"#ref\">r\u00e9sident d\u00e9sormais en Am\u00e9rique latine dans les Cara\u00efbes<\/a>. Il s\u2019agit actuellement de la deuxi\u00e8me plus grande migration humaine forc\u00e9e au monde apr\u00e8s celle caus\u00e9e par la guerre civile en Syrie avec les <a href=\"https:\/\/data.unhcr.org\/fr\/situations\/syria\">5,6 millions de personnes qui ont fui leur pays depuis 2011<\/a>. En 2015, <a href=\"https:\/\/datacommons.org\/tools\/timeline#place=country%2FVEN&amp;statsVar=Count_Person&amp;chart=%7B%22count%22%3A%7B%22pc%22%3Afalse%7D%7D\">la population totale du Venezuela \u00e9tait sup\u00e9rieure \u00e0 30 millions d\u2019habitants<\/a> mais elle ne comptait plus que 28,5 millions de V\u00e9n\u00e9zu\u00e9liens dans le pays en&nbsp;2019.<\/p>\n<figure id=\"attachment_13586\" aria-describedby=\"caption-attachment-13586\" style=\"width: 1024px\" class=\"wp-caption aligncenter\"><img decoding=\"async\" class=\"wp-image-13586 size-large\" src=\"https:\/\/www.newsendip.com\/wp-content\/uploads\/2021\/06\/venezuela-population-refugees-1024x426.png\" alt=\"Donn\u00e9es sur la population v\u00e9n\u00e9zu\u00e9lienne\" width=\"1024\" height=\"426\" srcset=\"https:\/\/www.newsendip.com\/wp-content\/uploads\/2021\/06\/venezuela-population-refugees-1024x426.png 1024w, https:\/\/www.newsendip.com\/wp-content\/uploads\/2021\/06\/venezuela-population-refugees-300x125.png 300w, https:\/\/www.newsendip.com\/wp-content\/uploads\/2021\/06\/venezuela-population-refugees-768x319.png 768w, https:\/\/www.newsendip.com\/wp-content\/uploads\/2021\/06\/venezuela-population-refugees.png 1090w\" sizes=\"(max-width: 1024px) 100vw, 1024px\"><figcaption id=\"caption-attachment-13586\" class=\"wp-caption-text\">La population du Venezuela a augment\u00e9 r\u00e9guli\u00e8rement jusqu\u2019en 2015 et a diminu\u00e9 avec la crise migratoire | Data commons<\/figcaption><\/figure>\n<h2>La Colombie r\u00e9gularisera 1 million de migrants v\u00e9n\u00e9zu\u00e9liens avant&nbsp;2022<\/h2>\n<p><!--more--><\/p>\n<p>\u00ab\u202f<em>Les pays de la r\u00e9gion continuent d\u2019accueillir g\u00e9n\u00e9reusement les V\u00e9n\u00e9zu\u00e9liens, mais leurs capacit\u00e9s et leurs ressources atteignent un point de rupture<\/em>\u202f\u00bb, a d\u00e9clar\u00e9 en mai <a href=\"#ref\">Karina Gould<\/a>, ministre du D\u00e9veloppement international du Canada, pays h\u00f4te de la vid\u00e9oconf\u00e9rence de cette ann\u00e9e. L\u2019Espagne avait \u00e9t\u00e9 l\u2019h\u00f4te de la conf\u00e9rence en 2020 et qui avait permis de <strong>d\u00e9bloquer 2,79 milliards de dollars<\/strong> pour soutenir 3,18 millions de r\u00e9fugi\u00e9s ou migrants v\u00e9n\u00e9zu\u00e9liens.<\/p>\n<p>Le pr\u00e9sident colombien Iv\u00e1n Duque a d\u00e9clar\u00e9 que d\u2019ici fin 2021, le pays donnerait un <strong>statut prot\u00e9g\u00e9 pour 10 ans \u00e0 plus d\u2019un million de V\u00e9n\u00e9zu\u00e9liens vivant en Colombie<\/strong> qui ont demand\u00e9 la r\u00e9gularisation de leur situation. Oppos\u00e9 au gouvernement du Venezuela, il avait promis la r\u00e9gularisation des r\u00e9fugi\u00e9s v\u00e9n\u00e9zu\u00e9liens lors de sa campagne pr\u00e9sidentielle en 2018. La <a href=\"https:\/\/www.newsendip.com\/fr\/etiquette\/colombie\/\">Colombie<\/a> est le premier pays de destination des V\u00e9n\u00e9zu\u00e9liens. <strong>Elle accueille 1,8 million de migrants, parmi lesquels la moiti\u00e9 a travers\u00e9 la fronti\u00e8re de 2 200 kilom\u00e8tres sans papiers<\/strong>. Le <a href=\"https:\/\/www.newsendip.com\/fr\/le-perou-et-le-venezuela-saccordent-sur-le-rapatriement-de-42-000-venezueliens\/\">P\u00e9rou<\/a>, l\u2019\u00c9quateur, la R\u00e9publique dominicaine et les \u00c9tats-Unis, ont propos\u00e9 des mesures similaires pour r\u00e9gulariser les d\u00e9plac\u00e9s.<\/p>\n<p>Le r\u00e9gime en place au Venezuela a publi\u00e9 un <a href=\"#ref\">communiqu\u00e9<\/a> <strong>condamnant le \u00ab\u202f<em>cynisme<\/em>\u202f\u00bb d\u2019une \u00ab\u202f<em>farce m\u00e9diatique<\/em>\u202f\u00bb<\/strong> qu\u2019il qualifie de \u00ab\u202f<em>grossi\u00e8re op\u00e9ration de propagande politique anti-v\u00e9n\u00e9zu\u00e9lienne<\/em>\u202f\u00bb. Il affirme que la situation est due \u00e0 \u00ab\u202f<em>l\u2019imposition d\u2019un blocus criminel par le biais de sanctions ill\u00e9gales<\/em>\u202f\u00bb de la part des m\u00eames \u00c9tats-Unis, de l\u2019Union europ\u00e9enne ou du Canada.<\/p>\n<p>Le 16 juin, les <a href=\"https:\/\/ultimasnoticias.com.ve\/noticias\/politica\/eeuu-desbloquea-algunas-sanciones-contra-venezuela-para-atender-la-pandemia\/\">\u00c9tats-Unis ont d\u00e9bloqu\u00e9 des sanctions<\/a>, demand\u00e9es par le pr\u00e9sident v\u00e9n\u00e9zu\u00e9lien Nicolas Maduro, pour acqu\u00e9rir des biens destin\u00e9s \u00e0 lutter contre la pand\u00e9mie de Covid-19 tels que des tests, des masques, des ventilateurs ou des vaccins Mais l\u2019interdiction de commercer avec les entreprises publiques, comme PDVSA, la compagnie p\u00e9troli\u00e8re et gazi\u00e8re publique, ou l\u2019arm\u00e9e reste en vigueur.<\/p>\n<p><strong><a href=\"https:\/\/www.newsendip.com\/fr\/etiquette\/venezuela-fr\/\">D\u00e9couvrez plus d\u2019actualit\u00e9s sur le Venezuela<\/a><\/strong><\/p>\n<h3 id=\"ref\">Sources et liens utiles&nbsp;:<\/h3>\n<ul>\n<li><a href=\"https:\/\/rmrp.r4v.info\/\">RMRP 2021<\/a>, Inter-agency coordination platform for refugees and migrants from Venezuela<\/li>\n<li><a href=\"http:\/\/www.mppre.gob.ve\/comunicado\/gobierno-bolivariano-condena-nueva-farsa-mediatica-migracion-venezolana\/\">Gobierno Bolivariano condena nueva farsa medi\u00e1tica sobre la migraci\u00f3n venezolana,<\/a> Gouvernement du Venezuela, juin&nbsp;2021<\/li>\n<\/ul>\n","protected":false},"excerpt":{"rendered":"<p>La communaut\u00e9 internationale s\u2019est engag\u00e9e \u00e0 fournir 1,5 milliard de dollars pour aider les 5,6 millions de r\u00e9fugi\u00e9s v\u00e9n\u00e9zu\u00e9liens qui ont fui le pays depuis 2015. Le r\u00e9gime en place au Venezuela appelle cela une \u00ab\u202fop\u00e9ration de propagande politique\u202f\u00bb.<\/p>\n","protected":false},"author":1,"featured_media":13587,"comment_status":"closed","ping_status":"closed","sticky":false,"template":"","format":"standard","meta":{"wp_typography_post_enhancements_disabled":false,"footnotes":""},"categories":[416],"tags":[802,421],"class_list":["post-19142","post","type-post","status-publish","format-standard","has-post-thumbnail","hentry","category-politique","tag-venezuela-fr","tag-vieux"],"yoast_head":"<!-- This site is optimized with the Yoast SEO Premium plugin v27.4 (Yoast SEO v27.4) - https:\/\/yoast.com\/product\/yoast-seo-premium-wordpress\/ -->\n<title>1,5 milliard de dollars pour aider les r\u00e9fugi\u00e9s v\u00e9n\u00e9zu\u00e9liens<\/title>\n<meta name=\"description\" content=\"La communaut\u00e9 internationale s&#039;est engag\u00e9e \u00e0 fournir 1,5 milliard de dollars pour aider les 5,6 millions de r\u00e9fugi\u00e9s v\u00e9n\u00e9zu\u00e9liens qui ont fui le pays depuis 2015. Le r\u00e9gime en place au Venezuela appelle cela une &quot;op\u00e9ration de propagande politique&quot;.\" \/>\n<meta name=\"robots\" content=\"index, follow, max-snippet:-1, max-image-preview:large, max-video-preview:-1\" \/>\n<link rel=\"canonical\" href=\"https:\/\/www.newsendip.com\/fr\/1-milliard-de-dollars-pour-aider-les-refugies-venezueliens\/\" \/>\n<meta property=\"og:locale\" content=\"fr_FR\" \/>\n<meta property=\"og:type\" content=\"article\" \/>\n<meta property=\"og:title\" content=\"1,5 milliard de dollars pour aider les r\u00e9fugi\u00e9s v\u00e9n\u00e9zu\u00e9liens\" \/>\n<meta property=\"og:description\" content=\"La communaut\u00e9 internationale s&#039;est engag\u00e9e \u00e0 fournir 1,5 milliard de dollars pour aider les 5,6 millions de r\u00e9fugi\u00e9s v\u00e9n\u00e9zu\u00e9liens qui ont fui le pays depuis 2015. Le r\u00e9gime en place au Venezuela appelle cela une &quot;op\u00e9ration de propagande politique&quot;.\" \/>\n<meta property=\"og:url\" content=\"https:\/\/www.newsendip.com\/fr\/1-milliard-de-dollars-pour-aider-les-refugies-venezueliens\/\" \/>\n<meta property=\"og:site_name\" content=\"Newsendip\" \/>\n<meta property=\"article:publisher\" content=\"https:\/\/www.facebook.com\/newsendip\" \/>\n<meta property=\"article:published_time\" content=\"2021-06-18T20:00:00+00:00\" \/>\n<meta property=\"article:modified_time\" content=\"2024-07-23T15:50:44+00:00\" \/>\n<meta property=\"og:image\" content=\"https:\/\/www.newsendip.com\/wp-content\/uploads\/2021\/02\/logo.png\" \/>\n<meta name=\"author\" content=\"Cl\u00e9ment V\u00e9rit\u00e9\" \/>\n<meta name=\"twitter:card\" content=\"summary_large_image\" \/>\n<meta name=\"twitter:creator\" content=\"@https:\/\/twitter.com\/cverite\" \/>\n<meta name=\"twitter:site\" content=\"@newsendip\" \/>\n<meta name=\"twitter:label1\" content=\"\u00c9crit par\" \/>\n\t<meta name=\"twitter:data1\" content=\"Cl\u00e9ment V\u00e9rit\u00e9\" \/>\n\t<meta name=\"twitter:label2\" content=\"Dur\u00e9e de lecture estim\u00e9e\" \/>\n\t<meta name=\"twitter:data2\" content=\"4 minutes\" \/>\n<!-- \/ Yoast SEO Premium plugin. -->","yoast_head_json":{"title":"1,5 milliard de dollars pour aider les r\u00e9fugi\u00e9s v\u00e9n\u00e9zu\u00e9liens","description":"La communaut\u00e9 internationale s'est engag\u00e9e \u00e0 fournir 1,5 milliard de dollars pour aider les 5,6 millions de r\u00e9fugi\u00e9s v\u00e9n\u00e9zu\u00e9liens qui ont fui le pays depuis 2015. Le r\u00e9gime en place au Venezuela appelle cela une \"op\u00e9ration de propagande politique\".","robots":{"index":"index","follow":"follow","max-snippet":"max-snippet:-1","max-image-preview":"max-image-preview:large","max-video-preview":"max-video-preview:-1"},"canonical":"https:\/\/www.newsendip.com\/fr\/1-milliard-de-dollars-pour-aider-les-refugies-venezueliens\/","og_locale":"fr_FR","og_type":"article","og_title":"1,5 milliard de dollars pour aider les r\u00e9fugi\u00e9s v\u00e9n\u00e9zu\u00e9liens","og_description":"La communaut\u00e9 internationale s'est engag\u00e9e \u00e0 fournir 1,5 milliard de dollars pour aider les 5,6 millions de r\u00e9fugi\u00e9s v\u00e9n\u00e9zu\u00e9liens qui ont fui le pays depuis 2015. Le r\u00e9gime en place au Venezuela appelle cela une \"op\u00e9ration de propagande politique\".","og_url":"https:\/\/www.newsendip.com\/fr\/1-milliard-de-dollars-pour-aider-les-refugies-venezueliens\/","og_site_name":"Newsendip","article_publisher":"https:\/\/www.facebook.com\/newsendip","article_published_time":"2021-06-18T20:00:00+00:00","article_modified_time":"2024-07-23T15:50:44+00:00","og_image":[{"url":"https:\/\/www.newsendip.com\/wp-content\/uploads\/2021\/02\/logo.png","type":"","width":"","height":""}],"author":"Cl\u00e9ment V\u00e9rit\u00e9","twitter_card":"summary_large_image","twitter_creator":"@https:\/\/twitter.com\/cverite","twitter_site":"@newsendip","twitter_misc":{"\u00c9crit par":"Cl\u00e9ment V\u00e9rit\u00e9","Dur\u00e9e de lecture estim\u00e9e":"4 minutes"},"schema":{"@context":"https:\/\/schema.org","@graph":[{"@type":"NewsArticle","@id":"https:\/\/www.newsendip.com\/fr\/1-milliard-de-dollars-pour-aider-les-refugies-venezueliens\/#article","isPartOf":{"@id":"https:\/\/www.newsendip.com\/fr\/1-milliard-de-dollars-pour-aider-les-refugies-venezueliens\/"},"author":{"name":"Cl\u00e9ment V\u00e9rit\u00e9","@id":"https:\/\/www.newsendip.com\/fr\/#\/schema\/person\/ea22c01755f464a3cbc2c619584d6363"},"headline":"1,5 milliard de dollars pour aider les r\u00e9fugi\u00e9s v\u00e9n\u00e9zu\u00e9liens","datePublished":"2021-06-18T20:00:00+00:00","dateModified":"2024-07-23T15:50:44+00:00","mainEntityOfPage":{"@id":"https:\/\/www.newsendip.com\/fr\/1-milliard-de-dollars-pour-aider-les-refugies-venezueliens\/"},"wordCount":788,"publisher":{"@id":"https:\/\/www.newsendip.com\/fr\/#organization"},"image":{"@id":"https:\/\/www.newsendip.com\/fr\/1-milliard-de-dollars-pour-aider-les-refugies-venezueliens\/#primaryimage"},"thumbnailUrl":"https:\/\/www.newsendip.com\/wp-content\/uploads\/2021\/06\/colombia-venezuela-border-migrants-scaled.jpg","keywords":["V\u00e9n\u00e9zu\u00e9la","Vieux"],"articleSection":["Politique"],"inLanguage":"fr-FR","copyrightYear":"2021","copyrightHolder":{"@id":"https:\/\/www.newsendip.com\/#organization"}},{"@type":"WebPage","@id":"https:\/\/www.newsendip.com\/fr\/1-milliard-de-dollars-pour-aider-les-refugies-venezueliens\/","url":"https:\/\/www.newsendip.com\/fr\/1-milliard-de-dollars-pour-aider-les-refugies-venezueliens\/","name":"1,5 milliard de dollars pour aider les r\u00e9fugi\u00e9s v\u00e9n\u00e9zu\u00e9liens","isPartOf":{"@id":"https:\/\/www.newsendip.com\/fr\/#website"},"primaryImageOfPage":{"@id":"https:\/\/www.newsendip.com\/fr\/1-milliard-de-dollars-pour-aider-les-refugies-venezueliens\/#primaryimage"},"image":{"@id":"https:\/\/www.newsendip.com\/fr\/1-milliard-de-dollars-pour-aider-les-refugies-venezueliens\/#primaryimage"},"thumbnailUrl":"https:\/\/www.newsendip.com\/wp-content\/uploads\/2021\/06\/colombia-venezuela-border-migrants-scaled.jpg","datePublished":"2021-06-18T20:00:00+00:00","dateModified":"2024-07-23T15:50:44+00:00","description":"La communaut\u00e9 internationale s'est engag\u00e9e \u00e0 fournir 1,5 milliard de dollars pour aider les 5,6 millions de r\u00e9fugi\u00e9s v\u00e9n\u00e9zu\u00e9liens qui ont fui le pays depuis 2015. Le r\u00e9gime en place au Venezuela appelle cela une \"op\u00e9ration de propagande politique\".","breadcrumb":{"@id":"https:\/\/www.newsendip.com\/fr\/1-milliard-de-dollars-pour-aider-les-refugies-venezueliens\/#breadcrumb"},"inLanguage":"fr-FR","potentialAction":[{"@type":"ReadAction","target":["https:\/\/www.newsendip.com\/fr\/1-milliard-de-dollars-pour-aider-les-refugies-venezueliens\/"]}]},{"@type":"ImageObject","inLanguage":"fr-FR","@id":"https:\/\/www.newsendip.com\/fr\/1-milliard-de-dollars-pour-aider-les-refugies-venezueliens\/#primaryimage","url":"https:\/\/www.newsendip.com\/wp-content\/uploads\/2021\/06\/colombia-venezuela-border-migrants-scaled.jpg","contentUrl":"https:\/\/www.newsendip.com\/wp-content\/uploads\/2021\/06\/colombia-venezuela-border-migrants-scaled.jpg","width":2560,"height":1920,"caption":"Fronti\u00e8re entre la Colombie et le Venezuela. Environ 900 000 V\u00e9n\u00e9zu\u00e9liens sont pass\u00e9s en Colombie sans papiers depuis 2015 | Wilsanmo, 2010"},{"@type":"BreadcrumbList","@id":"https:\/\/www.newsendip.com\/fr\/1-milliard-de-dollars-pour-aider-les-refugies-venezueliens\/#breadcrumb","itemListElement":[{"@type":"ListItem","position":1,"name":"Accueil","item":"https:\/\/www.newsendip.com\/fr\/"},{"@type":"ListItem","position":2,"name":"1,5 milliard de dollars pour aider les r\u00e9fugi\u00e9s v\u00e9n\u00e9zu\u00e9liens"}]},{"@type":"WebSite","@id":"https:\/\/www.newsendip.com\/fr\/#website","url":"https:\/\/www.newsendip.com\/fr\/","name":"Newsendip","description":"Red\u00e9couvrez l&#039;actualit\u00e9 internationale","publisher":{"@id":"https:\/\/www.newsendip.com\/fr\/#organization"},"potentialAction":[{"@type":"SearchAction","target":{"@type":"EntryPoint","urlTemplate":"https:\/\/www.newsendip.com\/fr\/?s={search_term_string}"},"query-input":{"@type":"PropertyValueSpecification","valueRequired":true,"valueName":"search_term_string"}}],"inLanguage":"fr-FR"},{"@type":"Organization","@id":"https:\/\/www.newsendip.com\/fr\/#organization","name":"Newsendip","url":"https:\/\/www.newsendip.com\/fr\/","logo":{"@type":"ImageObject","inLanguage":"fr-FR","@id":"https:\/\/www.newsendip.com\/fr\/#\/schema\/logo\/image\/","url":"https:\/\/www.newsendip.com\/wp-content\/uploads\/2023\/12\/512x512.svg","contentUrl":"https:\/\/www.newsendip.com\/wp-content\/uploads\/2023\/12\/512x512.svg","width":1,"height":1,"caption":"Newsendip"},"image":{"@id":"https:\/\/www.newsendip.com\/fr\/#\/schema\/logo\/image\/"},"sameAs":["https:\/\/www.facebook.com\/newsendip","https:\/\/x.com\/newsendip","https:\/\/mastodon.social\/@newsendip","https:\/\/www.linkedin.com\/company\/newsendip"],"description":"Newsendip est un site qui a pour mission de rendre l'actualit\u00e9 internationale accessible et diversifi\u00e9e","email":"contact@newsendip.com","legalName":"Newsendip SAS","foundingDate":"2022-11-04","vatID":"FR60921124723","numberOfEmployees":{"@type":"QuantitativeValue","minValue":"1","maxValue":"10"},"publishingPrinciples":"https:\/\/www.newsendip.com\/about-us\/","ownershipFundingInfo":"https:\/\/www.newsendip.com\/legal-notice\/","actionableFeedbackPolicy":"https:\/\/www.newsendip.com\/about-us\/","correctionsPolicy":"https:\/\/www.newsendip.com\/about-us\/","ethicsPolicy":"https:\/\/www.newsendip.com\/about-us\/","diversityPolicy":"https:\/\/www.newsendip.com\/about-us\/"},{"@type":"Person","@id":"https:\/\/www.newsendip.com\/fr\/#\/schema\/person\/ea22c01755f464a3cbc2c619584d6363","name":"Cl\u00e9ment V\u00e9rit\u00e9","description":"Cl\u00e9ment is the executive editor and founder of Newsendip. He started in the media industry as a freelance reporter at 16 for a local French newspaper after school and has never left it. He later worked for seven years at The New York Times, notably as a data analyst. He holds a Master of Management in France and a Master of Arts in the United Kingdom in International Marketing &amp; Communications Strategy. He has lived in France, the United Kingdom, and Italy.","sameAs":["https:\/\/www.newsendip.com\/","https:\/\/www.linkedin.com\/in\/clementverite\/","https:\/\/x.com\/https:\/\/twitter.com\/cverite"],"knowsAbout":["News","International","Business","Media monitoring"],"knowsLanguage":["English","French","Italian","Spanish"],"url":"https:\/\/www.newsendip.com\/fr\/author\/clement-verite\/"}]}},"_links":{"self":[{"href":"https:\/\/www.newsendip.com\/fr\/wp-json\/wp\/v2\/posts\/19142","targetHints":{"allow":["GET"]}}],"collection":[{"href":"https:\/\/www.newsendip.com\/fr\/wp-json\/wp\/v2\/posts"}],"about":[{"href":"https:\/\/www.newsendip.com\/fr\/wp-json\/wp\/v2\/types\/post"}],"author":[{"embeddable":true,"href":"https:\/\/www.newsendip.com\/fr\/wp-json\/wp\/v2\/users\/1"}],"replies":[{"embeddable":true,"href":"https:\/\/www.newsendip.com\/fr\/wp-json\/wp\/v2\/comments?post=19142"}],"version-history":[{"count":0,"href":"https:\/\/www.newsendip.com\/fr\/wp-json\/wp\/v2\/posts\/19142\/revisions"}],"wp:featuredmedia":[{"embeddable":true,"href":"https:\/\/www.newsendip.com\/fr\/wp-json\/wp\/v2\/media\/13587"}],"wp:attachment":[{"href":"https:\/\/www.newsendip.com\/fr\/wp-json\/wp\/v2\/media?parent=19142"}],"wp:term":[{"taxonomy":"category","embeddable":true,"href":"https:\/\/www.newsendip.com\/fr\/wp-json\/wp\/v2\/categories?post=19142"},{"taxonomy":"post_tag","embeddable":true,"href":"https:\/\/www.newsendip.com\/fr\/wp-json\/wp\/v2\/tags?post=19142"}],"curies":[{"name":"wp","href":"https:\/\/api.w.org\/{rel}","templated":true}]}}