{"id":19157,"date":"2021-06-16T15:00:00","date_gmt":"2021-06-16T13:00:00","guid":{"rendered":"https:\/\/www.newsendip.com\/?p=19157"},"modified":"2024-07-23T17:55:19","modified_gmt":"2024-07-23T15:55:19","slug":"twitter-deviendra-t-il-responsable-de-son-contenu-en-inde","status":"publish","type":"post","link":"https:\/\/www.newsendip.com\/fr\/twitter-deviendra-t-il-responsable-de-son-contenu-en-inde\/","title":{"rendered":"Twitter deviendra-t-il responsable de son contenu en&nbsp;Inde\u202f?"},"content":{"rendered":"<p><strong>La nouvelle loi sur le num\u00e9rique de l\u2019Inde pourrait conduire Twitter et d\u2019autres r\u00e9seaux sociaux devant les tribunaux pour les rendre responsables du contenu publi\u00e9 sur leurs plateformes en&nbsp;Inde.<\/strong><\/p>\n<figure id=\"attachment_13581\" aria-describedby=\"caption-attachment-13581\" style=\"width: 640px\" class=\"wp-caption aligncenter\"><img decoding=\"async\" class=\"wp-image-13581 size-full\" src=\"https:\/\/www.newsendip.com\/wp-content\/uploads\/2021\/06\/twitter-india-social-media-publisher.jpg\" alt=\"r\u00e9seaux sociaux\" width=\"640\" height=\"427\" srcset=\"https:\/\/www.newsendip.com\/wp-content\/uploads\/2021\/06\/twitter-india-social-media-publisher.jpg 640w, https:\/\/www.newsendip.com\/wp-content\/uploads\/2021\/06\/twitter-india-social-media-publisher-60x40.jpg 60w, https:\/\/www.newsendip.com\/wp-content\/uploads\/2021\/06\/twitter-india-social-media-publisher-300x200.jpg 300w\" sizes=\"(max-width: 640px) 100vw, 640px\"><figcaption id=\"caption-attachment-13581\" class=\"wp-caption-text\">En ne respectant pas la r\u00e8gle IT, un tribunal indien pourrait rendre Twitter responsable des contenus publi\u00e9s sur la plateforme<\/figcaption><\/figure>\n<p>La nouvelle r\u00e8gle IT, entr\u00e9e en vigueur le 25 mai, vise \u00e0 r\u00e9glementer les r\u00e9seaux sociaux en&nbsp;Inde.<\/p>\n<p>L\u2019une des cons\u00e9quences du non-respect de la loi est la perte de la \u00ab\u202f<em>sph\u00e8re de s\u00e9curit\u00e9<\/em>\u202f\u00bb, une protection juridique consid\u00e9rant les r\u00e9seaux sociaux comme des plateformes interm\u00e9diaires. Sans cette protection, les r\u00e9seaux sociaux seraient consid\u00e9r\u00e9s comme des \u00e9diteurs de contenu et pourraient \u00eatre traduits en justice et <a href=\"https:\/\/www.newsendip.com\/fr\/laustralie-veut-rendre-les-reseaux-sociaux-potentiellement-responsables-des-contenus-publies\/\">tenus pour responsables des tweets ou des messages<\/a> que certaines personnes mettent en ligne dessus.<\/p>\n<p>La loi exige des plateformes num\u00e9riques qu\u2019elles d\u00e9signent un <strong>responsable des plaintes, un agent nodal (un r\u00e9f\u00e9rent) et un responsable de la conformit\u00e9 bas\u00e9s en Inde<\/strong>. Mais Twitter ne l\u2019a pas fait. Les plateformes ont justifi\u00e9 que la pand\u00e9mie avait rendu le recrutement difficile depuis qu\u2019elles ont \u00e9t\u00e9 notifi\u00e9es de le faire le 25 f\u00e9vrier.<\/p>\n<p><a href=\"https:\/\/www.newsendip.com\/fr\/twitter-estime-que-la-loi-allemande-contre-les-discours-haineux-oblige-a-partager-des-donnees-personnelles-inutilement\/\">Twitter<\/a> \u00ab\u202f<em>a d\u00e9lib\u00e9r\u00e9ment choisi la voie de la non-conformit\u00e9<\/em>\u202f\u00bb, a \u00e9crit le 16 juin Ravi Shankar Prasad, le ministre de l\u2019\u00e9lectronique et du num\u00e9rique, <a href=\"https:\/\/twitter.com\/rsprasad\/status\/1405043039643467776\">\u00e0 la fois sur Twitter<\/a> et sur son concurrent indien, Koo. Le 15 juin, la soci\u00e9t\u00e9 a indiqu\u00e9 qu\u2019elle avait nomm\u00e9 un responsable de la conformit\u00e9 par int\u00e9rim, qui serait annonc\u00e9 dans le courant de la semaine prochaine.<\/p>\n<p>En perdant la protection juridique d\u2019interm\u00e9diaire, la sph\u00e8re de s\u00e9curit\u00e9, <strong>Twitter peut \u00eatre consid\u00e9r\u00e9 comme un \u00e9diteur et donc \u00eatre tenu responsable du contenu publi\u00e9 sur sa plateforme<\/strong>. Il faudrait cependant une d\u00e9cision de justice pour en d\u00e9cider.<\/p>\n<h2>Des relations entre l\u2019Inde et les r\u00e9seaux sociaux mouvement\u00e9es derni\u00e8rement<\/h2>\n<p><!--more--><\/p>\n<p>La premiere occasion de la faire pourrait \u00eatre le rapport de police qui cite Twitter, en \u00ab\u202f<em>provoquant des sentiments communautaires<\/em>\u202f\u00bb \u00e0 propos d\u2019un incident dans l\u2019\u00c9tat d\u2019Uttar Pradesh. La police affirme qu\u2019un vieil homme a \u00e9t\u00e9 agress\u00e9 par six personnes m\u00e9contentes des amulettes qu\u2019il avait vendues. Le vieil homme a pr\u00e9sent\u00e9 l\u2019incident comme <strong>une attaque contre sa religion, ce qui a ensuite \u00e9t\u00e9 partag\u00e9 et relay\u00e9 sur Twitter<\/strong>.<\/p>\n<p>Plus t\u00f4t en mai, le si\u00e8ge indien de Twitter fut visit\u00e9 par la police apr\u00e8s que l\u2019entreprise eut appos\u00e9 la mention \u00ab\u202f<em>m\u00e9dias trompeurs<\/em>\u202f\u00bb \u00e0 c\u00f4t\u00e9 du tweet d\u2019un politique membre du parti au pouvoir, qui avait partag\u00e9 un faux document. Le ministre du num\u00e9rique estime que Twitter \u00ab\u202f<em>choisit une politique de signalement des m\u00e9dias trompeurs uniquement en fonction de ce qui lui pla\u00eet et d\u00e9pla\u00eet<\/em>\u202f\u00bb.<\/p>\n<p>En avril, le gouvernement a exig\u00e9 de Twitter, Facebook et Instagram qu\u2019ils suppriment les messages critiquant la gestion de la pand\u00e9mie, car cela g\u00e9n\u00e9rait la panique dans la population. En f\u00e9vrier, il a demand\u00e9 \u00e0 Twitter de bloquer pr\u00e8s de 500 comptes pendant <a href=\"https:\/\/www.newsendip.com\/fr\/comment-linde-utilise-lacces-a-internet-comme-outil-politique\/\">les manifestations des agriculteurs<\/a>.<\/p>\n<p>La loi impose \u00e9galement de <strong>supprimer des contenus dans les 36 heures suivant une demande des autorit\u00e9s<\/strong>, de d\u00e9tecter et de supprimer automatiquement les contenus pornographiques, ou encore d\u2019identifier la personne qui a partag\u00e9 en premier un message lorsque les autorit\u00e9s le demandent.<\/p>\n<p>En mai, WhatsApp a intent\u00e9 une action en justice devant la Haute Cour de Delhi contre le gouvernement pour violation du <a href=\"https:\/\/www.newsendip.com\/fr\/lotage-dun-apple-store-a-amsterdam-demande-le-respect-de-sa-vie-privee\/\">droit \u00e0 la vie priv\u00e9e<\/a>, car elle obligerait l\u2019application de messagerie \u00e0 stocker toutes les donn\u00e9es des utilisateurs en cas de demande. \u00c0 ce jour, WhatsApp n\u2019a pas perdu son statut d\u2019interm\u00e9diaire.<\/p>\n<p><strong><a href=\"https:\/\/www.newsendip.com\/fr\/etiquette\/inde\/\">D\u00e9couvrez plus d\u2019actualit\u00e9s sur l\u2019Inde<\/a><\/strong><\/p>\n","protected":false},"excerpt":{"rendered":"<p>La nouvelle r\u00e8gle informatique de l\u2019Inde pourrait conduire Twitter et d\u2019autres r\u00e9seaux sociaux devant les tribunaux pour les rendre responsables du contenu publi\u00e9 sur leurs plateformes en&nbsp;Inde.<\/p>\n","protected":false},"author":1,"featured_media":13581,"comment_status":"closed","ping_status":"closed","sticky":false,"template":"","format":"standard","meta":{"wp_typography_post_enhancements_disabled":false,"footnotes":""},"categories":[414],"tags":[446,421],"class_list":["post-19157","post","type-post","status-publish","format-standard","has-post-thumbnail","hentry","category-economie","tag-inde","tag-vieux"],"yoast_head":"<!-- This site is optimized with the Yoast SEO Premium plugin v27.4 (Yoast SEO v27.4) - https:\/\/yoast.com\/product\/yoast-seo-premium-wordpress\/ -->\n<title>Twitter deviendra-t-il responsable de son contenu en Inde ?<\/title>\n<meta name=\"description\" content=\"La nouvelle r\u00e8gle informatique de l&#039;Inde pourrait conduire Twitter et d&#039;autres r\u00e9seaux sociaux devant les tribunaux pour les rendre responsables du contenu publi\u00e9 sur leurs plateformes en Inde.\" \/>\n<meta name=\"robots\" content=\"index, follow, max-snippet:-1, max-image-preview:large, max-video-preview:-1\" \/>\n<link rel=\"canonical\" href=\"https:\/\/www.newsendip.com\/fr\/twitter-deviendra-t-il-responsable-de-son-contenu-en-inde\/\" \/>\n<meta property=\"og:locale\" content=\"fr_FR\" \/>\n<meta property=\"og:type\" content=\"article\" \/>\n<meta property=\"og:title\" content=\"Twitter deviendra-t-il responsable de son contenu en Inde ?\" \/>\n<meta property=\"og:description\" content=\"La nouvelle r\u00e8gle informatique de l&#039;Inde pourrait conduire Twitter et d&#039;autres r\u00e9seaux sociaux devant les tribunaux pour les rendre responsables du contenu publi\u00e9 sur leurs plateformes en Inde.\" \/>\n<meta property=\"og:url\" content=\"https:\/\/www.newsendip.com\/fr\/twitter-deviendra-t-il-responsable-de-son-contenu-en-inde\/\" \/>\n<meta property=\"og:site_name\" content=\"Newsendip\" \/>\n<meta property=\"article:publisher\" content=\"https:\/\/www.facebook.com\/newsendip\" \/>\n<meta property=\"article:published_time\" content=\"2021-06-16T13:00:00+00:00\" \/>\n<meta property=\"article:modified_time\" content=\"2024-07-23T15:55:19+00:00\" \/>\n<meta property=\"og:image\" content=\"https:\/\/www.newsendip.com\/wp-content\/uploads\/2021\/02\/logo.png\" \/>\n<meta name=\"author\" content=\"Cl\u00e9ment V\u00e9rit\u00e9\" \/>\n<meta name=\"twitter:card\" content=\"summary_large_image\" \/>\n<meta name=\"twitter:creator\" content=\"@https:\/\/twitter.com\/cverite\" \/>\n<meta name=\"twitter:site\" content=\"@newsendip\" \/>\n<meta name=\"twitter:label1\" content=\"\u00c9crit par\" \/>\n\t<meta name=\"twitter:data1\" content=\"Cl\u00e9ment V\u00e9rit\u00e9\" \/>\n\t<meta name=\"twitter:label2\" content=\"Dur\u00e9e de lecture estim\u00e9e\" \/>\n\t<meta name=\"twitter:data2\" content=\"3 minutes\" \/>\n<!-- \/ Yoast SEO Premium plugin. -->","yoast_head_json":{"title":"Twitter deviendra-t-il responsable de son contenu en Inde ?","description":"La nouvelle r\u00e8gle informatique de l'Inde pourrait conduire Twitter et d'autres r\u00e9seaux sociaux devant les tribunaux pour les rendre responsables du contenu publi\u00e9 sur leurs plateformes en Inde.","robots":{"index":"index","follow":"follow","max-snippet":"max-snippet:-1","max-image-preview":"max-image-preview:large","max-video-preview":"max-video-preview:-1"},"canonical":"https:\/\/www.newsendip.com\/fr\/twitter-deviendra-t-il-responsable-de-son-contenu-en-inde\/","og_locale":"fr_FR","og_type":"article","og_title":"Twitter deviendra-t-il responsable de son contenu en Inde ?","og_description":"La nouvelle r\u00e8gle informatique de l'Inde pourrait conduire Twitter et d'autres r\u00e9seaux sociaux devant les tribunaux pour les rendre responsables du contenu publi\u00e9 sur leurs plateformes en Inde.","og_url":"https:\/\/www.newsendip.com\/fr\/twitter-deviendra-t-il-responsable-de-son-contenu-en-inde\/","og_site_name":"Newsendip","article_publisher":"https:\/\/www.facebook.com\/newsendip","article_published_time":"2021-06-16T13:00:00+00:00","article_modified_time":"2024-07-23T15:55:19+00:00","og_image":[{"url":"https:\/\/www.newsendip.com\/wp-content\/uploads\/2021\/02\/logo.png","type":"","width":"","height":""}],"author":"Cl\u00e9ment V\u00e9rit\u00e9","twitter_card":"summary_large_image","twitter_creator":"@https:\/\/twitter.com\/cverite","twitter_site":"@newsendip","twitter_misc":{"\u00c9crit par":"Cl\u00e9ment V\u00e9rit\u00e9","Dur\u00e9e de lecture estim\u00e9e":"3 minutes"},"schema":{"@context":"https:\/\/schema.org","@graph":[{"@type":"NewsArticle","@id":"https:\/\/www.newsendip.com\/fr\/twitter-deviendra-t-il-responsable-de-son-contenu-en-inde\/#article","isPartOf":{"@id":"https:\/\/www.newsendip.com\/fr\/twitter-deviendra-t-il-responsable-de-son-contenu-en-inde\/"},"author":{"name":"Cl\u00e9ment V\u00e9rit\u00e9","@id":"https:\/\/www.newsendip.com\/fr\/#\/schema\/person\/ea22c01755f464a3cbc2c619584d6363"},"headline":"Twitter deviendra-t-il responsable de son contenu en&nbsp;Inde\u202f?","datePublished":"2021-06-16T13:00:00+00:00","dateModified":"2024-07-23T15:55:19+00:00","mainEntityOfPage":{"@id":"https:\/\/www.newsendip.com\/fr\/twitter-deviendra-t-il-responsable-de-son-contenu-en-inde\/"},"wordCount":667,"publisher":{"@id":"https:\/\/www.newsendip.com\/fr\/#organization"},"image":{"@id":"https:\/\/www.newsendip.com\/fr\/twitter-deviendra-t-il-responsable-de-son-contenu-en-inde\/#primaryimage"},"thumbnailUrl":"https:\/\/www.newsendip.com\/wp-content\/uploads\/2021\/06\/twitter-india-social-media-publisher.jpg","keywords":["Inde","Vieux"],"articleSection":["\u00c9conomie"],"inLanguage":"fr-FR","copyrightYear":"2021","copyrightHolder":{"@id":"https:\/\/www.newsendip.com\/#organization"}},{"@type":"WebPage","@id":"https:\/\/www.newsendip.com\/fr\/twitter-deviendra-t-il-responsable-de-son-contenu-en-inde\/","url":"https:\/\/www.newsendip.com\/fr\/twitter-deviendra-t-il-responsable-de-son-contenu-en-inde\/","name":"Twitter deviendra-t-il responsable de son contenu en Inde ?","isPartOf":{"@id":"https:\/\/www.newsendip.com\/fr\/#website"},"primaryImageOfPage":{"@id":"https:\/\/www.newsendip.com\/fr\/twitter-deviendra-t-il-responsable-de-son-contenu-en-inde\/#primaryimage"},"image":{"@id":"https:\/\/www.newsendip.com\/fr\/twitter-deviendra-t-il-responsable-de-son-contenu-en-inde\/#primaryimage"},"thumbnailUrl":"https:\/\/www.newsendip.com\/wp-content\/uploads\/2021\/06\/twitter-india-social-media-publisher.jpg","datePublished":"2021-06-16T13:00:00+00:00","dateModified":"2024-07-23T15:55:19+00:00","description":"La nouvelle r\u00e8gle informatique de l'Inde pourrait conduire Twitter et d'autres r\u00e9seaux sociaux devant les tribunaux pour les rendre responsables du contenu publi\u00e9 sur leurs plateformes en Inde.","breadcrumb":{"@id":"https:\/\/www.newsendip.com\/fr\/twitter-deviendra-t-il-responsable-de-son-contenu-en-inde\/#breadcrumb"},"inLanguage":"fr-FR","potentialAction":[{"@type":"ReadAction","target":["https:\/\/www.newsendip.com\/fr\/twitter-deviendra-t-il-responsable-de-son-contenu-en-inde\/"]}]},{"@type":"ImageObject","inLanguage":"fr-FR","@id":"https:\/\/www.newsendip.com\/fr\/twitter-deviendra-t-il-responsable-de-son-contenu-en-inde\/#primaryimage","url":"https:\/\/www.newsendip.com\/wp-content\/uploads\/2021\/06\/twitter-india-social-media-publisher.jpg","contentUrl":"https:\/\/www.newsendip.com\/wp-content\/uploads\/2021\/06\/twitter-india-social-media-publisher.jpg","width":640,"height":427,"caption":"En ne respectant pas la r\u00e8gle IT, un tribunal indien pourrait rendre Twitter responsable des contenus publi\u00e9s sur la plateforme"},{"@type":"BreadcrumbList","@id":"https:\/\/www.newsendip.com\/fr\/twitter-deviendra-t-il-responsable-de-son-contenu-en-inde\/#breadcrumb","itemListElement":[{"@type":"ListItem","position":1,"name":"Accueil","item":"https:\/\/www.newsendip.com\/fr\/"},{"@type":"ListItem","position":2,"name":"Twitter deviendra-t-il responsable de son contenu en Inde ?"}]},{"@type":"WebSite","@id":"https:\/\/www.newsendip.com\/fr\/#website","url":"https:\/\/www.newsendip.com\/fr\/","name":"Newsendip","description":"Red\u00e9couvrez l&#039;actualit\u00e9 internationale","publisher":{"@id":"https:\/\/www.newsendip.com\/fr\/#organization"},"potentialAction":[{"@type":"SearchAction","target":{"@type":"EntryPoint","urlTemplate":"https:\/\/www.newsendip.com\/fr\/?s={search_term_string}"},"query-input":{"@type":"PropertyValueSpecification","valueRequired":true,"valueName":"search_term_string"}}],"inLanguage":"fr-FR"},{"@type":"Organization","@id":"https:\/\/www.newsendip.com\/fr\/#organization","name":"Newsendip","url":"https:\/\/www.newsendip.com\/fr\/","logo":{"@type":"ImageObject","inLanguage":"fr-FR","@id":"https:\/\/www.newsendip.com\/fr\/#\/schema\/logo\/image\/","url":"https:\/\/www.newsendip.com\/wp-content\/uploads\/2023\/12\/512x512.svg","contentUrl":"https:\/\/www.newsendip.com\/wp-content\/uploads\/2023\/12\/512x512.svg","width":1,"height":1,"caption":"Newsendip"},"image":{"@id":"https:\/\/www.newsendip.com\/fr\/#\/schema\/logo\/image\/"},"sameAs":["https:\/\/www.facebook.com\/newsendip","https:\/\/x.com\/newsendip","https:\/\/mastodon.social\/@newsendip","https:\/\/www.linkedin.com\/company\/newsendip"],"description":"Newsendip est un site qui a pour mission de rendre l'actualit\u00e9 internationale accessible et diversifi\u00e9e","email":"contact@newsendip.com","legalName":"Newsendip SAS","foundingDate":"2022-11-04","vatID":"FR60921124723","numberOfEmployees":{"@type":"QuantitativeValue","minValue":"1","maxValue":"10"},"publishingPrinciples":"https:\/\/www.newsendip.com\/about-us\/","ownershipFundingInfo":"https:\/\/www.newsendip.com\/legal-notice\/","actionableFeedbackPolicy":"https:\/\/www.newsendip.com\/about-us\/","correctionsPolicy":"https:\/\/www.newsendip.com\/about-us\/","ethicsPolicy":"https:\/\/www.newsendip.com\/about-us\/","diversityPolicy":"https:\/\/www.newsendip.com\/about-us\/"},{"@type":"Person","@id":"https:\/\/www.newsendip.com\/fr\/#\/schema\/person\/ea22c01755f464a3cbc2c619584d6363","name":"Cl\u00e9ment V\u00e9rit\u00e9","description":"Cl\u00e9ment is the executive editor and founder of Newsendip. He started in the media industry as a freelance reporter at 16 for a local French newspaper after school and has never left it. He later worked for seven years at The New York Times, notably as a data analyst. He holds a Master of Management in France and a Master of Arts in the United Kingdom in International Marketing &amp; Communications Strategy. He has lived in France, the United Kingdom, and Italy.","sameAs":["https:\/\/www.newsendip.com\/","https:\/\/www.linkedin.com\/in\/clementverite\/","https:\/\/x.com\/https:\/\/twitter.com\/cverite"],"knowsAbout":["News","International","Business","Media monitoring"],"knowsLanguage":["English","French","Italian","Spanish"],"url":"https:\/\/www.newsendip.com\/fr\/author\/clement-verite\/"}]}},"_links":{"self":[{"href":"https:\/\/www.newsendip.com\/fr\/wp-json\/wp\/v2\/posts\/19157","targetHints":{"allow":["GET"]}}],"collection":[{"href":"https:\/\/www.newsendip.com\/fr\/wp-json\/wp\/v2\/posts"}],"about":[{"href":"https:\/\/www.newsendip.com\/fr\/wp-json\/wp\/v2\/types\/post"}],"author":[{"embeddable":true,"href":"https:\/\/www.newsendip.com\/fr\/wp-json\/wp\/v2\/users\/1"}],"replies":[{"embeddable":true,"href":"https:\/\/www.newsendip.com\/fr\/wp-json\/wp\/v2\/comments?post=19157"}],"version-history":[{"count":0,"href":"https:\/\/www.newsendip.com\/fr\/wp-json\/wp\/v2\/posts\/19157\/revisions"}],"wp:featuredmedia":[{"embeddable":true,"href":"https:\/\/www.newsendip.com\/fr\/wp-json\/wp\/v2\/media\/13581"}],"wp:attachment":[{"href":"https:\/\/www.newsendip.com\/fr\/wp-json\/wp\/v2\/media?parent=19157"}],"wp:term":[{"taxonomy":"category","embeddable":true,"href":"https:\/\/www.newsendip.com\/fr\/wp-json\/wp\/v2\/categories?post=19157"},{"taxonomy":"post_tag","embeddable":true,"href":"https:\/\/www.newsendip.com\/fr\/wp-json\/wp\/v2\/tags?post=19157"}],"curies":[{"name":"wp","href":"https:\/\/api.w.org\/{rel}","templated":true}]}}