{"id":19175,"date":"2022-02-07T13:47:17","date_gmt":"2022-02-07T12:47:17","guid":{"rendered":"https:\/\/www.newsendip.com\/?p=19175"},"modified":"2024-07-16T23:37:01","modified_gmt":"2024-07-16T21:37:01","slug":"en-inde-dissensions-entre-etudiants-portant-le-hijab-ou-un-chale-couleur-safran-nationaliste","status":"publish","type":"post","link":"https:\/\/www.newsendip.com\/fr\/en-inde-dissensions-entre-etudiants-portant-le-hijab-ou-un-chale-couleur-safran-nationaliste\/","title":{"rendered":"En Inde, dissensions entre \u00e9tudiants portant le hijab ou un ch\u00e2le couleur safran nationaliste"},"content":{"rendered":"<p><strong>Certaines \u00e9tudiantes portant le hijab veulent pouvoir assister aux cours dans les universit\u00e9s de l\u2019\u00c9tat du Karnataka, mais d\u2019autres \u00e9tudiants montrent leur d\u00e9saccord en portant des foulards couleur safran.<br>\n<\/strong><\/p>\n<figure id=\"attachment_14028\" aria-describedby=\"caption-attachment-14028\" style=\"width: 1024px\" class=\"wp-caption aligncenter\"><img decoding=\"async\" class=\"wp-image-14028 size-large\" src=\"https:\/\/www.newsendip.com\/wp-content\/uploads\/2022\/02\/Karnataka-hijab-college-controversy-saffron-scarf-1024x569.webp\" alt=\"\u00c9tudiantes du Karnataka portant le hijab\" width=\"1024\" height=\"569\" srcset=\"https:\/\/www.newsendip.com\/wp-content\/uploads\/2022\/02\/Karnataka-hijab-college-controversy-saffron-scarf-1024x569.webp 1024w, https:\/\/www.newsendip.com\/wp-content\/uploads\/2022\/02\/Karnataka-hijab-college-controversy-saffron-scarf-60x33.webp 60w, https:\/\/www.newsendip.com\/wp-content\/uploads\/2022\/02\/Karnataka-hijab-college-controversy-saffron-scarf-300x167.webp 300w, https:\/\/www.newsendip.com\/wp-content\/uploads\/2022\/02\/Karnataka-hijab-college-controversy-saffron-scarf-768x427.webp 768w, https:\/\/www.newsendip.com\/wp-content\/uploads\/2022\/02\/Karnataka-hijab-college-controversy-saffron-scarf.webp 1200w\" sizes=\"(max-width: 1024px) 100vw, 1024px\"><figcaption id=\"caption-attachment-14028\" class=\"wp-caption-text\">\u00c9tudiantes du Karnataka portant le hijab qui discutent avec un membre du corps enseignant |&nbsp;PTI<\/figcaption><\/figure>\n<p>En Inde, six jeunes \u00e9tudiantes musulmanes ont saisi la Haute Cour de l\u2019\u00c9tat du Karnataka affirmant qu\u2019on leur interdisait d\u2019\u00e9tudier en portant le hijab. Cette situation a suscit\u00e9 des protestations de la part d\u2019\u00e9tudiants et est devenue une question politique.<\/p>\n<p>Le Karnataka est un \u00c9tat du sud-ouest de l\u2019Inde qui compte 64 millions d\u2019habitants et dont la capitale est Bengaluru.<\/p>\n<p>Le 7 f\u00e9vrier fut une nouvelle journ\u00e9e d\u2019agitation dans les \u00e9tablissements d\u2019\u00e9tudes sup\u00e9rieures au sujet des restrictions concernant le&nbsp;hijab.<\/p>\n<p>L\u2019\u00e9tablissement pr\u00e9-universitaire public de la ville de Kundapur dans le district d\u2019Udipi a d\u00e9cid\u00e9 d\u2019autoriser les jeunes \u00e9tudiantes portant le hijab sur le campus.<\/p>\n<p>Mais c\u2019\u00e9tait pour \u00eatre install\u00e9es dans une salle de classe s\u00e9par\u00e9e o\u00f9 elles n\u2019ont assist\u00e9 \u00e0 aucun cours. Apr\u00e8s plusieurs jours de protestation devant les grilles, elles ont finalement \u00e9t\u00e9 accept\u00e9es afin d\u2019\u00e9viter \u00ab\u202f<em>les attroupements devant les grilles<\/em>\u202f\u00bb, selon <a href=\"https:\/\/www.ndtv.com\/karnataka-news\/hijab-wearing-karnataka-students-allowed-in-but-separate-classrooms-no-lessons-2753461\">les responsables de l\u2019\u00e9tablissement<\/a>. Le directeur a assur\u00e9 que les femmes pourraient assister aux cours si elles retiraient leur hijab, ce qu\u2019elles ont refus\u00e9 de&nbsp;faire.<\/p>\n<p>Dans une autre universit\u00e9s, les \u00e9tudiantes ont \u00e9t\u00e9 renvoy\u00e9es chez&nbsp;elles.<\/p>\n<p>\u00c0 Chikmagalur, <a href=\"https:\/\/thehindustangazette.com\/national\/karnataka\/dalit-and-backward-communities-students-staged-a-blue-shawl-protest-to-support-hijabi-girls-8158\">certains \u00e9tudiants portaient des ch\u00e2les bleus<\/a> en soutien aux femmes portant le hijab. Le bleu est une couleur repr\u00e9sentant la r\u00e9sistance parmi les Dalits, la population parmi les castes les plus basses de l\u2019Inde, autrefois connue sous le nom d\u201d\u202f\u202f\u00bb<em>intouchables<\/em>\u202f\u00bb.<\/p>\n<p>Certains directeurs ont d\u00e9cid\u00e9 de fermer pour \u00e9viter les probl\u00e8mes entre \u00e9l\u00e8ves et ont pr\u00e9f\u00e9r\u00e9 attendre la d\u00e9cision de la Haute&nbsp;Cour.<\/p>\n<h2>Des \u00e9tudiantes portant le hijab emp\u00each\u00e9es d\u2019\u00e9tudier dans certaines universit\u00e9s du Karnataka<\/h2>\n<p><!--more--><\/p>\n<p>Les manifestations pour le hijab ont commenc\u00e9 en d\u00e9cembre lorsque six \u00e9tudiantes musulmanes d\u2019un \u00e9tablissement pr\u00e9-universitaire public du district d\u2019Udupi ont affirm\u00e9 qu\u2019on leur avait interdit de suivre les cours en portant le foulard. Elles ont saisi la Haute Cour le 31 janvier.<\/p>\n<p>En Inde, les enfants portent un uniforme dans les \u00e9coles publiques et priv\u00e9es. Les \u00e9tablissements pr\u00e9-universitaires ont aussi un code vestimentaire en g\u00e9n\u00e9ral. Les \u00e9tudiants de ces \u00e9tablissements ont approximativement entre 18 et 20&nbsp;ans.<\/p>\n<p>En r\u00e9action \u00e0 la controverse sur le hijab, des centaines de gar\u00e7ons et de filles sont entr\u00e9s en classe en portant un foulard safran sur l\u2019\u00e9paule dans le Karnataka.<\/p>\n<p>La couleur safran est un symbole de courage et de sacrifice utilis\u00e9 pendant le mouvement d\u2019ind\u00e9pendance de l\u2019Inde. Elle fut incluse dans le drapeau national de l\u2019Inde apr\u00e8s son ind\u00e9pendance en&nbsp;1947.<\/p>\n<p><strong>Le safran est aussi la couleur du Bharatiya Janata Party<\/strong>, un parti nationaliste hindou. C\u2019est le parti du premier ministre indien Narendra Modi.<\/p>\n<h2>Le gouvernement du Karnataka interdit le hijab dans les universit\u00e9s<\/h2>\n<p>La couleur safran est si politiquement teint\u00e9e que le n\u00e9ologisme <em>safranisation<\/em> d\u00e9signe les politiques de droite mettant en \u0153uvre un programme nationaliste hindou et une tentative de glorifier les hindous.<\/p>\n<p>La question du hijab a rapidement fait les gros titres dans toute l\u2019Inde et est devenue un sujet de conflit politique entre les partis.<\/p>\n<p>Pour le gouvernement du Karnataka, dirig\u00e9 par le BJP, certains \u00ab\u202f<em>gar\u00e7ons et filles ont commenc\u00e9 \u00e0 se comporter selon leur religion, ce qui nuit \u00e0 l\u2019\u00e9galit\u00e9 et \u00e0 l\u2019unit\u00e9<\/em>\u202f\u00bb des \u00e9tablissements d\u2019<a href=\"https:\/\/www.newsendip.com\/fr\/le-gouvernement-britannique-annonce-une-refonte-des-prets-etudiants\/\">enseignement<\/a>.<\/p>\n<p>Mais pour Siddaramaiah, leader de l\u2019opposition au Karnataka, la constitution indienne permet de pratiquer n\u2019importe quelle religion, et, interdire aux \u00e9l\u00e8ves portant le hijab d\u2019entrer dans les \u00e9coles constitue une \u00ab\u202f<em>violation des droits fondamentaux<\/em>\u202f\u00bb. La parlementaire du Karnataka <a href=\"https:\/\/www.hindustantimes.com\/india-news\/hijab-row-cong-mla-dares-govt-to-bar-her-from-house-as-edu-dept-issues-order-101644116390410.html\">Kaneez Fatima<\/a>, qui porte le hijab \u00e0 l\u2019Assembl\u00e9e, sugg\u00e8re aux \u00e9tudiantes de changer la couleur de l\u2019accessoire pour correspondre au code vestimentaire, mais a d\u00e9clar\u00e9 qu\u2019<strong>elles ne pouvaient pas compl\u00e8tement abandonner le hijab<\/strong>.<\/p>\n<p>Le <a href=\"https:\/\/www.ndtv.com\/karnataka-news\/no-one-should-come-to-school-for-practicing-their-religion-karnataka-home-minister-2747463\">ministre de l\u2019Int\u00e9rieur du Karnataka Araga Jnanendra<\/a> a d\u00e9clar\u00e9 le 3 f\u00e9vrier qu\u201d\u202f\u202f\u00bb<em><strong>aucun \u00e9tudiant ne devrait porter le hijab ou le ch\u00e2le safran dans les \u00e9tablissements scolaires<\/strong>, ils devraient suivre les r\u00e8gles \u00e9tablies par les comit\u00e9s de gestion des \u00e9coles<\/em>\u202f\u00bb.<\/p>\n<p>Le 5 f\u00e9vrier, le gouvernement a donc interdit les v\u00eatements qui \u00ab\u202f<em>perturbent l\u2019\u00e9galit\u00e9, l\u2019int\u00e9grit\u00e9 et l\u2019<a href=\"https:\/\/www.newsendip.com\/fr\/comment-linde-utilise-lacces-a-internet-comme-outil-politique\/\">ordre public<\/a><\/em>\u202f\u00bb. Les \u00e9tudiants dans les \u00e9tablissements publics doivent se conformer \u00e0 l\u2019uniforme stipul\u00e9 par le gouvernement et les \u00e9tudiants des \u00e9tablissements priv\u00e9s doivent suivre le code vestimentaire d\u00e9cid\u00e9 par la direction de l\u2019\u00e9cole.<\/p>\n<p>Mais les dissensions ne se sont pas arr\u00eat\u00e9es l\u00e0 puisque lundi, les cours \u00e9taient toujours perturb\u00e9s par le&nbsp;sujet.<\/p>\n<p>La Haute Cour entendra les p\u00e9titions d\u00e9pos\u00e9es par les six femmes pour d\u00e9fendre le port du hijab le 8 f\u00e9vrier.<\/p>\n<p><a href=\"https:\/\/www.newsendip.com\/fr\/etiquette\/inde\/\"><strong>D\u00e9couvrez plus d\u2019actualit\u00e9s sur l\u2019Inde<\/strong><\/a><\/p>\n","protected":false},"excerpt":{"rendered":"<p>Certaines \u00e9tudiantes portant le hijab veulent pouvoir assister aux cours dans les universit\u00e9s de l\u2019\u00c9tat du Karnataka, mais d\u2019autres \u00e9tudiants montrent leur d\u00e9saccord en portant des foulards couleur safran.<\/p>\n","protected":false},"author":1,"featured_media":14028,"comment_status":"closed","ping_status":"closed","sticky":false,"template":"","format":"standard","meta":{"wp_typography_post_enhancements_disabled":false,"footnotes":""},"categories":[409],"tags":[446,421],"class_list":["post-19175","post","type-post","status-publish","format-standard","has-post-thumbnail","hentry","category-societe","tag-inde","tag-vieux"],"yoast_head":"<!-- This site is optimized with the Yoast SEO Premium plugin v27.4 (Yoast SEO v27.4) - https:\/\/yoast.com\/product\/yoast-seo-premium-wordpress\/ -->\n<title>En Inde, dissensions entre \u00e9tudiants portant le hijab ou un ch\u00e2le couleur safran nationaliste<\/title>\n<meta name=\"description\" content=\"Certaines \u00e9tudiantes portant le hijab veulent pouvoir assister aux cours dans les universit\u00e9s de l&#039;\u00c9tat du Karnataka, mais d&#039;autres \u00e9tudiants montrent leur d\u00e9saccord en portant des foulards couleur safran.\" \/>\n<meta name=\"robots\" content=\"index, follow, max-snippet:-1, max-image-preview:large, max-video-preview:-1\" \/>\n<link rel=\"canonical\" href=\"https:\/\/www.newsendip.com\/fr\/en-inde-dissensions-entre-etudiants-portant-le-hijab-ou-un-chale-couleur-safran-nationaliste\/\" \/>\n<meta property=\"og:locale\" content=\"fr_FR\" \/>\n<meta property=\"og:type\" content=\"article\" \/>\n<meta property=\"og:title\" content=\"En Inde, dissensions entre \u00e9tudiants portant le hijab ou un ch\u00e2le couleur safran nationaliste\" \/>\n<meta property=\"og:description\" content=\"Certaines \u00e9tudiantes portant le hijab veulent pouvoir assister aux cours dans les universit\u00e9s de l&#039;\u00c9tat du Karnataka, mais d&#039;autres \u00e9tudiants montrent leur d\u00e9saccord en portant des foulards couleur safran.\" \/>\n<meta property=\"og:url\" content=\"https:\/\/www.newsendip.com\/fr\/en-inde-dissensions-entre-etudiants-portant-le-hijab-ou-un-chale-couleur-safran-nationaliste\/\" \/>\n<meta property=\"og:site_name\" content=\"Newsendip\" \/>\n<meta property=\"article:publisher\" content=\"https:\/\/www.facebook.com\/newsendip\" \/>\n<meta property=\"article:published_time\" content=\"2022-02-07T12:47:17+00:00\" \/>\n<meta property=\"article:modified_time\" content=\"2024-07-16T21:37:01+00:00\" \/>\n<meta property=\"og:image\" content=\"https:\/\/www.newsendip.com\/wp-content\/uploads\/2022\/02\/Karnataka-hijab-college-controversy-saffron-scarf-progressive.jpeg\" \/>\n\t<meta property=\"og:image:width\" content=\"1200\" \/>\n\t<meta property=\"og:image:height\" content=\"667\" \/>\n\t<meta property=\"og:image:type\" content=\"image\/jpeg\" \/>\n<meta name=\"author\" content=\"Cl\u00e9ment V\u00e9rit\u00e9\" \/>\n<meta name=\"twitter:card\" content=\"summary_large_image\" \/>\n<meta name=\"twitter:image\" content=\"https:\/\/www.newsendip.com\/wp-content\/uploads\/2022\/02\/Karnataka-hijab-college-controversy-saffron-scarf-progressive.jpeg\" \/>\n<meta name=\"twitter:creator\" content=\"@https:\/\/twitter.com\/cverite\" \/>\n<meta name=\"twitter:site\" content=\"@newsendip\" \/>\n<meta name=\"twitter:label1\" content=\"\u00c9crit par\" \/>\n\t<meta name=\"twitter:data1\" content=\"Cl\u00e9ment V\u00e9rit\u00e9\" \/>\n\t<meta name=\"twitter:label2\" content=\"Dur\u00e9e de lecture estim\u00e9e\" \/>\n\t<meta name=\"twitter:data2\" content=\"4 minutes\" \/>\n<!-- \/ Yoast SEO Premium plugin. -->","yoast_head_json":{"title":"En Inde, dissensions entre \u00e9tudiants portant le hijab ou un ch\u00e2le couleur safran nationaliste","description":"Certaines \u00e9tudiantes portant le hijab veulent pouvoir assister aux cours dans les universit\u00e9s de l'\u00c9tat du Karnataka, mais d'autres \u00e9tudiants montrent leur d\u00e9saccord en portant des foulards couleur safran.","robots":{"index":"index","follow":"follow","max-snippet":"max-snippet:-1","max-image-preview":"max-image-preview:large","max-video-preview":"max-video-preview:-1"},"canonical":"https:\/\/www.newsendip.com\/fr\/en-inde-dissensions-entre-etudiants-portant-le-hijab-ou-un-chale-couleur-safran-nationaliste\/","og_locale":"fr_FR","og_type":"article","og_title":"En Inde, dissensions entre \u00e9tudiants portant le hijab ou un ch\u00e2le couleur safran nationaliste","og_description":"Certaines \u00e9tudiantes portant le hijab veulent pouvoir assister aux cours dans les universit\u00e9s de l'\u00c9tat du Karnataka, mais d'autres \u00e9tudiants montrent leur d\u00e9saccord en portant des foulards couleur safran.","og_url":"https:\/\/www.newsendip.com\/fr\/en-inde-dissensions-entre-etudiants-portant-le-hijab-ou-un-chale-couleur-safran-nationaliste\/","og_site_name":"Newsendip","article_publisher":"https:\/\/www.facebook.com\/newsendip","article_published_time":"2022-02-07T12:47:17+00:00","article_modified_time":"2024-07-16T21:37:01+00:00","og_image":[{"width":1200,"height":667,"url":"https:\/\/www.newsendip.com\/wp-content\/uploads\/2022\/02\/Karnataka-hijab-college-controversy-saffron-scarf-progressive.jpeg","type":"image\/jpeg"}],"author":"Cl\u00e9ment V\u00e9rit\u00e9","twitter_card":"summary_large_image","twitter_image":"https:\/\/www.newsendip.com\/wp-content\/uploads\/2022\/02\/Karnataka-hijab-college-controversy-saffron-scarf-progressive.jpeg","twitter_creator":"@https:\/\/twitter.com\/cverite","twitter_site":"@newsendip","twitter_misc":{"\u00c9crit par":"Cl\u00e9ment V\u00e9rit\u00e9","Dur\u00e9e de lecture estim\u00e9e":"4 minutes"},"schema":{"@context":"https:\/\/schema.org","@graph":[{"@type":"NewsArticle","@id":"https:\/\/www.newsendip.com\/fr\/en-inde-dissensions-entre-etudiants-portant-le-hijab-ou-un-chale-couleur-safran-nationaliste\/#article","isPartOf":{"@id":"https:\/\/www.newsendip.com\/fr\/en-inde-dissensions-entre-etudiants-portant-le-hijab-ou-un-chale-couleur-safran-nationaliste\/"},"author":{"name":"Cl\u00e9ment V\u00e9rit\u00e9","@id":"https:\/\/www.newsendip.com\/fr\/#\/schema\/person\/ea22c01755f464a3cbc2c619584d6363"},"headline":"En Inde, dissensions entre \u00e9tudiants portant le hijab ou un ch\u00e2le couleur safran nationaliste","datePublished":"2022-02-07T12:47:17+00:00","dateModified":"2024-07-16T21:37:01+00:00","mainEntityOfPage":{"@id":"https:\/\/www.newsendip.com\/fr\/en-inde-dissensions-entre-etudiants-portant-le-hijab-ou-un-chale-couleur-safran-nationaliste\/"},"wordCount":885,"publisher":{"@id":"https:\/\/www.newsendip.com\/fr\/#organization"},"image":{"@id":"https:\/\/www.newsendip.com\/fr\/en-inde-dissensions-entre-etudiants-portant-le-hijab-ou-un-chale-couleur-safran-nationaliste\/#primaryimage"},"thumbnailUrl":"https:\/\/www.newsendip.com\/wp-content\/uploads\/2022\/02\/Karnataka-hijab-college-controversy-saffron-scarf.webp","keywords":["Inde","Vieux"],"articleSection":["Soci\u00e9t\u00e9"],"inLanguage":"fr-FR","copyrightYear":"2022","copyrightHolder":{"@id":"https:\/\/www.newsendip.com\/#organization"}},{"@type":"WebPage","@id":"https:\/\/www.newsendip.com\/fr\/en-inde-dissensions-entre-etudiants-portant-le-hijab-ou-un-chale-couleur-safran-nationaliste\/","url":"https:\/\/www.newsendip.com\/fr\/en-inde-dissensions-entre-etudiants-portant-le-hijab-ou-un-chale-couleur-safran-nationaliste\/","name":"En Inde, dissensions entre \u00e9tudiants portant le hijab ou un ch\u00e2le couleur safran nationaliste","isPartOf":{"@id":"https:\/\/www.newsendip.com\/fr\/#website"},"primaryImageOfPage":{"@id":"https:\/\/www.newsendip.com\/fr\/en-inde-dissensions-entre-etudiants-portant-le-hijab-ou-un-chale-couleur-safran-nationaliste\/#primaryimage"},"image":{"@id":"https:\/\/www.newsendip.com\/fr\/en-inde-dissensions-entre-etudiants-portant-le-hijab-ou-un-chale-couleur-safran-nationaliste\/#primaryimage"},"thumbnailUrl":"https:\/\/www.newsendip.com\/wp-content\/uploads\/2022\/02\/Karnataka-hijab-college-controversy-saffron-scarf.webp","datePublished":"2022-02-07T12:47:17+00:00","dateModified":"2024-07-16T21:37:01+00:00","description":"Certaines \u00e9tudiantes portant le hijab veulent pouvoir assister aux cours dans les universit\u00e9s de l'\u00c9tat du Karnataka, mais d'autres \u00e9tudiants montrent leur d\u00e9saccord en portant des foulards couleur safran.","breadcrumb":{"@id":"https:\/\/www.newsendip.com\/fr\/en-inde-dissensions-entre-etudiants-portant-le-hijab-ou-un-chale-couleur-safran-nationaliste\/#breadcrumb"},"inLanguage":"fr-FR","potentialAction":[{"@type":"ReadAction","target":["https:\/\/www.newsendip.com\/fr\/en-inde-dissensions-entre-etudiants-portant-le-hijab-ou-un-chale-couleur-safran-nationaliste\/"]}]},{"@type":"ImageObject","inLanguage":"fr-FR","@id":"https:\/\/www.newsendip.com\/fr\/en-inde-dissensions-entre-etudiants-portant-le-hijab-ou-un-chale-couleur-safran-nationaliste\/#primaryimage","url":"https:\/\/www.newsendip.com\/wp-content\/uploads\/2022\/02\/Karnataka-hijab-college-controversy-saffron-scarf.webp","contentUrl":"https:\/\/www.newsendip.com\/wp-content\/uploads\/2022\/02\/Karnataka-hijab-college-controversy-saffron-scarf.webp","width":1200,"height":667,"caption":"\u00c9tudiantes du Karnataka portant le hijab qui discutent avec un membre du corps enseignant | PTI"},{"@type":"BreadcrumbList","@id":"https:\/\/www.newsendip.com\/fr\/en-inde-dissensions-entre-etudiants-portant-le-hijab-ou-un-chale-couleur-safran-nationaliste\/#breadcrumb","itemListElement":[{"@type":"ListItem","position":1,"name":"Accueil","item":"https:\/\/www.newsendip.com\/fr\/"},{"@type":"ListItem","position":2,"name":"En Inde, dissensions entre \u00e9tudiants portant le hijab ou un ch\u00e2le couleur safran nationaliste"}]},{"@type":"WebSite","@id":"https:\/\/www.newsendip.com\/fr\/#website","url":"https:\/\/www.newsendip.com\/fr\/","name":"Newsendip","description":"Red\u00e9couvrez l&#039;actualit\u00e9 internationale","publisher":{"@id":"https:\/\/www.newsendip.com\/fr\/#organization"},"potentialAction":[{"@type":"SearchAction","target":{"@type":"EntryPoint","urlTemplate":"https:\/\/www.newsendip.com\/fr\/?s={search_term_string}"},"query-input":{"@type":"PropertyValueSpecification","valueRequired":true,"valueName":"search_term_string"}}],"inLanguage":"fr-FR"},{"@type":"Organization","@id":"https:\/\/www.newsendip.com\/fr\/#organization","name":"Newsendip","url":"https:\/\/www.newsendip.com\/fr\/","logo":{"@type":"ImageObject","inLanguage":"fr-FR","@id":"https:\/\/www.newsendip.com\/fr\/#\/schema\/logo\/image\/","url":"https:\/\/www.newsendip.com\/wp-content\/uploads\/2023\/12\/512x512.svg","contentUrl":"https:\/\/www.newsendip.com\/wp-content\/uploads\/2023\/12\/512x512.svg","width":1,"height":1,"caption":"Newsendip"},"image":{"@id":"https:\/\/www.newsendip.com\/fr\/#\/schema\/logo\/image\/"},"sameAs":["https:\/\/www.facebook.com\/newsendip","https:\/\/x.com\/newsendip","https:\/\/mastodon.social\/@newsendip","https:\/\/www.linkedin.com\/company\/newsendip"],"description":"Newsendip est un site qui a pour mission de rendre l'actualit\u00e9 internationale accessible et diversifi\u00e9e","email":"contact@newsendip.com","legalName":"Newsendip SAS","foundingDate":"2022-11-04","vatID":"FR60921124723","numberOfEmployees":{"@type":"QuantitativeValue","minValue":"1","maxValue":"10"},"publishingPrinciples":"https:\/\/www.newsendip.com\/about-us\/","ownershipFundingInfo":"https:\/\/www.newsendip.com\/legal-notice\/","actionableFeedbackPolicy":"https:\/\/www.newsendip.com\/about-us\/","correctionsPolicy":"https:\/\/www.newsendip.com\/about-us\/","ethicsPolicy":"https:\/\/www.newsendip.com\/about-us\/","diversityPolicy":"https:\/\/www.newsendip.com\/about-us\/"},{"@type":"Person","@id":"https:\/\/www.newsendip.com\/fr\/#\/schema\/person\/ea22c01755f464a3cbc2c619584d6363","name":"Cl\u00e9ment V\u00e9rit\u00e9","description":"Cl\u00e9ment is the executive editor and founder of Newsendip. He started in the media industry as a freelance reporter at 16 for a local French newspaper after school and has never left it. He later worked for seven years at The New York Times, notably as a data analyst. He holds a Master of Management in France and a Master of Arts in the United Kingdom in International Marketing &amp; Communications Strategy. He has lived in France, the United Kingdom, and Italy.","sameAs":["https:\/\/www.newsendip.com\/","https:\/\/www.linkedin.com\/in\/clementverite\/","https:\/\/x.com\/https:\/\/twitter.com\/cverite"],"knowsAbout":["News","International","Business","Media monitoring"],"knowsLanguage":["English","French","Italian","Spanish"],"url":"https:\/\/www.newsendip.com\/fr\/author\/clement-verite\/"}]}},"_links":{"self":[{"href":"https:\/\/www.newsendip.com\/fr\/wp-json\/wp\/v2\/posts\/19175","targetHints":{"allow":["GET"]}}],"collection":[{"href":"https:\/\/www.newsendip.com\/fr\/wp-json\/wp\/v2\/posts"}],"about":[{"href":"https:\/\/www.newsendip.com\/fr\/wp-json\/wp\/v2\/types\/post"}],"author":[{"embeddable":true,"href":"https:\/\/www.newsendip.com\/fr\/wp-json\/wp\/v2\/users\/1"}],"replies":[{"embeddable":true,"href":"https:\/\/www.newsendip.com\/fr\/wp-json\/wp\/v2\/comments?post=19175"}],"version-history":[{"count":0,"href":"https:\/\/www.newsendip.com\/fr\/wp-json\/wp\/v2\/posts\/19175\/revisions"}],"wp:featuredmedia":[{"embeddable":true,"href":"https:\/\/www.newsendip.com\/fr\/wp-json\/wp\/v2\/media\/14028"}],"wp:attachment":[{"href":"https:\/\/www.newsendip.com\/fr\/wp-json\/wp\/v2\/media?parent=19175"}],"wp:term":[{"taxonomy":"category","embeddable":true,"href":"https:\/\/www.newsendip.com\/fr\/wp-json\/wp\/v2\/categories?post=19175"},{"taxonomy":"post_tag","embeddable":true,"href":"https:\/\/www.newsendip.com\/fr\/wp-json\/wp\/v2\/tags?post=19175"}],"curies":[{"name":"wp","href":"https:\/\/api.w.org\/{rel}","templated":true}]}}