{"id":19214,"date":"2021-04-14T09:28:54","date_gmt":"2021-04-14T07:28:54","guid":{"rendered":"https:\/\/www.newsendip.com\/?p=19214"},"modified":"2024-07-23T18:07:20","modified_gmt":"2024-07-23T16:07:20","slug":"le-confinement-a-reduit-le-nombre-de-deces-causes-par-la-pollution-atmospherique-en-france","status":"publish","type":"post","link":"https:\/\/www.newsendip.com\/fr\/le-confinement-a-reduit-le-nombre-de-deces-causes-par-la-pollution-atmospherique-en-france\/","title":{"rendered":"Le confinement a r\u00e9duit le nombre de d\u00e9c\u00e8s caus\u00e9s par la pollution atmosph\u00e9rique en France"},"content":{"rendered":"<p><strong>Sant\u00e9 Publique France d\u00e9montre que la r\u00e9duction du trafic routier a apport\u00e9 des b\u00e9n\u00e9fices sanitaires non n\u00e9gligeables gr\u00e2ce \u00e0 une meilleure qualit\u00e9 de&nbsp;l\u2019air.<\/strong><\/p>\n<figure id=\"attachment_13511\" aria-describedby=\"caption-attachment-13511\" style=\"width: 640px\" class=\"wp-caption aligncenter\"><img decoding=\"async\" class=\"wp-image-13511 size-full\" src=\"https:\/\/www.newsendip.com\/wp-content\/uploads\/2021\/04\/air_pollution_france.jpg\" alt=\"Les confinements ont am\u00e9lior\u00e9 la qualit\u00e9 de l'air dans les zones urbaines fran\u00e7aises\" width=\"640\" height=\"427\" srcset=\"https:\/\/www.newsendip.com\/wp-content\/uploads\/2021\/04\/air_pollution_france.jpg 640w, https:\/\/www.newsendip.com\/wp-content\/uploads\/2021\/04\/air_pollution_france-60x40.jpg 60w, https:\/\/www.newsendip.com\/wp-content\/uploads\/2021\/04\/air_pollution_france-300x200.jpg 300w\" sizes=\"(max-width: 640px) 100vw, 640px\"><figcaption id=\"caption-attachment-13511\" class=\"wp-caption-text\">Les confinements ont am\u00e9lior\u00e9 la qualit\u00e9 de l\u2019air dans les zones urbaines fran\u00e7aises<\/figcaption><\/figure>\n<p>L\u2019agence nationale de sant\u00e9 publique a <a href=\"https:\/\/www.santepubliquefrance.fr\/presse\/2021\/pollution-de-l-air-ambiant-nouvelles-estimations-de-son-impact-sur-la-sante-des-francais\">publi\u00e9 une \u00e9tude<\/a> soulignant que la r\u00e9duction de la pollution atmosph\u00e9rique au cours du printemps 2020 avait entra\u00een\u00e9 des \u00ab\u202f<strong><em>b\u00e9n\u00e9fices non-n\u00e9gligeables pour la sant\u00e9<\/em><\/strong>\u202f\u00bb. La r\u00e9duction du transport fut le principal facteur d\u2019am\u00e9lioration.<\/p>\n<p>Au total, l\u2019agence a estim\u00e9 que<strong> 2 300 d\u00e9c\u00e8s dus aux particules ambiantes<\/strong> ont \u00e9t\u00e9 \u00e9vit\u00e9s pendant le premier confinement pour lutter contre le Covid-19\u202fen France, entre le 16 mars et le 11 mai&nbsp;2020.<\/p>\n<p>Il est \u00e9galement estim\u00e9 que 1 300 d\u00e9c\u00e8s ont \u00e9t\u00e9 \u00e9vit\u00e9s en raison d\u2019un niveau plus faible de <a href=\"https:\/\/www.newsendip.com\/fr\/allemagne-a-regulierement-enfreint-la-directive-sur-la-qualite-de-lair-selon-la-cour-de-justice-de-lue\/\">dioxyde d\u2019azote,<\/a> un polluant principalement g\u00e9n\u00e9r\u00e9 par <strong>les moteurs \u00e0 combustion et les engrais<\/strong>. (Les deux chiffres ne peuvent \u00eatre additionn\u00e9s car diff\u00e9rents polluants atmosph\u00e9riques peuvent \u00eatre des facteurs combin\u00e9s de&nbsp;d\u00e9c\u00e8s).<\/p>\n<p>Plus de la moiti\u00e9 des personnes qui ont \u00e9t\u00e9 \u00e9pargn\u00e9es par les cons\u00e9quences de la pollution vivent dans des <strong>zones urbaines de plus de 100 000 habitant<\/strong>s.<\/p>\n<p>La r\u00e9duction de la pollution a contribu\u00e9 \u00e0 ralentir le nombre de maladies sur le long terme et \u00e0 att\u00e9nuer les difficult\u00e9s des personnes \u00e0 faire face aux pathologies existantes, conclut l\u2019agence.<\/p>\n<h2>De nouvelles habitudes de d\u00e9placement aux b\u00e9n\u00e9fices durables pour la qualit\u00e9 de&nbsp;l\u2019air<\/h2>\n<p><!--more--><\/p>\n<p>Entre 2016 et 2019, on estime \u00e0<strong> 40 000 le nombre de d\u00e9c\u00e8s chaque ann\u00e9e en France de personnes de plus de 30 ans qui peuvent \u00eatre attribu\u00e9s \u00e0 la pollution atmosph\u00e9rique<\/strong>. C\u2019est 7% du taux de mortalit\u00e9 national. L\u2019esp\u00e9rance de vie est r\u00e9duite de 8 mois pour les adultes de plus de 30 ans en France \u00e0 cause de la pollution atmosph\u00e9rique.<\/p>\n<p>Les chiffres sont cependant en nette am\u00e9lioration par rapport aux r\u00e9sultats de 2008 avec une r\u00e9duction de 8 000 d\u00e9c\u00e8s, soit \u201117% en une d\u00e9cennie.<\/p>\n<p>La pollution atmosph\u00e9rique provient principalement des <a href=\"https:\/\/www.newsendip.com\/fr\/bataille-politique-autour-de-la-tourbe-en-irlande\/\">syst\u00e8mes de chauffage des habitations<\/a>, des activit\u00e9s industrielles, du trafic routier ou des pesticides.<\/p>\n<p>Sant\u00e9 public France souhaite mettre en \u00e9vidence les avantages durables en mati\u00e8re de qualit\u00e9 de l\u2019air que le confinement a r\u00e9v\u00e9l\u00e9s. \u00ab\u202f<em>En termes d\u2019actions publiques, la baisse du trafic dans les zones urbaines ou la diminution des \u00e9missions industrielles sont des leviers efficaces d\u00e9j\u00e0 d\u00e9ploy\u00e9s ou en cours de d\u00e9ploiement. En termes de changements comportementaux, le t\u00e9l\u00e9travail ou les modifications de modes de d\u00e9placement sont vraisemblablement appel\u00e9s \u00e0 se p\u00e9renniser au sein de la soci\u00e9t\u00e9 fran\u00e7aise.<\/em>\u202f\u00bb<\/p>\n<p>Par exemple, l\u2019<a href=\"https:\/\/www.lemonde.fr\/politique\/article\/2020\/09\/04\/l-usage-du-velo-en-forte-expansion-dans-les-grandes-villes_6050943_823448.html\">utilisation du v\u00e9lo en France a consid\u00e9rablement augment\u00e9<\/a> depuis le d\u00e9but de la pand\u00e9mie&nbsp;: +67% apr\u00e8s le confinement par rapport \u00e0 2019 \u00e0&nbsp;Paris.<\/p>\n<p>L\u2019agence sugg\u00e8re \u00e9galement l\u2019utilisation de <a href=\"https:\/\/www.newsendip.com\/fr\/la-commission-europeenne-souhaite-des-immeubles-a-emissions-nulles-et-la-fin-des-chaudieres-a-gaz\/\">syst\u00e8mes de chauffage au bois<\/a>, au lieu du fioul, la diminution de l\u2019ammoniac dans l\u2019agriculture ou la r\u00e9novation \u00e9nerg\u00e9tique des maisons comme facteurs b\u00e9n\u00e9fiques \u00e0 la qualit\u00e9 de&nbsp;l\u2019air.<\/p>\n<p>En avril 2020, <a href=\"https:\/\/www.bfmtv.com\/auto\/confinement-une-baisse-de-77-du-trafic-en-france-selon-coyote_AN-202005120134.html\">le trafic sur les routes fran\u00e7aises a diminu\u00e9 de 77\u202f%<\/a> pendant le confinement, ce qui a \u00e9galement entra\u00een\u00e9 <strong>une baisse de 56\u202f% du nombre de victimes d\u2019accidents de la route<\/strong>.<\/p>\n<p>Cependant, malgr\u00e9 une baisse globale du nombre de d\u00e9c\u00e8s sur les routes, <a href=\"https:\/\/www.newsendip.com\/fr\/le-nombre-de-deces-de-cyclistes-au-plus-haut-depuis-25-ans-en-2020-aux-pays-bas-malgre-une-diminution-de-la-circulation\/\">les Pays-Bas ont enregistr\u00e9 le plus haut niveau de morts \u00e0 v\u00e9lo<\/a> depuis 25 ans. Les d\u00e9c\u00e8s ont m\u00eame augment\u00e9 pendant les p\u00e9riodes o\u00f9 le trafic \u00e9tait moins intense.<\/p>\n<p><strong><a href=\"https:\/\/www.newsendip.com\/fr\/etiquette\/france-fr\/\">D\u00e9couvrez plus d\u2019actualit\u00e9s sur la France<\/a><\/strong><\/p>\n","protected":false},"excerpt":{"rendered":"<p>Sant\u00e9 Publique France d\u00e9montre que la r\u00e9duction du trafic routier a apport\u00e9 des b\u00e9n\u00e9fices sanitaires non n\u00e9gligeables gr\u00e2ce \u00e0 une meilleure qualit\u00e9 de&nbsp;l\u2019air.<\/p>\n","protected":false},"author":1,"featured_media":13511,"comment_status":"closed","ping_status":"closed","sticky":false,"template":"","format":"standard","meta":{"wp_typography_post_enhancements_disabled":false,"footnotes":""},"categories":[3016],"tags":[428,421],"class_list":["post-19214","post","type-post","status-publish","format-standard","has-post-thumbnail","hentry","category-environnement","tag-france-fr","tag-vieux"],"yoast_head":"<!-- This site is optimized with the Yoast SEO Premium plugin v27.4 (Yoast SEO v27.4) - https:\/\/yoast.com\/product\/yoast-seo-premium-wordpress\/ -->\n<title>Le confinement a r\u00e9duit le nombre de d\u00e9c\u00e8s caus\u00e9s par la pollution atmosph\u00e9rique en France<\/title>\n<meta name=\"description\" content=\"Sant\u00e9 Publique France d\u00e9montre que la r\u00e9duction du trafic routier a apport\u00e9 des b\u00e9n\u00e9fices sanitaires non n\u00e9gligeables gr\u00e2ce \u00e0 une meilleure qualit\u00e9 de l&#039;air.\" \/>\n<meta name=\"robots\" content=\"index, follow, max-snippet:-1, max-image-preview:large, max-video-preview:-1\" \/>\n<link rel=\"canonical\" href=\"https:\/\/www.newsendip.com\/fr\/le-confinement-a-reduit-le-nombre-de-deces-causes-par-la-pollution-atmospherique-en-france\/\" \/>\n<meta property=\"og:locale\" content=\"fr_FR\" \/>\n<meta property=\"og:type\" content=\"article\" \/>\n<meta property=\"og:title\" content=\"Le confinement a r\u00e9duit le nombre de d\u00e9c\u00e8s caus\u00e9s par la pollution atmosph\u00e9rique en France\" \/>\n<meta property=\"og:description\" content=\"Sant\u00e9 Publique France d\u00e9montre que la r\u00e9duction du trafic routier a apport\u00e9 des b\u00e9n\u00e9fices sanitaires non n\u00e9gligeables gr\u00e2ce \u00e0 une meilleure qualit\u00e9 de l&#039;air.\" \/>\n<meta property=\"og:url\" content=\"https:\/\/www.newsendip.com\/fr\/le-confinement-a-reduit-le-nombre-de-deces-causes-par-la-pollution-atmospherique-en-france\/\" \/>\n<meta property=\"og:site_name\" content=\"Newsendip\" \/>\n<meta property=\"article:publisher\" content=\"https:\/\/www.facebook.com\/newsendip\" \/>\n<meta property=\"article:published_time\" content=\"2021-04-14T07:28:54+00:00\" \/>\n<meta property=\"article:modified_time\" content=\"2024-07-23T16:07:20+00:00\" \/>\n<meta property=\"og:image\" content=\"https:\/\/www.newsendip.com\/wp-content\/uploads\/2021\/04\/air_pollution_france.jpg\" \/>\n\t<meta property=\"og:image:width\" content=\"640\" \/>\n\t<meta property=\"og:image:height\" content=\"427\" \/>\n\t<meta property=\"og:image:type\" content=\"image\/jpeg\" \/>\n<meta name=\"author\" content=\"Cl\u00e9ment V\u00e9rit\u00e9\" \/>\n<meta name=\"twitter:card\" content=\"summary_large_image\" \/>\n<meta name=\"twitter:creator\" content=\"@https:\/\/twitter.com\/cverite\" \/>\n<meta name=\"twitter:site\" content=\"@newsendip\" \/>\n<meta name=\"twitter:label1\" content=\"\u00c9crit par\" \/>\n\t<meta name=\"twitter:data1\" content=\"Cl\u00e9ment V\u00e9rit\u00e9\" \/>\n\t<meta name=\"twitter:label2\" content=\"Dur\u00e9e de lecture estim\u00e9e\" \/>\n\t<meta name=\"twitter:data2\" content=\"3 minutes\" \/>\n<!-- \/ Yoast SEO Premium plugin. -->","yoast_head_json":{"title":"Le confinement a r\u00e9duit le nombre de d\u00e9c\u00e8s caus\u00e9s par la pollution atmosph\u00e9rique en France","description":"Sant\u00e9 Publique France d\u00e9montre que la r\u00e9duction du trafic routier a apport\u00e9 des b\u00e9n\u00e9fices sanitaires non n\u00e9gligeables gr\u00e2ce \u00e0 une meilleure qualit\u00e9 de l'air.","robots":{"index":"index","follow":"follow","max-snippet":"max-snippet:-1","max-image-preview":"max-image-preview:large","max-video-preview":"max-video-preview:-1"},"canonical":"https:\/\/www.newsendip.com\/fr\/le-confinement-a-reduit-le-nombre-de-deces-causes-par-la-pollution-atmospherique-en-france\/","og_locale":"fr_FR","og_type":"article","og_title":"Le confinement a r\u00e9duit le nombre de d\u00e9c\u00e8s caus\u00e9s par la pollution atmosph\u00e9rique en France","og_description":"Sant\u00e9 Publique France d\u00e9montre que la r\u00e9duction du trafic routier a apport\u00e9 des b\u00e9n\u00e9fices sanitaires non n\u00e9gligeables gr\u00e2ce \u00e0 une meilleure qualit\u00e9 de l'air.","og_url":"https:\/\/www.newsendip.com\/fr\/le-confinement-a-reduit-le-nombre-de-deces-causes-par-la-pollution-atmospherique-en-france\/","og_site_name":"Newsendip","article_publisher":"https:\/\/www.facebook.com\/newsendip","article_published_time":"2021-04-14T07:28:54+00:00","article_modified_time":"2024-07-23T16:07:20+00:00","og_image":[{"width":640,"height":427,"url":"https:\/\/www.newsendip.com\/wp-content\/uploads\/2021\/04\/air_pollution_france.jpg","type":"image\/jpeg"}],"author":"Cl\u00e9ment V\u00e9rit\u00e9","twitter_card":"summary_large_image","twitter_creator":"@https:\/\/twitter.com\/cverite","twitter_site":"@newsendip","twitter_misc":{"\u00c9crit par":"Cl\u00e9ment V\u00e9rit\u00e9","Dur\u00e9e de lecture estim\u00e9e":"3 minutes"},"schema":{"@context":"https:\/\/schema.org","@graph":[{"@type":"NewsArticle","@id":"https:\/\/www.newsendip.com\/fr\/le-confinement-a-reduit-le-nombre-de-deces-causes-par-la-pollution-atmospherique-en-france\/#article","isPartOf":{"@id":"https:\/\/www.newsendip.com\/fr\/le-confinement-a-reduit-le-nombre-de-deces-causes-par-la-pollution-atmospherique-en-france\/"},"author":{"name":"Cl\u00e9ment V\u00e9rit\u00e9","@id":"https:\/\/www.newsendip.com\/fr\/#\/schema\/person\/ea22c01755f464a3cbc2c619584d6363"},"headline":"Le confinement a r\u00e9duit le nombre de d\u00e9c\u00e8s caus\u00e9s par la pollution atmosph\u00e9rique en France","datePublished":"2021-04-14T07:28:54+00:00","dateModified":"2024-07-23T16:07:20+00:00","mainEntityOfPage":{"@id":"https:\/\/www.newsendip.com\/fr\/le-confinement-a-reduit-le-nombre-de-deces-causes-par-la-pollution-atmospherique-en-france\/"},"wordCount":658,"publisher":{"@id":"https:\/\/www.newsendip.com\/fr\/#organization"},"image":{"@id":"https:\/\/www.newsendip.com\/fr\/le-confinement-a-reduit-le-nombre-de-deces-causes-par-la-pollution-atmospherique-en-france\/#primaryimage"},"thumbnailUrl":"https:\/\/www.newsendip.com\/wp-content\/uploads\/2021\/04\/air_pollution_france.jpg","keywords":["France","Vieux"],"articleSection":["Environnement"],"inLanguage":"fr-FR","copyrightYear":"2021","copyrightHolder":{"@id":"https:\/\/www.newsendip.com\/#organization"}},{"@type":"WebPage","@id":"https:\/\/www.newsendip.com\/fr\/le-confinement-a-reduit-le-nombre-de-deces-causes-par-la-pollution-atmospherique-en-france\/","url":"https:\/\/www.newsendip.com\/fr\/le-confinement-a-reduit-le-nombre-de-deces-causes-par-la-pollution-atmospherique-en-france\/","name":"Le confinement a r\u00e9duit le nombre de d\u00e9c\u00e8s caus\u00e9s par la pollution atmosph\u00e9rique en France","isPartOf":{"@id":"https:\/\/www.newsendip.com\/fr\/#website"},"primaryImageOfPage":{"@id":"https:\/\/www.newsendip.com\/fr\/le-confinement-a-reduit-le-nombre-de-deces-causes-par-la-pollution-atmospherique-en-france\/#primaryimage"},"image":{"@id":"https:\/\/www.newsendip.com\/fr\/le-confinement-a-reduit-le-nombre-de-deces-causes-par-la-pollution-atmospherique-en-france\/#primaryimage"},"thumbnailUrl":"https:\/\/www.newsendip.com\/wp-content\/uploads\/2021\/04\/air_pollution_france.jpg","datePublished":"2021-04-14T07:28:54+00:00","dateModified":"2024-07-23T16:07:20+00:00","description":"Sant\u00e9 Publique France d\u00e9montre que la r\u00e9duction du trafic routier a apport\u00e9 des b\u00e9n\u00e9fices sanitaires non n\u00e9gligeables gr\u00e2ce \u00e0 une meilleure qualit\u00e9 de l'air.","breadcrumb":{"@id":"https:\/\/www.newsendip.com\/fr\/le-confinement-a-reduit-le-nombre-de-deces-causes-par-la-pollution-atmospherique-en-france\/#breadcrumb"},"inLanguage":"fr-FR","potentialAction":[{"@type":"ReadAction","target":["https:\/\/www.newsendip.com\/fr\/le-confinement-a-reduit-le-nombre-de-deces-causes-par-la-pollution-atmospherique-en-france\/"]}]},{"@type":"ImageObject","inLanguage":"fr-FR","@id":"https:\/\/www.newsendip.com\/fr\/le-confinement-a-reduit-le-nombre-de-deces-causes-par-la-pollution-atmospherique-en-france\/#primaryimage","url":"https:\/\/www.newsendip.com\/wp-content\/uploads\/2021\/04\/air_pollution_france.jpg","contentUrl":"https:\/\/www.newsendip.com\/wp-content\/uploads\/2021\/04\/air_pollution_france.jpg","width":640,"height":427,"caption":"Les confinements ont am\u00e9lior\u00e9 la qualit\u00e9 de l'air dans les zones urbaines fran\u00e7aises"},{"@type":"BreadcrumbList","@id":"https:\/\/www.newsendip.com\/fr\/le-confinement-a-reduit-le-nombre-de-deces-causes-par-la-pollution-atmospherique-en-france\/#breadcrumb","itemListElement":[{"@type":"ListItem","position":1,"name":"Accueil","item":"https:\/\/www.newsendip.com\/fr\/"},{"@type":"ListItem","position":2,"name":"Le confinement a r\u00e9duit le nombre de d\u00e9c\u00e8s caus\u00e9s par la pollution atmosph\u00e9rique en France"}]},{"@type":"WebSite","@id":"https:\/\/www.newsendip.com\/fr\/#website","url":"https:\/\/www.newsendip.com\/fr\/","name":"Newsendip","description":"Red\u00e9couvrez l&#039;actualit\u00e9 internationale","publisher":{"@id":"https:\/\/www.newsendip.com\/fr\/#organization"},"potentialAction":[{"@type":"SearchAction","target":{"@type":"EntryPoint","urlTemplate":"https:\/\/www.newsendip.com\/fr\/?s={search_term_string}"},"query-input":{"@type":"PropertyValueSpecification","valueRequired":true,"valueName":"search_term_string"}}],"inLanguage":"fr-FR"},{"@type":"Organization","@id":"https:\/\/www.newsendip.com\/fr\/#organization","name":"Newsendip","url":"https:\/\/www.newsendip.com\/fr\/","logo":{"@type":"ImageObject","inLanguage":"fr-FR","@id":"https:\/\/www.newsendip.com\/fr\/#\/schema\/logo\/image\/","url":"https:\/\/www.newsendip.com\/wp-content\/uploads\/2023\/12\/512x512.svg","contentUrl":"https:\/\/www.newsendip.com\/wp-content\/uploads\/2023\/12\/512x512.svg","width":1,"height":1,"caption":"Newsendip"},"image":{"@id":"https:\/\/www.newsendip.com\/fr\/#\/schema\/logo\/image\/"},"sameAs":["https:\/\/www.facebook.com\/newsendip","https:\/\/x.com\/newsendip","https:\/\/mastodon.social\/@newsendip","https:\/\/www.linkedin.com\/company\/newsendip"],"description":"Newsendip est un site qui a pour mission de rendre l'actualit\u00e9 internationale accessible et diversifi\u00e9e","email":"contact@newsendip.com","legalName":"Newsendip SAS","foundingDate":"2022-11-04","vatID":"FR60921124723","numberOfEmployees":{"@type":"QuantitativeValue","minValue":"1","maxValue":"10"},"publishingPrinciples":"https:\/\/www.newsendip.com\/about-us\/","ownershipFundingInfo":"https:\/\/www.newsendip.com\/legal-notice\/","actionableFeedbackPolicy":"https:\/\/www.newsendip.com\/about-us\/","correctionsPolicy":"https:\/\/www.newsendip.com\/about-us\/","ethicsPolicy":"https:\/\/www.newsendip.com\/about-us\/","diversityPolicy":"https:\/\/www.newsendip.com\/about-us\/"},{"@type":"Person","@id":"https:\/\/www.newsendip.com\/fr\/#\/schema\/person\/ea22c01755f464a3cbc2c619584d6363","name":"Cl\u00e9ment V\u00e9rit\u00e9","description":"Cl\u00e9ment is the executive editor and founder of Newsendip. He started in the media industry as a freelance reporter at 16 for a local French newspaper after school and has never left it. He later worked for seven years at The New York Times, notably as a data analyst. He holds a Master of Management in France and a Master of Arts in the United Kingdom in International Marketing &amp; Communications Strategy. He has lived in France, the United Kingdom, and Italy.","sameAs":["https:\/\/www.newsendip.com\/","https:\/\/www.linkedin.com\/in\/clementverite\/","https:\/\/x.com\/https:\/\/twitter.com\/cverite"],"knowsAbout":["News","International","Business","Media monitoring"],"knowsLanguage":["English","French","Italian","Spanish"],"url":"https:\/\/www.newsendip.com\/fr\/author\/clement-verite\/"}]}},"_links":{"self":[{"href":"https:\/\/www.newsendip.com\/fr\/wp-json\/wp\/v2\/posts\/19214","targetHints":{"allow":["GET"]}}],"collection":[{"href":"https:\/\/www.newsendip.com\/fr\/wp-json\/wp\/v2\/posts"}],"about":[{"href":"https:\/\/www.newsendip.com\/fr\/wp-json\/wp\/v2\/types\/post"}],"author":[{"embeddable":true,"href":"https:\/\/www.newsendip.com\/fr\/wp-json\/wp\/v2\/users\/1"}],"replies":[{"embeddable":true,"href":"https:\/\/www.newsendip.com\/fr\/wp-json\/wp\/v2\/comments?post=19214"}],"version-history":[{"count":0,"href":"https:\/\/www.newsendip.com\/fr\/wp-json\/wp\/v2\/posts\/19214\/revisions"}],"wp:featuredmedia":[{"embeddable":true,"href":"https:\/\/www.newsendip.com\/fr\/wp-json\/wp\/v2\/media\/13511"}],"wp:attachment":[{"href":"https:\/\/www.newsendip.com\/fr\/wp-json\/wp\/v2\/media?parent=19214"}],"wp:term":[{"taxonomy":"category","embeddable":true,"href":"https:\/\/www.newsendip.com\/fr\/wp-json\/wp\/v2\/categories?post=19214"},{"taxonomy":"post_tag","embeddable":true,"href":"https:\/\/www.newsendip.com\/fr\/wp-json\/wp\/v2\/tags?post=19214"}],"curies":[{"name":"wp","href":"https:\/\/api.w.org\/{rel}","templated":true}]}}