{"id":20019,"date":"2022-09-23T10:24:17","date_gmt":"2022-09-23T08:24:17","guid":{"rendered":"https:\/\/www.newsendip.com\/?p=20019"},"modified":"2024-07-16T21:59:04","modified_gmt":"2024-07-16T19:59:04","slug":"pas-de-refrigerateurs-au-travail-teletravail-fermeture-des-ecoles-la-slovaquie-etudie-ses-economies-denergie-potentielles-pour-lhiver","status":"publish","type":"post","link":"https:\/\/www.newsendip.com\/fr\/pas-de-refrigerateurs-au-travail-teletravail-fermeture-des-ecoles-la-slovaquie-etudie-ses-economies-denergie-potentielles-pour-lhiver\/","title":{"rendered":"Pas de r\u00e9frig\u00e9rateurs au travail, fermeture des \u00e9coles, t\u00e9l\u00e9travail. La Slovaquie \u00e9tudie ses \u00e9conomies d\u2019\u00e9nergie potentielles pour l\u2019hiver"},"content":{"rendered":"<p><strong>\u00c0 l\u2019approche de l\u2019hiver et alors que les prix de l\u2019\u00e9nergie s\u2019envolent, la Slovaquie envisage plusieurs mani\u00e8res de faire des \u00e9conomies au sein de l\u2019administration.<br>\n<\/strong><\/p>\n<figure id=\"attachment_20029\" aria-describedby=\"caption-attachment-20029\" style=\"width: 1024px\" class=\"wp-caption aligncenter\"><img decoding=\"async\" class=\"wp-image-20029 size-large\" src=\"https:\/\/www.newsendip.com\/wp-content\/uploads\/2022\/09\/coffee-office-1024x683.webp\" alt=\"Pause caf\u00e9 bureau\" width=\"1024\" height=\"683\" srcset=\"https:\/\/www.newsendip.com\/wp-content\/uploads\/2022\/09\/coffee-office-1024x683.webp 1024w, https:\/\/www.newsendip.com\/wp-content\/uploads\/2022\/09\/coffee-office-60x40.webp 60w, https:\/\/www.newsendip.com\/wp-content\/uploads\/2022\/09\/coffee-office-720x480.webp 720w, https:\/\/www.newsendip.com\/wp-content\/uploads\/2022\/09\/coffee-office-300x200.webp 300w, https:\/\/www.newsendip.com\/wp-content\/uploads\/2022\/09\/coffee-office-768x512.webp 768w, https:\/\/www.newsendip.com\/wp-content\/uploads\/2022\/09\/coffee-office-1536x1024.webp 1536w, https:\/\/www.newsendip.com\/wp-content\/uploads\/2022\/09\/coffee-office.webp 1920w\" sizes=\"(max-width: 1024px) 100vw, 1024px\"><figcaption id=\"caption-attachment-20029\" class=\"wp-caption-text\">Les employ\u00e9s de l\u2019administration publique de Slovaquie pourraient \u00eatre confront\u00e9s \u00e0 des restrictions sur les appareils \u00e9lectriques dans les bureaux afin d\u2019\u00e9conomiser de l\u2019\u00e9nergie en hiver | Illustration, Mad Fish Digital<\/figcaption><\/figure>\n<p>Les pays europ\u00e9ens travaillent \u00e0 att\u00e9nuer les cons\u00e9quences de la hausse des prix de l\u2019\u00e9nergie et de la baisse de l\u2019approvisionnement en gaz en provenance de Russie, et le minist\u00e8re slovaque de l\u2019environnement a envisag\u00e9 plusieurs domaines dans lesquels l\u2019administration publique pourraient \u00e9conomiser de l\u2019\u00e9nergie.<\/p>\n<p>Dans un document de travail que <a href=\"https:\/\/e.dennikn.sk\/3016337\/kde-stat-zvazuje-usetrit-energie-z-kancelarii-vyhodit-mikrovlnky-a-chladnicky-zatvorit-skoly-v-piatky\/\"><em>Dennik N<\/em><\/a> a relay\u00e9, le minist\u00e8re de l\u2019environnement a pr\u00e9sent\u00e9 certaines propositions qui furent ensuite d\u00e9battues en conseil des ministres le 21 septembre.<\/p>\n<p>Les mesures mises sur la table peuvent \u00eatre de simples incitations tout comme des changements plus contraignants. Les analystes ont propos\u00e9 par exemple d\u2019\u00e9quiper les b\u00e2timents de d\u00e9tecteurs de mouvements et d\u2019ampoules LED moins consommatrices en \u00e9lectricit\u00e9, mais aussi des mesures plus controvers\u00e9es comme la fermeture des \u00e9coles le vendredi.<\/p>\n<p>\u00c0 l\u2019instar de ce que d\u2019autres pays tenteront de mettre en \u0153uvre, les temp\u00e9ratures dans les b\u00e2timents publics pourraient \u00eatre r\u00e9duites \u00e0 20 degr\u00e9s maximum dans les bureaux. Les couloirs et cages d\u2019escalier auraient deux degr\u00e9s de moins. Le chauffage dans les b\u00e2timents pourrait \u00e9galement commencer \u00e0 une date plus tardive que d\u2019habitude.<!--more--><\/p>\n<p>En France, les discussions tournent plut\u00f4t autour d\u2019une temp\u00e9rature dans les bureaux \u00e0 19\u00b0C, alors que la ville de Paris a annonc\u00e9 que la temp\u00e9rature des b\u00e2timents publics sera progressivement abaiss\u00e9e \u00e0 18\u00baC le jour et \u00e0 12\u00baC la nuit. \u00c0 Berlin, la temp\u00e9rature des b\u00e2timents publics sera abaiss\u00e9e \u00e0 19\u00baC, et \u00e0 17\u00baC dans les couloirs et les cages d\u2019escalier. En <a href=\"https:\/\/www.newsendip.com\/fr\/etiquette\/hongrie\/\">Hongrie<\/a>, un d\u00e9cret va limiter le chauffage \u00e0 18\u00baC maximum au sein des b\u00e2timents publics.<\/p>\n<p>Comme en France, l\u2019\u00e9clairage ext\u00e9rieur des monuments historiques slovaques pourrait s\u2019arr\u00eater plus t\u00f4t la nuit, tandis que Berlin les a compl\u00e8tement \u00e9teints.<\/p>\n<p>D\u2019autres \u00e9conomies pourraient \u00eatre r\u00e9alis\u00e9es en ordonnant aux <a href=\"https:\/\/www.newsendip.com\/fr\/ladministration-argentine-invitee-a-teletravailler-pour-eviter-une-nouvelle-panne-delectricite\/\">fonctionnaires de t\u00e9l\u00e9travailler<\/a> les lundis et\/ou vendredis et pendant les p\u00e9riodes de vacances scolaires. Selon les analystes, les mesures sur le t\u00e9l\u00e9travail pourraient permettre d\u2019\u00e9conomiser jusqu\u2019\u00e0 20\u202f% d\u2019\u00e9nergie. Il s\u2019agirait des mesures envisag\u00e9es qui \u00e9conomiseraient le plus d\u2019\u00e9nergie \u00e0 ce jour, selon <a href=\"https:\/\/www.cas.sk\/clanok\/2718975\/setrenie-sa-dotkne-aj-statnych-institucii-budu-urady-fungovat-tri-dni-ake-opatrenia-su-v-hre\/\">le ministre du travail Milan Krajniak<\/a>.<\/p>\n<p>Mais les employ\u00e9s de la fonction publique pourraient ne pas uniquement constater une baisse de temp\u00e9rature dans les bureaux. Ils pourraient \u00e9galement ne plus avoir d\u2019eau chaude et se voir retirer les appareils \u00e9lectriques qui ne sont pas li\u00e9s au travail, comme les r\u00e9frig\u00e9rateurs et les micro-ondes par exemple. La ville de <a href=\"https:\/\/www.berlin.de\/energie\/en\/measures\/\">Berlin<\/a> a d\u00e9j\u00e0 <a href=\"https:\/\/www.newsendip.com\/fr\/des-militants-tcheques-coupent-leau-du-ministere-de-lenvironnement-pour-protester-contre-la-mine-de-charbon-de-turow\/\">coup\u00e9 l\u2019approvisionnement en eau<\/a> chaude dans les b\u00e2timents publics, except\u00e9 pour les douches et sanitaires des complexes sportifs.<\/p>\n<p>\u00c0 Bratislava, capitale de la Slovaquie, les temp\u00e9ratures ne d\u00e9passent gu\u00e8re les 5 degr\u00e9s durant les journ\u00e9es de d\u00e9cembre \u00e0 f\u00e9vrier.<\/p>\n<p>Selon Zuzana Eli\u00e1\u0161ov\u00e1, porte-parole du minist\u00e8re de l\u2019int\u00e9rieur, des notices d\u2019information pour limiter une a\u00e9ration excessive ou encore pour faire attention \u00e0 la temp\u00e9rature de l\u2019eau pourront \u00eatre distribu\u00e9es aux employ\u00e9s.<\/p>\n<h2>Les \u00e9coles et les h\u00f4pitaux seront prioritaires<\/h2>\n<p>Les changements propos\u00e9s par le minist\u00e8re de l\u2019environnement pourraient \u00e9galement affecter les \u00e9tablissements scolaires. Le projet sugg\u00e8re de fermer les \u00e9coles le vendredi et de prolonger les vacances de No\u00ebl de deux semaines suppl\u00e9mentaires pour \u00e9viter de chauffer les classes.<\/p>\n<p>Ces id\u00e9es interviennent quelques jours apr\u00e8s que le secteur universitaire a exprim\u00e9 ses inqui\u00e9tudes quant \u00e0 la hausse des co\u00fbts de l\u2019\u00e9lectricit\u00e9 qui menacerait le fonctionnement des universit\u00e9s et des \u00e9coles.<\/p>\n<p>La <a href=\"https:\/\/www.srk.sk\/sk\/aktuality\/590-zabranme-kolapsu-vysokych-skol-na-slovensku\">Conf\u00e9rence des recteurs slovaques<\/a>, l\u2019un des trois organes repr\u00e9sentant les universit\u00e9s en Slovaquie, dans une d\u00e9claration soutenue par plusieurs autres syndicats et repr\u00e9sentants de l\u2019\u00e9ducation, a publi\u00e9 le 13 septembre que \u00ab\u202f<em>les universit\u00e9s sont au bord de l\u2019effondrement\u202f\u00bb<\/em>. Elle a pr\u00e9venu que les universit\u00e9s devraient fermer leurs portes \u00e0 partir de la mi-novembre si elles continuaient \u00e0 subir des coupes budg\u00e9taires et ne recevaient pas davantage de moyens pour pouvoir payer les factures d\u2019\u00e9nergie.<\/p>\n<p>Mais le lendemain, le Premier ministre Eduard Heger a r\u00e9agi en d\u00e9clarant que le gouvernement ferait des \u00e9tablissements scolaires et de sant\u00e9 une priorit\u00e9 pour le chauffage des b\u00e2timents publics cet hiver et a recommand\u00e9 aux recteurs de ne pas paniquer face \u00e0 la crise \u00e9nerg\u00e9tique. \u00ab\u202f<em>Pensez-vous que nous allons laisser les \u00e9l\u00e8ves et les \u00e9tudiants geler dans les \u00e9coles\u202f? Pensez-vous que nous allons laisser les patients geler dans les h\u00f4pitaux\u202f? Il n\u2019en est pas question\u202f\u00bb<\/em>, <a href=\"https:\/\/www.teraz.sk\/najnovsie\/premier-uistil-ze-skoly-sa-zatvara\/660516-clanok.html\">a\u2011t-il d\u00e9clar\u00e9<\/a>.<\/p>\n<p>En Hongrie, certains b\u00e2timents publics comme les \u00e9coles, les \u00e9tablissements de sant\u00e9, de protection sociale, les cr\u00e8ches \u2013 mais aussi la Banque nationale hongroise selon <a href=\"https:\/\/telex.hu\/belfold\/2022\/09\/21\/homerseklet-korlatozas-18-celsius-fok-mnb-matolcsy-gyorgy-kivetel-energiavalsag-rezsivalsag\"><em>Telex<\/em><\/a> \u2013 ne sont pas soumises aux m\u00eames restrictions de temp\u00e9rature. Les \u00e9coles primaires devront toutefois \u00eatre \u00e0 20\u00b0C maximum.<\/p>\n<p>Le premier ministre slovaque a demand\u00e9 aux \u00e9coles de fournir des informations pr\u00e9cises sur leur consommation annuelle d\u2019\u00e9lectricit\u00e9 afin de calculer les cons\u00e9quences sur leurs budgets.<\/p>\n<p>Il a \u00e9galement assur\u00e9 que les \u00e9coles ne seraient pas ferm\u00e9es en raison des prix \u00e9lev\u00e9s de l\u2019\u00e9nergie et a rejet\u00e9 l\u2019id\u00e9e que l\u2019<a href=\"https:\/\/www.newsendip.com\/fr\/pas-de-retour-en-arriere-les-etudes-superieures-a-distance-la-nouvelle-norme-aux-philippines\/\">apprentissage \u00e0 distance<\/a> se reproduise comme lors de la pand\u00e9mie de Covid-19.<\/p>\n<p>D\u00e9but septembre, le Premier ministre a sign\u00e9 \u00e0 Rome un contrat d\u2019approvisionnement en gaz naturel liqu\u00e9fi\u00e9 en provenance d\u2019Italie afin de r\u00e9duire sa <a href=\"https:\/\/www.newsendip.com\/fr\/le-plan-de-aie-pour-reduire-la-dependance-de-lue-au-gaz-naturel-russe\/\">d\u00e9pendance au gaz russe<\/a>.<\/p>\n<p>Mais une grande partie des mesures prises par la Slovaquie d\u00e9pendront des discussions entre les membres de l\u2019Union europ\u00e9enne, notamment pour un gel des prix commun. Le nouveau ministre de l\u2019\u00e9conomie, Karel Hirman, a estim\u00e9 que le plafonnement des prix de l\u2019\u00e9nergie \u00e9tait l\u2019un des m\u00e9canismes de base permettant de porter les prix \u00ab\u202f<em>\u00e0 un niveau tol\u00e9rable que chacun pourra se permettre\u202f\u00bb<\/em>. Le gouvernement pr\u00e9voit \u00e9galement de mettre en place des ch\u00e8ques \u00e9nergie pour les familles les plus modestes.<\/p>\n<p>Et au cas o\u00f9 il n\u2019y aurait pas d\u2019accord \u00e0 l\u2019\u00e9chelle de l\u2019UE, le gouvernement a approuv\u00e9 un projet de loi qui faciliterait la d\u00e9claration de l\u2019\u00e9tat d\u2019urgence, afin que le pays puisse appliquer son propre plafonnement des prix de l\u2019\u00e9nergie.<\/p>\n<p><strong><a href=\"https:\/\/www.newsendip.com\/fr\/etiquette\/slovaquie\/\">D\u00e9couvrez plus d\u2019actualit\u00e9s sur la Slovaquie<\/a><\/strong><\/p>\n","protected":false},"excerpt":{"rendered":"<p>\u00c0 l\u2019approche de l\u2019hiver et alors que les prix de l\u2019\u00e9nergie s\u2019envolent, l\u2019administration slovaque envisage plusieurs mani\u00e8res de faire des \u00e9conomies dans les b\u00e2timents publics.<\/p>\n","protected":false},"author":1,"featured_media":20029,"comment_status":"closed","ping_status":"closed","sticky":false,"template":"","format":"standard","meta":{"wp_typography_post_enhancements_disabled":false,"footnotes":""},"categories":[3016],"tags":[438,421],"class_list":["post-20019","post","type-post","status-publish","format-standard","has-post-thumbnail","hentry","category-environnement","tag-slovaquie","tag-vieux"],"yoast_head":"<!-- This site is optimized with the Yoast SEO Premium plugin v27.4 (Yoast SEO v27.4) - https:\/\/yoast.com\/product\/yoast-seo-premium-wordpress\/ -->\n<title>Pas de r\u00e9frig\u00e9rateurs au travail, fermeture des \u00e9coles, t\u00e9l\u00e9travail. La Slovaquie \u00e9tudie ses \u00e9conomies d&#039;\u00e9nergie potentielles pour l&#039;hiver<\/title>\n<meta name=\"description\" content=\"\u00c0 l&#039;approche de l&#039;hiver et alors que les prix de l&#039;\u00e9nergie s&#039;envolent, l&#039;administration slovaque envisage plusieurs mani\u00e8res de faire des \u00e9conomies dans les b\u00e2timents publics.\" \/>\n<meta name=\"robots\" content=\"index, follow, max-snippet:-1, max-image-preview:large, max-video-preview:-1\" \/>\n<link rel=\"canonical\" href=\"https:\/\/www.newsendip.com\/fr\/pas-de-refrigerateurs-au-travail-teletravail-fermeture-des-ecoles-la-slovaquie-etudie-ses-economies-denergie-potentielles-pour-lhiver\/\" \/>\n<meta property=\"og:locale\" content=\"fr_FR\" \/>\n<meta property=\"og:type\" content=\"article\" \/>\n<meta property=\"og:title\" content=\"Pas de r\u00e9frig\u00e9rateurs au travail, fermeture des \u00e9coles, t\u00e9l\u00e9travail. La Slovaquie \u00e9tudie ses \u00e9conomies d&#039;\u00e9nergie potentielles pour l&#039;hiver\" \/>\n<meta property=\"og:description\" content=\"\u00c0 l&#039;approche de l&#039;hiver et alors que les prix de l&#039;\u00e9nergie s&#039;envolent, l&#039;administration slovaque envisage plusieurs mani\u00e8res de faire des \u00e9conomies dans les b\u00e2timents publics.\" \/>\n<meta property=\"og:url\" content=\"https:\/\/www.newsendip.com\/fr\/pas-de-refrigerateurs-au-travail-teletravail-fermeture-des-ecoles-la-slovaquie-etudie-ses-economies-denergie-potentielles-pour-lhiver\/\" \/>\n<meta property=\"og:site_name\" content=\"Newsendip\" \/>\n<meta property=\"article:publisher\" content=\"https:\/\/www.facebook.com\/newsendip\" \/>\n<meta property=\"article:published_time\" content=\"2022-09-23T08:24:17+00:00\" \/>\n<meta property=\"article:modified_time\" content=\"2024-07-16T19:59:04+00:00\" \/>\n<meta property=\"og:image\" content=\"https:\/\/www.newsendip.com\/wp-content\/uploads\/2022\/09\/coffee-office-min.jpeg\" \/>\n\t<meta property=\"og:image:width\" content=\"1920\" \/>\n\t<meta property=\"og:image:height\" content=\"1280\" \/>\n\t<meta property=\"og:image:type\" content=\"image\/jpeg\" \/>\n<meta name=\"author\" content=\"Cl\u00e9ment V\u00e9rit\u00e9\" \/>\n<meta name=\"twitter:card\" content=\"summary_large_image\" \/>\n<meta name=\"twitter:image\" content=\"https:\/\/www.newsendip.com\/wp-content\/uploads\/2022\/09\/coffee-office-min.jpeg\" \/>\n<meta name=\"twitter:creator\" content=\"@https:\/\/twitter.com\/cverite\" \/>\n<meta name=\"twitter:site\" content=\"@newsendip\" \/>\n<meta name=\"twitter:label1\" content=\"\u00c9crit par\" \/>\n\t<meta name=\"twitter:data1\" content=\"Cl\u00e9ment V\u00e9rit\u00e9\" \/>\n\t<meta name=\"twitter:label2\" content=\"Dur\u00e9e de lecture estim\u00e9e\" \/>\n\t<meta name=\"twitter:data2\" content=\"5 minutes\" \/>\n<!-- \/ Yoast SEO Premium plugin. -->","yoast_head_json":{"title":"Pas de r\u00e9frig\u00e9rateurs au travail, fermeture des \u00e9coles, t\u00e9l\u00e9travail. La Slovaquie \u00e9tudie ses \u00e9conomies d'\u00e9nergie potentielles pour l'hiver","description":"\u00c0 l'approche de l'hiver et alors que les prix de l'\u00e9nergie s'envolent, l'administration slovaque envisage plusieurs mani\u00e8res de faire des \u00e9conomies dans les b\u00e2timents publics.","robots":{"index":"index","follow":"follow","max-snippet":"max-snippet:-1","max-image-preview":"max-image-preview:large","max-video-preview":"max-video-preview:-1"},"canonical":"https:\/\/www.newsendip.com\/fr\/pas-de-refrigerateurs-au-travail-teletravail-fermeture-des-ecoles-la-slovaquie-etudie-ses-economies-denergie-potentielles-pour-lhiver\/","og_locale":"fr_FR","og_type":"article","og_title":"Pas de r\u00e9frig\u00e9rateurs au travail, fermeture des \u00e9coles, t\u00e9l\u00e9travail. La Slovaquie \u00e9tudie ses \u00e9conomies d'\u00e9nergie potentielles pour l'hiver","og_description":"\u00c0 l'approche de l'hiver et alors que les prix de l'\u00e9nergie s'envolent, l'administration slovaque envisage plusieurs mani\u00e8res de faire des \u00e9conomies dans les b\u00e2timents publics.","og_url":"https:\/\/www.newsendip.com\/fr\/pas-de-refrigerateurs-au-travail-teletravail-fermeture-des-ecoles-la-slovaquie-etudie-ses-economies-denergie-potentielles-pour-lhiver\/","og_site_name":"Newsendip","article_publisher":"https:\/\/www.facebook.com\/newsendip","article_published_time":"2022-09-23T08:24:17+00:00","article_modified_time":"2024-07-16T19:59:04+00:00","og_image":[{"width":1920,"height":1280,"url":"https:\/\/www.newsendip.com\/wp-content\/uploads\/2022\/09\/coffee-office-min.jpeg","type":"image\/jpeg"}],"author":"Cl\u00e9ment V\u00e9rit\u00e9","twitter_card":"summary_large_image","twitter_image":"https:\/\/www.newsendip.com\/wp-content\/uploads\/2022\/09\/coffee-office-min.jpeg","twitter_creator":"@https:\/\/twitter.com\/cverite","twitter_site":"@newsendip","twitter_misc":{"\u00c9crit par":"Cl\u00e9ment V\u00e9rit\u00e9","Dur\u00e9e de lecture estim\u00e9e":"5 minutes"},"schema":{"@context":"https:\/\/schema.org","@graph":[{"@type":"NewsArticle","@id":"https:\/\/www.newsendip.com\/fr\/pas-de-refrigerateurs-au-travail-teletravail-fermeture-des-ecoles-la-slovaquie-etudie-ses-economies-denergie-potentielles-pour-lhiver\/#article","isPartOf":{"@id":"https:\/\/www.newsendip.com\/fr\/pas-de-refrigerateurs-au-travail-teletravail-fermeture-des-ecoles-la-slovaquie-etudie-ses-economies-denergie-potentielles-pour-lhiver\/"},"author":{"name":"Cl\u00e9ment V\u00e9rit\u00e9","@id":"https:\/\/www.newsendip.com\/fr\/#\/schema\/person\/ea22c01755f464a3cbc2c619584d6363"},"headline":"Pas de r\u00e9frig\u00e9rateurs au travail, fermeture des \u00e9coles, t\u00e9l\u00e9travail. La Slovaquie \u00e9tudie ses \u00e9conomies d\u2019\u00e9nergie potentielles pour l\u2019hiver","datePublished":"2022-09-23T08:24:17+00:00","dateModified":"2024-07-16T19:59:04+00:00","mainEntityOfPage":{"@id":"https:\/\/www.newsendip.com\/fr\/pas-de-refrigerateurs-au-travail-teletravail-fermeture-des-ecoles-la-slovaquie-etudie-ses-economies-denergie-potentielles-pour-lhiver\/"},"wordCount":1174,"publisher":{"@id":"https:\/\/www.newsendip.com\/fr\/#organization"},"image":{"@id":"https:\/\/www.newsendip.com\/fr\/pas-de-refrigerateurs-au-travail-teletravail-fermeture-des-ecoles-la-slovaquie-etudie-ses-economies-denergie-potentielles-pour-lhiver\/#primaryimage"},"thumbnailUrl":"https:\/\/www.newsendip.com\/wp-content\/uploads\/2022\/09\/coffee-office.webp","keywords":["Slovaquie","Vieux"],"articleSection":["Environnement"],"inLanguage":"fr-FR","copyrightYear":"2022","copyrightHolder":{"@id":"https:\/\/www.newsendip.com\/#organization"}},{"@type":"WebPage","@id":"https:\/\/www.newsendip.com\/fr\/pas-de-refrigerateurs-au-travail-teletravail-fermeture-des-ecoles-la-slovaquie-etudie-ses-economies-denergie-potentielles-pour-lhiver\/","url":"https:\/\/www.newsendip.com\/fr\/pas-de-refrigerateurs-au-travail-teletravail-fermeture-des-ecoles-la-slovaquie-etudie-ses-economies-denergie-potentielles-pour-lhiver\/","name":"Pas de r\u00e9frig\u00e9rateurs au travail, fermeture des \u00e9coles, t\u00e9l\u00e9travail. La Slovaquie \u00e9tudie ses \u00e9conomies d'\u00e9nergie potentielles pour l'hiver","isPartOf":{"@id":"https:\/\/www.newsendip.com\/fr\/#website"},"primaryImageOfPage":{"@id":"https:\/\/www.newsendip.com\/fr\/pas-de-refrigerateurs-au-travail-teletravail-fermeture-des-ecoles-la-slovaquie-etudie-ses-economies-denergie-potentielles-pour-lhiver\/#primaryimage"},"image":{"@id":"https:\/\/www.newsendip.com\/fr\/pas-de-refrigerateurs-au-travail-teletravail-fermeture-des-ecoles-la-slovaquie-etudie-ses-economies-denergie-potentielles-pour-lhiver\/#primaryimage"},"thumbnailUrl":"https:\/\/www.newsendip.com\/wp-content\/uploads\/2022\/09\/coffee-office.webp","datePublished":"2022-09-23T08:24:17+00:00","dateModified":"2024-07-16T19:59:04+00:00","description":"\u00c0 l'approche de l'hiver et alors que les prix de l'\u00e9nergie s'envolent, l'administration slovaque envisage plusieurs mani\u00e8res de faire des \u00e9conomies dans les b\u00e2timents publics.","breadcrumb":{"@id":"https:\/\/www.newsendip.com\/fr\/pas-de-refrigerateurs-au-travail-teletravail-fermeture-des-ecoles-la-slovaquie-etudie-ses-economies-denergie-potentielles-pour-lhiver\/#breadcrumb"},"inLanguage":"fr-FR","potentialAction":[{"@type":"ReadAction","target":["https:\/\/www.newsendip.com\/fr\/pas-de-refrigerateurs-au-travail-teletravail-fermeture-des-ecoles-la-slovaquie-etudie-ses-economies-denergie-potentielles-pour-lhiver\/"]}]},{"@type":"ImageObject","inLanguage":"fr-FR","@id":"https:\/\/www.newsendip.com\/fr\/pas-de-refrigerateurs-au-travail-teletravail-fermeture-des-ecoles-la-slovaquie-etudie-ses-economies-denergie-potentielles-pour-lhiver\/#primaryimage","url":"https:\/\/www.newsendip.com\/wp-content\/uploads\/2022\/09\/coffee-office.webp","contentUrl":"https:\/\/www.newsendip.com\/wp-content\/uploads\/2022\/09\/coffee-office.webp","width":1920,"height":1280,"caption":"Les employ\u00e9s de l'administration publique de Slovaquie pourraient \u00eatre confront\u00e9s \u00e0 des restrictions sur les appareils \u00e9lectriques dans les bureaux afin d'\u00e9conomiser de l'\u00e9nergie en hiver | Illustration, Mad Fish Digital"},{"@type":"BreadcrumbList","@id":"https:\/\/www.newsendip.com\/fr\/pas-de-refrigerateurs-au-travail-teletravail-fermeture-des-ecoles-la-slovaquie-etudie-ses-economies-denergie-potentielles-pour-lhiver\/#breadcrumb","itemListElement":[{"@type":"ListItem","position":1,"name":"Accueil","item":"https:\/\/www.newsendip.com\/fr\/"},{"@type":"ListItem","position":2,"name":"Pas de r\u00e9frig\u00e9rateurs au travail, fermeture des \u00e9coles, t\u00e9l\u00e9travail. La Slovaquie \u00e9tudie ses \u00e9conomies d&#8217;\u00e9nergie potentielles pour l&#8217;hiver"}]},{"@type":"WebSite","@id":"https:\/\/www.newsendip.com\/fr\/#website","url":"https:\/\/www.newsendip.com\/fr\/","name":"Newsendip","description":"Red\u00e9couvrez l&#039;actualit\u00e9 internationale","publisher":{"@id":"https:\/\/www.newsendip.com\/fr\/#organization"},"potentialAction":[{"@type":"SearchAction","target":{"@type":"EntryPoint","urlTemplate":"https:\/\/www.newsendip.com\/fr\/?s={search_term_string}"},"query-input":{"@type":"PropertyValueSpecification","valueRequired":true,"valueName":"search_term_string"}}],"inLanguage":"fr-FR"},{"@type":"Organization","@id":"https:\/\/www.newsendip.com\/fr\/#organization","name":"Newsendip","url":"https:\/\/www.newsendip.com\/fr\/","logo":{"@type":"ImageObject","inLanguage":"fr-FR","@id":"https:\/\/www.newsendip.com\/fr\/#\/schema\/logo\/image\/","url":"https:\/\/www.newsendip.com\/wp-content\/uploads\/2023\/12\/512x512.svg","contentUrl":"https:\/\/www.newsendip.com\/wp-content\/uploads\/2023\/12\/512x512.svg","width":1,"height":1,"caption":"Newsendip"},"image":{"@id":"https:\/\/www.newsendip.com\/fr\/#\/schema\/logo\/image\/"},"sameAs":["https:\/\/www.facebook.com\/newsendip","https:\/\/x.com\/newsendip","https:\/\/mastodon.social\/@newsendip","https:\/\/www.linkedin.com\/company\/newsendip"],"description":"Newsendip est un site qui a pour mission de rendre l'actualit\u00e9 internationale accessible et diversifi\u00e9e","email":"contact@newsendip.com","legalName":"Newsendip SAS","foundingDate":"2022-11-04","vatID":"FR60921124723","numberOfEmployees":{"@type":"QuantitativeValue","minValue":"1","maxValue":"10"},"publishingPrinciples":"https:\/\/www.newsendip.com\/about-us\/","ownershipFundingInfo":"https:\/\/www.newsendip.com\/legal-notice\/","actionableFeedbackPolicy":"https:\/\/www.newsendip.com\/about-us\/","correctionsPolicy":"https:\/\/www.newsendip.com\/about-us\/","ethicsPolicy":"https:\/\/www.newsendip.com\/about-us\/","diversityPolicy":"https:\/\/www.newsendip.com\/about-us\/"},{"@type":"Person","@id":"https:\/\/www.newsendip.com\/fr\/#\/schema\/person\/ea22c01755f464a3cbc2c619584d6363","name":"Cl\u00e9ment V\u00e9rit\u00e9","description":"Cl\u00e9ment is the executive editor and founder of Newsendip. He started in the media industry as a freelance reporter at 16 for a local French newspaper after school and has never left it. He later worked for seven years at The New York Times, notably as a data analyst. He holds a Master of Management in France and a Master of Arts in the United Kingdom in International Marketing &amp; Communications Strategy. He has lived in France, the United Kingdom, and Italy.","sameAs":["https:\/\/www.newsendip.com\/","https:\/\/www.linkedin.com\/in\/clementverite\/","https:\/\/x.com\/https:\/\/twitter.com\/cverite"],"knowsAbout":["News","International","Business","Media monitoring"],"knowsLanguage":["English","French","Italian","Spanish"],"url":"https:\/\/www.newsendip.com\/fr\/author\/clement-verite\/"}]}},"_links":{"self":[{"href":"https:\/\/www.newsendip.com\/fr\/wp-json\/wp\/v2\/posts\/20019","targetHints":{"allow":["GET"]}}],"collection":[{"href":"https:\/\/www.newsendip.com\/fr\/wp-json\/wp\/v2\/posts"}],"about":[{"href":"https:\/\/www.newsendip.com\/fr\/wp-json\/wp\/v2\/types\/post"}],"author":[{"embeddable":true,"href":"https:\/\/www.newsendip.com\/fr\/wp-json\/wp\/v2\/users\/1"}],"replies":[{"embeddable":true,"href":"https:\/\/www.newsendip.com\/fr\/wp-json\/wp\/v2\/comments?post=20019"}],"version-history":[{"count":0,"href":"https:\/\/www.newsendip.com\/fr\/wp-json\/wp\/v2\/posts\/20019\/revisions"}],"wp:featuredmedia":[{"embeddable":true,"href":"https:\/\/www.newsendip.com\/fr\/wp-json\/wp\/v2\/media\/20029"}],"wp:attachment":[{"href":"https:\/\/www.newsendip.com\/fr\/wp-json\/wp\/v2\/media?parent=20019"}],"wp:term":[{"taxonomy":"category","embeddable":true,"href":"https:\/\/www.newsendip.com\/fr\/wp-json\/wp\/v2\/categories?post=20019"},{"taxonomy":"post_tag","embeddable":true,"href":"https:\/\/www.newsendip.com\/fr\/wp-json\/wp\/v2\/tags?post=20019"}],"curies":[{"name":"wp","href":"https:\/\/api.w.org\/{rel}","templated":true}]}}