{"id":20680,"date":"2022-10-17T18:58:03","date_gmt":"2022-10-17T16:58:03","guid":{"rendered":"https:\/\/www.newsendip.com\/?p=20680"},"modified":"2024-07-16T23:23:57","modified_gmt":"2024-07-16T21:23:57","slug":"les-portugais-plus-exposes-au-risque-de-pauvrete-en-2021-le-premier-recul-depuis-2014","status":"publish","type":"post","link":"https:\/\/www.newsendip.com\/fr\/les-portugais-plus-exposes-au-risque-de-pauvrete-en-2021-le-premier-recul-depuis-2014\/","title":{"rendered":"Les Portugais plus expos\u00e9s au risque de pauvret\u00e9 en 2021, le premier recul depuis 2014"},"content":{"rendered":"<p><strong>Les Portugais \u00e9taient plus expos\u00e9s au risque de pauvret\u00e9 ou d\u2019exclusion sociale en 2021. Le premier recul de cet indicateur de l\u2019augmentation des in\u00e9galit\u00e9s de revenus dans le pays depuis 2014.<br>\n<\/strong><\/p>\n<figure id=\"attachment_20692\" aria-describedby=\"caption-attachment-20692\" style=\"width: 1024px\" class=\"wp-caption aligncenter\"><img decoding=\"async\" class=\"wp-image-20692 size-large\" src=\"https:\/\/www.newsendip.com\/wp-content\/uploads\/2022\/10\/street-lisbon-portugal-1024x576.webp\" alt=\"Rue \u00e0 Lisbonne, Portugal\" width=\"1024\" height=\"576\" srcset=\"https:\/\/www.newsendip.com\/wp-content\/uploads\/2022\/10\/street-lisbon-portugal-1024x576.webp 1024w, https:\/\/www.newsendip.com\/wp-content\/uploads\/2022\/10\/street-lisbon-portugal-60x34.webp 60w, https:\/\/www.newsendip.com\/wp-content\/uploads\/2022\/10\/street-lisbon-portugal-300x169.webp 300w, https:\/\/www.newsendip.com\/wp-content\/uploads\/2022\/10\/street-lisbon-portugal-768x432.webp 768w, https:\/\/www.newsendip.com\/wp-content\/uploads\/2022\/10\/street-lisbon-portugal-1536x864.webp 1536w, https:\/\/www.newsendip.com\/wp-content\/uploads\/2022\/10\/street-lisbon-portugal.webp 1920w\" sizes=\"(max-width: 1024px) 100vw, 1024px\"><figcaption id=\"caption-attachment-20692\" class=\"wp-caption-text\">Lisbonne, Portugal \u00a9 j\u00f6t\u00e2k\u00e5 ,&nbsp;2018<\/figcaption><\/figure>\n<p>Le taux de risque de pauvret\u00e9 s\u2019\u00e9levait \u00e0 18,4\u202f% de la population portugaise en 2021, selon les donn\u00e9es d\u2019<a href=\"https:\/\/ec.europa.eu\/eurostat\/databrowser\/view\/tespm010\/default\/table?lang=en\">Eurostat<\/a>. Ce taux \u00e9tait en hausse de 2,2 points de pourcentage par rapport aux 16,2\u202f% de 2020, soit la plus forte augmentation parmi les 27 \u00c9tats membres de l\u2019Union europ\u00e9enne et la premi\u00e8re hausse au Portugal depuis 2014.<\/p>\n<p>Le 17 octobre, journ\u00e9e internationale pour l\u2019\u00e9limination de la pauvret\u00e9, le portail de statistiques <a href=\"https:\/\/twitter.com\/PORDATA\/status\/1581910382343585793\">Pordata<\/a> a partag\u00e9 que le Portugal est le sixi\u00e8me pays de l\u2019UE avec la plus grande part d\u2019employ\u00e9s ayant des revenus en dessous du seuil de pauvret\u00e9, ce qui signifie que plus d\u2019un Portugais sur dix gagne moins de 6 653 euros bruts par&nbsp;an.<\/p>\n<p>Les faibles revenus sont d\u2019ailleurs l\u2019une des raisons pour lesquelles <a href=\"https:\/\/www.newsendip.com\/fr\/30-de-la-jeunesse-portugaise-souhaite-quitter-le-pays\/\">de nombreux jeunes Portugais souhaitent quitter le pays<\/a>. Parall\u00e8lement, 72\u202f% des retrait\u00e9s vivaient avec moins de 665 euros par mois en&nbsp;2021.<!--more--><\/p>\n<p>\u00ab\u202f<em>Le Portugal a d\u00e9vi\u00e9 de la trajectoire de r\u00e9duction de la pauvret\u00e9 qu\u2019il suivait depuis 2014\u202f\u00bb<\/em>, a d\u00e9clar\u00e9 Lu\u00edsa Louro, la directrice de Pordata au <a href=\"https:\/\/www.dn.pt\/sociedade\/populacao-portuguesa-esta-mais-pobre-e-a-ficar-para-tras-15259432.html\"><em>Di\u00e1rio de Noticias<\/em><\/a>.<\/p>\n<p>Le taux de risque de pauvret\u00e9 indique la part des personnes dont le revenu disponible apr\u00e8s transferts sociaux est inf\u00e9rieur \u00e0 60\u202f% du revenu m\u00e9dian national apr\u00e8s transferts sociaux. Cet indicateur permet de montrer les diff\u00e9rences de revenus entre les r\u00e9sidents d\u2019un pays, sugg\u00e9rant que les personnes \u00e0 faible revenu au Portugal ont le plus souffert de l\u2019accroissement des in\u00e9galit\u00e9s de revenus par rapport aux autres membres de l\u2019Union europ\u00e9enne.<em><br>\n<\/em><\/p>\n<p>Cependant, le taux de risque de pauvret\u00e9 ne mesure pas la richesse ou la pauvret\u00e9, et n\u2019implique pas n\u00e9cessairement un faible niveau de vie. Certains retrait\u00e9s peuvent avoir de faibles revenus mais beaucoup d\u2019\u00e9conomies pour vivre, par exemple.<\/p>\n<p>Le Portugal a connu la plus forte augmentation de l\u2019UE du taux de risque de pauvret\u00e9 devant la Gr\u00e8ce, dont le taux n\u2019avait pas augment\u00e9 depuis 2012 mais qui a progress\u00e9 de 1,9 point de pourcentage en 2021 pour atteindre 19,6\u202f%. La <a href=\"https:\/\/www.newsendip.com\/fr\/etiquette\/hongrie\/\">Hongrie<\/a> n\u2019avait pas non plus connu d\u2019augmentation depuis 2013 mais la situation s\u2019est aggrav\u00e9e de 0,4 point de pourcentage et le taux de risque de pauvret\u00e9 est d\u00e9sormais de 12,7\u202f% apr\u00e8s transferts sociaux, selon Eurostat. Chypre est d\u00e9sormais le pays dont l\u2019am\u00e9lioration continue est la plus longue, avec une baisse du taux de risque de pauvret\u00e9 de mani\u00e8re cons\u00e9cutive sur ces six derni\u00e8res ann\u00e9es.<\/p>\n<p>Le Portugal a d\u00e9sormais la 10e plus grande part de la population expos\u00e9e au risque de pauvret\u00e9 dans l\u2019Union europ\u00e9enne, dont la moyenne \u00e9tait de 16,8\u202f% en 2021, en hausse de 0,1 point de pourcentage par rapport \u00e0 2020. La <a href=\"https:\/\/www.newsendip.com\/fr\/etiquette\/lettonie\/\">Lettonie<\/a>, avec 23,4\u202f%, pr\u00e9sente le risque le plus \u00e9lev\u00e9 apr\u00e8s transferts sociaux.<\/p>\n<p><a href=\"https:\/\/www.newsendip.com\/fr\/etiquette\/portugal\/\"><strong>D\u00e9couvrez plus d\u2019actualit\u00e9s sur le Portugal<\/strong><\/a><\/p>\n","protected":false},"excerpt":{"rendered":"<p>Les Portugais \u00e9taient plus expos\u00e9s au risque de pauvret\u00e9 ou d\u2019exclusion sociale en 2021. Le premier recul de cet indicateur de l\u2019augmentation des in\u00e9galit\u00e9s de revenus dans le pays depuis 2014.<\/p>\n","protected":false},"author":1,"featured_media":20692,"comment_status":"closed","ping_status":"closed","sticky":false,"template":"","format":"standard","meta":{"wp_typography_post_enhancements_disabled":false,"footnotes":""},"categories":[409],"tags":[453,421],"class_list":["post-20680","post","type-post","status-publish","format-standard","has-post-thumbnail","hentry","category-societe","tag-portugal","tag-vieux"],"yoast_head":"<!-- This site is optimized with the Yoast SEO Premium plugin v27.4 (Yoast SEO v27.4) - https:\/\/yoast.com\/product\/yoast-seo-premium-wordpress\/ -->\n<title>Les Portugais plus expos\u00e9s au risque de pauvret\u00e9 en 2021, le premier recul depuis 2014<\/title>\n<meta name=\"description\" content=\"Les Portugais \u00e9taient plus expos\u00e9s au risque de pauvret\u00e9 ou d&#039;exclusion sociale en 2021. Le premier recul de cet indicateur de l&#039;augmentation des in\u00e9galit\u00e9s de revenus dans le pays depuis 2014.\" \/>\n<meta name=\"robots\" content=\"index, follow, max-snippet:-1, max-image-preview:large, max-video-preview:-1\" \/>\n<link rel=\"canonical\" href=\"https:\/\/www.newsendip.com\/fr\/les-portugais-plus-exposes-au-risque-de-pauvrete-en-2021-le-premier-recul-depuis-2014\/\" \/>\n<meta property=\"og:locale\" content=\"fr_FR\" \/>\n<meta property=\"og:type\" content=\"article\" \/>\n<meta property=\"og:title\" content=\"Les Portugais plus expos\u00e9s au risque de pauvret\u00e9 en 2021, le premier recul depuis 2014\" \/>\n<meta property=\"og:description\" content=\"Les Portugais \u00e9taient plus expos\u00e9s au risque de pauvret\u00e9 ou d&#039;exclusion sociale en 2021. Le premier recul de cet indicateur de l&#039;augmentation des in\u00e9galit\u00e9s de revenus dans le pays depuis 2014.\" \/>\n<meta property=\"og:url\" content=\"https:\/\/www.newsendip.com\/fr\/les-portugais-plus-exposes-au-risque-de-pauvrete-en-2021-le-premier-recul-depuis-2014\/\" \/>\n<meta property=\"og:site_name\" content=\"Newsendip\" \/>\n<meta property=\"article:publisher\" content=\"https:\/\/www.facebook.com\/newsendip\" \/>\n<meta property=\"article:published_time\" content=\"2022-10-17T16:58:03+00:00\" \/>\n<meta property=\"article:modified_time\" content=\"2024-07-16T21:23:57+00:00\" \/>\n<meta property=\"og:image\" content=\"https:\/\/www.newsendip.com\/wp-content\/uploads\/2022\/10\/street-lisbon-portugal-small-min.jpeg\" \/>\n\t<meta property=\"og:image:width\" content=\"640\" \/>\n\t<meta property=\"og:image:height\" content=\"360\" \/>\n\t<meta property=\"og:image:type\" content=\"image\/jpeg\" \/>\n<meta name=\"author\" content=\"Cl\u00e9ment V\u00e9rit\u00e9\" \/>\n<meta name=\"twitter:card\" content=\"summary_large_image\" \/>\n<meta name=\"twitter:image\" content=\"https:\/\/www.newsendip.com\/wp-content\/uploads\/2022\/10\/street-lisbon-portugal-small-min.jpeg\" \/>\n<meta name=\"twitter:creator\" content=\"@https:\/\/twitter.com\/cverite\" \/>\n<meta name=\"twitter:site\" content=\"@newsendip\" \/>\n<meta name=\"twitter:label1\" content=\"\u00c9crit par\" \/>\n\t<meta name=\"twitter:data1\" content=\"Cl\u00e9ment V\u00e9rit\u00e9\" \/>\n\t<meta name=\"twitter:label2\" content=\"Dur\u00e9e de lecture estim\u00e9e\" \/>\n\t<meta name=\"twitter:data2\" content=\"3 minutes\" \/>\n<!-- \/ Yoast SEO Premium plugin. -->","yoast_head_json":{"title":"Les Portugais plus expos\u00e9s au risque de pauvret\u00e9 en 2021, le premier recul depuis 2014","description":"Les Portugais \u00e9taient plus expos\u00e9s au risque de pauvret\u00e9 ou d'exclusion sociale en 2021. Le premier recul de cet indicateur de l'augmentation des in\u00e9galit\u00e9s de revenus dans le pays depuis 2014.","robots":{"index":"index","follow":"follow","max-snippet":"max-snippet:-1","max-image-preview":"max-image-preview:large","max-video-preview":"max-video-preview:-1"},"canonical":"https:\/\/www.newsendip.com\/fr\/les-portugais-plus-exposes-au-risque-de-pauvrete-en-2021-le-premier-recul-depuis-2014\/","og_locale":"fr_FR","og_type":"article","og_title":"Les Portugais plus expos\u00e9s au risque de pauvret\u00e9 en 2021, le premier recul depuis 2014","og_description":"Les Portugais \u00e9taient plus expos\u00e9s au risque de pauvret\u00e9 ou d'exclusion sociale en 2021. Le premier recul de cet indicateur de l'augmentation des in\u00e9galit\u00e9s de revenus dans le pays depuis 2014.","og_url":"https:\/\/www.newsendip.com\/fr\/les-portugais-plus-exposes-au-risque-de-pauvrete-en-2021-le-premier-recul-depuis-2014\/","og_site_name":"Newsendip","article_publisher":"https:\/\/www.facebook.com\/newsendip","article_published_time":"2022-10-17T16:58:03+00:00","article_modified_time":"2024-07-16T21:23:57+00:00","og_image":[{"width":640,"height":360,"url":"https:\/\/www.newsendip.com\/wp-content\/uploads\/2022\/10\/street-lisbon-portugal-small-min.jpeg","type":"image\/jpeg"}],"author":"Cl\u00e9ment V\u00e9rit\u00e9","twitter_card":"summary_large_image","twitter_image":"https:\/\/www.newsendip.com\/wp-content\/uploads\/2022\/10\/street-lisbon-portugal-small-min.jpeg","twitter_creator":"@https:\/\/twitter.com\/cverite","twitter_site":"@newsendip","twitter_misc":{"\u00c9crit par":"Cl\u00e9ment V\u00e9rit\u00e9","Dur\u00e9e de lecture estim\u00e9e":"3 minutes"},"schema":{"@context":"https:\/\/schema.org","@graph":[{"@type":"NewsArticle","@id":"https:\/\/www.newsendip.com\/fr\/les-portugais-plus-exposes-au-risque-de-pauvrete-en-2021-le-premier-recul-depuis-2014\/#article","isPartOf":{"@id":"https:\/\/www.newsendip.com\/fr\/les-portugais-plus-exposes-au-risque-de-pauvrete-en-2021-le-premier-recul-depuis-2014\/"},"author":{"name":"Cl\u00e9ment V\u00e9rit\u00e9","@id":"https:\/\/www.newsendip.com\/fr\/#\/schema\/person\/ea22c01755f464a3cbc2c619584d6363"},"headline":"Les Portugais plus expos\u00e9s au risque de pauvret\u00e9 en 2021, le premier recul depuis 2014","datePublished":"2022-10-17T16:58:03+00:00","dateModified":"2024-07-16T21:23:57+00:00","mainEntityOfPage":{"@id":"https:\/\/www.newsendip.com\/fr\/les-portugais-plus-exposes-au-risque-de-pauvrete-en-2021-le-premier-recul-depuis-2014\/"},"wordCount":541,"publisher":{"@id":"https:\/\/www.newsendip.com\/fr\/#organization"},"image":{"@id":"https:\/\/www.newsendip.com\/fr\/les-portugais-plus-exposes-au-risque-de-pauvrete-en-2021-le-premier-recul-depuis-2014\/#primaryimage"},"thumbnailUrl":"https:\/\/www.newsendip.com\/wp-content\/uploads\/2022\/10\/street-lisbon-portugal.webp","keywords":["Portugal","Vieux"],"articleSection":["Soci\u00e9t\u00e9"],"inLanguage":"fr-FR","copyrightYear":"2022","copyrightHolder":{"@id":"https:\/\/www.newsendip.com\/#organization"}},{"@type":"WebPage","@id":"https:\/\/www.newsendip.com\/fr\/les-portugais-plus-exposes-au-risque-de-pauvrete-en-2021-le-premier-recul-depuis-2014\/","url":"https:\/\/www.newsendip.com\/fr\/les-portugais-plus-exposes-au-risque-de-pauvrete-en-2021-le-premier-recul-depuis-2014\/","name":"Les Portugais plus expos\u00e9s au risque de pauvret\u00e9 en 2021, le premier recul depuis 2014","isPartOf":{"@id":"https:\/\/www.newsendip.com\/fr\/#website"},"primaryImageOfPage":{"@id":"https:\/\/www.newsendip.com\/fr\/les-portugais-plus-exposes-au-risque-de-pauvrete-en-2021-le-premier-recul-depuis-2014\/#primaryimage"},"image":{"@id":"https:\/\/www.newsendip.com\/fr\/les-portugais-plus-exposes-au-risque-de-pauvrete-en-2021-le-premier-recul-depuis-2014\/#primaryimage"},"thumbnailUrl":"https:\/\/www.newsendip.com\/wp-content\/uploads\/2022\/10\/street-lisbon-portugal.webp","datePublished":"2022-10-17T16:58:03+00:00","dateModified":"2024-07-16T21:23:57+00:00","description":"Les Portugais \u00e9taient plus expos\u00e9s au risque de pauvret\u00e9 ou d'exclusion sociale en 2021. Le premier recul de cet indicateur de l'augmentation des in\u00e9galit\u00e9s de revenus dans le pays depuis 2014.","breadcrumb":{"@id":"https:\/\/www.newsendip.com\/fr\/les-portugais-plus-exposes-au-risque-de-pauvrete-en-2021-le-premier-recul-depuis-2014\/#breadcrumb"},"inLanguage":"fr-FR","potentialAction":[{"@type":"ReadAction","target":["https:\/\/www.newsendip.com\/fr\/les-portugais-plus-exposes-au-risque-de-pauvrete-en-2021-le-premier-recul-depuis-2014\/"]}]},{"@type":"ImageObject","inLanguage":"fr-FR","@id":"https:\/\/www.newsendip.com\/fr\/les-portugais-plus-exposes-au-risque-de-pauvrete-en-2021-le-premier-recul-depuis-2014\/#primaryimage","url":"https:\/\/www.newsendip.com\/wp-content\/uploads\/2022\/10\/street-lisbon-portugal.webp","contentUrl":"https:\/\/www.newsendip.com\/wp-content\/uploads\/2022\/10\/street-lisbon-portugal.webp","width":1920,"height":1080,"caption":"Lisbonne, Portugal \u00a9 j\u00f6t\u00e2k\u00e5 , 2018"},{"@type":"BreadcrumbList","@id":"https:\/\/www.newsendip.com\/fr\/les-portugais-plus-exposes-au-risque-de-pauvrete-en-2021-le-premier-recul-depuis-2014\/#breadcrumb","itemListElement":[{"@type":"ListItem","position":1,"name":"Accueil","item":"https:\/\/www.newsendip.com\/fr\/"},{"@type":"ListItem","position":2,"name":"Les Portugais plus expos\u00e9s au risque de pauvret\u00e9 en 2021, le premier recul depuis 2014"}]},{"@type":"WebSite","@id":"https:\/\/www.newsendip.com\/fr\/#website","url":"https:\/\/www.newsendip.com\/fr\/","name":"Newsendip","description":"Red\u00e9couvrez l&#039;actualit\u00e9 internationale","publisher":{"@id":"https:\/\/www.newsendip.com\/fr\/#organization"},"potentialAction":[{"@type":"SearchAction","target":{"@type":"EntryPoint","urlTemplate":"https:\/\/www.newsendip.com\/fr\/?s={search_term_string}"},"query-input":{"@type":"PropertyValueSpecification","valueRequired":true,"valueName":"search_term_string"}}],"inLanguage":"fr-FR"},{"@type":"Organization","@id":"https:\/\/www.newsendip.com\/fr\/#organization","name":"Newsendip","url":"https:\/\/www.newsendip.com\/fr\/","logo":{"@type":"ImageObject","inLanguage":"fr-FR","@id":"https:\/\/www.newsendip.com\/fr\/#\/schema\/logo\/image\/","url":"https:\/\/www.newsendip.com\/wp-content\/uploads\/2023\/12\/512x512.svg","contentUrl":"https:\/\/www.newsendip.com\/wp-content\/uploads\/2023\/12\/512x512.svg","width":1,"height":1,"caption":"Newsendip"},"image":{"@id":"https:\/\/www.newsendip.com\/fr\/#\/schema\/logo\/image\/"},"sameAs":["https:\/\/www.facebook.com\/newsendip","https:\/\/x.com\/newsendip","https:\/\/mastodon.social\/@newsendip","https:\/\/www.linkedin.com\/company\/newsendip"],"description":"Newsendip est un site qui a pour mission de rendre l'actualit\u00e9 internationale accessible et diversifi\u00e9e","email":"contact@newsendip.com","legalName":"Newsendip SAS","foundingDate":"2022-11-04","vatID":"FR60921124723","numberOfEmployees":{"@type":"QuantitativeValue","minValue":"1","maxValue":"10"},"publishingPrinciples":"https:\/\/www.newsendip.com\/about-us\/","ownershipFundingInfo":"https:\/\/www.newsendip.com\/legal-notice\/","actionableFeedbackPolicy":"https:\/\/www.newsendip.com\/about-us\/","correctionsPolicy":"https:\/\/www.newsendip.com\/about-us\/","ethicsPolicy":"https:\/\/www.newsendip.com\/about-us\/","diversityPolicy":"https:\/\/www.newsendip.com\/about-us\/"},{"@type":"Person","@id":"https:\/\/www.newsendip.com\/fr\/#\/schema\/person\/ea22c01755f464a3cbc2c619584d6363","name":"Cl\u00e9ment V\u00e9rit\u00e9","description":"Cl\u00e9ment is the executive editor and founder of Newsendip. He started in the media industry as a freelance reporter at 16 for a local French newspaper after school and has never left it. He later worked for seven years at The New York Times, notably as a data analyst. He holds a Master of Management in France and a Master of Arts in the United Kingdom in International Marketing &amp; Communications Strategy. He has lived in France, the United Kingdom, and Italy.","sameAs":["https:\/\/www.newsendip.com\/","https:\/\/www.linkedin.com\/in\/clementverite\/","https:\/\/x.com\/https:\/\/twitter.com\/cverite"],"knowsAbout":["News","International","Business","Media monitoring"],"knowsLanguage":["English","French","Italian","Spanish"],"url":"https:\/\/www.newsendip.com\/fr\/author\/clement-verite\/"}]}},"_links":{"self":[{"href":"https:\/\/www.newsendip.com\/fr\/wp-json\/wp\/v2\/posts\/20680","targetHints":{"allow":["GET"]}}],"collection":[{"href":"https:\/\/www.newsendip.com\/fr\/wp-json\/wp\/v2\/posts"}],"about":[{"href":"https:\/\/www.newsendip.com\/fr\/wp-json\/wp\/v2\/types\/post"}],"author":[{"embeddable":true,"href":"https:\/\/www.newsendip.com\/fr\/wp-json\/wp\/v2\/users\/1"}],"replies":[{"embeddable":true,"href":"https:\/\/www.newsendip.com\/fr\/wp-json\/wp\/v2\/comments?post=20680"}],"version-history":[{"count":0,"href":"https:\/\/www.newsendip.com\/fr\/wp-json\/wp\/v2\/posts\/20680\/revisions"}],"wp:featuredmedia":[{"embeddable":true,"href":"https:\/\/www.newsendip.com\/fr\/wp-json\/wp\/v2\/media\/20692"}],"wp:attachment":[{"href":"https:\/\/www.newsendip.com\/fr\/wp-json\/wp\/v2\/media?parent=20680"}],"wp:term":[{"taxonomy":"category","embeddable":true,"href":"https:\/\/www.newsendip.com\/fr\/wp-json\/wp\/v2\/categories?post=20680"},{"taxonomy":"post_tag","embeddable":true,"href":"https:\/\/www.newsendip.com\/fr\/wp-json\/wp\/v2\/tags?post=20680"}],"curies":[{"name":"wp","href":"https:\/\/api.w.org\/{rel}","templated":true}]}}