{"id":20873,"date":"2022-10-20T12:31:00","date_gmt":"2022-10-20T10:31:00","guid":{"rendered":"https:\/\/www.newsendip.com\/?p=20873"},"modified":"2022-11-05T12:36:32","modified_gmt":"2022-11-05T11:36:32","slug":"la-cumbia-danse-et-musique-traditionnelle-de-colombie-desormais-patrimoine-national-du-pays","status":"publish","type":"post","link":"https:\/\/www.newsendip.com\/fr\/la-cumbia-danse-et-musique-traditionnelle-de-colombie-desormais-patrimoine-national-du-pays\/","title":{"rendered":"La cumbia, danse et musique traditionnelle de Colombie, d\u00e9sormais patrimoine national du&nbsp;pays"},"content":{"rendered":"<p><strong>La Cumbia, danse et genre musical h\u00e9rit\u00e9 du m\u00e9tissage entre les peuples autochtones, les Africains et les Europ\u00e9ens, est d\u00e9sormais inscrite au patrimoine culturel immat\u00e9riel de la Colombie.<br>\n<\/strong><\/p>\n<figure id=\"attachment_20870\" aria-describedby=\"caption-attachment-20870\" style=\"width: 900px\" class=\"wp-caption aligncenter\"><img decoding=\"async\" class=\"wp-image-20870 size-full\" src=\"https:\/\/www.newsendip.com\/wp-content\/uploads\/2022\/10\/Cumbia-festival-colombia.webp\" alt=\"Artistes de cumbia pendant le festival \u00e0 El Banco en Colombie\" width=\"900\" height=\"600\" srcset=\"https:\/\/www.newsendip.com\/wp-content\/uploads\/2022\/10\/Cumbia-festival-colombia.webp 900w, https:\/\/www.newsendip.com\/wp-content\/uploads\/2022\/10\/Cumbia-festival-colombia-60x40.webp 60w, https:\/\/www.newsendip.com\/wp-content\/uploads\/2022\/10\/Cumbia-festival-colombia-720x480.webp 720w, https:\/\/www.newsendip.com\/wp-content\/uploads\/2022\/10\/Cumbia-festival-colombia-300x200.webp 300w, https:\/\/www.newsendip.com\/wp-content\/uploads\/2022\/10\/Cumbia-festival-colombia-768x512.webp 768w\" sizes=\"(max-width: 900px) 100vw, 900px\"><figcaption id=\"caption-attachment-20870\" class=\"wp-caption-text\">Artistes de cumbia pendant le festival \u00e0 El Banco en Colombie | \u00a9 Minist\u00e8re de la Culture de Colombie<\/figcaption><\/figure>\n<p>Le 16 octobre, la ministre colombienne de la culture, Patricia Ariza, a d\u00e9clar\u00e9 le cumbia, une danse traditionnelle carib\u00e9enne, patrimoine national du&nbsp;pays.<\/p>\n<p>La cumbia, issue d\u2019un m\u00e9lange de cultures autochtone, africaine et europ\u00e9enne, est d\u00e9sormais inscrite au patrimoine culturel immat\u00e9riel de la Colombie.<\/p>\n<p>\u00ab\u202f<em>La cumbia est le patrimoine de tous les Colombiens et Colombiennes, elle m\u00e9rite une place dans l\u2019histoire de la Colombie et une consid\u00e9ration importante dans la culture. La cumbia est un v\u00e9ritable patrimoine d\u2019El Banco, de la Colombie, de l\u2019Am\u00e9rique latine qui, esp\u00e9rons-le, sera un jour un <a href=\"https:\/\/www.newsendip.com\/fr\/patrimoine-culturel-immateriel-de-lhumanite-de-lunesco-43-nouvelles-inscriptions-en-2021\/\">patrimoine de l\u2019humanit\u00e9<\/a>\u202f\u00bb<\/em>, a d\u00e9clar\u00e9 la ministre de la Culture, Patricia Ariza.<\/p>\n<p>\u00ab\u202f<em>La cumbia est le r\u00e9sultat de la rencontre et du m\u00e9tissage entre les peuples autochtones, les Africains et les Europ\u00e9ens. Son histoire a consolid\u00e9 l\u2019identit\u00e9 de la Cara\u00efbe colombienne et de la nation en g\u00e9n\u00e9ral\u202f\u00bb<\/em>, selon le <a href=\"#post-bottom-source\">communiqu\u00e9 de presse du minist\u00e8re<\/a>.<\/p>\n<p>La cumbia est plus qu\u2019une danse folklorique. C\u2019est aussi un genre musical, dont la popularit\u00e9 s\u2019est \u00e9tendue aux autres pays d\u2019Am\u00e9rique latine avec des adaptations plus modernes et commerciales, et un ensemble de coutumes que l\u2019on retrouve dans l\u2019habillement, des rituels, la fabrication traditionnelle et manuelle d\u2019instruments et les festivals.<\/p>\n<p>L\u2019annonce a \u00e9t\u00e9 faite lors d\u2019un festival important de cumbia r\u00e9unissant plus de 1 200 artistes, le festival national de cumbia Jos\u00e9 Barros Palomino, \u00e0 El Banco, une ville du <a href=\"https:\/\/www.newsendip.com\/fr\/la-colombie-va-declarer-lhippopotame-importe-illegalement-par-pablo-escobar-une-espece-envahissante\/\">d\u00e9partement de Magdalena<\/a>, dans le nord du&nbsp;pays.<\/p>\n<p>Les origines exactes de la cumbia ne sont pas tout \u00e0 fait claires mais elle serait n\u00e9e dans le nord de la Colombie, \u00e0 la fronti\u00e8re des d\u00e9partements de Magdalena et de Bolivar durant les centaines d\u2019ann\u00e9es pendant lesquelles la Colombie fut une colonie espagnole jusqu\u2019\u00e0 son ind\u00e9pendance en 1819. D\u2019autres que la cumbia pourrait \u00eatre originaire d\u2019ailleurs en Colombie ou m\u00eame d\u2019Afrique.<\/p>\n<p>El Banco est surnomm\u00e9e la \u00ab\u202fcit\u00e9 imp\u00e9riale\u202f\u00bb de la cumbia. Le festival porte le nom de Jos\u00e9 Benito Barros Palomino, l\u2019un des plus \u00e9minents musiciens et compositeurs de cumbia colombiens qui fut n\u00e9 dans la&nbsp;ville.<\/p>\n<p>D\u00e9sormais inscrite au patrimoine national, le pays s\u2019emploiera \u00e0 pr\u00e9server et \u00e0 sauvegarder l\u2019h\u00e9ritage de la cumbia par le biais d\u2019activit\u00e9s culturelles, de travaux de documentation et de recherche, de promotion et de communication, de formation, d\u2019\u00e9ducation et de transmission des traditions.<\/p>\n<p><strong><a href=\"https:\/\/www.newsendip.com\/fr\/etiquette\/colombie\/\">D\u00e9couvrez plus d\u2019actualit\u00e9s de Colombie<\/a><\/strong><\/p>\n","protected":false},"excerpt":{"rendered":"<p>La Cumbia, danse et genre musical h\u00e9rit\u00e9 du m\u00e9tissage entre les peuples autochtones, les Africains et les Europ\u00e9ens, est d\u00e9sormais inscrite au patrimoine culturel immat\u00e9riel de la Colombie.<\/p>\n","protected":false},"author":1,"featured_media":20870,"comment_status":"closed","ping_status":"open","sticky":false,"template":"","format":"standard","meta":{"wp_typography_post_enhancements_disabled":false,"footnotes":""},"categories":[431],"tags":[440,1334],"class_list":["post-20873","post","type-post","status-publish","format-standard","has-post-thumbnail","hentry","category-culture-et-sport","tag-colombie","tag-nouveau"],"yoast_head":"<!-- This site is optimized with the Yoast SEO Premium plugin v27.5 (Yoast SEO v27.5) - https:\/\/yoast.com\/product\/yoast-seo-premium-wordpress\/ -->\n<title>La cumbia, danse et musique traditionnelle de Colombie, d\u00e9sormais patrimoine national du pays<\/title>\n<meta name=\"description\" content=\"La Cumbia, danse et genre musical h\u00e9rit\u00e9 du m\u00e9tissage entre les peuples autochtones, les Africains et les Europ\u00e9ens, est d\u00e9sormais inscrite au patrimoine culturel immat\u00e9riel de la Colombie.\" \/>\n<meta name=\"robots\" content=\"index, follow, max-snippet:-1, max-image-preview:large, max-video-preview:-1\" \/>\n<link rel=\"canonical\" href=\"https:\/\/www.newsendip.com\/fr\/la-cumbia-danse-et-musique-traditionnelle-de-colombie-desormais-patrimoine-national-du-pays\/\" \/>\n<meta property=\"og:locale\" content=\"fr_FR\" \/>\n<meta property=\"og:type\" content=\"article\" \/>\n<meta property=\"og:title\" content=\"La cumbia, danse et musique traditionnelle de Colombie, d\u00e9sormais patrimoine national du pays\" \/>\n<meta property=\"og:description\" content=\"La Cumbia, danse et genre musical h\u00e9rit\u00e9 du m\u00e9tissage entre les peuples autochtones, les Africains et les Europ\u00e9ens, est d\u00e9sormais inscrite au patrimoine culturel immat\u00e9riel de la Colombie.\" \/>\n<meta property=\"og:url\" content=\"https:\/\/www.newsendip.com\/fr\/la-cumbia-danse-et-musique-traditionnelle-de-colombie-desormais-patrimoine-national-du-pays\/\" \/>\n<meta property=\"og:site_name\" content=\"Newsendip\" \/>\n<meta property=\"article:publisher\" content=\"https:\/\/www.facebook.com\/newsendip\" \/>\n<meta property=\"article:published_time\" content=\"2022-10-20T10:31:00+00:00\" \/>\n<meta property=\"article:modified_time\" content=\"2022-11-05T11:36:32+00:00\" \/>\n<meta property=\"og:image\" content=\"https:\/\/www.newsendip.com\/wp-content\/uploads\/2022\/10\/Cumbia-festival-colombia.jpeg\" \/>\n\t<meta property=\"og:image:width\" content=\"900\" \/>\n\t<meta property=\"og:image:height\" content=\"600\" \/>\n\t<meta property=\"og:image:type\" content=\"image\/jpeg\" \/>\n<meta name=\"author\" content=\"Cl\u00e9ment V\u00e9rit\u00e9\" \/>\n<meta name=\"twitter:card\" content=\"summary_large_image\" \/>\n<meta name=\"twitter:image\" content=\"https:\/\/www.newsendip.com\/wp-content\/uploads\/2022\/10\/Cumbia-festival-colombia.jpeg\" \/>\n<meta name=\"twitter:creator\" content=\"@https:\/\/twitter.com\/cverite\" \/>\n<meta name=\"twitter:site\" content=\"@newsendip\" \/>\n<meta name=\"twitter:label1\" content=\"\u00c9crit par\" \/>\n\t<meta name=\"twitter:data1\" content=\"Cl\u00e9ment V\u00e9rit\u00e9\" \/>\n\t<meta name=\"twitter:label2\" content=\"Dur\u00e9e de lecture estim\u00e9e\" \/>\n\t<meta name=\"twitter:data2\" content=\"3 minutes\" \/>\n<!-- \/ Yoast SEO Premium plugin. -->","yoast_head_json":{"title":"La cumbia, danse et musique traditionnelle de Colombie, d\u00e9sormais patrimoine national du pays","description":"La Cumbia, danse et genre musical h\u00e9rit\u00e9 du m\u00e9tissage entre les peuples autochtones, les Africains et les Europ\u00e9ens, est d\u00e9sormais inscrite au patrimoine culturel immat\u00e9riel de la Colombie.","robots":{"index":"index","follow":"follow","max-snippet":"max-snippet:-1","max-image-preview":"max-image-preview:large","max-video-preview":"max-video-preview:-1"},"canonical":"https:\/\/www.newsendip.com\/fr\/la-cumbia-danse-et-musique-traditionnelle-de-colombie-desormais-patrimoine-national-du-pays\/","og_locale":"fr_FR","og_type":"article","og_title":"La cumbia, danse et musique traditionnelle de Colombie, d\u00e9sormais patrimoine national du pays","og_description":"La Cumbia, danse et genre musical h\u00e9rit\u00e9 du m\u00e9tissage entre les peuples autochtones, les Africains et les Europ\u00e9ens, est d\u00e9sormais inscrite au patrimoine culturel immat\u00e9riel de la Colombie.","og_url":"https:\/\/www.newsendip.com\/fr\/la-cumbia-danse-et-musique-traditionnelle-de-colombie-desormais-patrimoine-national-du-pays\/","og_site_name":"Newsendip","article_publisher":"https:\/\/www.facebook.com\/newsendip","article_published_time":"2022-10-20T10:31:00+00:00","article_modified_time":"2022-11-05T11:36:32+00:00","og_image":[{"width":900,"height":600,"url":"https:\/\/www.newsendip.com\/wp-content\/uploads\/2022\/10\/Cumbia-festival-colombia.jpeg","type":"image\/jpeg"}],"author":"Cl\u00e9ment V\u00e9rit\u00e9","twitter_card":"summary_large_image","twitter_image":"https:\/\/www.newsendip.com\/wp-content\/uploads\/2022\/10\/Cumbia-festival-colombia.jpeg","twitter_creator":"@https:\/\/twitter.com\/cverite","twitter_site":"@newsendip","twitter_misc":{"\u00c9crit par":"Cl\u00e9ment V\u00e9rit\u00e9","Dur\u00e9e de lecture estim\u00e9e":"3 minutes"},"schema":{"@context":"https:\/\/schema.org","@graph":[{"@type":"NewsArticle","@id":"https:\/\/www.newsendip.com\/fr\/la-cumbia-danse-et-musique-traditionnelle-de-colombie-desormais-patrimoine-national-du-pays\/#article","isPartOf":{"@id":"https:\/\/www.newsendip.com\/fr\/la-cumbia-danse-et-musique-traditionnelle-de-colombie-desormais-patrimoine-national-du-pays\/"},"author":{"name":"Cl\u00e9ment V\u00e9rit\u00e9","@id":"https:\/\/www.newsendip.com\/fr\/#\/schema\/person\/ea22c01755f464a3cbc2c619584d6363"},"headline":"La cumbia, danse et musique traditionnelle de Colombie, d\u00e9sormais patrimoine national du&nbsp;pays","datePublished":"2022-10-20T10:31:00+00:00","dateModified":"2022-11-05T11:36:32+00:00","mainEntityOfPage":{"@id":"https:\/\/www.newsendip.com\/fr\/la-cumbia-danse-et-musique-traditionnelle-de-colombie-desormais-patrimoine-national-du-pays\/"},"wordCount":502,"publisher":{"@id":"https:\/\/www.newsendip.com\/fr\/#organization"},"image":{"@id":"https:\/\/www.newsendip.com\/fr\/la-cumbia-danse-et-musique-traditionnelle-de-colombie-desormais-patrimoine-national-du-pays\/#primaryimage"},"thumbnailUrl":"https:\/\/www.newsendip.com\/wp-content\/uploads\/2022\/10\/Cumbia-festival-colombia.webp","keywords":["Colombie","R\u00e9cent"],"articleSection":["Culture et sport"],"inLanguage":"fr-FR","copyrightYear":"2022","copyrightHolder":{"@id":"https:\/\/www.newsendip.com\/#organization"}},{"@type":"WebPage","@id":"https:\/\/www.newsendip.com\/fr\/la-cumbia-danse-et-musique-traditionnelle-de-colombie-desormais-patrimoine-national-du-pays\/","url":"https:\/\/www.newsendip.com\/fr\/la-cumbia-danse-et-musique-traditionnelle-de-colombie-desormais-patrimoine-national-du-pays\/","name":"La cumbia, danse et musique traditionnelle de Colombie, d\u00e9sormais patrimoine national du pays","isPartOf":{"@id":"https:\/\/www.newsendip.com\/fr\/#website"},"primaryImageOfPage":{"@id":"https:\/\/www.newsendip.com\/fr\/la-cumbia-danse-et-musique-traditionnelle-de-colombie-desormais-patrimoine-national-du-pays\/#primaryimage"},"image":{"@id":"https:\/\/www.newsendip.com\/fr\/la-cumbia-danse-et-musique-traditionnelle-de-colombie-desormais-patrimoine-national-du-pays\/#primaryimage"},"thumbnailUrl":"https:\/\/www.newsendip.com\/wp-content\/uploads\/2022\/10\/Cumbia-festival-colombia.webp","datePublished":"2022-10-20T10:31:00+00:00","dateModified":"2022-11-05T11:36:32+00:00","description":"La Cumbia, danse et genre musical h\u00e9rit\u00e9 du m\u00e9tissage entre les peuples autochtones, les Africains et les Europ\u00e9ens, est d\u00e9sormais inscrite au patrimoine culturel immat\u00e9riel de la Colombie.","breadcrumb":{"@id":"https:\/\/www.newsendip.com\/fr\/la-cumbia-danse-et-musique-traditionnelle-de-colombie-desormais-patrimoine-national-du-pays\/#breadcrumb"},"inLanguage":"fr-FR","potentialAction":[{"@type":"ReadAction","target":["https:\/\/www.newsendip.com\/fr\/la-cumbia-danse-et-musique-traditionnelle-de-colombie-desormais-patrimoine-national-du-pays\/"]}]},{"@type":"ImageObject","inLanguage":"fr-FR","@id":"https:\/\/www.newsendip.com\/fr\/la-cumbia-danse-et-musique-traditionnelle-de-colombie-desormais-patrimoine-national-du-pays\/#primaryimage","url":"https:\/\/www.newsendip.com\/wp-content\/uploads\/2022\/10\/Cumbia-festival-colombia.webp","contentUrl":"https:\/\/www.newsendip.com\/wp-content\/uploads\/2022\/10\/Cumbia-festival-colombia.webp","width":900,"height":600,"caption":"Artistes de cumbia pendant le festival \u00e0 El Banco en Colombie | \u00a9 Minist\u00e8re de la Culture de Colombie"},{"@type":"BreadcrumbList","@id":"https:\/\/www.newsendip.com\/fr\/la-cumbia-danse-et-musique-traditionnelle-de-colombie-desormais-patrimoine-national-du-pays\/#breadcrumb","itemListElement":[{"@type":"ListItem","position":1,"name":"Accueil","item":"https:\/\/www.newsendip.com\/fr\/"},{"@type":"ListItem","position":2,"name":"La cumbia, danse et musique traditionnelle de Colombie, d\u00e9sormais patrimoine national du&nbsp;pays"}]},{"@type":"WebSite","@id":"https:\/\/www.newsendip.com\/fr\/#website","url":"https:\/\/www.newsendip.com\/fr\/","name":"Newsendip","description":"Red\u00e9couvrez l&#039;actualit\u00e9 internationale","publisher":{"@id":"https:\/\/www.newsendip.com\/fr\/#organization"},"potentialAction":[{"@type":"SearchAction","target":{"@type":"EntryPoint","urlTemplate":"https:\/\/www.newsendip.com\/fr\/?s={search_term_string}"},"query-input":{"@type":"PropertyValueSpecification","valueRequired":true,"valueName":"search_term_string"}}],"inLanguage":"fr-FR"},{"@type":"Organization","@id":"https:\/\/www.newsendip.com\/fr\/#organization","name":"Newsendip","url":"https:\/\/www.newsendip.com\/fr\/","logo":{"@type":"ImageObject","inLanguage":"fr-FR","@id":"https:\/\/www.newsendip.com\/fr\/#\/schema\/logo\/image\/","url":"https:\/\/www.newsendip.com\/wp-content\/uploads\/2023\/12\/512x512.svg","contentUrl":"https:\/\/www.newsendip.com\/wp-content\/uploads\/2023\/12\/512x512.svg","width":1,"height":1,"caption":"Newsendip"},"image":{"@id":"https:\/\/www.newsendip.com\/fr\/#\/schema\/logo\/image\/"},"sameAs":["https:\/\/www.facebook.com\/newsendip","https:\/\/x.com\/newsendip","https:\/\/mastodon.social\/@newsendip","https:\/\/www.linkedin.com\/company\/newsendip"],"description":"Newsendip est un site qui a pour mission de rendre l'actualit\u00e9 internationale accessible et diversifi\u00e9e","email":"contact@newsendip.com","legalName":"Newsendip SAS","foundingDate":"2022-11-04","vatID":"FR60921124723","numberOfEmployees":{"@type":"QuantitativeValue","minValue":"1","maxValue":"10"},"publishingPrinciples":"https:\/\/www.newsendip.com\/about-us\/","ownershipFundingInfo":"https:\/\/www.newsendip.com\/legal-notice\/","actionableFeedbackPolicy":"https:\/\/www.newsendip.com\/about-us\/","correctionsPolicy":"https:\/\/www.newsendip.com\/about-us\/","ethicsPolicy":"https:\/\/www.newsendip.com\/about-us\/","diversityPolicy":"https:\/\/www.newsendip.com\/about-us\/"},{"@type":"Person","@id":"https:\/\/www.newsendip.com\/fr\/#\/schema\/person\/ea22c01755f464a3cbc2c619584d6363","name":"Cl\u00e9ment V\u00e9rit\u00e9","description":"Cl\u00e9ment is the executive editor and founder of Newsendip. He started in the media industry as a freelance reporter at 16 for a local French newspaper after school and has never left it. He later worked for seven years at The New York Times, notably as a data analyst. He holds a Master of Management in France and a Master of Arts in the United Kingdom in International Marketing &amp; Communications Strategy. He has lived in France, the United Kingdom, and Italy.","sameAs":["https:\/\/www.newsendip.com\/","https:\/\/www.linkedin.com\/in\/clementverite\/","https:\/\/x.com\/https:\/\/twitter.com\/cverite"],"knowsAbout":["News","International","Business","Media monitoring"],"knowsLanguage":["English","French","Italian","Spanish"],"url":"https:\/\/www.newsendip.com\/fr\/author\/clement-verite\/"}]}},"_links":{"self":[{"href":"https:\/\/www.newsendip.com\/fr\/wp-json\/wp\/v2\/posts\/20873","targetHints":{"allow":["GET"]}}],"collection":[{"href":"https:\/\/www.newsendip.com\/fr\/wp-json\/wp\/v2\/posts"}],"about":[{"href":"https:\/\/www.newsendip.com\/fr\/wp-json\/wp\/v2\/types\/post"}],"author":[{"embeddable":true,"href":"https:\/\/www.newsendip.com\/fr\/wp-json\/wp\/v2\/users\/1"}],"replies":[{"embeddable":true,"href":"https:\/\/www.newsendip.com\/fr\/wp-json\/wp\/v2\/comments?post=20873"}],"version-history":[{"count":0,"href":"https:\/\/www.newsendip.com\/fr\/wp-json\/wp\/v2\/posts\/20873\/revisions"}],"wp:featuredmedia":[{"embeddable":true,"href":"https:\/\/www.newsendip.com\/fr\/wp-json\/wp\/v2\/media\/20870"}],"wp:attachment":[{"href":"https:\/\/www.newsendip.com\/fr\/wp-json\/wp\/v2\/media?parent=20873"}],"wp:term":[{"taxonomy":"category","embeddable":true,"href":"https:\/\/www.newsendip.com\/fr\/wp-json\/wp\/v2\/categories?post=20873"},{"taxonomy":"post_tag","embeddable":true,"href":"https:\/\/www.newsendip.com\/fr\/wp-json\/wp\/v2\/tags?post=20873"}],"curies":[{"name":"wp","href":"https:\/\/api.w.org\/{rel}","templated":true}]}}