{"id":21025,"date":"2022-10-25T15:21:43","date_gmt":"2022-10-25T13:21:43","guid":{"rendered":"https:\/\/www.newsendip.com\/?p=21025"},"modified":"2024-07-18T15:57:26","modified_gmt":"2024-07-18T13:57:26","slug":"un-test-pour-mieux-evaluer-la-valeur-des-biens-immobiliers-aux-pays-bas-souleve-des-inquietudes-pour-le-respect-de-la-vie-privee","status":"publish","type":"post","link":"https:\/\/www.newsendip.com\/fr\/un-test-pour-mieux-evaluer-la-valeur-des-biens-immobiliers-aux-pays-bas-souleve-des-inquietudes-pour-le-respect-de-la-vie-privee\/","title":{"rendered":"Un test pour mieux \u00e9valuer la valeur des biens immobiliers aux Pays-Bas soul\u00e8ve des inqui\u00e9tudes pour le respect de la vie priv\u00e9e"},"content":{"rendered":"<p><strong>Certains habitants des Pays-Bas ont \u00e9t\u00e9 invit\u00e9s \u00e0 prendre des photos de l\u2019int\u00e9rieur de leur maison pour mieux \u00e9valuer sa valeur. Une demande qui soul\u00e8ve des inqui\u00e9tudes quant au respect de la vie priv\u00e9e.<br>\n<\/strong><\/p>\n<figure id=\"attachment_21035\" aria-describedby=\"caption-attachment-21035\" style=\"width: 1024px\" class=\"wp-caption aligncenter\"><img decoding=\"async\" class=\"wp-image-21035 size-large\" src=\"https:\/\/www.newsendip.com\/wp-content\/uploads\/2022\/10\/interior-house-netherlands-1024x625.webp\" alt=\"Int\u00e9rieur d'un logement \u00e0 Amsterdam, aux Pays-Bas\" width=\"1024\" height=\"625\" srcset=\"https:\/\/www.newsendip.com\/wp-content\/uploads\/2022\/10\/interior-house-netherlands-1024x625.webp 1024w, https:\/\/www.newsendip.com\/wp-content\/uploads\/2022\/10\/interior-house-netherlands-60x37.webp 60w, https:\/\/www.newsendip.com\/wp-content\/uploads\/2022\/10\/interior-house-netherlands-300x183.webp 300w, https:\/\/www.newsendip.com\/wp-content\/uploads\/2022\/10\/interior-house-netherlands-768x469.webp 768w, https:\/\/www.newsendip.com\/wp-content\/uploads\/2022\/10\/interior-house-netherlands-1536x938.webp 1536w, https:\/\/www.newsendip.com\/wp-content\/uploads\/2022\/10\/interior-house-netherlands.webp 1920w\" sizes=\"(max-width: 1024px) 100vw, 1024px\"><figcaption id=\"caption-attachment-21035\" class=\"wp-caption-text\">Int\u00e9rieur d\u2019un logement \u00e0 Amsterdam, aux Pays-Bas | Illustration, \u00a9 Christopher Lemercier<\/figcaption><\/figure>\n<p>Les 7 et 8 octobre, le <a href=\"https:\/\/gbtwente.nl\/nieuws\/informatieverzoek-voor-de-bepaling-van-de-wozwaarde\">bureau municipal des imp\u00f4ts de Twente<\/a> a envoy\u00e9 des lettres dans les quartiers de Hogeland-Velve et Enschede-Zuid, dans la municipalit\u00e9 d\u2019Enschede, qui ont surpris des milliers de propri\u00e9taires. Il leur \u00e9tait demand\u00e9 de prendre des photos de l\u2019int\u00e9rieur de leur maison, du salon, de la cuisine et des toilettes par exemple, et de les envoyer au bureau municipal des imp\u00f4ts par&nbsp;email.<\/p>\n<p>S\u2019inscrivant dans le cadre d\u2019un projet pilote aux Pays-Bas, cette demande vise \u00e0 mieux estimer la valeur des biens immobiliers, la WOZ, abr\u00e9viation pour la valeur des biens immobiliers (Waarde onroerende zaken), qui est \u00e9valu\u00e9e chaque ann\u00e9e par les municipalit\u00e9s.<\/p>\n<p>Les maisons, les immeubles commerciaux, les \u00e9coles et autres b\u00e2timents publics ont une valeur immobili\u00e8re qui est utilis\u00e9e pour d\u00e9finir les taxes du gouvernement central, comme l\u2019imp\u00f4t sur le revenu et l\u2019imp\u00f4t sur les soci\u00e9t\u00e9s, mais aussi par les municipalit\u00e9s pour d\u00e9terminer la taxe fonci\u00e8re (OZB) et d\u2019autres imp\u00f4ts locaux.<\/p>\n<p>Les estimations sont g\u00e9n\u00e9ralement effectu\u00e9es \u00e0 l\u2019aide de donn\u00e9es publiques, telles que le march\u00e9 immobilier, des photos ext\u00e9rieures, la date de construction, etc. Mais ce test vise \u00e0 obtenir plus d\u2019informations sur les conditions de l\u2019int\u00e9rieur, afin que la WOZ donne lieu \u00e0 moins de plaintes de la part des propri\u00e9taires m\u00e9contents de l\u2019\u00e9valuation. Une fa\u00e7ade r\u00e9cemment r\u00e9nov\u00e9e mais dont l\u2019int\u00e9rieur est en mauvais \u00e9tat pourrait par exemple avoir une WOZ surestim\u00e9e et des imp\u00f4ts plus \u00e9lev\u00e9s \u00e0 ce qu\u2019elle pourraient \u00eatre.<\/p>\n<p>Mais cette demande a suscit\u00e9 des inqui\u00e9tudes chez les r\u00e9sidents quant au <a href=\"https:\/\/www.newsendip.com\/fr\/lotage-dun-apple-store-a-amsterdam-demande-le-respect-de-sa-vie-privee\/\">respect de leur vie priv\u00e9e<\/a>. Le porte-parole de l\u2019autorit\u00e9 n\u00e9erlandaise de protection des donn\u00e9es, Caspar Itz, a d\u00e9clar\u00e9 \u00e0 <a href=\"https:\/\/www.telegraaf.nl\/financieel\/804633159\/woede-over-gemeenten-die-foto-s-eisen-van-binnenkant-huizen-waar-komen-mijn-beelden-terecht\"><em>De Telegraaf<\/em> <\/a>qu\u2019une telle demande ne devrait \u00eatre autoris\u00e9e que dans des cas exceptionnels, \u00ab\u202f<em>si elle est strictement n\u00e9cessaire\u202f\u00bb<\/em>, car avoir acc\u00e8s \u00e0 l\u2019int\u00e9rieur d\u2019une maison peut fournir des informations des plus intimes sur les personnes.<\/p>\n<p>Le conseil municipal d\u2019Enschede, une ville de 160 000 habitants dans l\u2019est du pays, s\u2019est r\u00e9uni d\u2019urgence pour traiter cette question, car la date limite pour envoyer les photos \u00e9tait le 30 octobre. La plupart des \u00e9lus du conseil municipal d\u2019Enschede ont soutenu une motion demandant d\u2019exhorter le bureau municipal des imp\u00f4ts de Twente \u00e0 arr\u00eater le&nbsp;test.<\/p>\n<p>Mais la municipalit\u00e9 a externalis\u00e9 la gestion et la collecte des imp\u00f4ts locaux et n\u2019a pas la main sur les op\u00e9rations. De plus, selon Marc Teutelink, \u00e9chevin des finances d\u2019Enschede, l\u2019\u00e9quivalent d\u2019un adjoint au maire, et membre du conseil ex\u00e9cutif du bureau municipal des imp\u00f4ts, le projet pilote ne peut pas \u00eatre arr\u00eat\u00e9 d\u2019un coup. Il pr\u00e9cise que certains habitants ont \u00e9galement fourni les informations sur leur t\u00e9l\u00e9phone sans envoyer de photos.<\/p>\n<p>L\u2019objectif d\u2019une meilleure \u00e9valuation de la WOZ vise \u00e0 r\u00e9duire le nombre de plaintes, qui sont en augmentation selon M. Teutelink. Les propri\u00e9taires essaient de changer la WOZ, notamment avec l\u2019aide d\u2019entreprises qui leur promettent des taxes moins \u00e9lev\u00e9es tout en ne facturant les clients que lorsque les demandes r\u00e9ussissent. Ce qui g\u00e9n\u00e8re aussi des co\u00fbts suppl\u00e9mentaires pour traiter les plaintes.<\/p>\n<p><a href=\"https:\/\/www.newsendip.com\/fr\/etiquette\/pays-bas\/\"><strong>D\u00e9couvrez plus d\u2019actualit\u00e9s des Pays-Bas<\/strong><\/a><\/p>\n","protected":false},"excerpt":{"rendered":"<p>Certains habitants des Pays-Bas ont \u00e9t\u00e9 invit\u00e9s \u00e0 prendre des photos de l\u2019int\u00e9rieur de leur maison pour mieux \u00e9valuer sa valeur. Une demande qui soul\u00e8ve des inqui\u00e9tudes quant au respect de la vie priv\u00e9e.<\/p>\n","protected":false},"author":1,"featured_media":21035,"comment_status":"closed","ping_status":"closed","sticky":false,"template":"","format":"standard","meta":{"wp_typography_post_enhancements_disabled":false,"footnotes":""},"categories":[409],"tags":[434,421],"class_list":["post-21025","post","type-post","status-publish","format-standard","has-post-thumbnail","hentry","category-societe","tag-pays-bas","tag-vieux"],"yoast_head":"<!-- This site is optimized with the Yoast SEO Premium plugin v27.4 (Yoast SEO v27.4) - https:\/\/yoast.com\/product\/yoast-seo-premium-wordpress\/ -->\n<title>Un test pour mieux \u00e9valuer la valeur des biens immobiliers aux Pays-Bas soul\u00e8ve des inqui\u00e9tudes pour le respect de la vie priv\u00e9e<\/title>\n<meta name=\"description\" content=\"Certains habitants des Pays-Bas ont \u00e9t\u00e9 invit\u00e9s \u00e0 prendre des photos de l&#039;int\u00e9rieur de leur maison pour mieux \u00e9valuer sa valeur. Une demande qui soul\u00e8ve des inqui\u00e9tudes quant au respect de la vie priv\u00e9e.\" \/>\n<meta name=\"robots\" content=\"index, follow, max-snippet:-1, max-image-preview:large, max-video-preview:-1\" \/>\n<link rel=\"canonical\" href=\"https:\/\/www.newsendip.com\/fr\/un-test-pour-mieux-evaluer-la-valeur-des-biens-immobiliers-aux-pays-bas-souleve-des-inquietudes-pour-le-respect-de-la-vie-privee\/\" \/>\n<meta property=\"og:locale\" content=\"fr_FR\" \/>\n<meta property=\"og:type\" content=\"article\" \/>\n<meta property=\"og:title\" content=\"Un test pour mieux \u00e9valuer la valeur des biens immobiliers aux Pays-Bas soul\u00e8ve des inqui\u00e9tudes pour le respect de la vie priv\u00e9e\" \/>\n<meta property=\"og:description\" content=\"Certains habitants des Pays-Bas ont \u00e9t\u00e9 invit\u00e9s \u00e0 prendre des photos de l&#039;int\u00e9rieur de leur maison pour mieux \u00e9valuer sa valeur. Une demande qui soul\u00e8ve des inqui\u00e9tudes quant au respect de la vie priv\u00e9e.\" \/>\n<meta property=\"og:url\" content=\"https:\/\/www.newsendip.com\/fr\/un-test-pour-mieux-evaluer-la-valeur-des-biens-immobiliers-aux-pays-bas-souleve-des-inquietudes-pour-le-respect-de-la-vie-privee\/\" \/>\n<meta property=\"og:site_name\" content=\"Newsendip\" \/>\n<meta property=\"article:publisher\" content=\"https:\/\/www.facebook.com\/newsendip\" \/>\n<meta property=\"article:published_time\" content=\"2022-10-25T13:21:43+00:00\" \/>\n<meta property=\"article:modified_time\" content=\"2024-07-18T13:57:26+00:00\" \/>\n<meta property=\"og:image\" content=\"https:\/\/www.newsendip.com\/wp-content\/uploads\/2022\/10\/interior-house-netherlands-small-min.jpeg\" \/>\n\t<meta property=\"og:image:width\" content=\"640\" \/>\n\t<meta property=\"og:image:height\" content=\"391\" \/>\n\t<meta property=\"og:image:type\" content=\"image\/jpeg\" \/>\n<meta name=\"author\" content=\"Cl\u00e9ment V\u00e9rit\u00e9\" \/>\n<meta name=\"twitter:card\" content=\"summary_large_image\" \/>\n<meta name=\"twitter:image\" content=\"https:\/\/www.newsendip.com\/wp-content\/uploads\/2022\/10\/interior-house-netherlands-small-min.jpeg\" \/>\n<meta name=\"twitter:creator\" content=\"@https:\/\/twitter.com\/cverite\" \/>\n<meta name=\"twitter:site\" content=\"@newsendip\" \/>\n<meta name=\"twitter:label1\" content=\"\u00c9crit par\" \/>\n\t<meta name=\"twitter:data1\" content=\"Cl\u00e9ment V\u00e9rit\u00e9\" \/>\n\t<meta name=\"twitter:label2\" content=\"Dur\u00e9e de lecture estim\u00e9e\" \/>\n\t<meta name=\"twitter:data2\" content=\"3 minutes\" \/>\n<!-- \/ Yoast SEO Premium plugin. -->","yoast_head_json":{"title":"Un test pour mieux \u00e9valuer la valeur des biens immobiliers aux Pays-Bas soul\u00e8ve des inqui\u00e9tudes pour le respect de la vie priv\u00e9e","description":"Certains habitants des Pays-Bas ont \u00e9t\u00e9 invit\u00e9s \u00e0 prendre des photos de l'int\u00e9rieur de leur maison pour mieux \u00e9valuer sa valeur. Une demande qui soul\u00e8ve des inqui\u00e9tudes quant au respect de la vie priv\u00e9e.","robots":{"index":"index","follow":"follow","max-snippet":"max-snippet:-1","max-image-preview":"max-image-preview:large","max-video-preview":"max-video-preview:-1"},"canonical":"https:\/\/www.newsendip.com\/fr\/un-test-pour-mieux-evaluer-la-valeur-des-biens-immobiliers-aux-pays-bas-souleve-des-inquietudes-pour-le-respect-de-la-vie-privee\/","og_locale":"fr_FR","og_type":"article","og_title":"Un test pour mieux \u00e9valuer la valeur des biens immobiliers aux Pays-Bas soul\u00e8ve des inqui\u00e9tudes pour le respect de la vie priv\u00e9e","og_description":"Certains habitants des Pays-Bas ont \u00e9t\u00e9 invit\u00e9s \u00e0 prendre des photos de l'int\u00e9rieur de leur maison pour mieux \u00e9valuer sa valeur. Une demande qui soul\u00e8ve des inqui\u00e9tudes quant au respect de la vie priv\u00e9e.","og_url":"https:\/\/www.newsendip.com\/fr\/un-test-pour-mieux-evaluer-la-valeur-des-biens-immobiliers-aux-pays-bas-souleve-des-inquietudes-pour-le-respect-de-la-vie-privee\/","og_site_name":"Newsendip","article_publisher":"https:\/\/www.facebook.com\/newsendip","article_published_time":"2022-10-25T13:21:43+00:00","article_modified_time":"2024-07-18T13:57:26+00:00","og_image":[{"width":640,"height":391,"url":"https:\/\/www.newsendip.com\/wp-content\/uploads\/2022\/10\/interior-house-netherlands-small-min.jpeg","type":"image\/jpeg"}],"author":"Cl\u00e9ment V\u00e9rit\u00e9","twitter_card":"summary_large_image","twitter_image":"https:\/\/www.newsendip.com\/wp-content\/uploads\/2022\/10\/interior-house-netherlands-small-min.jpeg","twitter_creator":"@https:\/\/twitter.com\/cverite","twitter_site":"@newsendip","twitter_misc":{"\u00c9crit par":"Cl\u00e9ment V\u00e9rit\u00e9","Dur\u00e9e de lecture estim\u00e9e":"3 minutes"},"schema":{"@context":"https:\/\/schema.org","@graph":[{"@type":"NewsArticle","@id":"https:\/\/www.newsendip.com\/fr\/un-test-pour-mieux-evaluer-la-valeur-des-biens-immobiliers-aux-pays-bas-souleve-des-inquietudes-pour-le-respect-de-la-vie-privee\/#article","isPartOf":{"@id":"https:\/\/www.newsendip.com\/fr\/un-test-pour-mieux-evaluer-la-valeur-des-biens-immobiliers-aux-pays-bas-souleve-des-inquietudes-pour-le-respect-de-la-vie-privee\/"},"author":{"name":"Cl\u00e9ment V\u00e9rit\u00e9","@id":"https:\/\/www.newsendip.com\/fr\/#\/schema\/person\/ea22c01755f464a3cbc2c619584d6363"},"headline":"Un test pour mieux \u00e9valuer la valeur des biens immobiliers aux Pays-Bas soul\u00e8ve des inqui\u00e9tudes pour le respect de la vie priv\u00e9e","datePublished":"2022-10-25T13:21:43+00:00","dateModified":"2024-07-18T13:57:26+00:00","mainEntityOfPage":{"@id":"https:\/\/www.newsendip.com\/fr\/un-test-pour-mieux-evaluer-la-valeur-des-biens-immobiliers-aux-pays-bas-souleve-des-inquietudes-pour-le-respect-de-la-vie-privee\/"},"wordCount":671,"publisher":{"@id":"https:\/\/www.newsendip.com\/fr\/#organization"},"image":{"@id":"https:\/\/www.newsendip.com\/fr\/un-test-pour-mieux-evaluer-la-valeur-des-biens-immobiliers-aux-pays-bas-souleve-des-inquietudes-pour-le-respect-de-la-vie-privee\/#primaryimage"},"thumbnailUrl":"https:\/\/www.newsendip.com\/wp-content\/uploads\/2022\/10\/interior-house-netherlands.webp","keywords":["Pays-Bas","Vieux"],"articleSection":["Soci\u00e9t\u00e9"],"inLanguage":"fr-FR","copyrightYear":"2022","copyrightHolder":{"@id":"https:\/\/www.newsendip.com\/#organization"}},{"@type":"WebPage","@id":"https:\/\/www.newsendip.com\/fr\/un-test-pour-mieux-evaluer-la-valeur-des-biens-immobiliers-aux-pays-bas-souleve-des-inquietudes-pour-le-respect-de-la-vie-privee\/","url":"https:\/\/www.newsendip.com\/fr\/un-test-pour-mieux-evaluer-la-valeur-des-biens-immobiliers-aux-pays-bas-souleve-des-inquietudes-pour-le-respect-de-la-vie-privee\/","name":"Un test pour mieux \u00e9valuer la valeur des biens immobiliers aux Pays-Bas soul\u00e8ve des inqui\u00e9tudes pour le respect de la vie priv\u00e9e","isPartOf":{"@id":"https:\/\/www.newsendip.com\/fr\/#website"},"primaryImageOfPage":{"@id":"https:\/\/www.newsendip.com\/fr\/un-test-pour-mieux-evaluer-la-valeur-des-biens-immobiliers-aux-pays-bas-souleve-des-inquietudes-pour-le-respect-de-la-vie-privee\/#primaryimage"},"image":{"@id":"https:\/\/www.newsendip.com\/fr\/un-test-pour-mieux-evaluer-la-valeur-des-biens-immobiliers-aux-pays-bas-souleve-des-inquietudes-pour-le-respect-de-la-vie-privee\/#primaryimage"},"thumbnailUrl":"https:\/\/www.newsendip.com\/wp-content\/uploads\/2022\/10\/interior-house-netherlands.webp","datePublished":"2022-10-25T13:21:43+00:00","dateModified":"2024-07-18T13:57:26+00:00","description":"Certains habitants des Pays-Bas ont \u00e9t\u00e9 invit\u00e9s \u00e0 prendre des photos de l'int\u00e9rieur de leur maison pour mieux \u00e9valuer sa valeur. Une demande qui soul\u00e8ve des inqui\u00e9tudes quant au respect de la vie priv\u00e9e.","breadcrumb":{"@id":"https:\/\/www.newsendip.com\/fr\/un-test-pour-mieux-evaluer-la-valeur-des-biens-immobiliers-aux-pays-bas-souleve-des-inquietudes-pour-le-respect-de-la-vie-privee\/#breadcrumb"},"inLanguage":"fr-FR","potentialAction":[{"@type":"ReadAction","target":["https:\/\/www.newsendip.com\/fr\/un-test-pour-mieux-evaluer-la-valeur-des-biens-immobiliers-aux-pays-bas-souleve-des-inquietudes-pour-le-respect-de-la-vie-privee\/"]}]},{"@type":"ImageObject","inLanguage":"fr-FR","@id":"https:\/\/www.newsendip.com\/fr\/un-test-pour-mieux-evaluer-la-valeur-des-biens-immobiliers-aux-pays-bas-souleve-des-inquietudes-pour-le-respect-de-la-vie-privee\/#primaryimage","url":"https:\/\/www.newsendip.com\/wp-content\/uploads\/2022\/10\/interior-house-netherlands.webp","contentUrl":"https:\/\/www.newsendip.com\/wp-content\/uploads\/2022\/10\/interior-house-netherlands.webp","width":1920,"height":1172,"caption":"Int\u00e9rieur d'un logement \u00e0 Amsterdam, aux Pays-Bas | Illustration, \u00a9 Christopher Lemercier"},{"@type":"BreadcrumbList","@id":"https:\/\/www.newsendip.com\/fr\/un-test-pour-mieux-evaluer-la-valeur-des-biens-immobiliers-aux-pays-bas-souleve-des-inquietudes-pour-le-respect-de-la-vie-privee\/#breadcrumb","itemListElement":[{"@type":"ListItem","position":1,"name":"Accueil","item":"https:\/\/www.newsendip.com\/fr\/"},{"@type":"ListItem","position":2,"name":"Un test pour mieux \u00e9valuer la valeur des biens immobiliers aux Pays-Bas soul\u00e8ve des inqui\u00e9tudes pour le respect de la vie priv\u00e9e"}]},{"@type":"WebSite","@id":"https:\/\/www.newsendip.com\/fr\/#website","url":"https:\/\/www.newsendip.com\/fr\/","name":"Newsendip","description":"Red\u00e9couvrez l&#039;actualit\u00e9 internationale","publisher":{"@id":"https:\/\/www.newsendip.com\/fr\/#organization"},"potentialAction":[{"@type":"SearchAction","target":{"@type":"EntryPoint","urlTemplate":"https:\/\/www.newsendip.com\/fr\/?s={search_term_string}"},"query-input":{"@type":"PropertyValueSpecification","valueRequired":true,"valueName":"search_term_string"}}],"inLanguage":"fr-FR"},{"@type":"Organization","@id":"https:\/\/www.newsendip.com\/fr\/#organization","name":"Newsendip","url":"https:\/\/www.newsendip.com\/fr\/","logo":{"@type":"ImageObject","inLanguage":"fr-FR","@id":"https:\/\/www.newsendip.com\/fr\/#\/schema\/logo\/image\/","url":"https:\/\/www.newsendip.com\/wp-content\/uploads\/2023\/12\/512x512.svg","contentUrl":"https:\/\/www.newsendip.com\/wp-content\/uploads\/2023\/12\/512x512.svg","width":1,"height":1,"caption":"Newsendip"},"image":{"@id":"https:\/\/www.newsendip.com\/fr\/#\/schema\/logo\/image\/"},"sameAs":["https:\/\/www.facebook.com\/newsendip","https:\/\/x.com\/newsendip","https:\/\/mastodon.social\/@newsendip","https:\/\/www.linkedin.com\/company\/newsendip"],"description":"Newsendip est un site qui a pour mission de rendre l'actualit\u00e9 internationale accessible et diversifi\u00e9e","email":"contact@newsendip.com","legalName":"Newsendip SAS","foundingDate":"2022-11-04","vatID":"FR60921124723","numberOfEmployees":{"@type":"QuantitativeValue","minValue":"1","maxValue":"10"},"publishingPrinciples":"https:\/\/www.newsendip.com\/about-us\/","ownershipFundingInfo":"https:\/\/www.newsendip.com\/legal-notice\/","actionableFeedbackPolicy":"https:\/\/www.newsendip.com\/about-us\/","correctionsPolicy":"https:\/\/www.newsendip.com\/about-us\/","ethicsPolicy":"https:\/\/www.newsendip.com\/about-us\/","diversityPolicy":"https:\/\/www.newsendip.com\/about-us\/"},{"@type":"Person","@id":"https:\/\/www.newsendip.com\/fr\/#\/schema\/person\/ea22c01755f464a3cbc2c619584d6363","name":"Cl\u00e9ment V\u00e9rit\u00e9","description":"Cl\u00e9ment is the executive editor and founder of Newsendip. He started in the media industry as a freelance reporter at 16 for a local French newspaper after school and has never left it. He later worked for seven years at The New York Times, notably as a data analyst. He holds a Master of Management in France and a Master of Arts in the United Kingdom in International Marketing &amp; Communications Strategy. He has lived in France, the United Kingdom, and Italy.","sameAs":["https:\/\/www.newsendip.com\/","https:\/\/www.linkedin.com\/in\/clementverite\/","https:\/\/x.com\/https:\/\/twitter.com\/cverite"],"knowsAbout":["News","International","Business","Media monitoring"],"knowsLanguage":["English","French","Italian","Spanish"],"url":"https:\/\/www.newsendip.com\/fr\/author\/clement-verite\/"}]}},"_links":{"self":[{"href":"https:\/\/www.newsendip.com\/fr\/wp-json\/wp\/v2\/posts\/21025","targetHints":{"allow":["GET"]}}],"collection":[{"href":"https:\/\/www.newsendip.com\/fr\/wp-json\/wp\/v2\/posts"}],"about":[{"href":"https:\/\/www.newsendip.com\/fr\/wp-json\/wp\/v2\/types\/post"}],"author":[{"embeddable":true,"href":"https:\/\/www.newsendip.com\/fr\/wp-json\/wp\/v2\/users\/1"}],"replies":[{"embeddable":true,"href":"https:\/\/www.newsendip.com\/fr\/wp-json\/wp\/v2\/comments?post=21025"}],"version-history":[{"count":0,"href":"https:\/\/www.newsendip.com\/fr\/wp-json\/wp\/v2\/posts\/21025\/revisions"}],"wp:featuredmedia":[{"embeddable":true,"href":"https:\/\/www.newsendip.com\/fr\/wp-json\/wp\/v2\/media\/21035"}],"wp:attachment":[{"href":"https:\/\/www.newsendip.com\/fr\/wp-json\/wp\/v2\/media?parent=21025"}],"wp:term":[{"taxonomy":"category","embeddable":true,"href":"https:\/\/www.newsendip.com\/fr\/wp-json\/wp\/v2\/categories?post=21025"},{"taxonomy":"post_tag","embeddable":true,"href":"https:\/\/www.newsendip.com\/fr\/wp-json\/wp\/v2\/tags?post=21025"}],"curies":[{"name":"wp","href":"https:\/\/api.w.org\/{rel}","templated":true}]}}