{"id":21559,"date":"2022-11-07T15:50:55","date_gmt":"2022-11-07T14:50:55","guid":{"rendered":"https:\/\/www.newsendip.com\/?p=21559"},"modified":"2024-07-18T15:56:26","modified_gmt":"2024-07-18T13:56:26","slug":"une-franco-roumaine-elue-a-bucarest-accusee-de-conflit-dinterets-pour-un-projet-contre-la-corruption","status":"publish","type":"post","link":"https:\/\/www.newsendip.com\/fr\/une-franco-roumaine-elue-a-bucarest-accusee-de-conflit-dinterets-pour-un-projet-contre-la-corruption\/","title":{"rendered":"Une franco-roumaine \u00e9lue \u00e0 Bucarest accus\u00e9e de conflit d\u2019int\u00e9r\u00eats pour un projet contre la corruption"},"content":{"rendered":"<p><strong>Clotilde Armand, maire d\u2019un secteur de la municipalit\u00e9 de Bucarest, est soup\u00e7onn\u00e9e par l\u2019Agence nationale pour l\u2019int\u00e9grit\u00e9 de conflit d\u2019int\u00e9r\u00eat en s\u2019\u00e9tant nomm\u00e9e responsable d\u2019un projet financ\u00e9 par l\u2019Union europ\u00e9enne destin\u00e9 \u00e0 r\u00e9duire la corruption et d\u2019y percevoir une r\u00e9mun\u00e9ration.<br>\n<\/strong><\/p>\n<figure id=\"attachment_21580\" aria-describedby=\"caption-attachment-21580\" style=\"width: 1024px\" class=\"wp-caption aligncenter\"><img decoding=\"async\" class=\"wp-image-21580 size-large\" src=\"https:\/\/www.newsendip.com\/wp-content\/uploads\/2022\/11\/municipality-bucharest-sector-1-1024x682.webp\" alt=\"Municipalit\u00e9 de Bucarest - Secteur 1\" width=\"1024\" height=\"682\" srcset=\"https:\/\/www.newsendip.com\/wp-content\/uploads\/2022\/11\/municipality-bucharest-sector-1-1024x682.webp 1024w, https:\/\/www.newsendip.com\/wp-content\/uploads\/2022\/11\/municipality-bucharest-sector-1-60x40.webp 60w, https:\/\/www.newsendip.com\/wp-content\/uploads\/2022\/11\/municipality-bucharest-sector-1-720x480.webp 720w, https:\/\/www.newsendip.com\/wp-content\/uploads\/2022\/11\/municipality-bucharest-sector-1-300x200.webp 300w, https:\/\/www.newsendip.com\/wp-content\/uploads\/2022\/11\/municipality-bucharest-sector-1-768x512.webp 768w, https:\/\/www.newsendip.com\/wp-content\/uploads\/2022\/11\/municipality-bucharest-sector-1-1536x1023.webp 1536w, https:\/\/www.newsendip.com\/wp-content\/uploads\/2022\/11\/municipality-bucharest-sector-1.webp 1600w\" sizes=\"(max-width: 1024px) 100vw, 1024px\"><figcaption id=\"caption-attachment-21580\" class=\"wp-caption-text\">Municipalit\u00e9 de Bucarest \u2013 Secteur 1 | \u00a9 Prim\u0103ria Sectorului 1, Facebook<\/figcaption><\/figure>\n<p>L\u2019Agence nationale pour l\u2019int\u00e9grit\u00e9 de Roumanie accuse Clotilde Armand, une Franco-Roumaine \u00e9lue maire \u00e0 <a href=\"https:\/\/www.newsendip.com\/fr\/les-comptes-de-la-municipalite-de-bucarest-geles-par-un-homme-daffaires-costica-constanda\/\">Bucarest<\/a> de l\u2019une des six unit\u00e9s administratives, l\u2019\u00e9quivalent d\u2019un arrondissement de Paris, de conflit d\u2019int\u00e9r\u00eats. Elle a sign\u00e9 sa nomination au poste de responsable d\u2019un projet contre la corruption financ\u00e9 par l\u2019Union europ\u00e9enne. Mme Armand assure que cela a \u00e9t\u00e9 approuv\u00e9e par les autorit\u00e9s comp\u00e9tentes.<\/p>\n<p>Selon un communiqu\u00e9 publi\u00e9 le 7 novembre par l\u2019<a href=\"https:\/\/www.integritate.eu\/Comunicate.aspx?Action=1&amp;NewsId=3396&amp;M=NewsV2&amp;PID=20\">Agence nationale pour l\u2019int\u00e9grit\u00e9<\/a> (ANI) de Roumanie, Clotilde Armand a \u00e9t\u00e9 nomm\u00e9e gestionnaire d\u2019un projet financ\u00e9 par l\u2019Union europ\u00e9enne et a re\u00e7u une compensation pour ce travail en plus d\u2019\u00eatre r\u00e9mun\u00e9r\u00e9e pour son poste de maire \u00e0 Bucarest.<\/p>\n<p>Entre f\u00e9vrier et ao\u00fbt 2022, elle a sign\u00e9 cinq dispositions dans lesquelles elle devenait chef de projet et augmentait son indemnit\u00e9 mensuelle. Selon l\u2019agence, elle a re\u00e7u au total 18 720 lei (3 834 euros) suppl\u00e9mentaires en quatre mois, soit l\u2019\u00e9quivalent de sa <a href=\"https:\/\/www.primariasector1.ro\/download\/regulamente\/Septembrie%202022%20-%20salarii%20de%20baz%C4%83%20func%C8%9Bii%20conducere%20%C8%99i%20indemniza%C8%9Bie%20hran%C4%83.pdf\">r\u00e9mun\u00e9ration mensuelle pour le poste de maire de secteur<\/a>.<\/p>\n<p>\u00c0 ce titre, elle a notifi\u00e9 au bureau du procureur de la Haute Cour de cassation et de justice des \u00ab\u202f<em>indications d\u2019un d\u00e9lit d\u2019utilisation d\u2019une position pour favoriser certaines personnes.\u202f\u00bb<\/em><\/p>\n<p>Le <a href=\"#post-bottom-source\">projet en question<\/a> vise \u00e0 \u00ab\u202f<em>am\u00e9liorer la capacit\u00e9 administrative locale en mati\u00e8re de d\u00e9veloppement, de mise en \u0153uvre et de promotion des mesures anti-corruption\u202f\u00bb<\/em> en soutenant le d\u00e9partement contre la corruption de la municipalit\u00e9 du Secteur 1 de Bucarest sur les mesures pr\u00e9ventives contre la corruption. Le projet, qui doit \u00eatre r\u00e9alis\u00e9 entre mars 2022 et mai 2023, co\u00fbte 358 225 lei (73 377&nbsp;euros).<\/p>\n<p>Selon les lois roumaines cit\u00e9es par l\u2019ANI, un poste de maire dans la municipalit\u00e9 de Bucarest est incompatible avec toute autre fonction publique d\u2019activit\u00e9 r\u00e9mun\u00e9r\u00e9e en Roumanie ou \u00e0 l\u2019\u00e9tranger, \u00e0 l\u2019exception des postes d\u2019enseignement ou des postes dans des associations, fondations ou autres organisations non gouvernementales.<em><br>\n<\/em><\/p>\n<p>Clotilde Armand a \u00e9t\u00e9 \u00e9lue maire du secteur 1, l\u2019une des unit\u00e9s administratives les plus riches de Bucarest, en 2020. La Fran\u00e7aise est n\u00e9e en 1973\u202fen Guadeloupe. Elle a \u00e9pous\u00e9 un Roumain rencontr\u00e9 lors de ses \u00e9tudes au Massachusetts Institute of Technology. Elle a aussi la nationalit\u00e9 roumaine. Elle a travaill\u00e9 pour Airbus et a dirig\u00e9 les op\u00e9rations roumaines et bulgares de la soci\u00e9t\u00e9 d\u2019ing\u00e9nierie fran\u00e7aise Egis avant d\u2019entrer en <a href=\"https:\/\/www.newsendip.com\/fr\/politique\/\">politique<\/a> en&nbsp;2016.<\/p>\n<p>Elle est membre de l\u2019Union sauvez la Roumanie, le r\u00e9cent troisi\u00e8me plus grand parti politique de Roumanie, proche des id\u00e9es de centre-droit et largement compos\u00e9 d\u2019anciens membres de la soci\u00e9t\u00e9 civile qui se positionnent fermement contre la corruption.<\/p>\n<p>Sur un <a href=\"https:\/\/www.facebook.com\/clotildearmand.ro\/posts\/pfbid02EGRqkz7CR9B4R1vdamaVkaQsBaEZNWobSpUFJq11ijsEijH1HpnajzYFhvc1zPDPl\">post Facebook<\/a>, Mme Armand assure avoir respect\u00e9 la loi car cette nomination concerne des projets financ\u00e9s par des fonds europ\u00e9ens non remboursables. Elle cite des parties de la l\u00e9gislation roumaine qui stipulent \u00e9galement qu\u2019elle a droit \u00e0 une augmentation de 25\u202f% dans une telle situation.<\/p>\n<p>Elle a obtenu l\u2019augmentation la plus \u00e9lev\u00e9e possible sur une moyenne de quatre mois, avec des hausses de 20% ou 30% entre avril et juillet selon <a href=\"https:\/\/adevarul.ro\/politica\/clotilde-armand-acuzata-de-ani-de-conflict-de-2218162.html\">Adev\u0103rul<\/a>. Elle a \u00e9galement coup\u00e9 <a href=\"https:\/\/legislatie.just.ro\/Public\/DetaliiDocument\/43323\">la partie de la loi<\/a> mentionnant que les officiels ayant des fonctions de contr\u00f4le sur l\u2019activit\u00e9 ou faisant partie de l\u2019\u00e9quipe du projet dont les activit\u00e9s cr\u00e9ent un conflit d\u2019int\u00e9r\u00eats avec le poste qu\u2019ils occupent sont exclus de cette possibilit\u00e9.<\/p>\n<p>N\u00e9anmoins, elle affirme avoir re\u00e7u la confirmation de son \u00e9ligibilit\u00e9 de la part du minist\u00e8re roumain de l\u2019investissement et des projets europ\u00e9ens, qui g\u00e8re l\u2019acc\u00e8s aux fonds europ\u00e9ens non remboursables, et que la v\u00e9rification et la validation ont \u00e9t\u00e9 effectu\u00e9es par les autorit\u00e9s comp\u00e9tentes avant la nomination.<\/p>\n<p>Elle a ajout\u00e9 qu\u2019elle \u00ab\u202f<em>\u00e9tait heureuse que les autorit\u00e9s soient vigilantes et fassent leur travail\u202f\u00bb<\/em> et qu\u2019elle \u00e9tait au courant qu\u2019un membre du Parti national lib\u00e9ral, le plus grand parti conservateur de Roumanie, dans le secteur 1 \u00ab\u202f<em>s\u2019\u00e9tait plaint \u00e0 l\u2019ANI dans une tentative d\u00e9sesp\u00e9r\u00e9e de me harceler\u202f\u00bb<\/em>.<\/p>\n<p><a href=\"https:\/\/www.newsendip.com\/fr\/etiquette\/roumanie\/\"><strong>D\u00e9couvrez plus d\u2019actualit\u00e9s sur la Roumanie<\/strong><\/a><\/p>\n","protected":false},"excerpt":{"rendered":"<p>Clotilde Armand, maire d\u2019un secteur de la municipalit\u00e9 de Bucarest, est soup\u00e7onn\u00e9e par l\u2019Agence nationale pour l\u2019int\u00e9grit\u00e9 de conflit d\u2019int\u00e9r\u00eat en s\u2019\u00e9tant nomm\u00e9e responsable d\u2019un projet financ\u00e9 par l\u2019Union europ\u00e9enne destin\u00e9 \u00e0 r\u00e9duire la corruption et d\u2019y percevoir une r\u00e9mun\u00e9ration.<\/p>\n","protected":false},"author":1,"featured_media":21580,"comment_status":"closed","ping_status":"closed","sticky":false,"template":"","format":"standard","meta":{"wp_typography_post_enhancements_disabled":false,"footnotes":""},"categories":[416],"tags":[505,421],"class_list":["post-21559","post","type-post","status-publish","format-standard","has-post-thumbnail","hentry","category-politique","tag-roumanie","tag-vieux"],"yoast_head":"<!-- This site is optimized with the Yoast SEO Premium plugin v27.5 (Yoast SEO v27.5) - https:\/\/yoast.com\/product\/yoast-seo-premium-wordpress\/ -->\n<title>Une franco-roumaine \u00e9lue \u00e0 Bucarest accus\u00e9e de conflit d&#039;int\u00e9r\u00eats pour un projet contre la corruption<\/title>\n<meta name=\"description\" content=\"Clotilde Armand, maire d&#039;un secteur de la municipalit\u00e9 de Bucarest, est soup\u00e7onn\u00e9e par l&#039;Agence nationale pour l&#039;int\u00e9grit\u00e9 de conflit d&#039;int\u00e9r\u00eat en s&#039;\u00e9tant nomm\u00e9e responsable d&#039;un projet financ\u00e9 par l&#039;Union europ\u00e9enne destin\u00e9 \u00e0 r\u00e9duire la corruption et d&#039;y percevoir une r\u00e9mun\u00e9ration.\" \/>\n<meta name=\"robots\" content=\"index, follow, max-snippet:-1, max-image-preview:large, max-video-preview:-1\" \/>\n<link rel=\"canonical\" href=\"https:\/\/www.newsendip.com\/fr\/une-franco-roumaine-elue-a-bucarest-accusee-de-conflit-dinterets-pour-un-projet-contre-la-corruption\/\" \/>\n<meta property=\"og:locale\" content=\"fr_FR\" \/>\n<meta property=\"og:type\" content=\"article\" \/>\n<meta property=\"og:title\" content=\"Une franco-roumaine \u00e9lue \u00e0 Bucarest accus\u00e9e de conflit d&#039;int\u00e9r\u00eats pour un projet contre la corruption\" \/>\n<meta property=\"og:description\" content=\"Clotilde Armand, maire d&#039;un secteur de la municipalit\u00e9 de Bucarest, est soup\u00e7onn\u00e9e par l&#039;Agence nationale pour l&#039;int\u00e9grit\u00e9 de conflit d&#039;int\u00e9r\u00eat en s&#039;\u00e9tant nomm\u00e9e responsable d&#039;un projet financ\u00e9 par l&#039;Union europ\u00e9enne destin\u00e9 \u00e0 r\u00e9duire la corruption et d&#039;y percevoir une r\u00e9mun\u00e9ration.\" \/>\n<meta property=\"og:url\" content=\"https:\/\/www.newsendip.com\/fr\/une-franco-roumaine-elue-a-bucarest-accusee-de-conflit-dinterets-pour-un-projet-contre-la-corruption\/\" \/>\n<meta property=\"og:site_name\" content=\"Newsendip\" \/>\n<meta property=\"article:publisher\" content=\"https:\/\/www.facebook.com\/newsendip\" \/>\n<meta property=\"article:published_time\" content=\"2022-11-07T14:50:55+00:00\" \/>\n<meta property=\"article:modified_time\" content=\"2024-07-18T13:56:26+00:00\" \/>\n<meta property=\"og:image\" content=\"https:\/\/www.newsendip.com\/wp-content\/uploads\/2022\/11\/municipality-bucharest-sector-1-min.jpeg\" \/>\n\t<meta property=\"og:image:width\" content=\"1600\" \/>\n\t<meta property=\"og:image:height\" content=\"1066\" \/>\n\t<meta property=\"og:image:type\" content=\"image\/jpeg\" \/>\n<meta name=\"author\" content=\"Cl\u00e9ment V\u00e9rit\u00e9\" \/>\n<meta name=\"twitter:card\" content=\"summary_large_image\" \/>\n<meta name=\"twitter:image\" content=\"https:\/\/www.newsendip.com\/wp-content\/uploads\/2022\/11\/municipality-bucharest-sector-1-min.jpeg\" \/>\n<meta name=\"twitter:creator\" content=\"@https:\/\/twitter.com\/cverite\" \/>\n<meta name=\"twitter:site\" content=\"@newsendip\" \/>\n<meta name=\"twitter:label1\" content=\"\u00c9crit par\" \/>\n\t<meta name=\"twitter:data1\" content=\"Cl\u00e9ment V\u00e9rit\u00e9\" \/>\n\t<meta name=\"twitter:label2\" content=\"Dur\u00e9e de lecture estim\u00e9e\" \/>\n\t<meta name=\"twitter:data2\" content=\"4 minutes\" \/>\n<!-- \/ Yoast SEO Premium plugin. -->","yoast_head_json":{"title":"Une franco-roumaine \u00e9lue \u00e0 Bucarest accus\u00e9e de conflit d'int\u00e9r\u00eats pour un projet contre la corruption","description":"Clotilde Armand, maire d'un secteur de la municipalit\u00e9 de Bucarest, est soup\u00e7onn\u00e9e par l'Agence nationale pour l'int\u00e9grit\u00e9 de conflit d'int\u00e9r\u00eat en s'\u00e9tant nomm\u00e9e responsable d'un projet financ\u00e9 par l'Union europ\u00e9enne destin\u00e9 \u00e0 r\u00e9duire la corruption et d'y percevoir une r\u00e9mun\u00e9ration.","robots":{"index":"index","follow":"follow","max-snippet":"max-snippet:-1","max-image-preview":"max-image-preview:large","max-video-preview":"max-video-preview:-1"},"canonical":"https:\/\/www.newsendip.com\/fr\/une-franco-roumaine-elue-a-bucarest-accusee-de-conflit-dinterets-pour-un-projet-contre-la-corruption\/","og_locale":"fr_FR","og_type":"article","og_title":"Une franco-roumaine \u00e9lue \u00e0 Bucarest accus\u00e9e de conflit d'int\u00e9r\u00eats pour un projet contre la corruption","og_description":"Clotilde Armand, maire d'un secteur de la municipalit\u00e9 de Bucarest, est soup\u00e7onn\u00e9e par l'Agence nationale pour l'int\u00e9grit\u00e9 de conflit d'int\u00e9r\u00eat en s'\u00e9tant nomm\u00e9e responsable d'un projet financ\u00e9 par l'Union europ\u00e9enne destin\u00e9 \u00e0 r\u00e9duire la corruption et d'y percevoir une r\u00e9mun\u00e9ration.","og_url":"https:\/\/www.newsendip.com\/fr\/une-franco-roumaine-elue-a-bucarest-accusee-de-conflit-dinterets-pour-un-projet-contre-la-corruption\/","og_site_name":"Newsendip","article_publisher":"https:\/\/www.facebook.com\/newsendip","article_published_time":"2022-11-07T14:50:55+00:00","article_modified_time":"2024-07-18T13:56:26+00:00","og_image":[{"width":1600,"height":1066,"url":"https:\/\/www.newsendip.com\/wp-content\/uploads\/2022\/11\/municipality-bucharest-sector-1-min.jpeg","type":"image\/jpeg"}],"author":"Cl\u00e9ment V\u00e9rit\u00e9","twitter_card":"summary_large_image","twitter_image":"https:\/\/www.newsendip.com\/wp-content\/uploads\/2022\/11\/municipality-bucharest-sector-1-min.jpeg","twitter_creator":"@https:\/\/twitter.com\/cverite","twitter_site":"@newsendip","twitter_misc":{"\u00c9crit par":"Cl\u00e9ment V\u00e9rit\u00e9","Dur\u00e9e de lecture estim\u00e9e":"4 minutes"},"schema":{"@context":"https:\/\/schema.org","@graph":[{"@type":"NewsArticle","@id":"https:\/\/www.newsendip.com\/fr\/une-franco-roumaine-elue-a-bucarest-accusee-de-conflit-dinterets-pour-un-projet-contre-la-corruption\/#article","isPartOf":{"@id":"https:\/\/www.newsendip.com\/fr\/une-franco-roumaine-elue-a-bucarest-accusee-de-conflit-dinterets-pour-un-projet-contre-la-corruption\/"},"author":{"name":"Cl\u00e9ment V\u00e9rit\u00e9","@id":"https:\/\/www.newsendip.com\/fr\/#\/schema\/person\/ea22c01755f464a3cbc2c619584d6363"},"headline":"Une franco-roumaine \u00e9lue \u00e0 Bucarest accus\u00e9e de conflit d\u2019int\u00e9r\u00eats pour un projet contre la corruption","datePublished":"2022-11-07T14:50:55+00:00","dateModified":"2024-07-18T13:56:26+00:00","mainEntityOfPage":{"@id":"https:\/\/www.newsendip.com\/fr\/une-franco-roumaine-elue-a-bucarest-accusee-de-conflit-dinterets-pour-un-projet-contre-la-corruption\/"},"wordCount":807,"publisher":{"@id":"https:\/\/www.newsendip.com\/fr\/#organization"},"image":{"@id":"https:\/\/www.newsendip.com\/fr\/une-franco-roumaine-elue-a-bucarest-accusee-de-conflit-dinterets-pour-un-projet-contre-la-corruption\/#primaryimage"},"thumbnailUrl":"https:\/\/www.newsendip.com\/wp-content\/uploads\/2022\/11\/municipality-bucharest-sector-1.webp","keywords":["Roumanie","Vieux"],"articleSection":["Politique"],"inLanguage":"fr-FR","copyrightYear":"2022","copyrightHolder":{"@id":"https:\/\/www.newsendip.com\/#organization"}},{"@type":"WebPage","@id":"https:\/\/www.newsendip.com\/fr\/une-franco-roumaine-elue-a-bucarest-accusee-de-conflit-dinterets-pour-un-projet-contre-la-corruption\/","url":"https:\/\/www.newsendip.com\/fr\/une-franco-roumaine-elue-a-bucarest-accusee-de-conflit-dinterets-pour-un-projet-contre-la-corruption\/","name":"Une franco-roumaine \u00e9lue \u00e0 Bucarest accus\u00e9e de conflit d'int\u00e9r\u00eats pour un projet contre la corruption","isPartOf":{"@id":"https:\/\/www.newsendip.com\/fr\/#website"},"primaryImageOfPage":{"@id":"https:\/\/www.newsendip.com\/fr\/une-franco-roumaine-elue-a-bucarest-accusee-de-conflit-dinterets-pour-un-projet-contre-la-corruption\/#primaryimage"},"image":{"@id":"https:\/\/www.newsendip.com\/fr\/une-franco-roumaine-elue-a-bucarest-accusee-de-conflit-dinterets-pour-un-projet-contre-la-corruption\/#primaryimage"},"thumbnailUrl":"https:\/\/www.newsendip.com\/wp-content\/uploads\/2022\/11\/municipality-bucharest-sector-1.webp","datePublished":"2022-11-07T14:50:55+00:00","dateModified":"2024-07-18T13:56:26+00:00","description":"Clotilde Armand, maire d'un secteur de la municipalit\u00e9 de Bucarest, est soup\u00e7onn\u00e9e par l'Agence nationale pour l'int\u00e9grit\u00e9 de conflit d'int\u00e9r\u00eat en s'\u00e9tant nomm\u00e9e responsable d'un projet financ\u00e9 par l'Union europ\u00e9enne destin\u00e9 \u00e0 r\u00e9duire la corruption et d'y percevoir une r\u00e9mun\u00e9ration.","breadcrumb":{"@id":"https:\/\/www.newsendip.com\/fr\/une-franco-roumaine-elue-a-bucarest-accusee-de-conflit-dinterets-pour-un-projet-contre-la-corruption\/#breadcrumb"},"inLanguage":"fr-FR","potentialAction":[{"@type":"ReadAction","target":["https:\/\/www.newsendip.com\/fr\/une-franco-roumaine-elue-a-bucarest-accusee-de-conflit-dinterets-pour-un-projet-contre-la-corruption\/"]}]},{"@type":"ImageObject","inLanguage":"fr-FR","@id":"https:\/\/www.newsendip.com\/fr\/une-franco-roumaine-elue-a-bucarest-accusee-de-conflit-dinterets-pour-un-projet-contre-la-corruption\/#primaryimage","url":"https:\/\/www.newsendip.com\/wp-content\/uploads\/2022\/11\/municipality-bucharest-sector-1.webp","contentUrl":"https:\/\/www.newsendip.com\/wp-content\/uploads\/2022\/11\/municipality-bucharest-sector-1.webp","width":1600,"height":1066,"caption":"Municipalit\u00e9 de Bucarest - Secteur 1 | \u00a9 Prim\u0103ria Sectorului 1, Facebook"},{"@type":"BreadcrumbList","@id":"https:\/\/www.newsendip.com\/fr\/une-franco-roumaine-elue-a-bucarest-accusee-de-conflit-dinterets-pour-un-projet-contre-la-corruption\/#breadcrumb","itemListElement":[{"@type":"ListItem","position":1,"name":"Accueil","item":"https:\/\/www.newsendip.com\/fr\/"},{"@type":"ListItem","position":2,"name":"Une franco-roumaine \u00e9lue \u00e0 Bucarest accus\u00e9e de conflit d&#8217;int\u00e9r\u00eats pour un projet contre la corruption"}]},{"@type":"WebSite","@id":"https:\/\/www.newsendip.com\/fr\/#website","url":"https:\/\/www.newsendip.com\/fr\/","name":"Newsendip","description":"Red\u00e9couvrez l&#039;actualit\u00e9 internationale","publisher":{"@id":"https:\/\/www.newsendip.com\/fr\/#organization"},"potentialAction":[{"@type":"SearchAction","target":{"@type":"EntryPoint","urlTemplate":"https:\/\/www.newsendip.com\/fr\/?s={search_term_string}"},"query-input":{"@type":"PropertyValueSpecification","valueRequired":true,"valueName":"search_term_string"}}],"inLanguage":"fr-FR"},{"@type":"Organization","@id":"https:\/\/www.newsendip.com\/fr\/#organization","name":"Newsendip","url":"https:\/\/www.newsendip.com\/fr\/","logo":{"@type":"ImageObject","inLanguage":"fr-FR","@id":"https:\/\/www.newsendip.com\/fr\/#\/schema\/logo\/image\/","url":"https:\/\/www.newsendip.com\/wp-content\/uploads\/2023\/12\/512x512.svg","contentUrl":"https:\/\/www.newsendip.com\/wp-content\/uploads\/2023\/12\/512x512.svg","width":1,"height":1,"caption":"Newsendip"},"image":{"@id":"https:\/\/www.newsendip.com\/fr\/#\/schema\/logo\/image\/"},"sameAs":["https:\/\/www.facebook.com\/newsendip","https:\/\/x.com\/newsendip","https:\/\/mastodon.social\/@newsendip","https:\/\/www.linkedin.com\/company\/newsendip"],"description":"Newsendip est un site qui a pour mission de rendre l'actualit\u00e9 internationale accessible et diversifi\u00e9e","email":"contact@newsendip.com","legalName":"Newsendip SAS","foundingDate":"2022-11-04","vatID":"FR60921124723","numberOfEmployees":{"@type":"QuantitativeValue","minValue":"1","maxValue":"10"},"publishingPrinciples":"https:\/\/www.newsendip.com\/about-us\/","ownershipFundingInfo":"https:\/\/www.newsendip.com\/legal-notice\/","actionableFeedbackPolicy":"https:\/\/www.newsendip.com\/about-us\/","correctionsPolicy":"https:\/\/www.newsendip.com\/about-us\/","ethicsPolicy":"https:\/\/www.newsendip.com\/about-us\/","diversityPolicy":"https:\/\/www.newsendip.com\/about-us\/"},{"@type":"Person","@id":"https:\/\/www.newsendip.com\/fr\/#\/schema\/person\/ea22c01755f464a3cbc2c619584d6363","name":"Cl\u00e9ment V\u00e9rit\u00e9","description":"Cl\u00e9ment is the executive editor and founder of Newsendip. He started in the media industry as a freelance reporter at 16 for a local French newspaper after school and has never left it. He later worked for seven years at The New York Times, notably as a data analyst. He holds a Master of Management in France and a Master of Arts in the United Kingdom in International Marketing &amp; Communications Strategy. He has lived in France, the United Kingdom, and Italy.","sameAs":["https:\/\/www.newsendip.com\/","https:\/\/www.linkedin.com\/in\/clementverite\/","https:\/\/x.com\/https:\/\/twitter.com\/cverite"],"knowsAbout":["News","International","Business","Media monitoring"],"knowsLanguage":["English","French","Italian","Spanish"],"url":"https:\/\/www.newsendip.com\/fr\/author\/clement-verite\/"}]}},"_links":{"self":[{"href":"https:\/\/www.newsendip.com\/fr\/wp-json\/wp\/v2\/posts\/21559","targetHints":{"allow":["GET"]}}],"collection":[{"href":"https:\/\/www.newsendip.com\/fr\/wp-json\/wp\/v2\/posts"}],"about":[{"href":"https:\/\/www.newsendip.com\/fr\/wp-json\/wp\/v2\/types\/post"}],"author":[{"embeddable":true,"href":"https:\/\/www.newsendip.com\/fr\/wp-json\/wp\/v2\/users\/1"}],"replies":[{"embeddable":true,"href":"https:\/\/www.newsendip.com\/fr\/wp-json\/wp\/v2\/comments?post=21559"}],"version-history":[{"count":0,"href":"https:\/\/www.newsendip.com\/fr\/wp-json\/wp\/v2\/posts\/21559\/revisions"}],"wp:featuredmedia":[{"embeddable":true,"href":"https:\/\/www.newsendip.com\/fr\/wp-json\/wp\/v2\/media\/21580"}],"wp:attachment":[{"href":"https:\/\/www.newsendip.com\/fr\/wp-json\/wp\/v2\/media?parent=21559"}],"wp:term":[{"taxonomy":"category","embeddable":true,"href":"https:\/\/www.newsendip.com\/fr\/wp-json\/wp\/v2\/categories?post=21559"},{"taxonomy":"post_tag","embeddable":true,"href":"https:\/\/www.newsendip.com\/fr\/wp-json\/wp\/v2\/tags?post=21559"}],"curies":[{"name":"wp","href":"https:\/\/api.w.org\/{rel}","templated":true}]}}