{"id":21996,"date":"2022-11-10T14:32:30","date_gmt":"2022-11-10T13:32:30","guid":{"rendered":"https:\/\/www.newsendip.com\/?p=21996"},"modified":"2024-07-18T15:56:04","modified_gmt":"2024-07-18T13:56:04","slug":"optimiste-lhomme-le-plus-riche-du-mexique-carlos-slim-prevoit-un-mexique-dynamique-a-lavenir","status":"publish","type":"post","link":"https:\/\/www.newsendip.com\/fr\/optimiste-lhomme-le-plus-riche-du-mexique-carlos-slim-prevoit-un-mexique-dynamique-a-lavenir\/","title":{"rendered":"Optimiste, l\u2019homme le plus riche du Mexique Carlos Slim pr\u00e9voit un \u00ab\u202fMexique dynamique\u202f\u00bb \u00e0 l\u2019avenir"},"content":{"rendered":"<p><strong>Carlos Slim, l\u2019homme le plus riche du Mexique, a prononc\u00e9 un discours o\u00f9 il a fait part de son optimisme en anticipant un \u00ab\u202fMexique dynamique\u202f\u00bb avec l\u2019opportunit\u00e9 d\u2019attirer des industries qui se d\u00e9localiseraient de la Chine au Mexique.<br>\n<\/strong><\/p>\n<figure id=\"attachment_22004\" aria-describedby=\"caption-attachment-22004\" style=\"width: 1024px\" class=\"wp-caption aligncenter\"><img decoding=\"async\" class=\"wp-image-22004 size-large\" src=\"https:\/\/www.newsendip.com\/wp-content\/uploads\/2022\/11\/carlos-slim-speech-1024x576.webp\" alt=\"Carlos Slim\" width=\"1024\" height=\"576\" srcset=\"https:\/\/www.newsendip.com\/wp-content\/uploads\/2022\/11\/carlos-slim-speech-1024x576.webp 1024w, https:\/\/www.newsendip.com\/wp-content\/uploads\/2022\/11\/carlos-slim-speech-60x34.webp 60w, https:\/\/www.newsendip.com\/wp-content\/uploads\/2022\/11\/carlos-slim-speech-300x169.webp 300w, https:\/\/www.newsendip.com\/wp-content\/uploads\/2022\/11\/carlos-slim-speech-768x432.webp 768w, https:\/\/www.newsendip.com\/wp-content\/uploads\/2022\/11\/carlos-slim-speech-1536x864.webp 1536w, https:\/\/www.newsendip.com\/wp-content\/uploads\/2022\/11\/carlos-slim-speech.webp 1920w\" sizes=\"(max-width: 1024px) 100vw, 1024px\"><figcaption id=\"caption-attachment-22004\" class=\"wp-caption-text\">Carlos Slim lors d\u2019un discours prononc\u00e9 \u00e0 l\u2019occasion d\u2019un \u00e9v\u00e9nement organis\u00e9 par la Cour supr\u00eame de justice de la nation et l\u2019Universit\u00e9 nationale autonome du Mexique le 9 novembre 2022 | Facebook live de l\u2019Universit\u00e9 nationale autonome du Mexique<\/figcaption><\/figure>\n<p>L\u2019homme le plus riche du Mexique, Carlos Slim, a adress\u00e9 un <a href=\"https:\/\/www.facebook.com\/DerechoUNAM\/videos\/455030410094031\">message optimiste aux Mexicains<\/a> lors d\u2019un discours prononc\u00e9 \u00e0 l\u2019occasion d\u2019un \u00e9v\u00e9nement organis\u00e9 par la <a href=\"https:\/\/www.newsendip.com\/fr\/la-cour-supreme-du-mexique-doit-se-prononcer-sur-linterdiction-dune-creche-de-noel-dans-un-batiment-public\/\">Cour supr\u00eame de justice de la nation<\/a> et l\u2019Universit\u00e9 nationale autonome du Mexique le 9 novembre. M. Slim pr\u00e9voit un \u00ab\u202f<em>Mexique dynamique, avec une croissance soutenue, avec de nombreuses opportunit\u00e9s pour cr\u00e9er des emplois et de <a href=\"https:\/\/www.newsendip.com\/fr\/economie\/\">l\u2019activit\u00e9 \u00e9conomique<\/a>\u202f\u00bb<\/em>.<\/p>\n<p>L\u2019une des raisons de son optimisme r\u00e9side dans les opportunit\u00e9s qu\u2019offrent les industries qui pourraient s\u2019installer au Mexique au lieu de la&nbsp;Chine.<\/p>\n<p>M. Slim a expliqu\u00e9 que les tensions \u00e9conomiques entre les \u00c9tats-Unis et la Chine cr\u00e9ent la n\u00e9cessit\u00e9 de trouver un nouveau pays o\u00f9 la production peut \u00eatre maintenue avec des co\u00fbts limit\u00e9s. \u00ab\u202f<em>La production import\u00e9e de l\u00e0-bas (Chine) doit \u00eatre produite ici (Mexique) parce que la seule fa\u00e7on d\u2019\u00eatre rentable et efficace est le travailleur mexicain, qui, non seulement re\u00e7oit un revenu beaucoup plus faible malheureusement, mais est beaucoup plus efficace.\u202f\u00bb<\/em> Les \u00c9tats-Unis sont \u00ab\u202f<em>une \u00e9conomie de services, il n\u2019y a pas de capacit\u00e9 industrielle de production comme au Mexique\u202f\u00bb<\/em>, a\u2011t-il ajout\u00e9.<\/p>\n<p>L\u2019homme \u00e0 la fortune de 80 milliards de dollars en 2022 selon Forbes pense \u00e9galement que le Mexique peut profiter de l\u2019opportunit\u00e9 offerte par la proximit\u00e9 g\u00e9ographique avec le march\u00e9 am\u00e9ricain dans un contexte de hausse des <a href=\"https:\/\/www.newsendip.com\/fr\/pas-de-refrigerateurs-au-travail-teletravail-fermeture-des-ecoles-la-slovaquie-etudie-ses-economies-denergie-potentielles-pour-lhiver\/\">co\u00fbts de l\u2019\u00e9nergie<\/a> et des transports.<\/p>\n<p>Par ailleurs, dans un commentaire qui semble appr\u00e9cier la politique actuelle du pr\u00e9sident mexicain <a href=\"https:\/\/www.newsendip.com\/fr\/les-reformes-sur-lelectricite-au-mexique-entre-debat-dans-le-pays-et-inquietudes-aux-etats-unis\/\">Andr\u00e9s Manuel L\u00f3pez Obrador<\/a>, l\u2019ancien PDG de l\u2019entreprise mexicaine de t\u00e9l\u00e9communications Telmex estime que le pays peut profiter du fait que \u00ab\u202f<em>les finances publiques sont saines et le resteront jusqu\u2019\u00e0 la fin de ce gouvernement\u202f\u00bb<\/em>.<\/p>\n<p>Toutefois, il pr\u00e9vient que l\u2019avenir des Mexicains ne manquera pas de d\u00e9fis, mais il esp\u00e8re que le pays ne commettra pas les m\u00eames erreurs que par le&nbsp;pass\u00e9.<\/p>\n<p>Par exemple, il a soulign\u00e9 que le commerce avec les \u00c9tats-Unis s\u2019est accru gr\u00e2ce aux accords commerciaux pass\u00e9s, mais beaucoup moins compar\u00e9 \u00e0 celui avec la Chine. De plus, la faible croissance \u00e9conomique au cours des quarante derni\u00e8res ann\u00e9es faisait que le seul moyen de combattre la pauvret\u00e9 \u00e9tait les envois d\u2019argent des familles depuis les \u00c9tats-Unis, a\u2011t-il regrett\u00e9.<\/p>\n<p>En septembre, M. Slim, 82 ans, dans une <a href=\"https:\/\/www.infobae.com\/america\/mexico\/2022\/09\/14\/carlos-slim-que-dice-la-carta-en-la-que-el-magnate-compartio-sus-secretos-del-exito-a-jovenes-universitarios\/\">lettre lue aux \u00e9tudiants qu\u2019il avait d\u00e9j\u00e0 partag\u00e9e en 1994<\/a> sur les secrets de sa r\u00e9ussite, a fait l\u2019\u00e9loge de l\u2019optimisme car \u00ab\u202f<em>le pessimisme m\u00e8ne \u00e0 la m\u00e9diocrit\u00e9\u202f\u00bb<\/em>.<\/p>\n<p><a href=\"https:\/\/www.newsendip.com\/fr\/etiquette\/mexique\/\"><strong>D\u00e9couvrez plus d\u2019actualit\u00e9s sur le Mexique<\/strong><\/a><\/p>\n","protected":false},"excerpt":{"rendered":"<p>Carlos Slim, l\u2019homme le plus riche du Mexique, a prononc\u00e9 un discours o\u00f9 il a fait part de son optimisme en anticipant un \u00ab\u202fMexique dynamique\u202f\u00bb avec l\u2019opportunit\u00e9 d\u2019attirer des industries qui se d\u00e9localiseraient de la Chine au Mexique.<\/p>\n","protected":false},"author":1,"featured_media":22004,"comment_status":"closed","ping_status":"open","sticky":false,"template":"","format":"standard","meta":{"wp_typography_post_enhancements_disabled":false,"footnotes":""},"categories":[414],"tags":[419,421],"class_list":["post-21996","post","type-post","status-publish","format-standard","has-post-thumbnail","hentry","category-economie","tag-mexique","tag-vieux"],"yoast_head":"<!-- This site is optimized with the Yoast SEO Premium plugin v27.5 (Yoast SEO v27.5) - https:\/\/yoast.com\/product\/yoast-seo-premium-wordpress\/ -->\n<title>Optimiste, l&#039;homme le plus riche du Mexique Carlos Slim pr\u00e9voit un &quot;Mexique dynamique&quot; \u00e0 l&#039;avenir<\/title>\n<meta name=\"description\" content=\"Carlos Slim, l&#039;homme le plus riche du Mexique, a prononc\u00e9 un discours o\u00f9 il a fait part de son optimisme en anticipant un &quot;Mexique dynamique&quot; avec l&#039;opportunit\u00e9 d&#039;attirer des industries qui se d\u00e9localiseraient de la Chine au Mexique.\" \/>\n<meta name=\"robots\" content=\"index, follow, max-snippet:-1, max-image-preview:large, max-video-preview:-1\" \/>\n<link rel=\"canonical\" href=\"https:\/\/www.newsendip.com\/fr\/optimiste-lhomme-le-plus-riche-du-mexique-carlos-slim-prevoit-un-mexique-dynamique-a-lavenir\/\" \/>\n<meta property=\"og:locale\" content=\"fr_FR\" \/>\n<meta property=\"og:type\" content=\"article\" \/>\n<meta property=\"og:title\" content=\"Optimiste, l&#039;homme le plus riche du Mexique Carlos Slim pr\u00e9voit un &quot;Mexique dynamique&quot; \u00e0 l&#039;avenir\" \/>\n<meta property=\"og:description\" content=\"Carlos Slim, l&#039;homme le plus riche du Mexique, a prononc\u00e9 un discours o\u00f9 il a fait part de son optimisme en anticipant un &quot;Mexique dynamique&quot; avec l&#039;opportunit\u00e9 d&#039;attirer des industries qui se d\u00e9localiseraient de la Chine au Mexique.\" \/>\n<meta property=\"og:url\" content=\"https:\/\/www.newsendip.com\/fr\/optimiste-lhomme-le-plus-riche-du-mexique-carlos-slim-prevoit-un-mexique-dynamique-a-lavenir\/\" \/>\n<meta property=\"og:site_name\" content=\"Newsendip\" \/>\n<meta property=\"article:publisher\" content=\"https:\/\/www.facebook.com\/newsendip\" \/>\n<meta property=\"article:published_time\" content=\"2022-11-10T13:32:30+00:00\" \/>\n<meta property=\"article:modified_time\" content=\"2024-07-18T13:56:04+00:00\" \/>\n<meta property=\"og:image\" content=\"https:\/\/www.newsendip.com\/wp-content\/uploads\/2022\/11\/carlos-slim-speech-min.jpeg\" \/>\n\t<meta property=\"og:image:width\" content=\"1920\" \/>\n\t<meta property=\"og:image:height\" content=\"1080\" \/>\n\t<meta property=\"og:image:type\" content=\"image\/jpeg\" \/>\n<meta name=\"author\" content=\"Cl\u00e9ment V\u00e9rit\u00e9\" \/>\n<meta name=\"twitter:card\" content=\"summary_large_image\" \/>\n<meta name=\"twitter:image\" content=\"https:\/\/www.newsendip.com\/wp-content\/uploads\/2022\/11\/carlos-slim-speech-min.jpeg\" \/>\n<meta name=\"twitter:creator\" content=\"@https:\/\/twitter.com\/cverite\" \/>\n<meta name=\"twitter:site\" content=\"@newsendip\" \/>\n<meta name=\"twitter:label1\" content=\"\u00c9crit par\" \/>\n\t<meta name=\"twitter:data1\" content=\"Cl\u00e9ment V\u00e9rit\u00e9\" \/>\n\t<meta name=\"twitter:label2\" content=\"Dur\u00e9e de lecture estim\u00e9e\" \/>\n\t<meta name=\"twitter:data2\" content=\"3 minutes\" \/>\n<!-- \/ Yoast SEO Premium plugin. -->","yoast_head_json":{"title":"Optimiste, l'homme le plus riche du Mexique Carlos Slim pr\u00e9voit un \"Mexique dynamique\" \u00e0 l'avenir","description":"Carlos Slim, l'homme le plus riche du Mexique, a prononc\u00e9 un discours o\u00f9 il a fait part de son optimisme en anticipant un \"Mexique dynamique\" avec l'opportunit\u00e9 d'attirer des industries qui se d\u00e9localiseraient de la Chine au Mexique.","robots":{"index":"index","follow":"follow","max-snippet":"max-snippet:-1","max-image-preview":"max-image-preview:large","max-video-preview":"max-video-preview:-1"},"canonical":"https:\/\/www.newsendip.com\/fr\/optimiste-lhomme-le-plus-riche-du-mexique-carlos-slim-prevoit-un-mexique-dynamique-a-lavenir\/","og_locale":"fr_FR","og_type":"article","og_title":"Optimiste, l'homme le plus riche du Mexique Carlos Slim pr\u00e9voit un \"Mexique dynamique\" \u00e0 l'avenir","og_description":"Carlos Slim, l'homme le plus riche du Mexique, a prononc\u00e9 un discours o\u00f9 il a fait part de son optimisme en anticipant un \"Mexique dynamique\" avec l'opportunit\u00e9 d'attirer des industries qui se d\u00e9localiseraient de la Chine au Mexique.","og_url":"https:\/\/www.newsendip.com\/fr\/optimiste-lhomme-le-plus-riche-du-mexique-carlos-slim-prevoit-un-mexique-dynamique-a-lavenir\/","og_site_name":"Newsendip","article_publisher":"https:\/\/www.facebook.com\/newsendip","article_published_time":"2022-11-10T13:32:30+00:00","article_modified_time":"2024-07-18T13:56:04+00:00","og_image":[{"width":1920,"height":1080,"url":"https:\/\/www.newsendip.com\/wp-content\/uploads\/2022\/11\/carlos-slim-speech-min.jpeg","type":"image\/jpeg"}],"author":"Cl\u00e9ment V\u00e9rit\u00e9","twitter_card":"summary_large_image","twitter_image":"https:\/\/www.newsendip.com\/wp-content\/uploads\/2022\/11\/carlos-slim-speech-min.jpeg","twitter_creator":"@https:\/\/twitter.com\/cverite","twitter_site":"@newsendip","twitter_misc":{"\u00c9crit par":"Cl\u00e9ment V\u00e9rit\u00e9","Dur\u00e9e de lecture estim\u00e9e":"3 minutes"},"schema":{"@context":"https:\/\/schema.org","@graph":[{"@type":"NewsArticle","@id":"https:\/\/www.newsendip.com\/fr\/optimiste-lhomme-le-plus-riche-du-mexique-carlos-slim-prevoit-un-mexique-dynamique-a-lavenir\/#article","isPartOf":{"@id":"https:\/\/www.newsendip.com\/fr\/optimiste-lhomme-le-plus-riche-du-mexique-carlos-slim-prevoit-un-mexique-dynamique-a-lavenir\/"},"author":{"name":"Cl\u00e9ment V\u00e9rit\u00e9","@id":"https:\/\/www.newsendip.com\/fr\/#\/schema\/person\/ea22c01755f464a3cbc2c619584d6363"},"headline":"Optimiste, l\u2019homme le plus riche du Mexique Carlos Slim pr\u00e9voit un \u00ab\u202fMexique dynamique\u202f\u00bb \u00e0 l\u2019avenir","datePublished":"2022-11-10T13:32:30+00:00","dateModified":"2024-07-18T13:56:04+00:00","mainEntityOfPage":{"@id":"https:\/\/www.newsendip.com\/fr\/optimiste-lhomme-le-plus-riche-du-mexique-carlos-slim-prevoit-un-mexique-dynamique-a-lavenir\/"},"wordCount":561,"publisher":{"@id":"https:\/\/www.newsendip.com\/fr\/#organization"},"image":{"@id":"https:\/\/www.newsendip.com\/fr\/optimiste-lhomme-le-plus-riche-du-mexique-carlos-slim-prevoit-un-mexique-dynamique-a-lavenir\/#primaryimage"},"thumbnailUrl":"https:\/\/www.newsendip.com\/wp-content\/uploads\/2022\/11\/carlos-slim-speech.webp","keywords":["Mexique","Vieux"],"articleSection":["\u00c9conomie"],"inLanguage":"fr-FR","copyrightYear":"2022","copyrightHolder":{"@id":"https:\/\/www.newsendip.com\/#organization"}},{"@type":"WebPage","@id":"https:\/\/www.newsendip.com\/fr\/optimiste-lhomme-le-plus-riche-du-mexique-carlos-slim-prevoit-un-mexique-dynamique-a-lavenir\/","url":"https:\/\/www.newsendip.com\/fr\/optimiste-lhomme-le-plus-riche-du-mexique-carlos-slim-prevoit-un-mexique-dynamique-a-lavenir\/","name":"Optimiste, l'homme le plus riche du Mexique Carlos Slim pr\u00e9voit un \"Mexique dynamique\" \u00e0 l'avenir","isPartOf":{"@id":"https:\/\/www.newsendip.com\/fr\/#website"},"primaryImageOfPage":{"@id":"https:\/\/www.newsendip.com\/fr\/optimiste-lhomme-le-plus-riche-du-mexique-carlos-slim-prevoit-un-mexique-dynamique-a-lavenir\/#primaryimage"},"image":{"@id":"https:\/\/www.newsendip.com\/fr\/optimiste-lhomme-le-plus-riche-du-mexique-carlos-slim-prevoit-un-mexique-dynamique-a-lavenir\/#primaryimage"},"thumbnailUrl":"https:\/\/www.newsendip.com\/wp-content\/uploads\/2022\/11\/carlos-slim-speech.webp","datePublished":"2022-11-10T13:32:30+00:00","dateModified":"2024-07-18T13:56:04+00:00","description":"Carlos Slim, l'homme le plus riche du Mexique, a prononc\u00e9 un discours o\u00f9 il a fait part de son optimisme en anticipant un \"Mexique dynamique\" avec l'opportunit\u00e9 d'attirer des industries qui se d\u00e9localiseraient de la Chine au Mexique.","breadcrumb":{"@id":"https:\/\/www.newsendip.com\/fr\/optimiste-lhomme-le-plus-riche-du-mexique-carlos-slim-prevoit-un-mexique-dynamique-a-lavenir\/#breadcrumb"},"inLanguage":"fr-FR","potentialAction":[{"@type":"ReadAction","target":["https:\/\/www.newsendip.com\/fr\/optimiste-lhomme-le-plus-riche-du-mexique-carlos-slim-prevoit-un-mexique-dynamique-a-lavenir\/"]}]},{"@type":"ImageObject","inLanguage":"fr-FR","@id":"https:\/\/www.newsendip.com\/fr\/optimiste-lhomme-le-plus-riche-du-mexique-carlos-slim-prevoit-un-mexique-dynamique-a-lavenir\/#primaryimage","url":"https:\/\/www.newsendip.com\/wp-content\/uploads\/2022\/11\/carlos-slim-speech.webp","contentUrl":"https:\/\/www.newsendip.com\/wp-content\/uploads\/2022\/11\/carlos-slim-speech.webp","width":1920,"height":1080,"caption":"Carlos Slim lors d'un discours prononc\u00e9 \u00e0 l'occasion d'un \u00e9v\u00e9nement organis\u00e9 par la Cour supr\u00eame de justice de la nation et l'Universit\u00e9 nationale autonome du Mexique le 9 novembre 2022 | Facebook live de l'Universit\u00e9 nationale autonome du Mexique"},{"@type":"BreadcrumbList","@id":"https:\/\/www.newsendip.com\/fr\/optimiste-lhomme-le-plus-riche-du-mexique-carlos-slim-prevoit-un-mexique-dynamique-a-lavenir\/#breadcrumb","itemListElement":[{"@type":"ListItem","position":1,"name":"Accueil","item":"https:\/\/www.newsendip.com\/fr\/"},{"@type":"ListItem","position":2,"name":"Optimiste, l&#8217;homme le plus riche du Mexique Carlos Slim pr\u00e9voit un &#8220;Mexique dynamique&#8221; \u00e0 l&#8217;avenir"}]},{"@type":"WebSite","@id":"https:\/\/www.newsendip.com\/fr\/#website","url":"https:\/\/www.newsendip.com\/fr\/","name":"Newsendip","description":"Red\u00e9couvrez l&#039;actualit\u00e9 internationale","publisher":{"@id":"https:\/\/www.newsendip.com\/fr\/#organization"},"potentialAction":[{"@type":"SearchAction","target":{"@type":"EntryPoint","urlTemplate":"https:\/\/www.newsendip.com\/fr\/?s={search_term_string}"},"query-input":{"@type":"PropertyValueSpecification","valueRequired":true,"valueName":"search_term_string"}}],"inLanguage":"fr-FR"},{"@type":"Organization","@id":"https:\/\/www.newsendip.com\/fr\/#organization","name":"Newsendip","url":"https:\/\/www.newsendip.com\/fr\/","logo":{"@type":"ImageObject","inLanguage":"fr-FR","@id":"https:\/\/www.newsendip.com\/fr\/#\/schema\/logo\/image\/","url":"https:\/\/www.newsendip.com\/wp-content\/uploads\/2023\/12\/512x512.svg","contentUrl":"https:\/\/www.newsendip.com\/wp-content\/uploads\/2023\/12\/512x512.svg","width":1,"height":1,"caption":"Newsendip"},"image":{"@id":"https:\/\/www.newsendip.com\/fr\/#\/schema\/logo\/image\/"},"sameAs":["https:\/\/www.facebook.com\/newsendip","https:\/\/x.com\/newsendip","https:\/\/mastodon.social\/@newsendip","https:\/\/www.linkedin.com\/company\/newsendip"],"description":"Newsendip est un site qui a pour mission de rendre l'actualit\u00e9 internationale accessible et diversifi\u00e9e","email":"contact@newsendip.com","legalName":"Newsendip SAS","foundingDate":"2022-11-04","vatID":"FR60921124723","numberOfEmployees":{"@type":"QuantitativeValue","minValue":"1","maxValue":"10"},"publishingPrinciples":"https:\/\/www.newsendip.com\/about-us\/","ownershipFundingInfo":"https:\/\/www.newsendip.com\/legal-notice\/","actionableFeedbackPolicy":"https:\/\/www.newsendip.com\/about-us\/","correctionsPolicy":"https:\/\/www.newsendip.com\/about-us\/","ethicsPolicy":"https:\/\/www.newsendip.com\/about-us\/","diversityPolicy":"https:\/\/www.newsendip.com\/about-us\/"},{"@type":"Person","@id":"https:\/\/www.newsendip.com\/fr\/#\/schema\/person\/ea22c01755f464a3cbc2c619584d6363","name":"Cl\u00e9ment V\u00e9rit\u00e9","description":"Cl\u00e9ment is the executive editor and founder of Newsendip. He started in the media industry as a freelance reporter at 16 for a local French newspaper after school and has never left it. He later worked for seven years at The New York Times, notably as a data analyst. He holds a Master of Management in France and a Master of Arts in the United Kingdom in International Marketing &amp; Communications Strategy. He has lived in France, the United Kingdom, and Italy.","sameAs":["https:\/\/www.newsendip.com\/","https:\/\/www.linkedin.com\/in\/clementverite\/","https:\/\/x.com\/https:\/\/twitter.com\/cverite"],"knowsAbout":["News","International","Business","Media monitoring"],"knowsLanguage":["English","French","Italian","Spanish"],"url":"https:\/\/www.newsendip.com\/fr\/author\/clement-verite\/"}]}},"_links":{"self":[{"href":"https:\/\/www.newsendip.com\/fr\/wp-json\/wp\/v2\/posts\/21996","targetHints":{"allow":["GET"]}}],"collection":[{"href":"https:\/\/www.newsendip.com\/fr\/wp-json\/wp\/v2\/posts"}],"about":[{"href":"https:\/\/www.newsendip.com\/fr\/wp-json\/wp\/v2\/types\/post"}],"author":[{"embeddable":true,"href":"https:\/\/www.newsendip.com\/fr\/wp-json\/wp\/v2\/users\/1"}],"replies":[{"embeddable":true,"href":"https:\/\/www.newsendip.com\/fr\/wp-json\/wp\/v2\/comments?post=21996"}],"version-history":[{"count":0,"href":"https:\/\/www.newsendip.com\/fr\/wp-json\/wp\/v2\/posts\/21996\/revisions"}],"wp:featuredmedia":[{"embeddable":true,"href":"https:\/\/www.newsendip.com\/fr\/wp-json\/wp\/v2\/media\/22004"}],"wp:attachment":[{"href":"https:\/\/www.newsendip.com\/fr\/wp-json\/wp\/v2\/media?parent=21996"}],"wp:term":[{"taxonomy":"category","embeddable":true,"href":"https:\/\/www.newsendip.com\/fr\/wp-json\/wp\/v2\/categories?post=21996"},{"taxonomy":"post_tag","embeddable":true,"href":"https:\/\/www.newsendip.com\/fr\/wp-json\/wp\/v2\/tags?post=21996"}],"curies":[{"name":"wp","href":"https:\/\/api.w.org\/{rel}","templated":true}]}}