{"id":22623,"date":"2022-11-18T09:56:25","date_gmt":"2022-11-18T08:56:25","guid":{"rendered":"https:\/\/www.newsendip.com\/?p=22623"},"modified":"2024-07-18T15:55:38","modified_gmt":"2024-07-18T13:55:38","slug":"pourquoi-le-ministre-grec-des-affaires-etrangeres-na-pas-voulu-descendre-de-lavion-a-tripoli","status":"publish","type":"post","link":"https:\/\/www.newsendip.com\/fr\/pourquoi-le-ministre-grec-des-affaires-etrangeres-na-pas-voulu-descendre-de-lavion-a-tripoli\/","title":{"rendered":"Pourquoi le ministre grec des Affaires \u00e9trang\u00e8res n\u2019a pas voulu descendre de l\u2019avion \u00e0 Tripoli"},"content":{"rendered":"<p><strong>Nikos Dendias, le ministre grec des Affaires \u00e9trang\u00e8res, a d\u00e9cid\u00e9 de rester dans l\u2019avion \u00e0 Tripoli parce qu\u2019il ne voulait pas rencontrer la ministre des Affaires \u00e9trang\u00e8res du gouvernement int\u00e9rimaire libyen qui \u00e9tait venue \u00e0 l\u2019a\u00e9roport.<br>\n<\/strong><\/p>\n<figure id=\"attachment_22638\" aria-describedby=\"caption-attachment-22638\" style=\"width: 1024px\" class=\"wp-caption aligncenter\"><img decoding=\"async\" class=\"wp-image-22638 size-large\" src=\"https:\/\/www.newsendip.com\/wp-content\/uploads\/2022\/11\/greece-minister-foreign-affairs-benghazi-1024x683.webp\" alt=\"Nikos Dendias\" width=\"1024\" height=\"683\" srcset=\"https:\/\/www.newsendip.com\/wp-content\/uploads\/2022\/11\/greece-minister-foreign-affairs-benghazi-1024x683.webp 1024w, https:\/\/www.newsendip.com\/wp-content\/uploads\/2022\/11\/greece-minister-foreign-affairs-benghazi-2048x1365.webp 2048w, https:\/\/www.newsendip.com\/wp-content\/uploads\/2022\/11\/greece-minister-foreign-affairs-benghazi-60x40.webp 60w, https:\/\/www.newsendip.com\/wp-content\/uploads\/2022\/11\/greece-minister-foreign-affairs-benghazi-720x480.webp 720w, https:\/\/www.newsendip.com\/wp-content\/uploads\/2022\/11\/greece-minister-foreign-affairs-benghazi-300x200.webp 300w, https:\/\/www.newsendip.com\/wp-content\/uploads\/2022\/11\/greece-minister-foreign-affairs-benghazi-768x512.webp 768w, https:\/\/www.newsendip.com\/wp-content\/uploads\/2022\/11\/greece-minister-foreign-affairs-benghazi-1536x1024.webp 1536w\" sizes=\"(max-width: 1024px) 100vw, 1024px\"><figcaption id=\"caption-attachment-22638\" class=\"wp-caption-text\">Nikos Dendias, ministre grec des Affaires \u00e9trang\u00e8res, \u00e0 l\u2019a\u00e9roport de Benghazi le 17 novembre 2022 | Twitter, minist\u00e8re grec des Affaires \u00e9trang\u00e8res<\/figcaption><\/figure>\n<p>Le ministre grec des Affaires \u00e9trang\u00e8res, Nikos Dendias, a d\u00e9cid\u00e9 le 17 novembre de rester dans l\u2019avion \u00e0 Tripoli et a refus\u00e9 de rencontrer la ministre des Affaires \u00e9trang\u00e8res du gouvernement int\u00e9rimaire de&nbsp;Libye.<\/p>\n<p>Dans un <a href=\"https:\/\/www.mfa.gr\/epikairotita\/diloseis-omilies\/anakoinose-anaphorika-me-te-mataiose-tes-episkepses-tou-upourgou-exoterikon-nikou-dendia-17112022.html\">communiqu\u00e9 de presse<\/a>, le minist\u00e8re grec a expliqu\u00e9 que le voyage a \u00e9t\u00e9 annul\u00e9 parce que le minist\u00e8re libyen des Affaires \u00e9trang\u00e8res du gouvernement int\u00e9rimaire \u00ab\u202f<em>n\u2019a pas respect\u00e9 l\u2019accord conclu selon lequel M. Dendias ne rencontrerait pas la ministre libyenne des Affaires \u00e9trang\u00e8res.\u202f\u00bb<\/em><\/p>\n<p>M. Dendias devait rencontrer \u00e0 Tripoli Mohamed al-Menfi, pr\u00e9sident du Conseil pr\u00e9sidentiel libyen, l\u2019\u00e9quivalent du chef de l\u2019\u00c9tat. Mais \u00e0 l\u2019a\u00e9roport, Naila Mangus, la ministre des Affaires \u00e9trang\u00e8res du gouvernement d\u2019union nationale, le gouvernement de transition de la Libye, l\u2019attendait pour l\u2019accueillir.<em><br>\n<\/em><\/p>\n<p>Dans son agenda, le ministre devait se rendre \u00e0 Tripoli, puis se rendre \u00e0 Benghazi, dans l\u2019est de la Libye. Le voyage \u00e0 Tripoli n\u2019\u00e9tait pas pr\u00e9vu \u00e0 l\u2019origine, mais Mohammed al-Menfi a demand\u00e9 \u00e0 le rencontrer, selon les m\u00e9dias grecs. Cependant, le ministre grec ne voulait rencontrer que M. al-Menfi et personne du gouvernement int\u00e9rimaire.<\/p>\n<p>La Gr\u00e8ce ne veut pas rencontrer les membres du gouvernement car le pays consid\u00e8re, \u00e0 l\u2019instar de l\u2019Union europ\u00e9enne, des \u00c9tats-Unis et du Conseil de s\u00e9curit\u00e9 des Nations unies, que le mandat du gouvernement int\u00e9rimaire a expir\u00e9 et que son seul pouvoir est d\u00e9sormais d\u2019organiser des \u00e9lections d\u00e9mocratiques en Libye qui se font attendre.<\/p>\n<p>Dans une d\u00e9claration sur <a href=\"https:\/\/twitter.com\/MFA_Libya\/status\/1593144517175435264\">Twitter<\/a>, le minist\u00e8re libyen des affaires \u00e9trang\u00e8res a estim\u00e9 que la ministre attendait de recevoir M. Dendias \u00ab\u202f<em>conform\u00e9ment aux normes diplomatiques\u202f\u00bb<\/em>. Il a ajout\u00e9 que le minist\u00e8re \u00ab\u202f<em>d\u00e9plore ce comportement et prendra les mesures diplomatiques appropri\u00e9es pour pr\u00e9server le prestige et la souverainet\u00e9 de l\u2019\u00c9tat de&nbsp;Libye.\u202f\u00bb<\/em><\/p>\n<p>M. al-Menfi avait tent\u00e9 de suspendre Mme Mangus en 2021 parce qu\u2019elle ne se coordonnait pas avec le conseil pr\u00e9sidentiel en mati\u00e8re de politique \u00e9trang\u00e8re. Et selon le m\u00e9dia grec <a href=\"https:\/\/www.iefimerida.gr\/politiki\/sobaro-diplomatiko-epeisodio-me-dendia-sti-libyi-akyrothike-i-episkepsi-stin-tripoli\">Iefimerida<\/a>, une \u00e9quipe de t\u00e9l\u00e9vision accompagnait Mme Mangus, ce que le ministre grec a vu comme une tentative d\u2019utiliser les images \u00e0 des fins politiques au d\u00e9triment de la&nbsp;Gr\u00e8ce.<\/p>\n<h2>Accords entre la Libye et la Turquie<\/h2>\n<p>Car Mme Mangus est aussi celle qui a sign\u00e9 en octobre un protocole d\u2019accord avec la Turquie que la Gr\u00e8ce rejette. Les relations entre la Turquie et la Gr\u00e8ce sont tr\u00e8s tendues.<\/p>\n<p>Ce m\u00e9morandum Libye-Turquie sur les hydrocarbures est bas\u00e9 sur un accord bilat\u00e9ral de 2019 lorsque la Libye et la Turquie ont d\u00e9fini le partage d\u2019une fronti\u00e8re maritime et la <a href=\"https:\/\/www.un.org\/depts\/los\/LEGISLATIONANDTREATIES\/PDFFILES\/TREATIES\/Turkey_11122019_%28HC%29_MoU_Libya-Delimitation-areas-Mediterranean.pdf\">d\u00e9limitation de zones de juridiction maritime en M\u00e9diterran\u00e9e<\/a>. Mais la Gr\u00e8ce, Chypre et l\u2019\u00c9gypte sont contre cette d\u00e9cision car elle prend des parties de leurs zones \u00e9conomiques exclusives. L\u2019<a href=\"https:\/\/www.eeas.europa.eu\/delegations\/t%C3%BCrkiye\/libyat%C3%BCrkiye-statement-spokesperson-reported-agreement-hydrocarbons_en?s=230\">Union europ\u00e9enne<\/a> a d\u00e9clar\u00e9 que cet accord \u00ab\u202f<em>porte atteinte aux droits souverains d\u2019\u00c9tats tiers, n\u2019est pas conforme au droit de la mer et ne peut produire aucune cons\u00e9quence juridique pour les \u00c9tats&nbsp;tiers.\u202f\u00bb<\/em><\/p>\n<p>Mohammed al-Menfi \u00e9tait l\u2019ambassadeur libyen en Gr\u00e8ce lorsque l\u2019accord entre la Libye et la Turquie sur les fronti\u00e8res maritimes fut sign\u00e9 en 2019. Il avait ensuite \u00e9t\u00e9 expuls\u00e9 de Gr\u00e8ce en d\u00e9cembre 2019\u202fen raison des tensions entre la Gr\u00e8ce et la&nbsp;Libye.<em><br>\n<\/em><\/p>\n<p>La Chambre des repr\u00e9sentants a rejet\u00e9 cette r\u00e9cente mesure, consid\u00e9rant que le gouvernement n\u2019a pas ce pouvoir de signer des accords avec d\u2019autres pays. D\u00e9plac\u00e9e de Tripoli \u00e0 l\u2019est de la Libye en raison d\u2019une tentative de coup d\u2019\u00c9tat rat\u00e9e en 2014, la Chambre des repr\u00e9sentants a adopt\u00e9 une motion de d\u00e9fiance contre le gouvernement de Tripoli en 2021, ce qui devrait conduire \u00e0 des \u00e9lections l\u00e9gislatives.<\/p>\n<p>\u00c0 cause de tout cela, Nikos Dendias a alors d\u00e9cid\u00e9 de ne pas descendre de l\u2019avion \u00e0 Tripoli et s\u2019est dirig\u00e9 vers Benghazi, dans l\u2019est du pays, comme pr\u00e9vu. Il y a apport\u00e9 30 000 doses de vaccin contre le Covid-19 que la Gr\u00e8ce a offert \u00e0 la Libye. Son agenda comprend \u00e9galement un \u00e9v\u00e9nement pr\u00e9sentant la contribution de la Gr\u00e8ce au Programme alimentaire mondial des Nations unies pour la reconstruction du port de Benghazi, ainsi qu\u2019une r\u00e9union avec des membres de la communaut\u00e9 grecque en&nbsp;Libye.<\/p>\n<p>Il a \u00e9galement rencontr\u00e9 des membres de la Chambre des repr\u00e9sentants ainsi que le mar\u00e9chal Khalifa Haftar, qui pr\u00e9voit de se pr\u00e9senter \u00e0 l\u2019\u00e9lection pr\u00e9sidentielle. Il est le commandant de l\u2019arm\u00e9e nationale libyenne qui est li\u00e9e \u00e0 la Chambre des repr\u00e9sentants et au gouvernement de stabilit\u00e9 nationale, un gouvernement bas\u00e9 dans l\u2019est de la Libye qui conteste le pouvoir du gouvernement d\u2019unit\u00e9 nationale bas\u00e9 \u00e0 Tripoli.<\/p>\n<p><strong><a href=\"https:\/\/www.newsendip.com\/fr\/etiquette\/grece\/\">D\u00e9couvrez plus d\u2019actualit\u00e9s de&nbsp;Gr\u00e8ce<\/a><\/strong><\/p>\n","protected":false},"excerpt":{"rendered":"<p>Nikos Dendias, le ministre grec des Affaires \u00e9trang\u00e8res, a d\u00e9cid\u00e9 de rester dans l\u2019avion \u00e0 Tripoli parce qu\u2019il ne voulait pas rencontrer la ministre des Affaires \u00e9trang\u00e8res du gouvernement int\u00e9rimaire libyen qui \u00e9tait venue \u00e0 l\u2019a\u00e9roport.<\/p>\n","protected":false},"author":1,"featured_media":22638,"comment_status":"closed","ping_status":"open","sticky":false,"template":"","format":"standard","meta":{"wp_typography_post_enhancements_disabled":false,"footnotes":""},"categories":[416],"tags":[781,1338,421],"class_list":["post-22623","post","type-post","status-publish","format-standard","has-post-thumbnail","hentry","category-politique","tag-grece","tag-libye","tag-vieux"],"yoast_head":"<!-- This site is optimized with the Yoast SEO Premium plugin v27.4 (Yoast SEO v27.4) - https:\/\/yoast.com\/product\/yoast-seo-premium-wordpress\/ -->\n<title>Pourquoi le ministre grec des Affaires \u00e9trang\u00e8res n&#039;a pas voulu descendre de l&#039;avion \u00e0 Tripoli<\/title>\n<meta name=\"description\" content=\"Nikos Dendias, le ministre grec des Affaires \u00e9trang\u00e8res, a d\u00e9cid\u00e9 de rester dans l&#039;avion \u00e0 Tripoli parce qu&#039;il ne voulait pas rencontrer la ministre des Affaires \u00e9trang\u00e8res du gouvernement int\u00e9rimaire libyen qui \u00e9tait venue \u00e0 l&#039;a\u00e9roport.\" \/>\n<meta name=\"robots\" content=\"index, follow, max-snippet:-1, max-image-preview:large, max-video-preview:-1\" \/>\n<link rel=\"canonical\" href=\"https:\/\/www.newsendip.com\/fr\/pourquoi-le-ministre-grec-des-affaires-etrangeres-na-pas-voulu-descendre-de-lavion-a-tripoli\/\" \/>\n<meta property=\"og:locale\" content=\"fr_FR\" \/>\n<meta property=\"og:type\" content=\"article\" \/>\n<meta property=\"og:title\" content=\"Pourquoi le ministre grec des Affaires \u00e9trang\u00e8res n&#039;a pas voulu descendre de l&#039;avion \u00e0 Tripoli\" \/>\n<meta property=\"og:description\" content=\"Nikos Dendias, le ministre grec des Affaires \u00e9trang\u00e8res, a d\u00e9cid\u00e9 de rester dans l&#039;avion \u00e0 Tripoli parce qu&#039;il ne voulait pas rencontrer la ministre des Affaires \u00e9trang\u00e8res du gouvernement int\u00e9rimaire libyen qui \u00e9tait venue \u00e0 l&#039;a\u00e9roport.\" \/>\n<meta property=\"og:url\" content=\"https:\/\/www.newsendip.com\/fr\/pourquoi-le-ministre-grec-des-affaires-etrangeres-na-pas-voulu-descendre-de-lavion-a-tripoli\/\" \/>\n<meta property=\"og:site_name\" content=\"Newsendip\" \/>\n<meta property=\"article:publisher\" content=\"https:\/\/www.facebook.com\/newsendip\" \/>\n<meta property=\"article:published_time\" content=\"2022-11-18T08:56:25+00:00\" \/>\n<meta property=\"article:modified_time\" content=\"2024-07-18T13:55:38+00:00\" \/>\n<meta property=\"og:image\" content=\"https:\/\/www.newsendip.com\/wp-content\/uploads\/2022\/11\/greece-minister-foreign-affairs-benghazi-min-scaled.jpeg\" \/>\n\t<meta property=\"og:image:width\" content=\"2560\" \/>\n\t<meta property=\"og:image:height\" content=\"1707\" \/>\n\t<meta property=\"og:image:type\" content=\"image\/jpeg\" \/>\n<meta name=\"author\" content=\"Cl\u00e9ment V\u00e9rit\u00e9\" \/>\n<meta name=\"twitter:card\" content=\"summary_large_image\" \/>\n<meta name=\"twitter:image\" content=\"https:\/\/www.newsendip.com\/wp-content\/uploads\/2022\/11\/greece-minister-foreign-affairs-benghazi-min-1024x683.jpeg\" \/>\n<meta name=\"twitter:creator\" content=\"@https:\/\/twitter.com\/cverite\" \/>\n<meta name=\"twitter:site\" content=\"@newsendip\" \/>\n<meta name=\"twitter:label1\" content=\"\u00c9crit par\" \/>\n\t<meta name=\"twitter:data1\" content=\"Cl\u00e9ment V\u00e9rit\u00e9\" \/>\n\t<meta name=\"twitter:label2\" content=\"Dur\u00e9e de lecture estim\u00e9e\" \/>\n\t<meta name=\"twitter:data2\" content=\"4 minutes\" \/>\n<!-- \/ Yoast SEO Premium plugin. -->","yoast_head_json":{"title":"Pourquoi le ministre grec des Affaires \u00e9trang\u00e8res n'a pas voulu descendre de l'avion \u00e0 Tripoli","description":"Nikos Dendias, le ministre grec des Affaires \u00e9trang\u00e8res, a d\u00e9cid\u00e9 de rester dans l'avion \u00e0 Tripoli parce qu'il ne voulait pas rencontrer la ministre des Affaires \u00e9trang\u00e8res du gouvernement int\u00e9rimaire libyen qui \u00e9tait venue \u00e0 l'a\u00e9roport.","robots":{"index":"index","follow":"follow","max-snippet":"max-snippet:-1","max-image-preview":"max-image-preview:large","max-video-preview":"max-video-preview:-1"},"canonical":"https:\/\/www.newsendip.com\/fr\/pourquoi-le-ministre-grec-des-affaires-etrangeres-na-pas-voulu-descendre-de-lavion-a-tripoli\/","og_locale":"fr_FR","og_type":"article","og_title":"Pourquoi le ministre grec des Affaires \u00e9trang\u00e8res n'a pas voulu descendre de l'avion \u00e0 Tripoli","og_description":"Nikos Dendias, le ministre grec des Affaires \u00e9trang\u00e8res, a d\u00e9cid\u00e9 de rester dans l'avion \u00e0 Tripoli parce qu'il ne voulait pas rencontrer la ministre des Affaires \u00e9trang\u00e8res du gouvernement int\u00e9rimaire libyen qui \u00e9tait venue \u00e0 l'a\u00e9roport.","og_url":"https:\/\/www.newsendip.com\/fr\/pourquoi-le-ministre-grec-des-affaires-etrangeres-na-pas-voulu-descendre-de-lavion-a-tripoli\/","og_site_name":"Newsendip","article_publisher":"https:\/\/www.facebook.com\/newsendip","article_published_time":"2022-11-18T08:56:25+00:00","article_modified_time":"2024-07-18T13:55:38+00:00","og_image":[{"width":2560,"height":1707,"url":"https:\/\/www.newsendip.com\/wp-content\/uploads\/2022\/11\/greece-minister-foreign-affairs-benghazi-min-scaled.jpeg","type":"image\/jpeg"}],"author":"Cl\u00e9ment V\u00e9rit\u00e9","twitter_card":"summary_large_image","twitter_image":"https:\/\/www.newsendip.com\/wp-content\/uploads\/2022\/11\/greece-minister-foreign-affairs-benghazi-min-1024x683.jpeg","twitter_creator":"@https:\/\/twitter.com\/cverite","twitter_site":"@newsendip","twitter_misc":{"\u00c9crit par":"Cl\u00e9ment V\u00e9rit\u00e9","Dur\u00e9e de lecture estim\u00e9e":"4 minutes"},"schema":{"@context":"https:\/\/schema.org","@graph":[{"@type":"NewsArticle","@id":"https:\/\/www.newsendip.com\/fr\/pourquoi-le-ministre-grec-des-affaires-etrangeres-na-pas-voulu-descendre-de-lavion-a-tripoli\/#article","isPartOf":{"@id":"https:\/\/www.newsendip.com\/fr\/pourquoi-le-ministre-grec-des-affaires-etrangeres-na-pas-voulu-descendre-de-lavion-a-tripoli\/"},"author":{"name":"Cl\u00e9ment V\u00e9rit\u00e9","@id":"https:\/\/www.newsendip.com\/fr\/#\/schema\/person\/ea22c01755f464a3cbc2c619584d6363"},"headline":"Pourquoi le ministre grec des Affaires \u00e9trang\u00e8res n\u2019a pas voulu descendre de l\u2019avion \u00e0 Tripoli","datePublished":"2022-11-18T08:56:25+00:00","dateModified":"2024-07-18T13:55:38+00:00","mainEntityOfPage":{"@id":"https:\/\/www.newsendip.com\/fr\/pourquoi-le-ministre-grec-des-affaires-etrangeres-na-pas-voulu-descendre-de-lavion-a-tripoli\/"},"wordCount":927,"publisher":{"@id":"https:\/\/www.newsendip.com\/fr\/#organization"},"image":{"@id":"https:\/\/www.newsendip.com\/fr\/pourquoi-le-ministre-grec-des-affaires-etrangeres-na-pas-voulu-descendre-de-lavion-a-tripoli\/#primaryimage"},"thumbnailUrl":"https:\/\/www.newsendip.com\/wp-content\/uploads\/2022\/11\/greece-minister-foreign-affairs-benghazi-scaled.webp","keywords":["Gr\u00e8ce","Libye","Vieux"],"articleSection":["Politique"],"inLanguage":"fr-FR","copyrightYear":"2022","copyrightHolder":{"@id":"https:\/\/www.newsendip.com\/#organization"}},{"@type":"WebPage","@id":"https:\/\/www.newsendip.com\/fr\/pourquoi-le-ministre-grec-des-affaires-etrangeres-na-pas-voulu-descendre-de-lavion-a-tripoli\/","url":"https:\/\/www.newsendip.com\/fr\/pourquoi-le-ministre-grec-des-affaires-etrangeres-na-pas-voulu-descendre-de-lavion-a-tripoli\/","name":"Pourquoi le ministre grec des Affaires \u00e9trang\u00e8res n'a pas voulu descendre de l'avion \u00e0 Tripoli","isPartOf":{"@id":"https:\/\/www.newsendip.com\/fr\/#website"},"primaryImageOfPage":{"@id":"https:\/\/www.newsendip.com\/fr\/pourquoi-le-ministre-grec-des-affaires-etrangeres-na-pas-voulu-descendre-de-lavion-a-tripoli\/#primaryimage"},"image":{"@id":"https:\/\/www.newsendip.com\/fr\/pourquoi-le-ministre-grec-des-affaires-etrangeres-na-pas-voulu-descendre-de-lavion-a-tripoli\/#primaryimage"},"thumbnailUrl":"https:\/\/www.newsendip.com\/wp-content\/uploads\/2022\/11\/greece-minister-foreign-affairs-benghazi-scaled.webp","datePublished":"2022-11-18T08:56:25+00:00","dateModified":"2024-07-18T13:55:38+00:00","description":"Nikos Dendias, le ministre grec des Affaires \u00e9trang\u00e8res, a d\u00e9cid\u00e9 de rester dans l'avion \u00e0 Tripoli parce qu'il ne voulait pas rencontrer la ministre des Affaires \u00e9trang\u00e8res du gouvernement int\u00e9rimaire libyen qui \u00e9tait venue \u00e0 l'a\u00e9roport.","breadcrumb":{"@id":"https:\/\/www.newsendip.com\/fr\/pourquoi-le-ministre-grec-des-affaires-etrangeres-na-pas-voulu-descendre-de-lavion-a-tripoli\/#breadcrumb"},"inLanguage":"fr-FR","potentialAction":[{"@type":"ReadAction","target":["https:\/\/www.newsendip.com\/fr\/pourquoi-le-ministre-grec-des-affaires-etrangeres-na-pas-voulu-descendre-de-lavion-a-tripoli\/"]}]},{"@type":"ImageObject","inLanguage":"fr-FR","@id":"https:\/\/www.newsendip.com\/fr\/pourquoi-le-ministre-grec-des-affaires-etrangeres-na-pas-voulu-descendre-de-lavion-a-tripoli\/#primaryimage","url":"https:\/\/www.newsendip.com\/wp-content\/uploads\/2022\/11\/greece-minister-foreign-affairs-benghazi-scaled.webp","contentUrl":"https:\/\/www.newsendip.com\/wp-content\/uploads\/2022\/11\/greece-minister-foreign-affairs-benghazi-scaled.webp","width":2560,"height":1707,"caption":"Nikos Dendias, ministre grec des Affaires \u00e9trang\u00e8res, \u00e0 l'a\u00e9roport de Benghazi le 17 novembre 2022 | Twitter, minist\u00e8re grec des Affaires \u00e9trang\u00e8res"},{"@type":"BreadcrumbList","@id":"https:\/\/www.newsendip.com\/fr\/pourquoi-le-ministre-grec-des-affaires-etrangeres-na-pas-voulu-descendre-de-lavion-a-tripoli\/#breadcrumb","itemListElement":[{"@type":"ListItem","position":1,"name":"Accueil","item":"https:\/\/www.newsendip.com\/fr\/"},{"@type":"ListItem","position":2,"name":"Pourquoi le ministre grec des Affaires \u00e9trang\u00e8res n&#8217;a pas voulu descendre de l&#8217;avion \u00e0 Tripoli"}]},{"@type":"WebSite","@id":"https:\/\/www.newsendip.com\/fr\/#website","url":"https:\/\/www.newsendip.com\/fr\/","name":"Newsendip","description":"Red\u00e9couvrez l&#039;actualit\u00e9 internationale","publisher":{"@id":"https:\/\/www.newsendip.com\/fr\/#organization"},"potentialAction":[{"@type":"SearchAction","target":{"@type":"EntryPoint","urlTemplate":"https:\/\/www.newsendip.com\/fr\/?s={search_term_string}"},"query-input":{"@type":"PropertyValueSpecification","valueRequired":true,"valueName":"search_term_string"}}],"inLanguage":"fr-FR"},{"@type":"Organization","@id":"https:\/\/www.newsendip.com\/fr\/#organization","name":"Newsendip","url":"https:\/\/www.newsendip.com\/fr\/","logo":{"@type":"ImageObject","inLanguage":"fr-FR","@id":"https:\/\/www.newsendip.com\/fr\/#\/schema\/logo\/image\/","url":"https:\/\/www.newsendip.com\/wp-content\/uploads\/2023\/12\/512x512.svg","contentUrl":"https:\/\/www.newsendip.com\/wp-content\/uploads\/2023\/12\/512x512.svg","width":1,"height":1,"caption":"Newsendip"},"image":{"@id":"https:\/\/www.newsendip.com\/fr\/#\/schema\/logo\/image\/"},"sameAs":["https:\/\/www.facebook.com\/newsendip","https:\/\/x.com\/newsendip","https:\/\/mastodon.social\/@newsendip","https:\/\/www.linkedin.com\/company\/newsendip"],"description":"Newsendip est un site qui a pour mission de rendre l'actualit\u00e9 internationale accessible et diversifi\u00e9e","email":"contact@newsendip.com","legalName":"Newsendip SAS","foundingDate":"2022-11-04","vatID":"FR60921124723","numberOfEmployees":{"@type":"QuantitativeValue","minValue":"1","maxValue":"10"},"publishingPrinciples":"https:\/\/www.newsendip.com\/about-us\/","ownershipFundingInfo":"https:\/\/www.newsendip.com\/legal-notice\/","actionableFeedbackPolicy":"https:\/\/www.newsendip.com\/about-us\/","correctionsPolicy":"https:\/\/www.newsendip.com\/about-us\/","ethicsPolicy":"https:\/\/www.newsendip.com\/about-us\/","diversityPolicy":"https:\/\/www.newsendip.com\/about-us\/"},{"@type":"Person","@id":"https:\/\/www.newsendip.com\/fr\/#\/schema\/person\/ea22c01755f464a3cbc2c619584d6363","name":"Cl\u00e9ment V\u00e9rit\u00e9","description":"Cl\u00e9ment is the executive editor and founder of Newsendip. He started in the media industry as a freelance reporter at 16 for a local French newspaper after school and has never left it. He later worked for seven years at The New York Times, notably as a data analyst. He holds a Master of Management in France and a Master of Arts in the United Kingdom in International Marketing &amp; Communications Strategy. He has lived in France, the United Kingdom, and Italy.","sameAs":["https:\/\/www.newsendip.com\/","https:\/\/www.linkedin.com\/in\/clementverite\/","https:\/\/x.com\/https:\/\/twitter.com\/cverite"],"knowsAbout":["News","International","Business","Media monitoring"],"knowsLanguage":["English","French","Italian","Spanish"],"url":"https:\/\/www.newsendip.com\/fr\/author\/clement-verite\/"}]}},"_links":{"self":[{"href":"https:\/\/www.newsendip.com\/fr\/wp-json\/wp\/v2\/posts\/22623","targetHints":{"allow":["GET"]}}],"collection":[{"href":"https:\/\/www.newsendip.com\/fr\/wp-json\/wp\/v2\/posts"}],"about":[{"href":"https:\/\/www.newsendip.com\/fr\/wp-json\/wp\/v2\/types\/post"}],"author":[{"embeddable":true,"href":"https:\/\/www.newsendip.com\/fr\/wp-json\/wp\/v2\/users\/1"}],"replies":[{"embeddable":true,"href":"https:\/\/www.newsendip.com\/fr\/wp-json\/wp\/v2\/comments?post=22623"}],"version-history":[{"count":0,"href":"https:\/\/www.newsendip.com\/fr\/wp-json\/wp\/v2\/posts\/22623\/revisions"}],"wp:featuredmedia":[{"embeddable":true,"href":"https:\/\/www.newsendip.com\/fr\/wp-json\/wp\/v2\/media\/22638"}],"wp:attachment":[{"href":"https:\/\/www.newsendip.com\/fr\/wp-json\/wp\/v2\/media?parent=22623"}],"wp:term":[{"taxonomy":"category","embeddable":true,"href":"https:\/\/www.newsendip.com\/fr\/wp-json\/wp\/v2\/categories?post=22623"},{"taxonomy":"post_tag","embeddable":true,"href":"https:\/\/www.newsendip.com\/fr\/wp-json\/wp\/v2\/tags?post=22623"}],"curies":[{"name":"wp","href":"https:\/\/api.w.org\/{rel}","templated":true}]}}