{"id":22761,"date":"2022-11-23T14:58:51","date_gmt":"2022-11-23T13:58:51","guid":{"rendered":"https:\/\/www.newsendip.com\/?p=22761"},"modified":"2024-07-18T15:55:20","modified_gmt":"2024-07-18T13:55:20","slug":"le-president-colombien-pret-a-exproprier-des-proprietes-privees-pour-reloger-les-familles-touchees-par-les-fortes-pluies","status":"publish","type":"post","link":"https:\/\/www.newsendip.com\/fr\/le-president-colombien-pret-a-exproprier-des-proprietes-privees-pour-reloger-les-familles-touchees-par-les-fortes-pluies\/","title":{"rendered":"Le pr\u00e9sident colombien pr\u00eat \u00e0 exproprier des propri\u00e9t\u00e9s priv\u00e9es pour reloger les familles touch\u00e9es par les fortes pluies"},"content":{"rendered":"<p><strong>Le pr\u00e9sident colombien a ordonn\u00e9 l\u2019utilisation d\u2019une loi qui permet l\u2019acquisition et l\u2019expropriation de propri\u00e9t\u00e9s priv\u00e9es afin de reloger des familles en raison des pluies intenses provoqu\u00e9es par El Ni\u00f1a et qui ont conduit \u00e0 la d\u00e9claration de l\u2019\u00e9tat de catastrophe nationale.<br>\n<\/strong><\/p>\n<figure id=\"attachment_22768\" aria-describedby=\"caption-attachment-22768\" style=\"width: 1024px\" class=\"wp-caption aligncenter\"><img decoding=\"async\" class=\"wp-image-22768 size-large\" src=\"https:\/\/www.newsendip.com\/wp-content\/uploads\/2022\/11\/gustavo-petro-natural-disaster-1024x682.webp\" alt=\"Gustavo Petro, pr\u00e9sident de la Colombie, d\u00e9clarant l'\u00e9tat de catastrophe nationale\" width=\"1024\" height=\"682\" srcset=\"https:\/\/www.newsendip.com\/wp-content\/uploads\/2022\/11\/gustavo-petro-natural-disaster-1024x682.webp 1024w, https:\/\/www.newsendip.com\/wp-content\/uploads\/2022\/11\/gustavo-petro-natural-disaster-60x40.webp 60w, https:\/\/www.newsendip.com\/wp-content\/uploads\/2022\/11\/gustavo-petro-natural-disaster-720x480.webp 720w, https:\/\/www.newsendip.com\/wp-content\/uploads\/2022\/11\/gustavo-petro-natural-disaster-300x200.webp 300w, https:\/\/www.newsendip.com\/wp-content\/uploads\/2022\/11\/gustavo-petro-natural-disaster-768x512.webp 768w, https:\/\/www.newsendip.com\/wp-content\/uploads\/2022\/11\/gustavo-petro-natural-disaster.webp 1280w\" sizes=\"(max-width: 1024px) 100vw, 1024px\"><figcaption id=\"caption-attachment-22768\" class=\"wp-caption-text\">Gustavo Petro, pr\u00e9sident de la Colombie, d\u00e9clarant l\u2019\u00e9tat de catastrophe nationale le 1er novembre, avec le directeur de l\u2019Unit\u00e9 nationale de gestion des risques de catastrophes Javier Pava | \u00a9&nbsp;UNGRD<\/figcaption><\/figure>\n<p>Le pr\u00e9sident colombien Gustavo Petro a donn\u00e9 l\u2019ordre d\u2019utiliser une loi qui permet l\u2019expropriation de biens et de terrains priv\u00e9s afin que les personnes puissent \u00eates relog\u00e9es \u00e9tant donn\u00e9 l\u2019hiver difficile et les pluies intenses qui ont provoqu\u00e9 d\u2019importantes inondations et des glissements de terrain.<\/p>\n<p><a href=\"https:\/\/twitter.com\/i\/broadcasts\/1nAKErokbBVGL\">Javier Pava<\/a>, le directeur de l\u2019Unit\u00e9 nationale de gestion des risques de catastrophes (UNGRD) a affirm\u00e9 le 22 novembre apr\u00e8s une r\u00e9union avec le pr\u00e9sident que la loi 1520 pourrait \u00eatre utilis\u00e9e. En vigueur depuis 2012, elle d\u00e9termine la gestion nationale des risques de catastrophes et comprend des articles sur l\u2019acquisition et l\u2019expropriation de terres et de propri\u00e9t\u00e9s. Cr\u00e9\u00e9e sous une administration de droite, l\u2019utilisation de cette loi serait une premi\u00e8re dans le&nbsp;pays.<\/p>\n<p>L\u2019\u00c9tat peut acqu\u00e9rir tout ou partie des biens immobiliers indispensables \u00e0 la r\u00e9alisation du plan d\u2019urgence, par n\u00e9gociation directe avec les propri\u00e9taires ou par expropriation par voie administrative avec indemnisation.<\/p>\n<p><a href=\"https:\/\/www.funcionpublica.gov.co\/eva\/gestornormativo\/norma.php?i=47141\">Selon la loi<\/a>, l\u2019expropriation et le paiement de l\u2019indemnit\u00e9 se font dans un d\u00e9lai de 30 jours. Une fois que l\u2019administration formule une offre d\u2019achat, dont les conditions sont rendues publiques pendant cinq jours, le propri\u00e9taire dispose de cinq jours ouvrables pour n\u00e9gocier ou accepter les conditions. En tout \u00e9tat de cause, toute propri\u00e9t\u00e9 commerciale devient hors service apr\u00e8s trois jours, et tout permis ou licence d\u2019exploitation est retir\u00e9. Si un accord n\u2019est pas trouv\u00e9, la proc\u00e9dure administrative prend quelques jours de plus pour l\u2019<a href=\"https:\/\/www.newsendip.com\/fr\/les-berlinois-veulent-exproprier-les-grands-groupes-immobiliers-de-la-ville\/\">expropriation<\/a>.<\/p>\n<p>L\u2019Institut g\u00e9ographique Agust\u00edn Codazzi, l\u2019agence gouvernementale charg\u00e9e de la cartographie et des cadastres nationaux, fixe la valeur de l\u2019indemnisation et le prix maximum d\u2019acquisition.<\/p>\n<p>Mais les autorit\u00e9s d\u2019un pays o\u00f9 pour la premi\u00e8re fois un <a href=\"https:\/\/www.newsendip.com\/fr\/la-reouverture-de-la-frontiere-entre-la-colombie-et-le-venezuela-nouvelle-etape-dans-les-relations-entre-les-deux-voisins\/\">pr\u00e9sident de gauche<\/a> a \u00e9t\u00e9 \u00e9lu en juin, ont pr\u00e9cis\u00e9 que ce n\u2019\u00e9tait d\u00fb qu\u2019\u00e0 la situation d\u2019urgence \u00e0 laquelle la Colombie est confront\u00e9e. Selon M. Pava, l\u2019objectif est de permettre le relogement des personnes, temporairement ou parfois d\u00e9finitivement, touch\u00e9es par les conditions m\u00e9t\u00e9orologiques actuelles dans des lieux offrant des conditions d\u00e9centes au lieu de leur fournir un abri dans les \u00e9coles et les mairies.<\/p>\n<h2>Deux tiers de toutes les municipalit\u00e9s de Colombie touch\u00e9es par des pluies intenses<\/h2>\n<p>Le 1er novembre, le pr\u00e9sident a d\u00e9clar\u00e9 l\u2019\u00e9tat de catastrophe nationale au moins jusqu\u2019\u00e0 la fin de l\u2019ann\u00e9e en raison des pluies intenses, des inondations et des glissements de terrain caus\u00e9s par La Ni\u00f1a. La Ni\u00f1a est le pendant plus froid du ph\u00e9nom\u00e8ne atmosph\u00e9rique El Ni\u00f1o qui ne se produit pas chaque ann\u00e9e mais qui provoque g\u00e9n\u00e9ralement de fortes pr\u00e9cipitations en Am\u00e9rique du&nbsp;Sud.<\/p>\n<p>Au cours des quatre derniers mois, de fortes pluies ont touch\u00e9 plus des deux tiers des municipalit\u00e9s du pays, en particulier dans le centre, le nord et l\u2019ouest de la Colombie.<\/p>\n<p><a href=\"https:\/\/repositorio.gestiondelriesgo.gov.co\/bitstream\/handle\/20.500.11762\/39087\/2022-10-15-COM-UNGRD-presenta-balance-y-estrategias-para-afrontar-situaci%c3%b3n-de-desastre-en-Colombia.pdf\">Selon l\u2019UNGRD<\/a>, 3 794 situations d\u2019urgence ont \u00e9t\u00e9 enregistr\u00e9es dans 881 villes des 32 d\u00e9partements de Colombie entre le 1er ao\u00fbt et le 13 novembre. Ce chiffre est d\u00e9j\u00e0 sup\u00e9rieur \u00e0 celui des ann\u00e9es 2010 ou 2011, o\u00f9 La Ni\u00f1a avait caus\u00e9 de nombreux d\u00e9g\u00e2ts.<\/p>\n<p>\u00c0 la mi-novembre, la saison des pluies avait d\u00e9j\u00e0 caus\u00e9 la mort de 268 personnes et 61 personnes \u00e9taient port\u00e9es disparues. Plus de 700 000 personnes ont \u00e9t\u00e9 touch\u00e9es, 6 700 maisons d\u00e9truites et 116 000 maisons endommag\u00e9es. Des centaines de ponts, d\u2019\u00e9coles et d\u2019autres installations publiques ont \u00e9t\u00e9 d\u00e9truits.<\/p>\n<p>Les fortes pluies devraient durer jusqu\u2019en mars avec une intensit\u00e9 moindre en 2023 mais l\u2019Institut de M\u00e9t\u00e9orologie (IDEAM) pr\u00e9voit que les volumes de pr\u00e9cipitations seront 30% plus importants en d\u00e9cembre que le niveau historique d\u2019il y a 30 ans. La r\u00e9gion andine, qui contient la plupart des zones urbaines du pays dont <a href=\"https:\/\/twitter.com\/DenunciasAntio2\/status\/1594434876190691328\">Medellin<\/a> et <a href=\"https:\/\/www.newsendip.com\/fr\/la-maire-de-bogota-interdit-les-passagers-hommes-sur-les-motos-les-soirs-de-week-ends-colombie-criminalite\/\">Bog\u00f3ta<\/a>, et la r\u00e9gion des Cara\u00efbes devraient \u00eatre particuli\u00e8rement touch\u00e9es en d\u00e9cembre.<\/p>\n<p>Dans un discours prononc\u00e9 le 22 novembre \u00e0 l\u2019issue d\u2019une r\u00e9union avec des dirigeants locaux \u00e0 Barrancabermeja, une ville situ\u00e9e sur les rives du <a href=\"https:\/\/www.newsendip.com\/fr\/la-colombie-va-declarer-lhippopotame-importe-illegalement-par-pablo-escobar-une-espece-envahissante\/\">fleuve Magdalena<\/a>, dont le niveau devrait bient\u00f4t atteindre un niveau historiquement haut, le pr\u00e9sident Petro a d\u00e9clar\u00e9 que les deux t\u00e2ches les plus urgentes \u00e9taient la lutte contre la faim et le relogement des personnes. \u00ab\u202fN<em>ous cherchons maintenant \u00e0 faire face \u00e0 l\u2019urgence. Il ne s\u2019agit plus de pr\u00e9venir les risques,<\/em> a d\u00e9clar\u00e9 M. Petro.<em> C\u2019est une urgence qui cr\u00e9e de la faim\u202f\u00bb<\/em>. De nombreuses communaut\u00e9s se retrouvent isol\u00e9es alors qu\u2019elles doivent recevoir de l\u2019aide.<\/p>\n<p>Le gouvernement a d\u00e9bloqu\u00e9 2,1 milliards de pesos (415 millions d\u2019euros) pour faire face \u00e0 la situation d\u2019urgence provisionn\u00e9e pour l\u2019ann\u00e9e par l\u2019administration pr\u00e9c\u00e9dente et esp\u00e8re ajouter du budget suppl\u00e9mentaire pour l\u2019ann\u00e9e prochaine.<\/p>\n<p><strong><a href=\"https:\/\/www.newsendip.com\/fr\/etiquette\/colombie\/\">D\u00e9couvrez d\u2019autres actualit\u00e9s de Colombie<\/a><\/strong><\/p>\n","protected":false},"excerpt":{"rendered":"<p>Le pr\u00e9sident colombien a ordonn\u00e9 l\u2019utilisation d\u2019une loi qui permet l\u2019acquisition et l\u2019expropriation de propri\u00e9t\u00e9s priv\u00e9es afin de reloger des familles en raison des pluies intenses provoqu\u00e9es par El Ni\u00f1a et qui ont conduit \u00e0 la d\u00e9claration de l\u2019\u00e9tat de catastrophe nationale.<\/p>\n","protected":false},"author":1,"featured_media":22768,"comment_status":"closed","ping_status":"open","sticky":false,"template":"","format":"standard","meta":{"wp_typography_post_enhancements_disabled":false,"footnotes":""},"categories":[3016],"tags":[440,421],"class_list":["post-22761","post","type-post","status-publish","format-standard","has-post-thumbnail","hentry","category-environnement","tag-colombie","tag-vieux"],"yoast_head":"<!-- This site is optimized with the Yoast SEO Premium plugin v27.4 (Yoast SEO v27.4) - https:\/\/yoast.com\/product\/yoast-seo-premium-wordpress\/ -->\n<title>Le pr\u00e9sident colombien pr\u00eat \u00e0 exproprier des propri\u00e9t\u00e9s priv\u00e9es pour reloger les familles touch\u00e9es par les fortes pluies<\/title>\n<meta name=\"description\" content=\"Le pr\u00e9sident colombien a ordonn\u00e9 l&#039;utilisation d&#039;une loi qui permet l&#039;acquisition et l&#039;expropriation de propri\u00e9t\u00e9s priv\u00e9es afin de reloger des familles en raison des pluies intenses provoqu\u00e9es par El Ni\u00f1a et qui ont conduit \u00e0 la d\u00e9claration de l&#039;\u00e9tat de catastrophe nationale.\" \/>\n<meta name=\"robots\" content=\"index, follow, max-snippet:-1, max-image-preview:large, max-video-preview:-1\" \/>\n<link rel=\"canonical\" href=\"https:\/\/www.newsendip.com\/fr\/le-president-colombien-pret-a-exproprier-des-proprietes-privees-pour-reloger-les-familles-touchees-par-les-fortes-pluies\/\" \/>\n<meta property=\"og:locale\" content=\"fr_FR\" \/>\n<meta property=\"og:type\" content=\"article\" \/>\n<meta property=\"og:title\" content=\"Le pr\u00e9sident colombien pr\u00eat \u00e0 exproprier des propri\u00e9t\u00e9s priv\u00e9es pour reloger les familles touch\u00e9es par les fortes pluies\" \/>\n<meta property=\"og:description\" content=\"Le pr\u00e9sident colombien a ordonn\u00e9 l&#039;utilisation d&#039;une loi qui permet l&#039;acquisition et l&#039;expropriation de propri\u00e9t\u00e9s priv\u00e9es afin de reloger des familles en raison des pluies intenses provoqu\u00e9es par El Ni\u00f1a et qui ont conduit \u00e0 la d\u00e9claration de l&#039;\u00e9tat de catastrophe nationale.\" \/>\n<meta property=\"og:url\" content=\"https:\/\/www.newsendip.com\/fr\/le-president-colombien-pret-a-exproprier-des-proprietes-privees-pour-reloger-les-familles-touchees-par-les-fortes-pluies\/\" \/>\n<meta property=\"og:site_name\" content=\"Newsendip\" \/>\n<meta property=\"article:publisher\" content=\"https:\/\/www.facebook.com\/newsendip\" \/>\n<meta property=\"article:published_time\" content=\"2022-11-23T13:58:51+00:00\" \/>\n<meta property=\"article:modified_time\" content=\"2024-07-18T13:55:20+00:00\" \/>\n<meta property=\"og:image\" content=\"https:\/\/www.newsendip.com\/wp-content\/uploads\/2022\/11\/gustavo-petro-natural-disaster-min.jpeg\" \/>\n\t<meta property=\"og:image:width\" content=\"1280\" \/>\n\t<meta property=\"og:image:height\" content=\"853\" \/>\n\t<meta property=\"og:image:type\" content=\"image\/jpeg\" \/>\n<meta name=\"author\" content=\"Cl\u00e9ment V\u00e9rit\u00e9\" \/>\n<meta name=\"twitter:card\" content=\"summary_large_image\" \/>\n<meta name=\"twitter:image\" content=\"https:\/\/www.newsendip.com\/wp-content\/uploads\/2022\/11\/gustavo-petro-natural-disaster-min.jpeg\" \/>\n<meta name=\"twitter:creator\" content=\"@https:\/\/twitter.com\/cverite\" \/>\n<meta name=\"twitter:site\" content=\"@newsendip\" \/>\n<meta name=\"twitter:label1\" content=\"\u00c9crit par\" \/>\n\t<meta name=\"twitter:data1\" content=\"Cl\u00e9ment V\u00e9rit\u00e9\" \/>\n\t<meta name=\"twitter:label2\" content=\"Dur\u00e9e de lecture estim\u00e9e\" \/>\n\t<meta name=\"twitter:data2\" content=\"4 minutes\" \/>\n<!-- \/ Yoast SEO Premium plugin. -->","yoast_head_json":{"title":"Le pr\u00e9sident colombien pr\u00eat \u00e0 exproprier des propri\u00e9t\u00e9s priv\u00e9es pour reloger les familles touch\u00e9es par les fortes pluies","description":"Le pr\u00e9sident colombien a ordonn\u00e9 l'utilisation d'une loi qui permet l'acquisition et l'expropriation de propri\u00e9t\u00e9s priv\u00e9es afin de reloger des familles en raison des pluies intenses provoqu\u00e9es par El Ni\u00f1a et qui ont conduit \u00e0 la d\u00e9claration de l'\u00e9tat de catastrophe nationale.","robots":{"index":"index","follow":"follow","max-snippet":"max-snippet:-1","max-image-preview":"max-image-preview:large","max-video-preview":"max-video-preview:-1"},"canonical":"https:\/\/www.newsendip.com\/fr\/le-president-colombien-pret-a-exproprier-des-proprietes-privees-pour-reloger-les-familles-touchees-par-les-fortes-pluies\/","og_locale":"fr_FR","og_type":"article","og_title":"Le pr\u00e9sident colombien pr\u00eat \u00e0 exproprier des propri\u00e9t\u00e9s priv\u00e9es pour reloger les familles touch\u00e9es par les fortes pluies","og_description":"Le pr\u00e9sident colombien a ordonn\u00e9 l'utilisation d'une loi qui permet l'acquisition et l'expropriation de propri\u00e9t\u00e9s priv\u00e9es afin de reloger des familles en raison des pluies intenses provoqu\u00e9es par El Ni\u00f1a et qui ont conduit \u00e0 la d\u00e9claration de l'\u00e9tat de catastrophe nationale.","og_url":"https:\/\/www.newsendip.com\/fr\/le-president-colombien-pret-a-exproprier-des-proprietes-privees-pour-reloger-les-familles-touchees-par-les-fortes-pluies\/","og_site_name":"Newsendip","article_publisher":"https:\/\/www.facebook.com\/newsendip","article_published_time":"2022-11-23T13:58:51+00:00","article_modified_time":"2024-07-18T13:55:20+00:00","og_image":[{"width":1280,"height":853,"url":"https:\/\/www.newsendip.com\/wp-content\/uploads\/2022\/11\/gustavo-petro-natural-disaster-min.jpeg","type":"image\/jpeg"}],"author":"Cl\u00e9ment V\u00e9rit\u00e9","twitter_card":"summary_large_image","twitter_image":"https:\/\/www.newsendip.com\/wp-content\/uploads\/2022\/11\/gustavo-petro-natural-disaster-min.jpeg","twitter_creator":"@https:\/\/twitter.com\/cverite","twitter_site":"@newsendip","twitter_misc":{"\u00c9crit par":"Cl\u00e9ment V\u00e9rit\u00e9","Dur\u00e9e de lecture estim\u00e9e":"4 minutes"},"schema":{"@context":"https:\/\/schema.org","@graph":[{"@type":"NewsArticle","@id":"https:\/\/www.newsendip.com\/fr\/le-president-colombien-pret-a-exproprier-des-proprietes-privees-pour-reloger-les-familles-touchees-par-les-fortes-pluies\/#article","isPartOf":{"@id":"https:\/\/www.newsendip.com\/fr\/le-president-colombien-pret-a-exproprier-des-proprietes-privees-pour-reloger-les-familles-touchees-par-les-fortes-pluies\/"},"author":{"name":"Cl\u00e9ment V\u00e9rit\u00e9","@id":"https:\/\/www.newsendip.com\/fr\/#\/schema\/person\/ea22c01755f464a3cbc2c619584d6363"},"headline":"Le pr\u00e9sident colombien pr\u00eat \u00e0 exproprier des propri\u00e9t\u00e9s priv\u00e9es pour reloger les familles touch\u00e9es par les fortes pluies","datePublished":"2022-11-23T13:58:51+00:00","dateModified":"2024-07-18T13:55:20+00:00","mainEntityOfPage":{"@id":"https:\/\/www.newsendip.com\/fr\/le-president-colombien-pret-a-exproprier-des-proprietes-privees-pour-reloger-les-familles-touchees-par-les-fortes-pluies\/"},"wordCount":972,"publisher":{"@id":"https:\/\/www.newsendip.com\/fr\/#organization"},"image":{"@id":"https:\/\/www.newsendip.com\/fr\/le-president-colombien-pret-a-exproprier-des-proprietes-privees-pour-reloger-les-familles-touchees-par-les-fortes-pluies\/#primaryimage"},"thumbnailUrl":"https:\/\/www.newsendip.com\/wp-content\/uploads\/2022\/11\/gustavo-petro-natural-disaster.webp","keywords":["Colombie","Vieux"],"articleSection":["Environnement"],"inLanguage":"fr-FR","copyrightYear":"2022","copyrightHolder":{"@id":"https:\/\/www.newsendip.com\/#organization"}},{"@type":"WebPage","@id":"https:\/\/www.newsendip.com\/fr\/le-president-colombien-pret-a-exproprier-des-proprietes-privees-pour-reloger-les-familles-touchees-par-les-fortes-pluies\/","url":"https:\/\/www.newsendip.com\/fr\/le-president-colombien-pret-a-exproprier-des-proprietes-privees-pour-reloger-les-familles-touchees-par-les-fortes-pluies\/","name":"Le pr\u00e9sident colombien pr\u00eat \u00e0 exproprier des propri\u00e9t\u00e9s priv\u00e9es pour reloger les familles touch\u00e9es par les fortes pluies","isPartOf":{"@id":"https:\/\/www.newsendip.com\/fr\/#website"},"primaryImageOfPage":{"@id":"https:\/\/www.newsendip.com\/fr\/le-president-colombien-pret-a-exproprier-des-proprietes-privees-pour-reloger-les-familles-touchees-par-les-fortes-pluies\/#primaryimage"},"image":{"@id":"https:\/\/www.newsendip.com\/fr\/le-president-colombien-pret-a-exproprier-des-proprietes-privees-pour-reloger-les-familles-touchees-par-les-fortes-pluies\/#primaryimage"},"thumbnailUrl":"https:\/\/www.newsendip.com\/wp-content\/uploads\/2022\/11\/gustavo-petro-natural-disaster.webp","datePublished":"2022-11-23T13:58:51+00:00","dateModified":"2024-07-18T13:55:20+00:00","description":"Le pr\u00e9sident colombien a ordonn\u00e9 l'utilisation d'une loi qui permet l'acquisition et l'expropriation de propri\u00e9t\u00e9s priv\u00e9es afin de reloger des familles en raison des pluies intenses provoqu\u00e9es par El Ni\u00f1a et qui ont conduit \u00e0 la d\u00e9claration de l'\u00e9tat de catastrophe nationale.","breadcrumb":{"@id":"https:\/\/www.newsendip.com\/fr\/le-president-colombien-pret-a-exproprier-des-proprietes-privees-pour-reloger-les-familles-touchees-par-les-fortes-pluies\/#breadcrumb"},"inLanguage":"fr-FR","potentialAction":[{"@type":"ReadAction","target":["https:\/\/www.newsendip.com\/fr\/le-president-colombien-pret-a-exproprier-des-proprietes-privees-pour-reloger-les-familles-touchees-par-les-fortes-pluies\/"]}]},{"@type":"ImageObject","inLanguage":"fr-FR","@id":"https:\/\/www.newsendip.com\/fr\/le-president-colombien-pret-a-exproprier-des-proprietes-privees-pour-reloger-les-familles-touchees-par-les-fortes-pluies\/#primaryimage","url":"https:\/\/www.newsendip.com\/wp-content\/uploads\/2022\/11\/gustavo-petro-natural-disaster.webp","contentUrl":"https:\/\/www.newsendip.com\/wp-content\/uploads\/2022\/11\/gustavo-petro-natural-disaster.webp","width":1280,"height":853,"caption":"Gustavo Petro, pr\u00e9sident de la Colombie, d\u00e9clarant l'\u00e9tat de catastrophe nationale le 1er novembre, avec le directeur de l'Unit\u00e9 nationale de gestion des risques de catastrophes Javier Pava | \u00a9 UNGRD"},{"@type":"BreadcrumbList","@id":"https:\/\/www.newsendip.com\/fr\/le-president-colombien-pret-a-exproprier-des-proprietes-privees-pour-reloger-les-familles-touchees-par-les-fortes-pluies\/#breadcrumb","itemListElement":[{"@type":"ListItem","position":1,"name":"Accueil","item":"https:\/\/www.newsendip.com\/fr\/"},{"@type":"ListItem","position":2,"name":"Le pr\u00e9sident colombien pr\u00eat \u00e0 exproprier des propri\u00e9t\u00e9s priv\u00e9es pour reloger les familles touch\u00e9es par les fortes pluies"}]},{"@type":"WebSite","@id":"https:\/\/www.newsendip.com\/fr\/#website","url":"https:\/\/www.newsendip.com\/fr\/","name":"Newsendip","description":"Red\u00e9couvrez l&#039;actualit\u00e9 internationale","publisher":{"@id":"https:\/\/www.newsendip.com\/fr\/#organization"},"potentialAction":[{"@type":"SearchAction","target":{"@type":"EntryPoint","urlTemplate":"https:\/\/www.newsendip.com\/fr\/?s={search_term_string}"},"query-input":{"@type":"PropertyValueSpecification","valueRequired":true,"valueName":"search_term_string"}}],"inLanguage":"fr-FR"},{"@type":"Organization","@id":"https:\/\/www.newsendip.com\/fr\/#organization","name":"Newsendip","url":"https:\/\/www.newsendip.com\/fr\/","logo":{"@type":"ImageObject","inLanguage":"fr-FR","@id":"https:\/\/www.newsendip.com\/fr\/#\/schema\/logo\/image\/","url":"https:\/\/www.newsendip.com\/wp-content\/uploads\/2023\/12\/512x512.svg","contentUrl":"https:\/\/www.newsendip.com\/wp-content\/uploads\/2023\/12\/512x512.svg","width":1,"height":1,"caption":"Newsendip"},"image":{"@id":"https:\/\/www.newsendip.com\/fr\/#\/schema\/logo\/image\/"},"sameAs":["https:\/\/www.facebook.com\/newsendip","https:\/\/x.com\/newsendip","https:\/\/mastodon.social\/@newsendip","https:\/\/www.linkedin.com\/company\/newsendip"],"description":"Newsendip est un site qui a pour mission de rendre l'actualit\u00e9 internationale accessible et diversifi\u00e9e","email":"contact@newsendip.com","legalName":"Newsendip SAS","foundingDate":"2022-11-04","vatID":"FR60921124723","numberOfEmployees":{"@type":"QuantitativeValue","minValue":"1","maxValue":"10"},"publishingPrinciples":"https:\/\/www.newsendip.com\/about-us\/","ownershipFundingInfo":"https:\/\/www.newsendip.com\/legal-notice\/","actionableFeedbackPolicy":"https:\/\/www.newsendip.com\/about-us\/","correctionsPolicy":"https:\/\/www.newsendip.com\/about-us\/","ethicsPolicy":"https:\/\/www.newsendip.com\/about-us\/","diversityPolicy":"https:\/\/www.newsendip.com\/about-us\/"},{"@type":"Person","@id":"https:\/\/www.newsendip.com\/fr\/#\/schema\/person\/ea22c01755f464a3cbc2c619584d6363","name":"Cl\u00e9ment V\u00e9rit\u00e9","description":"Cl\u00e9ment is the executive editor and founder of Newsendip. He started in the media industry as a freelance reporter at 16 for a local French newspaper after school and has never left it. He later worked for seven years at The New York Times, notably as a data analyst. He holds a Master of Management in France and a Master of Arts in the United Kingdom in International Marketing &amp; Communications Strategy. He has lived in France, the United Kingdom, and Italy.","sameAs":["https:\/\/www.newsendip.com\/","https:\/\/www.linkedin.com\/in\/clementverite\/","https:\/\/x.com\/https:\/\/twitter.com\/cverite"],"knowsAbout":["News","International","Business","Media monitoring"],"knowsLanguage":["English","French","Italian","Spanish"],"url":"https:\/\/www.newsendip.com\/fr\/author\/clement-verite\/"}]}},"_links":{"self":[{"href":"https:\/\/www.newsendip.com\/fr\/wp-json\/wp\/v2\/posts\/22761","targetHints":{"allow":["GET"]}}],"collection":[{"href":"https:\/\/www.newsendip.com\/fr\/wp-json\/wp\/v2\/posts"}],"about":[{"href":"https:\/\/www.newsendip.com\/fr\/wp-json\/wp\/v2\/types\/post"}],"author":[{"embeddable":true,"href":"https:\/\/www.newsendip.com\/fr\/wp-json\/wp\/v2\/users\/1"}],"replies":[{"embeddable":true,"href":"https:\/\/www.newsendip.com\/fr\/wp-json\/wp\/v2\/comments?post=22761"}],"version-history":[{"count":0,"href":"https:\/\/www.newsendip.com\/fr\/wp-json\/wp\/v2\/posts\/22761\/revisions"}],"wp:featuredmedia":[{"embeddable":true,"href":"https:\/\/www.newsendip.com\/fr\/wp-json\/wp\/v2\/media\/22768"}],"wp:attachment":[{"href":"https:\/\/www.newsendip.com\/fr\/wp-json\/wp\/v2\/media?parent=22761"}],"wp:term":[{"taxonomy":"category","embeddable":true,"href":"https:\/\/www.newsendip.com\/fr\/wp-json\/wp\/v2\/categories?post=22761"},{"taxonomy":"post_tag","embeddable":true,"href":"https:\/\/www.newsendip.com\/fr\/wp-json\/wp\/v2\/tags?post=22761"}],"curies":[{"name":"wp","href":"https:\/\/api.w.org\/{rel}","templated":true}]}}