{"id":22848,"date":"2022-11-25T17:18:14","date_gmt":"2022-11-25T16:18:14","guid":{"rendered":"https:\/\/www.newsendip.com\/?p=22848"},"modified":"2024-07-18T16:23:04","modified_gmt":"2024-07-18T14:23:04","slug":"lextension-de-lobligation-vaccinale-contre-le-covid-19-pour-les-soignants-en-grece-juge-inconstitutionnel-par-manque-de-reevaluation","status":"publish","type":"post","link":"https:\/\/www.newsendip.com\/fr\/lextension-de-lobligation-vaccinale-contre-le-covid-19-pour-les-soignants-en-grece-juge-inconstitutionnel-par-manque-de-reevaluation\/","title":{"rendered":"L\u2019extension de l\u2019obligation vaccinale contre le Covid-19 pour les soignants en Gr\u00e8ce jug\u00e9e inconstitutionnelle par manque de r\u00e9\u00e9valuation"},"content":{"rendered":"<p><strong>Le Conseil d\u2019\u00c9tat grec estime que la prolongation de la suspension du personnel de sant\u00e9 qui n\u2019est pas \u00e9t\u00e9 vaccin\u00e9 contre le Covid-19 est inconstitutionnelle car elle n\u2019a pas fait l\u2019objet d\u2019une r\u00e9\u00e9valuation bas\u00e9e sur des donn\u00e9es \u00e9pid\u00e9miologiques scientifiques.<br>\n<\/strong><\/p>\n<figure id=\"attachment_22857\" aria-describedby=\"caption-attachment-22857\" style=\"width: 1024px\" class=\"wp-caption aligncenter\"><img decoding=\"async\" class=\"wp-image-22857 size-large\" src=\"https:\/\/www.newsendip.com\/wp-content\/uploads\/2022\/11\/covid-vaccine-1024x683.webp\" alt=\"injection du vaccin contre le Covid-19\" width=\"1024\" height=\"683\" srcset=\"https:\/\/www.newsendip.com\/wp-content\/uploads\/2022\/11\/covid-vaccine-1024x683.webp 1024w, https:\/\/www.newsendip.com\/wp-content\/uploads\/2022\/11\/covid-vaccine-60x40.webp 60w, https:\/\/www.newsendip.com\/wp-content\/uploads\/2022\/11\/covid-vaccine-720x480.webp 720w, https:\/\/www.newsendip.com\/wp-content\/uploads\/2022\/11\/covid-vaccine-300x200.webp 300w, https:\/\/www.newsendip.com\/wp-content\/uploads\/2022\/11\/covid-vaccine-768x512.webp 768w, https:\/\/www.newsendip.com\/wp-content\/uploads\/2022\/11\/covid-vaccine-1536x1024.webp 1536w, https:\/\/www.newsendip.com\/wp-content\/uploads\/2022\/11\/covid-vaccine-2048x1365.webp 2048w\" sizes=\"(max-width: 1024px) 100vw, 1024px\"><figcaption id=\"caption-attachment-22857\" class=\"wp-caption-text\">Illustration | \u00a9 Steven Cornfield<\/figcaption><\/figure>\n<p>Le Conseil d\u2019\u00c9tat de Gr\u00e8ce a jug\u00e9 le 24 novembre que la prolongation de l\u2019obligation vaccinale envers le personnel de sant\u00e9 jusqu\u2019\u00e0 la fin de 2022 \u00e9tait inconstitutionnelle.<\/p>\n<p>La plus haute cour administrative grecque estime que l\u2019obligation n\u2019a pas \u00e9t\u00e9 r\u00e9\u00e9valu\u00e9e sur la base de donn\u00e9es scientifiques ce qui \u00e9tait \u00ab\u202f<em>contraire au principe constitutionnel de proportionnalit\u00e9\u202f\u00bb<\/em>.<\/p>\n<p><a href=\"#post-bottom-source\">Dans l\u2019arr\u00eat<\/a>, les juges estiment que les d\u00e9cisions qui peuvent \u00ab\u202f<em>constituer une interf\u00e9rence importance dans les droits fondamentaux de l\u2019humain\u202f\u00bb<\/em> doivent \u00eatre appliqu\u00e9es pendant une \u00ab\u202f<em>p\u00e9riode de temps absolument n\u00e9cessaire\u202f\u00bb<\/em> et \u00ab\u202f<em>doivent \u00eatre r\u00e9examin\u00e9es p\u00e9riodiquement par les autorit\u00e9s comp\u00e9tentes de l\u2019\u00c9tat en fonction des donn\u00e9es \u00e9pid\u00e9miologiques existantes et de l\u2019\u00e9volution des hypoth\u00e8ses scientifiques valides.\u202f\u00bb<\/em><\/p>\n<p>La loi prolongeant la suspension des soignants qui ne sont pas vaccin\u00e9s contre le Covid-19 avait \u00e9t\u00e9 publi\u00e9e le 14 avril&nbsp;2022.<\/p>\n<p>Mais pour le tribunal, la d\u00e9cision appliqu\u00e9e pour une p\u00e9riode de 8 mois \u00ab\u202f<em>d\u00e9passe clairement ce qui est raisonnable sans avoir \u00e9t\u00e9 r\u00e9\u00e9valu\u00e9e avec des donn\u00e9es scientifiques et \u00e9pid\u00e9miologiques.\u202f\u00bb<\/em> L\u2019administration a indiqu\u00e9 au tribunal qu\u2019elle pr\u00e9voyait d\u2019\u00e9valuer les conditions \u00e9pid\u00e9miologiques \u00e0 la fin de l\u2019ann\u00e9e.<\/p>\n<p>R\u00e9agissant \u00e0 la d\u00e9cision du tribunal avant qu\u2019elle ne soit publi\u00e9e, le <a href=\"https:\/\/www.moh.gov.gr\/articles\/ministry\/grafeio-typoy\/press-releases\/10982-dhlwsh-ypoyrgoy-ygeias-thanoy-pleyrh-gia-apofash-ste-gia-anemboliastoys\">ministre de la sant\u00e9 Thanos Plevris<\/a> a d\u00e9clar\u00e9 qu\u2019il voulait \u00ab\u202f<em>\u00e9valuer la d\u00e9cision dans son int\u00e9gralit\u00e9\u202f\u00bb<\/em> et voulait \u00ab\u202f<em>assurer aux citoyens que toutes les mesures n\u00e9cessaires seront prises pour s\u2019assurer que la sant\u00e9 publique ne soit pas mise en danger par l\u2019application de la d\u00e9cision\u202f\u00bb<\/em>. Le ministre a \u00e9galement not\u00e9 que la suspension du personnel de sant\u00e9 non vaccin\u00e9s a \u00e9t\u00e9 \u00e0 l\u2019origine jug\u00e9e comme une mesure constitutionnelle par le tribunal.<\/p>\n<p>En octobre, <a href=\"https:\/\/www.protothema.gr\/koronoios-live\/article\/1293142\/pleuris-stohos-mas-na-diagrafei-to-prostimo-stous-anemvoliastous-ano-ton-60-pou-emvoliastikan\/\">M. Plevris avait estim\u00e9<\/a> que \u00ab\u202f<em>le <a href=\"https:\/\/www.newsendip.com\/fr\/irlande-indemnisation-les-familles-des-soignants-decedes-du-covid-19\/\">personnel de sant\u00e9<\/a> non vaccin\u00e9 n\u2019a pas sa place dans le syst\u00e8me de sant\u00e9, car ils ne croient pas en la science.\u202f\u00bb<\/em><\/p>\n<p>La Gr\u00e8ce est l\u2019un des pays de l\u2019Union europ\u00e9enne \u00e0 avoir impos\u00e9 la vaccination contre le Covid-19 \u00e0 son personnel soignant, tout comme la France, l\u2019Allemagne et l\u2019Italie.<\/p>\n<p>Dans tous les pays, le nombre de professionnels de la sant\u00e9 qui ont <a href=\"https:\/\/www.newsendip.com\/india-supreme-court-rules-that-no-individuals-can-be-forced-to-be-vaccinated\/\">refus\u00e9 de se faire vacciner<\/a> contre le Covid-19 est extr\u00eamement faible.<\/p>\n<p>Mais l\u2019Italie, avec le nouveau gouvernement d\u2019extr\u00eame droite form\u00e9 par Georgia Meloni, a accept\u00e9 le 2 novembre que les 4 000 professionnels de sant\u00e9 qui n\u2019\u00e9taient pas vaccin\u00e9s reprennent leur poste. La question est actuellement d\u00e9battue en France.<\/p>\n<p>La F\u00e9d\u00e9ration panhell\u00e9nique des employ\u00e9s des h\u00f4pitaux publics (POEDN), le second syndicat du secteur de la sant\u00e9 grecque, avait saisi le Conseil d\u2019\u00c9tat en avril dernier pour qu\u2019il annule la prolongation de l\u2019obligation vaccinale du personnel soignant. Dans un <a href=\"https:\/\/www.poedhn.gr\/anakoinoseis\/item\/7656-dikaiosi-tis-poedin-i-apofasi-tou-ste-gia-tin-epistrofi-ton-anemvoliaston-ygeionomikon\">communiqu\u00e9 publi\u00e9 vendredi<\/a>, la POEDN s\u2019est d\u00e9clar\u00e9e satisfaite de la \u00ab\u202f<em>d\u00e9cision courageuse\u202f\u00bb<\/em> du tribunal.<\/p>\n<p>La POEDN estimait que la prolongation n\u2019\u00e9tait pas fond\u00e9e sur des donn\u00e9es \u00e9pid\u00e9miologiques scientifiques alors qu\u2019entre-temps, les mesures restrictives visant \u00e0 emp\u00eacher la propagation du coronavirus avaient \u00e9t\u00e9 lev\u00e9es et les protocoles dans les h\u00f4pitaux assouplis depuis la mi-avril.<\/p>\n<p>La POEDN a toujours \u00e9t\u00e9 en faveur de la vaccination et a soulign\u00e9 dans le communiqu\u00e9 qu\u2019elle \u00ab\u202f<em>ne voulait pas cr\u00e9er de r\u00e9flexes n\u00e9gatifs dans la soci\u00e9t\u00e9 \u00e0 propos des vaccins, puisque nous devons la bonne situation \u00e9pid\u00e9miologique actuelle du pays en grande partie gr\u00e2ce \u00e0 la vaccination de&nbsp;masse.\u202f\u00bb<\/em><\/p>\n<p><strong><a href=\"https:\/\/www.newsendip.com\/fr\/etiquette\/grece\">D\u00e9couvrez d\u2019autres actualit\u00e9s de&nbsp;Gr\u00e8ce<\/a><\/strong><\/p>\n","protected":false},"excerpt":{"rendered":"<p>Le Conseil d\u2019\u00c9tat grec estime que la prolongation de la suspension du personnel de sant\u00e9 qui n\u2019est pas \u00e9t\u00e9 vaccin\u00e9 contre le Covid-19 est inconstitutionnelle car elle n\u2019a pas fait l\u2019objet d\u2019une r\u00e9\u00e9valuation bas\u00e9e sur des donn\u00e9es \u00e9pid\u00e9miologiques scientifiques.<\/p>\n","protected":false},"author":1,"featured_media":22857,"comment_status":"closed","ping_status":"open","sticky":false,"template":"","format":"standard","meta":{"wp_typography_post_enhancements_disabled":false,"footnotes":""},"categories":[412],"tags":[428,781,421],"class_list":["post-22848","post","type-post","status-publish","format-standard","has-post-thumbnail","hentry","category-sciences-et-sante","tag-france-fr","tag-grece","tag-vieux"],"yoast_head":"<!-- This site is optimized with the Yoast SEO Premium plugin v27.4 (Yoast SEO v27.4) - https:\/\/yoast.com\/product\/yoast-seo-premium-wordpress\/ -->\n<title>L&#039;extension de l&#039;obligation vaccinale contre le Covid-19 pour les soignants en Gr\u00e8ce jug\u00e9e inconstitutionnelle par manque de r\u00e9\u00e9valuation<\/title>\n<meta name=\"description\" content=\"Le Conseil d&#039;\u00c9tat grec estime que la prolongation de la suspension du personnel de sant\u00e9 qui n&#039;est pas \u00e9t\u00e9 vaccin\u00e9 contre le Covid-19 est inconstitutionnelle car elle n&#039;a pas fait l&#039;objet d&#039;une r\u00e9\u00e9valuation bas\u00e9e sur des donn\u00e9es \u00e9pid\u00e9miologiques scientifiques.\" \/>\n<meta name=\"robots\" content=\"index, follow, max-snippet:-1, max-image-preview:large, max-video-preview:-1\" \/>\n<link rel=\"canonical\" href=\"https:\/\/www.newsendip.com\/fr\/lextension-de-lobligation-vaccinale-contre-le-covid-19-pour-les-soignants-en-grece-juge-inconstitutionnel-par-manque-de-reevaluation\/\" \/>\n<meta property=\"og:locale\" content=\"fr_FR\" \/>\n<meta property=\"og:type\" content=\"article\" \/>\n<meta property=\"og:title\" content=\"L&#039;extension de l&#039;obligation vaccinale contre le Covid-19 pour les soignants en Gr\u00e8ce jug\u00e9e inconstitutionnelle par manque de r\u00e9\u00e9valuation\" \/>\n<meta property=\"og:description\" content=\"Le Conseil d&#039;\u00c9tat grec estime que la prolongation de la suspension du personnel de sant\u00e9 qui n&#039;est pas \u00e9t\u00e9 vaccin\u00e9 contre le Covid-19 est inconstitutionnelle car elle n&#039;a pas fait l&#039;objet d&#039;une r\u00e9\u00e9valuation bas\u00e9e sur des donn\u00e9es \u00e9pid\u00e9miologiques scientifiques.\" \/>\n<meta property=\"og:url\" content=\"https:\/\/www.newsendip.com\/fr\/lextension-de-lobligation-vaccinale-contre-le-covid-19-pour-les-soignants-en-grece-juge-inconstitutionnel-par-manque-de-reevaluation\/\" \/>\n<meta property=\"og:site_name\" content=\"Newsendip\" \/>\n<meta property=\"article:publisher\" content=\"https:\/\/www.facebook.com\/newsendip\" \/>\n<meta property=\"article:published_time\" content=\"2022-11-25T16:18:14+00:00\" \/>\n<meta property=\"article:modified_time\" content=\"2024-07-18T14:23:04+00:00\" \/>\n<meta property=\"og:image\" content=\"https:\/\/www.newsendip.com\/wp-content\/uploads\/2022\/11\/covid-vaccine.webp\" \/>\n\t<meta property=\"og:image:width\" content=\"2400\" \/>\n\t<meta property=\"og:image:height\" content=\"1600\" \/>\n\t<meta property=\"og:image:type\" content=\"image\/webp\" \/>\n<meta name=\"author\" content=\"Cl\u00e9ment V\u00e9rit\u00e9\" \/>\n<meta name=\"twitter:card\" content=\"summary_large_image\" \/>\n<meta name=\"twitter:image\" content=\"https:\/\/www.newsendip.com\/wp-content\/uploads\/2022\/11\/covid-vaccine-small-min.jpeg\" \/>\n<meta name=\"twitter:creator\" content=\"@https:\/\/twitter.com\/cverite\" \/>\n<meta name=\"twitter:site\" content=\"@newsendip\" \/>\n<meta name=\"twitter:label1\" content=\"\u00c9crit par\" \/>\n\t<meta name=\"twitter:data1\" content=\"Cl\u00e9ment V\u00e9rit\u00e9\" \/>\n\t<meta name=\"twitter:label2\" content=\"Dur\u00e9e de lecture estim\u00e9e\" \/>\n\t<meta name=\"twitter:data2\" content=\"3 minutes\" \/>\n<!-- \/ Yoast SEO Premium plugin. -->","yoast_head_json":{"title":"L'extension de l'obligation vaccinale contre le Covid-19 pour les soignants en Gr\u00e8ce jug\u00e9e inconstitutionnelle par manque de r\u00e9\u00e9valuation","description":"Le Conseil d'\u00c9tat grec estime que la prolongation de la suspension du personnel de sant\u00e9 qui n'est pas \u00e9t\u00e9 vaccin\u00e9 contre le Covid-19 est inconstitutionnelle car elle n'a pas fait l'objet d'une r\u00e9\u00e9valuation bas\u00e9e sur des donn\u00e9es \u00e9pid\u00e9miologiques scientifiques.","robots":{"index":"index","follow":"follow","max-snippet":"max-snippet:-1","max-image-preview":"max-image-preview:large","max-video-preview":"max-video-preview:-1"},"canonical":"https:\/\/www.newsendip.com\/fr\/lextension-de-lobligation-vaccinale-contre-le-covid-19-pour-les-soignants-en-grece-juge-inconstitutionnel-par-manque-de-reevaluation\/","og_locale":"fr_FR","og_type":"article","og_title":"L'extension de l'obligation vaccinale contre le Covid-19 pour les soignants en Gr\u00e8ce jug\u00e9e inconstitutionnelle par manque de r\u00e9\u00e9valuation","og_description":"Le Conseil d'\u00c9tat grec estime que la prolongation de la suspension du personnel de sant\u00e9 qui n'est pas \u00e9t\u00e9 vaccin\u00e9 contre le Covid-19 est inconstitutionnelle car elle n'a pas fait l'objet d'une r\u00e9\u00e9valuation bas\u00e9e sur des donn\u00e9es \u00e9pid\u00e9miologiques scientifiques.","og_url":"https:\/\/www.newsendip.com\/fr\/lextension-de-lobligation-vaccinale-contre-le-covid-19-pour-les-soignants-en-grece-juge-inconstitutionnel-par-manque-de-reevaluation\/","og_site_name":"Newsendip","article_publisher":"https:\/\/www.facebook.com\/newsendip","article_published_time":"2022-11-25T16:18:14+00:00","article_modified_time":"2024-07-18T14:23:04+00:00","og_image":[{"width":2400,"height":1600,"url":"https:\/\/www.newsendip.com\/wp-content\/uploads\/2022\/11\/covid-vaccine.webp","type":"image\/webp"}],"author":"Cl\u00e9ment V\u00e9rit\u00e9","twitter_card":"summary_large_image","twitter_image":"https:\/\/www.newsendip.com\/wp-content\/uploads\/2022\/11\/covid-vaccine-small-min.jpeg","twitter_creator":"@https:\/\/twitter.com\/cverite","twitter_site":"@newsendip","twitter_misc":{"\u00c9crit par":"Cl\u00e9ment V\u00e9rit\u00e9","Dur\u00e9e de lecture estim\u00e9e":"3 minutes"},"schema":{"@context":"https:\/\/schema.org","@graph":[{"@type":"NewsArticle","@id":"https:\/\/www.newsendip.com\/fr\/lextension-de-lobligation-vaccinale-contre-le-covid-19-pour-les-soignants-en-grece-juge-inconstitutionnel-par-manque-de-reevaluation\/#article","isPartOf":{"@id":"https:\/\/www.newsendip.com\/fr\/lextension-de-lobligation-vaccinale-contre-le-covid-19-pour-les-soignants-en-grece-juge-inconstitutionnel-par-manque-de-reevaluation\/"},"author":{"name":"Cl\u00e9ment V\u00e9rit\u00e9","@id":"https:\/\/www.newsendip.com\/fr\/#\/schema\/person\/ea22c01755f464a3cbc2c619584d6363"},"headline":"L\u2019extension de l\u2019obligation vaccinale contre le Covid-19 pour les soignants en Gr\u00e8ce jug\u00e9e inconstitutionnelle par manque de r\u00e9\u00e9valuation","datePublished":"2022-11-25T16:18:14+00:00","dateModified":"2024-07-18T14:23:04+00:00","mainEntityOfPage":{"@id":"https:\/\/www.newsendip.com\/fr\/lextension-de-lobligation-vaccinale-contre-le-covid-19-pour-les-soignants-en-grece-juge-inconstitutionnel-par-manque-de-reevaluation\/"},"wordCount":696,"publisher":{"@id":"https:\/\/www.newsendip.com\/fr\/#organization"},"image":{"@id":"https:\/\/www.newsendip.com\/fr\/lextension-de-lobligation-vaccinale-contre-le-covid-19-pour-les-soignants-en-grece-juge-inconstitutionnel-par-manque-de-reevaluation\/#primaryimage"},"thumbnailUrl":"https:\/\/www.newsendip.com\/wp-content\/uploads\/2022\/11\/covid-vaccine.webp","keywords":["France","Gr\u00e8ce","Vieux"],"articleSection":["Sciences et sant\u00e9"],"inLanguage":"fr-FR","copyrightYear":"2022","copyrightHolder":{"@id":"https:\/\/www.newsendip.com\/#organization"}},{"@type":"WebPage","@id":"https:\/\/www.newsendip.com\/fr\/lextension-de-lobligation-vaccinale-contre-le-covid-19-pour-les-soignants-en-grece-juge-inconstitutionnel-par-manque-de-reevaluation\/","url":"https:\/\/www.newsendip.com\/fr\/lextension-de-lobligation-vaccinale-contre-le-covid-19-pour-les-soignants-en-grece-juge-inconstitutionnel-par-manque-de-reevaluation\/","name":"L'extension de l'obligation vaccinale contre le Covid-19 pour les soignants en Gr\u00e8ce jug\u00e9e inconstitutionnelle par manque de r\u00e9\u00e9valuation","isPartOf":{"@id":"https:\/\/www.newsendip.com\/fr\/#website"},"primaryImageOfPage":{"@id":"https:\/\/www.newsendip.com\/fr\/lextension-de-lobligation-vaccinale-contre-le-covid-19-pour-les-soignants-en-grece-juge-inconstitutionnel-par-manque-de-reevaluation\/#primaryimage"},"image":{"@id":"https:\/\/www.newsendip.com\/fr\/lextension-de-lobligation-vaccinale-contre-le-covid-19-pour-les-soignants-en-grece-juge-inconstitutionnel-par-manque-de-reevaluation\/#primaryimage"},"thumbnailUrl":"https:\/\/www.newsendip.com\/wp-content\/uploads\/2022\/11\/covid-vaccine.webp","datePublished":"2022-11-25T16:18:14+00:00","dateModified":"2024-07-18T14:23:04+00:00","description":"Le Conseil d'\u00c9tat grec estime que la prolongation de la suspension du personnel de sant\u00e9 qui n'est pas \u00e9t\u00e9 vaccin\u00e9 contre le Covid-19 est inconstitutionnelle car elle n'a pas fait l'objet d'une r\u00e9\u00e9valuation bas\u00e9e sur des donn\u00e9es \u00e9pid\u00e9miologiques scientifiques.","breadcrumb":{"@id":"https:\/\/www.newsendip.com\/fr\/lextension-de-lobligation-vaccinale-contre-le-covid-19-pour-les-soignants-en-grece-juge-inconstitutionnel-par-manque-de-reevaluation\/#breadcrumb"},"inLanguage":"fr-FR","potentialAction":[{"@type":"ReadAction","target":["https:\/\/www.newsendip.com\/fr\/lextension-de-lobligation-vaccinale-contre-le-covid-19-pour-les-soignants-en-grece-juge-inconstitutionnel-par-manque-de-reevaluation\/"]}]},{"@type":"ImageObject","inLanguage":"fr-FR","@id":"https:\/\/www.newsendip.com\/fr\/lextension-de-lobligation-vaccinale-contre-le-covid-19-pour-les-soignants-en-grece-juge-inconstitutionnel-par-manque-de-reevaluation\/#primaryimage","url":"https:\/\/www.newsendip.com\/wp-content\/uploads\/2022\/11\/covid-vaccine.webp","contentUrl":"https:\/\/www.newsendip.com\/wp-content\/uploads\/2022\/11\/covid-vaccine.webp","width":2400,"height":1600,"caption":"Illustration | \u00a9 Steven Cornfield"},{"@type":"BreadcrumbList","@id":"https:\/\/www.newsendip.com\/fr\/lextension-de-lobligation-vaccinale-contre-le-covid-19-pour-les-soignants-en-grece-juge-inconstitutionnel-par-manque-de-reevaluation\/#breadcrumb","itemListElement":[{"@type":"ListItem","position":1,"name":"Accueil","item":"https:\/\/www.newsendip.com\/fr\/"},{"@type":"ListItem","position":2,"name":"L&#8217;extension de l&#8217;obligation vaccinale contre le Covid-19 pour les soignants en Gr\u00e8ce jug\u00e9e inconstitutionnelle par manque de r\u00e9\u00e9valuation"}]},{"@type":"WebSite","@id":"https:\/\/www.newsendip.com\/fr\/#website","url":"https:\/\/www.newsendip.com\/fr\/","name":"Newsendip","description":"Red\u00e9couvrez l&#039;actualit\u00e9 internationale","publisher":{"@id":"https:\/\/www.newsendip.com\/fr\/#organization"},"potentialAction":[{"@type":"SearchAction","target":{"@type":"EntryPoint","urlTemplate":"https:\/\/www.newsendip.com\/fr\/?s={search_term_string}"},"query-input":{"@type":"PropertyValueSpecification","valueRequired":true,"valueName":"search_term_string"}}],"inLanguage":"fr-FR"},{"@type":"Organization","@id":"https:\/\/www.newsendip.com\/fr\/#organization","name":"Newsendip","url":"https:\/\/www.newsendip.com\/fr\/","logo":{"@type":"ImageObject","inLanguage":"fr-FR","@id":"https:\/\/www.newsendip.com\/fr\/#\/schema\/logo\/image\/","url":"https:\/\/www.newsendip.com\/wp-content\/uploads\/2023\/12\/512x512.svg","contentUrl":"https:\/\/www.newsendip.com\/wp-content\/uploads\/2023\/12\/512x512.svg","width":1,"height":1,"caption":"Newsendip"},"image":{"@id":"https:\/\/www.newsendip.com\/fr\/#\/schema\/logo\/image\/"},"sameAs":["https:\/\/www.facebook.com\/newsendip","https:\/\/x.com\/newsendip","https:\/\/mastodon.social\/@newsendip","https:\/\/www.linkedin.com\/company\/newsendip"],"description":"Newsendip est un site qui a pour mission de rendre l'actualit\u00e9 internationale accessible et diversifi\u00e9e","email":"contact@newsendip.com","legalName":"Newsendip SAS","foundingDate":"2022-11-04","vatID":"FR60921124723","numberOfEmployees":{"@type":"QuantitativeValue","minValue":"1","maxValue":"10"},"publishingPrinciples":"https:\/\/www.newsendip.com\/about-us\/","ownershipFundingInfo":"https:\/\/www.newsendip.com\/legal-notice\/","actionableFeedbackPolicy":"https:\/\/www.newsendip.com\/about-us\/","correctionsPolicy":"https:\/\/www.newsendip.com\/about-us\/","ethicsPolicy":"https:\/\/www.newsendip.com\/about-us\/","diversityPolicy":"https:\/\/www.newsendip.com\/about-us\/"},{"@type":"Person","@id":"https:\/\/www.newsendip.com\/fr\/#\/schema\/person\/ea22c01755f464a3cbc2c619584d6363","name":"Cl\u00e9ment V\u00e9rit\u00e9","description":"Cl\u00e9ment is the executive editor and founder of Newsendip. He started in the media industry as a freelance reporter at 16 for a local French newspaper after school and has never left it. He later worked for seven years at The New York Times, notably as a data analyst. He holds a Master of Management in France and a Master of Arts in the United Kingdom in International Marketing &amp; Communications Strategy. He has lived in France, the United Kingdom, and Italy.","sameAs":["https:\/\/www.newsendip.com\/","https:\/\/www.linkedin.com\/in\/clementverite\/","https:\/\/x.com\/https:\/\/twitter.com\/cverite"],"knowsAbout":["News","International","Business","Media monitoring"],"knowsLanguage":["English","French","Italian","Spanish"],"url":"https:\/\/www.newsendip.com\/fr\/author\/clement-verite\/"}]}},"_links":{"self":[{"href":"https:\/\/www.newsendip.com\/fr\/wp-json\/wp\/v2\/posts\/22848","targetHints":{"allow":["GET"]}}],"collection":[{"href":"https:\/\/www.newsendip.com\/fr\/wp-json\/wp\/v2\/posts"}],"about":[{"href":"https:\/\/www.newsendip.com\/fr\/wp-json\/wp\/v2\/types\/post"}],"author":[{"embeddable":true,"href":"https:\/\/www.newsendip.com\/fr\/wp-json\/wp\/v2\/users\/1"}],"replies":[{"embeddable":true,"href":"https:\/\/www.newsendip.com\/fr\/wp-json\/wp\/v2\/comments?post=22848"}],"version-history":[{"count":0,"href":"https:\/\/www.newsendip.com\/fr\/wp-json\/wp\/v2\/posts\/22848\/revisions"}],"wp:featuredmedia":[{"embeddable":true,"href":"https:\/\/www.newsendip.com\/fr\/wp-json\/wp\/v2\/media\/22857"}],"wp:attachment":[{"href":"https:\/\/www.newsendip.com\/fr\/wp-json\/wp\/v2\/media?parent=22848"}],"wp:term":[{"taxonomy":"category","embeddable":true,"href":"https:\/\/www.newsendip.com\/fr\/wp-json\/wp\/v2\/categories?post=22848"},{"taxonomy":"post_tag","embeddable":true,"href":"https:\/\/www.newsendip.com\/fr\/wp-json\/wp\/v2\/tags?post=22848"}],"curies":[{"name":"wp","href":"https:\/\/api.w.org\/{rel}","templated":true}]}}