{"id":22904,"date":"2022-11-28T19:29:06","date_gmt":"2022-11-28T18:29:06","guid":{"rendered":"https:\/\/www.newsendip.com\/?p=22904"},"modified":"2024-07-18T15:54:40","modified_gmt":"2024-07-18T13:54:40","slug":"le-premier-parti-politique-de-slovenie-a-quitte-twitter","status":"publish","type":"post","link":"https:\/\/www.newsendip.com\/fr\/le-premier-parti-politique-de-slovenie-a-quitte-twitter\/","title":{"rendered":"Le premier parti politique de Slov\u00e9nie a d\u00e9cid\u00e9 de quitter Twitter"},"content":{"rendered":"<p><strong>Le principal parti politique de Slov\u00e9nie, le Mouvement pour la libert\u00e9, a quitt\u00e9 Twitter en d\u00e9clarant avoir r\u00e9alis\u00e9 qu\u2019il n\u2019avait pas besoin d\u2019utiliser la plateforme lorsque son compte avait \u00e9t\u00e9 verrouill\u00e9. Il estime \u00e9galement que l\u2019utilisation de Twitter polarise la soci\u00e9t\u00e9 et diffuse trop de discours de&nbsp;haine.<br>\n<\/strong><\/p>\n<figure id=\"attachment_22915\" aria-describedby=\"caption-attachment-22915\" style=\"width: 1024px\" class=\"wp-caption aligncenter\"><img decoding=\"async\" class=\"wp-image-22915 size-large\" src=\"https:\/\/www.newsendip.com\/wp-content\/uploads\/2022\/11\/Gibanje-svoboda-robert-golob-slovenia-1024x682.webp\" alt=\"Robert Golob, premier ministre slov\u00e8ne et pr\u00e9sident du Mouvement pour la libert\u00e9\" width=\"1024\" height=\"682\" srcset=\"https:\/\/www.newsendip.com\/wp-content\/uploads\/2022\/11\/Gibanje-svoboda-robert-golob-slovenia-1024x682.webp 1024w, https:\/\/www.newsendip.com\/wp-content\/uploads\/2022\/11\/Gibanje-svoboda-robert-golob-slovenia-60x40.webp 60w, https:\/\/www.newsendip.com\/wp-content\/uploads\/2022\/11\/Gibanje-svoboda-robert-golob-slovenia-720x480.webp 720w, https:\/\/www.newsendip.com\/wp-content\/uploads\/2022\/11\/Gibanje-svoboda-robert-golob-slovenia-300x200.webp 300w, https:\/\/www.newsendip.com\/wp-content\/uploads\/2022\/11\/Gibanje-svoboda-robert-golob-slovenia-768x512.webp 768w, https:\/\/www.newsendip.com\/wp-content\/uploads\/2022\/11\/Gibanje-svoboda-robert-golob-slovenia-1536x1023.webp 1536w, https:\/\/www.newsendip.com\/wp-content\/uploads\/2022\/11\/Gibanje-svoboda-robert-golob-slovenia.webp 2048w\" sizes=\"(max-width: 1024px) 100vw, 1024px\"><figcaption id=\"caption-attachment-22915\" class=\"wp-caption-text\">Robert Golob, premier ministre slov\u00e8ne et pr\u00e9sident du Mouvement pour la libert\u00e9, s\u2019exprimant apr\u00e8s les r\u00e9sultats d\u2019un r\u00e9f\u00e9rendum national organis\u00e9 le 27 novembre | \u00a9 Gibanje Svoboda, Facebook<\/figcaption><\/figure>\n<p>le Mouvement pour la libert\u00e9 (<em>Gibanje Svoboda<\/em>), le parti politique au pouvoir en Slov\u00e9nie, a annonc\u00e9 qu\u2019il avait cess\u00e9 d\u2019utiliser Twitter consid\u00e9rant qu\u2019il n\u2019en avait pas besoin.<\/p>\n<p>Dans un communiqu\u00e9 publi\u00e9 le 26 novembre, <a href=\"https:\/\/gibanjesvoboda.si\/novica\/svoboda-zapusca-twitter\/\">le Mouvement pour la libert\u00e9<\/a>, justifie qu\u2019ils \u00ab\u202f<em>n\u2019ont m\u00eame pas besoin de Twitter pour s\u2019adresser efficacement aux citoyens et les informer des activit\u00e9s du parti,\u202f\u00bb<\/em> affirmant m\u00eame que c\u2019est le contraire.<\/p>\n<p>Le parti politique au pouvoir consid\u00e8re que, malgr\u00e9 une base d\u2019utilisateurs relativement faible en Slov\u00e9nie, certains abusent de la plateforme \u00ab\u202f<em>pour renforcer la polarisation, diffuser des fake news, des manipulations, des discr\u00e9dits, des insultes et m\u00eame des discours de&nbsp;haine.\u202f\u00bb<\/em><\/p>\n<p>Gibanje Svoboda est un parti social lib\u00e9ral \u00e9cologiste r\u00e9cemment cr\u00e9\u00e9 qui a remport\u00e9 la premi\u00e8re \u00e9lection parlementaire auquel il participait le 20 avril 2022 se voyant octroy\u00e9 41 des 90 si\u00e8ges de l\u2019Assembl\u00e9e nationale.<\/p>\n<p>Bien qu\u2019il n\u2019existe aucune donn\u00e9e publique sur la p\u00e9n\u00e9tration du march\u00e9 de <a href=\"https:\/\/www.newsendip.com\/fr\/twitter-estime-que-la-loi-allemande-contre-les-discours-haineux-oblige-a-partager-des-donnees-personnelles-inutilement\/\">Twitter<\/a> en Slov\u00e9nie et que le nombre r\u00e9el de faux comptes sur la plateforme reste myst\u00e9rieux, un sp\u00e9cialiste des donn\u00e9es slov\u00e8ne, <a href=\"https:\/\/twitter.com\/Virostatiq\/status\/1596571705266540544\">Marko Plahuta<\/a>, estime \u00e0 entre 10 000 et 12 000 le nombre d\u2019utilisateurs slov\u00e8nes actifs par semaine. Dans un pays qui compte 2,1 millions d\u2019habitants, cela signifierait qu\u2019environ un Slov\u00e8ne sur 200 est actif sur Twitter, loin derri\u00e8re les proportions des \u00c9tats-Unis, qui compterait plus d\u2019un compte actif quotidiennement pour huit Am\u00e9ricains, selon <a href=\"https:\/\/www.statista.com\/statistics\/970911\/monetizable-daily-active-twitter-users-in-the-united-states\/\">Statista<\/a>.<\/p>\n<p>La d\u00e9cision est \u00e9galement li\u00e9e au nouveau propri\u00e9taire de Twitter, Elon Musk, qui a rachet\u00e9 l\u2019entreprise pour 44 milliards de dollars. Il a apport\u00e9 des changements radicaux \u00e0 l\u2019organisation en peu de temps et plaide pour une libert\u00e9 d\u2019expression totale sur le r\u00e9seau.<\/p>\n<p>Le Mouvement pour la libert\u00e9 s\u2019attend \u00e0 ce que cette nouvelle politique encore plus radicale \u00ab\u202fouvre davantage la porte aux communications ind\u00e9centes et aux discours de haine\u202f\u00bb, ce \u00e0 quoi il \u00ab\u202f<em>ne veut pas participer\u202f\u00bb<\/em> car il \u00ab\u202f<em>a promis aux \u00e9lecteurs un dialogue respectueux et une communication inclusive \u00e0 tous les niveaux de la soci\u00e9t\u00e9.\u202f\u00bb<\/em><\/p>\n<p>Le Gibanje Svoboda a d\u2019ailleurs d\u00e9clar\u00e9 avoir r\u00e9alis\u00e9 qu\u2019il n\u2019avait pas besoin de Twitter lorsque son compte avait \u00e9t\u00e9 bloqu\u00e9 pendant trois semaines. Selon le parti, le probl\u00e8me du compte \u00e9tait d\u00fb \u00e0 une erreur technique. Twitter a r\u00e9cemment \u00e9t\u00e9 confront\u00e9 \u00e0 une importante r\u00e9duction de son personnel et a signal\u00e9 des probl\u00e8mes d\u2019ordre technique derni\u00e8rement.<\/p>\n<p>Janez Jan\u0161a, fervent utilisateur de Twitter et ancien premier ministre nationaliste conservateur qui a dirig\u00e9 le gouvernement pendant trois mandats avant de perdre face au Mouvement pour la libert\u00e9, a partag\u00e9 un tweet qui se f\u00e9licitait que le Mouvement pour la libert\u00e9 ait quitt\u00e9 la plateforme. Lui et son parti, le Parti d\u00e9mocratique slov\u00e8ne, consid\u00e8rent que les m\u00e9dias slov\u00e8nes traditionnels sont contr\u00f4l\u00e9s par la gauche.<\/p>\n<p>L\u2019annonce a \u00e9t\u00e9 faite un jour avant un <a href=\"https:\/\/www.newsendip.com\/fr\/litalie-organisera-un-referendum-sur-5-lois-du-systeme-judiciaire-les-demandes-pour-le-suicide-assiste-ou-la-depenalisation-du-cannabis-rejetees\/\">r\u00e9f\u00e9rendum<\/a> national initi\u00e9 par le Parti d\u00e9mocratique slov\u00e8ne demandant aux \u00e9lecteurs si le gouvernement doit abroger trois lois, dont les applications \u00e9taient suspendues par le referendum. L\u2019une d\u2019entre elles concernait la gestion de <em>RTV<\/em>, le groupe de t\u00e9l\u00e9vision et radio public slov\u00e8ne. Un amendement a remplac\u00e9 le directeur g\u00e9n\u00e9ral par un conseil d\u2019administration, et a fusionn\u00e9 le conseil de programmation et le conseil de surveillance en un seul comit\u00e9 financier contr\u00f4l\u00e9 par la Cour des comptes. Les membres du conseil de programmation et du conseil de surveillance \u00e9taient auparavant nomm\u00e9s par l\u2019Assembl\u00e9e nationale.<\/p>\n<p>Le parti au pouvoir consid\u00e8re que l\u2019amendement apporte plus de libert\u00e9 et d\u2019ind\u00e9pendance \u00e0 RTV, avec moins d\u2019interf\u00e9rence politique \u2013 la direction avait \u00e9t\u00e9 nomm\u00e9e pendant que le Parti d\u00e9mocratique slov\u00e8ne \u00e9tait au pouvoir \u2013 tandis que ce dernier soutient qu\u2019il supprime la voix de la repr\u00e9sentation du peuple.<\/p>\n<p>La population a vot\u00e9 en faveur du maintien de la&nbsp;loi.<\/p>\n<p><a href=\"https:\/\/www.newsendip.com\/fr\/etiquette\/slovenie\/\"><strong>D\u00e9couvrez plus d\u2019actualit\u00e9s sur la Slov\u00e9nie<\/strong><\/a><\/p>\n","protected":false},"excerpt":{"rendered":"<p>Le principal parti politique de Slov\u00e9nie, le Mouvement pour la libert\u00e9, a quitt\u00e9 Twitter en d\u00e9clarant avoir r\u00e9alis\u00e9 qu\u2019il n\u2019avait pas besoin d\u2019utiliser la plateforme lorsque son compte avait \u00e9t\u00e9 verrouill\u00e9. Il estime \u00e9galement que l\u2019utilisation de Twitter polarise la soci\u00e9t\u00e9 et diffuse trop de discours de&nbsp;haine.<\/p>\n","protected":false},"author":1,"featured_media":22915,"comment_status":"closed","ping_status":"open","sticky":false,"template":"","format":"standard","meta":{"wp_typography_post_enhancements_disabled":false,"footnotes":""},"categories":[416],"tags":[748,421],"class_list":["post-22904","post","type-post","status-publish","format-standard","has-post-thumbnail","hentry","category-politique","tag-slovenie","tag-vieux"],"yoast_head":"<!-- This site is optimized with the Yoast SEO Premium plugin v27.4 (Yoast SEO v27.4) - https:\/\/yoast.com\/product\/yoast-seo-premium-wordpress\/ -->\n<title>Le premier parti politique de Slov\u00e9nie a d\u00e9cid\u00e9 de quitter Twitter<\/title>\n<meta name=\"description\" content=\"Le principal parti politique de Slov\u00e9nie, le Mouvement pour la libert\u00e9, a quitt\u00e9 Twitter en d\u00e9clarant avoir r\u00e9alis\u00e9 qu&#039;il n&#039;avait pas besoin d&#039;utiliser la plateforme lorsque son compte avait \u00e9t\u00e9 verrouill\u00e9. Il estime \u00e9galement que l&#039;utilisation de Twitter polarise la soci\u00e9t\u00e9 et diffuse trop de discours de haine.\" \/>\n<meta name=\"robots\" content=\"index, follow, max-snippet:-1, max-image-preview:large, max-video-preview:-1\" \/>\n<link rel=\"canonical\" href=\"https:\/\/www.newsendip.com\/fr\/le-premier-parti-politique-de-slovenie-a-quitte-twitter\/\" \/>\n<meta property=\"og:locale\" content=\"fr_FR\" \/>\n<meta property=\"og:type\" content=\"article\" \/>\n<meta property=\"og:title\" content=\"Le premier parti politique de Slov\u00e9nie a d\u00e9cid\u00e9 de quitter Twitter\" \/>\n<meta property=\"og:description\" content=\"Le principal parti politique de Slov\u00e9nie, le Mouvement pour la libert\u00e9, a quitt\u00e9 Twitter en d\u00e9clarant avoir r\u00e9alis\u00e9 qu&#039;il n&#039;avait pas besoin d&#039;utiliser la plateforme lorsque son compte avait \u00e9t\u00e9 verrouill\u00e9. Il estime \u00e9galement que l&#039;utilisation de Twitter polarise la soci\u00e9t\u00e9 et diffuse trop de discours de haine.\" \/>\n<meta property=\"og:url\" content=\"https:\/\/www.newsendip.com\/fr\/le-premier-parti-politique-de-slovenie-a-quitte-twitter\/\" \/>\n<meta property=\"og:site_name\" content=\"Newsendip\" \/>\n<meta property=\"article:publisher\" content=\"https:\/\/www.facebook.com\/newsendip\" \/>\n<meta property=\"article:published_time\" content=\"2022-11-28T18:29:06+00:00\" \/>\n<meta property=\"article:modified_time\" content=\"2024-07-18T13:54:40+00:00\" \/>\n<meta property=\"og:image\" content=\"https:\/\/www.newsendip.com\/wp-content\/uploads\/2022\/11\/Gibanje-svoboda-robert-golob-slovenia-min.jpeg\" \/>\n\t<meta property=\"og:image:width\" content=\"2048\" \/>\n\t<meta property=\"og:image:height\" content=\"1364\" \/>\n\t<meta property=\"og:image:type\" content=\"image\/jpeg\" \/>\n<meta name=\"author\" content=\"Cl\u00e9ment V\u00e9rit\u00e9\" \/>\n<meta name=\"twitter:card\" content=\"summary_large_image\" \/>\n<meta name=\"twitter:image\" content=\"https:\/\/www.newsendip.com\/wp-content\/uploads\/2022\/11\/Gibanje-svoboda-robert-golob-slovenia-min.jpeg\" \/>\n<meta name=\"twitter:creator\" content=\"@https:\/\/twitter.com\/cverite\" \/>\n<meta name=\"twitter:site\" content=\"@newsendip\" \/>\n<meta name=\"twitter:label1\" content=\"\u00c9crit par\" \/>\n\t<meta name=\"twitter:data1\" content=\"Cl\u00e9ment V\u00e9rit\u00e9\" \/>\n\t<meta name=\"twitter:label2\" content=\"Dur\u00e9e de lecture estim\u00e9e\" \/>\n\t<meta name=\"twitter:data2\" content=\"4 minutes\" \/>\n<!-- \/ Yoast SEO Premium plugin. -->","yoast_head_json":{"title":"Le premier parti politique de Slov\u00e9nie a d\u00e9cid\u00e9 de quitter Twitter","description":"Le principal parti politique de Slov\u00e9nie, le Mouvement pour la libert\u00e9, a quitt\u00e9 Twitter en d\u00e9clarant avoir r\u00e9alis\u00e9 qu'il n'avait pas besoin d'utiliser la plateforme lorsque son compte avait \u00e9t\u00e9 verrouill\u00e9. Il estime \u00e9galement que l'utilisation de Twitter polarise la soci\u00e9t\u00e9 et diffuse trop de discours de haine.","robots":{"index":"index","follow":"follow","max-snippet":"max-snippet:-1","max-image-preview":"max-image-preview:large","max-video-preview":"max-video-preview:-1"},"canonical":"https:\/\/www.newsendip.com\/fr\/le-premier-parti-politique-de-slovenie-a-quitte-twitter\/","og_locale":"fr_FR","og_type":"article","og_title":"Le premier parti politique de Slov\u00e9nie a d\u00e9cid\u00e9 de quitter Twitter","og_description":"Le principal parti politique de Slov\u00e9nie, le Mouvement pour la libert\u00e9, a quitt\u00e9 Twitter en d\u00e9clarant avoir r\u00e9alis\u00e9 qu'il n'avait pas besoin d'utiliser la plateforme lorsque son compte avait \u00e9t\u00e9 verrouill\u00e9. Il estime \u00e9galement que l'utilisation de Twitter polarise la soci\u00e9t\u00e9 et diffuse trop de discours de haine.","og_url":"https:\/\/www.newsendip.com\/fr\/le-premier-parti-politique-de-slovenie-a-quitte-twitter\/","og_site_name":"Newsendip","article_publisher":"https:\/\/www.facebook.com\/newsendip","article_published_time":"2022-11-28T18:29:06+00:00","article_modified_time":"2024-07-18T13:54:40+00:00","og_image":[{"width":2048,"height":1364,"url":"https:\/\/www.newsendip.com\/wp-content\/uploads\/2022\/11\/Gibanje-svoboda-robert-golob-slovenia-min.jpeg","type":"image\/jpeg"}],"author":"Cl\u00e9ment V\u00e9rit\u00e9","twitter_card":"summary_large_image","twitter_image":"https:\/\/www.newsendip.com\/wp-content\/uploads\/2022\/11\/Gibanje-svoboda-robert-golob-slovenia-min.jpeg","twitter_creator":"@https:\/\/twitter.com\/cverite","twitter_site":"@newsendip","twitter_misc":{"\u00c9crit par":"Cl\u00e9ment V\u00e9rit\u00e9","Dur\u00e9e de lecture estim\u00e9e":"4 minutes"},"schema":{"@context":"https:\/\/schema.org","@graph":[{"@type":"NewsArticle","@id":"https:\/\/www.newsendip.com\/fr\/le-premier-parti-politique-de-slovenie-a-quitte-twitter\/#article","isPartOf":{"@id":"https:\/\/www.newsendip.com\/fr\/le-premier-parti-politique-de-slovenie-a-quitte-twitter\/"},"author":{"name":"Cl\u00e9ment V\u00e9rit\u00e9","@id":"https:\/\/www.newsendip.com\/fr\/#\/schema\/person\/ea22c01755f464a3cbc2c619584d6363"},"headline":"Le premier parti politique de Slov\u00e9nie a d\u00e9cid\u00e9 de quitter Twitter","datePublished":"2022-11-28T18:29:06+00:00","dateModified":"2024-07-18T13:54:40+00:00","mainEntityOfPage":{"@id":"https:\/\/www.newsendip.com\/fr\/le-premier-parti-politique-de-slovenie-a-quitte-twitter\/"},"wordCount":806,"publisher":{"@id":"https:\/\/www.newsendip.com\/fr\/#organization"},"image":{"@id":"https:\/\/www.newsendip.com\/fr\/le-premier-parti-politique-de-slovenie-a-quitte-twitter\/#primaryimage"},"thumbnailUrl":"https:\/\/www.newsendip.com\/wp-content\/uploads\/2022\/11\/Gibanje-svoboda-robert-golob-slovenia.webp","keywords":["Slov\u00e9nie","Vieux"],"articleSection":["Politique"],"inLanguage":"fr-FR","copyrightYear":"2022","copyrightHolder":{"@id":"https:\/\/www.newsendip.com\/#organization"}},{"@type":"WebPage","@id":"https:\/\/www.newsendip.com\/fr\/le-premier-parti-politique-de-slovenie-a-quitte-twitter\/","url":"https:\/\/www.newsendip.com\/fr\/le-premier-parti-politique-de-slovenie-a-quitte-twitter\/","name":"Le premier parti politique de Slov\u00e9nie a d\u00e9cid\u00e9 de quitter Twitter","isPartOf":{"@id":"https:\/\/www.newsendip.com\/fr\/#website"},"primaryImageOfPage":{"@id":"https:\/\/www.newsendip.com\/fr\/le-premier-parti-politique-de-slovenie-a-quitte-twitter\/#primaryimage"},"image":{"@id":"https:\/\/www.newsendip.com\/fr\/le-premier-parti-politique-de-slovenie-a-quitte-twitter\/#primaryimage"},"thumbnailUrl":"https:\/\/www.newsendip.com\/wp-content\/uploads\/2022\/11\/Gibanje-svoboda-robert-golob-slovenia.webp","datePublished":"2022-11-28T18:29:06+00:00","dateModified":"2024-07-18T13:54:40+00:00","description":"Le principal parti politique de Slov\u00e9nie, le Mouvement pour la libert\u00e9, a quitt\u00e9 Twitter en d\u00e9clarant avoir r\u00e9alis\u00e9 qu'il n'avait pas besoin d'utiliser la plateforme lorsque son compte avait \u00e9t\u00e9 verrouill\u00e9. Il estime \u00e9galement que l'utilisation de Twitter polarise la soci\u00e9t\u00e9 et diffuse trop de discours de haine.","breadcrumb":{"@id":"https:\/\/www.newsendip.com\/fr\/le-premier-parti-politique-de-slovenie-a-quitte-twitter\/#breadcrumb"},"inLanguage":"fr-FR","potentialAction":[{"@type":"ReadAction","target":["https:\/\/www.newsendip.com\/fr\/le-premier-parti-politique-de-slovenie-a-quitte-twitter\/"]}]},{"@type":"ImageObject","inLanguage":"fr-FR","@id":"https:\/\/www.newsendip.com\/fr\/le-premier-parti-politique-de-slovenie-a-quitte-twitter\/#primaryimage","url":"https:\/\/www.newsendip.com\/wp-content\/uploads\/2022\/11\/Gibanje-svoboda-robert-golob-slovenia.webp","contentUrl":"https:\/\/www.newsendip.com\/wp-content\/uploads\/2022\/11\/Gibanje-svoboda-robert-golob-slovenia.webp","width":2048,"height":1364,"caption":"Robert Golob, premier ministre slov\u00e8ne et pr\u00e9sident du Mouvement pour la libert\u00e9, s'exprimant apr\u00e8s les r\u00e9sultats d'un r\u00e9f\u00e9rendum national organis\u00e9 le 27 novembre | \u00a9 Gibanje Svoboda, Facebook"},{"@type":"BreadcrumbList","@id":"https:\/\/www.newsendip.com\/fr\/le-premier-parti-politique-de-slovenie-a-quitte-twitter\/#breadcrumb","itemListElement":[{"@type":"ListItem","position":1,"name":"Accueil","item":"https:\/\/www.newsendip.com\/fr\/"},{"@type":"ListItem","position":2,"name":"Le premier parti politique de Slov\u00e9nie a d\u00e9cid\u00e9 de quitter Twitter"}]},{"@type":"WebSite","@id":"https:\/\/www.newsendip.com\/fr\/#website","url":"https:\/\/www.newsendip.com\/fr\/","name":"Newsendip","description":"Red\u00e9couvrez l&#039;actualit\u00e9 internationale","publisher":{"@id":"https:\/\/www.newsendip.com\/fr\/#organization"},"potentialAction":[{"@type":"SearchAction","target":{"@type":"EntryPoint","urlTemplate":"https:\/\/www.newsendip.com\/fr\/?s={search_term_string}"},"query-input":{"@type":"PropertyValueSpecification","valueRequired":true,"valueName":"search_term_string"}}],"inLanguage":"fr-FR"},{"@type":"Organization","@id":"https:\/\/www.newsendip.com\/fr\/#organization","name":"Newsendip","url":"https:\/\/www.newsendip.com\/fr\/","logo":{"@type":"ImageObject","inLanguage":"fr-FR","@id":"https:\/\/www.newsendip.com\/fr\/#\/schema\/logo\/image\/","url":"https:\/\/www.newsendip.com\/wp-content\/uploads\/2023\/12\/512x512.svg","contentUrl":"https:\/\/www.newsendip.com\/wp-content\/uploads\/2023\/12\/512x512.svg","width":1,"height":1,"caption":"Newsendip"},"image":{"@id":"https:\/\/www.newsendip.com\/fr\/#\/schema\/logo\/image\/"},"sameAs":["https:\/\/www.facebook.com\/newsendip","https:\/\/x.com\/newsendip","https:\/\/mastodon.social\/@newsendip","https:\/\/www.linkedin.com\/company\/newsendip"],"description":"Newsendip est un site qui a pour mission de rendre l'actualit\u00e9 internationale accessible et diversifi\u00e9e","email":"contact@newsendip.com","legalName":"Newsendip SAS","foundingDate":"2022-11-04","vatID":"FR60921124723","numberOfEmployees":{"@type":"QuantitativeValue","minValue":"1","maxValue":"10"},"publishingPrinciples":"https:\/\/www.newsendip.com\/about-us\/","ownershipFundingInfo":"https:\/\/www.newsendip.com\/legal-notice\/","actionableFeedbackPolicy":"https:\/\/www.newsendip.com\/about-us\/","correctionsPolicy":"https:\/\/www.newsendip.com\/about-us\/","ethicsPolicy":"https:\/\/www.newsendip.com\/about-us\/","diversityPolicy":"https:\/\/www.newsendip.com\/about-us\/"},{"@type":"Person","@id":"https:\/\/www.newsendip.com\/fr\/#\/schema\/person\/ea22c01755f464a3cbc2c619584d6363","name":"Cl\u00e9ment V\u00e9rit\u00e9","description":"Cl\u00e9ment is the executive editor and founder of Newsendip. He started in the media industry as a freelance reporter at 16 for a local French newspaper after school and has never left it. He later worked for seven years at The New York Times, notably as a data analyst. He holds a Master of Management in France and a Master of Arts in the United Kingdom in International Marketing &amp; Communications Strategy. He has lived in France, the United Kingdom, and Italy.","sameAs":["https:\/\/www.newsendip.com\/","https:\/\/www.linkedin.com\/in\/clementverite\/","https:\/\/x.com\/https:\/\/twitter.com\/cverite"],"knowsAbout":["News","International","Business","Media monitoring"],"knowsLanguage":["English","French","Italian","Spanish"],"url":"https:\/\/www.newsendip.com\/fr\/author\/clement-verite\/"}]}},"_links":{"self":[{"href":"https:\/\/www.newsendip.com\/fr\/wp-json\/wp\/v2\/posts\/22904","targetHints":{"allow":["GET"]}}],"collection":[{"href":"https:\/\/www.newsendip.com\/fr\/wp-json\/wp\/v2\/posts"}],"about":[{"href":"https:\/\/www.newsendip.com\/fr\/wp-json\/wp\/v2\/types\/post"}],"author":[{"embeddable":true,"href":"https:\/\/www.newsendip.com\/fr\/wp-json\/wp\/v2\/users\/1"}],"replies":[{"embeddable":true,"href":"https:\/\/www.newsendip.com\/fr\/wp-json\/wp\/v2\/comments?post=22904"}],"version-history":[{"count":0,"href":"https:\/\/www.newsendip.com\/fr\/wp-json\/wp\/v2\/posts\/22904\/revisions"}],"wp:featuredmedia":[{"embeddable":true,"href":"https:\/\/www.newsendip.com\/fr\/wp-json\/wp\/v2\/media\/22915"}],"wp:attachment":[{"href":"https:\/\/www.newsendip.com\/fr\/wp-json\/wp\/v2\/media?parent=22904"}],"wp:term":[{"taxonomy":"category","embeddable":true,"href":"https:\/\/www.newsendip.com\/fr\/wp-json\/wp\/v2\/categories?post=22904"},{"taxonomy":"post_tag","embeddable":true,"href":"https:\/\/www.newsendip.com\/fr\/wp-json\/wp\/v2\/tags?post=22904"}],"curies":[{"name":"wp","href":"https:\/\/api.w.org\/{rel}","templated":true}]}}