{"id":22995,"date":"2022-12-01T16:58:00","date_gmt":"2022-12-01T15:58:00","guid":{"rendered":"https:\/\/www.newsendip.com\/?p=22995"},"modified":"2024-07-18T15:53:02","modified_gmt":"2024-07-18T13:53:02","slug":"le-premier-ministre-du-quebec-souhaite-accueillir-des-immigrants-economiques-uniquement-francophones-dici-2026","status":"publish","type":"post","link":"https:\/\/www.newsendip.com\/fr\/le-premier-ministre-du-quebec-souhaite-accueillir-des-immigrants-economiques-uniquement-francophones-dici-2026\/","title":{"rendered":"Le premier ministre du Qu\u00e9bec souhaite accueillir des immigrants \u00e9conomiques uniquement francophones d\u2019ici&nbsp;2026"},"content":{"rendered":"<p><strong>Le premier ministre nationaliste qu\u00e9b\u00e9cois Fran\u00e7ois Legault souhaite que la province canadienne n\u2019accueille \u00e0 l\u2019avenir que des immigrants \u00e9conomiques parlant fran\u00e7ais. Mais cette ambition est d\u00e9j\u00e0 att\u00e9nu\u00e9e par son ministre de l\u2019\u00c9conomie.<br>\n<\/strong><\/p>\n<figure id=\"attachment_23018\" aria-describedby=\"caption-attachment-23018\" style=\"width: 1024px\" class=\"wp-caption aligncenter\"><img decoding=\"async\" class=\"wp-image-23018 size-large\" src=\"https:\/\/www.newsendip.com\/wp-content\/uploads\/2022\/12\/quebec-prime-minister-francois-legault-1024x571.webp\" alt=\"Fran\u00e7ois Legault, le premier ministre de la province de Qu\u00e9bec\" width=\"1024\" height=\"571\" srcset=\"https:\/\/www.newsendip.com\/wp-content\/uploads\/2022\/12\/quebec-prime-minister-francois-legault-1024x571.webp 1024w, https:\/\/www.newsendip.com\/wp-content\/uploads\/2022\/12\/quebec-prime-minister-francois-legault-60x33.webp 60w, https:\/\/www.newsendip.com\/wp-content\/uploads\/2022\/12\/quebec-prime-minister-francois-legault-300x167.webp 300w, https:\/\/www.newsendip.com\/wp-content\/uploads\/2022\/12\/quebec-prime-minister-francois-legault-768x428.webp 768w, https:\/\/www.newsendip.com\/wp-content\/uploads\/2022\/12\/quebec-prime-minister-francois-legault.webp 1470w\" sizes=\"(max-width: 1024px) 100vw, 1024px\"><figcaption id=\"caption-attachment-23018\" class=\"wp-caption-text\">Fran\u00e7ois Legault, le premier ministre de la province de Qu\u00e9bec, lors du discours d\u2019inauguration de la 43e l\u00e9gislature.<\/figcaption><\/figure>\n<p>Le premier ministre du Qu\u00e9bec Fran\u00e7ois Legault a \u00e9mis le souhait que tous les immigrants \u00e9conomiques parlent fran\u00e7ais lorsqu\u2019ils sont s\u00e9lectionn\u00e9s pour venir travailler dans la province canadienne d\u2019ici&nbsp;2026.<\/p>\n<p>M. Legault a expos\u00e9 le 30 novembre ces objectifs pour son deuxi\u00e8me mandat de quatre ans en tant que premier ministre lors du <a href=\"https:\/\/www.youtube.com\/watch?v=VsxBnDDFJqA\">discours d\u2019inauguration de la 43\u00e8me l\u00e9gislature<\/a>. Le parti nationaliste Coalition Avenir Qu\u00e9bec a largement remport\u00e9 les \u00e9lections g\u00e9n\u00e9rales d\u2019octobre.<\/p>\n<p>Et l\u2019une de ses principales pr\u00e9occupations est le d\u00e9clin de la langue fran\u00e7aise au Qu\u00e9bec. \u00ab\u202f<em>Le d\u00e9clin de la langue fran\u00e7aise est une question existentielle pour le Qu\u00e9bec, au sens propre de l\u2019existence m\u00eame de notre Nation\u202f\u00bb<\/em>, a\u2011t-il affirm\u00e9.<\/p>\n<p>C\u2019est pourquoi M. Legault s\u2019est fix\u00e9 comme objectif que seuls des immigrants \u00e9conomiques francophones s\u2019installent au Qu\u00e9bec d\u2019ici 2026. Il a pr\u00e9cis\u00e9 que 80% des immigrants \u00e9conomiques parlaient fran\u00e7ais lors de son pr\u00e9c\u00e9dent mandat alors que les gouvernements pr\u00e9c\u00e9dents accueillaient 40 \u00e0 50% d\u2019immigrants \u00e9conomiques parlant fran\u00e7ais.<\/p>\n<p>Le Qu\u00e9bec est responsable de l\u2019octroi de visas pour environ 65% de l\u2019immigration de la province. Les autres demandes sont g\u00e9r\u00e9es par le gouvernement f\u00e9d\u00e9ral qui s\u2019occupe des demandes de r\u00e9fugi\u00e9s et de regroupement familial. Une telle politique ne s\u2019appliquerait donc qu\u2019aux demandeurs de r\u00e9sidence permanente pour des <a href=\"https:\/\/www.newsendip.com\/fr\/economie\/\">raisons \u00e9conomiques<\/a>, mais pas aux r\u00e9fugi\u00e9s ni aux visas de travail temporaires.<\/p>\n<p>L\u2019objectif de M. Legault est d\u2019arr\u00eater le d\u00e9clin du fran\u00e7ais, en particulier \u00e0 Montr\u00e9al, et de renverser cette&nbsp; tendance. Les personnes qui parlent principalement le fran\u00e7ais \u00e0 la maison au Qu\u00e9bec sont pass\u00e9es de 82,3\u202f% en 2001 \u00e0 77,5\u202f% en 2021, explique le premier ministre en citant des donn\u00e9es de <a href=\"https:\/\/www150.statcan.gc.ca\/t1\/tbl1\/fr\/tv.action?pid=9810016901&amp;pickMembers%5B0%5D=1.26&amp;pickMembers%5B1%5D=2.1&amp;pickMembers%5B2%5D=3.1&amp;pickMembers%5B3%5D=4.1&amp;pickMembers%5B4%5D=5.1&amp;request_locale=fr\">Statistique Canada<\/a>. Et sur l\u2019\u00eele de Montr\u00e9al, la r\u00e9gion la plus peupl\u00e9e de la province, la proportion est pass\u00e9e sous la barre des&nbsp;50%.<\/p>\n<p>Les critiques soutiennent que le premier ministre n\u2019a pas tenu compte des donn\u00e9es au travail pour justifier cette politique. Les personnes y parlent en effet davantage le fran\u00e7ais puisque 80\u202f% des travailleurs qu\u00e9b\u00e9cois utilisent principalement le fran\u00e7ais au travail, selon le <a href=\"https:\/\/www12.statcan.gc.ca\/census-recensement\/2021\/as-sa\/98-200-X\/2021010\/98-200-X2021010-eng.cfm\">recensement de 2021<\/a>, tandis que 14\u202f% utilisent principalement l\u2019anglais et 5\u202f% les deux de mani\u00e8re \u00e9gale.<\/p>\n<p>N\u00e9anmoins, la proportion de travailleurs qui utilisent principalement le fran\u00e7ais ou les deux langues au travail a l\u00e9g\u00e8rement diminu\u00e9 par rapport au recensement de 2016 (la comparaison exacte est rendue difficile en raison d\u2019un changement de m\u00e9thodologie qui a augment\u00e9 les r\u00e9ponses concernant l\u2019utilisation d\u2019une seule langue).<\/p>\n<p>Le fran\u00e7ais est moins dominant dans la r\u00e9gion m\u00e9tropolitaine de Montr\u00e9al, car il y a une importante minorit\u00e9 anglophone et des taux \u00e9lev\u00e9s de plurilinguisme. Soixante-dix pour cent des travailleurs utilisent en premier le fran\u00e7ais et 21\u202f% travaillent principalement en anglais, avec une tendance \u00e0 la baisse pour le fran\u00e7ais. Il y a vingt ans, en 2001, pr\u00e8s de 73\u202f% des travailleurs de Montr\u00e9al utilisaient principalement le fran\u00e7ais au travail.<\/p>\n<p>Mais en ce qui concerne la migration, environ 32% des personnes qui viennent s\u2019installer de fa\u00e7on permanente au Qu\u00e9bec d\u00e9clarent le fran\u00e7ais comme langue maternelle, un chiffre stable au cours de la derni\u00e8re d\u00e9cennie et en hausse par rapport aux 27% de 2001 \u00e0 2010, selon <a href=\"https:\/\/www150.statcan.gc.ca\/t1\/tbl1\/en\/tv.action?pid=9810030001&amp;pickMembers%5B0%5D=1.26&amp;pickMembers%5B1%5D=2.1&amp;pickMembers%5B2%5D=3.1&amp;pickMembers%5B3%5D=4.1&amp;pickMembers%5B4%5D=5.1\">Statistique Canada<\/a>.<\/p>\n<h2>Stopper le d\u00e9clin de la langue fran\u00e7aise au profit de l\u2019anglais&nbsp;: un objectif irr\u00e9aliste\u202f?<\/h2>\n<p>En 2021, le gouvernement qu\u00e9b\u00e9cois a adopt\u00e9 une loi controvers\u00e9e visant \u00e0 prot\u00e9ger la langue fran\u00e7aise.<\/p>\n<p>La <a href=\"https:\/\/www.newsendip.com\/fr\/le-quebec-veut-proteger-le-francais-du-declin-au-canada\/\">Loi 96<\/a> a inscrit dans la Constitution qu\u2019il n\u2019y a qu\u2019une seule langue officielle dans la province, a limit\u00e9 l\u2019enseignement anglophone dans le syst\u00e8me d\u2019enseignement sup\u00e9rieur qu\u00e9b\u00e9cois, introduit le droit d\u2019apprendre le fran\u00e7ais afin que les personnes, y compris les immigrants, puissent suivre des cours de fran\u00e7ais. Elle a \u00e9galement impos\u00e9 le fran\u00e7ais comme langue principale pour certaines entreprises et le fait que les services doivent \u00eatre fournis aux clients en fran\u00e7ais.<\/p>\n<p>Le gouvernement avait propos\u00e9 qu\u2019un client dans un magasin au Qu\u00e9bec avait le droit fondamental d\u2019\u00eatre servi exclusivement en fran\u00e7ais, \u00e0 l\u2019exception de la salutation mi-fran\u00e7aise mi-anglaise tol\u00e9r\u00e9e \u00ab\u202fBonjour-Hi\u202f\u00bb, avant de faire rapidement machine arri\u00e8re suite aux r\u00e9actions des r\u00e9sidents.<\/p>\n<p>La Loi 69 a \u00e9t\u00e9 critiqu\u00e9e par le secteur \u00e9conomique. Et le nouvel objectif fix\u00e9 par le premier ministre a d\u00e9j\u00e0 suscit\u00e9 des discussions parmi les membres du gouvernement.<\/p>\n<p>Le ministre de l\u2019\u00c9conomie Pierre Fitzgibbon a r\u00e9agi en disant qu\u2019il faudrait probablement pr\u00e9voir des exceptions. \u00ab\u202f<em>Ce serait le fun d\u2019avoir 100%, mais il faut \u00eatre r\u00e9aliste, il faut balancer \u00e7a avec les besoins\u202f\u00bb<\/em>, s\u2019est-il exprim\u00e9 mercredi avant un conseil des ministres. Il a donn\u00e9 l\u2019exemple d\u2019une entreprise cor\u00e9enne dans le secteur de l\u2019<a href=\"https:\/\/www.newsendip.com\/fr\/le-canada-defend-son-industrie-automobile-contre-les-credits-dimpot-americains-pour-les-vehicules-electriques\/\">industrie automobile \u00e9lectrique<\/a> qui aurait probablement besoin de l\u2019expertise de travailleurs cor\u00e9ens qui ne parlent pas fran\u00e7ais.<\/p>\n<p>Mais la ministre de l\u2019Immigration Christine Fr\u00e9chette a estim\u00e9 qu\u2019il n\u2019\u00e9tait pas encore temps de penser \u00e0 des exceptions sp\u00e9cifiques. \u00ab\u202f<em>Il y a plus de 320 millions de locuteurs francophones de par le monde. Je ne peux pas croire que dans ces 320 millions, ceux qui voudront immigrer, qu\u2019il n\u2019y en ait pas suffisamment qui correspondent aux besoins\u202f\u00bb<\/em>, a\u2011t-elle d\u00e9clar\u00e9.<\/p>\n<p>Mais elle a \u00e9galement ouvert la porte \u00e0 la possibilit\u00e9 de donner la priorit\u00e9 aux personnes provenant de pays francotropes ou aux migrants pour lesquels les transferts linguistiques vers le fran\u00e7ais seront plus faciles, si n\u00e9cessaire. En fran\u00e7ais qu\u00e9b\u00e9cois, les pays francotropes sont ceux qui ont des affinit\u00e9s avec la langue fran\u00e7aise. Ils n\u2019ont pas le fran\u00e7ais comme langue nationale ou officielle mais leur proximit\u00e9 historique, culturelle, linguistique ou g\u00e9ographique rend les personnes plus susceptibles d\u2019apprendre le fran\u00e7ais en seconde langue comme dans le Maghreb, en Italie, en Roumanie, au Vietnam, \u00e0 Madagascar, etc.<\/p>\n<p>Mme Fr\u00e9chette a indiqu\u00e9 que son minist\u00e8re d\u00e9butera \u00e0 d\u00e9battre du plan d\u2019immigration en&nbsp;2023.<\/p>\n<p>Justin Trudeau, le premier ministre f\u00e9d\u00e9ral du Canada, a annonc\u00e9 cette semaine que le Canada allait accueillir 500 000 migrants \u00e9conomiques par an au lieu de 400 000 pour combler le <a href=\"https:\/\/www.newsendip.com\/fr\/penurie-de-main-doeuvre-record-aux-pays-bas-plus-de-postes-vacants-que-de-sans-emplois\/\">manque de main-d\u2019\u0153uvre<\/a> dans le&nbsp;pays.<\/p>\n<p><em>\u00ab\u202fEst-ce que les francophones vont r\u00e9pondre \u00e0 notre demande\u202f?<\/em> s\u2019interroge Mme Fr\u00e9chette. <em>Est-ce qu\u2019il faudra viser des pays francotropes\u202f? C\u2019est ce qu\u2019on va voir \u00e0 l\u2019usage.<\/em>\u202f\u00bb<\/p>\n<p><a href=\"https:\/\/www.newsendip.com\/fr\/etiquette\/canada-fr\/\"><strong>D\u00e9couvrez plus d\u2019actualit\u00e9s sur le Canada<\/strong><\/a><\/p>\n","protected":false},"excerpt":{"rendered":"<p>Le premier ministre nationaliste qu\u00e9b\u00e9cois Fran\u00e7ois Legault souhaite que la province canadienne n\u2019accueille \u00e0 l\u2019avenir que des immigrants \u00e9conomiques parlant fran\u00e7ais. Mais cette ambition est d\u00e9j\u00e0 att\u00e9nu\u00e9e par son ministre de l\u2019\u00c9conomie.<\/p>\n","protected":false},"author":1,"featured_media":23018,"comment_status":"closed","ping_status":"open","sticky":false,"template":"","format":"standard","meta":{"wp_typography_post_enhancements_disabled":false,"footnotes":""},"categories":[414],"tags":[450,421],"class_list":["post-22995","post","type-post","status-publish","format-standard","has-post-thumbnail","hentry","category-economie","tag-canada-fr","tag-vieux"],"yoast_head":"<!-- This site is optimized with the Yoast SEO Premium plugin v27.4 (Yoast SEO v27.4) - https:\/\/yoast.com\/product\/yoast-seo-premium-wordpress\/ -->\n<title>Le premier ministre du Qu\u00e9bec souhaite accueillir des immigrants \u00e9conomiques uniquement francophones d&#039;ici 2026<\/title>\n<meta name=\"description\" content=\"Le premier ministre nationaliste qu\u00e9b\u00e9cois Fran\u00e7ois Legault souhaite que la province canadienne n&#039;accueille \u00e0 l&#039;avenir que des immigrants \u00e9conomiques parlant fran\u00e7ais. Mais cette ambition est d\u00e9j\u00e0 att\u00e9nu\u00e9e par son ministre de l&#039;\u00c9conomie.\" \/>\n<meta name=\"robots\" content=\"index, follow, max-snippet:-1, max-image-preview:large, max-video-preview:-1\" \/>\n<link rel=\"canonical\" href=\"https:\/\/www.newsendip.com\/fr\/le-premier-ministre-du-quebec-souhaite-accueillir-des-immigrants-economiques-uniquement-francophones-dici-2026\/\" \/>\n<meta property=\"og:locale\" content=\"fr_FR\" \/>\n<meta property=\"og:type\" content=\"article\" \/>\n<meta property=\"og:title\" content=\"Le premier ministre du Qu\u00e9bec souhaite accueillir des immigrants \u00e9conomiques uniquement francophones d&#039;ici 2026\" \/>\n<meta property=\"og:description\" content=\"Le premier ministre nationaliste qu\u00e9b\u00e9cois Fran\u00e7ois Legault souhaite que la province canadienne n&#039;accueille \u00e0 l&#039;avenir que des immigrants \u00e9conomiques parlant fran\u00e7ais. Mais cette ambition est d\u00e9j\u00e0 att\u00e9nu\u00e9e par son ministre de l&#039;\u00c9conomie.\" \/>\n<meta property=\"og:url\" content=\"https:\/\/www.newsendip.com\/fr\/le-premier-ministre-du-quebec-souhaite-accueillir-des-immigrants-economiques-uniquement-francophones-dici-2026\/\" \/>\n<meta property=\"og:site_name\" content=\"Newsendip\" \/>\n<meta property=\"article:publisher\" content=\"https:\/\/www.facebook.com\/newsendip\" \/>\n<meta property=\"article:published_time\" content=\"2022-12-01T15:58:00+00:00\" \/>\n<meta property=\"article:modified_time\" content=\"2024-07-18T13:53:02+00:00\" \/>\n<meta property=\"og:image\" content=\"https:\/\/www.newsendip.com\/wp-content\/uploads\/2022\/12\/quebec-prime-minister-francois-legault-min.jpeg\" \/>\n\t<meta property=\"og:image:width\" content=\"1470\" \/>\n\t<meta property=\"og:image:height\" content=\"820\" \/>\n\t<meta property=\"og:image:type\" content=\"image\/jpeg\" \/>\n<meta name=\"author\" content=\"Cl\u00e9ment V\u00e9rit\u00e9\" \/>\n<meta name=\"twitter:card\" content=\"summary_large_image\" \/>\n<meta name=\"twitter:image\" content=\"https:\/\/www.newsendip.com\/wp-content\/uploads\/2022\/12\/quebec-prime-minister-francois-legault-min.jpeg\" \/>\n<meta name=\"twitter:creator\" content=\"@https:\/\/twitter.com\/cverite\" \/>\n<meta name=\"twitter:site\" content=\"@newsendip\" \/>\n<meta name=\"twitter:label1\" content=\"\u00c9crit par\" \/>\n\t<meta name=\"twitter:data1\" content=\"Cl\u00e9ment V\u00e9rit\u00e9\" \/>\n\t<meta name=\"twitter:label2\" content=\"Dur\u00e9e de lecture estim\u00e9e\" \/>\n\t<meta name=\"twitter:data2\" content=\"6 minutes\" \/>\n<!-- \/ Yoast SEO Premium plugin. -->","yoast_head_json":{"title":"Le premier ministre du Qu\u00e9bec souhaite accueillir des immigrants \u00e9conomiques uniquement francophones d'ici 2026","description":"Le premier ministre nationaliste qu\u00e9b\u00e9cois Fran\u00e7ois Legault souhaite que la province canadienne n'accueille \u00e0 l'avenir que des immigrants \u00e9conomiques parlant fran\u00e7ais. Mais cette ambition est d\u00e9j\u00e0 att\u00e9nu\u00e9e par son ministre de l'\u00c9conomie.","robots":{"index":"index","follow":"follow","max-snippet":"max-snippet:-1","max-image-preview":"max-image-preview:large","max-video-preview":"max-video-preview:-1"},"canonical":"https:\/\/www.newsendip.com\/fr\/le-premier-ministre-du-quebec-souhaite-accueillir-des-immigrants-economiques-uniquement-francophones-dici-2026\/","og_locale":"fr_FR","og_type":"article","og_title":"Le premier ministre du Qu\u00e9bec souhaite accueillir des immigrants \u00e9conomiques uniquement francophones d'ici 2026","og_description":"Le premier ministre nationaliste qu\u00e9b\u00e9cois Fran\u00e7ois Legault souhaite que la province canadienne n'accueille \u00e0 l'avenir que des immigrants \u00e9conomiques parlant fran\u00e7ais. Mais cette ambition est d\u00e9j\u00e0 att\u00e9nu\u00e9e par son ministre de l'\u00c9conomie.","og_url":"https:\/\/www.newsendip.com\/fr\/le-premier-ministre-du-quebec-souhaite-accueillir-des-immigrants-economiques-uniquement-francophones-dici-2026\/","og_site_name":"Newsendip","article_publisher":"https:\/\/www.facebook.com\/newsendip","article_published_time":"2022-12-01T15:58:00+00:00","article_modified_time":"2024-07-18T13:53:02+00:00","og_image":[{"width":1470,"height":820,"url":"https:\/\/www.newsendip.com\/wp-content\/uploads\/2022\/12\/quebec-prime-minister-francois-legault-min.jpeg","type":"image\/jpeg"}],"author":"Cl\u00e9ment V\u00e9rit\u00e9","twitter_card":"summary_large_image","twitter_image":"https:\/\/www.newsendip.com\/wp-content\/uploads\/2022\/12\/quebec-prime-minister-francois-legault-min.jpeg","twitter_creator":"@https:\/\/twitter.com\/cverite","twitter_site":"@newsendip","twitter_misc":{"\u00c9crit par":"Cl\u00e9ment V\u00e9rit\u00e9","Dur\u00e9e de lecture estim\u00e9e":"6 minutes"},"schema":{"@context":"https:\/\/schema.org","@graph":[{"@type":"NewsArticle","@id":"https:\/\/www.newsendip.com\/fr\/le-premier-ministre-du-quebec-souhaite-accueillir-des-immigrants-economiques-uniquement-francophones-dici-2026\/#article","isPartOf":{"@id":"https:\/\/www.newsendip.com\/fr\/le-premier-ministre-du-quebec-souhaite-accueillir-des-immigrants-economiques-uniquement-francophones-dici-2026\/"},"author":{"name":"Cl\u00e9ment V\u00e9rit\u00e9","@id":"https:\/\/www.newsendip.com\/fr\/#\/schema\/person\/ea22c01755f464a3cbc2c619584d6363"},"headline":"Le premier ministre du Qu\u00e9bec souhaite accueillir des immigrants \u00e9conomiques uniquement francophones d\u2019ici&nbsp;2026","datePublished":"2022-12-01T15:58:00+00:00","dateModified":"2024-07-18T13:53:02+00:00","mainEntityOfPage":{"@id":"https:\/\/www.newsendip.com\/fr\/le-premier-ministre-du-quebec-souhaite-accueillir-des-immigrants-economiques-uniquement-francophones-dici-2026\/"},"wordCount":1219,"publisher":{"@id":"https:\/\/www.newsendip.com\/fr\/#organization"},"image":{"@id":"https:\/\/www.newsendip.com\/fr\/le-premier-ministre-du-quebec-souhaite-accueillir-des-immigrants-economiques-uniquement-francophones-dici-2026\/#primaryimage"},"thumbnailUrl":"https:\/\/www.newsendip.com\/wp-content\/uploads\/2022\/12\/quebec-prime-minister-francois-legault.webp","keywords":["Canada","Vieux"],"articleSection":["\u00c9conomie"],"inLanguage":"fr-FR","copyrightYear":"2022","copyrightHolder":{"@id":"https:\/\/www.newsendip.com\/#organization"}},{"@type":"WebPage","@id":"https:\/\/www.newsendip.com\/fr\/le-premier-ministre-du-quebec-souhaite-accueillir-des-immigrants-economiques-uniquement-francophones-dici-2026\/","url":"https:\/\/www.newsendip.com\/fr\/le-premier-ministre-du-quebec-souhaite-accueillir-des-immigrants-economiques-uniquement-francophones-dici-2026\/","name":"Le premier ministre du Qu\u00e9bec souhaite accueillir des immigrants \u00e9conomiques uniquement francophones d'ici 2026","isPartOf":{"@id":"https:\/\/www.newsendip.com\/fr\/#website"},"primaryImageOfPage":{"@id":"https:\/\/www.newsendip.com\/fr\/le-premier-ministre-du-quebec-souhaite-accueillir-des-immigrants-economiques-uniquement-francophones-dici-2026\/#primaryimage"},"image":{"@id":"https:\/\/www.newsendip.com\/fr\/le-premier-ministre-du-quebec-souhaite-accueillir-des-immigrants-economiques-uniquement-francophones-dici-2026\/#primaryimage"},"thumbnailUrl":"https:\/\/www.newsendip.com\/wp-content\/uploads\/2022\/12\/quebec-prime-minister-francois-legault.webp","datePublished":"2022-12-01T15:58:00+00:00","dateModified":"2024-07-18T13:53:02+00:00","description":"Le premier ministre nationaliste qu\u00e9b\u00e9cois Fran\u00e7ois Legault souhaite que la province canadienne n'accueille \u00e0 l'avenir que des immigrants \u00e9conomiques parlant fran\u00e7ais. Mais cette ambition est d\u00e9j\u00e0 att\u00e9nu\u00e9e par son ministre de l'\u00c9conomie.","breadcrumb":{"@id":"https:\/\/www.newsendip.com\/fr\/le-premier-ministre-du-quebec-souhaite-accueillir-des-immigrants-economiques-uniquement-francophones-dici-2026\/#breadcrumb"},"inLanguage":"fr-FR","potentialAction":[{"@type":"ReadAction","target":["https:\/\/www.newsendip.com\/fr\/le-premier-ministre-du-quebec-souhaite-accueillir-des-immigrants-economiques-uniquement-francophones-dici-2026\/"]}]},{"@type":"ImageObject","inLanguage":"fr-FR","@id":"https:\/\/www.newsendip.com\/fr\/le-premier-ministre-du-quebec-souhaite-accueillir-des-immigrants-economiques-uniquement-francophones-dici-2026\/#primaryimage","url":"https:\/\/www.newsendip.com\/wp-content\/uploads\/2022\/12\/quebec-prime-minister-francois-legault.webp","contentUrl":"https:\/\/www.newsendip.com\/wp-content\/uploads\/2022\/12\/quebec-prime-minister-francois-legault.webp","width":1470,"height":820,"caption":"Fran\u00e7ois Legault, le premier ministre de la province de Qu\u00e9bec, lors du discours d'inauguration de la 43e l\u00e9gislature."},{"@type":"BreadcrumbList","@id":"https:\/\/www.newsendip.com\/fr\/le-premier-ministre-du-quebec-souhaite-accueillir-des-immigrants-economiques-uniquement-francophones-dici-2026\/#breadcrumb","itemListElement":[{"@type":"ListItem","position":1,"name":"Accueil","item":"https:\/\/www.newsendip.com\/fr\/"},{"@type":"ListItem","position":2,"name":"Le premier ministre du Qu\u00e9bec souhaite accueillir des immigrants \u00e9conomiques uniquement francophones d&#8217;ici 2026"}]},{"@type":"WebSite","@id":"https:\/\/www.newsendip.com\/fr\/#website","url":"https:\/\/www.newsendip.com\/fr\/","name":"Newsendip","description":"Red\u00e9couvrez l&#039;actualit\u00e9 internationale","publisher":{"@id":"https:\/\/www.newsendip.com\/fr\/#organization"},"potentialAction":[{"@type":"SearchAction","target":{"@type":"EntryPoint","urlTemplate":"https:\/\/www.newsendip.com\/fr\/?s={search_term_string}"},"query-input":{"@type":"PropertyValueSpecification","valueRequired":true,"valueName":"search_term_string"}}],"inLanguage":"fr-FR"},{"@type":"Organization","@id":"https:\/\/www.newsendip.com\/fr\/#organization","name":"Newsendip","url":"https:\/\/www.newsendip.com\/fr\/","logo":{"@type":"ImageObject","inLanguage":"fr-FR","@id":"https:\/\/www.newsendip.com\/fr\/#\/schema\/logo\/image\/","url":"https:\/\/www.newsendip.com\/wp-content\/uploads\/2023\/12\/512x512.svg","contentUrl":"https:\/\/www.newsendip.com\/wp-content\/uploads\/2023\/12\/512x512.svg","width":1,"height":1,"caption":"Newsendip"},"image":{"@id":"https:\/\/www.newsendip.com\/fr\/#\/schema\/logo\/image\/"},"sameAs":["https:\/\/www.facebook.com\/newsendip","https:\/\/x.com\/newsendip","https:\/\/mastodon.social\/@newsendip","https:\/\/www.linkedin.com\/company\/newsendip"],"description":"Newsendip est un site qui a pour mission de rendre l'actualit\u00e9 internationale accessible et diversifi\u00e9e","email":"contact@newsendip.com","legalName":"Newsendip SAS","foundingDate":"2022-11-04","vatID":"FR60921124723","numberOfEmployees":{"@type":"QuantitativeValue","minValue":"1","maxValue":"10"},"publishingPrinciples":"https:\/\/www.newsendip.com\/about-us\/","ownershipFundingInfo":"https:\/\/www.newsendip.com\/legal-notice\/","actionableFeedbackPolicy":"https:\/\/www.newsendip.com\/about-us\/","correctionsPolicy":"https:\/\/www.newsendip.com\/about-us\/","ethicsPolicy":"https:\/\/www.newsendip.com\/about-us\/","diversityPolicy":"https:\/\/www.newsendip.com\/about-us\/"},{"@type":"Person","@id":"https:\/\/www.newsendip.com\/fr\/#\/schema\/person\/ea22c01755f464a3cbc2c619584d6363","name":"Cl\u00e9ment V\u00e9rit\u00e9","description":"Cl\u00e9ment is the executive editor and founder of Newsendip. He started in the media industry as a freelance reporter at 16 for a local French newspaper after school and has never left it. He later worked for seven years at The New York Times, notably as a data analyst. He holds a Master of Management in France and a Master of Arts in the United Kingdom in International Marketing &amp; Communications Strategy. He has lived in France, the United Kingdom, and Italy.","sameAs":["https:\/\/www.newsendip.com\/","https:\/\/www.linkedin.com\/in\/clementverite\/","https:\/\/x.com\/https:\/\/twitter.com\/cverite"],"knowsAbout":["News","International","Business","Media monitoring"],"knowsLanguage":["English","French","Italian","Spanish"],"url":"https:\/\/www.newsendip.com\/fr\/author\/clement-verite\/"}]}},"_links":{"self":[{"href":"https:\/\/www.newsendip.com\/fr\/wp-json\/wp\/v2\/posts\/22995","targetHints":{"allow":["GET"]}}],"collection":[{"href":"https:\/\/www.newsendip.com\/fr\/wp-json\/wp\/v2\/posts"}],"about":[{"href":"https:\/\/www.newsendip.com\/fr\/wp-json\/wp\/v2\/types\/post"}],"author":[{"embeddable":true,"href":"https:\/\/www.newsendip.com\/fr\/wp-json\/wp\/v2\/users\/1"}],"replies":[{"embeddable":true,"href":"https:\/\/www.newsendip.com\/fr\/wp-json\/wp\/v2\/comments?post=22995"}],"version-history":[{"count":0,"href":"https:\/\/www.newsendip.com\/fr\/wp-json\/wp\/v2\/posts\/22995\/revisions"}],"wp:featuredmedia":[{"embeddable":true,"href":"https:\/\/www.newsendip.com\/fr\/wp-json\/wp\/v2\/media\/23018"}],"wp:attachment":[{"href":"https:\/\/www.newsendip.com\/fr\/wp-json\/wp\/v2\/media?parent=22995"}],"wp:term":[{"taxonomy":"category","embeddable":true,"href":"https:\/\/www.newsendip.com\/fr\/wp-json\/wp\/v2\/categories?post=22995"},{"taxonomy":"post_tag","embeddable":true,"href":"https:\/\/www.newsendip.com\/fr\/wp-json\/wp\/v2\/tags?post=22995"}],"curies":[{"name":"wp","href":"https:\/\/api.w.org\/{rel}","templated":true}]}}