{"id":23083,"date":"2022-12-20T19:36:58","date_gmt":"2022-12-20T18:36:58","guid":{"rendered":"https:\/\/www.newsendip.com\/?p=23083"},"modified":"2024-07-18T15:52:55","modified_gmt":"2024-07-18T13:52:55","slug":"la-coree-du-sud-publie-une-liste-des-entreprises-qui-ne-respectent-pas-les-quotas-de-travailleurs-handicapes-prada-nen-a-pas-embauche-en-10-ans","status":"publish","type":"post","link":"https:\/\/www.newsendip.com\/fr\/la-coree-du-sud-publie-une-liste-des-entreprises-qui-ne-respectent-pas-les-quotas-de-travailleurs-handicapes-prada-nen-a-pas-embauche-en-10-ans\/","title":{"rendered":"En Cor\u00e9e du Sud, Prada n\u2019a employ\u00e9 aucun travailleur handicap\u00e9 en 10&nbsp;ans"},"content":{"rendered":"<p><strong>Chaque ann\u00e9e, le minist\u00e8re sud-cor\u00e9en du travail publie une liste des entreprises qui ne respectent pas les exigences l\u00e9gales sur le nombre de personnes employ\u00e9es pr\u00e9sentant un handicap. Les entreprises internationales n\u2019y sont pas absentes. Trois des cinq plus grandes entreprises ayant le plus faible taux d\u2019emploi de personnes handicap\u00e9es sont des entreprises \u00e9trang\u00e8res. Zara est la plus grande entreprise op\u00e9rant en Cor\u00e9e sans aucun travailleur handicap\u00e9, Prada n\u2019a pas embauch\u00e9 une seule personne handicap\u00e9e en 10&nbsp;ans.<br>\n<\/strong><\/p>\n<figure id=\"attachment_23090\" aria-describedby=\"caption-attachment-23090\" style=\"width: 1024px\" class=\"wp-caption aligncenter\"><img decoding=\"async\" class=\"wp-image-23090 size-large\" src=\"https:\/\/www.newsendip.com\/wp-content\/uploads\/2022\/12\/street-south-korea-1024x683.webp\" alt=\"Une rue en Cor\u00e9e du Sud\" width=\"1024\" height=\"683\" srcset=\"https:\/\/www.newsendip.com\/wp-content\/uploads\/2022\/12\/street-south-korea-1024x683.webp 1024w, https:\/\/www.newsendip.com\/wp-content\/uploads\/2022\/12\/street-south-korea-60x40.webp 60w, https:\/\/www.newsendip.com\/wp-content\/uploads\/2022\/12\/street-south-korea-720x480.webp 720w, https:\/\/www.newsendip.com\/wp-content\/uploads\/2022\/12\/street-south-korea-300x200.webp 300w, https:\/\/www.newsendip.com\/wp-content\/uploads\/2022\/12\/street-south-korea-768x512.webp 768w, https:\/\/www.newsendip.com\/wp-content\/uploads\/2022\/12\/street-south-korea-1536x1024.webp 1536w, https:\/\/www.newsendip.com\/wp-content\/uploads\/2022\/12\/street-south-korea.webp 1920w\" sizes=\"(max-width: 1024px) 100vw, 1024px\"><figcaption id=\"caption-attachment-23090\" class=\"wp-caption-text\">Une rue en Cor\u00e9e du Sud | \u00a9 shawnanggg, 2018<\/figcaption><\/figure>\n<p>Le minist\u00e8re de l\u2019emploi et du travail de Cor\u00e9e du Sud a publi\u00e9 le 20 d\u00e9cembre sa liste annuelle des entreprises de plus de 300 salari\u00e9s qui ne recrutent pas de travailleurs handicap\u00e9s ou qui ne mettent pas en \u0153uvre de proc\u00e9dures dans ce&nbsp;sens.<\/p>\n<p>Au total, 436 organisations op\u00e9rant en Cor\u00e9e du Sud ont \u00e9t\u00e9 plac\u00e9es sur la liste cette ann\u00e9e, soit 79 entreprises de moins que l\u2019ann\u00e9e derni\u00e8re, parce qu\u2019elles \u00ab\u202f<em>n\u2019ont pas fait d\u2019efforts pour embaucher des personnes handicap\u00e9es, malgr\u00e9 leur taux d\u2019emploi significativement faible\u202f\u00bb<\/em>, <a href=\"https:\/\/www.moel.go.kr\/news\/enews\/report\/enewsView.do?news_seq=14404\">selon le minist\u00e8re<\/a>.<\/p>\n<p>Selon la loi sud-cor\u00e9enne, les organismes publics doivent compter plus de 3,4\u202f% d\u2019employ\u00e9s handicap\u00e9s. Le seuil pour les entreprises priv\u00e9es de plus de 50 employ\u00e9s est de 3,1\u202f% de leur effectif. La politique de quotas en entreprises pour des personnes pr\u00e9sentant un handicap est en place depuis 1990 dans le&nbsp;pays.<\/p>\n<p>Selon l\u2019<a href=\"https:\/\/www.kead.or.kr\/english\/home\/sub.do?menukey=2403&amp;mode=view&amp;no=1000056893\">Agence cor\u00e9enne pour l\u2019emploi des personnes handicap\u00e9es<\/a>, environ 5\u202f% de la population cor\u00e9enne (2,6 millions de personnes) est consid\u00e9r\u00e9e comme handicap\u00e9e et 32\u202f% de la population active handicap\u00e9e mais capable de travailler n\u2019avait pas d\u2019emploi en 2021. Environ 29 000 entreprises comptant 50 employ\u00e9s \u00e0 temps plein ou plus sont soumises \u00e0 un quota et, malgr\u00e9 des aides gouvernementales, seules 44\u202f% d\u2019entre elles ont rempli leurs obligations en 2021. Le <em><a href=\"https:\/\/www.koreaherald.com\/view.php?ud=20150419000165&amp;np=973&amp;mp=98\">Korea Herald<\/a><\/em> rapportait en 2015 que plus les entreprises avaient d\u2019employ\u00e9s, plus elles \u00e9taient susceptibles de pr\u00e9f\u00e9rer payer une amende.<\/p>\n<p>Pourtant, afin d\u2019accentuer la pression publique sur les organisations pour qu\u2019elles deviennent un lieu de travail plus inclusif, le gouvernement publie chaque ann\u00e9e la liste des soci\u00e9t\u00e9s de plus de 300 employ\u00e9s qui n\u2019atteignent pas 80\u202f% de l\u2019exigence pour les entit\u00e9s publiques (2,72\u202f%) et 50\u202f% pour les entreprises priv\u00e9es (1,55\u202f%).<\/p>\n<p>Les autorit\u00e9s leur notifient \u00e9galement en avril qu\u2019elles ne remplissent pas leurs obligations et leur donnent six mois pour s\u2019am\u00e9liorer par le biais de formations, de tables rondes pour r\u00e9soudre des probl\u00e8mes ou de mesures visant \u00e0 rendre l\u2019entreprise capable d\u2019embaucher des personnes handicap\u00e9es.<\/p>\n<p>La plupart figurant sur la liste sont des entreprises priv\u00e9es sud-cor\u00e9ennes, m\u00eame si 17 organismes publics n\u2019ont pas non plus fait assez d\u2019efforts pour diversifier leur recrutement. L\u2019industrie manufacturi\u00e8re est la plus repr\u00e9sent\u00e9e dans la&nbsp;liste.<\/p>\n<p>Mais quelques entreprises de la liste sont \u00e9galement des entreprises internationales reconnues comme Nike, le groupe de luxe Richemont, Zara, Citibank, le distributeur Costco. Pourtant, ces entreprises emploient plus de 1 000 personnes \u00e0 temps plein en Cor\u00e9e. Zara, Nike et Richemont repr\u00e9sentent m\u00eame trois des cinq entreprises de plus de 1 000 salari\u00e9s ayant le taux d\u2019emploi de personnes handicap\u00e9es le plus faible du pays, selon le classement du minist\u00e8re.<\/p>\n<p>Les branches cor\u00e9ennes de Zara, Tesla, Swarovski, Herm\u00e8s, la soci\u00e9t\u00e9 pharmaceutique suisse Roche et Ferragamo ne comptent pas un seul employ\u00e9 handicap\u00e9.<\/p>\n<p>Prada Cor\u00e9e, la multinationale japonaise d\u2019ing\u00e9nierie \u00e9lectrique Yokogawa et Elco Ink, la branche cor\u00e9enne des entreprises du groupe Est\u00e9e Lauder pour la vente dans les lieux de transport comme les a\u00e9roports, font m\u00eame partie des onze entreprises qui n\u2019ont pas embauch\u00e9 un seul travailleur handicap\u00e9 en dix&nbsp;ans.<\/p>\n<p>Nike, qui emploie 1 194 personnes en Cor\u00e9e, dont 37 charg\u00e9es de recrutement, ne compte que 3 personnes handicap\u00e9es dans ses effectifs. De m\u00eame, le groupe Richemont, qui emploie 1 139 personnes, ne compte que 3 personnes handicap\u00e9es dans ses effectifs mais a de surcro\u00eet manqu\u00e9 \u00e0 ses obligations en mati\u00e8re d\u2019emploi de personnes handicap\u00e9es pendant 10 ann\u00e9es cons\u00e9cutives.<\/p>\n<p>Parmi les entreprises employant entre 500 et 999 personnes qui ne respectent pas les quotas l\u00e9gaux figurent la soci\u00e9t\u00e9 am\u00e9ricaine Abbott, Prada, les assurances MetLife, Philip Morris, HSBC, Novartis, Ericsson et Oracle.<\/p>\n<p>Dans une liste de plus petites entreprises internationales, entre 300 et 499 employ\u00e9s, on y trouve \u00e9galement Tesla, Swarovski, Herm\u00e8s, Yokogawa, Roche, Ferragamo, Balenciaga, AstraZeneca, Philips, Cisco Systems, la soci\u00e9t\u00e9 de marketing britannique Kantar, l\u2019entreprise su\u00e9do-suisse ABB, l\u2019\u00e9quipementier automobile fran\u00e7ais Faurecia, les entreprises chimiques Henkel et Linde, Sanofi, Dell, le conglom\u00e9rat industriel am\u00e9ricain Honeywell.<\/p>\n<p><a href=\"https:\/\/www.newsendip.com\/fr\/etiquette\/coree-sud\/\"><strong>D\u00e9couvrez plus d\u2019actualit\u00e9s sur la Cor\u00e9e du&nbsp;Sud<\/strong><\/a><\/p>\n","protected":false},"excerpt":{"rendered":"<p>Chaque ann\u00e9e, le minist\u00e8re sud-cor\u00e9en du travail publie une liste des entreprises qui ne respectent pas les exigences l\u00e9gales sur le nombre de personnes employ\u00e9es pr\u00e9sentant un handicap. Les entreprises internationales n\u2019y sont pas absentes. Trois des cinq plus grandes entreprises ayant le plus faible taux d\u2019emploi de personnes handicap\u00e9es sont des entreprises \u00e9trang\u00e8res. Zara est la plus grande entreprise op\u00e9rant en Cor\u00e9e sans aucun travailleur handicap\u00e9, Prada n\u2019a pas embauch\u00e9 une seule personne handicap\u00e9e en 10&nbsp;ans.<\/p>\n","protected":false},"author":1,"featured_media":23090,"comment_status":"closed","ping_status":"open","sticky":false,"template":"","format":"standard","meta":{"wp_typography_post_enhancements_disabled":false,"footnotes":""},"categories":[414],"tags":[511,421],"class_list":["post-23083","post","type-post","status-publish","format-standard","has-post-thumbnail","hentry","category-economie","tag-coree-sud","tag-vieux"],"yoast_head":"<!-- This site is optimized with the Yoast SEO Premium plugin v27.4 (Yoast SEO v27.4) - https:\/\/yoast.com\/product\/yoast-seo-premium-wordpress\/ -->\n<title>En Cor\u00e9e du Sud, Prada n&#039;a employ\u00e9 aucun travailleur handicap\u00e9 en 10 ans<\/title>\n<meta name=\"description\" content=\"Chaque ann\u00e9e, le minist\u00e8re sud-cor\u00e9en du travail publie une liste des entreprises qui ne respectent pas les exigences l\u00e9gales sur le nombre de personnes employ\u00e9es pr\u00e9sentant un handicap. Les entreprises internationales n&#039;y sont pas absentes. Trois des cinq plus grandes entreprises ayant le plus faible taux d&#039;emploi de personnes handicap\u00e9es sont des entreprises \u00e9trang\u00e8res. Zara est la plus grande entreprise op\u00e9rant en Cor\u00e9e sans aucun travailleur handicap\u00e9, Prada n&#039;a pas embauch\u00e9 une seule personne handicap\u00e9e en 10 ans.\" \/>\n<meta name=\"robots\" content=\"index, follow, max-snippet:-1, max-image-preview:large, max-video-preview:-1\" \/>\n<link rel=\"canonical\" href=\"https:\/\/www.newsendip.com\/fr\/la-coree-du-sud-publie-une-liste-des-entreprises-qui-ne-respectent-pas-les-quotas-de-travailleurs-handicapes-prada-nen-a-pas-embauche-en-10-ans\/\" \/>\n<meta property=\"og:locale\" content=\"fr_FR\" \/>\n<meta property=\"og:type\" content=\"article\" \/>\n<meta property=\"og:title\" content=\"En Cor\u00e9e du Sud, Prada n&#039;a employ\u00e9 aucun travailleur handicap\u00e9 en 10 ans\" \/>\n<meta property=\"og:description\" content=\"Chaque ann\u00e9e, le minist\u00e8re sud-cor\u00e9en du travail publie une liste des entreprises qui ne respectent pas les exigences l\u00e9gales sur le nombre de personnes employ\u00e9es pr\u00e9sentant un handicap. Les entreprises internationales n&#039;y sont pas absentes. Trois des cinq plus grandes entreprises ayant le plus faible taux d&#039;emploi de personnes handicap\u00e9es sont des entreprises \u00e9trang\u00e8res. Zara est la plus grande entreprise op\u00e9rant en Cor\u00e9e sans aucun travailleur handicap\u00e9, Prada n&#039;a pas embauch\u00e9 une seule personne handicap\u00e9e en 10 ans.\" \/>\n<meta property=\"og:url\" content=\"https:\/\/www.newsendip.com\/fr\/la-coree-du-sud-publie-une-liste-des-entreprises-qui-ne-respectent-pas-les-quotas-de-travailleurs-handicapes-prada-nen-a-pas-embauche-en-10-ans\/\" \/>\n<meta property=\"og:site_name\" content=\"Newsendip\" \/>\n<meta property=\"article:publisher\" content=\"https:\/\/www.facebook.com\/newsendip\" \/>\n<meta property=\"article:published_time\" content=\"2022-12-20T18:36:58+00:00\" \/>\n<meta property=\"article:modified_time\" content=\"2024-07-18T13:52:55+00:00\" \/>\n<meta property=\"og:image\" content=\"https:\/\/www.newsendip.com\/wp-content\/uploads\/2022\/12\/street-south-korea-small-min.jpeg\" \/>\n\t<meta property=\"og:image:width\" content=\"640\" \/>\n\t<meta property=\"og:image:height\" content=\"427\" \/>\n\t<meta property=\"og:image:type\" content=\"image\/jpeg\" \/>\n<meta name=\"author\" content=\"Cl\u00e9ment V\u00e9rit\u00e9\" \/>\n<meta name=\"twitter:card\" content=\"summary_large_image\" \/>\n<meta name=\"twitter:image\" content=\"https:\/\/www.newsendip.com\/wp-content\/uploads\/2022\/12\/street-south-korea-small-min.jpeg\" \/>\n<meta name=\"twitter:creator\" content=\"@https:\/\/twitter.com\/cverite\" \/>\n<meta name=\"twitter:site\" content=\"@newsendip\" \/>\n<meta name=\"twitter:label1\" content=\"\u00c9crit par\" \/>\n\t<meta name=\"twitter:data1\" content=\"Cl\u00e9ment V\u00e9rit\u00e9\" \/>\n\t<meta name=\"twitter:label2\" content=\"Dur\u00e9e de lecture estim\u00e9e\" \/>\n\t<meta name=\"twitter:data2\" content=\"4 minutes\" \/>\n<!-- \/ Yoast SEO Premium plugin. -->","yoast_head_json":{"title":"En Cor\u00e9e du Sud, Prada n'a employ\u00e9 aucun travailleur handicap\u00e9 en 10 ans","description":"Chaque ann\u00e9e, le minist\u00e8re sud-cor\u00e9en du travail publie une liste des entreprises qui ne respectent pas les exigences l\u00e9gales sur le nombre de personnes employ\u00e9es pr\u00e9sentant un handicap. Les entreprises internationales n'y sont pas absentes. Trois des cinq plus grandes entreprises ayant le plus faible taux d'emploi de personnes handicap\u00e9es sont des entreprises \u00e9trang\u00e8res. Zara est la plus grande entreprise op\u00e9rant en Cor\u00e9e sans aucun travailleur handicap\u00e9, Prada n'a pas embauch\u00e9 une seule personne handicap\u00e9e en 10 ans.","robots":{"index":"index","follow":"follow","max-snippet":"max-snippet:-1","max-image-preview":"max-image-preview:large","max-video-preview":"max-video-preview:-1"},"canonical":"https:\/\/www.newsendip.com\/fr\/la-coree-du-sud-publie-une-liste-des-entreprises-qui-ne-respectent-pas-les-quotas-de-travailleurs-handicapes-prada-nen-a-pas-embauche-en-10-ans\/","og_locale":"fr_FR","og_type":"article","og_title":"En Cor\u00e9e du Sud, Prada n'a employ\u00e9 aucun travailleur handicap\u00e9 en 10 ans","og_description":"Chaque ann\u00e9e, le minist\u00e8re sud-cor\u00e9en du travail publie une liste des entreprises qui ne respectent pas les exigences l\u00e9gales sur le nombre de personnes employ\u00e9es pr\u00e9sentant un handicap. Les entreprises internationales n'y sont pas absentes. Trois des cinq plus grandes entreprises ayant le plus faible taux d'emploi de personnes handicap\u00e9es sont des entreprises \u00e9trang\u00e8res. Zara est la plus grande entreprise op\u00e9rant en Cor\u00e9e sans aucun travailleur handicap\u00e9, Prada n'a pas embauch\u00e9 une seule personne handicap\u00e9e en 10 ans.","og_url":"https:\/\/www.newsendip.com\/fr\/la-coree-du-sud-publie-une-liste-des-entreprises-qui-ne-respectent-pas-les-quotas-de-travailleurs-handicapes-prada-nen-a-pas-embauche-en-10-ans\/","og_site_name":"Newsendip","article_publisher":"https:\/\/www.facebook.com\/newsendip","article_published_time":"2022-12-20T18:36:58+00:00","article_modified_time":"2024-07-18T13:52:55+00:00","og_image":[{"width":640,"height":427,"url":"https:\/\/www.newsendip.com\/wp-content\/uploads\/2022\/12\/street-south-korea-small-min.jpeg","type":"image\/jpeg"}],"author":"Cl\u00e9ment V\u00e9rit\u00e9","twitter_card":"summary_large_image","twitter_image":"https:\/\/www.newsendip.com\/wp-content\/uploads\/2022\/12\/street-south-korea-small-min.jpeg","twitter_creator":"@https:\/\/twitter.com\/cverite","twitter_site":"@newsendip","twitter_misc":{"\u00c9crit par":"Cl\u00e9ment V\u00e9rit\u00e9","Dur\u00e9e de lecture estim\u00e9e":"4 minutes"},"schema":{"@context":"https:\/\/schema.org","@graph":[{"@type":"NewsArticle","@id":"https:\/\/www.newsendip.com\/fr\/la-coree-du-sud-publie-une-liste-des-entreprises-qui-ne-respectent-pas-les-quotas-de-travailleurs-handicapes-prada-nen-a-pas-embauche-en-10-ans\/#article","isPartOf":{"@id":"https:\/\/www.newsendip.com\/fr\/la-coree-du-sud-publie-une-liste-des-entreprises-qui-ne-respectent-pas-les-quotas-de-travailleurs-handicapes-prada-nen-a-pas-embauche-en-10-ans\/"},"author":{"name":"Cl\u00e9ment V\u00e9rit\u00e9","@id":"https:\/\/www.newsendip.com\/fr\/#\/schema\/person\/ea22c01755f464a3cbc2c619584d6363"},"headline":"En Cor\u00e9e du Sud, Prada n\u2019a employ\u00e9 aucun travailleur handicap\u00e9 en 10&nbsp;ans","datePublished":"2022-12-20T18:36:58+00:00","dateModified":"2024-07-18T13:52:55+00:00","mainEntityOfPage":{"@id":"https:\/\/www.newsendip.com\/fr\/la-coree-du-sud-publie-une-liste-des-entreprises-qui-ne-respectent-pas-les-quotas-de-travailleurs-handicapes-prada-nen-a-pas-embauche-en-10-ans\/"},"wordCount":848,"publisher":{"@id":"https:\/\/www.newsendip.com\/fr\/#organization"},"image":{"@id":"https:\/\/www.newsendip.com\/fr\/la-coree-du-sud-publie-une-liste-des-entreprises-qui-ne-respectent-pas-les-quotas-de-travailleurs-handicapes-prada-nen-a-pas-embauche-en-10-ans\/#primaryimage"},"thumbnailUrl":"https:\/\/www.newsendip.com\/wp-content\/uploads\/2022\/12\/street-south-korea.webp","keywords":["Cor\u00e9e du sud","Vieux"],"articleSection":["\u00c9conomie"],"inLanguage":"fr-FR","copyrightYear":"2022","copyrightHolder":{"@id":"https:\/\/www.newsendip.com\/#organization"}},{"@type":"WebPage","@id":"https:\/\/www.newsendip.com\/fr\/la-coree-du-sud-publie-une-liste-des-entreprises-qui-ne-respectent-pas-les-quotas-de-travailleurs-handicapes-prada-nen-a-pas-embauche-en-10-ans\/","url":"https:\/\/www.newsendip.com\/fr\/la-coree-du-sud-publie-une-liste-des-entreprises-qui-ne-respectent-pas-les-quotas-de-travailleurs-handicapes-prada-nen-a-pas-embauche-en-10-ans\/","name":"En Cor\u00e9e du Sud, Prada n'a employ\u00e9 aucun travailleur handicap\u00e9 en 10 ans","isPartOf":{"@id":"https:\/\/www.newsendip.com\/fr\/#website"},"primaryImageOfPage":{"@id":"https:\/\/www.newsendip.com\/fr\/la-coree-du-sud-publie-une-liste-des-entreprises-qui-ne-respectent-pas-les-quotas-de-travailleurs-handicapes-prada-nen-a-pas-embauche-en-10-ans\/#primaryimage"},"image":{"@id":"https:\/\/www.newsendip.com\/fr\/la-coree-du-sud-publie-une-liste-des-entreprises-qui-ne-respectent-pas-les-quotas-de-travailleurs-handicapes-prada-nen-a-pas-embauche-en-10-ans\/#primaryimage"},"thumbnailUrl":"https:\/\/www.newsendip.com\/wp-content\/uploads\/2022\/12\/street-south-korea.webp","datePublished":"2022-12-20T18:36:58+00:00","dateModified":"2024-07-18T13:52:55+00:00","description":"Chaque ann\u00e9e, le minist\u00e8re sud-cor\u00e9en du travail publie une liste des entreprises qui ne respectent pas les exigences l\u00e9gales sur le nombre de personnes employ\u00e9es pr\u00e9sentant un handicap. Les entreprises internationales n'y sont pas absentes. Trois des cinq plus grandes entreprises ayant le plus faible taux d'emploi de personnes handicap\u00e9es sont des entreprises \u00e9trang\u00e8res. Zara est la plus grande entreprise op\u00e9rant en Cor\u00e9e sans aucun travailleur handicap\u00e9, Prada n'a pas embauch\u00e9 une seule personne handicap\u00e9e en 10 ans.","breadcrumb":{"@id":"https:\/\/www.newsendip.com\/fr\/la-coree-du-sud-publie-une-liste-des-entreprises-qui-ne-respectent-pas-les-quotas-de-travailleurs-handicapes-prada-nen-a-pas-embauche-en-10-ans\/#breadcrumb"},"inLanguage":"fr-FR","potentialAction":[{"@type":"ReadAction","target":["https:\/\/www.newsendip.com\/fr\/la-coree-du-sud-publie-une-liste-des-entreprises-qui-ne-respectent-pas-les-quotas-de-travailleurs-handicapes-prada-nen-a-pas-embauche-en-10-ans\/"]}]},{"@type":"ImageObject","inLanguage":"fr-FR","@id":"https:\/\/www.newsendip.com\/fr\/la-coree-du-sud-publie-une-liste-des-entreprises-qui-ne-respectent-pas-les-quotas-de-travailleurs-handicapes-prada-nen-a-pas-embauche-en-10-ans\/#primaryimage","url":"https:\/\/www.newsendip.com\/wp-content\/uploads\/2022\/12\/street-south-korea.webp","contentUrl":"https:\/\/www.newsendip.com\/wp-content\/uploads\/2022\/12\/street-south-korea.webp","width":1920,"height":1280,"caption":"Une rue en Cor\u00e9e du Sud | \u00a9 shawnanggg, 2018"},{"@type":"BreadcrumbList","@id":"https:\/\/www.newsendip.com\/fr\/la-coree-du-sud-publie-une-liste-des-entreprises-qui-ne-respectent-pas-les-quotas-de-travailleurs-handicapes-prada-nen-a-pas-embauche-en-10-ans\/#breadcrumb","itemListElement":[{"@type":"ListItem","position":1,"name":"Accueil","item":"https:\/\/www.newsendip.com\/fr\/"},{"@type":"ListItem","position":2,"name":"En Cor\u00e9e du Sud, Prada n&#8217;a employ\u00e9 aucun travailleur handicap\u00e9 en 10 ans"}]},{"@type":"WebSite","@id":"https:\/\/www.newsendip.com\/fr\/#website","url":"https:\/\/www.newsendip.com\/fr\/","name":"Newsendip","description":"Red\u00e9couvrez l&#039;actualit\u00e9 internationale","publisher":{"@id":"https:\/\/www.newsendip.com\/fr\/#organization"},"potentialAction":[{"@type":"SearchAction","target":{"@type":"EntryPoint","urlTemplate":"https:\/\/www.newsendip.com\/fr\/?s={search_term_string}"},"query-input":{"@type":"PropertyValueSpecification","valueRequired":true,"valueName":"search_term_string"}}],"inLanguage":"fr-FR"},{"@type":"Organization","@id":"https:\/\/www.newsendip.com\/fr\/#organization","name":"Newsendip","url":"https:\/\/www.newsendip.com\/fr\/","logo":{"@type":"ImageObject","inLanguage":"fr-FR","@id":"https:\/\/www.newsendip.com\/fr\/#\/schema\/logo\/image\/","url":"https:\/\/www.newsendip.com\/wp-content\/uploads\/2023\/12\/512x512.svg","contentUrl":"https:\/\/www.newsendip.com\/wp-content\/uploads\/2023\/12\/512x512.svg","width":1,"height":1,"caption":"Newsendip"},"image":{"@id":"https:\/\/www.newsendip.com\/fr\/#\/schema\/logo\/image\/"},"sameAs":["https:\/\/www.facebook.com\/newsendip","https:\/\/x.com\/newsendip","https:\/\/mastodon.social\/@newsendip","https:\/\/www.linkedin.com\/company\/newsendip"],"description":"Newsendip est un site qui a pour mission de rendre l'actualit\u00e9 internationale accessible et diversifi\u00e9e","email":"contact@newsendip.com","legalName":"Newsendip SAS","foundingDate":"2022-11-04","vatID":"FR60921124723","numberOfEmployees":{"@type":"QuantitativeValue","minValue":"1","maxValue":"10"},"publishingPrinciples":"https:\/\/www.newsendip.com\/about-us\/","ownershipFundingInfo":"https:\/\/www.newsendip.com\/legal-notice\/","actionableFeedbackPolicy":"https:\/\/www.newsendip.com\/about-us\/","correctionsPolicy":"https:\/\/www.newsendip.com\/about-us\/","ethicsPolicy":"https:\/\/www.newsendip.com\/about-us\/","diversityPolicy":"https:\/\/www.newsendip.com\/about-us\/"},{"@type":"Person","@id":"https:\/\/www.newsendip.com\/fr\/#\/schema\/person\/ea22c01755f464a3cbc2c619584d6363","name":"Cl\u00e9ment V\u00e9rit\u00e9","description":"Cl\u00e9ment is the executive editor and founder of Newsendip. He started in the media industry as a freelance reporter at 16 for a local French newspaper after school and has never left it. He later worked for seven years at The New York Times, notably as a data analyst. He holds a Master of Management in France and a Master of Arts in the United Kingdom in International Marketing &amp; Communications Strategy. He has lived in France, the United Kingdom, and Italy.","sameAs":["https:\/\/www.newsendip.com\/","https:\/\/www.linkedin.com\/in\/clementverite\/","https:\/\/x.com\/https:\/\/twitter.com\/cverite"],"knowsAbout":["News","International","Business","Media monitoring"],"knowsLanguage":["English","French","Italian","Spanish"],"url":"https:\/\/www.newsendip.com\/fr\/author\/clement-verite\/"}]}},"_links":{"self":[{"href":"https:\/\/www.newsendip.com\/fr\/wp-json\/wp\/v2\/posts\/23083","targetHints":{"allow":["GET"]}}],"collection":[{"href":"https:\/\/www.newsendip.com\/fr\/wp-json\/wp\/v2\/posts"}],"about":[{"href":"https:\/\/www.newsendip.com\/fr\/wp-json\/wp\/v2\/types\/post"}],"author":[{"embeddable":true,"href":"https:\/\/www.newsendip.com\/fr\/wp-json\/wp\/v2\/users\/1"}],"replies":[{"embeddable":true,"href":"https:\/\/www.newsendip.com\/fr\/wp-json\/wp\/v2\/comments?post=23083"}],"version-history":[{"count":0,"href":"https:\/\/www.newsendip.com\/fr\/wp-json\/wp\/v2\/posts\/23083\/revisions"}],"wp:featuredmedia":[{"embeddable":true,"href":"https:\/\/www.newsendip.com\/fr\/wp-json\/wp\/v2\/media\/23090"}],"wp:attachment":[{"href":"https:\/\/www.newsendip.com\/fr\/wp-json\/wp\/v2\/media?parent=23083"}],"wp:term":[{"taxonomy":"category","embeddable":true,"href":"https:\/\/www.newsendip.com\/fr\/wp-json\/wp\/v2\/categories?post=23083"},{"taxonomy":"post_tag","embeddable":true,"href":"https:\/\/www.newsendip.com\/fr\/wp-json\/wp\/v2\/tags?post=23083"}],"curies":[{"name":"wp","href":"https:\/\/api.w.org\/{rel}","templated":true}]}}