{"id":23148,"date":"2023-01-02T22:16:00","date_gmt":"2023-01-02T21:16:00","guid":{"rendered":"https:\/\/www.newsendip.com\/?p=23148"},"modified":"2024-07-18T15:52:48","modified_gmt":"2024-07-18T13:52:48","slug":"avec-le-nouveau-gouvernement-netanyahu-la-portabilite-des-numeros-de-telephone-casher-en-israel-sera-abandonnee","status":"publish","type":"post","link":"https:\/\/www.newsendip.com\/fr\/avec-le-nouveau-gouvernement-netanyahu-la-portabilite-des-numeros-de-telephone-casher-en-israel-sera-abandonnee\/","title":{"rendered":"Avec le nouveau gouvernement Netanyahu, la r\u00e9forme sur la portabilit\u00e9 des num\u00e9ros de t\u00e9l\u00e9phone casher en Isra\u00ebl sera abandonn\u00e9e"},"content":{"rendered":"<p><strong>Une r\u00e9forme ouvrant le march\u00e9 de la t\u00e9l\u00e9phonie casher en Isra\u00ebl permettant de changer d\u2019op\u00e9rateur sans changer de num\u00e9ro de t\u00e9l\u00e9phone sera abandonn\u00e9e avec le nouveau gouvernement de Benjamin Netanyahu.<br>\n<\/strong><\/p>\n<figure id=\"attachment_23141\" aria-describedby=\"caption-attachment-23141\" style=\"width: 2400px\" class=\"wp-caption aligncenter\"><img decoding=\"async\" class=\"wp-image-23141 size-full\" src=\"https:\/\/www.newsendip.com\/wp-content\/uploads\/2023\/01\/mobile-phone-israel.webp\" alt=\"Mobile phone in Israel\" width=\"2400\" height=\"1094\" srcset=\"https:\/\/www.newsendip.com\/wp-content\/uploads\/2023\/01\/mobile-phone-israel.webp 2400w, https:\/\/www.newsendip.com\/wp-content\/uploads\/2023\/01\/mobile-phone-israel-60x27.webp 60w, https:\/\/www.newsendip.com\/wp-content\/uploads\/2023\/01\/mobile-phone-israel-300x137.webp 300w, https:\/\/www.newsendip.com\/wp-content\/uploads\/2023\/01\/mobile-phone-israel-768x350.webp 768w, https:\/\/www.newsendip.com\/wp-content\/uploads\/2023\/01\/mobile-phone-israel-1024x467.webp 1024w, https:\/\/www.newsendip.com\/wp-content\/uploads\/2023\/01\/mobile-phone-israel-1536x700.webp 1536w, https:\/\/www.newsendip.com\/wp-content\/uploads\/2023\/01\/mobile-phone-israel-2048x934.webp 2048w\" sizes=\"(max-width: 2400px) 100vw, 2400px\"><figcaption id=\"caption-attachment-23141\" class=\"wp-caption-text\">\u00a9 Ilan&nbsp;Dov<\/figcaption><\/figure>\n<p>Une r\u00e9forme du march\u00e9 des t\u00e9l\u00e9coms promue par le pr\u00e9c\u00e9dent gouvernement d\u2019Isra\u00ebl qui permettait le transfert des num\u00e9ros de t\u00e9l\u00e9phone cacher d\u2019un op\u00e9rateur \u00e0 l\u2019autre sera annul\u00e9e, a affirm\u00e9 le nouveau ministre des Communications <a href=\"https:\/\/www.facebook.com\/watch\/?extid=CL-UNK-UNK-UNK-IOS_GK0T-GK1C&amp;mibextid=2Rb1fB&amp;v=1142710619720292\">Shlomo Karai lors d\u2019un discours prononc\u00e9 le 2 janvier<\/a> \u00e0 l\u2019occasion de sa prise de fonction au sein du gouvernement de coalition conservateur men\u00e9 par le Likoud de Benjamin Netanyahu.<\/p>\n<p>Le ministre sortant des Communications, Yoaz Hendel, souhaitait que cette r\u00e9forme permette la portabilit\u00e9 des num\u00e9ros de t\u00e9l\u00e9phone entre les services de t\u00e9l\u00e9phonie et appareils casher et non casher.<\/p>\n<p>En Isra\u00ebl, certaines lignes t\u00e9l\u00e9phoniques, principalement utilis\u00e9es par les juifs orthodoxes, sont consid\u00e9r\u00e9es comme casher car elles sont certifi\u00e9es par le Comit\u00e9 rabbinique des communications. Les juifs orthodoxes ne peuvent pas vraiment utiliser les nouvelles technologies mais les t\u00e9l\u00e9phones portables cascher sont autoris\u00e9s depuis quelques ann\u00e9es. Toutefois, les abonn\u00e9s sont soumis \u00e0 des restrictions concernant l\u2019appareil, les <a href=\"https:\/\/www.newsendip.com\/fr\/au-ghana-un-appel-au-boycott-des-appels-telephoniques\/\">cartes SIM<\/a> et les services de t\u00e9l\u00e9phonie disponibles, les conditions \u00e9tant toutes d\u00e9termin\u00e9es par le comit\u00e9. Les SMS ne sont pas autoris\u00e9s, seules certaines applications sont accessibles, internet et les cam\u00e9ras peuvent ne pas \u00eatre disponibles, tous les num\u00e9ros de t\u00e9l\u00e9phone ne peuvent pas \u00eatre appel\u00e9s, etc. Environ 500 000 abonn\u00e9s ont un num\u00e9ro de t\u00e9l\u00e9phone casher en Isra\u00ebl, selon le minist\u00e8re des communications.<\/p>\n<p>De plus, un num\u00e9ro de t\u00e9l\u00e9phone casher est reconnaissable \u00e0 son pr\u00e9fixe. Ainsi, la portabilit\u00e9 pr\u00e9vue pour les abonn\u00e9s \u00e2g\u00e9s de plus de 18 ans entre des lignes casher et non casher signifiait que les utilisateurs auraient pu conserver leur num\u00e9ro de t\u00e9l\u00e9phone casher m\u00eame s\u2019ils d\u00e9cidaient de changer ensuite \u00e0 un abonnement ou \u00e0 un portable non casher, perdant ainsi une marque de diff\u00e9renciation pour les juifs orthodoxes. Selon le journal \u00e9conomique isra\u00e9lien <em><a href=\"https:\/\/www.calcalist.co.il\/local_news\/article\/sjcehhlpc\">Calcalist<\/a><\/em>, des \u00e9tablissements scolaires ultra-orthodoxes en Isra\u00ebl peuvent effectivement accepter ou refuser des enfants en fonction du pr\u00e9fixe du num\u00e9ro de t\u00e9l\u00e9phone des parents, par exemple. De nombreux citoyens isra\u00e9liens ultra-orthodoxes conservent en fait deux t\u00e9l\u00e9phones, l\u2019un casher et l\u2019autre non, selon le minist\u00e8re.<\/p>\n<p><a href=\"https:\/\/www.gov.il\/en\/departments\/news\/02022022_1\">M. Hendel d\u00e9clarait le 20 f\u00e9vrier 2022<\/a> que le Comit\u00e9 rabbinique, le seul organe qui contr\u00f4le les services de t\u00e9l\u00e9phonie casher, a un monopole qui fait que \u00ab\u202f<em>le public ultra-orthodoxe [est] encha\u00een\u00e9 \u00e0 une seule organisation qui fixe les prix et viole les droits des consommateurs\u202f\u00bb<\/em>.<\/p>\n<p>Plaidant la libert\u00e9 de choix, M. Hendel avait \u00e9galement justifi\u00e9 que l\u2019ouverture du march\u00e9 \u00e0 la concurrence entra\u00eenerait une r\u00e9duction des co\u00fbts pour les consommateurs.<\/p>\n<p>Mais le nouveau ministre des Communications, M. Karai, a estim\u00e9 qu\u201d\u202f\u202f\u00bb<em>apr\u00e8s avoir approfondi le sujet, les motivations de cette r\u00e9forme n\u2019\u00e9taient pas pour les consommateurs mais une tentative d\u2019ing\u00e9rence dans les habitudes et les pr\u00e9f\u00e9rences d\u2019utilisation des citoyens priv\u00e9s. J\u2019ai l\u2019intention de signer l\u2019annulation de la r\u00e9forme Kuma Hachshara dans les prochains jours. Nous n\u2019interviendrons pas dans les d\u00e9cisions d\u2019un utilisateur, dans quelque secteur que ce soit\u202f\u00bb<\/em>, a\u2011t-il justifi\u00e9.<\/p>\n<p>Les autorit\u00e9s religieuses conservatrices \u00e9taient oppos\u00e9es \u00e0 la r\u00e9forme, accusant M. Hendel d\u2019essayer d\u2019imposer un mouvement s\u00e9culier. Le changement devait \u00eatre mis en \u0153uvre l\u2019\u00e9t\u00e9 dernier, mais une d\u00e9cision de justice l\u2019avait mis en suspens jusqu\u2019\u00e0 une nouvelle audience pour 2023, ce qui reportait la r\u00e9forme jusqu\u2019\u00e0 la formation du nouveau gouvernement apr\u00e8s les r\u00e9sultats des \u00e9lections l\u00e9gislatives de 2022 qui se sont tenues en novembre.<\/p>\n<p>Et Benjamin Netanyahu le 29 d\u00e9cembre est redevenu le premier ministre d\u2019Isra\u00ebl avec une coalition de partis de droite et de religieux conservateurs. <a href=\"https:\/\/www.nytimes.com\/2022\/12\/22\/world\/middleeast\/israel-netanyahu-government.html?action=click&amp;pgtype=Article&amp;state=default&amp;module=styln-israel-election&amp;variant=show&amp;region=MAIN_CONTENT_1&amp;block=storyline_top_links_recirc\">Cette coalition suscite des inqui\u00e9tudes<\/a> car elle s\u2019est engag\u00e9e \u00e0 soutenir l\u2019expansion de colonies juives en Cisjordanie. Le 30 d\u00e9cembre, <a href=\"https:\/\/www.reuters.com\/world\/middle-east\/un-asks-world-court-give-opinion-israels-occupation-2022-12-30\/\">l\u2019Assembl\u00e9e g\u00e9n\u00e9rale des Nations unies<\/a> a demand\u00e9 \u00e0 la Cour internationale de justice de rendre un avis sur les cons\u00e9quences juridiques de l\u2019occupation des territoires palestiniens par Isra\u00ebl. Les politiques religieuses orthodoxes strictes auront \u00e9galement plus de poids dans le gouvernement.<\/p>\n<p>Aryeh Deri, le chef du Shas, un parti politique ultra-orthodoxe, \u00e9tait fermement oppos\u00e9 \u00e0 la r\u00e9forme et fut nomm\u00e9 vice-premier ministre, ministre de l\u2019int\u00e9rieur et ministre de la sant\u00e9 dans le nouveau gouvernement. L\u2019annulation de la r\u00e9forme faisait partie de l\u2019accord de coalition, ce qui laissait peu de suspense quant \u00e0 son avenir.<\/p>\n<p>Cependant, les partis de la coalition ne se sont pas mis d\u2019accord sur ce qui remplacera la r\u00e9forme.<\/p>\n<p><strong><a href=\"https:\/\/www.newsendip.com\/fr\/etiquette\/israel-fr\/\">D\u00e9couvrez plus d\u2019actualit\u00e9s sur Isra\u00ebl<\/a><\/strong><\/p>\n","protected":false},"excerpt":{"rendered":"<p>Une r\u00e9forme ouvrant le march\u00e9 de la t\u00e9l\u00e9phonie casher en Isra\u00ebl permettant de changer d\u2019op\u00e9rateur sans changer de num\u00e9ro de t\u00e9l\u00e9phone sera abandonn\u00e9e avec le nouveau gouvernement de Benjamin Netanyahu.<\/p>\n","protected":false},"author":1,"featured_media":23142,"comment_status":"closed","ping_status":"open","sticky":false,"template":"","format":"standard","meta":{"wp_typography_post_enhancements_disabled":false,"footnotes":""},"categories":[414],"tags":[485,421],"class_list":["post-23148","post","type-post","status-publish","format-standard","has-post-thumbnail","hentry","category-economie","tag-israel-fr","tag-vieux"],"yoast_head":"<!-- This site is optimized with the Yoast SEO Premium plugin v27.4 (Yoast SEO v27.4) - https:\/\/yoast.com\/product\/yoast-seo-premium-wordpress\/ -->\n<title>Avec le nouveau gouvernement Netanyahu, la r\u00e9forme sur la portabilit\u00e9 des num\u00e9ros de t\u00e9l\u00e9phone casher en Isra\u00ebl sera abandonn\u00e9e<\/title>\n<meta name=\"description\" content=\"Une r\u00e9forme ouvrant le march\u00e9 de la t\u00e9l\u00e9phonie casher en Isra\u00ebl permettant de changer d&#039;op\u00e9rateur sans changer de num\u00e9ro de t\u00e9l\u00e9phone sera abandonn\u00e9e avec le nouveau gouvernement de Benjamin Netanyahu.\" \/>\n<meta name=\"robots\" content=\"index, follow, max-snippet:-1, max-image-preview:large, max-video-preview:-1\" \/>\n<link rel=\"canonical\" href=\"https:\/\/www.newsendip.com\/fr\/avec-le-nouveau-gouvernement-netanyahu-la-portabilite-des-numeros-de-telephone-casher-en-israel-sera-abandonnee\/\" \/>\n<meta property=\"og:locale\" content=\"fr_FR\" \/>\n<meta property=\"og:type\" content=\"article\" \/>\n<meta property=\"og:title\" content=\"Avec le nouveau gouvernement Netanyahu, la r\u00e9forme sur la portabilit\u00e9 des num\u00e9ros de t\u00e9l\u00e9phone casher en Isra\u00ebl sera abandonn\u00e9e\" \/>\n<meta property=\"og:description\" content=\"Une r\u00e9forme ouvrant le march\u00e9 de la t\u00e9l\u00e9phonie casher en Isra\u00ebl permettant de changer d&#039;op\u00e9rateur sans changer de num\u00e9ro de t\u00e9l\u00e9phone sera abandonn\u00e9e avec le nouveau gouvernement de Benjamin Netanyahu.\" \/>\n<meta property=\"og:url\" content=\"https:\/\/www.newsendip.com\/fr\/avec-le-nouveau-gouvernement-netanyahu-la-portabilite-des-numeros-de-telephone-casher-en-israel-sera-abandonnee\/\" \/>\n<meta property=\"og:site_name\" content=\"Newsendip\" \/>\n<meta property=\"article:publisher\" content=\"https:\/\/www.facebook.com\/newsendip\" \/>\n<meta property=\"article:published_time\" content=\"2023-01-02T21:16:00+00:00\" \/>\n<meta property=\"article:modified_time\" content=\"2024-07-18T13:52:48+00:00\" \/>\n<meta property=\"og:image\" content=\"https:\/\/www.newsendip.com\/wp-content\/uploads\/2023\/01\/mobile-phone-israel-small-min.jpeg\" \/>\n\t<meta property=\"og:image:width\" content=\"1920\" \/>\n\t<meta property=\"og:image:height\" content=\"875\" \/>\n\t<meta property=\"og:image:type\" content=\"image\/jpeg\" \/>\n<meta name=\"author\" content=\"Cl\u00e9ment V\u00e9rit\u00e9\" \/>\n<meta name=\"twitter:card\" content=\"summary_large_image\" \/>\n<meta name=\"twitter:image\" content=\"https:\/\/www.newsendip.com\/wp-content\/uploads\/2023\/01\/mobile-phone-israel-small-min.jpeg\" \/>\n<meta name=\"twitter:creator\" content=\"@https:\/\/twitter.com\/cverite\" \/>\n<meta name=\"twitter:site\" content=\"@newsendip\" \/>\n<meta name=\"twitter:label1\" content=\"\u00c9crit par\" \/>\n\t<meta name=\"twitter:data1\" content=\"Cl\u00e9ment V\u00e9rit\u00e9\" \/>\n\t<meta name=\"twitter:label2\" content=\"Dur\u00e9e de lecture estim\u00e9e\" \/>\n\t<meta name=\"twitter:data2\" content=\"4 minutes\" \/>\n<!-- \/ Yoast SEO Premium plugin. -->","yoast_head_json":{"title":"Avec le nouveau gouvernement Netanyahu, la r\u00e9forme sur la portabilit\u00e9 des num\u00e9ros de t\u00e9l\u00e9phone casher en Isra\u00ebl sera abandonn\u00e9e","description":"Une r\u00e9forme ouvrant le march\u00e9 de la t\u00e9l\u00e9phonie casher en Isra\u00ebl permettant de changer d'op\u00e9rateur sans changer de num\u00e9ro de t\u00e9l\u00e9phone sera abandonn\u00e9e avec le nouveau gouvernement de Benjamin Netanyahu.","robots":{"index":"index","follow":"follow","max-snippet":"max-snippet:-1","max-image-preview":"max-image-preview:large","max-video-preview":"max-video-preview:-1"},"canonical":"https:\/\/www.newsendip.com\/fr\/avec-le-nouveau-gouvernement-netanyahu-la-portabilite-des-numeros-de-telephone-casher-en-israel-sera-abandonnee\/","og_locale":"fr_FR","og_type":"article","og_title":"Avec le nouveau gouvernement Netanyahu, la r\u00e9forme sur la portabilit\u00e9 des num\u00e9ros de t\u00e9l\u00e9phone casher en Isra\u00ebl sera abandonn\u00e9e","og_description":"Une r\u00e9forme ouvrant le march\u00e9 de la t\u00e9l\u00e9phonie casher en Isra\u00ebl permettant de changer d'op\u00e9rateur sans changer de num\u00e9ro de t\u00e9l\u00e9phone sera abandonn\u00e9e avec le nouveau gouvernement de Benjamin Netanyahu.","og_url":"https:\/\/www.newsendip.com\/fr\/avec-le-nouveau-gouvernement-netanyahu-la-portabilite-des-numeros-de-telephone-casher-en-israel-sera-abandonnee\/","og_site_name":"Newsendip","article_publisher":"https:\/\/www.facebook.com\/newsendip","article_published_time":"2023-01-02T21:16:00+00:00","article_modified_time":"2024-07-18T13:52:48+00:00","og_image":[{"width":1920,"height":875,"url":"https:\/\/www.newsendip.com\/wp-content\/uploads\/2023\/01\/mobile-phone-israel-small-min.jpeg","type":"image\/jpeg"}],"author":"Cl\u00e9ment V\u00e9rit\u00e9","twitter_card":"summary_large_image","twitter_image":"https:\/\/www.newsendip.com\/wp-content\/uploads\/2023\/01\/mobile-phone-israel-small-min.jpeg","twitter_creator":"@https:\/\/twitter.com\/cverite","twitter_site":"@newsendip","twitter_misc":{"\u00c9crit par":"Cl\u00e9ment V\u00e9rit\u00e9","Dur\u00e9e de lecture estim\u00e9e":"4 minutes"},"schema":{"@context":"https:\/\/schema.org","@graph":[{"@type":"NewsArticle","@id":"https:\/\/www.newsendip.com\/fr\/avec-le-nouveau-gouvernement-netanyahu-la-portabilite-des-numeros-de-telephone-casher-en-israel-sera-abandonnee\/#article","isPartOf":{"@id":"https:\/\/www.newsendip.com\/fr\/avec-le-nouveau-gouvernement-netanyahu-la-portabilite-des-numeros-de-telephone-casher-en-israel-sera-abandonnee\/"},"author":{"name":"Cl\u00e9ment V\u00e9rit\u00e9","@id":"https:\/\/www.newsendip.com\/fr\/#\/schema\/person\/ea22c01755f464a3cbc2c619584d6363"},"headline":"Avec le nouveau gouvernement Netanyahu, la r\u00e9forme sur la portabilit\u00e9 des num\u00e9ros de t\u00e9l\u00e9phone casher en Isra\u00ebl sera abandonn\u00e9e","datePublished":"2023-01-02T21:16:00+00:00","dateModified":"2024-07-18T13:52:48+00:00","mainEntityOfPage":{"@id":"https:\/\/www.newsendip.com\/fr\/avec-le-nouveau-gouvernement-netanyahu-la-portabilite-des-numeros-de-telephone-casher-en-israel-sera-abandonnee\/"},"wordCount":893,"publisher":{"@id":"https:\/\/www.newsendip.com\/fr\/#organization"},"image":{"@id":"https:\/\/www.newsendip.com\/fr\/avec-le-nouveau-gouvernement-netanyahu-la-portabilite-des-numeros-de-telephone-casher-en-israel-sera-abandonnee\/#primaryimage"},"thumbnailUrl":"https:\/\/www.newsendip.com\/wp-content\/uploads\/2023\/01\/mobile-phone-israel.webp","keywords":["Isra\u00ebl","Vieux"],"articleSection":["\u00c9conomie"],"inLanguage":"fr-FR","copyrightYear":"2023","copyrightHolder":{"@id":"https:\/\/www.newsendip.com\/#organization"}},{"@type":"WebPage","@id":"https:\/\/www.newsendip.com\/fr\/avec-le-nouveau-gouvernement-netanyahu-la-portabilite-des-numeros-de-telephone-casher-en-israel-sera-abandonnee\/","url":"https:\/\/www.newsendip.com\/fr\/avec-le-nouveau-gouvernement-netanyahu-la-portabilite-des-numeros-de-telephone-casher-en-israel-sera-abandonnee\/","name":"Avec le nouveau gouvernement Netanyahu, la r\u00e9forme sur la portabilit\u00e9 des num\u00e9ros de t\u00e9l\u00e9phone casher en Isra\u00ebl sera abandonn\u00e9e","isPartOf":{"@id":"https:\/\/www.newsendip.com\/fr\/#website"},"primaryImageOfPage":{"@id":"https:\/\/www.newsendip.com\/fr\/avec-le-nouveau-gouvernement-netanyahu-la-portabilite-des-numeros-de-telephone-casher-en-israel-sera-abandonnee\/#primaryimage"},"image":{"@id":"https:\/\/www.newsendip.com\/fr\/avec-le-nouveau-gouvernement-netanyahu-la-portabilite-des-numeros-de-telephone-casher-en-israel-sera-abandonnee\/#primaryimage"},"thumbnailUrl":"https:\/\/www.newsendip.com\/wp-content\/uploads\/2023\/01\/mobile-phone-israel.webp","datePublished":"2023-01-02T21:16:00+00:00","dateModified":"2024-07-18T13:52:48+00:00","description":"Une r\u00e9forme ouvrant le march\u00e9 de la t\u00e9l\u00e9phonie casher en Isra\u00ebl permettant de changer d'op\u00e9rateur sans changer de num\u00e9ro de t\u00e9l\u00e9phone sera abandonn\u00e9e avec le nouveau gouvernement de Benjamin Netanyahu.","breadcrumb":{"@id":"https:\/\/www.newsendip.com\/fr\/avec-le-nouveau-gouvernement-netanyahu-la-portabilite-des-numeros-de-telephone-casher-en-israel-sera-abandonnee\/#breadcrumb"},"inLanguage":"fr-FR","potentialAction":[{"@type":"ReadAction","target":["https:\/\/www.newsendip.com\/fr\/avec-le-nouveau-gouvernement-netanyahu-la-portabilite-des-numeros-de-telephone-casher-en-israel-sera-abandonnee\/"]}]},{"@type":"ImageObject","inLanguage":"fr-FR","@id":"https:\/\/www.newsendip.com\/fr\/avec-le-nouveau-gouvernement-netanyahu-la-portabilite-des-numeros-de-telephone-casher-en-israel-sera-abandonnee\/#primaryimage","url":"https:\/\/www.newsendip.com\/wp-content\/uploads\/2023\/01\/mobile-phone-israel.webp","contentUrl":"https:\/\/www.newsendip.com\/wp-content\/uploads\/2023\/01\/mobile-phone-israel.webp","width":2400,"height":1094,"caption":"\u00a9 Ilan Dov"},{"@type":"BreadcrumbList","@id":"https:\/\/www.newsendip.com\/fr\/avec-le-nouveau-gouvernement-netanyahu-la-portabilite-des-numeros-de-telephone-casher-en-israel-sera-abandonnee\/#breadcrumb","itemListElement":[{"@type":"ListItem","position":1,"name":"Accueil","item":"https:\/\/www.newsendip.com\/fr\/"},{"@type":"ListItem","position":2,"name":"Avec le nouveau gouvernement Netanyahu, la r\u00e9forme sur la portabilit\u00e9 des num\u00e9ros de t\u00e9l\u00e9phone casher en Isra\u00ebl sera abandonn\u00e9e"}]},{"@type":"WebSite","@id":"https:\/\/www.newsendip.com\/fr\/#website","url":"https:\/\/www.newsendip.com\/fr\/","name":"Newsendip","description":"Red\u00e9couvrez l&#039;actualit\u00e9 internationale","publisher":{"@id":"https:\/\/www.newsendip.com\/fr\/#organization"},"potentialAction":[{"@type":"SearchAction","target":{"@type":"EntryPoint","urlTemplate":"https:\/\/www.newsendip.com\/fr\/?s={search_term_string}"},"query-input":{"@type":"PropertyValueSpecification","valueRequired":true,"valueName":"search_term_string"}}],"inLanguage":"fr-FR"},{"@type":"Organization","@id":"https:\/\/www.newsendip.com\/fr\/#organization","name":"Newsendip","url":"https:\/\/www.newsendip.com\/fr\/","logo":{"@type":"ImageObject","inLanguage":"fr-FR","@id":"https:\/\/www.newsendip.com\/fr\/#\/schema\/logo\/image\/","url":"https:\/\/www.newsendip.com\/wp-content\/uploads\/2023\/12\/512x512.svg","contentUrl":"https:\/\/www.newsendip.com\/wp-content\/uploads\/2023\/12\/512x512.svg","width":1,"height":1,"caption":"Newsendip"},"image":{"@id":"https:\/\/www.newsendip.com\/fr\/#\/schema\/logo\/image\/"},"sameAs":["https:\/\/www.facebook.com\/newsendip","https:\/\/x.com\/newsendip","https:\/\/mastodon.social\/@newsendip","https:\/\/www.linkedin.com\/company\/newsendip"],"description":"Newsendip est un site qui a pour mission de rendre l'actualit\u00e9 internationale accessible et diversifi\u00e9e","email":"contact@newsendip.com","legalName":"Newsendip SAS","foundingDate":"2022-11-04","vatID":"FR60921124723","numberOfEmployees":{"@type":"QuantitativeValue","minValue":"1","maxValue":"10"},"publishingPrinciples":"https:\/\/www.newsendip.com\/about-us\/","ownershipFundingInfo":"https:\/\/www.newsendip.com\/legal-notice\/","actionableFeedbackPolicy":"https:\/\/www.newsendip.com\/about-us\/","correctionsPolicy":"https:\/\/www.newsendip.com\/about-us\/","ethicsPolicy":"https:\/\/www.newsendip.com\/about-us\/","diversityPolicy":"https:\/\/www.newsendip.com\/about-us\/"},{"@type":"Person","@id":"https:\/\/www.newsendip.com\/fr\/#\/schema\/person\/ea22c01755f464a3cbc2c619584d6363","name":"Cl\u00e9ment V\u00e9rit\u00e9","description":"Cl\u00e9ment is the executive editor and founder of Newsendip. He started in the media industry as a freelance reporter at 16 for a local French newspaper after school and has never left it. He later worked for seven years at The New York Times, notably as a data analyst. He holds a Master of Management in France and a Master of Arts in the United Kingdom in International Marketing &amp; Communications Strategy. He has lived in France, the United Kingdom, and Italy.","sameAs":["https:\/\/www.newsendip.com\/","https:\/\/www.linkedin.com\/in\/clementverite\/","https:\/\/x.com\/https:\/\/twitter.com\/cverite"],"knowsAbout":["News","International","Business","Media monitoring"],"knowsLanguage":["English","French","Italian","Spanish"],"url":"https:\/\/www.newsendip.com\/fr\/author\/clement-verite\/"}]}},"_links":{"self":[{"href":"https:\/\/www.newsendip.com\/fr\/wp-json\/wp\/v2\/posts\/23148","targetHints":{"allow":["GET"]}}],"collection":[{"href":"https:\/\/www.newsendip.com\/fr\/wp-json\/wp\/v2\/posts"}],"about":[{"href":"https:\/\/www.newsendip.com\/fr\/wp-json\/wp\/v2\/types\/post"}],"author":[{"embeddable":true,"href":"https:\/\/www.newsendip.com\/fr\/wp-json\/wp\/v2\/users\/1"}],"replies":[{"embeddable":true,"href":"https:\/\/www.newsendip.com\/fr\/wp-json\/wp\/v2\/comments?post=23148"}],"version-history":[{"count":0,"href":"https:\/\/www.newsendip.com\/fr\/wp-json\/wp\/v2\/posts\/23148\/revisions"}],"wp:featuredmedia":[{"embeddable":true,"href":"https:\/\/www.newsendip.com\/fr\/wp-json\/wp\/v2\/media\/23142"}],"wp:attachment":[{"href":"https:\/\/www.newsendip.com\/fr\/wp-json\/wp\/v2\/media?parent=23148"}],"wp:term":[{"taxonomy":"category","embeddable":true,"href":"https:\/\/www.newsendip.com\/fr\/wp-json\/wp\/v2\/categories?post=23148"},{"taxonomy":"post_tag","embeddable":true,"href":"https:\/\/www.newsendip.com\/fr\/wp-json\/wp\/v2\/tags?post=23148"}],"curies":[{"name":"wp","href":"https:\/\/api.w.org\/{rel}","templated":true}]}}