{"id":23718,"date":"2023-01-24T14:09:53","date_gmt":"2023-01-24T13:09:53","guid":{"rendered":"https:\/\/www.newsendip.com\/?p=23718"},"modified":"2024-07-18T15:50:10","modified_gmt":"2024-07-18T13:50:10","slug":"laugmentation-de-15-du-financement-public-des-partis-politiques-allemands-rejetee-par-la-cour-constitutionnelle","status":"publish","type":"post","link":"https:\/\/www.newsendip.com\/fr\/laugmentation-de-15-du-financement-public-des-partis-politiques-allemands-rejetee-par-la-cour-constitutionnelle\/","title":{"rendered":"L\u2019augmentation de 15% du financement public des partis politiques allemands rejet\u00e9e par la Cour constitutionnelle"},"content":{"rendered":"<p><strong>La Cour constitutionnelle allemande a jug\u00e9 que l\u2019augmentation de 15\u202f% du financement public r\u00e9parti entre partis politiques vot\u00e9e par les parlementaires en 2018 \u00e9tait inconstitutionnelle.<br>\n<\/strong><\/p>\n<figure id=\"attachment_23726\" aria-describedby=\"caption-attachment-23726\" style=\"width: 643px\" class=\"wp-caption aligncenter\"><img decoding=\"async\" class=\"wp-image-23726 size-full\" src=\"https:\/\/www.newsendip.com\/wp-content\/uploads\/2023\/01\/germany-federal-constitutional-court.webp\" alt=\"Cour constitutionnelle f\u00e9d\u00e9rale d'Allemagne\" width=\"643\" height=\"482\" srcset=\"https:\/\/www.newsendip.com\/wp-content\/uploads\/2023\/01\/germany-federal-constitutional-court.webp 643w, https:\/\/www.newsendip.com\/wp-content\/uploads\/2023\/01\/germany-federal-constitutional-court-60x45.webp 60w, https:\/\/www.newsendip.com\/wp-content\/uploads\/2023\/01\/germany-federal-constitutional-court-300x225.webp 300w\" sizes=\"(max-width: 643px) 100vw, 643px\"><figcaption id=\"caption-attachment-23726\" class=\"wp-caption-text\">Cour constitutionnelle f\u00e9d\u00e9rale d\u2019Allemagne \u2502 \u00a9 Cour constitutionnelle f\u00e9d\u00e9rale<\/figcaption><\/figure>\n<p>La Cour constitutionnelle f\u00e9d\u00e9rale d\u2019Allemagne a jug\u00e9 le 24 janvier que l\u2019augmentation du financement public des partis politiques vot\u00e9e en 2018 est inconstitutionnelle.<\/p>\n<p>La loi adopt\u00e9e par les \u00e9lus de l\u2019Union chr\u00e9tienne-d\u00e9mocrate et du Parti social-d\u00e9mocrate avait augment\u00e9 les fonds publics destin\u00e9s au financement des partis politiques de pr\u00e8s de 25 millions d\u2019euros (+15%), pour atteindre un total annuel de 190 millions d\u2019euros \u00e0 r\u00e9partir entre partis.<\/p>\n<p>Les membres du Bundestag avaient notamment justifi\u00e9 l\u2019augmentation par la num\u00e9risation de la communication \u2013 hackers, fake news et protection des donn\u00e9es \u2013 qui augmentait les co\u00fbts pour les partis politiques.<\/p>\n<p>Mais le deuxi\u00e8me s\u00e9nat de la Cour constitutionnelle f\u00e9d\u00e9rale bas\u00e9e \u00e0 Karlsruhe a estim\u00e9 que la loi \u00e9tait nulle et incompatible avec les exigences constitutionnelles allemandes en mati\u00e8re de financement public des partis politiques.<\/p>\n<p>\u00ab\u202f<em>Elle viole le principe selon lequel les partis politiques doivent \u00eatre suffisamment libres de toute ing\u00e9rence de l\u2019\u00c9tat\u202f\u00bb<\/em>, a expliqu\u00e9 la <a href=\"https:\/\/www.bundesverfassungsgericht.de\/SharedDocs\/Pressemitteilungen\/EN\/2023\/bvg23-009.html\">Cour dans un communiqu\u00e9 de presse<\/a>, et les l\u00e9gislateurs n\u2019ont pas \u00ab\u202f<em>suffisamment prouv\u00e9\u202f\u00bb<\/em> que les partis ne pouvaient pas r\u00e9pondre \u00e0 ces besoins avec leurs propres fonds.<\/p>\n<p>Les partis politiques allemands re\u00e7oivent un financement de l\u2019\u00c9tat depuis 1994. La r\u00e9partition des fonds de l\u2019\u00c9tat est d\u00e9termin\u00e9e en fonction des r\u00e9sultats des \u00e9lections, des contributions de ses membres et des fonds que chaque parti est en mesure de r\u00e9unir par ses propres moyens.<\/p>\n<p>Les dotations de l\u2019\u00c9tat ne peuvent d\u00e9passer le montant qu\u2019un parti est en mesure de collecter par lui-m\u00eame, aussi appel\u00e9 limite relative, de mani\u00e8re \u00e0 ne pas d\u00e9pendre majoritairement de fonds publics. Le montant total que l\u2019\u00c9tat peut verser \u00e0 tous les partis r\u00e9unis est appel\u00e9 limite absolue. Depuis 2013, cette limite absolue \u00e9tait li\u00e9e \u00e0 l\u2019indice des prix. Elle a \u00e9t\u00e9 fix\u00e9e \u00e0 205 millions d\u2019euros l\u2019an dernier apr\u00e8s un ajustement de +2,5\u202f%.<\/p>\n<p>Mais en 2018, il aurait d\u00fb atteindre un maximum d\u2019environ 165 millions d\u2019euros. Et en juillet 2018, la limite absolue du financement de l\u2019\u00c9tat qui devait \u00eatre fix\u00e9e pour l\u2019ann\u00e9e 2019 avait \u00e9t\u00e9 port\u00e9e \u00e0 190 millions d\u2019euros par les l\u00e9gislateurs, soit une augmentation de 15%. Une loi vot\u00e9e en 10 jours seulement.<\/p>\n<p>En septembre 2018, 216 d\u00e9put\u00e9s des Verts, du Parti d\u00e9mocratique libre et du Parti de gauche, tous membres de l\u2019opposition \u00e0 l\u2019\u00e9poque, ont contest\u00e9 cette disposition qu\u2019ils jugeaient disproportionn\u00e9e, arguant que les partis politiques devraient \u00eatre suffisamment libres de toute ing\u00e9rence de l\u2019\u00c9tat.<\/p>\n<p>La <a href=\"https:\/\/www.newsendip.com\/fr\/la-loi-sur-le-renseignement-surveillance-en-baviere-devait-etre-plus-stricte-selon-la-cour-constitutionnelle-allemagne\/\">plus haute juridiction allemande<\/a> a reconnu que la num\u00e9risation des communications peut augmenter les co\u00fbts pour les partis politiques et constituer un changement de circonstances d\u00e9cisif pour justifier une augmentation de leurs dotations. Cependant, les co\u00fbts qui y sont associ\u00e9s n\u2019\u00e9taient pas clairement d\u00e9finis pour d\u00e9terminer le montant de l\u2019augmentation. De surcro\u00eet, les \u00e9conomies potentielles compensant l\u2019augmentation des co\u00fbts n\u2019avaient pas \u00e9t\u00e9 prises en compte.<\/p>\n<p>La Cour rejette par ailleurs d\u2019autres motifs avanc\u00e9s par le l\u00e9gislateur pour justifier une augmentation aussi \u00e9lev\u00e9e, comme le renforcement des obligations de transparence et de responsabilit\u00e9 des partis politiques, l\u2019augmentation du co\u00fbt des affiches de campagne ou la diminution du nombre de b\u00e9n\u00e9voles, qui sont des questions internes.<\/p>\n<p>L\u2019ancienne limite de 165 millions d\u2019euros de 2018 s\u2019appliquera r\u00e9troactivement.<\/p>\n<p><a href=\"https:\/\/www.newsendip.com\/fr\/etiquette\/allemagne\/\"><strong>D\u00e9couvrez plus d\u2019actualit\u00e9s sur l\u2019Allemagne<\/strong><\/a><\/p>\n","protected":false},"excerpt":{"rendered":"<p>La Cour constitutionnelle allemande a jug\u00e9 que l\u2019augmentation de 15\u202f% du financement public r\u00e9parti entre partis politiques vot\u00e9e par les parlementaires en 2018 \u00e9tait inconstitutionnelle.<\/p>\n","protected":false},"author":1,"featured_media":23726,"comment_status":"closed","ping_status":"open","sticky":false,"template":"","format":"standard","meta":{"wp_typography_post_enhancements_disabled":false,"footnotes":""},"categories":[416],"tags":[478,421],"class_list":["post-23718","post","type-post","status-publish","format-standard","has-post-thumbnail","hentry","category-politique","tag-allemagne","tag-vieux"],"yoast_head":"<!-- This site is optimized with the Yoast SEO Premium plugin v27.4 (Yoast SEO v27.4) - https:\/\/yoast.com\/product\/yoast-seo-premium-wordpress\/ -->\n<title>L&#039;augmentation de 15% du financement public des partis politiques allemands rejet\u00e9e par la Cour constitutionnelle<\/title>\n<meta name=\"description\" content=\"La Cour constitutionnelle allemande a jug\u00e9 que l&#039;augmentation de 15 % du financement public r\u00e9parti entre partis politiques vot\u00e9e par les parlementaires en 2018 \u00e9tait inconstitutionnelle.\" \/>\n<meta name=\"robots\" content=\"index, follow, max-snippet:-1, max-image-preview:large, max-video-preview:-1\" \/>\n<link rel=\"canonical\" href=\"https:\/\/www.newsendip.com\/fr\/laugmentation-de-15-du-financement-public-des-partis-politiques-allemands-rejetee-par-la-cour-constitutionnelle\/\" \/>\n<meta property=\"og:locale\" content=\"fr_FR\" \/>\n<meta property=\"og:type\" content=\"article\" \/>\n<meta property=\"og:title\" content=\"L&#039;augmentation de 15% du financement public des partis politiques allemands rejet\u00e9e par la Cour constitutionnelle\" \/>\n<meta property=\"og:description\" content=\"La Cour constitutionnelle allemande a jug\u00e9 que l&#039;augmentation de 15 % du financement public r\u00e9parti entre partis politiques vot\u00e9e par les parlementaires en 2018 \u00e9tait inconstitutionnelle.\" \/>\n<meta property=\"og:url\" content=\"https:\/\/www.newsendip.com\/fr\/laugmentation-de-15-du-financement-public-des-partis-politiques-allemands-rejetee-par-la-cour-constitutionnelle\/\" \/>\n<meta property=\"og:site_name\" content=\"Newsendip\" \/>\n<meta property=\"article:publisher\" content=\"https:\/\/www.facebook.com\/newsendip\" \/>\n<meta property=\"article:published_time\" content=\"2023-01-24T13:09:53+00:00\" \/>\n<meta property=\"article:modified_time\" content=\"2024-07-18T13:50:10+00:00\" \/>\n<meta property=\"og:image\" content=\"https:\/\/www.newsendip.com\/wp-content\/uploads\/2023\/01\/germany-federal-constitutional-court.jpg\" \/>\n\t<meta property=\"og:image:width\" content=\"643\" \/>\n\t<meta property=\"og:image:height\" content=\"482\" \/>\n\t<meta property=\"og:image:type\" content=\"image\/jpeg\" \/>\n<meta name=\"author\" content=\"Cl\u00e9ment V\u00e9rit\u00e9\" \/>\n<meta name=\"twitter:card\" content=\"summary_large_image\" \/>\n<meta name=\"twitter:image\" content=\"https:\/\/www.newsendip.com\/wp-content\/uploads\/2023\/01\/germany-federal-constitutional-court.jpg\" \/>\n<meta name=\"twitter:creator\" content=\"@https:\/\/twitter.com\/cverite\" \/>\n<meta name=\"twitter:site\" content=\"@newsendip\" \/>\n<meta name=\"twitter:label1\" content=\"\u00c9crit par\" \/>\n\t<meta name=\"twitter:data1\" content=\"Cl\u00e9ment V\u00e9rit\u00e9\" \/>\n\t<meta name=\"twitter:label2\" content=\"Dur\u00e9e de lecture estim\u00e9e\" \/>\n\t<meta name=\"twitter:data2\" content=\"3 minutes\" \/>\n<!-- \/ Yoast SEO Premium plugin. -->","yoast_head_json":{"title":"L'augmentation de 15% du financement public des partis politiques allemands rejet\u00e9e par la Cour constitutionnelle","description":"La Cour constitutionnelle allemande a jug\u00e9 que l'augmentation de 15 % du financement public r\u00e9parti entre partis politiques vot\u00e9e par les parlementaires en 2018 \u00e9tait inconstitutionnelle.","robots":{"index":"index","follow":"follow","max-snippet":"max-snippet:-1","max-image-preview":"max-image-preview:large","max-video-preview":"max-video-preview:-1"},"canonical":"https:\/\/www.newsendip.com\/fr\/laugmentation-de-15-du-financement-public-des-partis-politiques-allemands-rejetee-par-la-cour-constitutionnelle\/","og_locale":"fr_FR","og_type":"article","og_title":"L'augmentation de 15% du financement public des partis politiques allemands rejet\u00e9e par la Cour constitutionnelle","og_description":"La Cour constitutionnelle allemande a jug\u00e9 que l'augmentation de 15 % du financement public r\u00e9parti entre partis politiques vot\u00e9e par les parlementaires en 2018 \u00e9tait inconstitutionnelle.","og_url":"https:\/\/www.newsendip.com\/fr\/laugmentation-de-15-du-financement-public-des-partis-politiques-allemands-rejetee-par-la-cour-constitutionnelle\/","og_site_name":"Newsendip","article_publisher":"https:\/\/www.facebook.com\/newsendip","article_published_time":"2023-01-24T13:09:53+00:00","article_modified_time":"2024-07-18T13:50:10+00:00","og_image":[{"width":643,"height":482,"url":"https:\/\/www.newsendip.com\/wp-content\/uploads\/2023\/01\/germany-federal-constitutional-court.jpg","type":"image\/jpeg"}],"author":"Cl\u00e9ment V\u00e9rit\u00e9","twitter_card":"summary_large_image","twitter_image":"https:\/\/www.newsendip.com\/wp-content\/uploads\/2023\/01\/germany-federal-constitutional-court.jpg","twitter_creator":"@https:\/\/twitter.com\/cverite","twitter_site":"@newsendip","twitter_misc":{"\u00c9crit par":"Cl\u00e9ment V\u00e9rit\u00e9","Dur\u00e9e de lecture estim\u00e9e":"3 minutes"},"schema":{"@context":"https:\/\/schema.org","@graph":[{"@type":"NewsArticle","@id":"https:\/\/www.newsendip.com\/fr\/laugmentation-de-15-du-financement-public-des-partis-politiques-allemands-rejetee-par-la-cour-constitutionnelle\/#article","isPartOf":{"@id":"https:\/\/www.newsendip.com\/fr\/laugmentation-de-15-du-financement-public-des-partis-politiques-allemands-rejetee-par-la-cour-constitutionnelle\/"},"author":{"name":"Cl\u00e9ment V\u00e9rit\u00e9","@id":"https:\/\/www.newsendip.com\/fr\/#\/schema\/person\/ea22c01755f464a3cbc2c619584d6363"},"headline":"L\u2019augmentation de 15% du financement public des partis politiques allemands rejet\u00e9e par la Cour constitutionnelle","datePublished":"2023-01-24T13:09:53+00:00","dateModified":"2024-07-18T13:50:10+00:00","mainEntityOfPage":{"@id":"https:\/\/www.newsendip.com\/fr\/laugmentation-de-15-du-financement-public-des-partis-politiques-allemands-rejetee-par-la-cour-constitutionnelle\/"},"wordCount":657,"publisher":{"@id":"https:\/\/www.newsendip.com\/fr\/#organization"},"image":{"@id":"https:\/\/www.newsendip.com\/fr\/laugmentation-de-15-du-financement-public-des-partis-politiques-allemands-rejetee-par-la-cour-constitutionnelle\/#primaryimage"},"thumbnailUrl":"https:\/\/www.newsendip.com\/wp-content\/uploads\/2023\/01\/germany-federal-constitutional-court.webp","keywords":["Allemagne","Vieux"],"articleSection":["Politique"],"inLanguage":"fr-FR","copyrightYear":"2023","copyrightHolder":{"@id":"https:\/\/www.newsendip.com\/#organization"}},{"@type":"WebPage","@id":"https:\/\/www.newsendip.com\/fr\/laugmentation-de-15-du-financement-public-des-partis-politiques-allemands-rejetee-par-la-cour-constitutionnelle\/","url":"https:\/\/www.newsendip.com\/fr\/laugmentation-de-15-du-financement-public-des-partis-politiques-allemands-rejetee-par-la-cour-constitutionnelle\/","name":"L'augmentation de 15% du financement public des partis politiques allemands rejet\u00e9e par la Cour constitutionnelle","isPartOf":{"@id":"https:\/\/www.newsendip.com\/fr\/#website"},"primaryImageOfPage":{"@id":"https:\/\/www.newsendip.com\/fr\/laugmentation-de-15-du-financement-public-des-partis-politiques-allemands-rejetee-par-la-cour-constitutionnelle\/#primaryimage"},"image":{"@id":"https:\/\/www.newsendip.com\/fr\/laugmentation-de-15-du-financement-public-des-partis-politiques-allemands-rejetee-par-la-cour-constitutionnelle\/#primaryimage"},"thumbnailUrl":"https:\/\/www.newsendip.com\/wp-content\/uploads\/2023\/01\/germany-federal-constitutional-court.webp","datePublished":"2023-01-24T13:09:53+00:00","dateModified":"2024-07-18T13:50:10+00:00","description":"La Cour constitutionnelle allemande a jug\u00e9 que l'augmentation de 15 % du financement public r\u00e9parti entre partis politiques vot\u00e9e par les parlementaires en 2018 \u00e9tait inconstitutionnelle.","breadcrumb":{"@id":"https:\/\/www.newsendip.com\/fr\/laugmentation-de-15-du-financement-public-des-partis-politiques-allemands-rejetee-par-la-cour-constitutionnelle\/#breadcrumb"},"inLanguage":"fr-FR","potentialAction":[{"@type":"ReadAction","target":["https:\/\/www.newsendip.com\/fr\/laugmentation-de-15-du-financement-public-des-partis-politiques-allemands-rejetee-par-la-cour-constitutionnelle\/"]}]},{"@type":"ImageObject","inLanguage":"fr-FR","@id":"https:\/\/www.newsendip.com\/fr\/laugmentation-de-15-du-financement-public-des-partis-politiques-allemands-rejetee-par-la-cour-constitutionnelle\/#primaryimage","url":"https:\/\/www.newsendip.com\/wp-content\/uploads\/2023\/01\/germany-federal-constitutional-court.webp","contentUrl":"https:\/\/www.newsendip.com\/wp-content\/uploads\/2023\/01\/germany-federal-constitutional-court.webp","width":643,"height":482,"caption":"Cour constitutionnelle f\u00e9d\u00e9rale d'Allemagne \u2502 \u00a9 Cour constitutionnelle f\u00e9d\u00e9rale"},{"@type":"BreadcrumbList","@id":"https:\/\/www.newsendip.com\/fr\/laugmentation-de-15-du-financement-public-des-partis-politiques-allemands-rejetee-par-la-cour-constitutionnelle\/#breadcrumb","itemListElement":[{"@type":"ListItem","position":1,"name":"Accueil","item":"https:\/\/www.newsendip.com\/fr\/"},{"@type":"ListItem","position":2,"name":"L&#8217;augmentation de 15% du financement public des partis politiques allemands rejet\u00e9e par la Cour constitutionnelle"}]},{"@type":"WebSite","@id":"https:\/\/www.newsendip.com\/fr\/#website","url":"https:\/\/www.newsendip.com\/fr\/","name":"Newsendip","description":"Red\u00e9couvrez l&#039;actualit\u00e9 internationale","publisher":{"@id":"https:\/\/www.newsendip.com\/fr\/#organization"},"potentialAction":[{"@type":"SearchAction","target":{"@type":"EntryPoint","urlTemplate":"https:\/\/www.newsendip.com\/fr\/?s={search_term_string}"},"query-input":{"@type":"PropertyValueSpecification","valueRequired":true,"valueName":"search_term_string"}}],"inLanguage":"fr-FR"},{"@type":"Organization","@id":"https:\/\/www.newsendip.com\/fr\/#organization","name":"Newsendip","url":"https:\/\/www.newsendip.com\/fr\/","logo":{"@type":"ImageObject","inLanguage":"fr-FR","@id":"https:\/\/www.newsendip.com\/fr\/#\/schema\/logo\/image\/","url":"https:\/\/www.newsendip.com\/wp-content\/uploads\/2023\/12\/512x512.svg","contentUrl":"https:\/\/www.newsendip.com\/wp-content\/uploads\/2023\/12\/512x512.svg","width":1,"height":1,"caption":"Newsendip"},"image":{"@id":"https:\/\/www.newsendip.com\/fr\/#\/schema\/logo\/image\/"},"sameAs":["https:\/\/www.facebook.com\/newsendip","https:\/\/x.com\/newsendip","https:\/\/mastodon.social\/@newsendip","https:\/\/www.linkedin.com\/company\/newsendip"],"description":"Newsendip est un site qui a pour mission de rendre l'actualit\u00e9 internationale accessible et diversifi\u00e9e","email":"contact@newsendip.com","legalName":"Newsendip SAS","foundingDate":"2022-11-04","vatID":"FR60921124723","numberOfEmployees":{"@type":"QuantitativeValue","minValue":"1","maxValue":"10"},"publishingPrinciples":"https:\/\/www.newsendip.com\/about-us\/","ownershipFundingInfo":"https:\/\/www.newsendip.com\/legal-notice\/","actionableFeedbackPolicy":"https:\/\/www.newsendip.com\/about-us\/","correctionsPolicy":"https:\/\/www.newsendip.com\/about-us\/","ethicsPolicy":"https:\/\/www.newsendip.com\/about-us\/","diversityPolicy":"https:\/\/www.newsendip.com\/about-us\/"},{"@type":"Person","@id":"https:\/\/www.newsendip.com\/fr\/#\/schema\/person\/ea22c01755f464a3cbc2c619584d6363","name":"Cl\u00e9ment V\u00e9rit\u00e9","description":"Cl\u00e9ment is the executive editor and founder of Newsendip. He started in the media industry as a freelance reporter at 16 for a local French newspaper after school and has never left it. He later worked for seven years at The New York Times, notably as a data analyst. He holds a Master of Management in France and a Master of Arts in the United Kingdom in International Marketing &amp; Communications Strategy. He has lived in France, the United Kingdom, and Italy.","sameAs":["https:\/\/www.newsendip.com\/","https:\/\/www.linkedin.com\/in\/clementverite\/","https:\/\/x.com\/https:\/\/twitter.com\/cverite"],"knowsAbout":["News","International","Business","Media monitoring"],"knowsLanguage":["English","French","Italian","Spanish"],"url":"https:\/\/www.newsendip.com\/fr\/author\/clement-verite\/"}]}},"_links":{"self":[{"href":"https:\/\/www.newsendip.com\/fr\/wp-json\/wp\/v2\/posts\/23718","targetHints":{"allow":["GET"]}}],"collection":[{"href":"https:\/\/www.newsendip.com\/fr\/wp-json\/wp\/v2\/posts"}],"about":[{"href":"https:\/\/www.newsendip.com\/fr\/wp-json\/wp\/v2\/types\/post"}],"author":[{"embeddable":true,"href":"https:\/\/www.newsendip.com\/fr\/wp-json\/wp\/v2\/users\/1"}],"replies":[{"embeddable":true,"href":"https:\/\/www.newsendip.com\/fr\/wp-json\/wp\/v2\/comments?post=23718"}],"version-history":[{"count":0,"href":"https:\/\/www.newsendip.com\/fr\/wp-json\/wp\/v2\/posts\/23718\/revisions"}],"wp:featuredmedia":[{"embeddable":true,"href":"https:\/\/www.newsendip.com\/fr\/wp-json\/wp\/v2\/media\/23726"}],"wp:attachment":[{"href":"https:\/\/www.newsendip.com\/fr\/wp-json\/wp\/v2\/media?parent=23718"}],"wp:term":[{"taxonomy":"category","embeddable":true,"href":"https:\/\/www.newsendip.com\/fr\/wp-json\/wp\/v2\/categories?post=23718"},{"taxonomy":"post_tag","embeddable":true,"href":"https:\/\/www.newsendip.com\/fr\/wp-json\/wp\/v2\/tags?post=23718"}],"curies":[{"name":"wp","href":"https:\/\/api.w.org\/{rel}","templated":true}]}}