{"id":23776,"date":"2023-01-26T18:17:44","date_gmt":"2023-01-26T17:17:44","guid":{"rendered":"https:\/\/www.newsendip.com\/?p=23776"},"modified":"2024-07-18T15:49:58","modified_gmt":"2024-07-18T13:49:58","slug":"la-garde-nationale-mexicaine-tenue-denregistrer-ses-arrestations-mais-pas-den-informer-la-police-selon-la-cour-supreme","status":"publish","type":"post","link":"https:\/\/www.newsendip.com\/fr\/la-garde-nationale-mexicaine-tenue-denregistrer-ses-arrestations-mais-pas-den-informer-la-police-selon-la-cour-supreme\/","title":{"rendered":"La Garde nationale mexicaine tenue d\u2019enregistrer ses arrestations mais pas d\u2019en informer la police, selon la Cour supr\u00eame"},"content":{"rendered":"<p><strong>La Garde nationale mexicaine, l\u2019organe de l\u2019arm\u00e9e qui exerce des fonctions de police nationale, doit enregistrer les arrestations qu\u2019elle effectue, mais n\u2019est pas tenue d\u2019en informer la police, juge la Cour supr\u00eame. Les d\u00e9fenseurs des droits de l\u2019homme critiquent l\u2019opacit\u00e9 des militaires.<br>\n<\/strong><\/p>\n<figure id=\"attachment_23786\" aria-describedby=\"caption-attachment-23786\" style=\"width: 1024px\" class=\"wp-caption aligncenter\"><img decoding=\"async\" class=\"wp-image-23786 size-large\" src=\"https:\/\/www.newsendip.com\/wp-content\/uploads\/2023\/01\/guardia-nacional-mexico-1024x574.webp\" alt=\"Garde nationale mexicaine\" width=\"1024\" height=\"574\" srcset=\"https:\/\/www.newsendip.com\/wp-content\/uploads\/2023\/01\/guardia-nacional-mexico-1024x574.webp 1024w, https:\/\/www.newsendip.com\/wp-content\/uploads\/2023\/01\/guardia-nacional-mexico-60x34.webp 60w, https:\/\/www.newsendip.com\/wp-content\/uploads\/2023\/01\/guardia-nacional-mexico-300x168.webp 300w, https:\/\/www.newsendip.com\/wp-content\/uploads\/2023\/01\/guardia-nacional-mexico-768x431.webp 768w, https:\/\/www.newsendip.com\/wp-content\/uploads\/2023\/01\/guardia-nacional-mexico.webp 1098w\" sizes=\"(max-width: 1024px) 100vw, 1024px\"><figcaption id=\"caption-attachment-23786\" class=\"wp-caption-text\">La Garde nationale du Mexique lors de la parade militaire pour la f\u00eate de l\u2019ind\u00e9pendance du Mexique, le 16 septembre 2021 | \u00a9 Guarda Nacional<\/figcaption><\/figure>\n<p>La Cour supr\u00eame du Mexique a <a href=\"https:\/\/www.internet2.scjn.gob.mx\/red2\/comunicados\/noticia.asp?id=7205\">confirm\u00e9 le 24 janvier<\/a> que la Garde nationale doit consigner dans un registre les arrestations de civils qu\u2019elle effectue. Mais elle n\u2019est pas tenue d\u2019en informer la police.<\/p>\n<p>La loi nationale du registre des d\u00e9tentions vot\u00e9e en 2019 visait \u00e0 r\u00e9pondre \u00e0 la n\u00e9cessit\u00e9 de disposer d\u2019un registre fiable et actualis\u00e9 des civils arr\u00eat\u00e9s. Les institutions de s\u00e9curit\u00e9 publique enregistreraient toutes les d\u00e9tentions qui ont lieu dans le pays afin d\u2019am\u00e9liorer leur transparence, de garantir l\u2019int\u00e9grit\u00e9 des personnes d\u00e9tenues et d\u2019\u00e9viter les trop nombreuses disparitions myst\u00e9rieuses.<\/p>\n<p>La loi r\u00e9sulte de la cr\u00e9ation de la Garde nationale en 2019, groupe de l\u2019arm\u00e9e dot\u00e9 de fonctions de police nationale et d\u2019autorit\u00e9 sur les civils apr\u00e8s que le Congr\u00e8s a dissous la police f\u00e9d\u00e9rale. Le pr\u00e9sident mexicain Andr\u00e9s Manuel Lopez Obrador l\u2019a cr\u00e9\u00e9e par d\u00e9cret dans le cadre de sa strat\u00e9gie de lutte contre le crime organis\u00e9. La police f\u00e9d\u00e9rale fut impliqu\u00e9e dans de nombreuses affaires de corruption tandis que des <a href=\"https:\/\/www.newsendip.com\/fr\/zacatecas-letat-mexicain-ou-les-meurtres-du-crime-organise-ont-double-en-2-ans\/\">policiers locaux abandonnent parfois m\u00eame leur poste par crainte des groupes criminels<\/a>.<\/p>\n<p>Le pr\u00e9sident du Mexique a fortement augment\u00e9 les moyens, le pouvoir et l\u2019autonomie des militaires. Des t\u00e2ches traditionnellement r\u00e9serv\u00e9es aux instances de s\u00e9curit\u00e9 civile ont \u00e9t\u00e9 transf\u00e9r\u00e9s aux militaires, tels que le maintien de l\u2019ordre dans l\u2019espace public, le contr\u00f4le des douanes, de l\u2019immigration clandestine, la gestion de programmes sociaux et l\u2019administration des projets de travaux publics. Les militaires peuvent aussi l\u00e9galement d\u00e9tenir des civils, prendre en charge les sc\u00e8nes de crime et collecter les preuves. \u00ab\u202f<em>Confier ces t\u00e2ches \u00e0 l\u2019arm\u00e9e a, par le pass\u00e9, contribu\u00e9 \u00e0 des violations des droits de l\u2019homme,\u202f\u00bb<\/em> alerte <a href=\"https:\/\/www.hrw.org\/world-report\/2023\/country-chapters\/mexico\">Human Rights Watch<\/a>.<\/p>\n<p>Le Congr\u00e8s a officiellement transf\u00e9r\u00e9 en 2022 les fonctions de police f\u00e9d\u00e9rale sous l\u2019\u00e9gide du minist\u00e8re de la D\u00e9fense.<\/p>\n<p>Mais la loi sur le registre des d\u00e9tentions avait \u00e9t\u00e9 contest\u00e9e en justice par la Commission nationale des droits de l\u2019homme, un organisme public autonome charg\u00e9 d\u2019enqu\u00eater sur les violations des droits de l\u2019homme, souvent critiqu\u00e9 pour son <a href=\"https:\/\/www.newsendip.com\/fr\/un-tiers-des-journalistes-tues-sur-les-deux-premiers-mois-de-2022-etaient-au-mexique\/\">co\u00fbt et son inefficacit\u00e9<\/a>.<\/p>\n<p>Dans l\u2019article 19 de la loi, lorsque les autorit\u00e9s charg\u00e9es du maintien de l\u2019ordre public proc\u00e8dent \u00e0 une arrestation, elles doivent imm\u00e9diatement en informer les agences de s\u00e9curit\u00e9 civile afin qu\u2019elles l\u2019enregistrent. La loi s\u2019applique \u00e0 la Garde nationale, mais elle ne pr\u00e9cise pas que cette derni\u00e8re doit \u00e9galement se conformer \u00e0 l\u2019article 19.<\/p>\n<p>En r\u00e9sum\u00e9, la Commission des droits de l\u2019homme consid\u00e8re la loi trop vague car on pouvait estimer que les militaires ne sont pas tenus de signaler les arrestations de civils.<\/p>\n<p>Mais la Cour supr\u00eame soutient que la loi doit \u00eatre comprise comme une obligation pour les militaires d\u2019enregistrer les arrestations dans la base de donn\u00e9es num\u00e9rique. Ils ne sont en revanche pas tenus d\u2019informer les autorit\u00e9s civiles mais ils doivent mettre \u00e0 jour le registre eux-m\u00eames dans ce cas. Les forces de s\u00e9curit\u00e9 civile, telles que la police municipale ou d\u2019\u00c9tat, peuvent alors ne pas \u00eatre au courant d\u2019une arrestation effectu\u00e9e par la Garde nationale, les mettant un peu plus de c\u00f4t\u00e9 et renfor\u00e7ant le pouvoir des militaires.<\/p>\n<p>Le s\u00e9nateur ind\u00e9pendant Emilio \u00c1lvarez Icaza Longoria et ancien secr\u00e9taire ex\u00e9cutif de la Commission interam\u00e9ricaine des droits de l\u2019homme, a <a href=\"https:\/\/twitter.com\/EmilioAlvarezI\/status\/1618008433625825281\">d\u00e9nonc\u00e9 dans un tweet<\/a> que la d\u00e9cision de la Cour supr\u00eame laisse l\u2019obligation d\u2019enregistrer les arrestations \u00ab\u202f<em>au bon vouloir des militaires\u202f\u00bb<\/em> et ajoute que \u00ab\u202f<em>l\u2019opacit\u00e9 militaire pour violer les droits de l\u2019homme a d\u00e9sormais l\u2019aval de la loi\u202f\u00bb<\/em>.<\/p>\n<p>Les organisations mexicaines de d\u00e9fense des droits humains rejettent la militarisation du Mexique et critiquent les militaires pour leurs nombreuses irr\u00e9gularit\u00e9s lors des arrestations. Depuis 2018, le nombre de plaintes de la commission des droits humains contre l\u2019arm\u00e9e et la Garde nationale, qui comptent entre autres des meurtres pr\u00e9sum\u00e9s, des disparitions forc\u00e9es et des actes de torture, n\u2019a cess\u00e9 d\u2019augmenter. En 2021, la commission a re\u00e7u 940 plaintes, soit le nombre le plus \u00e9lev\u00e9 en huit ans. De 2018 \u00e0 2020, 10 \u00e0 15 civils sont morts pour chaque d\u00e9c\u00e8s de militaire, \u00ab\u202f<em>indiquant un abus de la force l\u00e9tale\u202f\u00bb<\/em>, selon <a href=\"https:\/\/www.monitorfuerzaletal.com\/docs\/Comuicado_Prensa-ESP.pdf\">Lethal Force Monitor<\/a>.<\/p>\n<p>Le Congr\u00e8s a approuv\u00e9 en octobre dernier la prolongation des pr\u00e9rogatives de la Garde nationale sur la s\u00e9curit\u00e9 civile jusqu\u2019en 2028.<\/p>\n<p><a href=\"https:\/\/www.newsendip.com\/fr\/etiquette\/mexique\/\"><strong>D\u00e9couvrez plus d\u2019actualit\u00e9s sur le Mexique<\/strong><\/a><\/p>\n","protected":false},"excerpt":{"rendered":"<p>La Garde nationale mexicaine, l\u2019organe de l\u2019arm\u00e9e qui exerce des fonctions de police nationale, doit enregistrer les arrestations qu\u2019elle effectue, mais n\u2019est pas tenue d\u2019en informer la police, juge la Cour supr\u00eame. Les d\u00e9fenseurs des droits de l\u2019homme critiquent l\u2019opacit\u00e9 des militaires.<\/p>\n","protected":false},"author":1,"featured_media":23786,"comment_status":"closed","ping_status":"open","sticky":false,"template":"","format":"standard","meta":{"wp_typography_post_enhancements_disabled":false,"footnotes":""},"categories":[416],"tags":[419,421],"class_list":["post-23776","post","type-post","status-publish","format-standard","has-post-thumbnail","hentry","category-politique","tag-mexique","tag-vieux"],"yoast_head":"<!-- This site is optimized with the Yoast SEO Premium plugin v27.4 (Yoast SEO v27.4) - https:\/\/yoast.com\/product\/yoast-seo-premium-wordpress\/ -->\n<title>La Garde nationale mexicaine tenue d&#039;enregistrer ses arrestations mais pas d&#039;en informer la police, selon la Cour supr\u00eame<\/title>\n<meta name=\"description\" content=\"La Garde nationale mexicaine, l&#039;organe de l&#039;arm\u00e9e qui exerce des fonctions de police nationale, doit enregistrer les arrestations qu&#039;elle effectue, mais n&#039;est pas tenue d&#039;en informer la police, juge la Cour supr\u00eame. Les d\u00e9fenseurs des droits de l&#039;homme critiquent l&#039;opacit\u00e9 des militaires.\" \/>\n<meta name=\"robots\" content=\"index, follow, max-snippet:-1, max-image-preview:large, max-video-preview:-1\" \/>\n<link rel=\"canonical\" href=\"https:\/\/www.newsendip.com\/fr\/la-garde-nationale-mexicaine-tenue-denregistrer-ses-arrestations-mais-pas-den-informer-la-police-selon-la-cour-supreme\/\" \/>\n<meta property=\"og:locale\" content=\"fr_FR\" \/>\n<meta property=\"og:type\" content=\"article\" \/>\n<meta property=\"og:title\" content=\"La Garde nationale mexicaine tenue d&#039;enregistrer ses arrestations mais pas d&#039;en informer la police, selon la Cour supr\u00eame\" \/>\n<meta property=\"og:description\" content=\"La Garde nationale mexicaine, l&#039;organe de l&#039;arm\u00e9e qui exerce des fonctions de police nationale, doit enregistrer les arrestations qu&#039;elle effectue, mais n&#039;est pas tenue d&#039;en informer la police, juge la Cour supr\u00eame. Les d\u00e9fenseurs des droits de l&#039;homme critiquent l&#039;opacit\u00e9 des militaires.\" \/>\n<meta property=\"og:url\" content=\"https:\/\/www.newsendip.com\/fr\/la-garde-nationale-mexicaine-tenue-denregistrer-ses-arrestations-mais-pas-den-informer-la-police-selon-la-cour-supreme\/\" \/>\n<meta property=\"og:site_name\" content=\"Newsendip\" \/>\n<meta property=\"article:publisher\" content=\"https:\/\/www.facebook.com\/newsendip\" \/>\n<meta property=\"article:published_time\" content=\"2023-01-26T17:17:44+00:00\" \/>\n<meta property=\"article:modified_time\" content=\"2024-07-18T13:49:58+00:00\" \/>\n<meta property=\"og:image\" content=\"https:\/\/www.newsendip.com\/wp-content\/uploads\/2023\/01\/guardia-nacional-mexico-min.jpeg\" \/>\n\t<meta property=\"og:image:width\" content=\"1098\" \/>\n\t<meta property=\"og:image:height\" content=\"616\" \/>\n\t<meta property=\"og:image:type\" content=\"image\/jpeg\" \/>\n<meta name=\"author\" content=\"Cl\u00e9ment V\u00e9rit\u00e9\" \/>\n<meta name=\"twitter:card\" content=\"summary_large_image\" \/>\n<meta name=\"twitter:image\" content=\"https:\/\/www.newsendip.com\/wp-content\/uploads\/2023\/01\/guardia-nacional-mexico-min.jpeg\" \/>\n<meta name=\"twitter:creator\" content=\"@https:\/\/twitter.com\/cverite\" \/>\n<meta name=\"twitter:site\" content=\"@newsendip\" \/>\n<meta name=\"twitter:label1\" content=\"\u00c9crit par\" \/>\n\t<meta name=\"twitter:data1\" content=\"Cl\u00e9ment V\u00e9rit\u00e9\" \/>\n<!-- \/ Yoast SEO Premium plugin. -->","yoast_head_json":{"title":"La Garde nationale mexicaine tenue d'enregistrer ses arrestations mais pas d'en informer la police, selon la Cour supr\u00eame","description":"La Garde nationale mexicaine, l'organe de l'arm\u00e9e qui exerce des fonctions de police nationale, doit enregistrer les arrestations qu'elle effectue, mais n'est pas tenue d'en informer la police, juge la Cour supr\u00eame. Les d\u00e9fenseurs des droits de l'homme critiquent l'opacit\u00e9 des militaires.","robots":{"index":"index","follow":"follow","max-snippet":"max-snippet:-1","max-image-preview":"max-image-preview:large","max-video-preview":"max-video-preview:-1"},"canonical":"https:\/\/www.newsendip.com\/fr\/la-garde-nationale-mexicaine-tenue-denregistrer-ses-arrestations-mais-pas-den-informer-la-police-selon-la-cour-supreme\/","og_locale":"fr_FR","og_type":"article","og_title":"La Garde nationale mexicaine tenue d'enregistrer ses arrestations mais pas d'en informer la police, selon la Cour supr\u00eame","og_description":"La Garde nationale mexicaine, l'organe de l'arm\u00e9e qui exerce des fonctions de police nationale, doit enregistrer les arrestations qu'elle effectue, mais n'est pas tenue d'en informer la police, juge la Cour supr\u00eame. Les d\u00e9fenseurs des droits de l'homme critiquent l'opacit\u00e9 des militaires.","og_url":"https:\/\/www.newsendip.com\/fr\/la-garde-nationale-mexicaine-tenue-denregistrer-ses-arrestations-mais-pas-den-informer-la-police-selon-la-cour-supreme\/","og_site_name":"Newsendip","article_publisher":"https:\/\/www.facebook.com\/newsendip","article_published_time":"2023-01-26T17:17:44+00:00","article_modified_time":"2024-07-18T13:49:58+00:00","og_image":[{"width":1098,"height":616,"url":"https:\/\/www.newsendip.com\/wp-content\/uploads\/2023\/01\/guardia-nacional-mexico-min.jpeg","type":"image\/jpeg"}],"author":"Cl\u00e9ment V\u00e9rit\u00e9","twitter_card":"summary_large_image","twitter_image":"https:\/\/www.newsendip.com\/wp-content\/uploads\/2023\/01\/guardia-nacional-mexico-min.jpeg","twitter_creator":"@https:\/\/twitter.com\/cverite","twitter_site":"@newsendip","twitter_misc":{"\u00c9crit par":"Cl\u00e9ment V\u00e9rit\u00e9"},"schema":{"@context":"https:\/\/schema.org","@graph":[{"@type":"NewsArticle","@id":"https:\/\/www.newsendip.com\/fr\/la-garde-nationale-mexicaine-tenue-denregistrer-ses-arrestations-mais-pas-den-informer-la-police-selon-la-cour-supreme\/#article","isPartOf":{"@id":"https:\/\/www.newsendip.com\/fr\/la-garde-nationale-mexicaine-tenue-denregistrer-ses-arrestations-mais-pas-den-informer-la-police-selon-la-cour-supreme\/"},"author":{"name":"Cl\u00e9ment V\u00e9rit\u00e9","@id":"https:\/\/www.newsendip.com\/fr\/#\/schema\/person\/ea22c01755f464a3cbc2c619584d6363"},"headline":"La Garde nationale mexicaine tenue d\u2019enregistrer ses arrestations mais pas d\u2019en informer la police, selon la Cour supr\u00eame","datePublished":"2023-01-26T17:17:44+00:00","dateModified":"2024-07-18T13:49:58+00:00","mainEntityOfPage":{"@id":"https:\/\/www.newsendip.com\/fr\/la-garde-nationale-mexicaine-tenue-denregistrer-ses-arrestations-mais-pas-den-informer-la-police-selon-la-cour-supreme\/"},"wordCount":912,"publisher":{"@id":"https:\/\/www.newsendip.com\/fr\/#organization"},"image":{"@id":"https:\/\/www.newsendip.com\/fr\/la-garde-nationale-mexicaine-tenue-denregistrer-ses-arrestations-mais-pas-den-informer-la-police-selon-la-cour-supreme\/#primaryimage"},"thumbnailUrl":"https:\/\/www.newsendip.com\/wp-content\/uploads\/2023\/01\/guardia-nacional-mexico.webp","keywords":["Mexique","Vieux"],"articleSection":["Politique"],"inLanguage":"fr-FR","copyrightYear":"2023","copyrightHolder":{"@id":"https:\/\/www.newsendip.com\/#organization"}},{"@type":"WebPage","@id":"https:\/\/www.newsendip.com\/fr\/la-garde-nationale-mexicaine-tenue-denregistrer-ses-arrestations-mais-pas-den-informer-la-police-selon-la-cour-supreme\/","url":"https:\/\/www.newsendip.com\/fr\/la-garde-nationale-mexicaine-tenue-denregistrer-ses-arrestations-mais-pas-den-informer-la-police-selon-la-cour-supreme\/","name":"La Garde nationale mexicaine tenue d'enregistrer ses arrestations mais pas d'en informer la police, selon la Cour supr\u00eame","isPartOf":{"@id":"https:\/\/www.newsendip.com\/fr\/#website"},"primaryImageOfPage":{"@id":"https:\/\/www.newsendip.com\/fr\/la-garde-nationale-mexicaine-tenue-denregistrer-ses-arrestations-mais-pas-den-informer-la-police-selon-la-cour-supreme\/#primaryimage"},"image":{"@id":"https:\/\/www.newsendip.com\/fr\/la-garde-nationale-mexicaine-tenue-denregistrer-ses-arrestations-mais-pas-den-informer-la-police-selon-la-cour-supreme\/#primaryimage"},"thumbnailUrl":"https:\/\/www.newsendip.com\/wp-content\/uploads\/2023\/01\/guardia-nacional-mexico.webp","datePublished":"2023-01-26T17:17:44+00:00","dateModified":"2024-07-18T13:49:58+00:00","description":"La Garde nationale mexicaine, l'organe de l'arm\u00e9e qui exerce des fonctions de police nationale, doit enregistrer les arrestations qu'elle effectue, mais n'est pas tenue d'en informer la police, juge la Cour supr\u00eame. Les d\u00e9fenseurs des droits de l'homme critiquent l'opacit\u00e9 des militaires.","breadcrumb":{"@id":"https:\/\/www.newsendip.com\/fr\/la-garde-nationale-mexicaine-tenue-denregistrer-ses-arrestations-mais-pas-den-informer-la-police-selon-la-cour-supreme\/#breadcrumb"},"inLanguage":"fr-FR","potentialAction":[{"@type":"ReadAction","target":["https:\/\/www.newsendip.com\/fr\/la-garde-nationale-mexicaine-tenue-denregistrer-ses-arrestations-mais-pas-den-informer-la-police-selon-la-cour-supreme\/"]}]},{"@type":"ImageObject","inLanguage":"fr-FR","@id":"https:\/\/www.newsendip.com\/fr\/la-garde-nationale-mexicaine-tenue-denregistrer-ses-arrestations-mais-pas-den-informer-la-police-selon-la-cour-supreme\/#primaryimage","url":"https:\/\/www.newsendip.com\/wp-content\/uploads\/2023\/01\/guardia-nacional-mexico.webp","contentUrl":"https:\/\/www.newsendip.com\/wp-content\/uploads\/2023\/01\/guardia-nacional-mexico.webp","width":1098,"height":616,"caption":"La Garde nationale du Mexique lors de la parade militaire pour la f\u00eate de l'ind\u00e9pendance du Mexique, le 16 septembre 2021 | \u00a9 Guarda Nacional"},{"@type":"BreadcrumbList","@id":"https:\/\/www.newsendip.com\/fr\/la-garde-nationale-mexicaine-tenue-denregistrer-ses-arrestations-mais-pas-den-informer-la-police-selon-la-cour-supreme\/#breadcrumb","itemListElement":[{"@type":"ListItem","position":1,"name":"Accueil","item":"https:\/\/www.newsendip.com\/fr\/"},{"@type":"ListItem","position":2,"name":"La Garde nationale mexicaine tenue d&#8217;enregistrer ses arrestations mais pas d&#8217;en informer la police, selon la Cour supr\u00eame"}]},{"@type":"WebSite","@id":"https:\/\/www.newsendip.com\/fr\/#website","url":"https:\/\/www.newsendip.com\/fr\/","name":"Newsendip","description":"Red\u00e9couvrez l&#039;actualit\u00e9 internationale","publisher":{"@id":"https:\/\/www.newsendip.com\/fr\/#organization"},"potentialAction":[{"@type":"SearchAction","target":{"@type":"EntryPoint","urlTemplate":"https:\/\/www.newsendip.com\/fr\/?s={search_term_string}"},"query-input":{"@type":"PropertyValueSpecification","valueRequired":true,"valueName":"search_term_string"}}],"inLanguage":"fr-FR"},{"@type":"Organization","@id":"https:\/\/www.newsendip.com\/fr\/#organization","name":"Newsendip","url":"https:\/\/www.newsendip.com\/fr\/","logo":{"@type":"ImageObject","inLanguage":"fr-FR","@id":"https:\/\/www.newsendip.com\/fr\/#\/schema\/logo\/image\/","url":"https:\/\/www.newsendip.com\/wp-content\/uploads\/2023\/12\/512x512.svg","contentUrl":"https:\/\/www.newsendip.com\/wp-content\/uploads\/2023\/12\/512x512.svg","width":1,"height":1,"caption":"Newsendip"},"image":{"@id":"https:\/\/www.newsendip.com\/fr\/#\/schema\/logo\/image\/"},"sameAs":["https:\/\/www.facebook.com\/newsendip","https:\/\/x.com\/newsendip","https:\/\/mastodon.social\/@newsendip","https:\/\/www.linkedin.com\/company\/newsendip"],"description":"Newsendip est un site qui a pour mission de rendre l'actualit\u00e9 internationale accessible et diversifi\u00e9e","email":"contact@newsendip.com","legalName":"Newsendip SAS","foundingDate":"2022-11-04","vatID":"FR60921124723","numberOfEmployees":{"@type":"QuantitativeValue","minValue":"1","maxValue":"10"},"publishingPrinciples":"https:\/\/www.newsendip.com\/about-us\/","ownershipFundingInfo":"https:\/\/www.newsendip.com\/legal-notice\/","actionableFeedbackPolicy":"https:\/\/www.newsendip.com\/about-us\/","correctionsPolicy":"https:\/\/www.newsendip.com\/about-us\/","ethicsPolicy":"https:\/\/www.newsendip.com\/about-us\/","diversityPolicy":"https:\/\/www.newsendip.com\/about-us\/"},{"@type":"Person","@id":"https:\/\/www.newsendip.com\/fr\/#\/schema\/person\/ea22c01755f464a3cbc2c619584d6363","name":"Cl\u00e9ment V\u00e9rit\u00e9","description":"Cl\u00e9ment is the executive editor and founder of Newsendip. He started in the media industry as a freelance reporter at 16 for a local French newspaper after school and has never left it. He later worked for seven years at The New York Times, notably as a data analyst. He holds a Master of Management in France and a Master of Arts in the United Kingdom in International Marketing &amp; Communications Strategy. He has lived in France, the United Kingdom, and Italy.","sameAs":["https:\/\/www.newsendip.com\/","https:\/\/www.linkedin.com\/in\/clementverite\/","https:\/\/x.com\/https:\/\/twitter.com\/cverite"],"knowsAbout":["News","International","Business","Media monitoring"],"knowsLanguage":["English","French","Italian","Spanish"],"url":"https:\/\/www.newsendip.com\/fr\/author\/clement-verite\/"}]}},"_links":{"self":[{"href":"https:\/\/www.newsendip.com\/fr\/wp-json\/wp\/v2\/posts\/23776","targetHints":{"allow":["GET"]}}],"collection":[{"href":"https:\/\/www.newsendip.com\/fr\/wp-json\/wp\/v2\/posts"}],"about":[{"href":"https:\/\/www.newsendip.com\/fr\/wp-json\/wp\/v2\/types\/post"}],"author":[{"embeddable":true,"href":"https:\/\/www.newsendip.com\/fr\/wp-json\/wp\/v2\/users\/1"}],"replies":[{"embeddable":true,"href":"https:\/\/www.newsendip.com\/fr\/wp-json\/wp\/v2\/comments?post=23776"}],"version-history":[{"count":0,"href":"https:\/\/www.newsendip.com\/fr\/wp-json\/wp\/v2\/posts\/23776\/revisions"}],"wp:featuredmedia":[{"embeddable":true,"href":"https:\/\/www.newsendip.com\/fr\/wp-json\/wp\/v2\/media\/23786"}],"wp:attachment":[{"href":"https:\/\/www.newsendip.com\/fr\/wp-json\/wp\/v2\/media?parent=23776"}],"wp:term":[{"taxonomy":"category","embeddable":true,"href":"https:\/\/www.newsendip.com\/fr\/wp-json\/wp\/v2\/categories?post=23776"},{"taxonomy":"post_tag","embeddable":true,"href":"https:\/\/www.newsendip.com\/fr\/wp-json\/wp\/v2\/tags?post=23776"}],"curies":[{"name":"wp","href":"https:\/\/api.w.org\/{rel}","templated":true}]}}