{"id":24542,"date":"2023-02-07T11:27:41","date_gmt":"2023-02-07T10:27:41","guid":{"rendered":"https:\/\/www.newsendip.com\/?p=24542"},"modified":"2024-07-18T15:48:58","modified_gmt":"2024-07-18T13:48:58","slug":"le-pakistan-retablit-lacces-a-wikipedia-apres-une-interdiction-pour-du-contenu-sacrilege","status":"publish","type":"post","link":"https:\/\/www.newsendip.com\/fr\/le-pakistan-retablit-lacces-a-wikipedia-apres-une-interdiction-pour-du-contenu-sacrilege\/","title":{"rendered":"Le Pakistan r\u00e9tablit l\u2019acc\u00e8s \u00e0 Wikip\u00e9dia apr\u00e8s une interdiction pour du contenu \u00ab\u202fsacril\u00e8ge\u202f\u00bb"},"content":{"rendered":"<p><strong>Le Premier ministre pakistanais a ordonn\u00e9 le r\u00e9tablissement de l\u2019acc\u00e8s \u00e0 Wikip\u00e9dia dans le pays apr\u00e8s avoir \u00e9t\u00e9 bloqu\u00e9 quelques jours en raison de contenu \u00ab\u202f<em>sacril\u00e8ge\u202f\u00bb<\/em>.<br>\n<\/strong><\/p>\n<figure id=\"attachment_24551\" aria-describedby=\"caption-attachment-24551\" style=\"width: 1024px\" class=\"wp-caption aligncenter\"><img decoding=\"async\" class=\"wp-image-24551 size-large\" src=\"https:\/\/www.newsendip.com\/wp-content\/uploads\/2023\/02\/Wikipedia-logo-1024x576.webp\" alt=\"logo Wikipedia\" width=\"1024\" height=\"576\" srcset=\"https:\/\/www.newsendip.com\/wp-content\/uploads\/2023\/02\/Wikipedia-logo-1024x576.webp 1024w, https:\/\/www.newsendip.com\/wp-content\/uploads\/2023\/02\/Wikipedia-logo-60x34.webp 60w, https:\/\/www.newsendip.com\/wp-content\/uploads\/2023\/02\/Wikipedia-logo-300x169.webp 300w, https:\/\/www.newsendip.com\/wp-content\/uploads\/2023\/02\/Wikipedia-logo-768x432.webp 768w, https:\/\/www.newsendip.com\/wp-content\/uploads\/2023\/02\/Wikipedia-logo-1536x864.webp 1536w, https:\/\/www.newsendip.com\/wp-content\/uploads\/2023\/02\/Wikipedia-logo.webp 1920w\" sizes=\"(max-width: 1024px) 100vw, 1024px\"><figcaption id=\"caption-attachment-24551\" class=\"wp-caption-text\">\u00a9 Wikimedia commons<\/figcaption><\/figure>\n<p>Le Premier ministre pakistanais Shehbaz Sharif a ordonn\u00e9 la lev\u00e9e de l\u2019interdiction de Wikip\u00e9dia apr\u00e8s que l\u2019acc\u00e8s au site dans le pays a \u00e9t\u00e9 enti\u00e8rement bloqu\u00e9 par les autorit\u00e9s, consid\u00e9rant qu\u2019il comportait des contenus \u00ab\u202f<em>sacril\u00e8ges\u202f\u00bb<\/em>. Mais un comit\u00e9 gouvernemental de ce pays \u00e0 majorit\u00e9 musulmane reste charg\u00e9 d\u2019\u00e9tudier les mani\u00e8res de bloquer l\u2019acc\u00e8s aux \u00ab\u202f<em>contenus r\u00e9pr\u00e9hensibles\u202f\u00bb<\/em>.<\/p>\n<p>Marriyum Aurangzeb, la ministre f\u00e9d\u00e9rale de l\u2019information et de la radiodiffusion, a <a href=\"https:\/\/twitter.com\/Marriyum_A\/status\/1622627905829490688\">partag\u00e9 sur Twitter<\/a> une copie de l\u2019ordre du Premier ministre de remettre Wikip\u00e9dia en ligne avec effet imm\u00e9diat le 6 f\u00e9vrier.<\/p>\n<p>Le site internet de Wikip\u00e9dia, l\u2019encyclop\u00e9die libre g\u00e9n\u00e9r\u00e9e par les utilisateurs, \u00e9tait bloqu\u00e9 par l\u2019Autorit\u00e9 des t\u00e9l\u00e9communications du Pakistan (PTA) depuis le 3 f\u00e9vrier car il comportait des contenus que la PTA consid\u00e9rait comme \u00ab\u202f<em>sacril\u00e8ges et r\u00e9pr\u00e9hensibles\u202f\u00bb<\/em>.<\/p>\n<p>La Wikimedia Foundation, le fonds \u00e0 but non lucratif qui g\u00e8re Wikip\u00e9dia, a re\u00e7u une notification de l\u2019Autorit\u00e9 des t\u00e9l\u00e9communications du Pakistan le 1er f\u00e9vrier, indiquant que \u00ab\u202f<em>les services de Wikip\u00e9dia ont \u00e9t\u00e9 d\u00e9grad\u00e9s pendant 48 heures\u202f\u00bb<\/em> pour n\u2019avoir pas retir\u00e9 du site les contenus jug\u00e9s \u00ab\u202f<em>ill\u00e9gaux\u202f\u00bb<\/em> par le gouvernement. <a href=\"https:\/\/twitter.com\/PTAofficialpk\/status\/1620747996374908930\">La PTA n\u2019a pas pr\u00e9cis\u00e9 quel contenu<\/a> devait \u00eatre retir\u00e9. Certains articles de Wikip\u00e9dia comportent des repr\u00e9sentations du proph\u00e8te Mahomet.<\/p>\n<p>La <a href=\"https:\/\/wikimediafoundation.org\/news\/2023\/02\/06\/wikimedia-foundation-urges-pakistan-telecommunications-authority-to-restore-access-to-wikipedia-in-pakistan\/\">Wikimedia Foundation<\/a> a r\u00e9pondu sur son site qu\u2019elle \u00ab\u202f<em>ne prend pas de d\u00e9cisions concernant le contenu qui est inclus dans Wikip\u00e9dia ou la mani\u00e8re dont ce contenu est maintenu\u202f\u00bb<\/em>, ce qui est \u00ab\u202f<em>con\u00e7u pour garantir que les articles sont le r\u00e9sultat de nombreuses personnes qui se r\u00e9unissent pour d\u00e9terminer quelles informations devraient \u00eatre pr\u00e9sent\u00e9es sur le site, ce qui donne des articles plus riches et plus neutres\u202f\u00bb<\/em>.<\/p>\n<p>Vendredi, des rapports de trafic internes ont indiqu\u00e9 que les sites de Wikipedia et Wikimedia n\u2019\u00e9taient plus accessibles aux utilisateurs du Pakistan. Wikip\u00e9dia en anglais re\u00e7oit habituellement plus de 50 millions de pages vues par mois dans le pays, suivie des Wikip\u00e9dias en ourdou et en russe, selon la fondation.<\/p>\n<p>Le Premier ministre de la cinqui\u00e8me nation la plus peupl\u00e9e du monde a r\u00e9uni les ministres de la loi et de la justice, des affaires \u00e9conomiques et politiques, de l\u2019information et de la radiodiffusion afin d\u2019examiner l\u2019interdiction de Wikip\u00e9dia. Le comit\u00e9 a estim\u00e9 que Wikip\u00e9dia favorise la diffusion de connaissances et d\u2019informations pour le grand public, les \u00e9tudiants et les universitaires. De ce fait, le blocage complet du site \u00ab\u202f<em>n\u2019est pas une mesure appropri\u00e9e pour restreindre l\u2019acc\u00e8s \u00e0 certains contenus r\u00e9pr\u00e9hensibles\/sujets sacril\u00e8ges\u202f\u00bb<\/em>. Elle est parvenue \u00e0 la conclusion que \u00ab\u202f<em>les cons\u00e9quences involontaires de cette interdiction g\u00e9n\u00e9rale surpassent donc sur ses avantages\u202f\u00bb<\/em>.<\/p>\n<p>Cependant, le comit\u00e9 doit encore explorer et recommander des \u00ab\u202f<em>mesures techniques alternatives pour supprimer ou bloquer l\u2019acc\u00e8s aux contenus r\u00e9pr\u00e9hensibles publi\u00e9s sur Wikip\u00e9dia\u202f\u00bb<\/em> dans un d\u00e9lai d\u2019une semaine.<\/p>\n<p>En d\u00e9cembre 2020, la PTA a \u00e9mis des avis \u00e0 l\u2019intention de Google Inc. et de Wikipedia en raison de la diffusion de \u00ab\u202f<em>contenus sacril\u00e8ges\u202f\u00bb<\/em> par le biais des plateformes. YouTube et Facebook ont \u00e9galement \u00e9t\u00e9 interdits par le pass\u00e9 pour avoir publi\u00e9 des contenus jug\u00e9s blasph\u00e9matoires.<\/p>\n<p>Le Pakistan a bloqu\u00e9 YouTube de 2012 \u00e0 2016 apr\u00e8s la diffusion d\u2019un film sur le proph\u00e8te Mahomet qui a entra\u00een\u00e9 de violentes protestations dans le monde musulman. Ces derni\u00e8res ann\u00e9es, le pays a \u00e9galement bloqu\u00e9 \u00e0 plusieurs reprises l\u2019application de partage de vid\u00e9os <a href=\"https:\/\/www.newsendip.com\/fr\/des-etats-americains-lancent-une-etude-sur-les-effets-nefastes-de-tiktok-sur-les-enfants\/\">TikTok<\/a> en raison de contenus \u00ab\u202f<em>ind\u00e9cents\u202f\u00bb<\/em> et \u00ab\u202f<em>immoraux\u202f\u00bb<\/em>.<\/p>\n<p><a href=\"https:\/\/www.newsendip.com\/fr\/etiquette\/pakistan-fr\/\"><strong>D\u00e9couvrez plus d\u2019actualit\u00e9s sur le Pakistan<\/strong><\/a><\/p>\n","protected":false},"excerpt":{"rendered":"<p>Le Premier ministre pakistanais a ordonn\u00e9 le r\u00e9tablissement de l\u2019acc\u00e8s \u00e0 Wikip\u00e9dia dans le pays apr\u00e8s avoir \u00e9t\u00e9 bloqu\u00e9 quelques jours en raison de contenu \u00ab\u202fsacril\u00e8ge\u202f\u00bb.<\/p>\n","protected":false},"author":5,"featured_media":24551,"comment_status":"closed","ping_status":"open","sticky":false,"template":"","format":"standard","meta":{"wp_typography_post_enhancements_disabled":false,"footnotes":""},"categories":[416],"tags":[1349,421],"class_list":["post-24542","post","type-post","status-publish","format-standard","has-post-thumbnail","hentry","category-politique","tag-pakistan-fr","tag-vieux"],"yoast_head":"<!-- This site is optimized with the Yoast SEO Premium plugin v27.4 (Yoast SEO v27.4) - https:\/\/yoast.com\/product\/yoast-seo-premium-wordpress\/ -->\n<title>Le Pakistan r\u00e9tablit l&#039;acc\u00e8s \u00e0 Wikip\u00e9dia apr\u00e8s une interdiction pour du contenu &quot;sacril\u00e8ge&quot;<\/title>\n<meta name=\"description\" content=\"Le Premier ministre pakistanais a ordonn\u00e9 le r\u00e9tablissement de l&#039;acc\u00e8s \u00e0 Wikip\u00e9dia dans le pays apr\u00e8s avoir \u00e9t\u00e9 bloqu\u00e9 quelques jours en raison de contenu &quot;sacril\u00e8ge&quot;.\" \/>\n<meta name=\"robots\" content=\"index, follow, max-snippet:-1, max-image-preview:large, max-video-preview:-1\" \/>\n<link rel=\"canonical\" href=\"https:\/\/www.newsendip.com\/fr\/le-pakistan-retablit-lacces-a-wikipedia-apres-une-interdiction-pour-du-contenu-sacrilege\/\" \/>\n<meta property=\"og:locale\" content=\"fr_FR\" \/>\n<meta property=\"og:type\" content=\"article\" \/>\n<meta property=\"og:title\" content=\"Le Pakistan r\u00e9tablit l&#039;acc\u00e8s \u00e0 Wikip\u00e9dia apr\u00e8s une interdiction pour du contenu &quot;sacril\u00e8ge&quot;\" \/>\n<meta property=\"og:description\" content=\"Le Premier ministre pakistanais a ordonn\u00e9 le r\u00e9tablissement de l&#039;acc\u00e8s \u00e0 Wikip\u00e9dia dans le pays apr\u00e8s avoir \u00e9t\u00e9 bloqu\u00e9 quelques jours en raison de contenu &quot;sacril\u00e8ge&quot;.\" \/>\n<meta property=\"og:url\" content=\"https:\/\/www.newsendip.com\/fr\/le-pakistan-retablit-lacces-a-wikipedia-apres-une-interdiction-pour-du-contenu-sacrilege\/\" \/>\n<meta property=\"og:site_name\" content=\"Newsendip\" \/>\n<meta property=\"article:publisher\" content=\"https:\/\/www.facebook.com\/newsendip\" \/>\n<meta property=\"article:published_time\" content=\"2023-02-07T10:27:41+00:00\" \/>\n<meta property=\"article:modified_time\" content=\"2024-07-18T13:48:58+00:00\" \/>\n<meta property=\"og:image\" content=\"https:\/\/www.newsendip.com\/wp-content\/uploads\/2023\/02\/Wikipedia-logo.jpeg\" \/>\n\t<meta property=\"og:image:width\" content=\"1920\" \/>\n\t<meta property=\"og:image:height\" content=\"1080\" \/>\n\t<meta property=\"og:image:type\" content=\"image\/jpeg\" \/>\n<meta name=\"author\" content=\"Newsendip\" \/>\n<meta name=\"twitter:card\" content=\"summary_large_image\" \/>\n<meta name=\"twitter:image\" content=\"https:\/\/www.newsendip.com\/wp-content\/uploads\/2023\/02\/Wikipedia-logo.jpeg\" \/>\n<meta name=\"twitter:creator\" content=\"@newsendip\" \/>\n<meta name=\"twitter:site\" content=\"@newsendip\" \/>\n<meta name=\"twitter:label1\" content=\"\u00c9crit par\" \/>\n\t<meta name=\"twitter:data1\" content=\"Newsendip\" \/>\n<!-- \/ Yoast SEO Premium plugin. -->","yoast_head_json":{"title":"Le Pakistan r\u00e9tablit l'acc\u00e8s \u00e0 Wikip\u00e9dia apr\u00e8s une interdiction pour du contenu \"sacril\u00e8ge\"","description":"Le Premier ministre pakistanais a ordonn\u00e9 le r\u00e9tablissement de l'acc\u00e8s \u00e0 Wikip\u00e9dia dans le pays apr\u00e8s avoir \u00e9t\u00e9 bloqu\u00e9 quelques jours en raison de contenu \"sacril\u00e8ge\".","robots":{"index":"index","follow":"follow","max-snippet":"max-snippet:-1","max-image-preview":"max-image-preview:large","max-video-preview":"max-video-preview:-1"},"canonical":"https:\/\/www.newsendip.com\/fr\/le-pakistan-retablit-lacces-a-wikipedia-apres-une-interdiction-pour-du-contenu-sacrilege\/","og_locale":"fr_FR","og_type":"article","og_title":"Le Pakistan r\u00e9tablit l'acc\u00e8s \u00e0 Wikip\u00e9dia apr\u00e8s une interdiction pour du contenu \"sacril\u00e8ge\"","og_description":"Le Premier ministre pakistanais a ordonn\u00e9 le r\u00e9tablissement de l'acc\u00e8s \u00e0 Wikip\u00e9dia dans le pays apr\u00e8s avoir \u00e9t\u00e9 bloqu\u00e9 quelques jours en raison de contenu \"sacril\u00e8ge\".","og_url":"https:\/\/www.newsendip.com\/fr\/le-pakistan-retablit-lacces-a-wikipedia-apres-une-interdiction-pour-du-contenu-sacrilege\/","og_site_name":"Newsendip","article_publisher":"https:\/\/www.facebook.com\/newsendip","article_published_time":"2023-02-07T10:27:41+00:00","article_modified_time":"2024-07-18T13:48:58+00:00","og_image":[{"width":1920,"height":1080,"url":"https:\/\/www.newsendip.com\/wp-content\/uploads\/2023\/02\/Wikipedia-logo.jpeg","type":"image\/jpeg"}],"author":"Newsendip","twitter_card":"summary_large_image","twitter_image":"https:\/\/www.newsendip.com\/wp-content\/uploads\/2023\/02\/Wikipedia-logo.jpeg","twitter_creator":"@newsendip","twitter_site":"@newsendip","twitter_misc":{"\u00c9crit par":"Newsendip"},"schema":{"@context":"https:\/\/schema.org","@graph":[{"@type":"NewsArticle","@id":"https:\/\/www.newsendip.com\/fr\/le-pakistan-retablit-lacces-a-wikipedia-apres-une-interdiction-pour-du-contenu-sacrilege\/#article","isPartOf":{"@id":"https:\/\/www.newsendip.com\/fr\/le-pakistan-retablit-lacces-a-wikipedia-apres-une-interdiction-pour-du-contenu-sacrilege\/"},"author":{"name":"Newsendip","@id":"https:\/\/www.newsendip.com\/fr\/#\/schema\/person\/1771374da10fd3219f19c814117f7c96"},"headline":"Le Pakistan r\u00e9tablit l\u2019acc\u00e8s \u00e0 Wikip\u00e9dia apr\u00e8s une interdiction pour du contenu \u00ab\u202fsacril\u00e8ge\u202f\u00bb","datePublished":"2023-02-07T10:27:41+00:00","dateModified":"2024-07-18T13:48:58+00:00","mainEntityOfPage":{"@id":"https:\/\/www.newsendip.com\/fr\/le-pakistan-retablit-lacces-a-wikipedia-apres-une-interdiction-pour-du-contenu-sacrilege\/"},"wordCount":708,"publisher":{"@id":"https:\/\/www.newsendip.com\/fr\/#organization"},"image":{"@id":"https:\/\/www.newsendip.com\/fr\/le-pakistan-retablit-lacces-a-wikipedia-apres-une-interdiction-pour-du-contenu-sacrilege\/#primaryimage"},"thumbnailUrl":"https:\/\/www.newsendip.com\/wp-content\/uploads\/2023\/02\/Wikipedia-logo.webp","keywords":["Pakistan","Vieux"],"articleSection":["Politique"],"inLanguage":"fr-FR","copyrightYear":"2023","copyrightHolder":{"@id":"https:\/\/www.newsendip.com\/#organization"}},{"@type":"WebPage","@id":"https:\/\/www.newsendip.com\/fr\/le-pakistan-retablit-lacces-a-wikipedia-apres-une-interdiction-pour-du-contenu-sacrilege\/","url":"https:\/\/www.newsendip.com\/fr\/le-pakistan-retablit-lacces-a-wikipedia-apres-une-interdiction-pour-du-contenu-sacrilege\/","name":"Le Pakistan r\u00e9tablit l'acc\u00e8s \u00e0 Wikip\u00e9dia apr\u00e8s une interdiction pour du contenu \"sacril\u00e8ge\"","isPartOf":{"@id":"https:\/\/www.newsendip.com\/fr\/#website"},"primaryImageOfPage":{"@id":"https:\/\/www.newsendip.com\/fr\/le-pakistan-retablit-lacces-a-wikipedia-apres-une-interdiction-pour-du-contenu-sacrilege\/#primaryimage"},"image":{"@id":"https:\/\/www.newsendip.com\/fr\/le-pakistan-retablit-lacces-a-wikipedia-apres-une-interdiction-pour-du-contenu-sacrilege\/#primaryimage"},"thumbnailUrl":"https:\/\/www.newsendip.com\/wp-content\/uploads\/2023\/02\/Wikipedia-logo.webp","datePublished":"2023-02-07T10:27:41+00:00","dateModified":"2024-07-18T13:48:58+00:00","description":"Le Premier ministre pakistanais a ordonn\u00e9 le r\u00e9tablissement de l'acc\u00e8s \u00e0 Wikip\u00e9dia dans le pays apr\u00e8s avoir \u00e9t\u00e9 bloqu\u00e9 quelques jours en raison de contenu \"sacril\u00e8ge\".","breadcrumb":{"@id":"https:\/\/www.newsendip.com\/fr\/le-pakistan-retablit-lacces-a-wikipedia-apres-une-interdiction-pour-du-contenu-sacrilege\/#breadcrumb"},"inLanguage":"fr-FR","potentialAction":[{"@type":"ReadAction","target":["https:\/\/www.newsendip.com\/fr\/le-pakistan-retablit-lacces-a-wikipedia-apres-une-interdiction-pour-du-contenu-sacrilege\/"]}]},{"@type":"ImageObject","inLanguage":"fr-FR","@id":"https:\/\/www.newsendip.com\/fr\/le-pakistan-retablit-lacces-a-wikipedia-apres-une-interdiction-pour-du-contenu-sacrilege\/#primaryimage","url":"https:\/\/www.newsendip.com\/wp-content\/uploads\/2023\/02\/Wikipedia-logo.webp","contentUrl":"https:\/\/www.newsendip.com\/wp-content\/uploads\/2023\/02\/Wikipedia-logo.webp","width":1920,"height":1080,"caption":"\u00a9 Wikimedia commons"},{"@type":"BreadcrumbList","@id":"https:\/\/www.newsendip.com\/fr\/le-pakistan-retablit-lacces-a-wikipedia-apres-une-interdiction-pour-du-contenu-sacrilege\/#breadcrumb","itemListElement":[{"@type":"ListItem","position":1,"name":"Accueil","item":"https:\/\/www.newsendip.com\/fr\/"},{"@type":"ListItem","position":2,"name":"Le Pakistan r\u00e9tablit l&#8217;acc\u00e8s \u00e0 Wikip\u00e9dia apr\u00e8s une interdiction pour du contenu &#8220;sacril\u00e8ge&#8221;"}]},{"@type":"WebSite","@id":"https:\/\/www.newsendip.com\/fr\/#website","url":"https:\/\/www.newsendip.com\/fr\/","name":"Newsendip","description":"Red\u00e9couvrez l&#039;actualit\u00e9 internationale","publisher":{"@id":"https:\/\/www.newsendip.com\/fr\/#organization"},"potentialAction":[{"@type":"SearchAction","target":{"@type":"EntryPoint","urlTemplate":"https:\/\/www.newsendip.com\/fr\/?s={search_term_string}"},"query-input":{"@type":"PropertyValueSpecification","valueRequired":true,"valueName":"search_term_string"}}],"inLanguage":"fr-FR"},{"@type":"Organization","@id":"https:\/\/www.newsendip.com\/fr\/#organization","name":"Newsendip","url":"https:\/\/www.newsendip.com\/fr\/","logo":{"@type":"ImageObject","inLanguage":"fr-FR","@id":"https:\/\/www.newsendip.com\/fr\/#\/schema\/logo\/image\/","url":"https:\/\/www.newsendip.com\/wp-content\/uploads\/2023\/12\/512x512.svg","contentUrl":"https:\/\/www.newsendip.com\/wp-content\/uploads\/2023\/12\/512x512.svg","width":1,"height":1,"caption":"Newsendip"},"image":{"@id":"https:\/\/www.newsendip.com\/fr\/#\/schema\/logo\/image\/"},"sameAs":["https:\/\/www.facebook.com\/newsendip","https:\/\/x.com\/newsendip","https:\/\/mastodon.social\/@newsendip","https:\/\/www.linkedin.com\/company\/newsendip"],"description":"Newsendip est un site qui a pour mission de rendre l'actualit\u00e9 internationale accessible et diversifi\u00e9e","email":"contact@newsendip.com","legalName":"Newsendip SAS","foundingDate":"2022-11-04","vatID":"FR60921124723","numberOfEmployees":{"@type":"QuantitativeValue","minValue":"1","maxValue":"10"},"publishingPrinciples":"https:\/\/www.newsendip.com\/about-us\/","ownershipFundingInfo":"https:\/\/www.newsendip.com\/legal-notice\/","actionableFeedbackPolicy":"https:\/\/www.newsendip.com\/about-us\/","correctionsPolicy":"https:\/\/www.newsendip.com\/about-us\/","ethicsPolicy":"https:\/\/www.newsendip.com\/about-us\/","diversityPolicy":"https:\/\/www.newsendip.com\/about-us\/"},{"@type":"Person","@id":"https:\/\/www.newsendip.com\/fr\/#\/schema\/person\/1771374da10fd3219f19c814117f7c96","name":"Newsendip","description":"Articles written by Newsendip newsroom and\/or with the help of news agencies.","knowsAbout":["News"],"url":"https:\/\/www.newsendip.com\/fr\/author\/newsendip\/"}]}},"_links":{"self":[{"href":"https:\/\/www.newsendip.com\/fr\/wp-json\/wp\/v2\/posts\/24542","targetHints":{"allow":["GET"]}}],"collection":[{"href":"https:\/\/www.newsendip.com\/fr\/wp-json\/wp\/v2\/posts"}],"about":[{"href":"https:\/\/www.newsendip.com\/fr\/wp-json\/wp\/v2\/types\/post"}],"author":[{"embeddable":true,"href":"https:\/\/www.newsendip.com\/fr\/wp-json\/wp\/v2\/users\/5"}],"replies":[{"embeddable":true,"href":"https:\/\/www.newsendip.com\/fr\/wp-json\/wp\/v2\/comments?post=24542"}],"version-history":[{"count":0,"href":"https:\/\/www.newsendip.com\/fr\/wp-json\/wp\/v2\/posts\/24542\/revisions"}],"wp:featuredmedia":[{"embeddable":true,"href":"https:\/\/www.newsendip.com\/fr\/wp-json\/wp\/v2\/media\/24551"}],"wp:attachment":[{"href":"https:\/\/www.newsendip.com\/fr\/wp-json\/wp\/v2\/media?parent=24542"}],"wp:term":[{"taxonomy":"category","embeddable":true,"href":"https:\/\/www.newsendip.com\/fr\/wp-json\/wp\/v2\/categories?post=24542"},{"taxonomy":"post_tag","embeddable":true,"href":"https:\/\/www.newsendip.com\/fr\/wp-json\/wp\/v2\/tags?post=24542"}],"curies":[{"name":"wp","href":"https:\/\/api.w.org\/{rel}","templated":true}]}}