{"id":24887,"date":"2023-02-13T23:56:05","date_gmt":"2023-02-13T22:56:05","guid":{"rendered":"https:\/\/www.newsendip.com\/?p=24887"},"modified":"2024-07-05T12:37:33","modified_gmt":"2024-07-05T10:37:33","slug":"en-allemagne-le-parti-liberal-democrate-plaide-a-nouveau-pour-lutilisation-repandue-de-langlais-dans-ladministration","status":"publish","type":"post","link":"https:\/\/www.newsendip.com\/fr\/en-allemagne-le-parti-liberal-democrate-plaide-a-nouveau-pour-lutilisation-repandue-de-langlais-dans-ladministration\/","title":{"rendered":"En Allemagne, le Parti lib\u00e9ral-d\u00e9mocrate plaide \u00e0 nouveau pour l\u2019utilisation r\u00e9pandue de l\u2019anglais dans l\u2019administration"},"content":{"rendered":"<p><strong>L\u2019Allemagne est confront\u00e9e \u00e0 une p\u00e9nurie de main d\u2019\u0153uvre qualifi\u00e9e et le Parti lib\u00e9ral-d\u00e9mocrate plaide pour que l\u2019administration publique soit plus accueillante pour les travailleurs qui ne parlent pas allemand en utilisant l\u2019anglais. Ce n\u2019est pas si simple.<br>\n<\/strong><\/p>\n<figure id=\"attachment_24926\" aria-describedby=\"caption-attachment-24926\" style=\"width: 1024px\" class=\"wp-caption aligncenter\"><img decoding=\"async\" class=\"wp-image-24926 size-large\" src=\"https:\/\/www.newsendip.com\/wp-content\/uploads\/2023\/02\/bundestag-germany-1024x724.webp\" alt=\"Bundestag\" width=\"1024\" height=\"724\" srcset=\"https:\/\/www.newsendip.com\/wp-content\/uploads\/2023\/02\/bundestag-germany-1024x724.webp 1024w, https:\/\/www.newsendip.com\/wp-content\/uploads\/2023\/02\/bundestag-germany-60x42.webp 60w, https:\/\/www.newsendip.com\/wp-content\/uploads\/2023\/02\/bundestag-germany-300x212.webp 300w, https:\/\/www.newsendip.com\/wp-content\/uploads\/2023\/02\/bundestag-germany-768x543.webp 768w, https:\/\/www.newsendip.com\/wp-content\/uploads\/2023\/02\/bundestag-germany-1536x1086.webp 1536w, https:\/\/www.newsendip.com\/wp-content\/uploads\/2023\/02\/bundestag-germany.webp 1920w\" sizes=\"(max-width: 1024px) 100vw, 1024px\"><figcaption id=\"caption-attachment-24926\" class=\"wp-caption-text\">Le b\u00e2timent du Bundestag | \u00a9 Maheshkumar Painam<\/figcaption><\/figure>\n<p>La semaine derni\u00e8re, le secr\u00e9taire g\u00e9n\u00e9ral du Parti lib\u00e9ral d\u00e9mocrate (FDP), Bijan Djir-Sarai, a d\u00e9clar\u00e9 aux m\u00e9dias bavarois r\u00e9gionaux que le FDP souhaitait que <a href=\"https:\/\/www.tagesschau.de\/inland\/gesellschaft\/behoerden-verwaltungssprache-fdp-101.html\">l\u2019anglais devienne la deuxi\u00e8me langue administrative du pays<\/a> apr\u00e8s l\u2019allemand.<\/p>\n<p>\u00ab\u202f<em>Quiconque parle anglais ne doit pas \u00e9chouer \u00e0 cause des autorit\u00e9s allemandes\u202f\u00bb<\/em>, avan\u00e7ant que l\u2019administration rend difficile l\u2019arriv\u00e9e de travailleurs qualifi\u00e9s dans le pays dans un contexte de \u00ab\u202f<em>concurrence mondiale pour les esprits les plus brillants\u202f\u00bb<\/em>.<\/p>\n<p>Avec cette volont\u00e9 de faciliter les proc\u00e9dures administratives et le premier contact avec l\u2019Allemagne pour les aspirants immigr\u00e9s, Bijan Djir-Sarai r\u00e9agit aux derni\u00e8res pr\u00e9dictions de p\u00e9nurie de main\u2011d\u2019\u0153uvre qualifi\u00e9e. D\u2019ici 2026, le gouvernement f\u00e9d\u00e9ral s\u2019attend \u00e0 une p\u00e9nurie d\u2019environ 240 000 travailleurs qualifi\u00e9s.<\/p>\n<p>Les entreprises \u00ab\u202f<em>sont ouvertes aux candidats anglophones\u202f\u00bb<\/em>, estime le secr\u00e9taire g\u00e9n\u00e9ral du FDD, \u00ab\u202f<em>alors on peut aussi s\u2019attendre \u00e0 ce que nos autorit\u00e9s et administrations soient en mesure d\u2019offrir \u00e0 ces personnes un service complet en anglais\u202f\u00bb<\/em>.<\/p>\n<p>Avec une population vieillissante qui quitte le march\u00e9 du travail, la p\u00e9nurie de la population en \u00e2ge de travailler est un probl\u00e8me majeur pour l\u2019Allemagne aujourd\u2019hui et dans les ann\u00e9es \u00e0&nbsp;venir.<\/p>\n<p>L\u2019<a href=\"https:\/\/www.iab-forum.de\/erwerbszuwanderung-aus-drittstaaten-koennte-und-sollte-gestaerkt-werden\/\">Institut de recherche de l\u2019Agence f\u00e9d\u00e9rale pour l\u2019emploi<\/a> (IAB) pr\u00e9voit que 400 000 personnes venant en Allemagne chaque ann\u00e9e seraient n\u00e9cessaires pour compenser la p\u00e9nurie de travailleurs. \u00ab\u202f<em>\u00c9tant donn\u00e9 que l\u2019augmentation du taux d\u2019emploi est en train d\u2019atteindre ses limites, une immigration nette pouvant atteindre 400 000 personnes par an est n\u00e9cessaire pour maintenir le potentiel de main-d\u2019\u0153uvre constant \u00e0 long&nbsp;terme.\u202f\u00bb<\/em><\/p>\n<p>L\u2019<a href=\"https:\/\/www.newsendip.com\/fr\/le-premier-ministre-du-quebec-souhaite-accueillir-des-immigrants-economiques-uniquement-francophones-dici-2026\/\">immigration \u00e9conomique<\/a> en Allemagne est actuellement limit\u00e9e \u00e0 60 000 personnes par an. Mais pour Bernd Fitzenberger, le directeur de l\u2019IAB, \u00ab\u202f<em>l\u2019immigration \u00e9conomique en provenance de pays tiers devrait augmenter afin de couvrir la p\u00e9nurie croissante de travailleurs qualifi\u00e9s\u202f\u00bb<\/em>, ajoutant que \u00ab\u202f<em>les propositions de r\u00e9forme du gouvernement f\u00e9d\u00e9ral sont bonnes, mais elles ne sont pas suffisantes\u202f\u00bb<\/em>.<\/p>\n<p>Une enqu\u00eate men\u00e9e par la <a href=\"https:\/\/www.dihk.de\/de\/themen-und-positionen\/fachkraefte\/beschaeftigung\/trotz-schwieriger-wirtschaftslage-fachkraefteengpaesse-nehmen-zu-89118\">Chambre de commerce et d\u2019industrie allemande<\/a> (DIHK) aupr\u00e8s de 22 000 entreprises allemandes en fin d\u2019ann\u00e9e derni\u00e8re a montr\u00e9 que 53\u202f% d\u2019entre elles sont impact\u00e9es par la p\u00e9nurie de main\u2011d\u2019\u0153uvre. Le DIHK suppose que 2 millions de postes sont vacants en Allemagne, ce qui co\u00fbterait pr\u00e8s de 100 milliards d\u2019euros en potentiel de cr\u00e9ation de valeur perdu \u00e0 l\u2019\u00e9conomie allemande.<\/p>\n<p>Le personnel qualifi\u00e9 est celle que <a href=\"https:\/\/www.newsendip.com\/fr\/economie\/\">les entreprises<\/a> allemandes cherche le plus \u00e0 recruter et beaucoup d\u2019entre elles n\u2019h\u00e9site plus \u00e0 recruter de jeunes talents dipl\u00f4m\u00e9s qui ne <a href=\"https:\/\/www.newsendip.com\/fr\/la-republique-tcheque-envisage-de-supprimer-la-lv2-langue-vivante-obligatoire-au-college\/\">parlent pas allemand<\/a> mais anglais.<\/p>\n<p>\u00ab\u202f<em>Nous devrions \u00eatre ouverts aux travailleurs qualifi\u00e9s qui ne parlent pas allemand d\u00e8s le d\u00e9but mais qui parlent bien l\u2019anglais. Cela augmenterait clairement les chances de succ\u00e8s d\u2019une politique d\u2019immigration de travailleurs qualifi\u00e9s\u202f\u00bb<\/em>, souligne Peter Adrian, pr\u00e9sident de la DIHK, en faveur de l\u2019anglais comme langue administrative officielle, tout en soulignant que conna\u00eetre l\u2019allemand est utile pour l\u2019int\u00e9gration dans la soci\u00e9t\u00e9 \u00e0 long&nbsp;terme.<\/p>\n<p>Les repr\u00e9sentants des entreprises allemandes pr\u00e9f\u00e9reraient que l\u2019usage de l\u2019anglais soit plus r\u00e9pandu comme dans les pays nordiques tels que la <a href=\"https:\/\/www.newsendip.com\/fr\/etiquette\/suede\/\">Su\u00e8de<\/a>, la <a href=\"https:\/\/www.newsendip.com\/fr\/etiquette\/norvege\/\">Norv\u00e8ge<\/a> ou le <a href=\"https:\/\/www.newsendip.com\/fr\/etiquette\/danemark\/\">Danemark<\/a>, o\u00f9 la langue pourrait \u00e9galement constituer un frein \u00e0 l\u2019attractivit\u00e9 aupr\u00e8s des \u00e9trangers.<\/p>\n<p>En juillet dernier, faire de l\u2019anglais la deuxi\u00e8me langue administrative du pays faisait partie des <a href=\"https:\/\/www.fdp.de\/deutschland-muss-attraktives-einwanderungsland-werden\">10 propositions<\/a> du FDP, le parti de centre-droit en faveur du lib\u00e9ralisme \u00e9cononique et membre du gouvernement de coalition, pour rendre l\u2019Allemagne plus attrayante pour les travailleurs \u00e9trangers, avec notamment qu\u2019une d\u00e9livrance plus rapide des <a href=\"https:\/\/www.newsendip.com\/fr\/le-royaume-uni-supprime-le-visa-touristique-pour-la-colombie-le-perou-et-le-guyana-esperant-attirer-davantage-de-visiteurs\/\">visas<\/a> num\u00e9riques et d\u2019un syst\u00e8me \u00e0 points pour l\u2019immigration \u00e9conomique. Jusqu\u2019\u00e0 pr\u00e9sent, seul le FDP, dont le site internet est uniquement r\u00e9dig\u00e9 en allemand, pousse pour introduire l\u2019anglais comme langue administrative officielle.<\/p>\n<p>En revanche, la F\u00e9d\u00e9ration allemande de la fonction publique (DBB), deuxi\u00e8me plus grand organisation syndicale d\u2019Allemagne, a r\u00e9agi n\u00e9gativement \u00e0 cette proposition. La porte-parole Britta Ibald a fait valoir en juillet que l\u2019introduction de l\u2019anglais comme deuxi\u00e8me langue officielle partout dans le pays, ind\u00e9pendamment des sp\u00e9cificit\u00e9s et sp\u00e9cialit\u00e9s r\u00e9gionales, ne semble pas tr\u00e8s efficace par rapport \u00e0 l\u2019effort suppl\u00e9mentaire requis, avec le risque d\u2019ajouter beaucoup de bureaucratie.<\/p>\n<p>Bien que la constitution allemande ne pr\u00e9voie aucune langue officielle, l\u2019allemand est la base de toutes les lois f\u00e9d\u00e9rales et des d\u00e9cisions de justice dans le pays et n\u00e9cessiterait une traduction pr\u00e9cise. Et les administrations des \u00c9tats f\u00e9d\u00e9r\u00e9s devraient \u00e9galement adopter l\u2019anglais comme deuxi\u00e8me langue.<\/p>\n<p>L\u2019<a href=\"https:\/\/www.dstgb.de\/publikationen\/pressemitteilungen\/zeitenwende-erfordert-neuausrichtung-der-politik-1\/\">association allemande des villes et municipalit\u00e9s<\/a> a \u00e9galement avanc\u00e9 qu\u2019un tel changement prendrait des ann\u00e9es \u00e0 mettre en \u0153uvre, car il faudrait embaucher du personnel anglophone. L\u2019association plaide pour plus d\u2019efficacit\u00e9 et de num\u00e9risation, car les bureaux publics sont et seront \u00e9galement touch\u00e9s par la p\u00e9nurie de travailleurs. Au cours des dix prochaines ann\u00e9es, les municipalit\u00e9s perdront 500 000 personnes, soit environ un tiers de leur personnel, selon l\u2019association.<\/p>\n<p>Bettina Stark-Watzinger, ministre f\u00e9d\u00e9rale de l\u2019\u00e9ducation et membre du FDP, avait reconnu que \u00ab\u202f<em>le bilinguisme dans l\u2019administration ne peut pas \u00eatre mis en \u0153uvre imm\u00e9diatement\u202f\u00bb<\/em>.<\/p>\n<p>Mais les appels du FDP concernant cette id\u00e9e d\u2019un pays anglophone datent d\u2019il y a plusieurs ann\u00e9es. En 2014 d\u00e9j\u00e0, Alexander Graf Lambsdorff, membre du FDP et \u00e9lu au Parlement europ\u00e9en \u00e0 l\u2019\u00e9poque, <a href=\"https:\/\/www.welt.de\/debatte\/kommentare\/article135390461\/Englisch-muss-unsere-Verwaltungssprache-werden.html\">dans une tribune<\/a> plaidait pour que l\u2019anglais devienne une des langues administratives de l\u2019Allemagne.<\/p>\n<p><strong><a href=\"https:\/\/www.newsendip.com\/fr\/etiquette\/allemagne\/\">D\u00e9couvrez plus d\u2019actualit\u00e9 sur l\u2019Allemagne<\/a><\/strong><\/p>\n","protected":false},"excerpt":{"rendered":"<p>L\u2019Allemagne est confront\u00e9e \u00e0 une p\u00e9nurie de main d\u2019\u0153uvre qualifi\u00e9e et le Parti lib\u00e9ral-d\u00e9mocrate plaide pour que l\u2019administration publique soit plus accueillante pour les travailleurs qui ne parlent pas allemand en utilisant l\u2019anglais. Ce n\u2019est pas si simple.<\/p>\n","protected":false},"author":1,"featured_media":24926,"comment_status":"closed","ping_status":"open","sticky":false,"template":"","format":"standard","meta":{"wp_typography_post_enhancements_disabled":false,"footnotes":""},"categories":[416],"tags":[478,1334],"class_list":["post-24887","post","type-post","status-publish","format-standard","has-post-thumbnail","hentry","category-politique","tag-allemagne","tag-nouveau"],"yoast_head":"<!-- This site is optimized with the Yoast SEO Premium plugin v27.4 (Yoast SEO v27.4) - https:\/\/yoast.com\/product\/yoast-seo-premium-wordpress\/ -->\n<title>En Allemagne, le Parti lib\u00e9ral-d\u00e9mocrate plaide \u00e0 nouveau pour l&#039;utilisation r\u00e9pandue de l&#039;anglais dans l&#039;administration<\/title>\n<meta name=\"description\" content=\"L&#039;Allemagne est confront\u00e9e \u00e0 une p\u00e9nurie de main d\u2019\u0153uvre qualifi\u00e9e et le Parti lib\u00e9ral-d\u00e9mocrate plaide pour que l&#039;administration publique soit plus accueillante pour les travailleurs qui ne parlent pas allemand en utilisant l&#039;anglais. Ce n&#039;est pas si simple.\" \/>\n<meta name=\"robots\" content=\"index, follow, max-snippet:-1, max-image-preview:large, max-video-preview:-1\" \/>\n<link rel=\"canonical\" href=\"https:\/\/www.newsendip.com\/fr\/en-allemagne-le-parti-liberal-democrate-plaide-a-nouveau-pour-lutilisation-repandue-de-langlais-dans-ladministration\/\" \/>\n<meta property=\"og:locale\" content=\"fr_FR\" \/>\n<meta property=\"og:type\" content=\"article\" \/>\n<meta property=\"og:title\" content=\"En Allemagne, le Parti lib\u00e9ral-d\u00e9mocrate plaide \u00e0 nouveau pour l&#039;utilisation r\u00e9pandue de l&#039;anglais dans l&#039;administration\" \/>\n<meta property=\"og:description\" content=\"L&#039;Allemagne est confront\u00e9e \u00e0 une p\u00e9nurie de main d\u2019\u0153uvre qualifi\u00e9e et le Parti lib\u00e9ral-d\u00e9mocrate plaide pour que l&#039;administration publique soit plus accueillante pour les travailleurs qui ne parlent pas allemand en utilisant l&#039;anglais. Ce n&#039;est pas si simple.\" \/>\n<meta property=\"og:url\" content=\"https:\/\/www.newsendip.com\/fr\/en-allemagne-le-parti-liberal-democrate-plaide-a-nouveau-pour-lutilisation-repandue-de-langlais-dans-ladministration\/\" \/>\n<meta property=\"og:site_name\" content=\"Newsendip\" \/>\n<meta property=\"article:publisher\" content=\"https:\/\/www.facebook.com\/newsendip\" \/>\n<meta property=\"article:published_time\" content=\"2023-02-13T22:56:05+00:00\" \/>\n<meta property=\"article:modified_time\" content=\"2024-07-05T10:37:33+00:00\" \/>\n<meta property=\"og:image\" content=\"https:\/\/www.newsendip.com\/wp-content\/uploads\/2023\/02\/bundestag-germany-small.jpg\" \/>\n\t<meta property=\"og:image:width\" content=\"640\" \/>\n\t<meta property=\"og:image:height\" content=\"453\" \/>\n\t<meta property=\"og:image:type\" content=\"image\/jpeg\" \/>\n<meta name=\"author\" content=\"Cl\u00e9ment V\u00e9rit\u00e9\" \/>\n<meta name=\"twitter:card\" content=\"summary_large_image\" \/>\n<meta name=\"twitter:image\" content=\"https:\/\/www.newsendip.com\/wp-content\/uploads\/2023\/02\/bundestag-germany-small.jpg\" \/>\n<meta name=\"twitter:creator\" content=\"@https:\/\/twitter.com\/cverite\" \/>\n<meta name=\"twitter:site\" content=\"@newsendip\" \/>\n<meta name=\"twitter:label1\" content=\"\u00c9crit par\" \/>\n\t<meta name=\"twitter:data1\" content=\"Cl\u00e9ment V\u00e9rit\u00e9\" \/>\n\t<meta name=\"twitter:label2\" content=\"Dur\u00e9e de lecture estim\u00e9e\" \/>\n\t<meta name=\"twitter:data2\" content=\"5 minutes\" \/>\n<!-- \/ Yoast SEO Premium plugin. -->","yoast_head_json":{"title":"En Allemagne, le Parti lib\u00e9ral-d\u00e9mocrate plaide \u00e0 nouveau pour l'utilisation r\u00e9pandue de l'anglais dans l'administration","description":"L'Allemagne est confront\u00e9e \u00e0 une p\u00e9nurie de main d\u2019\u0153uvre qualifi\u00e9e et le Parti lib\u00e9ral-d\u00e9mocrate plaide pour que l'administration publique soit plus accueillante pour les travailleurs qui ne parlent pas allemand en utilisant l'anglais. Ce n'est pas si simple.","robots":{"index":"index","follow":"follow","max-snippet":"max-snippet:-1","max-image-preview":"max-image-preview:large","max-video-preview":"max-video-preview:-1"},"canonical":"https:\/\/www.newsendip.com\/fr\/en-allemagne-le-parti-liberal-democrate-plaide-a-nouveau-pour-lutilisation-repandue-de-langlais-dans-ladministration\/","og_locale":"fr_FR","og_type":"article","og_title":"En Allemagne, le Parti lib\u00e9ral-d\u00e9mocrate plaide \u00e0 nouveau pour l'utilisation r\u00e9pandue de l'anglais dans l'administration","og_description":"L'Allemagne est confront\u00e9e \u00e0 une p\u00e9nurie de main d\u2019\u0153uvre qualifi\u00e9e et le Parti lib\u00e9ral-d\u00e9mocrate plaide pour que l'administration publique soit plus accueillante pour les travailleurs qui ne parlent pas allemand en utilisant l'anglais. Ce n'est pas si simple.","og_url":"https:\/\/www.newsendip.com\/fr\/en-allemagne-le-parti-liberal-democrate-plaide-a-nouveau-pour-lutilisation-repandue-de-langlais-dans-ladministration\/","og_site_name":"Newsendip","article_publisher":"https:\/\/www.facebook.com\/newsendip","article_published_time":"2023-02-13T22:56:05+00:00","article_modified_time":"2024-07-05T10:37:33+00:00","og_image":[{"width":640,"height":453,"url":"https:\/\/www.newsendip.com\/wp-content\/uploads\/2023\/02\/bundestag-germany-small.jpg","type":"image\/jpeg"}],"author":"Cl\u00e9ment V\u00e9rit\u00e9","twitter_card":"summary_large_image","twitter_image":"https:\/\/www.newsendip.com\/wp-content\/uploads\/2023\/02\/bundestag-germany-small.jpg","twitter_creator":"@https:\/\/twitter.com\/cverite","twitter_site":"@newsendip","twitter_misc":{"\u00c9crit par":"Cl\u00e9ment V\u00e9rit\u00e9","Dur\u00e9e de lecture estim\u00e9e":"5 minutes"},"schema":{"@context":"https:\/\/schema.org","@graph":[{"@type":"NewsArticle","@id":"https:\/\/www.newsendip.com\/fr\/en-allemagne-le-parti-liberal-democrate-plaide-a-nouveau-pour-lutilisation-repandue-de-langlais-dans-ladministration\/#article","isPartOf":{"@id":"https:\/\/www.newsendip.com\/fr\/en-allemagne-le-parti-liberal-democrate-plaide-a-nouveau-pour-lutilisation-repandue-de-langlais-dans-ladministration\/"},"author":{"name":"Cl\u00e9ment V\u00e9rit\u00e9","@id":"https:\/\/www.newsendip.com\/fr\/#\/schema\/person\/ea22c01755f464a3cbc2c619584d6363"},"headline":"En Allemagne, le Parti lib\u00e9ral-d\u00e9mocrate plaide \u00e0 nouveau pour l\u2019utilisation r\u00e9pandue de l\u2019anglais dans l\u2019administration","datePublished":"2023-02-13T22:56:05+00:00","dateModified":"2024-07-05T10:37:33+00:00","mainEntityOfPage":{"@id":"https:\/\/www.newsendip.com\/fr\/en-allemagne-le-parti-liberal-democrate-plaide-a-nouveau-pour-lutilisation-repandue-de-langlais-dans-ladministration\/"},"wordCount":1076,"publisher":{"@id":"https:\/\/www.newsendip.com\/fr\/#organization"},"image":{"@id":"https:\/\/www.newsendip.com\/fr\/en-allemagne-le-parti-liberal-democrate-plaide-a-nouveau-pour-lutilisation-repandue-de-langlais-dans-ladministration\/#primaryimage"},"thumbnailUrl":"https:\/\/www.newsendip.com\/wp-content\/uploads\/2023\/02\/bundestag-germany.webp","keywords":["Allemagne","R\u00e9cent"],"articleSection":["Politique"],"inLanguage":"fr-FR","copyrightYear":"2023","copyrightHolder":{"@id":"https:\/\/www.newsendip.com\/#organization"}},{"@type":"WebPage","@id":"https:\/\/www.newsendip.com\/fr\/en-allemagne-le-parti-liberal-democrate-plaide-a-nouveau-pour-lutilisation-repandue-de-langlais-dans-ladministration\/","url":"https:\/\/www.newsendip.com\/fr\/en-allemagne-le-parti-liberal-democrate-plaide-a-nouveau-pour-lutilisation-repandue-de-langlais-dans-ladministration\/","name":"En Allemagne, le Parti lib\u00e9ral-d\u00e9mocrate plaide \u00e0 nouveau pour l'utilisation r\u00e9pandue de l'anglais dans l'administration","isPartOf":{"@id":"https:\/\/www.newsendip.com\/fr\/#website"},"primaryImageOfPage":{"@id":"https:\/\/www.newsendip.com\/fr\/en-allemagne-le-parti-liberal-democrate-plaide-a-nouveau-pour-lutilisation-repandue-de-langlais-dans-ladministration\/#primaryimage"},"image":{"@id":"https:\/\/www.newsendip.com\/fr\/en-allemagne-le-parti-liberal-democrate-plaide-a-nouveau-pour-lutilisation-repandue-de-langlais-dans-ladministration\/#primaryimage"},"thumbnailUrl":"https:\/\/www.newsendip.com\/wp-content\/uploads\/2023\/02\/bundestag-germany.webp","datePublished":"2023-02-13T22:56:05+00:00","dateModified":"2024-07-05T10:37:33+00:00","description":"L'Allemagne est confront\u00e9e \u00e0 une p\u00e9nurie de main d\u2019\u0153uvre qualifi\u00e9e et le Parti lib\u00e9ral-d\u00e9mocrate plaide pour que l'administration publique soit plus accueillante pour les travailleurs qui ne parlent pas allemand en utilisant l'anglais. Ce n'est pas si simple.","breadcrumb":{"@id":"https:\/\/www.newsendip.com\/fr\/en-allemagne-le-parti-liberal-democrate-plaide-a-nouveau-pour-lutilisation-repandue-de-langlais-dans-ladministration\/#breadcrumb"},"inLanguage":"fr-FR","potentialAction":[{"@type":"ReadAction","target":["https:\/\/www.newsendip.com\/fr\/en-allemagne-le-parti-liberal-democrate-plaide-a-nouveau-pour-lutilisation-repandue-de-langlais-dans-ladministration\/"]}]},{"@type":"ImageObject","inLanguage":"fr-FR","@id":"https:\/\/www.newsendip.com\/fr\/en-allemagne-le-parti-liberal-democrate-plaide-a-nouveau-pour-lutilisation-repandue-de-langlais-dans-ladministration\/#primaryimage","url":"https:\/\/www.newsendip.com\/wp-content\/uploads\/2023\/02\/bundestag-germany.webp","contentUrl":"https:\/\/www.newsendip.com\/wp-content\/uploads\/2023\/02\/bundestag-germany.webp","width":1920,"height":1358,"caption":"Le b\u00e2timent du Bundestag | \u00a9 Maheshkumar Painam"},{"@type":"BreadcrumbList","@id":"https:\/\/www.newsendip.com\/fr\/en-allemagne-le-parti-liberal-democrate-plaide-a-nouveau-pour-lutilisation-repandue-de-langlais-dans-ladministration\/#breadcrumb","itemListElement":[{"@type":"ListItem","position":1,"name":"Accueil","item":"https:\/\/www.newsendip.com\/fr\/"},{"@type":"ListItem","position":2,"name":"En Allemagne, le Parti lib\u00e9ral-d\u00e9mocrate plaide \u00e0 nouveau pour l&#8217;utilisation r\u00e9pandue de l&#8217;anglais dans l&#8217;administration"}]},{"@type":"WebSite","@id":"https:\/\/www.newsendip.com\/fr\/#website","url":"https:\/\/www.newsendip.com\/fr\/","name":"Newsendip","description":"Red\u00e9couvrez l&#039;actualit\u00e9 internationale","publisher":{"@id":"https:\/\/www.newsendip.com\/fr\/#organization"},"potentialAction":[{"@type":"SearchAction","target":{"@type":"EntryPoint","urlTemplate":"https:\/\/www.newsendip.com\/fr\/?s={search_term_string}"},"query-input":{"@type":"PropertyValueSpecification","valueRequired":true,"valueName":"search_term_string"}}],"inLanguage":"fr-FR"},{"@type":"Organization","@id":"https:\/\/www.newsendip.com\/fr\/#organization","name":"Newsendip","url":"https:\/\/www.newsendip.com\/fr\/","logo":{"@type":"ImageObject","inLanguage":"fr-FR","@id":"https:\/\/www.newsendip.com\/fr\/#\/schema\/logo\/image\/","url":"https:\/\/www.newsendip.com\/wp-content\/uploads\/2023\/12\/512x512.svg","contentUrl":"https:\/\/www.newsendip.com\/wp-content\/uploads\/2023\/12\/512x512.svg","width":1,"height":1,"caption":"Newsendip"},"image":{"@id":"https:\/\/www.newsendip.com\/fr\/#\/schema\/logo\/image\/"},"sameAs":["https:\/\/www.facebook.com\/newsendip","https:\/\/x.com\/newsendip","https:\/\/mastodon.social\/@newsendip","https:\/\/www.linkedin.com\/company\/newsendip"],"description":"Newsendip est un site qui a pour mission de rendre l'actualit\u00e9 internationale accessible et diversifi\u00e9e","email":"contact@newsendip.com","legalName":"Newsendip SAS","foundingDate":"2022-11-04","vatID":"FR60921124723","numberOfEmployees":{"@type":"QuantitativeValue","minValue":"1","maxValue":"10"},"publishingPrinciples":"https:\/\/www.newsendip.com\/about-us\/","ownershipFundingInfo":"https:\/\/www.newsendip.com\/legal-notice\/","actionableFeedbackPolicy":"https:\/\/www.newsendip.com\/about-us\/","correctionsPolicy":"https:\/\/www.newsendip.com\/about-us\/","ethicsPolicy":"https:\/\/www.newsendip.com\/about-us\/","diversityPolicy":"https:\/\/www.newsendip.com\/about-us\/"},{"@type":"Person","@id":"https:\/\/www.newsendip.com\/fr\/#\/schema\/person\/ea22c01755f464a3cbc2c619584d6363","name":"Cl\u00e9ment V\u00e9rit\u00e9","description":"Cl\u00e9ment is the executive editor and founder of Newsendip. He started in the media industry as a freelance reporter at 16 for a local French newspaper after school and has never left it. He later worked for seven years at The New York Times, notably as a data analyst. He holds a Master of Management in France and a Master of Arts in the United Kingdom in International Marketing &amp; Communications Strategy. He has lived in France, the United Kingdom, and Italy.","sameAs":["https:\/\/www.newsendip.com\/","https:\/\/www.linkedin.com\/in\/clementverite\/","https:\/\/x.com\/https:\/\/twitter.com\/cverite"],"knowsAbout":["News","International","Business","Media monitoring"],"knowsLanguage":["English","French","Italian","Spanish"],"url":"https:\/\/www.newsendip.com\/fr\/author\/clement-verite\/"}]}},"_links":{"self":[{"href":"https:\/\/www.newsendip.com\/fr\/wp-json\/wp\/v2\/posts\/24887","targetHints":{"allow":["GET"]}}],"collection":[{"href":"https:\/\/www.newsendip.com\/fr\/wp-json\/wp\/v2\/posts"}],"about":[{"href":"https:\/\/www.newsendip.com\/fr\/wp-json\/wp\/v2\/types\/post"}],"author":[{"embeddable":true,"href":"https:\/\/www.newsendip.com\/fr\/wp-json\/wp\/v2\/users\/1"}],"replies":[{"embeddable":true,"href":"https:\/\/www.newsendip.com\/fr\/wp-json\/wp\/v2\/comments?post=24887"}],"version-history":[{"count":0,"href":"https:\/\/www.newsendip.com\/fr\/wp-json\/wp\/v2\/posts\/24887\/revisions"}],"wp:featuredmedia":[{"embeddable":true,"href":"https:\/\/www.newsendip.com\/fr\/wp-json\/wp\/v2\/media\/24926"}],"wp:attachment":[{"href":"https:\/\/www.newsendip.com\/fr\/wp-json\/wp\/v2\/media?parent=24887"}],"wp:term":[{"taxonomy":"category","embeddable":true,"href":"https:\/\/www.newsendip.com\/fr\/wp-json\/wp\/v2\/categories?post=24887"},{"taxonomy":"post_tag","embeddable":true,"href":"https:\/\/www.newsendip.com\/fr\/wp-json\/wp\/v2\/tags?post=24887"}],"curies":[{"name":"wp","href":"https:\/\/api.w.org\/{rel}","templated":true}]}}