{"id":25672,"date":"2023-02-28T20:15:45","date_gmt":"2023-02-28T19:15:45","guid":{"rendered":"https:\/\/www.newsendip.com\/?p=25672"},"modified":"2023-04-17T12:04:57","modified_gmt":"2023-04-17T10:04:57","slug":"plus-dune-norvegienne-sur-5-victime-de-viol-la-violence-en-augmentation-en-norvege-sur-la-derniere-decennie-selon-un-nouveau-rapport","status":"publish","type":"post","link":"https:\/\/www.newsendip.com\/fr\/plus-dune-norvegienne-sur-5-victime-de-viol-la-violence-en-augmentation-en-norvege-sur-la-derniere-decennie-selon-un-nouveau-rapport\/","title":{"rendered":"Plus d\u2019une norv\u00e9gienne sur 5 fut victime de viol. Le \u201cparadoxe nordique\u201d de la violence envers les femmes en Norv\u00e8ge"},"content":{"rendered":"<p><strong>Selon une \u00e9tude command\u00e9e par le minist\u00e8re de la justice, les violences physiques graves, les violences domestiques et les viols ont augment\u00e9 en Norv\u00e8ge au cours des neuf derni\u00e8res ann\u00e9es. Pr\u00e8s d\u2019une femme norv\u00e9gienne sur quatre a d\u00e9clar\u00e9 avoir \u00e9t\u00e9 victime d\u2019un viol au moins une fois dans sa vie. La violence dans un cercle proche est estim\u00e9e avoir co\u00fbt\u00e9 8,5 milliards d\u2019euros \u00e0 la soci\u00e9t\u00e9 norv\u00e9gienne en&nbsp;2021.<br>\n<\/strong><\/p>\n<figure id=\"attachment_25728\" aria-describedby=\"caption-attachment-25728\" style=\"width: 560px\" class=\"wp-caption aligncenter\"><img decoding=\"async\" class=\"wp-image-25728 size-full\" src=\"https:\/\/www.newsendip.com\/wp-content\/uploads\/2023\/02\/norway-report-violence-abuse.webp\" alt=\"ministre norv\u00e9gienne de la Justice Emilie Enger Mehl\" width=\"560\" height=\"420\" srcset=\"https:\/\/www.newsendip.com\/wp-content\/uploads\/2023\/02\/norway-report-violence-abuse.webp 560w, https:\/\/www.newsendip.com\/wp-content\/uploads\/2023\/02\/norway-report-violence-abuse-60x45.webp 60w, https:\/\/www.newsendip.com\/wp-content\/uploads\/2023\/02\/norway-report-violence-abuse-300x225.webp 300w\" sizes=\"(max-width: 560px) 100vw, 560px\"><figcaption id=\"caption-attachment-25728\" class=\"wp-caption-text\">Maria Teresa Gr\u00f8nning Dale, chercheuse au NKTVS (gauche), et la ministre norv\u00e9gienne de la Justice Emilie Enger Mehl (droite) recevant le rapport sur la Violence au sein de la population norv\u00e9gienne | \u00a9 gouvernement norv\u00e9gien<\/figcaption><\/figure>\n<p>Le rapport sur l\u2019<a href=\"https:\/\/www.nkvts.no\/rapport\/omfang-av-vold-og-overgrep-i-den-norske-befolkningen\/\">Ampleur de la violence et des abus au sein de la population norv\u00e9gienne<\/a>, publi\u00e9 par le Centre norv\u00e9gien d\u2019\u00e9tudes sur la violence et le stress traumatique (NKVTS), montre que la pr\u00e9sence de la violence reste \u00e9lev\u00e9e en Norv\u00e8ge. Par ailleurs, les r\u00e9sultats montrent que le nombre de viols semble avoir consid\u00e9rablement augment\u00e9 au cours de la derni\u00e8re d\u00e9cennie.<\/p>\n<p>Les r\u00e9sultats de la recherche sur la violence et les abus, bas\u00e9s sur du d\u00e9claratif, ont \u00e9t\u00e9 remis le 28 f\u00e9vrier \u00e0 la ministre de la justice et de la s\u00e9curit\u00e9 publique, Emilie Enger Mehl, car l\u2019\u00e9tude, faisant partie d\u2019un programme de recherche sur la violence dans les cercles de relations proches, \u00e9tait command\u00e9e et principalement financ\u00e9e par le minist\u00e8re de la justice.<\/p>\n<p>Dans un autre rapport command\u00e9 par le minist\u00e8re et qui sera re\u00e7u le 1er mars, <a href=\"https:\/\/www.regjeringen.no\/no\/aktuelt\/presseinvitasjon-samfunnsokonomiske-konsekvensar-av-vald-i-nare-relasjonar\/id2964552\/\">les co\u00fbts pour la soci\u00e9t\u00e9 norv\u00e9gienne de la violence<\/a> dans les cercles de relations proches \u00e9taient estim\u00e9s \u00e0 92,7 milliards de couronnes norv\u00e9giennes (8,5 milliards d\u2019euros) pour&nbsp;2021.<\/p>\n<p>Dans l\u2019ensemble, la violence est largement pr\u00e9sente dans la soci\u00e9t\u00e9 norv\u00e9gienne, puisque environ 40\u202f% des personnes interrog\u00e9es, et pr\u00e8s de la moiti\u00e9 des hommes, ont \u00e9t\u00e9 expos\u00e9s \u00e0 au moins une forme de violence physique grave au cours de leur vie adulte. Mais les femmes sont davantage expos\u00e9es \u00e0 des formes de violence de nature domestique, sexuelle, ainsi que de mani\u00e8re r\u00e9p\u00e9t\u00e9e.<\/p>\n<p>L\u2019\u00e9tude r\u00e9v\u00e8le que 23\u202f% des femmes et 4\u202f% des hommes ont \u00e9t\u00e9 viol\u00e9s au moins une fois dans leur vie. Les personnes peuvent avoir \u00e9t\u00e9 victimes de viols par la force ou la coercition, dans l\u2019incapacit\u00e9 de s\u2019y opposer (p\u00e9n\u00e9tration sexuelle non d\u00e9sir\u00e9e et incapacit\u00e9 de consentir ou de s\u2019opposer \u00e0 l\u2019acte, par exemple, lorsqu\u2019elles \u00e9taient endormies, inconscientes ou sous l\u2019emprise de drogues ou d\u2019alcool), ou soumises \u00e0 des <a href=\"https:\/\/www.newsendip.com\/fr\/le-gouvernement-japonais-envisage-de-faire-passer-lage-de-la-majorite-sexuelle-de-13-a-16-ans\/\">abus sexuels avant l\u2019\u00e2ge de 13 ans<\/a>.<\/p>\n<p>La moiti\u00e9 des personnes d\u00e9clar\u00e9es par l\u2019\u00e9tude comme victimes de viol par la force ou la violence avaient moins de 18 ans au moment des faits. Cinq pour cent des femmes interrog\u00e9es et trois pour cent des hommes ont eu des rapports sexuels avec une personne nettement plus \u00e2g\u00e9e avant l\u2019\u00e2ge de 13&nbsp;ans.<\/p>\n<p>Pr\u00e8s d\u2019une femme sur cinq (18%) d\u00e9clare \u00e9galement avoir subi un abus sexuel autre que le viol au moins une fois dans sa vie. Les donn\u00e9es publi\u00e9es le 20 septembre 2022 par <a href=\"https:\/\/www.ssb.no\/sosiale-forhold-og-kriminalitet\/levekar\/artikler\/negative-livshendelser--hvem-rammes-mest\">Statistics Norway<\/a> avancent par ailleurs des chiffres similaires avec pas moins de 15\u202f% des femmes qui ont \u00e9t\u00e9 forc\u00e9es ou dont on a tent\u00e9 de forcer \u00e0 avoir des rapports sexuels (4\u202f% au cours des 12 derniers mois dans le groupe d\u2019\u00e2ge 18\u201324&nbsp;ans).<\/p>\n<figure class=\"wp-block-table is-style-stripes\">\n<table>\n<thead>\n<tr>\n<th class=\"has-text-align-left\" data-align=\"left\">Pr\u00e9valence du nombre de viols parmi les personnes interrog\u00e9es<\/th>\n<th class=\"has-text-align-center\" data-align=\"center\">Total<\/th>\n<th class=\"has-text-align-center\" data-align=\"center\">Femmes<\/th>\n<th class=\"has-text-align-center\" data-align=\"center\">Hommes<\/th>\n<\/tr>\n<\/thead>\n<tbody>\n<tr>\n<td class=\"has-text-align-left\" data-align=\"left\">Viol par la force\/violence<\/td>\n<td class=\"has-text-align-center\" data-align=\"center\">8%<\/td>\n<td class=\"has-text-align-center\" data-align=\"center\">14%<\/td>\n<td class=\"has-text-align-center\" data-align=\"center\">2%<\/td>\n<\/tr>\n<tr>\n<td class=\"has-text-align-left\" data-align=\"left\">Viol pendant le sommeil\/en incapacit\u00e9 de s\u2019y opposer<\/td>\n<td class=\"has-text-align-center\" data-align=\"center\">6%<\/td>\n<td class=\"has-text-align-center\" data-align=\"center\">11%<\/td>\n<td class=\"has-text-align-center\" data-align=\"center\">2%<\/td>\n<\/tr>\n<tr>\n<td class=\"has-text-align-left\" data-align=\"left\">Viol d\u2019enfant (&lt;13&nbsp;ans)<\/td>\n<td class=\"has-text-align-center\" data-align=\"center\">3%<\/td>\n<td class=\"has-text-align-center\" data-align=\"center\">5%<\/td>\n<td class=\"has-text-align-center\" data-align=\"center\">1%<\/td>\n<\/tr>\n<tr>\n<td class=\"has-text-align-left\" data-align=\"left\">Au moins un des types de viol ci-dessus<br>\n<em>(les personnes peuvent \u00eatre victimes de plus d\u2019un&nbsp;viol)<\/em><\/td>\n<td class=\"has-text-align-center\" data-align=\"center\">13%<\/td>\n<td class=\"has-text-align-center\" data-align=\"center\">23%<\/td>\n<td class=\"has-text-align-center\" data-align=\"center\">4%<\/td>\n<\/tr>\n<\/tbody>\n<\/table><figcaption class=\"wp-element-caption\">Source&nbsp;: Centre norv\u00e9gien d\u2019\u00e9tudes sur la violence et le stress traumatique (NKVTS), 2023<\/figcaption><\/figure>\n<p>Pour \u00e9laborer le rapport et obtenir ces r\u00e9sultats, 4 299 personnes \u00e2g\u00e9es de 18 \u00e0 74 ans (51% d\u2019hommes et 49% de femmes) ont accept\u00e9 d\u2019\u00eatre interrog\u00e9es entre juin 2021 et juin 2022 et ont r\u00e9pondu \u00e0 des questions sur leurs exp\u00e9riences de la violence et des abus. Les entretiens ont \u00e9t\u00e9 r\u00e9alis\u00e9s par t\u00e9l\u00e9phone par l\u2019institut de sondage d\u2019opinion Ipsos et duraient environ 30\u202fminutes. Le pr\u00e9c\u00e9dent rapport du NKVTS remonte \u00e0 2014, c\u2019\u00e9tait alors la premi\u00e8re fois qu\u2019une \u00e9tude de cette ampleur \u00e9tait r\u00e9alis\u00e9e en Norv\u00e8ge.<\/p>\n<h2>Augmentation significative du nombre de viols en Norv\u00e8ge mais pas de conclusion claire sur les raisons<\/h2>\n<p>Les chiffres du rapport de 2023 sont beaucoup plus \u00e9lev\u00e9s qu\u2019en 2014 et plus \u00e9lev\u00e9s que ce que les responsables de l\u2019\u00e9tude auraient pens\u00e9.<\/p>\n<p>Dans la tranche d\u2019\u00e2ge 18\u201329 ans, 19\u202f% des femmes ont \u00e9t\u00e9 victimes de viols, soit deux fois plus qu\u2019en&nbsp;2014.<\/p>\n<p>Ces augmentations s\u2019expliquent en partie par les \u00ab\u202fviols avec incapacit\u00e9\u202f\u00bb (ou \u00ab\u202fviols pendant le sommeil\u202f\u00bb) qui n\u2019\u00e9taient pas inclus dans l\u2019\u00e9tude pr\u00e9c\u00e9dente. Onze pour cent des femmes ont \u00e9t\u00e9 soumises \u00e0 une p\u00e9n\u00e9tration sexuelle non d\u00e9sir\u00e9e et incapables de consentir ou d\u2019arr\u00eater l\u2019acte, par exemple si elles dormaient ou \u00e9taient sous les effets de l\u2019alcool.<\/p>\n<p>N\u00e9anmoins, 14\u202f% des femmes sont d\u00e9clar\u00e9es avoir \u00e9t\u00e9 victimes d\u2019un viol par la force ou la violence, ce qui repr\u00e9sente de pr\u00e8s de 50\u202f% de r\u00e9ponses de plus qu\u2019il y a neuf ans (9,4\u202f%).<\/p>\n<p>L\u2019\u00e9tude ne recherche pas les raisons pour lesquelles ces chiffres ont augment\u00e9. Si les responsables de l\u2019\u00e9tude notent que leurs analyses \u00ab\u202f<em>sugg\u00e8rent que les diff\u00e9rences sont susceptibles de refl\u00e9ter les changements survenus dans la soci\u00e9t\u00e9 depuis 2014\u202f\u00bb<\/em>, ils ne peuvent toutefois pas donner de conclusions d\u00e9finitives pour savoir si une telle hausse est temporaire, si les chiffres vont rester \u00e9lev\u00e9s, ni dire si les donn\u00e9es \u00e9taient sous-\u00e9valu\u00e9es par le manque de d\u00e9clarations par le&nbsp;pass\u00e9.<\/p>\n<p>Les conclusions peuvent indiquer qu\u2019il y a eu \u00e0 la fois une augmentation r\u00e9elle des faits et une sensibilisation plus forte envers la violence et aux abus, ainsi que des attentes accrues \u00e0 l\u2019\u00e9gard de la police et du syst\u00e8me judiciaire, selon Maria Teresa Gr\u00f8nning Dale, chercheuse et chef de projet de l\u2019\u00e9tude du&nbsp;NKTVS.<\/p>\n<p>\u00ab\u202f<em>L\u2019augmentation par rapport \u00e0 la pr\u00e9c\u00e9dente enqu\u00eate de 2014 est inqui\u00e9tante et douloureuse \u00e0 entendre\u202f\u00bb<\/em>, a r\u00e9agi la ministre de la Justice Emilie Enger Mehl. \u00ab\u202f<em>NKVTS conclut que la violence et les abus sont assez courants en Norv\u00e8ge. C\u2019est triste\u202f\u00bb<\/em>, a ajout\u00e9 Mme&nbsp;Mehl.<\/p>\n<p>\u00ab\u202f<em>The increase from the previous survey in 2014 is worrying and painful to hear,\u202f\u00bb<\/em> reacted Minister of Justice Emilie Enger Mehl. \u00ab\u202f<em>NKVTS concludes that violence and abuse are fairly common in Norway. This is sad,\u202f\u00bb<\/em> reacted Ms.&nbsp;Mehl.<\/p>\n<p>En 2021, 2 581 viols dans un pays de 5,4 millions d\u2019habitants ont \u00e9t\u00e9 signal\u00e9s \u00e0 la police norv\u00e9gienne, selon les&nbsp;<a href=\"https:\/\/www.politiet.no\/globalassets\/04-aktuelt-tall-og-fakta\/strasak\/2021\/anmeldt-kriminalitet-strasak-2021.pdf\">statistiques officielles de la police<\/a>. Une augmentation de 7,5\u202f% par rapport \u00e0 la moyenne des cinq ann\u00e9es pr\u00e9c\u00e9dentes.<\/p>\n<h2>Un \u00e9cart important entre l\u2019\u00e9tude et les signalements \u00e0 la police<\/h2>\n<p>Mais selon le rapport du NKVTS, quatre personnes sur cinq victimes de viol et\/ou d\u2019abus sexuels en ligne (partage de films ou d\u2019images \u00e0 contenu sexuel, ou incitation d\u2019autres personnes \u00e0 accomplir des actes sexuels contre leur gr\u00e9 avec l\u2019usage d\u2019outils num\u00e9riques) ont d\u00e9clar\u00e9 que la police n\u2019\u00e9tait pas au courant de leur&nbsp;cas.<\/p>\n<p>De plus, seule une personne sur dix s\u2019est rendue \u00e0 un examen m\u00e9dical quelques jours ou semaines apr\u00e8s avoir \u00e9t\u00e9 expos\u00e9e \u00e0 des violences graves. Le ou les auteurs ont \u00e9t\u00e9 condamn\u00e9s dans quatre pour cent des viols ou agressions d\u00e9clar\u00e9s dans l\u2019\u00e9tude.<\/p>\n<p>Un tel \u00e9cart entre le nombre d\u2019actes violents dans l\u2019\u00e9tude et les d\u00e9clarations \u00e0 la police \u00e9tait d\u00e9j\u00e0 pr\u00e9sent dans le rapport de&nbsp;2014.<\/p>\n<p>Les personnes ont r\u00e9pondu qu\u2019ils n\u2019avaient pas voulu impliquer la police ou ne sont pas all\u00e9s voir un m\u00e9decin parce qu\u2019ils pensaient que ce n\u2019\u00e9tait pas assez grave, ou par crainte de cons\u00e9quences n\u00e9gatives pour eux-m\u00eames ou leurs proches.<\/p>\n<p>Dans de nombreux cas, la victime de violence ou de viol conna\u00eet l\u2019auteur des faits, qui peut \u00eatre un partenaire, un ancien partenaire, un amant, un ami ou une connaissance.<\/p>\n<p>Une femme sur dix a r\u00e9pondu avoir d\u00e9j\u00e0 \u00e9t\u00e9 expos\u00e9e \u00e0 des violences physiques graves de la part de son partenaire actuel ou pr\u00e9c\u00e9dent, qui peuvent consister, entre autres, \u00e0 \u00eatre frapp\u00e9e par un poing serr\u00e9 ou un objet, \u00e0 recevoir des coups de pied, \u00e0 \u00eatre \u00e9trangl\u00e9e, \u00e0 \u00eatre battue ou menac\u00e9e avec une&nbsp;arme.<\/p>\n<p>De nombreuses femmes ont d\u00e9clar\u00e9 avoir ressenti de la culpabilit\u00e9 ou de la honte, tandis que pr\u00e8s de la moiti\u00e9 des femmes qui ont \u00e9t\u00e9 viol\u00e9es ont \u00e9galement r\u00e9pondu qu\u2019elles avaient eu peur d\u2019\u00eatre tu\u00e9es ou gravement bless\u00e9es pendant l\u2019agression.<\/p>\n<p>N\u00e9anmoins, le nombre de signalements de violences sexuelles \u00e0 la police a consid\u00e9rablement augment\u00e9 ces derni\u00e8res ann\u00e9es, en particulier depuis 2014. Par cons\u00e9quent, pr\u00e8s de deux fois plus de d\u00e9lits sexuels ont \u00e9t\u00e9 signal\u00e9s \u00e0 la police en 2021 (7 989) qu\u2019au d\u00e9but des ann\u00e9es 2010, selon <a href=\"https:\/\/www.ssb.no\/sosiale-forhold-og-kriminalitet\/kriminalitet-og-rettsvesen\/artikler\/anmeldte-seksuallovbrudd-i-endring\">Statistics Norway<\/a>. Les signalements de viols et de tentatives de viols ont augment\u00e9 de 50\u202f% entre 2014 et&nbsp;2021.<\/p>\n<p>Au d\u00e9but du mois, le ministre a nomm\u00e9 un comit\u00e9 sp\u00e9cial contre le viol qui se penchera sur les causes des viols et sur les raisons pour lesquelles si peu de personnes les signalent. Le minist\u00e8re pr\u00e9voit de pr\u00e9senter des propositions pour renforcer la loi autour du consentement. Une commission sur les homicides entre partenaires sera \u00e9galement mise en place \u00e0 partir de janvier 2024.<\/p>\n<h2>Pr\u00e9sence \u00e9lev\u00e9e de la violence contre les femmes en Norv\u00e8ge, le \u00ab\u202fparadoxe nordique\u202f\u00bb<\/h2>\n<p>Le rapport du NKVTS est critique des actions pass\u00e9es du gouvernement pour lutter contre les abus et les violences sexuelles affirmant que les diff\u00e9rences entre les deux rapports montrent \u00ab\u202f<em>qu\u2019il y a des indications que les mesures et les plans d\u2019action qui ont \u00e9t\u00e9 introduits dans ce domaine n\u2019ont pas eu l\u2019effet souhait\u00e9 sur l\u2019\u00e9tendue des viols et des violences graves\u202f\u00bb<\/em>.<\/p>\n<p>\u00ab\u202f<em>La violence et les abus constituent toujours un grave probl\u00e8me social en Norv\u00e8ge. L\u2019ampleur de la violence reste \u00e9lev\u00e9e dans la population norv\u00e9gienne, et les r\u00e9sultats de cette enqu\u00eate mettent en \u00e9vidence d\u2019importants domaines \u00e0 privil\u00e9gier en mati\u00e8re de pr\u00e9vention et de traitement de la violence et des abus en Norv\u00e8ge\u202f\u00bb<\/em>, ajoute le rapport.<\/p>\n<p>La violence signal\u00e9e provient presque toujours d\u2019autres hommes (80\u202f% des cas). Les hommes sont expos\u00e9s \u00e0 la violence le plus souvent de la part d\u2019une personne qu\u2019ils ne connaissent pas, et contrairement aux femmes, souvent dans des espaces publics.<\/p>\n<p>Dans l\u2019ensemble, la majorit\u00e9 des femmes victimes de viols ont \u00e9t\u00e9 victimes de plus d\u2019un viol dans leur vie. Un rapport publi\u00e9 aux Pays-Bas en 2021 a \u00e9galement montr\u00e9 que les <a href=\"https:\/\/www.newsendip.com\/fr\/aux-pays-bas-la-moitie-des-victimes-de-traite-detre-humains-sont-a-nouveau-victimes-de-crimes\/\">victimes d\u2019abus et de violence<\/a> sont plus susceptibles d\u2019\u00eatre \u00e0 nouveau victimes d\u2019abus.<\/p>\n<p>Les donn\u00e9es concernant les femmes expos\u00e9es \u00e0 la violence physique sont proportionnellement similaires aux moyennes europ\u00e9ennes, selon le rapport. Mais le <a href=\"https:\/\/www.newsendip.com\/fr\/etiquette\/danemark\/\">Danemark<\/a>, la Finlande, la <a href=\"https:\/\/www.newsendip.com\/fr\/etiquette\/suede\/\">Su\u00e8de<\/a> et la Norv\u00e8ge ont tendance \u00e0 afficher des taux particuli\u00e8rement \u00e9lev\u00e9s de <a href=\"https:\/\/www.newsendip.com\/fr\/1-fille-sur-3-agee-de-15-a-17-ans-victime-de-harcelement-ou-de-violence-sexuelle-aux-pays-bas\/\">violence envers les femmes<\/a> alors qu\u2019ils obtiennent g\u00e9n\u00e9ralement de bons r\u00e9sultats en mati\u00e8re d\u2019<a href=\"https:\/\/www.newsendip.com\/fr\/les-mascottes-de-la-prefecture-de-nagasaki-demandees-a-etre-changees-pour-legalite-des-sexes\/\">\u00e9galit\u00e9 des sexes<\/a>. Cette situation est souvent consid\u00e9r\u00e9e comme le \u00ab\u202fparadoxe nordique\u202f\u00bb, souligne le rapport.<\/p>\n<p><a href=\"https:\/\/www.newsendip.com\/fr\/etiquette\/norvege\/\"><strong>D\u00e9couvrez plus d\u2019actualit\u00e9s sur la Norv\u00e8ge<\/strong><\/a><\/p>\n","protected":false},"excerpt":{"rendered":"<p>Les violences physiques graves, les violences domestiques et les viols ont augment\u00e9 en Norv\u00e8ge au cours des neuf derni\u00e8res ann\u00e9es. Pr\u00e8s d\u2019une femme norv\u00e9gienne sur quatre a d\u00e9clar\u00e9 avoir \u00e9t\u00e9 victime d\u2019un viol au moins une fois dans sa&nbsp;vie.<\/p>\n","protected":false},"author":1,"featured_media":25728,"comment_status":"closed","ping_status":"open","sticky":false,"template":"","format":"standard","meta":{"wp_typography_post_enhancements_disabled":false,"footnotes":""},"categories":[409],"tags":[427,1334],"class_list":["post-25672","post","type-post","status-publish","format-standard","has-post-thumbnail","hentry","category-societe","tag-norvege","tag-nouveau"],"yoast_head":"<!-- This site is optimized with the Yoast SEO Premium plugin v27.4 (Yoast SEO v27.4) - https:\/\/yoast.com\/product\/yoast-seo-premium-wordpress\/ -->\n<title>Plus d&#039;une norv\u00e9gienne sur 5 fut victime de viol. Le &#039;paradoxe nordique&#039; de la violence envers les femmes en Norv\u00e8ge<\/title>\n<meta name=\"description\" content=\"Les violences physiques graves, les violences domestiques et les viols ont augment\u00e9 en Norv\u00e8ge au cours des neuf derni\u00e8res ann\u00e9es. Pr\u00e8s d&#039;une femme norv\u00e9gienne sur quatre a d\u00e9clar\u00e9 avoir \u00e9t\u00e9 victime d&#039;un viol au moins une fois dans sa vie.\" \/>\n<meta name=\"robots\" content=\"index, follow, max-snippet:-1, max-image-preview:large, max-video-preview:-1\" \/>\n<link rel=\"canonical\" href=\"https:\/\/www.newsendip.com\/fr\/plus-dune-norvegienne-sur-5-victime-de-viol-la-violence-en-augmentation-en-norvege-sur-la-derniere-decennie-selon-un-nouveau-rapport\/\" \/>\n<meta property=\"og:locale\" content=\"fr_FR\" \/>\n<meta property=\"og:type\" content=\"article\" \/>\n<meta property=\"og:title\" content=\"Plus d&#039;une norv\u00e9gienne sur 5 fut victime de viol. Le &#039;paradoxe nordique&#039; de la violence envers les femmes en Norv\u00e8ge\" \/>\n<meta property=\"og:description\" content=\"Les violences physiques graves, les violences domestiques et les viols ont augment\u00e9 en Norv\u00e8ge au cours des neuf derni\u00e8res ann\u00e9es. Pr\u00e8s d&#039;une femme norv\u00e9gienne sur quatre a d\u00e9clar\u00e9 avoir \u00e9t\u00e9 victime d&#039;un viol au moins une fois dans sa vie.\" \/>\n<meta property=\"og:url\" content=\"https:\/\/www.newsendip.com\/fr\/plus-dune-norvegienne-sur-5-victime-de-viol-la-violence-en-augmentation-en-norvege-sur-la-derniere-decennie-selon-un-nouveau-rapport\/\" \/>\n<meta property=\"og:site_name\" content=\"Newsendip\" \/>\n<meta property=\"article:publisher\" content=\"https:\/\/www.facebook.com\/newsendip\" \/>\n<meta property=\"article:published_time\" content=\"2023-02-28T19:15:45+00:00\" \/>\n<meta property=\"article:modified_time\" content=\"2023-04-17T10:04:57+00:00\" \/>\n<meta property=\"og:image\" content=\"https:\/\/www.newsendip.com\/wp-content\/uploads\/2023\/02\/norway-report-violence-abuse-min.jpeg\" \/>\n<meta name=\"author\" content=\"Cl\u00e9ment V\u00e9rit\u00e9\" \/>\n<meta name=\"twitter:card\" content=\"summary_large_image\" \/>\n<meta name=\"twitter:image\" content=\"https:\/\/www.newsendip.com\/wp-content\/uploads\/2023\/02\/norway-report-violence-abuse-min.jpeg\" \/>\n<meta name=\"twitter:creator\" content=\"@https:\/\/twitter.com\/cverite\" \/>\n<meta name=\"twitter:site\" content=\"@newsendip\" \/>\n<meta name=\"twitter:label1\" content=\"\u00c9crit par\" \/>\n\t<meta name=\"twitter:data1\" content=\"Cl\u00e9ment V\u00e9rit\u00e9\" \/>\n\t<meta name=\"twitter:label2\" content=\"Dur\u00e9e de lecture estim\u00e9e\" \/>\n\t<meta name=\"twitter:data2\" content=\"9 minutes\" \/>\n<!-- \/ Yoast SEO Premium plugin. -->","yoast_head_json":{"title":"Plus d'une norv\u00e9gienne sur 5 fut victime de viol. Le 'paradoxe nordique' de la violence envers les femmes en Norv\u00e8ge","description":"Les violences physiques graves, les violences domestiques et les viols ont augment\u00e9 en Norv\u00e8ge au cours des neuf derni\u00e8res ann\u00e9es. Pr\u00e8s d'une femme norv\u00e9gienne sur quatre a d\u00e9clar\u00e9 avoir \u00e9t\u00e9 victime d'un viol au moins une fois dans sa vie.","robots":{"index":"index","follow":"follow","max-snippet":"max-snippet:-1","max-image-preview":"max-image-preview:large","max-video-preview":"max-video-preview:-1"},"canonical":"https:\/\/www.newsendip.com\/fr\/plus-dune-norvegienne-sur-5-victime-de-viol-la-violence-en-augmentation-en-norvege-sur-la-derniere-decennie-selon-un-nouveau-rapport\/","og_locale":"fr_FR","og_type":"article","og_title":"Plus d'une norv\u00e9gienne sur 5 fut victime de viol. Le 'paradoxe nordique' de la violence envers les femmes en Norv\u00e8ge","og_description":"Les violences physiques graves, les violences domestiques et les viols ont augment\u00e9 en Norv\u00e8ge au cours des neuf derni\u00e8res ann\u00e9es. Pr\u00e8s d'une femme norv\u00e9gienne sur quatre a d\u00e9clar\u00e9 avoir \u00e9t\u00e9 victime d'un viol au moins une fois dans sa vie.","og_url":"https:\/\/www.newsendip.com\/fr\/plus-dune-norvegienne-sur-5-victime-de-viol-la-violence-en-augmentation-en-norvege-sur-la-derniere-decennie-selon-un-nouveau-rapport\/","og_site_name":"Newsendip","article_publisher":"https:\/\/www.facebook.com\/newsendip","article_published_time":"2023-02-28T19:15:45+00:00","article_modified_time":"2023-04-17T10:04:57+00:00","og_image":[{"url":"https:\/\/www.newsendip.com\/wp-content\/uploads\/2023\/02\/norway-report-violence-abuse-min.jpeg","type":"","width":"","height":""}],"author":"Cl\u00e9ment V\u00e9rit\u00e9","twitter_card":"summary_large_image","twitter_image":"https:\/\/www.newsendip.com\/wp-content\/uploads\/2023\/02\/norway-report-violence-abuse-min.jpeg","twitter_creator":"@https:\/\/twitter.com\/cverite","twitter_site":"@newsendip","twitter_misc":{"\u00c9crit par":"Cl\u00e9ment V\u00e9rit\u00e9","Dur\u00e9e de lecture estim\u00e9e":"9 minutes"},"schema":{"@context":"https:\/\/schema.org","@graph":[{"@type":"NewsArticle","@id":"https:\/\/www.newsendip.com\/fr\/plus-dune-norvegienne-sur-5-victime-de-viol-la-violence-en-augmentation-en-norvege-sur-la-derniere-decennie-selon-un-nouveau-rapport\/#article","isPartOf":{"@id":"https:\/\/www.newsendip.com\/fr\/plus-dune-norvegienne-sur-5-victime-de-viol-la-violence-en-augmentation-en-norvege-sur-la-derniere-decennie-selon-un-nouveau-rapport\/"},"author":{"name":"Cl\u00e9ment V\u00e9rit\u00e9","@id":"https:\/\/www.newsendip.com\/fr\/#\/schema\/person\/ea22c01755f464a3cbc2c619584d6363"},"headline":"Plus d\u2019une norv\u00e9gienne sur 5 fut victime de viol. Le \u201cparadoxe nordique\u201d de la violence envers les femmes en Norv\u00e8ge","datePublished":"2023-02-28T19:15:45+00:00","dateModified":"2023-04-17T10:04:57+00:00","mainEntityOfPage":{"@id":"https:\/\/www.newsendip.com\/fr\/plus-dune-norvegienne-sur-5-victime-de-viol-la-violence-en-augmentation-en-norvege-sur-la-derniere-decennie-selon-un-nouveau-rapport\/"},"wordCount":2028,"publisher":{"@id":"https:\/\/www.newsendip.com\/fr\/#organization"},"image":{"@id":"https:\/\/www.newsendip.com\/fr\/plus-dune-norvegienne-sur-5-victime-de-viol-la-violence-en-augmentation-en-norvege-sur-la-derniere-decennie-selon-un-nouveau-rapport\/#primaryimage"},"thumbnailUrl":"https:\/\/www.newsendip.com\/wp-content\/uploads\/2023\/02\/norway-report-violence-abuse.webp","keywords":["Norv\u00e8ge","R\u00e9cent"],"articleSection":["Soci\u00e9t\u00e9"],"inLanguage":"fr-FR","copyrightYear":"2023","copyrightHolder":{"@id":"https:\/\/www.newsendip.com\/#organization"}},{"@type":"WebPage","@id":"https:\/\/www.newsendip.com\/fr\/plus-dune-norvegienne-sur-5-victime-de-viol-la-violence-en-augmentation-en-norvege-sur-la-derniere-decennie-selon-un-nouveau-rapport\/","url":"https:\/\/www.newsendip.com\/fr\/plus-dune-norvegienne-sur-5-victime-de-viol-la-violence-en-augmentation-en-norvege-sur-la-derniere-decennie-selon-un-nouveau-rapport\/","name":"Plus d'une norv\u00e9gienne sur 5 fut victime de viol. Le 'paradoxe nordique' de la violence envers les femmes en Norv\u00e8ge","isPartOf":{"@id":"https:\/\/www.newsendip.com\/fr\/#website"},"primaryImageOfPage":{"@id":"https:\/\/www.newsendip.com\/fr\/plus-dune-norvegienne-sur-5-victime-de-viol-la-violence-en-augmentation-en-norvege-sur-la-derniere-decennie-selon-un-nouveau-rapport\/#primaryimage"},"image":{"@id":"https:\/\/www.newsendip.com\/fr\/plus-dune-norvegienne-sur-5-victime-de-viol-la-violence-en-augmentation-en-norvege-sur-la-derniere-decennie-selon-un-nouveau-rapport\/#primaryimage"},"thumbnailUrl":"https:\/\/www.newsendip.com\/wp-content\/uploads\/2023\/02\/norway-report-violence-abuse.webp","datePublished":"2023-02-28T19:15:45+00:00","dateModified":"2023-04-17T10:04:57+00:00","description":"Les violences physiques graves, les violences domestiques et les viols ont augment\u00e9 en Norv\u00e8ge au cours des neuf derni\u00e8res ann\u00e9es. Pr\u00e8s d'une femme norv\u00e9gienne sur quatre a d\u00e9clar\u00e9 avoir \u00e9t\u00e9 victime d'un viol au moins une fois dans sa vie.","breadcrumb":{"@id":"https:\/\/www.newsendip.com\/fr\/plus-dune-norvegienne-sur-5-victime-de-viol-la-violence-en-augmentation-en-norvege-sur-la-derniere-decennie-selon-un-nouveau-rapport\/#breadcrumb"},"inLanguage":"fr-FR","potentialAction":[{"@type":"ReadAction","target":["https:\/\/www.newsendip.com\/fr\/plus-dune-norvegienne-sur-5-victime-de-viol-la-violence-en-augmentation-en-norvege-sur-la-derniere-decennie-selon-un-nouveau-rapport\/"]}]},{"@type":"ImageObject","inLanguage":"fr-FR","@id":"https:\/\/www.newsendip.com\/fr\/plus-dune-norvegienne-sur-5-victime-de-viol-la-violence-en-augmentation-en-norvege-sur-la-derniere-decennie-selon-un-nouveau-rapport\/#primaryimage","url":"https:\/\/www.newsendip.com\/wp-content\/uploads\/2023\/02\/norway-report-violence-abuse.webp","contentUrl":"https:\/\/www.newsendip.com\/wp-content\/uploads\/2023\/02\/norway-report-violence-abuse.webp","width":560,"height":420,"caption":"Maria Teresa Gr\u00f8nning Dale, chercheuse au NKTVS (gauche), et la ministre norv\u00e9gienne de la Justice Emilie Enger Mehl (droite) recevant le rapport sur la Violence au sein de la population norv\u00e9gienne | \u00a9 gouvernement norv\u00e9gien"},{"@type":"BreadcrumbList","@id":"https:\/\/www.newsendip.com\/fr\/plus-dune-norvegienne-sur-5-victime-de-viol-la-violence-en-augmentation-en-norvege-sur-la-derniere-decennie-selon-un-nouveau-rapport\/#breadcrumb","itemListElement":[{"@type":"ListItem","position":1,"name":"Accueil","item":"https:\/\/www.newsendip.com\/fr\/"},{"@type":"ListItem","position":2,"name":"Plus d&#8217;une norv\u00e9gienne sur 5 fut victime de viol. Le &#8216;paradoxe nordique&#8217; de la violence envers les femmes en Norv\u00e8ge"}]},{"@type":"WebSite","@id":"https:\/\/www.newsendip.com\/fr\/#website","url":"https:\/\/www.newsendip.com\/fr\/","name":"Newsendip","description":"Red\u00e9couvrez l&#039;actualit\u00e9 internationale","publisher":{"@id":"https:\/\/www.newsendip.com\/fr\/#organization"},"potentialAction":[{"@type":"SearchAction","target":{"@type":"EntryPoint","urlTemplate":"https:\/\/www.newsendip.com\/fr\/?s={search_term_string}"},"query-input":{"@type":"PropertyValueSpecification","valueRequired":true,"valueName":"search_term_string"}}],"inLanguage":"fr-FR"},{"@type":"Organization","@id":"https:\/\/www.newsendip.com\/fr\/#organization","name":"Newsendip","url":"https:\/\/www.newsendip.com\/fr\/","logo":{"@type":"ImageObject","inLanguage":"fr-FR","@id":"https:\/\/www.newsendip.com\/fr\/#\/schema\/logo\/image\/","url":"https:\/\/www.newsendip.com\/wp-content\/uploads\/2023\/12\/512x512.svg","contentUrl":"https:\/\/www.newsendip.com\/wp-content\/uploads\/2023\/12\/512x512.svg","width":1,"height":1,"caption":"Newsendip"},"image":{"@id":"https:\/\/www.newsendip.com\/fr\/#\/schema\/logo\/image\/"},"sameAs":["https:\/\/www.facebook.com\/newsendip","https:\/\/x.com\/newsendip","https:\/\/mastodon.social\/@newsendip","https:\/\/www.linkedin.com\/company\/newsendip"],"description":"Newsendip est un site qui a pour mission de rendre l'actualit\u00e9 internationale accessible et diversifi\u00e9e","email":"contact@newsendip.com","legalName":"Newsendip SAS","foundingDate":"2022-11-04","vatID":"FR60921124723","numberOfEmployees":{"@type":"QuantitativeValue","minValue":"1","maxValue":"10"},"publishingPrinciples":"https:\/\/www.newsendip.com\/about-us\/","ownershipFundingInfo":"https:\/\/www.newsendip.com\/legal-notice\/","actionableFeedbackPolicy":"https:\/\/www.newsendip.com\/about-us\/","correctionsPolicy":"https:\/\/www.newsendip.com\/about-us\/","ethicsPolicy":"https:\/\/www.newsendip.com\/about-us\/","diversityPolicy":"https:\/\/www.newsendip.com\/about-us\/"},{"@type":"Person","@id":"https:\/\/www.newsendip.com\/fr\/#\/schema\/person\/ea22c01755f464a3cbc2c619584d6363","name":"Cl\u00e9ment V\u00e9rit\u00e9","description":"Cl\u00e9ment is the executive editor and founder of Newsendip. He started in the media industry as a freelance reporter at 16 for a local French newspaper after school and has never left it. He later worked for seven years at The New York Times, notably as a data analyst. He holds a Master of Management in France and a Master of Arts in the United Kingdom in International Marketing &amp; Communications Strategy. He has lived in France, the United Kingdom, and Italy.","sameAs":["https:\/\/www.newsendip.com\/","https:\/\/www.linkedin.com\/in\/clementverite\/","https:\/\/x.com\/https:\/\/twitter.com\/cverite"],"knowsAbout":["News","International","Business","Media monitoring"],"knowsLanguage":["English","French","Italian","Spanish"],"url":"https:\/\/www.newsendip.com\/fr\/author\/clement-verite\/"}]}},"_links":{"self":[{"href":"https:\/\/www.newsendip.com\/fr\/wp-json\/wp\/v2\/posts\/25672","targetHints":{"allow":["GET"]}}],"collection":[{"href":"https:\/\/www.newsendip.com\/fr\/wp-json\/wp\/v2\/posts"}],"about":[{"href":"https:\/\/www.newsendip.com\/fr\/wp-json\/wp\/v2\/types\/post"}],"author":[{"embeddable":true,"href":"https:\/\/www.newsendip.com\/fr\/wp-json\/wp\/v2\/users\/1"}],"replies":[{"embeddable":true,"href":"https:\/\/www.newsendip.com\/fr\/wp-json\/wp\/v2\/comments?post=25672"}],"version-history":[{"count":0,"href":"https:\/\/www.newsendip.com\/fr\/wp-json\/wp\/v2\/posts\/25672\/revisions"}],"wp:featuredmedia":[{"embeddable":true,"href":"https:\/\/www.newsendip.com\/fr\/wp-json\/wp\/v2\/media\/25728"}],"wp:attachment":[{"href":"https:\/\/www.newsendip.com\/fr\/wp-json\/wp\/v2\/media?parent=25672"}],"wp:term":[{"taxonomy":"category","embeddable":true,"href":"https:\/\/www.newsendip.com\/fr\/wp-json\/wp\/v2\/categories?post=25672"},{"taxonomy":"post_tag","embeddable":true,"href":"https:\/\/www.newsendip.com\/fr\/wp-json\/wp\/v2\/tags?post=25672"}],"curies":[{"name":"wp","href":"https:\/\/api.w.org\/{rel}","templated":true}]}}