{"id":25753,"date":"2023-03-01T19:40:00","date_gmt":"2023-03-01T18:40:00","guid":{"rendered":"https:\/\/www.newsendip.com\/?p=25753"},"modified":"2025-08-08T13:07:21","modified_gmt":"2025-08-08T11:07:21","slug":"le-bresil-instaure-une-taxe-sur-les-exportations-de-petrole-brut-pour-attenuer-le-sujet-sensible-de-la-fin-des-exonerations-de-taxes-sur-le-carburant","status":"publish","type":"post","link":"https:\/\/www.newsendip.com\/fr\/le-bresil-instaure-une-taxe-sur-les-exportations-de-petrole-brut-pour-attenuer-le-sujet-sensible-de-la-fin-des-exonerations-de-taxes-sur-le-carburant\/","title":{"rendered":"Le Br\u00e9sil instaure une taxe sur les exportations de p\u00e9trole brut pour att\u00e9nuer le sujet sensible de la fin des exon\u00e9rations de taxes sur le carburant"},"content":{"rendered":"<p><strong>Le gouvernement br\u00e9silien a annonc\u00e9 la mise en place d\u2019une taxe sur les exportations de p\u00e9trole brut pendant quatre mois. Cette mesure vise \u00e0 compenser les pertes fiscales des taxes sur les carburants, supprim\u00e9es par Jair Bolsonaro l\u2019ann\u00e9e derni\u00e8re, qui ne sont que partiellement r\u00e9instaur\u00e9es. La sujet est politiquement sensible.<\/strong><\/p>\n<figure id=\"attachment_25800\" aria-describedby=\"caption-attachment-25800\" style=\"width: 1024px\" class=\"wp-caption aligncenter\"><img decoding=\"async\" class=\"wp-image-25800 size-large\" src=\"https:\/\/www.newsendip.com\/wp-content\/uploads\/2023\/03\/brazil-fuel-tax-press-conference-february-2023-1024x683.webp\" alt=\"Ministre br\u00e9silien des Finances Fernando Haddad\" width=\"1024\" height=\"683\" srcset=\"https:\/\/www.newsendip.com\/wp-content\/uploads\/2023\/03\/brazil-fuel-tax-press-conference-february-2023-1024x683.webp 1024w, https:\/\/www.newsendip.com\/wp-content\/uploads\/2023\/03\/brazil-fuel-tax-press-conference-february-2023-60x40.webp 60w, https:\/\/www.newsendip.com\/wp-content\/uploads\/2023\/03\/brazil-fuel-tax-press-conference-february-2023-720x480.webp 720w, https:\/\/www.newsendip.com\/wp-content\/uploads\/2023\/03\/brazil-fuel-tax-press-conference-february-2023-300x200.webp 300w, https:\/\/www.newsendip.com\/wp-content\/uploads\/2023\/03\/brazil-fuel-tax-press-conference-february-2023-768x512.webp 768w, https:\/\/www.newsendip.com\/wp-content\/uploads\/2023\/03\/brazil-fuel-tax-press-conference-february-2023-1536x1024.webp 1536w, https:\/\/www.newsendip.com\/wp-content\/uploads\/2023\/03\/brazil-fuel-tax-press-conference-february-2023.webp 2040w\" sizes=\"(max-width: 1024px) 100vw, 1024px\"><figcaption id=\"caption-attachment-25800\" class=\"wp-caption-text\">Le ministre br\u00e9silien des Finances, Fernando Haddad (droite), lors de la conf\u00e9rence de presse le 28 f\u00e9vrier sur les taxes sur les carburants. Le ministre des mines et de l\u2019\u00e9nergie, Alexandre Silveira, \u00e9tait \u00e9galement pr\u00e9sent. | \u00a9 Washington Costa, Minist\u00e9rio da Fazenda<\/figcaption><\/figure>\n<p>Le gouvernement br\u00e9silien a d\u00e9cid\u00e9 de taxer les exportations de p\u00e9trole brut \u00e0 hauteur de 9,2\u202f% pour les quatre prochains mois, a annonc\u00e9 le 28 f\u00e9vrier le ministre des Finances, Fernando Haddad. Cette d\u00e9cision vise \u00e0 compenser une perte de revenus jusqu\u2019\u00e0 ce que le pays r\u00e9tablisse compl\u00e8tement des taxes sur les carburants sur le march\u00e9 br\u00e9silien.<strong><br>\n<\/strong><\/p>\n<p>La nouvelle d\u2019une taxe \u00e0 l\u2019exportation intervient en m\u00eame temps que l\u2019annonce d\u2019un retour partiel de taxes sur l\u2019essence et l\u2019\u00e9thanol pour les consommateurs br\u00e9siliens. Ces exon\u00e9rations fiscales ont \u00e9t\u00e9 mise en \u0153uvre par l\u2019ancien pr\u00e9sident d\u2019extr\u00eame droite Jair Bolsonaro qui avait baiss\u00e9 les prix de l\u2019\u00e9nergie dans le contexte d\u2019une inflation \u00e9lev\u00e9e et de la prochaine \u00e9lection pr\u00e9sidentielle qu\u2019il a finalement perdue contre le socialiste Luiz Inacio Lula da Silva en octobre dernier.<\/p>\n<p>M. Bolsonaro avait supprim\u00e9 certaines taxes sur le gaz de cuisine et le diesel en mars 2021, et a appliqu\u00e9 l\u2019exon\u00e9ration \u00e0 l\u2019essence et \u00e0 l\u2019\u00e9thanol, le bio\u00e9thanol \u00e9tant largement utilis\u00e9 au Br\u00e9sil, \u00e9galement en juin dernier. Ces exon\u00e9rations \u00e9taient cens\u00e9es durer jusqu\u2019\u00e0 la fin de 2022 et la fin du mandat du pr\u00e9sident sortant.<\/p>\n<p>Le r\u00e9tablissement des taxes sur les carburants a fait l\u2019objet de d\u00e9bats entre les membres du Parti des travailleurs de Lula, divis\u00e9s entre <a href=\"https:\/\/www.newsendip.com\/fr\/economie\/\">int\u00e9r\u00eats politiques et \u00e9conomiques<\/a>. Des membres du Parti des travailleurs \u00e9taient favorables \u00e0 la prolongation de l\u2019exon\u00e9ration fiscale, car la popularit\u00e9 du pr\u00e9sident pourrait \u00eatre mise \u00e0 mal par sa suppression, et qu\u2019elle pourrait accentuer l\u2019<a href=\"https:\/\/www.newsendip.com\/fr\/penurie-hors-de-prix-importations-illegales-les-oignons-symbole-de-linflation-aux-philippines\/\">inflation<\/a> subie par les consommateurs.<\/p>\n<p>Quelques jours apr\u00e8s que des milliers de partisans de M. Bolsonaro ont investi les \u00e9difices gouvernementaux du pays le 8 janvier, le pr\u00e9sident Lula a prolong\u00e9 l\u2019exon\u00e9ration fiscale sur le diesel et le gaz de cuisson jusqu\u2019en d\u00e9cembre 2023. Le diesel est fortement utilis\u00e9 par les transporteurs routiers, un groupe social plus proche de <a href=\"https:\/\/www.newsendip.com\/fr\/jair-bolsonaro-et-le-sujet-delicat-du-salaire-des-fonctionnaires-bresil-budget-inflation-elections\/\">la politique de M. Bolsonaro<\/a>, qui peuvent impacter massivement l\u2019\u00e9conomie br\u00e9silienne en bloquant le transport de marchandises du pays. Les exon\u00e9rations fiscales sur l\u2019essence et le carburant \u00e0 l\u2019\u00e9thanol ont \u00e9galement \u00e9t\u00e9 prolong\u00e9es jusqu\u2019\u00e0 la fin du mois de f\u00e9vrier.<\/p>\n<p>Gleisi Hoffmann, d\u00e9put\u00e9 et pr\u00e9sidente du Parti des travailleurs, a <a href=\"https:\/\/twitter.com\/gleisi\/status\/1629178948700499975\">d\u00e9clar\u00e9 vendredi dernier<\/a> qu\u2019elle restait oppos\u00e9e \u00e0 la reprise des taxes sur le carburant pour le moment, estimant que ce n\u2019\u00e9tait pas le moment de le faire, car cela \u00ab\u202f<em>p\u00e9nalise le consommateur et g\u00e9n\u00e8re davantage d\u2019inflation\u202f\u00bb<\/em>.<\/p>\n<h2>Reprise partielle des taxes sur l\u2019essence et l\u2019\u00e9thanol<\/h2>\n<p>Mais le ministre des Finances Fernando Haddad a pour objectif de r\u00e9duire le d\u00e9ficit du budget f\u00e9d\u00e9ral en dessous des 100 milliards de r\u00e9aux (18 milliards d\u2019euros) pour l\u2019ann\u00e9e afin de donner des marges de man\u0153uvre pour financer la <a href=\"https:\/\/www.newsendip.com\/fr\/plus-de-15-pourcent-de-la-population-au-bresil-souffre-de-la-faim-en-2022-insecurite-alimentaire\/\">politique sociale<\/a> de Lula et faire baisser les taux d\u2019int\u00e9r\u00eat par la Banque centrale. Le budget f\u00e9d\u00e9ral devrait cl\u00f4turer l\u2019ann\u00e9e avec un d\u00e9ficit de 200 milliards de r\u00e9aux (36 milliards d\u2019euros).<\/p>\n<p>Le retour des taxes sur l\u2019essence et l\u2019\u00e9thanol \u00e0 partir de mars devait rapporter pr\u00e8s de 29 milliards de r\u00e9aux (5 milliards d\u2019euros) au budget de cette ann\u00e9e. Les exon\u00e9rations fiscales pour le diesel, le gaz de cuisine, ainsi que pour le k\u00e9ros\u00e8ne, sont maintenues.<\/p>\n<p>Cependant, les taxes sur l\u2019essence et le bio\u00e9thanol ne seront que partiellement r\u00e9tablies pour le moment et ne devraient l\u2019\u00eatre compl\u00e8tement qu\u2019en juillet. En attendant, le gouvernement veut donc compenser la perte de recettes en taxant les exportations de p\u00e9trole brut. Cette mesure devrait permettre de collecter environ 6,7 milliards de r\u00e9aux (1,2 milliard d\u2019euros) en quatre mois et de combler le trou pour collecter les 28,9 milliards de r\u00e9aux attendus, selon le gouvernement.<\/p>\n<p>Avec le r\u00e9tablissement partiel des taxes, l\u2019essence (qui est ensuite m\u00e9lang\u00e9e avec 27\u202f% d\u2019\u00e9thanol) co\u00fbtera 0,47 r\u00e9al (8 centimes d\u2019euros) de plus par litre et le carburant \u00e9thanol co\u00fbtera 0,02 r\u00e9al de plus par litre au cours des quatre prochains mois. En collaboration avec M. Haddad, la compagnie p\u00e9troli\u00e8re br\u00e9silienne Petrobras d\u00e9tenue par l\u2019\u00c9tat a d\u00e9clar\u00e9 avoir r\u00e9duit <a href=\"https:\/\/www.newsendip.com\/fr\/la-hongrie-exclut-les-vehicules-immatricules-hors-du-pays-de-ses-prix-plafonnes-de-lessence\/\">les prix de l\u2019essence<\/a> aux distributeurs de 0,13 r\u00e9al par litre, passant d\u2019un prix de vente moyen de 3,31 r\u00e9aux (60 centimes) \u00e0 3,18 r\u00e9aux \u00e0 partir du 1er mars, de sorte que le prix de l\u2019essence ne sera augment\u00e9 au final que de 0,34 r\u00e9al par litre. Les distributeurs peuvent toutefois <a href=\"https:\/\/www.newsendip.com\/fr\/denoncant-une-speculation-sur-lessence-le-gouvernement-italien-impose-aux-stations-service-laffichage-des-prix-pratiques-ailleurs-dans-le-pays\/\">fixer leurs prix librement<\/a>.<\/p>\n<p>Le Congr\u00e8s devra d\u00e9cider dans un d\u00e9lai de 120 jours s\u2019il valide le r\u00e9gime fiscal. Ensuite, la taxation compl\u00e8te pourrait ajouter 0,69 r\u00e9al par litre pour l\u2019essence, et 0,24 r\u00e9al par litre pour l\u2019\u00e9thanol \u00e0 partir de juillet.<\/p>\n<h2>Petrobras perd pr\u00e8s de 3 milliards de dollars de valorisation boursi\u00e8re en une journ\u00e9e<\/h2>\n<p>Une taxe sur les exportations est cependant rarement per\u00e7ue positivement par les acteurs du secteur touch\u00e9s par une telle mesure. Le secteur agricole craignait par exemple que le gouvernement n\u2019applique une taxe sur les <a href=\"https:\/\/www.newsendip.com\/fr\/argentine-interdit-lexportation-dhuile-et-tourteau-de-soja-jusqua-nouvel-ordre\/\">exportations de soja<\/a>, ce qui fut finalement \u00e9cart\u00e9 par le minist\u00e8re de l\u2019agriculture.<\/p>\n<p>L\u2019<a href=\"https:\/\/diariodonordeste.verdesmares.com.br\/opiniao\/colunistas\/egidio-serpa\/mercado-reage-contra-novo-imposto-de-exportacao-de-petroleo-1.3340877\">Institut br\u00e9silien du p\u00e9trole et du gaz<\/a> (IBP) a ainsi indiqu\u00e9 dans un communiqu\u00e9 qu\u2019il avait accueilli la nouvelle d\u2019une taxe sur les exportations de p\u00e9trole brut avec \u00ab\u202f<em>une grande inqui\u00e9tude\u202f\u00bb<\/em>.<\/p>\n<p>L\u2019industrie p\u00e9troli\u00e8re est l\u2019un des principaux moteurs de l\u2019industrie br\u00e9silienne. Elle devrait g\u00e9n\u00e9rer plus de 445 000 emplois directs et indirects par an au cours de la prochaine d\u00e9cennie au Br\u00e9sil, selon&nbsp;l\u2019IBP.<\/p>\n<p>Le p\u00e9trole brut est une composante de plus en plus importante des exportations du Br\u00e9sil au cours des dix derni\u00e8res ann\u00e9es. En 2022, le pays a export\u00e9 68,7 millions de tonnes de p\u00e9trole brut alors qu\u2019il en exportait moins de 20 millions de tonnes en 2013, selon les<a href=\"https:\/\/www.gov.br\/produtividade-e-comercio-exterior\/pt-br\/assuntos\/comercio-exterior\/estatisticas\"> statistiques du commerce ext\u00e9rieur du minist\u00e8re de l\u2019\u00c9conomie<\/a>.<\/p>\n<p>Le p\u00e9trole est le troisi\u00e8me produit le plus important pour la balance commerciale du Br\u00e9sil, ayant g\u00e9n\u00e9r\u00e9 plus de 65 milliards de dollars de revenus d\u2019exportations pour le pays au cours des quatre derni\u00e8res ann\u00e9es soutient l\u2019IBP, le principal groupe repr\u00e9sentant l\u2019\u00e9conomie du secteur dans un pays aux prises avec la dette et l\u2019inflation.<\/p>\n<p>Cette taxe \u00e0 l\u2019exportation \u00ab\u202f<em>peut avoir un impact sur la comp\u00e9titivit\u00e9 du pays \u00e0 moyen et long terme, en plus d\u2019affecter la cr\u00e9dibilit\u00e9 nationale en ce qui concerne la stabilit\u00e9 des r\u00e9glementations\u202f\u00bb<\/em>, a d\u00e9clar\u00e9 l\u2019IBP qui consid\u00e8re \u00e9galement que la perception n\u00e9gative de la taxe durera plus de quatre mois avec des cons\u00e9quences sur le march\u00e9 international et les plans d\u2019investissement.<\/p>\n<p>\u00ab\u202f<em>Ce que nous faisons, c\u2019est corriger une distorsion faite \u00e0 partir d\u2019une mesure \u00e9lectorale du gouvernement pr\u00e9c\u00e9dent\u202f\u00bb<\/em>, s\u2019est d\u00e9fendu le <a href=\"https:\/\/twitter.com\/asilveiramg\/status\/1630704258361221120\">ministre de l\u2019\u00c9nergie Alexander Silveira<\/a> sur Twitter. Les exon\u00e9rations fiscales de Jair Bolsonaro \u00ab\u202f<em>p\u00e9nalisaient la population br\u00e9silienne, en prenant l\u2019argent de l\u2019\u00e9ducation, de la s\u00e9curit\u00e9, du logement et de la lutte contre la faim et l\u2019extr\u00eame pauvret\u00e9 pour distribuer des dividendes aux grandes compagnies p\u00e9troli\u00e8res\u202f\u00bb<\/em>, a\u2011t-il ajout\u00e9. Il a \u00e9galement estim\u00e9 que la taxe encouragerait que le raffinage du p\u00e9trole soit effectu\u00e9 au Br\u00e9sil.<\/p>\n<p>Selon M. Haddad, la taxe sur les exportations de p\u00e9trole brut devrait affecter environ 1\u202f% des b\u00e9n\u00e9fices de Petrobras. Mardi, Petrobras a perdu 14,9 milliards de r\u00e9aux (2,7 milliards d\u2019euros) de valorisation boursi\u00e8re (-4,39\u202f%) en une journ\u00e9e apr\u00e8s les annonces du ministre.<\/p>\n<p><strong><a href=\"https:\/\/www.newsendip.com\/fr\/etiquette\/bresil\/\">D\u00e9couvrez plus d\u2019actualit\u00e9s sur le Br\u00e9sil<\/a><\/strong><\/p>\n","protected":false},"excerpt":{"rendered":"<p>Le gouvernement br\u00e9silien a annonc\u00e9 la mise en place d\u2019une taxe sur les exportations de p\u00e9trole brut pendant quatre mois. Cette mesure vise \u00e0 compenser les pertes fiscales des taxes sur les carburants, supprim\u00e9es par Jair Bolsonaro l\u2019ann\u00e9e derni\u00e8re, qui ne sont que partiellement r\u00e9instaur\u00e9es. La sujet est politiquement sensible.<\/p>\n","protected":false},"author":1,"featured_media":25800,"comment_status":"closed","ping_status":"open","sticky":false,"template":"","format":"standard","meta":{"wp_typography_post_enhancements_disabled":false,"footnotes":""},"categories":[416],"tags":[455,421],"class_list":["post-25753","post","type-post","status-publish","format-standard","has-post-thumbnail","hentry","category-politique","tag-bresil","tag-vieux"],"yoast_head":"<!-- This site is optimized with the Yoast SEO Premium plugin v27.4 (Yoast SEO v27.4) - https:\/\/yoast.com\/product\/yoast-seo-premium-wordpress\/ -->\n<title>Le Br\u00e9sil instaure une taxe sur les exportations de p\u00e9trole brut pour att\u00e9nuer le sujet sensible de la fin des exon\u00e9rations de taxes sur le carburant<\/title>\n<meta name=\"description\" content=\"Le gouvernement br\u00e9silien a annonc\u00e9 la mise en place d&#039;une taxe sur les exportations de p\u00e9trole brut pendant quatre mois. Cette mesure vise \u00e0 compenser les pertes fiscales des taxes sur les carburants, supprim\u00e9es par Jair Bolsonaro l&#039;ann\u00e9e derni\u00e8re, qui ne sont que partiellement r\u00e9instaur\u00e9es. La sujet est politiquement sensible.\" \/>\n<meta name=\"robots\" content=\"index, follow, max-snippet:-1, max-image-preview:large, max-video-preview:-1\" \/>\n<link rel=\"canonical\" href=\"https:\/\/www.newsendip.com\/fr\/le-bresil-instaure-une-taxe-sur-les-exportations-de-petrole-brut-pour-attenuer-le-sujet-sensible-de-la-fin-des-exonerations-de-taxes-sur-le-carburant\/\" \/>\n<meta property=\"og:locale\" content=\"fr_FR\" \/>\n<meta property=\"og:type\" content=\"article\" \/>\n<meta property=\"og:title\" content=\"Le Br\u00e9sil instaure une taxe sur les exportations de p\u00e9trole brut pour att\u00e9nuer le sujet sensible de la fin des exon\u00e9rations de taxes sur le carburant\" \/>\n<meta property=\"og:description\" content=\"Le gouvernement br\u00e9silien a annonc\u00e9 la mise en place d&#039;une taxe sur les exportations de p\u00e9trole brut pendant quatre mois. Cette mesure vise \u00e0 compenser les pertes fiscales des taxes sur les carburants, supprim\u00e9es par Jair Bolsonaro l&#039;ann\u00e9e derni\u00e8re, qui ne sont que partiellement r\u00e9instaur\u00e9es. La sujet est politiquement sensible.\" \/>\n<meta property=\"og:url\" content=\"https:\/\/www.newsendip.com\/fr\/le-bresil-instaure-une-taxe-sur-les-exportations-de-petrole-brut-pour-attenuer-le-sujet-sensible-de-la-fin-des-exonerations-de-taxes-sur-le-carburant\/\" \/>\n<meta property=\"og:site_name\" content=\"Newsendip\" \/>\n<meta property=\"article:publisher\" content=\"https:\/\/www.facebook.com\/newsendip\" \/>\n<meta property=\"article:published_time\" content=\"2023-03-01T18:40:00+00:00\" \/>\n<meta property=\"article:modified_time\" content=\"2025-08-08T11:07:21+00:00\" \/>\n<meta property=\"og:image\" content=\"https:\/\/www.newsendip.com\/wp-content\/uploads\/2023\/03\/brazil-fuel-tax-press-conference-february-2023-min.jpeg\" \/>\n\t<meta property=\"og:image:width\" content=\"2040\" \/>\n\t<meta property=\"og:image:height\" content=\"1360\" \/>\n\t<meta property=\"og:image:type\" content=\"image\/jpeg\" \/>\n<meta name=\"author\" content=\"Cl\u00e9ment V\u00e9rit\u00e9\" \/>\n<meta name=\"twitter:card\" content=\"summary_large_image\" \/>\n<meta name=\"twitter:image\" content=\"https:\/\/www.newsendip.com\/wp-content\/uploads\/2023\/03\/brazil-fuel-tax-press-conference-february-2023-min.jpeg\" \/>\n<meta name=\"twitter:creator\" content=\"@https:\/\/twitter.com\/cverite\" \/>\n<meta name=\"twitter:site\" content=\"@newsendip\" \/>\n<meta name=\"twitter:label1\" content=\"\u00c9crit par\" \/>\n\t<meta name=\"twitter:data1\" content=\"Cl\u00e9ment V\u00e9rit\u00e9\" \/>\n\t<meta name=\"twitter:label2\" content=\"Dur\u00e9e de lecture estim\u00e9e\" \/>\n\t<meta name=\"twitter:data2\" content=\"6 minutes\" \/>\n<!-- \/ Yoast SEO Premium plugin. -->","yoast_head_json":{"title":"Le Br\u00e9sil instaure une taxe sur les exportations de p\u00e9trole brut pour att\u00e9nuer le sujet sensible de la fin des exon\u00e9rations de taxes sur le carburant","description":"Le gouvernement br\u00e9silien a annonc\u00e9 la mise en place d'une taxe sur les exportations de p\u00e9trole brut pendant quatre mois. Cette mesure vise \u00e0 compenser les pertes fiscales des taxes sur les carburants, supprim\u00e9es par Jair Bolsonaro l'ann\u00e9e derni\u00e8re, qui ne sont que partiellement r\u00e9instaur\u00e9es. La sujet est politiquement sensible.","robots":{"index":"index","follow":"follow","max-snippet":"max-snippet:-1","max-image-preview":"max-image-preview:large","max-video-preview":"max-video-preview:-1"},"canonical":"https:\/\/www.newsendip.com\/fr\/le-bresil-instaure-une-taxe-sur-les-exportations-de-petrole-brut-pour-attenuer-le-sujet-sensible-de-la-fin-des-exonerations-de-taxes-sur-le-carburant\/","og_locale":"fr_FR","og_type":"article","og_title":"Le Br\u00e9sil instaure une taxe sur les exportations de p\u00e9trole brut pour att\u00e9nuer le sujet sensible de la fin des exon\u00e9rations de taxes sur le carburant","og_description":"Le gouvernement br\u00e9silien a annonc\u00e9 la mise en place d'une taxe sur les exportations de p\u00e9trole brut pendant quatre mois. Cette mesure vise \u00e0 compenser les pertes fiscales des taxes sur les carburants, supprim\u00e9es par Jair Bolsonaro l'ann\u00e9e derni\u00e8re, qui ne sont que partiellement r\u00e9instaur\u00e9es. La sujet est politiquement sensible.","og_url":"https:\/\/www.newsendip.com\/fr\/le-bresil-instaure-une-taxe-sur-les-exportations-de-petrole-brut-pour-attenuer-le-sujet-sensible-de-la-fin-des-exonerations-de-taxes-sur-le-carburant\/","og_site_name":"Newsendip","article_publisher":"https:\/\/www.facebook.com\/newsendip","article_published_time":"2023-03-01T18:40:00+00:00","article_modified_time":"2025-08-08T11:07:21+00:00","og_image":[{"width":2040,"height":1360,"url":"https:\/\/www.newsendip.com\/wp-content\/uploads\/2023\/03\/brazil-fuel-tax-press-conference-february-2023-min.jpeg","type":"image\/jpeg"}],"author":"Cl\u00e9ment V\u00e9rit\u00e9","twitter_card":"summary_large_image","twitter_image":"https:\/\/www.newsendip.com\/wp-content\/uploads\/2023\/03\/brazil-fuel-tax-press-conference-february-2023-min.jpeg","twitter_creator":"@https:\/\/twitter.com\/cverite","twitter_site":"@newsendip","twitter_misc":{"\u00c9crit par":"Cl\u00e9ment V\u00e9rit\u00e9","Dur\u00e9e de lecture estim\u00e9e":"6 minutes"},"schema":{"@context":"https:\/\/schema.org","@graph":[{"@type":"NewsArticle","@id":"https:\/\/www.newsendip.com\/fr\/le-bresil-instaure-une-taxe-sur-les-exportations-de-petrole-brut-pour-attenuer-le-sujet-sensible-de-la-fin-des-exonerations-de-taxes-sur-le-carburant\/#article","isPartOf":{"@id":"https:\/\/www.newsendip.com\/fr\/le-bresil-instaure-une-taxe-sur-les-exportations-de-petrole-brut-pour-attenuer-le-sujet-sensible-de-la-fin-des-exonerations-de-taxes-sur-le-carburant\/"},"author":{"name":"Cl\u00e9ment V\u00e9rit\u00e9","@id":"https:\/\/www.newsendip.com\/fr\/#\/schema\/person\/ea22c01755f464a3cbc2c619584d6363"},"headline":"Le Br\u00e9sil instaure une taxe sur les exportations de p\u00e9trole brut pour att\u00e9nuer le sujet sensible de la fin des exon\u00e9rations de taxes sur le carburant","datePublished":"2023-03-01T18:40:00+00:00","dateModified":"2025-08-08T11:07:21+00:00","mainEntityOfPage":{"@id":"https:\/\/www.newsendip.com\/fr\/le-bresil-instaure-une-taxe-sur-les-exportations-de-petrole-brut-pour-attenuer-le-sujet-sensible-de-la-fin-des-exonerations-de-taxes-sur-le-carburant\/"},"wordCount":1485,"publisher":{"@id":"https:\/\/www.newsendip.com\/fr\/#organization"},"image":{"@id":"https:\/\/www.newsendip.com\/fr\/le-bresil-instaure-une-taxe-sur-les-exportations-de-petrole-brut-pour-attenuer-le-sujet-sensible-de-la-fin-des-exonerations-de-taxes-sur-le-carburant\/#primaryimage"},"thumbnailUrl":"https:\/\/www.newsendip.com\/wp-content\/uploads\/2023\/03\/brazil-fuel-tax-press-conference-february-2023.webp","keywords":["Br\u00e9sil","Vieux"],"articleSection":["Politique"],"inLanguage":"fr-FR","copyrightYear":"2023","copyrightHolder":{"@id":"https:\/\/www.newsendip.com\/#organization"}},{"@type":"WebPage","@id":"https:\/\/www.newsendip.com\/fr\/le-bresil-instaure-une-taxe-sur-les-exportations-de-petrole-brut-pour-attenuer-le-sujet-sensible-de-la-fin-des-exonerations-de-taxes-sur-le-carburant\/","url":"https:\/\/www.newsendip.com\/fr\/le-bresil-instaure-une-taxe-sur-les-exportations-de-petrole-brut-pour-attenuer-le-sujet-sensible-de-la-fin-des-exonerations-de-taxes-sur-le-carburant\/","name":"Le Br\u00e9sil instaure une taxe sur les exportations de p\u00e9trole brut pour att\u00e9nuer le sujet sensible de la fin des exon\u00e9rations de taxes sur le carburant","isPartOf":{"@id":"https:\/\/www.newsendip.com\/fr\/#website"},"primaryImageOfPage":{"@id":"https:\/\/www.newsendip.com\/fr\/le-bresil-instaure-une-taxe-sur-les-exportations-de-petrole-brut-pour-attenuer-le-sujet-sensible-de-la-fin-des-exonerations-de-taxes-sur-le-carburant\/#primaryimage"},"image":{"@id":"https:\/\/www.newsendip.com\/fr\/le-bresil-instaure-une-taxe-sur-les-exportations-de-petrole-brut-pour-attenuer-le-sujet-sensible-de-la-fin-des-exonerations-de-taxes-sur-le-carburant\/#primaryimage"},"thumbnailUrl":"https:\/\/www.newsendip.com\/wp-content\/uploads\/2023\/03\/brazil-fuel-tax-press-conference-february-2023.webp","datePublished":"2023-03-01T18:40:00+00:00","dateModified":"2025-08-08T11:07:21+00:00","description":"Le gouvernement br\u00e9silien a annonc\u00e9 la mise en place d'une taxe sur les exportations de p\u00e9trole brut pendant quatre mois. Cette mesure vise \u00e0 compenser les pertes fiscales des taxes sur les carburants, supprim\u00e9es par Jair Bolsonaro l'ann\u00e9e derni\u00e8re, qui ne sont que partiellement r\u00e9instaur\u00e9es. La sujet est politiquement sensible.","breadcrumb":{"@id":"https:\/\/www.newsendip.com\/fr\/le-bresil-instaure-une-taxe-sur-les-exportations-de-petrole-brut-pour-attenuer-le-sujet-sensible-de-la-fin-des-exonerations-de-taxes-sur-le-carburant\/#breadcrumb"},"inLanguage":"fr-FR","potentialAction":[{"@type":"ReadAction","target":["https:\/\/www.newsendip.com\/fr\/le-bresil-instaure-une-taxe-sur-les-exportations-de-petrole-brut-pour-attenuer-le-sujet-sensible-de-la-fin-des-exonerations-de-taxes-sur-le-carburant\/"]}]},{"@type":"ImageObject","inLanguage":"fr-FR","@id":"https:\/\/www.newsendip.com\/fr\/le-bresil-instaure-une-taxe-sur-les-exportations-de-petrole-brut-pour-attenuer-le-sujet-sensible-de-la-fin-des-exonerations-de-taxes-sur-le-carburant\/#primaryimage","url":"https:\/\/www.newsendip.com\/wp-content\/uploads\/2023\/03\/brazil-fuel-tax-press-conference-february-2023.webp","contentUrl":"https:\/\/www.newsendip.com\/wp-content\/uploads\/2023\/03\/brazil-fuel-tax-press-conference-february-2023.webp","width":2040,"height":1360,"caption":"Le ministre br\u00e9silien des Finances, Fernando Haddad (droite), lors de la conf\u00e9rence de presse le 28 f\u00e9vrier sur les taxes sur les carburants. Le ministre des mines et de l'\u00e9nergie, Alexandre Silveira, \u00e9tait \u00e9galement pr\u00e9sent. | \u00a9 Washington Costa, Minist\u00e9rio da Fazenda"},{"@type":"BreadcrumbList","@id":"https:\/\/www.newsendip.com\/fr\/le-bresil-instaure-une-taxe-sur-les-exportations-de-petrole-brut-pour-attenuer-le-sujet-sensible-de-la-fin-des-exonerations-de-taxes-sur-le-carburant\/#breadcrumb","itemListElement":[{"@type":"ListItem","position":1,"name":"Accueil","item":"https:\/\/www.newsendip.com\/fr\/"},{"@type":"ListItem","position":2,"name":"Le Br\u00e9sil instaure une taxe sur les exportations de p\u00e9trole brut pour att\u00e9nuer le sujet sensible de la fin des exon\u00e9rations de taxes sur le carburant"}]},{"@type":"WebSite","@id":"https:\/\/www.newsendip.com\/fr\/#website","url":"https:\/\/www.newsendip.com\/fr\/","name":"Newsendip","description":"Red\u00e9couvrez l&#039;actualit\u00e9 internationale","publisher":{"@id":"https:\/\/www.newsendip.com\/fr\/#organization"},"potentialAction":[{"@type":"SearchAction","target":{"@type":"EntryPoint","urlTemplate":"https:\/\/www.newsendip.com\/fr\/?s={search_term_string}"},"query-input":{"@type":"PropertyValueSpecification","valueRequired":true,"valueName":"search_term_string"}}],"inLanguage":"fr-FR"},{"@type":"Organization","@id":"https:\/\/www.newsendip.com\/fr\/#organization","name":"Newsendip","url":"https:\/\/www.newsendip.com\/fr\/","logo":{"@type":"ImageObject","inLanguage":"fr-FR","@id":"https:\/\/www.newsendip.com\/fr\/#\/schema\/logo\/image\/","url":"https:\/\/www.newsendip.com\/wp-content\/uploads\/2023\/12\/512x512.svg","contentUrl":"https:\/\/www.newsendip.com\/wp-content\/uploads\/2023\/12\/512x512.svg","width":1,"height":1,"caption":"Newsendip"},"image":{"@id":"https:\/\/www.newsendip.com\/fr\/#\/schema\/logo\/image\/"},"sameAs":["https:\/\/www.facebook.com\/newsendip","https:\/\/x.com\/newsendip","https:\/\/mastodon.social\/@newsendip","https:\/\/www.linkedin.com\/company\/newsendip"],"description":"Newsendip est un site qui a pour mission de rendre l'actualit\u00e9 internationale accessible et diversifi\u00e9e","email":"contact@newsendip.com","legalName":"Newsendip SAS","foundingDate":"2022-11-04","vatID":"FR60921124723","numberOfEmployees":{"@type":"QuantitativeValue","minValue":"1","maxValue":"10"},"publishingPrinciples":"https:\/\/www.newsendip.com\/about-us\/","ownershipFundingInfo":"https:\/\/www.newsendip.com\/legal-notice\/","actionableFeedbackPolicy":"https:\/\/www.newsendip.com\/about-us\/","correctionsPolicy":"https:\/\/www.newsendip.com\/about-us\/","ethicsPolicy":"https:\/\/www.newsendip.com\/about-us\/","diversityPolicy":"https:\/\/www.newsendip.com\/about-us\/"},{"@type":"Person","@id":"https:\/\/www.newsendip.com\/fr\/#\/schema\/person\/ea22c01755f464a3cbc2c619584d6363","name":"Cl\u00e9ment V\u00e9rit\u00e9","description":"Cl\u00e9ment is the executive editor and founder of Newsendip. He started in the media industry as a freelance reporter at 16 for a local French newspaper after school and has never left it. He later worked for seven years at The New York Times, notably as a data analyst. He holds a Master of Management in France and a Master of Arts in the United Kingdom in International Marketing &amp; Communications Strategy. He has lived in France, the United Kingdom, and Italy.","sameAs":["https:\/\/www.newsendip.com\/","https:\/\/www.linkedin.com\/in\/clementverite\/","https:\/\/x.com\/https:\/\/twitter.com\/cverite"],"knowsAbout":["News","International","Business","Media monitoring"],"knowsLanguage":["English","French","Italian","Spanish"],"url":"https:\/\/www.newsendip.com\/fr\/author\/clement-verite\/"}]}},"_links":{"self":[{"href":"https:\/\/www.newsendip.com\/fr\/wp-json\/wp\/v2\/posts\/25753","targetHints":{"allow":["GET"]}}],"collection":[{"href":"https:\/\/www.newsendip.com\/fr\/wp-json\/wp\/v2\/posts"}],"about":[{"href":"https:\/\/www.newsendip.com\/fr\/wp-json\/wp\/v2\/types\/post"}],"author":[{"embeddable":true,"href":"https:\/\/www.newsendip.com\/fr\/wp-json\/wp\/v2\/users\/1"}],"replies":[{"embeddable":true,"href":"https:\/\/www.newsendip.com\/fr\/wp-json\/wp\/v2\/comments?post=25753"}],"version-history":[{"count":1,"href":"https:\/\/www.newsendip.com\/fr\/wp-json\/wp\/v2\/posts\/25753\/revisions"}],"predecessor-version":[{"id":44091,"href":"https:\/\/www.newsendip.com\/fr\/wp-json\/wp\/v2\/posts\/25753\/revisions\/44091"}],"wp:featuredmedia":[{"embeddable":true,"href":"https:\/\/www.newsendip.com\/fr\/wp-json\/wp\/v2\/media\/25800"}],"wp:attachment":[{"href":"https:\/\/www.newsendip.com\/fr\/wp-json\/wp\/v2\/media?parent=25753"}],"wp:term":[{"taxonomy":"category","embeddable":true,"href":"https:\/\/www.newsendip.com\/fr\/wp-json\/wp\/v2\/categories?post=25753"},{"taxonomy":"post_tag","embeddable":true,"href":"https:\/\/www.newsendip.com\/fr\/wp-json\/wp\/v2\/tags?post=25753"}],"curies":[{"name":"wp","href":"https:\/\/api.w.org\/{rel}","templated":true}]}}