{"id":25889,"date":"2023-03-06T21:59:00","date_gmt":"2023-03-06T20:59:00","guid":{"rendered":"https:\/\/www.newsendip.com\/?p=25889"},"modified":"2024-07-18T15:47:16","modified_gmt":"2024-07-18T13:47:16","slug":"la-coree-du-sud-cherche-a-ameliorer-ses-relations-avec-le-japon-avec-un-plan-dindemnisation-de-victimes-du-travail-force","status":"publish","type":"post","link":"https:\/\/www.newsendip.com\/fr\/la-coree-du-sud-cherche-a-ameliorer-ses-relations-avec-le-japon-avec-un-plan-dindemnisation-de-victimes-du-travail-force\/","title":{"rendered":"La Cor\u00e9e du Sud cherche \u00e0 am\u00e9liorer ses relations avec le Japon avec un plan d\u2019indemnisation de victimes du travail forc\u00e9"},"content":{"rendered":"<p><strong>La Cor\u00e9e du Sud a annonc\u00e9 un plan d\u2019indemnisation des victimes cor\u00e9ennes du travail forc\u00e9 pendant l\u2019occupation japonaise. En ne demandant pas de r\u00e9paration aux entreprises japonaises, les relations entre les deux pays devraient s\u2019am\u00e9liorer dans un contexte d\u2019inqui\u00e9tude pour la s\u00e9curit\u00e9 r\u00e9gionale avec la Cor\u00e9e du&nbsp;Nord.<br>\n<\/strong><\/p>\n<figure id=\"attachment_25920\" aria-describedby=\"caption-attachment-25920\" style=\"width: 1000px\" class=\"wp-caption aligncenter\"><img decoding=\"async\" class=\"wp-image-25920 size-full\" src=\"https:\/\/www.newsendip.com\/wp-content\/uploads\/2023\/03\/korea-president-speech-independence-japan.webp\" alt=\"Le pr\u00e9sident sud-cor\u00e9en Yoon Suk-yeol\" width=\"1000\" height=\"523\" srcset=\"https:\/\/www.newsendip.com\/wp-content\/uploads\/2023\/03\/korea-president-speech-independence-japan.webp 1000w, https:\/\/www.newsendip.com\/wp-content\/uploads\/2023\/03\/korea-president-speech-independence-japan-60x31.webp 60w, https:\/\/www.newsendip.com\/wp-content\/uploads\/2023\/03\/korea-president-speech-independence-japan-300x157.webp 300w, https:\/\/www.newsendip.com\/wp-content\/uploads\/2023\/03\/korea-president-speech-independence-japan-768x402.webp 768w\" sizes=\"(max-width: 1000px) 100vw, 1000px\"><figcaption id=\"caption-attachment-25920\" class=\"wp-caption-text\">Le pr\u00e9sident sud-cor\u00e9en Yoon Suk-yeol le 1er mars \u00e0 l\u2019occasion du 104e anniversaire de la d\u00e9claration d\u2019ind\u00e9pendance du Japon | \u00a9 Minist\u00e8re des affaires \u00e9trang\u00e8res de la Cor\u00e9e du&nbsp;Sud<\/figcaption><\/figure>\n<p>La Cor\u00e9e du Sud a annonc\u00e9 le 6 mars un plan visant \u00e0 indemniser les victimes cor\u00e9ennes qui avaient \u00e9t\u00e9 contraintes de travailler dans des usines et des mines japonaises pendant la Seconde Guerre mondiale. Ce plan, qui \u00e9vite aux entreprises japonaises d\u2019indemniser les victimes cor\u00e9ennes, est \u00e9galement consid\u00e9r\u00e9 comme un moyen d\u2019apaiser les relations entre les deux pays dans un contexte de pr\u00e9occupations sur la s\u00e9curit\u00e9 dans la r\u00e9gion.<\/p>\n<p>Le ministre des Affaires \u00e9trang\u00e8res de la Cor\u00e9e du Sud, Park Jin, a d\u00e9clar\u00e9 que les anciens travailleurs seraient indemnis\u00e9s par une fondation publique financ\u00e9e par des dons d\u2019entreprises du secteur priv\u00e9, sans donner plus de d\u00e9tails sur le mode de financement de cette fondation.<\/p>\n<p>\u00ab\u202f<em>Le gouvernement japonais appr\u00e9cie les mesures annonc\u00e9es par le gouvernement sud-cor\u00e9en aujourd\u2019hui comme un effort pour r\u00e9tablir des relations saines entre le Japon et la Cor\u00e9e du Sud\u202f\u00bb<\/em>, a d\u00e9clar\u00e9 le ministre japonais des Affaires \u00e9trang\u00e8res, Yoshimasa Hayashi.<\/p>\n<p>Mais ce plan, qui fut propos\u00e9 pour la premi\u00e8re fois par le gouvernement en janvier, a suscit\u00e9 des critiques de la part des victimes et de leurs familles \u2013 les quelques survivants du <a href=\"https:\/\/www.newsendip.com\/fr\/les-etats-unis-interdisent-de-nouveaux-produits-en-provenance-de-malaisie-pour-cause-de-travail-force\/\">travail forc\u00e9<\/a> encore en vie ont maintenant plus de 90 ans \u2013 parce que les entreprises japonaises impliqu\u00e9es dans le travail forc\u00e9 ne contribuent pas au plan d\u2019indemnisation. Le Parti d\u00e9mocratique, principale opposition au parti conservateur au pouvoir en Cor\u00e9e du Sud, a consid\u00e9r\u00e9 ce plan comme une \u00ab\u202f<em>diplomatie de soumission\u202f\u00bb<\/em>.<\/p>\n<p>La Cor\u00e9e du Sud a des sentiments amers envers un pays qui a occup\u00e9 la p\u00e9ninsule cor\u00e9enne de 1910 \u00e0&nbsp;1945.<\/p>\n<p>Des milliers de Cor\u00e9ens ont \u00e9t\u00e9 mobilis\u00e9s comme travailleurs forc\u00e9s pour les entreprises japonaises pendant la Seconde Guerre mondiale. Pendait cette p\u00e9riode, l\u2019arm\u00e9e japonaise g\u00e9rait \u00e9galement des <a href=\"https:\/\/www.newsendip.com\/fr\/le-pdg-de-securitas-suede-profondement-attriste-par-des-employes-frequentant-des-maisons-closes\/\">maisons closes<\/a> et for\u00e7ait des femmes, principalement du Japon et de Cor\u00e9e mais aussi des Philippines, de Chine, de <a href=\"https:\/\/www.newsendip.com\/fr\/etiquette\/taiwan-fr\/\">Ta\u00efwan<\/a>, d\u2019Indon\u00e9sie et d\u2019autres pays d\u2019Asie, \u00e0 fournir des services sexuels \u00e0 l\u2019arm\u00e9e japonaise. Les maisons closes \u00e9taient appel\u00e9es \u00ab\u202fpostes de r\u00e9confort\u202f\u00bb dans lesquelles travaillaient des \u00ab\u202ffemmes de r\u00e9confort\u202f\u00bb. Le Japon a justifi\u00e9 ces lieux comme un moyen de limiter les <a href=\"https:\/\/www.newsendip.com\/fr\/plus-dune-norvegienne-sur-5-victime-de-viol-la-violence-en-augmentation-en-norvege-sur-la-derniere-decennie-selon-un-nouveau-rapport\/\">viols<\/a> commis par l\u2019arm\u00e9e.<\/p>\n<p>Mais le Japon consid\u00e8re que tous les diff\u00e9rends li\u00e9s \u00e0 cette <a href=\"https:\/\/www.newsendip.com\/fr\/le-gouvernement-neerlandais-sexcuse-pour-les-violences-extreme-et-systemique-en-indonesie-lors-de-la-guerre-dindependance\/\">p\u00e9riode coloniale<\/a> ont \u00e9t\u00e9 r\u00e9solus par un trait\u00e9 bilat\u00e9ral en 1965. Ce trait\u00e9 pr\u00e9voyait une aide \u00e9conomique de 300 millions de dollars et des pr\u00eats de quelque 500 millions de dollars de la part du Japon pour reconstruire ses infrastructures et son \u00e9conomie d\u00e9vast\u00e9es par la guerre de&nbsp;Cor\u00e9e.<\/p>\n<p>\u00c0 l\u2019\u00e9poque, la Cor\u00e9e du Sud \u00e9tait dirig\u00e9e par le pr\u00e9sident autoritaire Park Chung-hee. L\u2019accord a suscit\u00e9 des manifestations massives et le gouvernement avait d\u00e9clar\u00e9 la loi martiale.<\/p>\n<p>Des entreprises comme POSCO, un g\u00e9ant cor\u00e9en de l\u2019acier qui a b\u00e9n\u00e9fici\u00e9 de l\u2019aide re\u00e7ue dans le cadre de l\u2019accord en 1965, pourraient devoir donner pour le fonds annonc\u00e9 ce lundi. Les entreprises japonaises peuvent contribuer volontairement \u00e0 ce fonds, ce qu\u2019esp\u00e8re le gouvernement cor\u00e9en.<\/p>\n<p>En 1995, le Premier ministre japonais Tomiichi Murayama a pr\u00e9sent\u00e9 des \u00ab\u202f<em>excuses profondes\u202f\u00bb<\/em> concernant la politique coloniale japonaise.<\/p>\n<p>En 2015, un nouvel accord a \u00e9t\u00e9 sign\u00e9 entre le Japon et la Cor\u00e9e du Sud, Tokyo fournissant 1 milliard de yens (environ 7,5 millions d\u2019euros en 2015) pour soutenir les victimes des maisons closes. Mais l\u2019accord \u00e9tait controvers\u00e9 parce que la compensation \u00e9tait consid\u00e9r\u00e9e comme insuffisante et que le Japon n\u2019avait pas reconnu sa responsabilit\u00e9 l\u00e9gale pour les atrocit\u00e9s commises pendant son occupation coloniale. De nombreuses victimes ont refus\u00e9 l\u2019accord et de recevoir un paiement.<\/p>\n<p>Un moine bouddhiste de 64 ans est mort en janvier 2017\u202fen s\u2019immolant par le feu pour protester contre l\u2019accord.<\/p>\n<p>Et l\u2019ancien pr\u00e9sident sud-cor\u00e9en Moon Jae-in a dissous en 2018 la <a href=\"https:\/\/apnews.com\/article\/4c187890aa984313913e434996ee8751\">fondation financ\u00e9e par le Japon<\/a>, consid\u00e9rant que les victimes n\u2019\u00e9taient pas d\u2019accord.<\/p>\n<p>La m\u00eame ann\u00e9e, la Cour supr\u00eame de Cor\u00e9e du Sud a ordonn\u00e9 aux entreprises japonaises Nippon Steel et Mitsubishi Heavy Industries de verser des r\u00e9parations, entre 80 millions et 150 millions de wons chacun (62 000 \u00e0 115 000 euros en 2018), \u00e0 14 victimes du travail forc\u00e9. Elles n\u2019ont rien vers\u00e9, et plusieurs victimes sont d\u00e9c\u00e9d\u00e9es depuis.<\/p>\n<p>Ces tensions entre les deux pays se sont \u00e9galement \u00e9tendues au domaine \u00e9conomique. Consid\u00e9r\u00e9 comme une mesure de r\u00e9torsion officieuse aux ordonnances de la Cour supr\u00eame, le Japon de l\u2019ancien Premier ministre Shinzo Abe a restreint en juin 2019 les exportations vers la Cor\u00e9e du Sud de composants essentiels \u00e0 la confection des <a href=\"https:\/\/www.newsendip.com\/fr\/la-chine-retrograde-ses-relations-diplomatiques-avec-la-lituanie-a-cause-du-bureau-de-representation-de-taiwan\/\">semi-conducteurs<\/a> et les \u00e9crans de smartphones. Trois \u00e9l\u00e9ments sont alors pass\u00e9s sous des licences d\u2019exportation individuelles, n\u00e9cessitant des examens individuels pour chaque projet d\u2019exportation. La Cor\u00e9e du Sud a \u00e9galement \u00e9t\u00e9 exclue d\u2019une liste pr\u00e9f\u00e9rentielle qui simplifiait les proc\u00e9dures d\u2019exportation, comme pour les contr\u00f4les pour des raisons de s\u00e9curit\u00e9 par exemple.<\/p>\n<p>En septembre 2019, la Cor\u00e9e du Sud a d\u00e9pos\u00e9 une plainte aupr\u00e8s de l\u2019Organisation mondiale du commerce, estimant que les restrictions \u00e0 l\u2019exportation du Japon \u00e9taient injustes.<\/p>\n<p>Mais le <a href=\"https:\/\/www.meti.go.jp\/press\/2022\/03\/20230306007\/20230306007.html\">minist\u00e8re japonais de l\u2019\u00c9conomie, du Commerce et de l\u2019Industrie<\/a> a d\u00e9clar\u00e9 lundi que le Japon et la Cor\u00e9e du Sud allaient discuter sur la politique de contr\u00f4le des exportations. Le gouvernement cor\u00e9en a temporairement suspendu les proc\u00e9dures soumises \u00e0 l\u2019OMC pendant ces consultations.<\/p>\n<p>Le premier ministre japonais, Fumio Kishida, a d\u00e9clar\u00e9 lundi, lors d\u2019une session parlementaire, que le r\u00e9tablissement des liens commerciaux \u00e9tait une question distincte des compensations aux victimes du travail forc\u00e9.<\/p>\n<p>L\u2019apaisement des tensions initi\u00e9 par la Cor\u00e9e du Sud, qui \u00e9prouve \u00e9galement un certain ressentiment \u00e0 l\u2019\u00e9gard des revendications territoriales du <a href=\"https:\/\/www.newsendip.com\/fr\/le-japon-recense-plus-de-14-000-iles-sur-son-territoire-le-double-de-la-derniere-etude\/\">Japon sur des \u00eeles<\/a> occup\u00e9es par la Cor\u00e9e du Sud, intervient alors que la Cor\u00e9e du Nord devient plus mena\u00e7ante avec ses capacit\u00e9s et ses essais nucl\u00e9aires et balistiques.<\/p>\n<p>Le pr\u00e9sident conservateur Yoon Suk-yeol, dans son discours du 1er mars lors des c\u00e9l\u00e9brations du <a href=\"https:\/\/www.mofa.go.kr\/eng\/brd\/m_24257\/view.do?seq=18\">104e anniversaire de la d\u00e9claration d\u2019ind\u00e9pendance du Japon<\/a>, a estim\u00e9 que \u00ab\u202f<em>le Japon s\u2019est transform\u00e9 d\u2019un agresseur militariste du pass\u00e9 en un partenaire qui partage les m\u00eames valeurs universelles que nous. Aujourd\u2019hui, la Cor\u00e9e et le Japon coop\u00e8rent sur les questions de s\u00e9curit\u00e9 et d\u2019\u00e9conomie. Nous travaillons \u00e9galement ensemble pour faire face aux d\u00e9fis mondiaux.\u202f\u00bb<\/em><\/p>\n<p>\u00c9lu en 2022, M. Yoon a plaid\u00e9 pour une alliance plus forte avec les \u00c9tats-Unis et une ligne plus dure \u00e0 l\u2019\u00e9gard de la Cor\u00e9e du Nord pendant sa <a href=\"https:\/\/www.newsendip.com\/fr\/en-coree-un-homme-politique-agresse-quelques-jours-avant-lelection-presidentielle\/\">campagne pr\u00e9sidentielle<\/a>. Il s\u2019est \u00e9galement engag\u00e9 \u00e0 am\u00e9liorer les relations avec&nbsp;Tokyo.<\/p>\n<p>\u00ab\u202f<em>La coop\u00e9ration trilat\u00e9rale entre la R\u00e9publique de Cor\u00e9e, les \u00c9tats-Unis et le Japon est devenue plus importante que jamais pour surmonter les crises de s\u00e9curit\u00e9, notamment les menaces nucl\u00e9aires croissantes de la Cor\u00e9e du Nord et les multiples crises mondiales\u202f\u00bb<\/em>, a ajout\u00e9 M.&nbsp;Yoon.<\/p>\n<p>Le pr\u00e9sident des <a href=\"https:\/\/www.newsendip.com\/fr\/etiquette\/etats-unis\/\">\u00c9tats-Unis<\/a>, Joe Biden, qui a <a href=\"https:\/\/www.newsendip.com\/fr\/le-president-sud-coreen-porte-des-lunettes-de-soleil-offertes-par-le-president-americain-biden-pour-la-premiere-fois\/\">rendu visite \u00e0 M. Yoon<\/a> 11 jours apr\u00e8s l\u2019entr\u00e9e en fonction de ce dernier, a salu\u00e9 cette initiative qui conduit \u00e0 un renforcement des relations entre deux de ses plus proches alli\u00e9s en Asie. La Cor\u00e9e du Sud et le Japon \u00ab\u202f<em>franchissent une \u00e9tape cruciale pour forger un avenir plus s\u00fbr, plus s\u00e9curis\u00e9 et plus prosp\u00e8re pour les peuples cor\u00e9en et japonais\u202f\u00bb<\/em>, a d\u00e9clar\u00e9 M. Biden dans un communiqu\u00e9.<\/p>\n<p><strong><a href=\"https:\/\/www.newsendip.com\/fr\/etiquette\/coree-sud\/\">D\u00e9couvrez plus d\u2019actualit\u00e9s sur la Cor\u00e9e du&nbsp;Sud<\/a><\/strong><\/p>\n","protected":false},"excerpt":{"rendered":"<p>La Cor\u00e9e du Sud a annonc\u00e9 un plan d\u2019indemnisation des victimes cor\u00e9ennes du travail forc\u00e9 pendant l\u2019occupation japonaise. En ne demandant pas de r\u00e9paration aux entreprises japonaises, les relations entre les deux pays devraient s\u2019am\u00e9liorer dans un contexte d\u2019inqui\u00e9tude pour la s\u00e9curit\u00e9 r\u00e9gionale avec la Cor\u00e9e du&nbsp;Nord.<\/p>\n","protected":false},"author":1,"featured_media":25920,"comment_status":"closed","ping_status":"open","sticky":false,"template":"","format":"standard","meta":{"wp_typography_post_enhancements_disabled":false,"footnotes":""},"categories":[416],"tags":[511,486,421],"class_list":["post-25889","post","type-post","status-publish","format-standard","has-post-thumbnail","hentry","category-politique","tag-coree-sud","tag-japon","tag-vieux"],"yoast_head":"<!-- This site is optimized with the Yoast SEO Premium plugin v27.4 (Yoast SEO v27.4) - https:\/\/yoast.com\/product\/yoast-seo-premium-wordpress\/ -->\n<title>La Cor\u00e9e du Sud cherche \u00e0 am\u00e9liorer ses relations avec le Japon avec un plan d&#039;indemnisation de victimes du travail forc\u00e9<\/title>\n<meta name=\"description\" content=\"La Cor\u00e9e du Sud a annonc\u00e9 un plan d&#039;indemnisation des victimes cor\u00e9ennes du travail forc\u00e9 pendant l&#039;occupation japonaise. En ne demandant pas de r\u00e9paration aux entreprises japonaises, les relations entre les deux pays devraient s&#039;am\u00e9liorer dans un contexte d&#039;inqui\u00e9tude pour la s\u00e9curit\u00e9 r\u00e9gionale avec la Cor\u00e9e du Nord.\" \/>\n<meta name=\"robots\" content=\"index, follow, max-snippet:-1, max-image-preview:large, max-video-preview:-1\" \/>\n<link rel=\"canonical\" href=\"https:\/\/www.newsendip.com\/fr\/la-coree-du-sud-cherche-a-ameliorer-ses-relations-avec-le-japon-avec-un-plan-dindemnisation-de-victimes-du-travail-force\/\" \/>\n<meta property=\"og:locale\" content=\"fr_FR\" \/>\n<meta property=\"og:type\" content=\"article\" \/>\n<meta property=\"og:title\" content=\"La Cor\u00e9e du Sud cherche \u00e0 am\u00e9liorer ses relations avec le Japon avec un plan d&#039;indemnisation de victimes du travail forc\u00e9\" \/>\n<meta property=\"og:description\" content=\"La Cor\u00e9e du Sud a annonc\u00e9 un plan d&#039;indemnisation des victimes cor\u00e9ennes du travail forc\u00e9 pendant l&#039;occupation japonaise. En ne demandant pas de r\u00e9paration aux entreprises japonaises, les relations entre les deux pays devraient s&#039;am\u00e9liorer dans un contexte d&#039;inqui\u00e9tude pour la s\u00e9curit\u00e9 r\u00e9gionale avec la Cor\u00e9e du Nord.\" \/>\n<meta property=\"og:url\" content=\"https:\/\/www.newsendip.com\/fr\/la-coree-du-sud-cherche-a-ameliorer-ses-relations-avec-le-japon-avec-un-plan-dindemnisation-de-victimes-du-travail-force\/\" \/>\n<meta property=\"og:site_name\" content=\"Newsendip\" \/>\n<meta property=\"article:publisher\" content=\"https:\/\/www.facebook.com\/newsendip\" \/>\n<meta property=\"article:published_time\" content=\"2023-03-06T20:59:00+00:00\" \/>\n<meta property=\"article:modified_time\" content=\"2024-07-18T13:47:16+00:00\" \/>\n<meta property=\"og:image\" content=\"https:\/\/www.newsendip.com\/wp-content\/uploads\/2023\/03\/korea-president-speech-independence-japan.jpeg\" \/>\n\t<meta property=\"og:image:width\" content=\"1000\" \/>\n\t<meta property=\"og:image:height\" content=\"523\" \/>\n\t<meta property=\"og:image:type\" content=\"image\/jpeg\" \/>\n<meta name=\"author\" content=\"Cl\u00e9ment V\u00e9rit\u00e9\" \/>\n<meta name=\"twitter:card\" content=\"summary_large_image\" \/>\n<meta name=\"twitter:image\" content=\"https:\/\/www.newsendip.com\/wp-content\/uploads\/2023\/03\/korea-president-speech-independence-japan.jpeg\" \/>\n<meta name=\"twitter:creator\" content=\"@https:\/\/twitter.com\/cverite\" \/>\n<meta name=\"twitter:site\" content=\"@newsendip\" \/>\n<meta name=\"twitter:label1\" content=\"\u00c9crit par\" \/>\n\t<meta name=\"twitter:data1\" content=\"Cl\u00e9ment V\u00e9rit\u00e9\" \/>\n\t<meta name=\"twitter:label2\" content=\"Dur\u00e9e de lecture estim\u00e9e\" \/>\n\t<meta name=\"twitter:data2\" content=\"6 minutes\" \/>\n<!-- \/ Yoast SEO Premium plugin. -->","yoast_head_json":{"title":"La Cor\u00e9e du Sud cherche \u00e0 am\u00e9liorer ses relations avec le Japon avec un plan d'indemnisation de victimes du travail forc\u00e9","description":"La Cor\u00e9e du Sud a annonc\u00e9 un plan d'indemnisation des victimes cor\u00e9ennes du travail forc\u00e9 pendant l'occupation japonaise. En ne demandant pas de r\u00e9paration aux entreprises japonaises, les relations entre les deux pays devraient s'am\u00e9liorer dans un contexte d'inqui\u00e9tude pour la s\u00e9curit\u00e9 r\u00e9gionale avec la Cor\u00e9e du Nord.","robots":{"index":"index","follow":"follow","max-snippet":"max-snippet:-1","max-image-preview":"max-image-preview:large","max-video-preview":"max-video-preview:-1"},"canonical":"https:\/\/www.newsendip.com\/fr\/la-coree-du-sud-cherche-a-ameliorer-ses-relations-avec-le-japon-avec-un-plan-dindemnisation-de-victimes-du-travail-force\/","og_locale":"fr_FR","og_type":"article","og_title":"La Cor\u00e9e du Sud cherche \u00e0 am\u00e9liorer ses relations avec le Japon avec un plan d'indemnisation de victimes du travail forc\u00e9","og_description":"La Cor\u00e9e du Sud a annonc\u00e9 un plan d'indemnisation des victimes cor\u00e9ennes du travail forc\u00e9 pendant l'occupation japonaise. En ne demandant pas de r\u00e9paration aux entreprises japonaises, les relations entre les deux pays devraient s'am\u00e9liorer dans un contexte d'inqui\u00e9tude pour la s\u00e9curit\u00e9 r\u00e9gionale avec la Cor\u00e9e du Nord.","og_url":"https:\/\/www.newsendip.com\/fr\/la-coree-du-sud-cherche-a-ameliorer-ses-relations-avec-le-japon-avec-un-plan-dindemnisation-de-victimes-du-travail-force\/","og_site_name":"Newsendip","article_publisher":"https:\/\/www.facebook.com\/newsendip","article_published_time":"2023-03-06T20:59:00+00:00","article_modified_time":"2024-07-18T13:47:16+00:00","og_image":[{"width":1000,"height":523,"url":"https:\/\/www.newsendip.com\/wp-content\/uploads\/2023\/03\/korea-president-speech-independence-japan.jpeg","type":"image\/jpeg"}],"author":"Cl\u00e9ment V\u00e9rit\u00e9","twitter_card":"summary_large_image","twitter_image":"https:\/\/www.newsendip.com\/wp-content\/uploads\/2023\/03\/korea-president-speech-independence-japan.jpeg","twitter_creator":"@https:\/\/twitter.com\/cverite","twitter_site":"@newsendip","twitter_misc":{"\u00c9crit par":"Cl\u00e9ment V\u00e9rit\u00e9","Dur\u00e9e de lecture estim\u00e9e":"6 minutes"},"schema":{"@context":"https:\/\/schema.org","@graph":[{"@type":"NewsArticle","@id":"https:\/\/www.newsendip.com\/fr\/la-coree-du-sud-cherche-a-ameliorer-ses-relations-avec-le-japon-avec-un-plan-dindemnisation-de-victimes-du-travail-force\/#article","isPartOf":{"@id":"https:\/\/www.newsendip.com\/fr\/la-coree-du-sud-cherche-a-ameliorer-ses-relations-avec-le-japon-avec-un-plan-dindemnisation-de-victimes-du-travail-force\/"},"author":{"name":"Cl\u00e9ment V\u00e9rit\u00e9","@id":"https:\/\/www.newsendip.com\/fr\/#\/schema\/person\/ea22c01755f464a3cbc2c619584d6363"},"headline":"La Cor\u00e9e du Sud cherche \u00e0 am\u00e9liorer ses relations avec le Japon avec un plan d\u2019indemnisation de victimes du travail forc\u00e9","datePublished":"2023-03-06T20:59:00+00:00","dateModified":"2024-07-18T13:47:16+00:00","mainEntityOfPage":{"@id":"https:\/\/www.newsendip.com\/fr\/la-coree-du-sud-cherche-a-ameliorer-ses-relations-avec-le-japon-avec-un-plan-dindemnisation-de-victimes-du-travail-force\/"},"wordCount":1450,"publisher":{"@id":"https:\/\/www.newsendip.com\/fr\/#organization"},"image":{"@id":"https:\/\/www.newsendip.com\/fr\/la-coree-du-sud-cherche-a-ameliorer-ses-relations-avec-le-japon-avec-un-plan-dindemnisation-de-victimes-du-travail-force\/#primaryimage"},"thumbnailUrl":"https:\/\/www.newsendip.com\/wp-content\/uploads\/2023\/03\/korea-president-speech-independence-japan.webp","keywords":["Cor\u00e9e du sud","Japon","Vieux"],"articleSection":["Politique"],"inLanguage":"fr-FR","copyrightYear":"2023","copyrightHolder":{"@id":"https:\/\/www.newsendip.com\/#organization"}},{"@type":"WebPage","@id":"https:\/\/www.newsendip.com\/fr\/la-coree-du-sud-cherche-a-ameliorer-ses-relations-avec-le-japon-avec-un-plan-dindemnisation-de-victimes-du-travail-force\/","url":"https:\/\/www.newsendip.com\/fr\/la-coree-du-sud-cherche-a-ameliorer-ses-relations-avec-le-japon-avec-un-plan-dindemnisation-de-victimes-du-travail-force\/","name":"La Cor\u00e9e du Sud cherche \u00e0 am\u00e9liorer ses relations avec le Japon avec un plan d'indemnisation de victimes du travail forc\u00e9","isPartOf":{"@id":"https:\/\/www.newsendip.com\/fr\/#website"},"primaryImageOfPage":{"@id":"https:\/\/www.newsendip.com\/fr\/la-coree-du-sud-cherche-a-ameliorer-ses-relations-avec-le-japon-avec-un-plan-dindemnisation-de-victimes-du-travail-force\/#primaryimage"},"image":{"@id":"https:\/\/www.newsendip.com\/fr\/la-coree-du-sud-cherche-a-ameliorer-ses-relations-avec-le-japon-avec-un-plan-dindemnisation-de-victimes-du-travail-force\/#primaryimage"},"thumbnailUrl":"https:\/\/www.newsendip.com\/wp-content\/uploads\/2023\/03\/korea-president-speech-independence-japan.webp","datePublished":"2023-03-06T20:59:00+00:00","dateModified":"2024-07-18T13:47:16+00:00","description":"La Cor\u00e9e du Sud a annonc\u00e9 un plan d'indemnisation des victimes cor\u00e9ennes du travail forc\u00e9 pendant l'occupation japonaise. En ne demandant pas de r\u00e9paration aux entreprises japonaises, les relations entre les deux pays devraient s'am\u00e9liorer dans un contexte d'inqui\u00e9tude pour la s\u00e9curit\u00e9 r\u00e9gionale avec la Cor\u00e9e du Nord.","breadcrumb":{"@id":"https:\/\/www.newsendip.com\/fr\/la-coree-du-sud-cherche-a-ameliorer-ses-relations-avec-le-japon-avec-un-plan-dindemnisation-de-victimes-du-travail-force\/#breadcrumb"},"inLanguage":"fr-FR","potentialAction":[{"@type":"ReadAction","target":["https:\/\/www.newsendip.com\/fr\/la-coree-du-sud-cherche-a-ameliorer-ses-relations-avec-le-japon-avec-un-plan-dindemnisation-de-victimes-du-travail-force\/"]}]},{"@type":"ImageObject","inLanguage":"fr-FR","@id":"https:\/\/www.newsendip.com\/fr\/la-coree-du-sud-cherche-a-ameliorer-ses-relations-avec-le-japon-avec-un-plan-dindemnisation-de-victimes-du-travail-force\/#primaryimage","url":"https:\/\/www.newsendip.com\/wp-content\/uploads\/2023\/03\/korea-president-speech-independence-japan.webp","contentUrl":"https:\/\/www.newsendip.com\/wp-content\/uploads\/2023\/03\/korea-president-speech-independence-japan.webp","width":1000,"height":523,"caption":"Le pr\u00e9sident sud-cor\u00e9en Yoon Suk-yeol le 1er mars \u00e0 l'occasion du 104e anniversaire de la d\u00e9claration d'ind\u00e9pendance du Japon | \u00a9 Minist\u00e8re des affaires \u00e9trang\u00e8res de la Cor\u00e9e du Sud"},{"@type":"BreadcrumbList","@id":"https:\/\/www.newsendip.com\/fr\/la-coree-du-sud-cherche-a-ameliorer-ses-relations-avec-le-japon-avec-un-plan-dindemnisation-de-victimes-du-travail-force\/#breadcrumb","itemListElement":[{"@type":"ListItem","position":1,"name":"Accueil","item":"https:\/\/www.newsendip.com\/fr\/"},{"@type":"ListItem","position":2,"name":"La Cor\u00e9e du Sud cherche \u00e0 am\u00e9liorer ses relations avec le Japon avec un plan d&#8217;indemnisation de victimes du travail forc\u00e9"}]},{"@type":"WebSite","@id":"https:\/\/www.newsendip.com\/fr\/#website","url":"https:\/\/www.newsendip.com\/fr\/","name":"Newsendip","description":"Red\u00e9couvrez l&#039;actualit\u00e9 internationale","publisher":{"@id":"https:\/\/www.newsendip.com\/fr\/#organization"},"potentialAction":[{"@type":"SearchAction","target":{"@type":"EntryPoint","urlTemplate":"https:\/\/www.newsendip.com\/fr\/?s={search_term_string}"},"query-input":{"@type":"PropertyValueSpecification","valueRequired":true,"valueName":"search_term_string"}}],"inLanguage":"fr-FR"},{"@type":"Organization","@id":"https:\/\/www.newsendip.com\/fr\/#organization","name":"Newsendip","url":"https:\/\/www.newsendip.com\/fr\/","logo":{"@type":"ImageObject","inLanguage":"fr-FR","@id":"https:\/\/www.newsendip.com\/fr\/#\/schema\/logo\/image\/","url":"https:\/\/www.newsendip.com\/wp-content\/uploads\/2023\/12\/512x512.svg","contentUrl":"https:\/\/www.newsendip.com\/wp-content\/uploads\/2023\/12\/512x512.svg","width":1,"height":1,"caption":"Newsendip"},"image":{"@id":"https:\/\/www.newsendip.com\/fr\/#\/schema\/logo\/image\/"},"sameAs":["https:\/\/www.facebook.com\/newsendip","https:\/\/x.com\/newsendip","https:\/\/mastodon.social\/@newsendip","https:\/\/www.linkedin.com\/company\/newsendip"],"description":"Newsendip est un site qui a pour mission de rendre l'actualit\u00e9 internationale accessible et diversifi\u00e9e","email":"contact@newsendip.com","legalName":"Newsendip SAS","foundingDate":"2022-11-04","vatID":"FR60921124723","numberOfEmployees":{"@type":"QuantitativeValue","minValue":"1","maxValue":"10"},"publishingPrinciples":"https:\/\/www.newsendip.com\/about-us\/","ownershipFundingInfo":"https:\/\/www.newsendip.com\/legal-notice\/","actionableFeedbackPolicy":"https:\/\/www.newsendip.com\/about-us\/","correctionsPolicy":"https:\/\/www.newsendip.com\/about-us\/","ethicsPolicy":"https:\/\/www.newsendip.com\/about-us\/","diversityPolicy":"https:\/\/www.newsendip.com\/about-us\/"},{"@type":"Person","@id":"https:\/\/www.newsendip.com\/fr\/#\/schema\/person\/ea22c01755f464a3cbc2c619584d6363","name":"Cl\u00e9ment V\u00e9rit\u00e9","description":"Cl\u00e9ment is the executive editor and founder of Newsendip. He started in the media industry as a freelance reporter at 16 for a local French newspaper after school and has never left it. He later worked for seven years at The New York Times, notably as a data analyst. He holds a Master of Management in France and a Master of Arts in the United Kingdom in International Marketing &amp; Communications Strategy. He has lived in France, the United Kingdom, and Italy.","sameAs":["https:\/\/www.newsendip.com\/","https:\/\/www.linkedin.com\/in\/clementverite\/","https:\/\/x.com\/https:\/\/twitter.com\/cverite"],"knowsAbout":["News","International","Business","Media monitoring"],"knowsLanguage":["English","French","Italian","Spanish"],"url":"https:\/\/www.newsendip.com\/fr\/author\/clement-verite\/"}]}},"_links":{"self":[{"href":"https:\/\/www.newsendip.com\/fr\/wp-json\/wp\/v2\/posts\/25889","targetHints":{"allow":["GET"]}}],"collection":[{"href":"https:\/\/www.newsendip.com\/fr\/wp-json\/wp\/v2\/posts"}],"about":[{"href":"https:\/\/www.newsendip.com\/fr\/wp-json\/wp\/v2\/types\/post"}],"author":[{"embeddable":true,"href":"https:\/\/www.newsendip.com\/fr\/wp-json\/wp\/v2\/users\/1"}],"replies":[{"embeddable":true,"href":"https:\/\/www.newsendip.com\/fr\/wp-json\/wp\/v2\/comments?post=25889"}],"version-history":[{"count":0,"href":"https:\/\/www.newsendip.com\/fr\/wp-json\/wp\/v2\/posts\/25889\/revisions"}],"wp:featuredmedia":[{"embeddable":true,"href":"https:\/\/www.newsendip.com\/fr\/wp-json\/wp\/v2\/media\/25920"}],"wp:attachment":[{"href":"https:\/\/www.newsendip.com\/fr\/wp-json\/wp\/v2\/media?parent=25889"}],"wp:term":[{"taxonomy":"category","embeddable":true,"href":"https:\/\/www.newsendip.com\/fr\/wp-json\/wp\/v2\/categories?post=25889"},{"taxonomy":"post_tag","embeddable":true,"href":"https:\/\/www.newsendip.com\/fr\/wp-json\/wp\/v2\/tags?post=25889"}],"curies":[{"name":"wp","href":"https:\/\/api.w.org\/{rel}","templated":true}]}}