{"id":26480,"date":"2023-03-22T18:02:00","date_gmt":"2023-03-22T17:02:00","guid":{"rendered":"https:\/\/www.newsendip.com\/?p=26480"},"modified":"2023-04-14T11:51:46","modified_gmt":"2023-04-14T09:51:46","slug":"la-cour-supreme-de-suede-confirme-lexclusion-dune-avocate-qui-avait-une-liaison-avec-son-client","status":"publish","type":"post","link":"https:\/\/www.newsendip.com\/fr\/la-cour-supreme-de-suede-confirme-lexclusion-dune-avocate-qui-avait-une-liaison-avec-son-client\/","title":{"rendered":"L\u2019histoire d\u2019une avocate su\u00e9doise radi\u00e9e du barreau parce qu\u2019elle avait une liaison avec son client"},"content":{"rendered":"<p><strong>En Su\u00e8de, une avocate a \u00e9t\u00e9 interdite d\u2019exercer sa profession parce qu\u2019elle repr\u00e9sentait un membre d\u2019un groupe criminel qui \u00e9tait aussi son amant. La Cour supr\u00eame a confirm\u00e9 la d\u00e9cision.<br>\n<\/strong><\/p>\n<figure id=\"attachment_26501\" aria-describedby=\"caption-attachment-26501\" style=\"width: 856px\" class=\"wp-caption aligncenter\"><img decoding=\"async\" class=\"wp-image-26501 size-full\" src=\"https:\/\/www.newsendip.com\/wp-content\/uploads\/2023\/03\/supreme-court-sweden.webp\" alt=\"Cour supr\u00eame de Su\u00e8de\" width=\"856\" height=\"500\" srcset=\"https:\/\/www.newsendip.com\/wp-content\/uploads\/2023\/03\/supreme-court-sweden.webp 856w, https:\/\/www.newsendip.com\/wp-content\/uploads\/2023\/03\/supreme-court-sweden-60x35.webp 60w, https:\/\/www.newsendip.com\/wp-content\/uploads\/2023\/03\/supreme-court-sweden-300x175.webp 300w, https:\/\/www.newsendip.com\/wp-content\/uploads\/2023\/03\/supreme-court-sweden-768x449.webp 768w\" sizes=\"(max-width: 856px) 100vw, 856px\"><figcaption id=\"caption-attachment-26501\" class=\"wp-caption-text\">Salle d\u2019audience de la cour supr\u00eame de Su\u00e8de | \u00a9 Sveriges Domstolar<\/figcaption><\/figure>\n<p>En Su\u00e8de, une avocate a bri\u00e8vement repr\u00e9sent\u00e9 son amant accus\u00e9 de tentative de meurtre, mais a ensuite \u00e9t\u00e9 radi\u00e9e de l\u2019ordre des avocats. La <a href=\"https:\/\/www.domstol.se\/nyheter\/2023\/03\/uteslutning-av-advokat-som-atog-sig-forsvararuppdrag-trots-personlig-relation-med-den-misstankte\/\">Cour supr\u00eame de Su\u00e8de<\/a> a confirm\u00e9 la d\u00e9cision le 22&nbsp;mars.<\/p>\n<p>L\u2019<a href=\"https:\/\/www.domstol.se\/nyheter\/2023\/03\/uteslutning-av-advokat-som-atog-sig-forsvararuppdrag-trots-personlig-relation-med-den-misstankte\/\">ordre des avocats su\u00e9dois<\/a>, dont les 6 400 membres sont les seuls \u00e0 \u00eatre officiellement reconnus comme avocats dans le pays, a d\u00e9cid\u00e9 en juin 2022 d\u2019exclure une avocate consid\u00e9rant qu\u2019elle avait n\u00e9glig\u00e9 ses devoirs dans des circonstances aggravantes.<\/p>\n<p>L\u2019avocate avait une \u00ab\u202f<em>relation personnelle \u00e9troite\u202f\u00bb<\/em> avec un suspect qu\u2019elle avait accept\u00e9 de repr\u00e9senter. Pour l\u2019ordre, son comportement a enfreint son code de conduite et l\u2019exigence d\u2019int\u00e9grit\u00e9 et d\u2019ind\u00e9pendance. Selon le code de conduite, \u00ab\u202f<em>l\u2019avocat doit \u00e9viter toute atteinte \u00e0 son ind\u00e9pendance et veiller \u00e0 ne pas compromettre sa moralit\u00e9 professionnelle pour plaire \u00e0 son client, au tribunal ou \u00e0 des tiers\u202f\u00bb<\/em>.<\/p>\n<p>Mais l\u2019avocate fit appel de la d\u00e9cision. Elle a fait valoir que le code n\u2019interdit pas de repr\u00e9senter une personne avec laquelle un avocat a une relation \u00e9troite, que cette relation \u00e9tait sporadique \u2013 \u00ab\u202f<em>plus proche d\u2019une romance que d\u2019une relation\u202f\u00bb<\/em> \u2013 et que sa mission en tant qu\u2019avocate commise d\u2019office avait \u00e9t\u00e9 extr\u00eamement limit\u00e9e dans le temps. L\u2019avocate s\u2019est retir\u00e9e de son r\u00f4le environ un mois apr\u00e8s qu\u2019un procureur a soulign\u00e9 que sa position \u00e9tait inappropri\u00e9e.<\/p>\n<h2>Violences entre groupes rivaux \u00e0&nbsp;G\u00e4vle<\/h2>\n<p>Une s\u00e9rie de violences entre deux gangs rivaux, le groupe bleu et le groupe rouge, est apparue en 2020 \u00e0 G\u00e4vle, une ville de moyenne du centre de la Su\u00e8de. Tout aurait commenc\u00e9 par une querelle entre quelques personnes au sujet du trafic de drogue et de dettes impay\u00e9es. Le conflit a ensuite pris de l\u2019ampleur.<\/p>\n<p>En ao\u00fbt 2020, six hommes ont \u00e9t\u00e9 inculp\u00e9s de tentative de meurtre pour une fusillade \u00e0 G\u00e4vle. Une avocate r\u00e9put\u00e9e, Catrin Listad, a repr\u00e9sent\u00e9 l\u2019un des accus\u00e9s, EM selon l\u2019arr\u00eat de la Cour supr\u00eame, qui \u00e9tait consid\u00e9r\u00e9 par la police comme le chef du groupe rouge. Fin ao\u00fbt, EM a \u00e9galement \u00e9t\u00e9 la cible de tirs lors d\u2019un autre incident.<\/p>\n<p>Au cours de l\u2019enqu\u00eate, Mme Listad fut pendant un temps soup\u00e7onn\u00e9e d\u2019\u00eatre complice de la tentative de meurtre. Elle se trouvait dans une voiture lorsque des armes auraient \u00e9t\u00e9 transport\u00e9es. Elle aurait lou\u00e9 un appartement o\u00f9 vivait EM, et dans lequel \u00e9tait stock\u00e9 <a href=\"https:\/\/www.newsendip.com\/fr\/la-commission-europeenne-emet-un-recours-contre-la-suede-pour-ne-pas-avoir-adopte-une-directive-sur-le-controle-des-armes-a-feu\/\">des munitions<\/a> et de la drogue. L\u2019enqu\u00eate criminelle a \u00e9t\u00e9 abandonn\u00e9e \u00e0 l\u2019encontre de Mme Listad. Mais il fut r\u00e9v\u00e9l\u00e9 qu\u2019elle avait une relation amoureuse avec son client.<\/p>\n<p>Elle a ainsi engag\u00e9 plusieurs d\u00e9penses sans lien avec sa mission d\u2019avocate de la d\u00e9fense. Elle a lou\u00e9 une voiture pour son amant, lui a achet\u00e9 un t\u00e9l\u00e9phone portable et a lou\u00e9 une chambre d\u2019h\u00f4tel pour se&nbsp;voir.<\/p>\n<p>L\u2019avocate avait commenc\u00e9 \u00e0 repr\u00e9senter EM en juillet 2019, alors qu\u2019il \u00e9tait soup\u00e7onn\u00e9 de vol aggrav\u00e9. L\u2019affaire a ensuite \u00e9t\u00e9 class\u00e9e sans suite le m\u00eame mois. En ao\u00fbt 2019, elle l\u2019a \u00e9galement repr\u00e9sent\u00e9 dans des faits de contrainte ill\u00e9gale aggrav\u00e9e. Selon les documents de la Cour supr\u00eame, ils ont entam\u00e9 une relation amoureuse au printemps 2020.<\/p>\n<h2>Violation des devoirs d\u2019ind\u00e9pendance et d\u2019int\u00e9grit\u00e9 des avocats<\/h2>\n<p>Elle a cess\u00e9 de repr\u00e9senter son client en septembre 2020 \u00e0 la suite des remarques d\u2019un procureur. L\u2019amant a \u00e9t\u00e9 condamn\u00e9 \u00e0 neuf ans de prison pour tentative de meurtre, peine ramen\u00e9e \u00e0 trois ans et demi par une cour d\u2019appel.<\/p>\n<p>Puis en novembre 2021, l\u2019un des leaders du groupe rouge a \u00e9t\u00e9 abattu dans les rues de G\u00e4vle. Mme Listad a repr\u00e9sent\u00e9 l\u2019un des deux suspects devant le tribunal, mais a estim\u00e9 qu\u2019il n\u2019y avait pas de conflit d\u2019int\u00e9r\u00eats, m\u00eame si elle repr\u00e9sentait deux clients appartenant \u00e0 des gangs rivaux. Elle est rest\u00e9e avocate de la d\u00e9fense dans cette affaire. Selon l\u2019association du barreau su\u00e9dois, elle a \u00e9galement communiqu\u00e9 son nom \u00e0 son amant, violant ainsi le devoir de confidentialit\u00e9 des avocats.<\/p>\n<p>Les deux suspects ont \u00e9t\u00e9 condamn\u00e9s \u00e0 12 et 14 ans de prison durant l\u2019\u00e9t\u00e9 2022. Mais une fois le verdict rendu en juin 2022, <a href=\"https:\/\/www.svt.se\/nyheter\/lokalt\/gavleborg\/advokat-som-hade-relation-med-gangkriminell-utesluts-ur-advokatsamfundet\">l\u2019ordre des avocats su\u00e9dois a d\u00e9cid\u00e9 de bannir Mme Listad<\/a> et de lui retirer son titre d\u2019avocate. (Les deux hommes ont fait ensuite appel de la d\u00e9cision et ont \u00e9t\u00e9 acquitt\u00e9s pour manque de preuves en septembre 2022).<\/p>\n<p>Mme Listad a fait appel de la d\u00e9cision de l\u2019ordre, esp\u00e9rant qu\u2019elle serait att\u00e9nu\u00e9e et remplac\u00e9e par une sanction et un avertissement. Elle a fait valoir que le t\u00e9l\u00e9phone portable \u00e9tait le sien et qu\u2019il le lui avait pris sans son accord, qu\u2019elle louait l\u2019appartement pour elle-m\u00eame et qu\u2019il avait probablement pris un double des cl\u00e9s pour y s\u00e9journer sans sa permission, et qu\u2019elle payait pour des d\u00e9penses, par exemple au restaurant, mais lorsqu\u2019ils \u00e9taient ensemble.<\/p>\n<p>Mais la Cour supr\u00eame, la plus haute juridiction su\u00e9doise, a confirm\u00e9 l\u2019exclusion, estimant qu\u2019il y avait des \u00ab\u202f<em>risques frappants que des consid\u00e9rations non pertinentes soient prises en compte\u202f\u00bb<\/em> par l\u2019avocate dans la d\u00e9fense d\u2019EM en ao\u00fbt 2020\u202fen connaissant son pass\u00e9. \u00ab\u202f<em>CL n\u2019a pas satisfait aux exigences d\u2019ind\u00e9pendance et d\u2019int\u00e9grit\u00e9 qui s\u2019appliquent \u00e0 la fonction d\u2019avocat. En acceptant la mission, CL a n\u00e9glig\u00e9 ses devoirs d\u2019avocate\u202f\u00bb<\/em>, a justifi\u00e9 la&nbsp;cour.<\/p>\n<p>Mme Listad \u00e9tait mari\u00e9e et lorsque son mari a d\u00e9couvert sa relation extraconjugale en 2020, il a planifi\u00e9 de tuer son amant avec l\u2019aide de trois personnes. La police a d\u00e9couvert le plan avant qu\u2019il ne se r\u00e9alise \u00e0 l\u2019\u00e9t\u00e9 2020, quelques jours seulement avant l\u2019arrestation du chef de gang. La police a \u00e9galement \u00e9tabli un lien entre son mari et un groupe criminel d\u2019Uppsala, une ville situ\u00e9e au sud de G\u00e4vle, o\u00f9 ils vivaient.<\/p>\n<p><strong><a href=\"https:\/\/www.newsendip.com\/fr\/etiquette\/suede\/\">D\u00e9couvrez plus d\u2019actualit\u00e9s sur la&nbsp;Su\u00e8de<\/a><\/strong><\/p>\n","protected":false},"excerpt":{"rendered":"<p>En Su\u00e8de, une avocate a \u00e9t\u00e9 interdite d\u2019exercer sa profession parce qu\u2019elle repr\u00e9sentait un membre d\u2019un groupe criminel qui \u00e9tait aussi son amant. La Cour supr\u00eame a confirm\u00e9 la d\u00e9cision.<\/p>\n","protected":false},"author":1,"featured_media":26501,"comment_status":"closed","ping_status":"open","sticky":false,"template":"","format":"standard","meta":{"wp_typography_post_enhancements_disabled":false,"footnotes":""},"categories":[409],"tags":[1334,513],"class_list":["post-26480","post","type-post","status-publish","format-standard","has-post-thumbnail","hentry","category-societe","tag-nouveau","tag-suede"],"yoast_head":"<!-- This site is optimized with the Yoast SEO Premium plugin v27.4 (Yoast SEO v27.4) - https:\/\/yoast.com\/product\/yoast-seo-premium-wordpress\/ -->\n<title>L&#039;histoire d&#039;une avocate su\u00e9doise radi\u00e9e du barreau parce qu&#039;elle avait une liaison avec son client<\/title>\n<meta name=\"description\" content=\"En Su\u00e8de, une avocate a \u00e9t\u00e9 interdite d&#039;exercer sa profession parce qu&#039;elle repr\u00e9sentait un membre d&#039;un groupe criminel qui \u00e9tait aussi son amant. La Cour supr\u00eame a confirm\u00e9 la d\u00e9cision.\" \/>\n<meta name=\"robots\" content=\"index, follow, max-snippet:-1, max-image-preview:large, max-video-preview:-1\" \/>\n<link rel=\"canonical\" href=\"https:\/\/www.newsendip.com\/fr\/la-cour-supreme-de-suede-confirme-lexclusion-dune-avocate-qui-avait-une-liaison-avec-son-client\/\" \/>\n<meta property=\"og:locale\" content=\"fr_FR\" \/>\n<meta property=\"og:type\" content=\"article\" \/>\n<meta property=\"og:title\" content=\"L&#039;histoire d&#039;une avocate su\u00e9doise radi\u00e9e du barreau parce qu&#039;elle avait une liaison avec son client\" \/>\n<meta property=\"og:description\" content=\"En Su\u00e8de, une avocate a \u00e9t\u00e9 interdite d&#039;exercer sa profession parce qu&#039;elle repr\u00e9sentait un membre d&#039;un groupe criminel qui \u00e9tait aussi son amant. La Cour supr\u00eame a confirm\u00e9 la d\u00e9cision.\" \/>\n<meta property=\"og:url\" content=\"https:\/\/www.newsendip.com\/fr\/la-cour-supreme-de-suede-confirme-lexclusion-dune-avocate-qui-avait-une-liaison-avec-son-client\/\" \/>\n<meta property=\"og:site_name\" content=\"Newsendip\" \/>\n<meta property=\"article:publisher\" content=\"https:\/\/www.facebook.com\/newsendip\" \/>\n<meta property=\"article:published_time\" content=\"2023-03-22T17:02:00+00:00\" \/>\n<meta property=\"article:modified_time\" content=\"2023-04-14T09:51:46+00:00\" \/>\n<meta property=\"og:image\" content=\"https:\/\/www.newsendip.com\/wp-content\/uploads\/2023\/03\/supreme-court-sweden-min.jpeg\" \/>\n\t<meta property=\"og:image:width\" content=\"856\" \/>\n\t<meta property=\"og:image:height\" content=\"500\" \/>\n\t<meta property=\"og:image:type\" content=\"image\/jpeg\" \/>\n<meta name=\"author\" content=\"Cl\u00e9ment V\u00e9rit\u00e9\" \/>\n<meta name=\"twitter:card\" content=\"summary_large_image\" \/>\n<meta name=\"twitter:image\" content=\"https:\/\/www.newsendip.com\/wp-content\/uploads\/2023\/03\/supreme-court-sweden-min.jpeg\" \/>\n<meta name=\"twitter:creator\" content=\"@https:\/\/twitter.com\/cverite\" \/>\n<meta name=\"twitter:site\" content=\"@newsendip\" \/>\n<meta name=\"twitter:label1\" content=\"\u00c9crit par\" \/>\n\t<meta name=\"twitter:data1\" content=\"Cl\u00e9ment V\u00e9rit\u00e9\" \/>\n\t<meta name=\"twitter:label2\" content=\"Dur\u00e9e de lecture estim\u00e9e\" \/>\n\t<meta name=\"twitter:data2\" content=\"5 minutes\" \/>\n<!-- \/ Yoast SEO Premium plugin. -->","yoast_head_json":{"title":"L'histoire d'une avocate su\u00e9doise radi\u00e9e du barreau parce qu'elle avait une liaison avec son client","description":"En Su\u00e8de, une avocate a \u00e9t\u00e9 interdite d'exercer sa profession parce qu'elle repr\u00e9sentait un membre d'un groupe criminel qui \u00e9tait aussi son amant. La Cour supr\u00eame a confirm\u00e9 la d\u00e9cision.","robots":{"index":"index","follow":"follow","max-snippet":"max-snippet:-1","max-image-preview":"max-image-preview:large","max-video-preview":"max-video-preview:-1"},"canonical":"https:\/\/www.newsendip.com\/fr\/la-cour-supreme-de-suede-confirme-lexclusion-dune-avocate-qui-avait-une-liaison-avec-son-client\/","og_locale":"fr_FR","og_type":"article","og_title":"L'histoire d'une avocate su\u00e9doise radi\u00e9e du barreau parce qu'elle avait une liaison avec son client","og_description":"En Su\u00e8de, une avocate a \u00e9t\u00e9 interdite d'exercer sa profession parce qu'elle repr\u00e9sentait un membre d'un groupe criminel qui \u00e9tait aussi son amant. La Cour supr\u00eame a confirm\u00e9 la d\u00e9cision.","og_url":"https:\/\/www.newsendip.com\/fr\/la-cour-supreme-de-suede-confirme-lexclusion-dune-avocate-qui-avait-une-liaison-avec-son-client\/","og_site_name":"Newsendip","article_publisher":"https:\/\/www.facebook.com\/newsendip","article_published_time":"2023-03-22T17:02:00+00:00","article_modified_time":"2023-04-14T09:51:46+00:00","og_image":[{"width":856,"height":500,"url":"https:\/\/www.newsendip.com\/wp-content\/uploads\/2023\/03\/supreme-court-sweden-min.jpeg","type":"image\/jpeg"}],"author":"Cl\u00e9ment V\u00e9rit\u00e9","twitter_card":"summary_large_image","twitter_image":"https:\/\/www.newsendip.com\/wp-content\/uploads\/2023\/03\/supreme-court-sweden-min.jpeg","twitter_creator":"@https:\/\/twitter.com\/cverite","twitter_site":"@newsendip","twitter_misc":{"\u00c9crit par":"Cl\u00e9ment V\u00e9rit\u00e9","Dur\u00e9e de lecture estim\u00e9e":"5 minutes"},"schema":{"@context":"https:\/\/schema.org","@graph":[{"@type":"NewsArticle","@id":"https:\/\/www.newsendip.com\/fr\/la-cour-supreme-de-suede-confirme-lexclusion-dune-avocate-qui-avait-une-liaison-avec-son-client\/#article","isPartOf":{"@id":"https:\/\/www.newsendip.com\/fr\/la-cour-supreme-de-suede-confirme-lexclusion-dune-avocate-qui-avait-une-liaison-avec-son-client\/"},"author":{"name":"Cl\u00e9ment V\u00e9rit\u00e9","@id":"https:\/\/www.newsendip.com\/fr\/#\/schema\/person\/ea22c01755f464a3cbc2c619584d6363"},"headline":"L\u2019histoire d\u2019une avocate su\u00e9doise radi\u00e9e du barreau parce qu\u2019elle avait une liaison avec son client","datePublished":"2023-03-22T17:02:00+00:00","dateModified":"2023-04-14T09:51:46+00:00","mainEntityOfPage":{"@id":"https:\/\/www.newsendip.com\/fr\/la-cour-supreme-de-suede-confirme-lexclusion-dune-avocate-qui-avait-une-liaison-avec-son-client\/"},"wordCount":1141,"publisher":{"@id":"https:\/\/www.newsendip.com\/fr\/#organization"},"image":{"@id":"https:\/\/www.newsendip.com\/fr\/la-cour-supreme-de-suede-confirme-lexclusion-dune-avocate-qui-avait-une-liaison-avec-son-client\/#primaryimage"},"thumbnailUrl":"https:\/\/www.newsendip.com\/wp-content\/uploads\/2023\/03\/supreme-court-sweden.webp","keywords":["R\u00e9cent","Su\u00e8de"],"articleSection":["Soci\u00e9t\u00e9"],"inLanguage":"fr-FR","copyrightYear":"2023","copyrightHolder":{"@id":"https:\/\/www.newsendip.com\/#organization"}},{"@type":"WebPage","@id":"https:\/\/www.newsendip.com\/fr\/la-cour-supreme-de-suede-confirme-lexclusion-dune-avocate-qui-avait-une-liaison-avec-son-client\/","url":"https:\/\/www.newsendip.com\/fr\/la-cour-supreme-de-suede-confirme-lexclusion-dune-avocate-qui-avait-une-liaison-avec-son-client\/","name":"L'histoire d'une avocate su\u00e9doise radi\u00e9e du barreau parce qu'elle avait une liaison avec son client","isPartOf":{"@id":"https:\/\/www.newsendip.com\/fr\/#website"},"primaryImageOfPage":{"@id":"https:\/\/www.newsendip.com\/fr\/la-cour-supreme-de-suede-confirme-lexclusion-dune-avocate-qui-avait-une-liaison-avec-son-client\/#primaryimage"},"image":{"@id":"https:\/\/www.newsendip.com\/fr\/la-cour-supreme-de-suede-confirme-lexclusion-dune-avocate-qui-avait-une-liaison-avec-son-client\/#primaryimage"},"thumbnailUrl":"https:\/\/www.newsendip.com\/wp-content\/uploads\/2023\/03\/supreme-court-sweden.webp","datePublished":"2023-03-22T17:02:00+00:00","dateModified":"2023-04-14T09:51:46+00:00","description":"En Su\u00e8de, une avocate a \u00e9t\u00e9 interdite d'exercer sa profession parce qu'elle repr\u00e9sentait un membre d'un groupe criminel qui \u00e9tait aussi son amant. La Cour supr\u00eame a confirm\u00e9 la d\u00e9cision.","breadcrumb":{"@id":"https:\/\/www.newsendip.com\/fr\/la-cour-supreme-de-suede-confirme-lexclusion-dune-avocate-qui-avait-une-liaison-avec-son-client\/#breadcrumb"},"inLanguage":"fr-FR","potentialAction":[{"@type":"ReadAction","target":["https:\/\/www.newsendip.com\/fr\/la-cour-supreme-de-suede-confirme-lexclusion-dune-avocate-qui-avait-une-liaison-avec-son-client\/"]}]},{"@type":"ImageObject","inLanguage":"fr-FR","@id":"https:\/\/www.newsendip.com\/fr\/la-cour-supreme-de-suede-confirme-lexclusion-dune-avocate-qui-avait-une-liaison-avec-son-client\/#primaryimage","url":"https:\/\/www.newsendip.com\/wp-content\/uploads\/2023\/03\/supreme-court-sweden.webp","contentUrl":"https:\/\/www.newsendip.com\/wp-content\/uploads\/2023\/03\/supreme-court-sweden.webp","width":856,"height":500,"caption":"Salle d'audience de la cour supr\u00eame de Su\u00e8de | \u00a9 Sveriges Domstolar"},{"@type":"BreadcrumbList","@id":"https:\/\/www.newsendip.com\/fr\/la-cour-supreme-de-suede-confirme-lexclusion-dune-avocate-qui-avait-une-liaison-avec-son-client\/#breadcrumb","itemListElement":[{"@type":"ListItem","position":1,"name":"Accueil","item":"https:\/\/www.newsendip.com\/fr\/"},{"@type":"ListItem","position":2,"name":"L\u2019histoire d\u2019une avocate su\u00e9doise radi\u00e9e du barreau parce qu\u2019elle avait une liaison avec son client"}]},{"@type":"WebSite","@id":"https:\/\/www.newsendip.com\/fr\/#website","url":"https:\/\/www.newsendip.com\/fr\/","name":"Newsendip","description":"Red\u00e9couvrez l&#039;actualit\u00e9 internationale","publisher":{"@id":"https:\/\/www.newsendip.com\/fr\/#organization"},"potentialAction":[{"@type":"SearchAction","target":{"@type":"EntryPoint","urlTemplate":"https:\/\/www.newsendip.com\/fr\/?s={search_term_string}"},"query-input":{"@type":"PropertyValueSpecification","valueRequired":true,"valueName":"search_term_string"}}],"inLanguage":"fr-FR"},{"@type":"Organization","@id":"https:\/\/www.newsendip.com\/fr\/#organization","name":"Newsendip","url":"https:\/\/www.newsendip.com\/fr\/","logo":{"@type":"ImageObject","inLanguage":"fr-FR","@id":"https:\/\/www.newsendip.com\/fr\/#\/schema\/logo\/image\/","url":"https:\/\/www.newsendip.com\/wp-content\/uploads\/2023\/12\/512x512.svg","contentUrl":"https:\/\/www.newsendip.com\/wp-content\/uploads\/2023\/12\/512x512.svg","width":1,"height":1,"caption":"Newsendip"},"image":{"@id":"https:\/\/www.newsendip.com\/fr\/#\/schema\/logo\/image\/"},"sameAs":["https:\/\/www.facebook.com\/newsendip","https:\/\/x.com\/newsendip","https:\/\/mastodon.social\/@newsendip","https:\/\/www.linkedin.com\/company\/newsendip"],"description":"Newsendip est un site qui a pour mission de rendre l'actualit\u00e9 internationale accessible et diversifi\u00e9e","email":"contact@newsendip.com","legalName":"Newsendip SAS","foundingDate":"2022-11-04","vatID":"FR60921124723","numberOfEmployees":{"@type":"QuantitativeValue","minValue":"1","maxValue":"10"},"publishingPrinciples":"https:\/\/www.newsendip.com\/about-us\/","ownershipFundingInfo":"https:\/\/www.newsendip.com\/legal-notice\/","actionableFeedbackPolicy":"https:\/\/www.newsendip.com\/about-us\/","correctionsPolicy":"https:\/\/www.newsendip.com\/about-us\/","ethicsPolicy":"https:\/\/www.newsendip.com\/about-us\/","diversityPolicy":"https:\/\/www.newsendip.com\/about-us\/"},{"@type":"Person","@id":"https:\/\/www.newsendip.com\/fr\/#\/schema\/person\/ea22c01755f464a3cbc2c619584d6363","name":"Cl\u00e9ment V\u00e9rit\u00e9","description":"Cl\u00e9ment is the executive editor and founder of Newsendip. He started in the media industry as a freelance reporter at 16 for a local French newspaper after school and has never left it. He later worked for seven years at The New York Times, notably as a data analyst. He holds a Master of Management in France and a Master of Arts in the United Kingdom in International Marketing &amp; Communications Strategy. He has lived in France, the United Kingdom, and Italy.","sameAs":["https:\/\/www.newsendip.com\/","https:\/\/www.linkedin.com\/in\/clementverite\/","https:\/\/x.com\/https:\/\/twitter.com\/cverite"],"knowsAbout":["News","International","Business","Media monitoring"],"knowsLanguage":["English","French","Italian","Spanish"],"url":"https:\/\/www.newsendip.com\/fr\/author\/clement-verite\/"}]}},"_links":{"self":[{"href":"https:\/\/www.newsendip.com\/fr\/wp-json\/wp\/v2\/posts\/26480","targetHints":{"allow":["GET"]}}],"collection":[{"href":"https:\/\/www.newsendip.com\/fr\/wp-json\/wp\/v2\/posts"}],"about":[{"href":"https:\/\/www.newsendip.com\/fr\/wp-json\/wp\/v2\/types\/post"}],"author":[{"embeddable":true,"href":"https:\/\/www.newsendip.com\/fr\/wp-json\/wp\/v2\/users\/1"}],"replies":[{"embeddable":true,"href":"https:\/\/www.newsendip.com\/fr\/wp-json\/wp\/v2\/comments?post=26480"}],"version-history":[{"count":0,"href":"https:\/\/www.newsendip.com\/fr\/wp-json\/wp\/v2\/posts\/26480\/revisions"}],"wp:featuredmedia":[{"embeddable":true,"href":"https:\/\/www.newsendip.com\/fr\/wp-json\/wp\/v2\/media\/26501"}],"wp:attachment":[{"href":"https:\/\/www.newsendip.com\/fr\/wp-json\/wp\/v2\/media?parent=26480"}],"wp:term":[{"taxonomy":"category","embeddable":true,"href":"https:\/\/www.newsendip.com\/fr\/wp-json\/wp\/v2\/categories?post=26480"},{"taxonomy":"post_tag","embeddable":true,"href":"https:\/\/www.newsendip.com\/fr\/wp-json\/wp\/v2\/tags?post=26480"}],"curies":[{"name":"wp","href":"https:\/\/api.w.org\/{rel}","templated":true}]}}