{"id":27312,"date":"2023-04-22T00:03:00","date_gmt":"2023-04-21T22:03:00","guid":{"rendered":"https:\/\/www.newsendip.com\/?p=27312"},"modified":"2024-07-23T10:25:32","modified_gmt":"2024-07-23T08:25:32","slug":"le-mexique-a-annonce-quil-avait-enfin-reussi-a-vendre-lavion-presidentiel-au-tadjikistan","status":"publish","type":"post","link":"https:\/\/www.newsendip.com\/fr\/le-mexique-a-annonce-quil-avait-enfin-reussi-a-vendre-lavion-presidentiel-au-tadjikistan\/","title":{"rendered":"Le Mexique a annonc\u00e9 qu\u2019il avait enfin r\u00e9ussi \u00e0 vendre l\u2019avion pr\u00e9sidentiel, au Tadjikistan"},"content":{"rendered":"<p><strong>Apr\u00e8s des ann\u00e9es sans avoir pu trouver de client, le Mexique a finalement r\u00e9ussi \u00e0 vendre l\u2019avion pr\u00e9sidentiel. L\u2019avion, achet\u00e9 219 millions de dollars il y a onze ans, a \u00e9t\u00e9 vendu pour 92 millions de dollars.<\/strong><\/p>\n<figure id=\"attachment_27333\" aria-describedby=\"caption-attachment-27333\" style=\"width: 1024px\" class=\"wp-caption aligncenter\"><img decoding=\"async\" class=\"wp-image-27333 size-large\" src=\"https:\/\/www.newsendip.com\/wp-content\/uploads\/2023\/04\/mexico-presidential-airplane-1024x516.webp\" alt=\"avion pr\u00e9sidentiel mexicain\" width=\"1024\" height=\"516\" srcset=\"https:\/\/www.newsendip.com\/wp-content\/uploads\/2023\/04\/mexico-presidential-airplane-1024x516.webp 1024w, https:\/\/www.newsendip.com\/wp-content\/uploads\/2023\/04\/mexico-presidential-airplane-60x30.webp 60w, https:\/\/www.newsendip.com\/wp-content\/uploads\/2023\/04\/mexico-presidential-airplane-300x151.webp 300w, https:\/\/www.newsendip.com\/wp-content\/uploads\/2023\/04\/mexico-presidential-airplane-768x387.webp 768w, https:\/\/www.newsendip.com\/wp-content\/uploads\/2023\/04\/mexico-presidential-airplane-1536x773.webp 1536w, https:\/\/www.newsendip.com\/wp-content\/uploads\/2023\/04\/mexico-presidential-airplane.webp 1746w\" sizes=\"(max-width: 1024px) 100vw, 1024px\"><figcaption id=\"caption-attachment-27333\" class=\"wp-caption-text\">L\u2019avion pr\u00e9sidentiel mexicain, un Boeing 787 Dreamliner, achet\u00e9 pour 219 millions de dollars en 2012, a \u00e9t\u00e9 vendu pour 92 millions de dollars | \u00a9 Pr\u00e9sidence du Mexique, YouTube<\/figcaption><\/figure>\n<p>Le pr\u00e9sident du <a href=\"https:\/\/www.newsendip.com\/fr\/etiquette\/mexique\/\">Mexique<\/a>, Andr\u00e9s Manuel L\u00f3pez Obrador (AMLO), a annonc\u00e9 le 20 avril que l\u2019avion pr\u00e9sidentiel avait finalement \u00e9t\u00e9 vendu pour 1,66 milliard de pesos (92 millions de dollars) apr\u00e8s des ann\u00e9es sans avoir pu trouver preneur.<\/p>\n<p>AMLO, qui appara\u00eet \u00e0 bord de l\u2019avion <a href=\"https:\/\/www.youtube.com\/watch?v=iqMXrWrAXN4\">dans une vid\u00e9o<\/a> partag\u00e9e sur ses r\u00e9seaux sociaux, a d\u00e9clar\u00e9 que le gouvernement du Tadjikistan avait achet\u00e9 l\u2019avion pr\u00e9sidentiel qu\u2019il se refusait d\u2019utiliser. Selon le communiqu\u00e9 mexicain, Goscominvest, le Comit\u00e9 d\u2019\u00c9tat pour l\u2019investissement et la gestion des biens de l\u2019\u00c9tat de la R\u00e9publique du Tadjikistan, a d\u00e9j\u00e0 d\u00e9pos\u00e9 les fonds pour le Boeing 787 Dreamliner \u00e0 l\u2019Instituto para Devolver al Pueblo lo Robado (Indep), un \u00ab\u202f<a href=\"https:\/\/www.reuters.com\/article\/us-mexico-politics\/robin-hood-mexican-president-says-to-return-stolen-wealth-to-the-people-idUSKCN1RR1T3\"><em>Institut Robin des Bois<\/em><\/a><em>\u202f\u00bb<\/em> cr\u00e9\u00e9 par le pr\u00e9sident pour selon lui restituer au peuple les richesses vol\u00e9es par les <a href=\"https:\/\/www.newsendip.com\/fr\/politique\/\">politiques<\/a> et les gangsters corrompus.<\/p>\n<figure id=\"attachment_27329\" aria-describedby=\"caption-attachment-27329\" style=\"width: 1024px\" class=\"wp-caption aligncenter\"><img decoding=\"async\" class=\"wp-image-27329 size-large\" src=\"https:\/\/www.newsendip.com\/wp-content\/uploads\/2023\/04\/mexico-plane-bed-1024x576.webp\" alt=\"Le lit king-size de l'avion pr\u00e9sidentiel mexicain\" width=\"1024\" height=\"576\" srcset=\"https:\/\/www.newsendip.com\/wp-content\/uploads\/2023\/04\/mexico-plane-bed-1024x576.webp 1024w, https:\/\/www.newsendip.com\/wp-content\/uploads\/2023\/04\/mexico-plane-bed-300x169.webp 300w, https:\/\/www.newsendip.com\/wp-content\/uploads\/2023\/04\/mexico-plane-bed-768x432.webp 768w, https:\/\/www.newsendip.com\/wp-content\/uploads\/2023\/04\/mexico-plane-bed-390x220.webp 390w, https:\/\/www.newsendip.com\/wp-content\/uploads\/2023\/04\/mexico-plane-bed.webp 1280w\" sizes=\"(max-width: 1024px) 100vw, 1024px\"><figcaption id=\"caption-attachment-27329\" class=\"wp-caption-text\">Le lit king-size de l\u2019avion pr\u00e9sidentiel mexicain | \u00a9 Gouvernement du Mexique<\/figcaption><\/figure>\n<p>Lorsqu\u2019il a pris ses fonctions en 2018, <a href=\"https:\/\/www.newsendip.com\/fr\/enquetes-ouvertes-sur-lutilisation-du-logiciel-espion-pegasus-par-le-mexique-mais-pas-sur-lactuel-gouvernement-malgre-les-accusations\/\">AMLO<\/a> a refus\u00e9 d\u2019utiliser l\u2019avion pr\u00e9sidentiel. Il le consid\u00e9rait comme trop luxueux et comme un gaspillage de l\u2019argent public. Il a mis l\u2019avion en vente comme promis pendant sa campagne afin de donner un exemple de frugalit\u00e9 gouvernementale. Le pr\u00e9sident voyage habituellement sur des vols commerciaux, en train ou en voiture.<\/p>\n<p>Mais le Mexique a eu du mal \u00e0 trouver un client.<\/p>\n<h2>\u00c9valu\u00e9 \u00e0 115 millions de dollars en&nbsp;2021<\/h2>\n<p>Le TP-01 Jos\u00e9 Mar\u00eda Morelos y Pav\u00f3n a \u00e9t\u00e9 con\u00e7u pour accueillir seulement 80 personnes plus l\u2019\u00e9quipage, et comprenait une suite pr\u00e9sidentielle avec une chambre \u00e0 coucher privative et un lit king-size, un tapis de course, une douche personnelle et une salle de bain avec des finitions en marbre.<\/p>\n<p>Le pr\u00e9sident Felipe Calderon avait command\u00e9 l\u2019avion en 2012 pour remplacer l\u2019avion qui avait servi un pr\u00e9sident mexicain pendant le plus d\u2019ann\u00e9es (28 ans) apr\u00e8s que le secr\u00e9taire de l\u2019Int\u00e9rieur, Jos\u00e9 Francisco Blake Mora, et tous les passagers p\u00e9rirent dans un accident d\u2019h\u00e9licopt\u00e8re en novembre 2011.<\/p>\n<p>Le TP-01, d\u00e9sormais appel\u00e9 <a href=\"https:\/\/flightaware.com\/live\/flight\/FAM3523\">FAM 3523<\/a>, a \u00e9t\u00e9 livr\u00e9 en 2016 lorsque Enrique Pe\u00f1a Nieto \u00e9tait alors pr\u00e9sident.<\/p>\n<p>L\u2019avion a co\u00fbt\u00e9 2,95 milliards de pesos, soit 219 millions de dollars, avec un taux de change de 13,5 pesos pour un dollar (18 pesos valent actuellement un dollar), selon le gouvernement mexicain. En 2015, M. Nieto a demand\u00e9 une \u00e9tude pour \u00e9valuer la possibilit\u00e9 de vendre l\u2019avion avant m\u00eame de l\u2019avoir re\u00e7u, pour des raisons d\u2019\u00e9conomies budg\u00e9taires.<\/p>\n<figure id=\"attachment_27325\" aria-describedby=\"caption-attachment-27325\" style=\"width: 1024px\" class=\"wp-caption aligncenter\"><img decoding=\"async\" class=\"wp-image-27325 size-large\" src=\"https:\/\/www.newsendip.com\/wp-content\/uploads\/2023\/04\/mexico-presidential-jet-1024x576.webp\" alt=\"Int\u00e9rieur de l'avion pr\u00e9sidentiel mexicain\" width=\"1024\" height=\"576\" srcset=\"https:\/\/www.newsendip.com\/wp-content\/uploads\/2023\/04\/mexico-presidential-jet-1024x576.webp 1024w, https:\/\/www.newsendip.com\/wp-content\/uploads\/2023\/04\/mexico-presidential-jet-300x169.webp 300w, https:\/\/www.newsendip.com\/wp-content\/uploads\/2023\/04\/mexico-presidential-jet-768x432.webp 768w, https:\/\/www.newsendip.com\/wp-content\/uploads\/2023\/04\/mexico-presidential-jet-390x220.webp 390w, https:\/\/www.newsendip.com\/wp-content\/uploads\/2023\/04\/mexico-presidential-jet.webp 1280w\" sizes=\"(max-width: 1024px) 100vw, 1024px\"><figcaption id=\"caption-attachment-27325\" class=\"wp-caption-text\">Int\u00e9rieur de l\u2019avion pr\u00e9sidentiel mexicain | \u00a9 Gouvernement du Mexique<\/figcaption><\/figure>\n<p><a href=\"https:\/\/www.gob.mx\/cms\/uploads\/attachment\/file\/47851\/Ascend_Reporte_P_blico_Espa_ol_vf.pdf\">Ascend Flightglobal<\/a> avait estim\u00e9 qu\u2019il pourrait \u00eatre vendu \u00e0 une compagnie a\u00e9rienne commerciale pour 58\u202f% de son prix, soit 128 millions de dollars en 2016, en raison des co\u00fbts pour <a href=\"https:\/\/www.newsendip.com\/fr\/sadapter-a-une-nouvelle-economie-et-recycler-les-avions-de-ligne-en-avions-cargos\/\">transformer l\u2019appareil en avion de ligne<\/a>. Sans modifications, le groupe de consultants a\u00e9ronautique estimait qu\u2019il pourrait \u00eatre vendu \u00e0 30 ou 35\u202f% de son prix si la transaction se faisait dans les 36&nbsp;mois.<\/p>\n<p>Mais M. Nieto a d\u00e9cid\u00e9 de conserver l\u2019avion compte tenu de la \u00ab\u202f<em>perte que la vente entra\u00eenerait au tr\u00e9sor public\u202f\u00bb<\/em>, en raison du co\u00fbt de remplacement de l\u2019appareil \u00e0 un taux de change d\u00e9favorable (environ le m\u00eame que l\u2019actuel).<\/p>\n<p>Peu apr\u00e8s son \u00e9lection, M. L\u00f3pez Obrador a demand\u00e9 au <a href=\"https:\/\/hbr.org\/2019\/05\/the-executive-director-of-a-un-agency-on-running-it-like-a-business\">Bureau des Nations Unies pour les services d\u2019appui aux projets<\/a> (UNOPS), qui fournit des services d\u2019infrastructure, d\u2019approvisionnement et de gestion de projet, de l\u2019aider \u00e0 vendre l\u2019avion pr\u00e9sidentiel du Mexique. En juin 2021, l\u2019UNOPS a lanc\u00e9 un appel d\u2019offres, \u00e9valu\u00e9 le jet \u00e0 2,3 milliards de pesos minimum, soit 115 millions de dollars, et pr\u00e9voyait de le vendre en quatre mois.<\/p>\n<p>Onze ans apr\u00e8s la commande initiale, l\u2019avion, qui devrait \u00eatre op\u00e9rationnel jusqu\u2019en 2040, a \u00e9t\u00e9 vendu pour 92 millions de dollars, soit 58\u202f% de moins que son prix d\u2019origine.<\/p>\n<h2>L\u2019argent de la vente investi dans la construction de deux h\u00f4pitaux<\/h2>\n<figure id=\"attachment_27327\" aria-describedby=\"caption-attachment-27327\" style=\"width: 1024px\" class=\"wp-caption aligncenter\"><img decoding=\"async\" class=\"wp-image-27327 size-large\" src=\"https:\/\/www.newsendip.com\/wp-content\/uploads\/2023\/04\/mexico-president-aircraft-1024x683.webp\" alt=\"Le tapis de course de l'avion pr\u00e9sidentiel mexicain\" width=\"1024\" height=\"683\" srcset=\"https:\/\/www.newsendip.com\/wp-content\/uploads\/2023\/04\/mexico-president-aircraft-1024x683.webp 1024w, https:\/\/www.newsendip.com\/wp-content\/uploads\/2023\/04\/mexico-president-aircraft-300x200.webp 300w, https:\/\/www.newsendip.com\/wp-content\/uploads\/2023\/04\/mexico-president-aircraft-768x512.webp 768w, https:\/\/www.newsendip.com\/wp-content\/uploads\/2023\/04\/mexico-president-aircraft.webp 1536w\" sizes=\"(max-width: 1024px) 100vw, 1024px\"><figcaption id=\"caption-attachment-27327\" class=\"wp-caption-text\">Le tapis de course de l\u2019avion pr\u00e9sidentiel mexicain | \u00a9 Gouvernement du Mexique<\/figcaption><\/figure>\n<p>Apr\u00e8s plus de 1 700 heures de vol et 600 000 kilom\u00e8tres en plus de 200 trajets, l\u2019avion pr\u00e9sidentiel ne volait plus que pour transporter du mat\u00e9riel, de la nourriture ou pour de la maintenance. La d\u00e9l\u00e9gation olympique mexicaine a utilis\u00e9 l\u2019avion pr\u00e9sidentiel pour transporter du mat\u00e9riel sportif et m\u00e9dical en vue des Jeux olympiques de Tokyo en 2021, mais les athl\u00e8tes ont pris des vols commerciaux.<\/p>\n<p>Stationn\u00e9 \u00e0 l\u2019a\u00e9roport international de <a href=\"https:\/\/www.newsendip.com\/fr\/la-ville-de-mexico-va-debattre-de-linterdiction-de-la-corrida\/\">Mexico<\/a>, son entretien, comme les mises \u00e0 jour de logiciels et la s\u00e9curit\u00e9, s\u2019est av\u00e9r\u00e9 co\u00fbteux, avec pr\u00e8s de 100 millions de pesos (5,6 millions de dollars) d\u00e9pens\u00e9s au cours des cinq ann\u00e9es pendant lesquelles il a \u00e9t\u00e9 clou\u00e9 au sol, selon le quotidien <a href=\"https:\/\/www.eluniversal.com.mx\/opinion\/bajo-reserva-expres\/por-fin-el-avion-presidencial-listo-para-ser-vendido\">El Universal<\/a>.<\/p>\n<figure id=\"attachment_27340\" aria-describedby=\"caption-attachment-27340\" style=\"width: 1024px\" class=\"wp-caption aligncenter\"><img decoding=\"async\" class=\"wp-image-27340 size-large\" src=\"https:\/\/www.newsendip.com\/wp-content\/uploads\/2023\/04\/AMLO-president-mexico-plane-1024x683.webp\" alt=\"Andr\u00e9s Manuel L\u00f3pez Obrador \u00e0 bord de l'avion pr\u00e9sidentiel\" width=\"1024\" height=\"683\" srcset=\"https:\/\/www.newsendip.com\/wp-content\/uploads\/2023\/04\/AMLO-president-mexico-plane-1024x683.webp 1024w, https:\/\/www.newsendip.com\/wp-content\/uploads\/2023\/04\/AMLO-president-mexico-plane-300x200.webp 300w, https:\/\/www.newsendip.com\/wp-content\/uploads\/2023\/04\/AMLO-president-mexico-plane-768x512.webp 768w, https:\/\/www.newsendip.com\/wp-content\/uploads\/2023\/04\/AMLO-president-mexico-plane.webp 1500w\" sizes=\"(max-width: 1024px) 100vw, 1024px\"><figcaption id=\"caption-attachment-27340\" class=\"wp-caption-text\">Andr\u00e9s Manuel L\u00f3pez Obrador (deuxi\u00e8me en partant de la droite) \u00e0 bord de l\u2019avion pr\u00e9sidentiel mexicain annon\u00e7ant qu\u2019il a \u00e9t\u00e9 vendu | \u00a9 Gouvernement du Mexique<\/figcaption><\/figure>\n<p>La transaction permettra d\u2019\u00e9conomiser 232 millions de pesos (13 millions de dollars) de taux d\u2019int\u00e9r\u00eat sur le cr\u00e9dit-bail de 15 ans avec Banobras, la banque nationale des travaux et services publics. Les fonds restants seront utilis\u00e9s pour construire deux h\u00f4pitaux, l\u2019un \u00e0 Tlapa de Comonfort dans l\u2019\u00c9tat de Guerrero, et l\u2019autre \u00e0 Tuxtepec \u00e0 <a href=\"https:\/\/www.newsendip.com\/fr\/au-mexique-les-cartels-de-la-drogue-recrutent-aussi-par-les-jeux-video-en-ligne-free-fire\/\">Oaxaca<\/a>, avec 80 lits chacun.<\/p>\n<p>Les autorit\u00e9s du Tadjikistan n\u2019ont pas communiqu\u00e9 sur la transaction, mais des organes de presse locaux ont publi\u00e9 l\u2019information. Le pays, dirig\u00e9 par l\u2019autocrate Emomali Rahmon, dispose de dix jours pour rapatrier l\u2019avion.<\/p>\n","protected":false},"excerpt":{"rendered":"<p>Apr\u00e8s des ann\u00e9es sans avoir pu trouver de client, le Mexique a finalement r\u00e9ussi \u00e0 vendre l\u2019avion pr\u00e9sidentiel. L\u2019avion, achet\u00e9 219 millions de dollars il y a onze ans, a \u00e9t\u00e9 vendu pour 92 millions de dollars.<\/p>\n","protected":false},"author":1,"featured_media":27333,"comment_status":"closed","ping_status":"open","sticky":false,"template":"","format":"standard","meta":{"wp_typography_post_enhancements_disabled":false,"footnotes":""},"categories":[416],"tags":[419,1334],"class_list":["post-27312","post","type-post","status-publish","format-standard","has-post-thumbnail","hentry","category-politique","tag-mexique","tag-nouveau"],"yoast_head":"<!-- This site is optimized with the Yoast SEO Premium plugin v27.4 (Yoast SEO v27.4) - https:\/\/yoast.com\/product\/yoast-seo-premium-wordpress\/ -->\n<title>Le Mexique a annonc\u00e9 qu&#039;il avait enfin r\u00e9ussi \u00e0 vendre l&#039;avion pr\u00e9sidentiel, au Tadjikistan<\/title>\n<meta name=\"description\" content=\"Apr\u00e8s des ann\u00e9es sans avoir pu trouver de client, le Mexique a finalement r\u00e9ussi \u00e0 vendre l&#039;avion pr\u00e9sidentiel. L&#039;avion, achet\u00e9 219 millions de dollars il y a onze ans, a \u00e9t\u00e9 vendu pour 92 millions de dollars.\" \/>\n<meta name=\"robots\" content=\"index, follow, max-snippet:-1, max-image-preview:large, max-video-preview:-1\" \/>\n<link rel=\"canonical\" href=\"https:\/\/www.newsendip.com\/fr\/le-mexique-a-annonce-quil-avait-enfin-reussi-a-vendre-lavion-presidentiel-au-tadjikistan\/\" \/>\n<meta property=\"og:locale\" content=\"fr_FR\" \/>\n<meta property=\"og:type\" content=\"article\" \/>\n<meta property=\"og:title\" content=\"Le Mexique a annonc\u00e9 qu&#039;il avait enfin r\u00e9ussi \u00e0 vendre l&#039;avion pr\u00e9sidentiel, au Tadjikistan\" \/>\n<meta property=\"og:description\" content=\"Apr\u00e8s des ann\u00e9es sans avoir pu trouver de client, le Mexique a finalement r\u00e9ussi \u00e0 vendre l&#039;avion pr\u00e9sidentiel. L&#039;avion, achet\u00e9 219 millions de dollars il y a onze ans, a \u00e9t\u00e9 vendu pour 92 millions de dollars.\" \/>\n<meta property=\"og:url\" content=\"https:\/\/www.newsendip.com\/fr\/le-mexique-a-annonce-quil-avait-enfin-reussi-a-vendre-lavion-presidentiel-au-tadjikistan\/\" \/>\n<meta property=\"og:site_name\" content=\"Newsendip\" \/>\n<meta property=\"article:publisher\" content=\"https:\/\/www.facebook.com\/newsendip\" \/>\n<meta property=\"article:published_time\" content=\"2023-04-21T22:03:00+00:00\" \/>\n<meta property=\"article:modified_time\" content=\"2024-07-23T08:25:32+00:00\" \/>\n<meta property=\"og:image\" content=\"https:\/\/www.newsendip.com\/wp-content\/uploads\/2023\/04\/mexico-presidential-airplane-min.jpeg\" \/>\n\t<meta property=\"og:image:width\" content=\"1746\" \/>\n\t<meta property=\"og:image:height\" content=\"879\" \/>\n\t<meta property=\"og:image:type\" content=\"image\/jpeg\" \/>\n<meta name=\"author\" content=\"Cl\u00e9ment V\u00e9rit\u00e9\" \/>\n<meta name=\"twitter:card\" content=\"summary_large_image\" \/>\n<meta name=\"twitter:image\" content=\"https:\/\/www.newsendip.com\/wp-content\/uploads\/2023\/04\/mexico-presidential-airplane-min.jpeg\" \/>\n<meta name=\"twitter:creator\" content=\"@https:\/\/twitter.com\/cverite\" \/>\n<meta name=\"twitter:site\" content=\"@newsendip\" \/>\n<meta name=\"twitter:label1\" content=\"\u00c9crit par\" \/>\n\t<meta name=\"twitter:data1\" content=\"Cl\u00e9ment V\u00e9rit\u00e9\" \/>\n\t<meta name=\"twitter:label2\" content=\"Dur\u00e9e de lecture estim\u00e9e\" \/>\n\t<meta name=\"twitter:data2\" content=\"6 minutes\" \/>\n<!-- \/ Yoast SEO Premium plugin. -->","yoast_head_json":{"title":"Le Mexique a annonc\u00e9 qu'il avait enfin r\u00e9ussi \u00e0 vendre l'avion pr\u00e9sidentiel, au Tadjikistan","description":"Apr\u00e8s des ann\u00e9es sans avoir pu trouver de client, le Mexique a finalement r\u00e9ussi \u00e0 vendre l'avion pr\u00e9sidentiel. L'avion, achet\u00e9 219 millions de dollars il y a onze ans, a \u00e9t\u00e9 vendu pour 92 millions de dollars.","robots":{"index":"index","follow":"follow","max-snippet":"max-snippet:-1","max-image-preview":"max-image-preview:large","max-video-preview":"max-video-preview:-1"},"canonical":"https:\/\/www.newsendip.com\/fr\/le-mexique-a-annonce-quil-avait-enfin-reussi-a-vendre-lavion-presidentiel-au-tadjikistan\/","og_locale":"fr_FR","og_type":"article","og_title":"Le Mexique a annonc\u00e9 qu'il avait enfin r\u00e9ussi \u00e0 vendre l'avion pr\u00e9sidentiel, au Tadjikistan","og_description":"Apr\u00e8s des ann\u00e9es sans avoir pu trouver de client, le Mexique a finalement r\u00e9ussi \u00e0 vendre l'avion pr\u00e9sidentiel. L'avion, achet\u00e9 219 millions de dollars il y a onze ans, a \u00e9t\u00e9 vendu pour 92 millions de dollars.","og_url":"https:\/\/www.newsendip.com\/fr\/le-mexique-a-annonce-quil-avait-enfin-reussi-a-vendre-lavion-presidentiel-au-tadjikistan\/","og_site_name":"Newsendip","article_publisher":"https:\/\/www.facebook.com\/newsendip","article_published_time":"2023-04-21T22:03:00+00:00","article_modified_time":"2024-07-23T08:25:32+00:00","og_image":[{"width":1746,"height":879,"url":"https:\/\/www.newsendip.com\/wp-content\/uploads\/2023\/04\/mexico-presidential-airplane-min.jpeg","type":"image\/jpeg"}],"author":"Cl\u00e9ment V\u00e9rit\u00e9","twitter_card":"summary_large_image","twitter_image":"https:\/\/www.newsendip.com\/wp-content\/uploads\/2023\/04\/mexico-presidential-airplane-min.jpeg","twitter_creator":"@https:\/\/twitter.com\/cverite","twitter_site":"@newsendip","twitter_misc":{"\u00c9crit par":"Cl\u00e9ment V\u00e9rit\u00e9","Dur\u00e9e de lecture estim\u00e9e":"6 minutes"},"schema":{"@context":"https:\/\/schema.org","@graph":[{"@type":"NewsArticle","@id":"https:\/\/www.newsendip.com\/fr\/le-mexique-a-annonce-quil-avait-enfin-reussi-a-vendre-lavion-presidentiel-au-tadjikistan\/#article","isPartOf":{"@id":"https:\/\/www.newsendip.com\/fr\/le-mexique-a-annonce-quil-avait-enfin-reussi-a-vendre-lavion-presidentiel-au-tadjikistan\/"},"author":{"name":"Cl\u00e9ment V\u00e9rit\u00e9","@id":"https:\/\/www.newsendip.com\/fr\/#\/schema\/person\/ea22c01755f464a3cbc2c619584d6363"},"headline":"Le Mexique a annonc\u00e9 qu\u2019il avait enfin r\u00e9ussi \u00e0 vendre l\u2019avion pr\u00e9sidentiel, au Tadjikistan","datePublished":"2023-04-21T22:03:00+00:00","dateModified":"2024-07-23T08:25:32+00:00","mainEntityOfPage":{"@id":"https:\/\/www.newsendip.com\/fr\/le-mexique-a-annonce-quil-avait-enfin-reussi-a-vendre-lavion-presidentiel-au-tadjikistan\/"},"wordCount":1067,"publisher":{"@id":"https:\/\/www.newsendip.com\/fr\/#organization"},"image":{"@id":"https:\/\/www.newsendip.com\/fr\/le-mexique-a-annonce-quil-avait-enfin-reussi-a-vendre-lavion-presidentiel-au-tadjikistan\/#primaryimage"},"thumbnailUrl":"https:\/\/www.newsendip.com\/wp-content\/uploads\/2023\/04\/mexico-presidential-airplane.webp","keywords":["Mexique","R\u00e9cent"],"articleSection":["Politique"],"inLanguage":"fr-FR","copyrightYear":"2023","copyrightHolder":{"@id":"https:\/\/www.newsendip.com\/#organization"}},{"@type":"WebPage","@id":"https:\/\/www.newsendip.com\/fr\/le-mexique-a-annonce-quil-avait-enfin-reussi-a-vendre-lavion-presidentiel-au-tadjikistan\/","url":"https:\/\/www.newsendip.com\/fr\/le-mexique-a-annonce-quil-avait-enfin-reussi-a-vendre-lavion-presidentiel-au-tadjikistan\/","name":"Le Mexique a annonc\u00e9 qu'il avait enfin r\u00e9ussi \u00e0 vendre l'avion pr\u00e9sidentiel, au Tadjikistan","isPartOf":{"@id":"https:\/\/www.newsendip.com\/fr\/#website"},"primaryImageOfPage":{"@id":"https:\/\/www.newsendip.com\/fr\/le-mexique-a-annonce-quil-avait-enfin-reussi-a-vendre-lavion-presidentiel-au-tadjikistan\/#primaryimage"},"image":{"@id":"https:\/\/www.newsendip.com\/fr\/le-mexique-a-annonce-quil-avait-enfin-reussi-a-vendre-lavion-presidentiel-au-tadjikistan\/#primaryimage"},"thumbnailUrl":"https:\/\/www.newsendip.com\/wp-content\/uploads\/2023\/04\/mexico-presidential-airplane.webp","datePublished":"2023-04-21T22:03:00+00:00","dateModified":"2024-07-23T08:25:32+00:00","description":"Apr\u00e8s des ann\u00e9es sans avoir pu trouver de client, le Mexique a finalement r\u00e9ussi \u00e0 vendre l'avion pr\u00e9sidentiel. L'avion, achet\u00e9 219 millions de dollars il y a onze ans, a \u00e9t\u00e9 vendu pour 92 millions de dollars.","breadcrumb":{"@id":"https:\/\/www.newsendip.com\/fr\/le-mexique-a-annonce-quil-avait-enfin-reussi-a-vendre-lavion-presidentiel-au-tadjikistan\/#breadcrumb"},"inLanguage":"fr-FR","potentialAction":[{"@type":"ReadAction","target":["https:\/\/www.newsendip.com\/fr\/le-mexique-a-annonce-quil-avait-enfin-reussi-a-vendre-lavion-presidentiel-au-tadjikistan\/"]}]},{"@type":"ImageObject","inLanguage":"fr-FR","@id":"https:\/\/www.newsendip.com\/fr\/le-mexique-a-annonce-quil-avait-enfin-reussi-a-vendre-lavion-presidentiel-au-tadjikistan\/#primaryimage","url":"https:\/\/www.newsendip.com\/wp-content\/uploads\/2023\/04\/mexico-presidential-airplane.webp","contentUrl":"https:\/\/www.newsendip.com\/wp-content\/uploads\/2023\/04\/mexico-presidential-airplane.webp","width":1746,"height":879,"caption":"L'avion pr\u00e9sidentiel mexicain, un Boeing 787 Dreamliner, achet\u00e9 pour 219 millions de dollars en 2012, a \u00e9t\u00e9 vendu pour 92 millions de dollars | \u00a9 Pr\u00e9sidence du Mexique, YouTube"},{"@type":"BreadcrumbList","@id":"https:\/\/www.newsendip.com\/fr\/le-mexique-a-annonce-quil-avait-enfin-reussi-a-vendre-lavion-presidentiel-au-tadjikistan\/#breadcrumb","itemListElement":[{"@type":"ListItem","position":1,"name":"Accueil","item":"https:\/\/www.newsendip.com\/fr\/"},{"@type":"ListItem","position":2,"name":"Le Mexique a annonc\u00e9 qu&#8217;il avait enfin r\u00e9ussi \u00e0 vendre l&#8217;avion pr\u00e9sidentiel, au Tadjikistan"}]},{"@type":"WebSite","@id":"https:\/\/www.newsendip.com\/fr\/#website","url":"https:\/\/www.newsendip.com\/fr\/","name":"Newsendip","description":"Red\u00e9couvrez l&#039;actualit\u00e9 internationale","publisher":{"@id":"https:\/\/www.newsendip.com\/fr\/#organization"},"potentialAction":[{"@type":"SearchAction","target":{"@type":"EntryPoint","urlTemplate":"https:\/\/www.newsendip.com\/fr\/?s={search_term_string}"},"query-input":{"@type":"PropertyValueSpecification","valueRequired":true,"valueName":"search_term_string"}}],"inLanguage":"fr-FR"},{"@type":"Organization","@id":"https:\/\/www.newsendip.com\/fr\/#organization","name":"Newsendip","url":"https:\/\/www.newsendip.com\/fr\/","logo":{"@type":"ImageObject","inLanguage":"fr-FR","@id":"https:\/\/www.newsendip.com\/fr\/#\/schema\/logo\/image\/","url":"https:\/\/www.newsendip.com\/wp-content\/uploads\/2023\/12\/512x512.svg","contentUrl":"https:\/\/www.newsendip.com\/wp-content\/uploads\/2023\/12\/512x512.svg","width":1,"height":1,"caption":"Newsendip"},"image":{"@id":"https:\/\/www.newsendip.com\/fr\/#\/schema\/logo\/image\/"},"sameAs":["https:\/\/www.facebook.com\/newsendip","https:\/\/x.com\/newsendip","https:\/\/mastodon.social\/@newsendip","https:\/\/www.linkedin.com\/company\/newsendip"],"description":"Newsendip est un site qui a pour mission de rendre l'actualit\u00e9 internationale accessible et diversifi\u00e9e","email":"contact@newsendip.com","legalName":"Newsendip SAS","foundingDate":"2022-11-04","vatID":"FR60921124723","numberOfEmployees":{"@type":"QuantitativeValue","minValue":"1","maxValue":"10"},"publishingPrinciples":"https:\/\/www.newsendip.com\/about-us\/","ownershipFundingInfo":"https:\/\/www.newsendip.com\/legal-notice\/","actionableFeedbackPolicy":"https:\/\/www.newsendip.com\/about-us\/","correctionsPolicy":"https:\/\/www.newsendip.com\/about-us\/","ethicsPolicy":"https:\/\/www.newsendip.com\/about-us\/","diversityPolicy":"https:\/\/www.newsendip.com\/about-us\/"},{"@type":"Person","@id":"https:\/\/www.newsendip.com\/fr\/#\/schema\/person\/ea22c01755f464a3cbc2c619584d6363","name":"Cl\u00e9ment V\u00e9rit\u00e9","description":"Cl\u00e9ment is the executive editor and founder of Newsendip. He started in the media industry as a freelance reporter at 16 for a local French newspaper after school and has never left it. He later worked for seven years at The New York Times, notably as a data analyst. He holds a Master of Management in France and a Master of Arts in the United Kingdom in International Marketing &amp; Communications Strategy. He has lived in France, the United Kingdom, and Italy.","sameAs":["https:\/\/www.newsendip.com\/","https:\/\/www.linkedin.com\/in\/clementverite\/","https:\/\/x.com\/https:\/\/twitter.com\/cverite"],"knowsAbout":["News","International","Business","Media monitoring"],"knowsLanguage":["English","French","Italian","Spanish"],"url":"https:\/\/www.newsendip.com\/fr\/author\/clement-verite\/"}]}},"_links":{"self":[{"href":"https:\/\/www.newsendip.com\/fr\/wp-json\/wp\/v2\/posts\/27312","targetHints":{"allow":["GET"]}}],"collection":[{"href":"https:\/\/www.newsendip.com\/fr\/wp-json\/wp\/v2\/posts"}],"about":[{"href":"https:\/\/www.newsendip.com\/fr\/wp-json\/wp\/v2\/types\/post"}],"author":[{"embeddable":true,"href":"https:\/\/www.newsendip.com\/fr\/wp-json\/wp\/v2\/users\/1"}],"replies":[{"embeddable":true,"href":"https:\/\/www.newsendip.com\/fr\/wp-json\/wp\/v2\/comments?post=27312"}],"version-history":[{"count":0,"href":"https:\/\/www.newsendip.com\/fr\/wp-json\/wp\/v2\/posts\/27312\/revisions"}],"wp:featuredmedia":[{"embeddable":true,"href":"https:\/\/www.newsendip.com\/fr\/wp-json\/wp\/v2\/media\/27333"}],"wp:attachment":[{"href":"https:\/\/www.newsendip.com\/fr\/wp-json\/wp\/v2\/media?parent=27312"}],"wp:term":[{"taxonomy":"category","embeddable":true,"href":"https:\/\/www.newsendip.com\/fr\/wp-json\/wp\/v2\/categories?post=27312"},{"taxonomy":"post_tag","embeddable":true,"href":"https:\/\/www.newsendip.com\/fr\/wp-json\/wp\/v2\/tags?post=27312"}],"curies":[{"name":"wp","href":"https:\/\/api.w.org\/{rel}","templated":true}]}}