{"id":27416,"date":"2023-04-26T23:20:54","date_gmt":"2023-04-26T21:20:54","guid":{"rendered":"https:\/\/www.newsendip.com\/?p=27416"},"modified":"2024-07-18T15:45:45","modified_gmt":"2024-07-18T13:45:45","slug":"lafrique-du-sud-fait-machine-arriere-apres-des-declarations-controversees-sur-son-retrait-de-la-cour-penale-internationale","status":"publish","type":"post","link":"https:\/\/www.newsendip.com\/fr\/lafrique-du-sud-fait-machine-arriere-apres-des-declarations-controversees-sur-son-retrait-de-la-cour-penale-internationale\/","title":{"rendered":"L\u2019Afrique du Sud fait machine arri\u00e8re apr\u00e8s des d\u00e9clarations controvers\u00e9es sur son retrait de la Cour p\u00e9nale internationale"},"content":{"rendered":"<p><strong>Alors que le pr\u00e9sident russe Vladimir Poutine pourrait se rendre en Afrique du Sud \u00e0 l\u2019occasion d\u2019une r\u00e9union des BRICS en ao\u00fbt, le gouvernement sud-africain est embarrass\u00e9 par le mandat d\u2019arr\u00eat \u00e9mis par la Cour p\u00e9nale internationale.<\/strong><\/p>\n<figure id=\"attachment_27434\" aria-describedby=\"caption-attachment-27434\" style=\"width: 750px\" class=\"wp-caption aligncenter\"><img decoding=\"async\" class=\"wp-image-27434 size-full\" src=\"https:\/\/www.newsendip.com\/wp-content\/uploads\/2023\/04\/south-africa-visit-finland.webp\" alt=\"Presidents d'Afrique du Sud et de Finlande\" width=\"750\" height=\"500\" srcset=\"https:\/\/www.newsendip.com\/wp-content\/uploads\/2023\/04\/south-africa-visit-finland.webp 750w, https:\/\/www.newsendip.com\/wp-content\/uploads\/2023\/04\/south-africa-visit-finland-60x40.webp 60w, https:\/\/www.newsendip.com\/wp-content\/uploads\/2023\/04\/south-africa-visit-finland-720x480.webp 720w, https:\/\/www.newsendip.com\/wp-content\/uploads\/2023\/04\/south-africa-visit-finland-300x200.webp 300w\" sizes=\"(max-width: 750px) 100vw, 750px\"><figcaption id=\"caption-attachment-27434\" class=\"wp-caption-text\">Le pr\u00e9sident d\u2019Afrique du Sud Cyril Ramaphosa et le pr\u00e9sident de la Finlande, Sauli Niinist\u00f6, lors d\u2019une visite d\u2019\u00c9tat \u00e0 Pretoria le 25 avril | \u00a9 Matti Porre, Pr\u00e9sidence finlandaise<\/figcaption><\/figure>\n<p>L\u2019<a href=\"https:\/\/www.newsendip.com\/fr\/etiquette\/afrique-sud\/\">Afrique du Sud<\/a> a tenu \u00e0 pr\u00e9ciser qu\u2019elle continuait adh\u00e9rer \u00e0 la Cour p\u00e9nale internationale, apr\u00e8s que des responsables ont d\u00e9clar\u00e9 qu\u2019elle souhaitait s\u2019en retirer. Ces d\u00e9clarations erron\u00e9es sont intervenues alors que la CPI a d\u00e9livr\u00e9 un mandat d\u2019arr\u00eat \u00e0 l\u2019encontre du pr\u00e9sident russe, Vladimir Poutine, qui devrait se rendre en Afrique du Sud en ao\u00fbt pour une r\u00e9union des&nbsp;BRICS.<strong><br>\n<\/strong><\/p>\n<p>Lors d\u2019une conf\u00e9rence de presse conjointe organis\u00e9e mardi \u00e0 l\u2019issue d\u2019une visite d\u2019\u00c9tat de Sauli Niinist\u00f6, le pr\u00e9sident de la Finlande et nouvellement membre de l\u2019OTAN, le pr\u00e9sident d\u2019Afrique du Sud Cyril Ramaphosa, a d\u00e9clar\u00e9 \u00ab\u202f<em>qu\u2019il est prudent que l\u2019Afrique du Sud se retire de la CPI\u202f\u00bb<\/em>, faisant r\u00e9f\u00e9rence \u00e0 la position inconfortable dans laquelle se trouve actuellement le pays et r\u00e9agissant aux d\u00e9clarations du parti au pouvoir, le Congr\u00e8s national africain (ANC).<\/p>\n<p>En mars, la Cour p\u00e9nale internationale a d\u00e9livr\u00e9 un mandat d\u2019arr\u00eat \u00e0 l\u2019encontre de M. Poutine et de Maria Lvova-Belova, commissaire aux droits de l\u2019enfant au sein du cabinet du pr\u00e9sident, pour crime de guerre consistant l\u2019enl\u00e8vement et la d\u00e9portation d\u2019enfants ukrainiens en Russie.<\/p>\n<p>En tant que l\u2019un des 133 signataires du statut de Rome reconnaissant les comp\u00e9tences de la CPI, l\u2019Afrique du Sud devrait arr\u00eater M. Poutine s\u2019il mettait les pieds sur son sol. Et il se trouve que le pr\u00e9sident russe est attendu dans le pays du 22 au 24 ao\u00fbt pour une r\u00e9union des&nbsp;BRICS.<\/p>\n<p>Le <a href=\"https:\/\/www.newsendip.com\/fr\/etiquette\/bresil\/\">Br\u00e9sil<\/a>, la <a href=\"https:\/\/www.newsendip.com\/fr\/etiquette\/russie\/\">Russie<\/a>, <a href=\"https:\/\/www.newsendip.com\/fr\/la-russie-et-linde-prolongent-leur-accord-militaire-jusquen-2031\/\">l\u2019Inde<\/a>, la <a href=\"https:\/\/www.newsendip.com\/fr\/etiquette\/chine\/\">Chine<\/a> et l\u2019Afrique du Sud (BRICS) participeront \u00e0 un sommet annuel organis\u00e9 \u00e0 Durban, qui sera le premier sommet en personne depuis 2019 et la pand\u00e9mie de Covid-19. L\u2019Afrique du Sud a envoy\u00e9 des invitations et a indiqu\u00e9 qu\u2019une d\u00e9l\u00e9gation russe se devait venir pour pr\u00e9parer la visite de M. Poutine.<\/p>\n<p>Il n\u2019est toujours pas certain que M. Poutine vienne r\u00e9ellement. Depuis le mandat d\u2019arr\u00eat, il n\u2019est sorti de son pays que pour visiter Marioupol, la ville ukrainienne, d\u00e9truite mais prise par les troupes russes. Auparavant, le pr\u00e9sident russe n\u2019avait pas quitt\u00e9 son pays depuis le d\u00e9but de l\u2019invasion de l\u2019Ukraine, \u00e0 l\u2019exception d\u2019une visite d\u2019anciens pays sovi\u00e9tiques, le <a href=\"https:\/\/www.newsendip.com\/fr\/le-mexique-a-annonce-quil-avait-enfin-reussi-a-vendre-lavion-presidentiel-au-tadjikistan\/\">Tadjikistan<\/a> et le Turkm\u00e9nistan, en&nbsp;2022.<\/p>\n<p>Les 1er et 2 juin, les ministres des affaires \u00e9trang\u00e8res des pays du BRICS se r\u00e9uniront au&nbsp;Cap.<\/p>\n<p>Lors d\u2019un point presse le 25 avril, le secr\u00e9taire g\u00e9n\u00e9ral du parti de l\u2019ANC, Fikile Mbalula, a indiqu\u00e9 que le comit\u00e9 national avait r\u00e9fl\u00e9chi \u00e0 un retrait de la CPI en raison de la mani\u00e8re dont la Cour applique le droit p\u00e9nal international. M. Mbalula a \u00e9galement d\u00e9clar\u00e9 que l\u2019Afrique du Sud ne resterait pas un \u00ab\u202f<em>bouc \u00e9missaire\u202f\u00bb<\/em> pour les \u00ab\u202f<em>grandes puissances\u202f\u00bb<\/em> occidentales en assumant la responsabilit\u00e9 d\u2019incarc\u00e9rer des dirigeants de pays importants, rapporte <a href=\"https:\/\/www.news24.com\/news24\/politics\/government\/sa-to-exit-icc-as-anc-refuses-to-be-a-scapegoat-for-the-big-powers-20230425\">News24<\/a>.<\/p>\n<p>\u00ab\u202f<em>Le parti au pouvoir a de nouveau d\u00e9cid\u00e9 qu\u2019il devrait y avoir un retrait [de la CPI], et cette question sera donc trait\u00e9e\u202f\u00bb<\/em>, a estim\u00e9 M. Ramaphosa \u00e0 c\u00f4t\u00e9 du pr\u00e9sident finlandais, qui n\u2019a pas souhait\u00e9 faire de commentaire. Le pr\u00e9sident sud-africain a \u00e9galement d\u00e9clar\u00e9 que son pays n\u2019avait pas encore adopt\u00e9 de position officielle sur la suite \u00e0 donner au mandat d\u2019arr\u00eat de M. Poutine, car \u00ab\u202f<em>la question est en cours d\u2019examen et de discussion\u202f\u00bb<\/em>.<\/p>\n<h2>Une loi pour le retrait de la CPI supprim\u00e9 du Parlement en d\u00e9cembre dernier<\/h2>\n<p>Le gouvernement a demand\u00e9 des conseils juridiques sur la mani\u00e8re de g\u00e9rer la situation. L\u2019Afrique du Sud a d\u00e9cid\u00e9 de se positionner en tant que non-align\u00e9 vis-\u00e0-vis de l\u2019invasion russe de l\u2019Ukraine.<\/p>\n<p>L\u2019annonce du retrait de l\u2019Afrique du Sud de la CPI a rapidement donn\u00e9 lieu \u00e0 des sp\u00e9culations sur le fait qu\u2019il s\u2019agissait d\u2019un moyen d\u2019\u00e9viter d\u2019ex\u00e9cuter le mandat d\u2019arr\u00eat de M. Poutine.<\/p>\n<p>Mais la pr\u00e9sidence et l\u2019ANC ont rectifi\u00e9 leur d\u00e9claration.<\/p>\n<p>Le <a href=\"https:\/\/twitter.com\/MYANC\/status\/1651086708954349569\/photo\/1\">communiqu\u00e9 de l\u2019ANC<\/a> publi\u00e9 mercredi visait \u00e0 \u00e9claircir qu\u2019une telle hypoth\u00e8se avait \u00e9t\u00e9 \u00ab\u202f<em>soulev\u00e9e comme une mesure de dernier recours\u202f\u00bb<\/em>, ce qui \u00ab\u202fa pu donner l\u2019impression involontaire qu\u2019une d\u00e9cision cat\u00e9gorique de retrait imm\u00e9diat avait \u00e9t\u00e9 prise. Ce n\u2019est pas le&nbsp;cas.\u202f\u00bb<\/p>\n<p>Tard dans la nuit de mardi, la pr\u00e9sidence a <a href=\"https:\/\/www.thepresidency.gov.za\/press-statements\/south-africa-remains-participant-international-criminal-court\">publi\u00e9 une d\u00e9claration<\/a> \u00e0 la suite d\u2019une \u00ab\u202f<em>erreur dans un commentaire fait au cours d\u2019un point de presse tenu par le Congr\u00e8s national africain (ANC) au pouvoir sur le statut de l\u2019Afrique du Sud par rapport \u00e0 la CPI. Malheureusement, le pr\u00e9sident a affirm\u00e9 par erreur une position similaire lors d\u2019une s\u00e9ance avec les m\u00e9dias.\u202f\u00bb<\/em><\/p>\n<p>Il affirme que \u00ab\u202f<em>l\u2019Afrique du Sud reste signataire du Statut de Rome et continuera \u00e0 faire campagne pour une application \u00e9gale et coh\u00e9rente du droit international\u202f\u00bb<\/em>.<\/p>\n<p>Mais l\u2019arrestation de M. Poutine, s\u2019il venait en Afrique du Sud, reste peu probable. Le vice-ministre des entreprises publiques, Obed Bapela, a d\u00e9clar\u00e9 au journal sud-africain <a href=\"https:\/\/www.timeslive.co.za\/sunday-times\/news\/politics\/2023-04-09-ramaphosa-to-send-envoys-to-us-to-explain-south-africas-stance-on-russia\/\">Sunday Times<\/a> au d\u00e9but du mois que la position de l\u2019ANC sur M. Poutine \u00e9tait qu\u2019aucun chef d\u2019\u00c9tat en exercice ne serait arr\u00eat\u00e9 dans le pays. M. Ramaphosa a \u00e9galement envoy\u00e9 une d\u00e9l\u00e9gation \u00e0 Washington pour \u00e9viter une crise diplomatique avec les \u00c9tats-Unis.<\/p>\n<p>L\u2019Afrique du Sud soutient que la CPI applique le droit international de mani\u00e8re incoh\u00e9rente et suit une vision occidentale du monde avec deux poids deux mesures en poursuivant beaucoup plus facilement les suspects africains que les dirigeants ou les alli\u00e9s des pays occidentaux. Elle souhaite \u00e9galement que l\u2019immunit\u00e9 des chefs d\u2019\u00c9tat soit appliqu\u00e9e diff\u00e9remment.<\/p>\n<p>La br\u00e8ve pol\u00e9mique survient quelques mois seulement apr\u00e8s qu\u2019une loi visant \u00e0 se retirer de la CPI a \u00e9t\u00e9 retir\u00e9e du Parlement.<\/p>\n<p>Envoy\u00e9e au Parlement en 2017 sous l\u2019administration de l\u2019ancien pr\u00e9sident Jacob Zuma, la l\u00e9gislation visant \u00e0 se retirer de la CPI n\u2019a jamais \u00e9t\u00e9 mise en \u0153uvre. Elle faisait suite au non-respect par l\u2019Afrique du Sud de la demande de la CPI concernant l\u2019arrestation en vue d\u2019un jugement d\u2019Omar Al-Bashir, l\u2019ancien chef d\u2019\u00c9tat du Soudan jusqu\u2019en 2019, pour crime de guerre, crime contre l\u2019humanit\u00e9 et g\u00e9nocide au Darfour.<\/p>\n<p>M. Al-Bashir a s\u00e9journ\u00e9 en Afrique du Sud pendant deux jours \u00e0 l\u2019occasion d\u2019une r\u00e9union de l\u2019Union africaine en 2015 et n\u2019a pas \u00e9t\u00e9 arr\u00eat\u00e9. L\u2019Afrique du Sud a d\u00e9fendu le fait que le Soudan, qui ne reconna\u00eet pas la CPI, accordait l\u2019immunit\u00e9 contre les poursuites p\u00e9nales et les arrestations \u00e0 M. Al-Bashir. Elle n\u2019\u00e9tait donc pas oblig\u00e9e de l\u2019arr\u00eater et de le remettre \u00e0 la Cour bas\u00e9e \u00e0 La Haye. Un certain nombre d\u2019\u00c9tats africains n\u2019ont pas non plus arr\u00eat\u00e9 M. Al-Bashir lorsqu\u2019il s\u2019est rendu dans leur&nbsp;pays.<\/p>\n<p>L\u2019Afrique du Sud cherche en revanche \u00e0 \u00ab\u202f<em>revigorer\u202f\u00bb<\/em> le protocole de Malabo qui \u00e9tablirait une cour p\u00e9nale continentale compl\u00e9tant la CPI en tant que tribunal de dernier recours.<\/p>\n<p>Le protocole de Malabo, adopt\u00e9 par l\u2019Union africaine en 2014 mais qu\u2019aucun pays n\u2019a encore ratifi\u00e9, pr\u00e9voit l\u2019inclusion de la juridiction p\u00e9nale dans les attributions de la Cour africaine de justice et des droits de l\u2019homme.<\/p>\n<p>Mais l\u2019un des aspects les plus controvers\u00e9s du protocole de Malabo est l\u2019immunit\u00e9 accord\u00e9e aux chefs d\u2019\u00c9tat en fonction devant cette juridiction internationale. Pour la CPI en revanche, les chefs d\u2019\u00c9tat en exercice et les hauts fonctionnaires ne b\u00e9n\u00e9ficient pas d\u2019une telle immunit\u00e9, m\u00eame si un \u00c9tat tiers l\u2019accorde dans sa juridiction p\u00e9nale nationale.<\/p>\n","protected":false},"excerpt":{"rendered":"<p>Alors que le pr\u00e9sident russe Vladimir Poutine pourrait se rendre en Afrique du Sud \u00e0 l\u2019occasion d\u2019une r\u00e9union des BRICS en ao\u00fbt, le gouvernement sud-africain est embarrass\u00e9 par le mandat d\u2019arr\u00eat \u00e9mis par la Cour p\u00e9nale internationale.<\/p>\n","protected":false},"author":1,"featured_media":27434,"comment_status":"closed","ping_status":"open","sticky":false,"template":"","format":"standard","meta":{"wp_typography_post_enhancements_disabled":false,"footnotes":""},"categories":[416],"tags":[420,421],"class_list":["post-27416","post","type-post","status-publish","format-standard","has-post-thumbnail","hentry","category-politique","tag-afrique-sud","tag-vieux"],"yoast_head":"<!-- This site is optimized with the Yoast SEO Premium plugin v27.4 (Yoast SEO v27.4) - https:\/\/yoast.com\/product\/yoast-seo-premium-wordpress\/ -->\n<title>L&#039;Afrique du Sud fait machine arri\u00e8re apr\u00e8s des d\u00e9clarations controvers\u00e9es sur son retrait de la Cour p\u00e9nale internationale<\/title>\n<meta name=\"description\" content=\"Alors que le pr\u00e9sident russe Vladimir Poutine pourrait se rendre en Afrique du Sud \u00e0 l&#039;occasion d&#039;une r\u00e9union des BRICS en ao\u00fbt, le gouvernement sud-africain est embarrass\u00e9 par le mandat d&#039;arr\u00eat \u00e9mis par la Cour p\u00e9nale internationale.\" \/>\n<meta name=\"robots\" content=\"index, follow, max-snippet:-1, max-image-preview:large, max-video-preview:-1\" \/>\n<link rel=\"canonical\" href=\"https:\/\/www.newsendip.com\/fr\/lafrique-du-sud-fait-machine-arriere-apres-des-declarations-controversees-sur-son-retrait-de-la-cour-penale-internationale\/\" \/>\n<meta property=\"og:locale\" content=\"fr_FR\" \/>\n<meta property=\"og:type\" content=\"article\" \/>\n<meta property=\"og:title\" content=\"L&#039;Afrique du Sud fait machine arri\u00e8re apr\u00e8s des d\u00e9clarations controvers\u00e9es sur son retrait de la Cour p\u00e9nale internationale\" \/>\n<meta property=\"og:description\" content=\"Alors que le pr\u00e9sident russe Vladimir Poutine pourrait se rendre en Afrique du Sud \u00e0 l&#039;occasion d&#039;une r\u00e9union des BRICS en ao\u00fbt, le gouvernement sud-africain est embarrass\u00e9 par le mandat d&#039;arr\u00eat \u00e9mis par la Cour p\u00e9nale internationale.\" \/>\n<meta property=\"og:url\" content=\"https:\/\/www.newsendip.com\/fr\/lafrique-du-sud-fait-machine-arriere-apres-des-declarations-controversees-sur-son-retrait-de-la-cour-penale-internationale\/\" \/>\n<meta property=\"og:site_name\" content=\"Newsendip\" \/>\n<meta property=\"article:publisher\" content=\"https:\/\/www.facebook.com\/newsendip\" \/>\n<meta property=\"article:published_time\" content=\"2023-04-26T21:20:54+00:00\" \/>\n<meta property=\"article:modified_time\" content=\"2024-07-18T13:45:45+00:00\" \/>\n<meta property=\"og:image\" content=\"https:\/\/www.newsendip.com\/wp-content\/uploads\/2023\/04\/south-africa-visit-finland.jpeg\" \/>\n\t<meta property=\"og:image:width\" content=\"750\" \/>\n\t<meta property=\"og:image:height\" content=\"500\" \/>\n\t<meta property=\"og:image:type\" content=\"image\/jpeg\" \/>\n<meta name=\"author\" content=\"Cl\u00e9ment V\u00e9rit\u00e9\" \/>\n<meta name=\"twitter:card\" content=\"summary_large_image\" \/>\n<meta name=\"twitter:image\" content=\"https:\/\/www.newsendip.com\/wp-content\/uploads\/2023\/04\/south-africa-visit-finland.jpeg\" \/>\n<meta name=\"twitter:creator\" content=\"@https:\/\/twitter.com\/cverite\" \/>\n<meta name=\"twitter:site\" content=\"@newsendip\" \/>\n<meta name=\"twitter:label1\" content=\"\u00c9crit par\" \/>\n\t<meta name=\"twitter:data1\" content=\"Cl\u00e9ment V\u00e9rit\u00e9\" \/>\n\t<meta name=\"twitter:label2\" content=\"Dur\u00e9e de lecture estim\u00e9e\" \/>\n\t<meta name=\"twitter:data2\" content=\"6 minutes\" \/>\n<!-- \/ Yoast SEO Premium plugin. -->","yoast_head_json":{"title":"L'Afrique du Sud fait machine arri\u00e8re apr\u00e8s des d\u00e9clarations controvers\u00e9es sur son retrait de la Cour p\u00e9nale internationale","description":"Alors que le pr\u00e9sident russe Vladimir Poutine pourrait se rendre en Afrique du Sud \u00e0 l'occasion d'une r\u00e9union des BRICS en ao\u00fbt, le gouvernement sud-africain est embarrass\u00e9 par le mandat d'arr\u00eat \u00e9mis par la Cour p\u00e9nale internationale.","robots":{"index":"index","follow":"follow","max-snippet":"max-snippet:-1","max-image-preview":"max-image-preview:large","max-video-preview":"max-video-preview:-1"},"canonical":"https:\/\/www.newsendip.com\/fr\/lafrique-du-sud-fait-machine-arriere-apres-des-declarations-controversees-sur-son-retrait-de-la-cour-penale-internationale\/","og_locale":"fr_FR","og_type":"article","og_title":"L'Afrique du Sud fait machine arri\u00e8re apr\u00e8s des d\u00e9clarations controvers\u00e9es sur son retrait de la Cour p\u00e9nale internationale","og_description":"Alors que le pr\u00e9sident russe Vladimir Poutine pourrait se rendre en Afrique du Sud \u00e0 l'occasion d'une r\u00e9union des BRICS en ao\u00fbt, le gouvernement sud-africain est embarrass\u00e9 par le mandat d'arr\u00eat \u00e9mis par la Cour p\u00e9nale internationale.","og_url":"https:\/\/www.newsendip.com\/fr\/lafrique-du-sud-fait-machine-arriere-apres-des-declarations-controversees-sur-son-retrait-de-la-cour-penale-internationale\/","og_site_name":"Newsendip","article_publisher":"https:\/\/www.facebook.com\/newsendip","article_published_time":"2023-04-26T21:20:54+00:00","article_modified_time":"2024-07-18T13:45:45+00:00","og_image":[{"width":750,"height":500,"url":"https:\/\/www.newsendip.com\/wp-content\/uploads\/2023\/04\/south-africa-visit-finland.jpeg","type":"image\/jpeg"}],"author":"Cl\u00e9ment V\u00e9rit\u00e9","twitter_card":"summary_large_image","twitter_image":"https:\/\/www.newsendip.com\/wp-content\/uploads\/2023\/04\/south-africa-visit-finland.jpeg","twitter_creator":"@https:\/\/twitter.com\/cverite","twitter_site":"@newsendip","twitter_misc":{"\u00c9crit par":"Cl\u00e9ment V\u00e9rit\u00e9","Dur\u00e9e de lecture estim\u00e9e":"6 minutes"},"schema":{"@context":"https:\/\/schema.org","@graph":[{"@type":"NewsArticle","@id":"https:\/\/www.newsendip.com\/fr\/lafrique-du-sud-fait-machine-arriere-apres-des-declarations-controversees-sur-son-retrait-de-la-cour-penale-internationale\/#article","isPartOf":{"@id":"https:\/\/www.newsendip.com\/fr\/lafrique-du-sud-fait-machine-arriere-apres-des-declarations-controversees-sur-son-retrait-de-la-cour-penale-internationale\/"},"author":{"name":"Cl\u00e9ment V\u00e9rit\u00e9","@id":"https:\/\/www.newsendip.com\/fr\/#\/schema\/person\/ea22c01755f464a3cbc2c619584d6363"},"headline":"L\u2019Afrique du Sud fait machine arri\u00e8re apr\u00e8s des d\u00e9clarations controvers\u00e9es sur son retrait de la Cour p\u00e9nale internationale","datePublished":"2023-04-26T21:20:54+00:00","dateModified":"2024-07-18T13:45:45+00:00","mainEntityOfPage":{"@id":"https:\/\/www.newsendip.com\/fr\/lafrique-du-sud-fait-machine-arriere-apres-des-declarations-controversees-sur-son-retrait-de-la-cour-penale-internationale\/"},"wordCount":1465,"publisher":{"@id":"https:\/\/www.newsendip.com\/fr\/#organization"},"image":{"@id":"https:\/\/www.newsendip.com\/fr\/lafrique-du-sud-fait-machine-arriere-apres-des-declarations-controversees-sur-son-retrait-de-la-cour-penale-internationale\/#primaryimage"},"thumbnailUrl":"https:\/\/www.newsendip.com\/wp-content\/uploads\/2023\/04\/south-africa-visit-finland.webp","keywords":["Afrique du Sud","Vieux"],"articleSection":["Politique"],"inLanguage":"fr-FR","copyrightYear":"2023","copyrightHolder":{"@id":"https:\/\/www.newsendip.com\/#organization"}},{"@type":"WebPage","@id":"https:\/\/www.newsendip.com\/fr\/lafrique-du-sud-fait-machine-arriere-apres-des-declarations-controversees-sur-son-retrait-de-la-cour-penale-internationale\/","url":"https:\/\/www.newsendip.com\/fr\/lafrique-du-sud-fait-machine-arriere-apres-des-declarations-controversees-sur-son-retrait-de-la-cour-penale-internationale\/","name":"L'Afrique du Sud fait machine arri\u00e8re apr\u00e8s des d\u00e9clarations controvers\u00e9es sur son retrait de la Cour p\u00e9nale internationale","isPartOf":{"@id":"https:\/\/www.newsendip.com\/fr\/#website"},"primaryImageOfPage":{"@id":"https:\/\/www.newsendip.com\/fr\/lafrique-du-sud-fait-machine-arriere-apres-des-declarations-controversees-sur-son-retrait-de-la-cour-penale-internationale\/#primaryimage"},"image":{"@id":"https:\/\/www.newsendip.com\/fr\/lafrique-du-sud-fait-machine-arriere-apres-des-declarations-controversees-sur-son-retrait-de-la-cour-penale-internationale\/#primaryimage"},"thumbnailUrl":"https:\/\/www.newsendip.com\/wp-content\/uploads\/2023\/04\/south-africa-visit-finland.webp","datePublished":"2023-04-26T21:20:54+00:00","dateModified":"2024-07-18T13:45:45+00:00","description":"Alors que le pr\u00e9sident russe Vladimir Poutine pourrait se rendre en Afrique du Sud \u00e0 l'occasion d'une r\u00e9union des BRICS en ao\u00fbt, le gouvernement sud-africain est embarrass\u00e9 par le mandat d'arr\u00eat \u00e9mis par la Cour p\u00e9nale internationale.","breadcrumb":{"@id":"https:\/\/www.newsendip.com\/fr\/lafrique-du-sud-fait-machine-arriere-apres-des-declarations-controversees-sur-son-retrait-de-la-cour-penale-internationale\/#breadcrumb"},"inLanguage":"fr-FR","potentialAction":[{"@type":"ReadAction","target":["https:\/\/www.newsendip.com\/fr\/lafrique-du-sud-fait-machine-arriere-apres-des-declarations-controversees-sur-son-retrait-de-la-cour-penale-internationale\/"]}]},{"@type":"ImageObject","inLanguage":"fr-FR","@id":"https:\/\/www.newsendip.com\/fr\/lafrique-du-sud-fait-machine-arriere-apres-des-declarations-controversees-sur-son-retrait-de-la-cour-penale-internationale\/#primaryimage","url":"https:\/\/www.newsendip.com\/wp-content\/uploads\/2023\/04\/south-africa-visit-finland.webp","contentUrl":"https:\/\/www.newsendip.com\/wp-content\/uploads\/2023\/04\/south-africa-visit-finland.webp","width":750,"height":500,"caption":"Le pr\u00e9sident d'Afrique du Sud Cyril Ramaphosa et le pr\u00e9sident de la Finlande, Sauli Niinist\u00f6, lors d'une visite d\u2019\u00c9tat \u00e0 Pretoria le 25 avril | \u00a9 Matti Porre, Pr\u00e9sidence finlandaise"},{"@type":"BreadcrumbList","@id":"https:\/\/www.newsendip.com\/fr\/lafrique-du-sud-fait-machine-arriere-apres-des-declarations-controversees-sur-son-retrait-de-la-cour-penale-internationale\/#breadcrumb","itemListElement":[{"@type":"ListItem","position":1,"name":"Accueil","item":"https:\/\/www.newsendip.com\/fr\/"},{"@type":"ListItem","position":2,"name":"L&#8217;Afrique du Sud fait machine arri\u00e8re apr\u00e8s des d\u00e9clarations controvers\u00e9es sur son retrait de la Cour p\u00e9nale internationale"}]},{"@type":"WebSite","@id":"https:\/\/www.newsendip.com\/fr\/#website","url":"https:\/\/www.newsendip.com\/fr\/","name":"Newsendip","description":"Red\u00e9couvrez l&#039;actualit\u00e9 internationale","publisher":{"@id":"https:\/\/www.newsendip.com\/fr\/#organization"},"potentialAction":[{"@type":"SearchAction","target":{"@type":"EntryPoint","urlTemplate":"https:\/\/www.newsendip.com\/fr\/?s={search_term_string}"},"query-input":{"@type":"PropertyValueSpecification","valueRequired":true,"valueName":"search_term_string"}}],"inLanguage":"fr-FR"},{"@type":"Organization","@id":"https:\/\/www.newsendip.com\/fr\/#organization","name":"Newsendip","url":"https:\/\/www.newsendip.com\/fr\/","logo":{"@type":"ImageObject","inLanguage":"fr-FR","@id":"https:\/\/www.newsendip.com\/fr\/#\/schema\/logo\/image\/","url":"https:\/\/www.newsendip.com\/wp-content\/uploads\/2023\/12\/512x512.svg","contentUrl":"https:\/\/www.newsendip.com\/wp-content\/uploads\/2023\/12\/512x512.svg","width":1,"height":1,"caption":"Newsendip"},"image":{"@id":"https:\/\/www.newsendip.com\/fr\/#\/schema\/logo\/image\/"},"sameAs":["https:\/\/www.facebook.com\/newsendip","https:\/\/x.com\/newsendip","https:\/\/mastodon.social\/@newsendip","https:\/\/www.linkedin.com\/company\/newsendip"],"description":"Newsendip est un site qui a pour mission de rendre l'actualit\u00e9 internationale accessible et diversifi\u00e9e","email":"contact@newsendip.com","legalName":"Newsendip SAS","foundingDate":"2022-11-04","vatID":"FR60921124723","numberOfEmployees":{"@type":"QuantitativeValue","minValue":"1","maxValue":"10"},"publishingPrinciples":"https:\/\/www.newsendip.com\/about-us\/","ownershipFundingInfo":"https:\/\/www.newsendip.com\/legal-notice\/","actionableFeedbackPolicy":"https:\/\/www.newsendip.com\/about-us\/","correctionsPolicy":"https:\/\/www.newsendip.com\/about-us\/","ethicsPolicy":"https:\/\/www.newsendip.com\/about-us\/","diversityPolicy":"https:\/\/www.newsendip.com\/about-us\/"},{"@type":"Person","@id":"https:\/\/www.newsendip.com\/fr\/#\/schema\/person\/ea22c01755f464a3cbc2c619584d6363","name":"Cl\u00e9ment V\u00e9rit\u00e9","description":"Cl\u00e9ment is the executive editor and founder of Newsendip. He started in the media industry as a freelance reporter at 16 for a local French newspaper after school and has never left it. He later worked for seven years at The New York Times, notably as a data analyst. He holds a Master of Management in France and a Master of Arts in the United Kingdom in International Marketing &amp; Communications Strategy. He has lived in France, the United Kingdom, and Italy.","sameAs":["https:\/\/www.newsendip.com\/","https:\/\/www.linkedin.com\/in\/clementverite\/","https:\/\/x.com\/https:\/\/twitter.com\/cverite"],"knowsAbout":["News","International","Business","Media monitoring"],"knowsLanguage":["English","French","Italian","Spanish"],"url":"https:\/\/www.newsendip.com\/fr\/author\/clement-verite\/"}]}},"_links":{"self":[{"href":"https:\/\/www.newsendip.com\/fr\/wp-json\/wp\/v2\/posts\/27416","targetHints":{"allow":["GET"]}}],"collection":[{"href":"https:\/\/www.newsendip.com\/fr\/wp-json\/wp\/v2\/posts"}],"about":[{"href":"https:\/\/www.newsendip.com\/fr\/wp-json\/wp\/v2\/types\/post"}],"author":[{"embeddable":true,"href":"https:\/\/www.newsendip.com\/fr\/wp-json\/wp\/v2\/users\/1"}],"replies":[{"embeddable":true,"href":"https:\/\/www.newsendip.com\/fr\/wp-json\/wp\/v2\/comments?post=27416"}],"version-history":[{"count":0,"href":"https:\/\/www.newsendip.com\/fr\/wp-json\/wp\/v2\/posts\/27416\/revisions"}],"wp:featuredmedia":[{"embeddable":true,"href":"https:\/\/www.newsendip.com\/fr\/wp-json\/wp\/v2\/media\/27434"}],"wp:attachment":[{"href":"https:\/\/www.newsendip.com\/fr\/wp-json\/wp\/v2\/media?parent=27416"}],"wp:term":[{"taxonomy":"category","embeddable":true,"href":"https:\/\/www.newsendip.com\/fr\/wp-json\/wp\/v2\/categories?post=27416"},{"taxonomy":"post_tag","embeddable":true,"href":"https:\/\/www.newsendip.com\/fr\/wp-json\/wp\/v2\/tags?post=27416"}],"curies":[{"name":"wp","href":"https:\/\/api.w.org\/{rel}","templated":true}]}}