{"id":27832,"date":"2023-05-11T18:45:59","date_gmt":"2023-05-11T16:45:59","guid":{"rendered":"https:\/\/www.newsendip.com\/?p=27832"},"modified":"2024-07-18T15:45:24","modified_gmt":"2024-07-18T13:45:24","slug":"en-ouganda-la-mort-embarrassante-dun-ministre-detat","status":"publish","type":"post","link":"https:\/\/www.newsendip.com\/fr\/en-ouganda-la-mort-embarrassante-dun-ministre-detat\/","title":{"rendered":"En Ouganda, la mort \u00ab\u202fembarrassante\u202f\u00bb d\u2019un ministre d\u2019\u00c9tat"},"content":{"rendered":"<p><strong>Le ministre d\u2019\u00c9tat ougandais Charles Engola a \u00e9t\u00e9 abattu la semaine derni\u00e8re par l\u2019un de ses propres gardes du corps. Pour le pr\u00e9sident Yoweri Museveni, cet \u00e9v\u00e9nement est comme un \u00ab\u202f<em>embarras\u202f\u00bb<\/em> pour l\u2019arm\u00e9e dont les soldats \u00ab\u202f<em>se transforment en mercenaires\u202f\u00bb<\/em> cherchant \u00e0 gagner de l\u2019argent dans le&nbsp;civil.<\/strong><\/p>\n<figure id=\"attachment_27841\" aria-describedby=\"caption-attachment-27841\" style=\"width: 1024px\" class=\"wp-caption aligncenter\"><img decoding=\"async\" class=\"wp-image-27841 size-large\" src=\"https:\/\/www.newsendip.com\/wp-content\/uploads\/2023\/05\/Uganda-president-yoweri-museveni-1024x683.webp\" alt=\"Le pr\u00e9sident ougandais Yoweri Museveni\" width=\"1024\" height=\"683\" srcset=\"https:\/\/www.newsendip.com\/wp-content\/uploads\/2023\/05\/Uganda-president-yoweri-museveni-1024x683.webp 1024w, https:\/\/www.newsendip.com\/wp-content\/uploads\/2023\/05\/Uganda-president-yoweri-museveni-60x40.webp 60w, https:\/\/www.newsendip.com\/wp-content\/uploads\/2023\/05\/Uganda-president-yoweri-museveni-720x480.webp 720w, https:\/\/www.newsendip.com\/wp-content\/uploads\/2023\/05\/Uganda-president-yoweri-museveni-300x200.webp 300w, https:\/\/www.newsendip.com\/wp-content\/uploads\/2023\/05\/Uganda-president-yoweri-museveni-768x512.webp 768w, https:\/\/www.newsendip.com\/wp-content\/uploads\/2023\/05\/Uganda-president-yoweri-museveni.webp 1080w\" sizes=\"(max-width: 1024px) 100vw, 1024px\"><figcaption id=\"caption-attachment-27841\" class=\"wp-caption-text\">Le pr\u00e9sident ougandais Yoweri Museveni lors des fun\u00e9railles nationales du ministre Charles Engola | \u00a9 Minist\u00e8re ougandais de la d\u00e9fense et des anciens combattants<\/figcaption><\/figure>\n<p>Le 2 mai, Wilson Sabiiti, un soldat de l\u2019arm\u00e9e ougandaise, les Forces de d\u00e9fense du peuple ougandais (UPDF), s\u2019est rendu au domicile de Charles Engola, le ministre du travail, de l\u2019emploi et des relations industrielles.<\/p>\n<p>Il a tir\u00e9 28 fois sur M. Engola, 64 ans, qui d\u00e9c\u00e9da peu de temps apr\u00e8s. L\u2019assistant du ministre, le lieutenant Ronald Otim, a \u00e9galement \u00e9t\u00e9 bless\u00e9. M. Sabiiti s\u2019est ensuite donn\u00e9 la mort dans un <a href=\"https:\/\/www.newsendip.com\/fr\/230-000-euros-de-dedommagement-en-inde-pour-une-coupe-de-cheveux-ratee-excessif-et-disproportionne-selon-la-cour-supreme\/\">salon de coiffure<\/a> o\u00f9 l\u2019\u00e9pouse du ministre avait l\u2019habitude de se rendre.<\/p>\n<p>Or, M. Sabiiti \u00e9tait l\u2019un des gardes du corps du ministre depuis un mois. Alors que la police enqu\u00eate toujours sur le motif exact d\u2019un acte qui a choqu\u00e9 le pays, le militaire aurait eu du mal \u00e0 joindre les deux bouts et se serait plaint d\u2019arri\u00e9r\u00e9s de salaire selon plusieurs m\u00e9dias ougandais.<\/p>\n<p>Le meurtre a fait ressurgir des commentaires en ligne sur la faible r\u00e9mun\u00e9ration des soldats, environ 300 000 shillings (73 euros) par mois pour le premier <a href=\"https:\/\/www.newsendip.com\/fr\/en-russie-des-etudiants-appeles-a-remplacer-en-entreprise-les-travailleurs-mobilises-dans-larmee\/\">\u00e9chelon militaire<\/a>, celui de soldat auquel appartenait M. Sabiiti. \u00c2g\u00e9 de 33 ans et p\u00e8re de 4 enfants, il s\u2019\u00e9tait engag\u00e9 en 2016 \u00e0 la mort de son p\u00e8re pour pouvoir soutenir financi\u00e8rement sa famille. Le salaire moyen d\u2019un travailleur peu qualifi\u00e9 en Ouganda est environ deux fois plus&nbsp;\u00e9lev\u00e9.<\/p>\n<p>Le 10 mai, lors des <a href=\"https:\/\/www.youtube.com\/watch?v=mA4pHyWcvVI\">fun\u00e9railles nationales<\/a> en l\u2019honneur du ministre d\u00e9c\u00e9d\u00e9 et ancien colonel de l\u2019UPDF, le pr\u00e9sident ougandais Yoweri Museveni a d\u00e9nonc\u00e9 cet \u00e9v\u00e9nement tragique comme \u00e9tant \u00ab\u202f<em>un tr\u00e8s grand embarras pour l\u2019arm\u00e9e\u202f\u00bb<\/em> et son honneur.<\/p>\n<p>Lors de son discours, M. Museveni a affirm\u00e9 que <a href=\"https:\/\/www.newsendip.com\/fr\/des-membres-de-larmee-portugaise-impliques-dans-une-enquete-sur-un-trafic-de-diamants\/\">l\u2019arm\u00e9e<\/a> devrait revenir \u00e0 la doctrine de l\u2019Arm\u00e9e de r\u00e9sistance nationale, le groupe rebelle qu\u2019il a dirig\u00e9 pour prendre le pouvoir en 1986 et qui est devenu l\u2019UPDF en 1995. Il estime qu\u2019ils se battaient avant tout pour leur pays en acceptant de n\u2019\u00eatre que peu&nbsp;pay\u00e9s.<\/p>\n<p>Tout en affirmant que la 169\u00e8me \u00e9conomie par habitant ne peut pas se permettre de payer des salaires \u00e9lev\u00e9s dans l\u2019arm\u00e9e, il a d\u00e9nonc\u00e9 les personnes qui recherchent toujours plus d\u2019argent, une philosophie qui transformerait les soldats en \u00ab\u202f<em>mercenaires\u202f\u00bb<\/em> qui vont aussi travailler dans le&nbsp;civil.<\/p>\n<p>Pour le pr\u00e9sident, les soldats qui partent en op\u00e9ration pour des t\u00e2ches civiles ne devraient recevoir que de la nourriture, et non des indemnit\u00e9s ou un salaire du gouvernement.<\/p>\n<p>En Ouganda, des soldats qui assurent la s\u00e9curit\u00e9 dans le civil sont pay\u00e9s entre 300 000 et 500 000 shillings par mois (73 et 121 euros) par le gouvernement, selon le journal ougandais <a href=\"https:\/\/www.monitor.co.ug\/uganda\/news\/national\/museveni-bans-allowances-for-military-guards-4230852\">Monitor<\/a>. M. Engola, par exemple, avait plus de cinq gardes du corps de l\u2019arm\u00e9e pour assurer sa protection.<\/p>\n<p>Plusieurs personnes de premier plan ont \u00e9t\u00e9 abattues au cours de la derni\u00e8re d\u00e9cennie dans le pays, ce qui a incit\u00e9 les officiels ais\u00e9s \u00e0 embaucher du personnel pour leur s\u00e9curit\u00e9 personnelle.<\/p>\n<p>La <a href=\"https:\/\/www.newsendip.com\/uganda-museveni-military-army-state-power\/\">pr\u00e9sence de l\u2019UPDF dans la vie civile<\/a> s\u2019est accrue au cours des derni\u00e8res ann\u00e9es dans un pays gouvern\u00e9 par le m\u00eame dirigeant depuis 1986. Les \u00e9lections de 2021, qui d\u00e9clar\u00e9 le <a href=\"https:\/\/www.newsendip.com\/fr\/la-newsletter-dactu-internationale-du-21-octobre-2022\/\">pr\u00e9sident Museveni<\/a> vainqueur apr\u00e8s avoir repouss\u00e9 la limite d\u2019\u00e2ge d\u2019un pr\u00e9sident, ont \u00e9t\u00e9 marqu\u00e9es par une violence et une r\u00e9pression g\u00e9n\u00e9ralis\u00e9es de la part des forces de s\u00e9curit\u00e9, selon <a href=\"https:\/\/www.hrw.org\/africa\/uganda\">Human Rights Watch<\/a>.<\/p>\n<p>Mais pour le g\u00e9n\u00e9ral de l\u2019UPDF James Mugira, l\u2019acte de M. Sabiiti n\u2019est que question \u00ab\u202f<em>d\u2019indiscipline, rien de plus\u202f\u00bb<\/em>. Mardi, <a href=\"https:\/\/www.youtube.com\/watch?v=DoBE9eX6xPE\">lors d\u2019un discours au Parlement<\/a>, qui a r\u00e9cemment adopt\u00e9 un projet de loi extr\u00eamement r\u00e9pressif contre la communaut\u00e9 LGBT, il a affirm\u00e9 que l\u2019arm\u00e9e ougandaise \u00ab\u202f<em>n\u2019a jamais \u00e9t\u00e9 une force mercenaire. Nous avons toujours servi notre patrie par patriotisme et par conviction id\u00e9ologique\u202f\u00bb<\/em>. Le meurtre du ministre \u00ab\u202f<em>ne peut pas \u00eatre r\u00e9duit \u00e0 une question de bas salaires et d\u2019indemnit\u00e9s\u202f\u00bb<\/em>.<\/p>\n<p>La mort du ministre a \u00e9galement suscit\u00e9 des commentaires en ligne ironisant que le ministre avait \u00e9t\u00e9 tu\u00e9 par un employ\u00e9 engag\u00e9 pour assurer sa protection.<\/p>\n<p>Apr\u00e8s la mort de M. Engola, le Youtuber Ibrahim Tusubira avait vertement critiqu\u00e9 le ministre dans une vid\u00e9o. Quelques jours plus tard, il a \u00e9t\u00e9 abattu pr\u00e8s de son domicile, dans la banlieue de la capitale Kampala, par un tireur non identifi\u00e9 qui l\u2019a attendu pendant deux heures selon des images de vid\u00e9osurveillance. La cause de sa mort reste inconnue.<\/p>\n","protected":false},"excerpt":{"rendered":"<p>Le ministre d\u2019\u00c9tat ougandais Charles Engola a \u00e9t\u00e9 abattu la semaine derni\u00e8re par l\u2019un de ses propres gardes du corps. Pour le pr\u00e9sident Yoweri Museveni, cet \u00e9v\u00e9nement est comme un \u00ab\u202fembarras\u202f\u00bb pour l\u2019arm\u00e9e dont les soldats \u00ab\u202fse transforment en mercenaires\u202f\u00bb cherchant \u00e0 gagner de l\u2019argent dans le&nbsp;civil.<\/p>\n","protected":false},"author":1,"featured_media":27841,"comment_status":"closed","ping_status":"open","sticky":false,"template":"","format":"standard","meta":{"wp_typography_post_enhancements_disabled":false,"footnotes":""},"categories":[416],"tags":[1593,421],"class_list":["post-27832","post","type-post","status-publish","format-standard","has-post-thumbnail","hentry","category-politique","tag-ouganda","tag-vieux"],"yoast_head":"<!-- This site is optimized with the Yoast SEO Premium plugin v27.4 (Yoast SEO v27.4) - https:\/\/yoast.com\/product\/yoast-seo-premium-wordpress\/ -->\n<title>En Ouganda, la mort &quot;embarrassante&quot; d&#039;un ministre d&#039;\u00c9tat<\/title>\n<meta name=\"description\" content=\"Le ministre d&#039;\u00c9tat ougandais Charles Engola a \u00e9t\u00e9 abattu la semaine derni\u00e8re par l&#039;un de ses propres gardes du corps. Pour le pr\u00e9sident Yoweri Museveni, cet \u00e9v\u00e9nement est comme un &quot;embarras&quot; pour l&#039;arm\u00e9e dont les soldats &quot;se transforment en mercenaires&quot; cherchant \u00e0 gagner de l&#039;argent dans le civil.\" \/>\n<meta name=\"robots\" content=\"index, follow, max-snippet:-1, max-image-preview:large, max-video-preview:-1\" \/>\n<link rel=\"canonical\" href=\"https:\/\/www.newsendip.com\/fr\/en-ouganda-la-mort-embarrassante-dun-ministre-detat\/\" \/>\n<meta property=\"og:locale\" content=\"fr_FR\" \/>\n<meta property=\"og:type\" content=\"article\" \/>\n<meta property=\"og:title\" content=\"En Ouganda, la mort &quot;embarrassante&quot; d&#039;un ministre d&#039;\u00c9tat\" \/>\n<meta property=\"og:description\" content=\"Le ministre d&#039;\u00c9tat ougandais Charles Engola a \u00e9t\u00e9 abattu la semaine derni\u00e8re par l&#039;un de ses propres gardes du corps. Pour le pr\u00e9sident Yoweri Museveni, cet \u00e9v\u00e9nement est comme un &quot;embarras&quot; pour l&#039;arm\u00e9e dont les soldats &quot;se transforment en mercenaires&quot; cherchant \u00e0 gagner de l&#039;argent dans le civil.\" \/>\n<meta property=\"og:url\" content=\"https:\/\/www.newsendip.com\/fr\/en-ouganda-la-mort-embarrassante-dun-ministre-detat\/\" \/>\n<meta property=\"og:site_name\" content=\"Newsendip\" \/>\n<meta property=\"article:publisher\" content=\"https:\/\/www.facebook.com\/newsendip\" \/>\n<meta property=\"article:published_time\" content=\"2023-05-11T16:45:59+00:00\" \/>\n<meta property=\"article:modified_time\" content=\"2024-07-18T13:45:24+00:00\" \/>\n<meta property=\"og:image\" content=\"https:\/\/www.newsendip.com\/wp-content\/uploads\/2023\/05\/Uganda-president-yoweri-museveni.jpeg\" \/>\n\t<meta property=\"og:image:width\" content=\"1080\" \/>\n\t<meta property=\"og:image:height\" content=\"720\" \/>\n\t<meta property=\"og:image:type\" content=\"image\/jpeg\" \/>\n<meta name=\"author\" content=\"Cl\u00e9ment V\u00e9rit\u00e9\" \/>\n<meta name=\"twitter:card\" content=\"summary_large_image\" \/>\n<meta name=\"twitter:image\" content=\"https:\/\/www.newsendip.com\/wp-content\/uploads\/2023\/05\/Uganda-president-yoweri-museveni.jpeg\" \/>\n<meta name=\"twitter:creator\" content=\"@https:\/\/twitter.com\/cverite\" \/>\n<meta name=\"twitter:site\" content=\"@newsendip\" \/>\n<meta name=\"twitter:label1\" content=\"\u00c9crit par\" \/>\n\t<meta name=\"twitter:data1\" content=\"Cl\u00e9ment V\u00e9rit\u00e9\" \/>\n\t<meta name=\"twitter:label2\" content=\"Dur\u00e9e de lecture estim\u00e9e\" \/>\n\t<meta name=\"twitter:data2\" content=\"4 minutes\" \/>\n<!-- \/ Yoast SEO Premium plugin. -->","yoast_head_json":{"title":"En Ouganda, la mort \"embarrassante\" d'un ministre d'\u00c9tat","description":"Le ministre d'\u00c9tat ougandais Charles Engola a \u00e9t\u00e9 abattu la semaine derni\u00e8re par l'un de ses propres gardes du corps. Pour le pr\u00e9sident Yoweri Museveni, cet \u00e9v\u00e9nement est comme un \"embarras\" pour l'arm\u00e9e dont les soldats \"se transforment en mercenaires\" cherchant \u00e0 gagner de l'argent dans le civil.","robots":{"index":"index","follow":"follow","max-snippet":"max-snippet:-1","max-image-preview":"max-image-preview:large","max-video-preview":"max-video-preview:-1"},"canonical":"https:\/\/www.newsendip.com\/fr\/en-ouganda-la-mort-embarrassante-dun-ministre-detat\/","og_locale":"fr_FR","og_type":"article","og_title":"En Ouganda, la mort \"embarrassante\" d'un ministre d'\u00c9tat","og_description":"Le ministre d'\u00c9tat ougandais Charles Engola a \u00e9t\u00e9 abattu la semaine derni\u00e8re par l'un de ses propres gardes du corps. Pour le pr\u00e9sident Yoweri Museveni, cet \u00e9v\u00e9nement est comme un \"embarras\" pour l'arm\u00e9e dont les soldats \"se transforment en mercenaires\" cherchant \u00e0 gagner de l'argent dans le civil.","og_url":"https:\/\/www.newsendip.com\/fr\/en-ouganda-la-mort-embarrassante-dun-ministre-detat\/","og_site_name":"Newsendip","article_publisher":"https:\/\/www.facebook.com\/newsendip","article_published_time":"2023-05-11T16:45:59+00:00","article_modified_time":"2024-07-18T13:45:24+00:00","og_image":[{"width":1080,"height":720,"url":"https:\/\/www.newsendip.com\/wp-content\/uploads\/2023\/05\/Uganda-president-yoweri-museveni.jpeg","type":"image\/jpeg"}],"author":"Cl\u00e9ment V\u00e9rit\u00e9","twitter_card":"summary_large_image","twitter_image":"https:\/\/www.newsendip.com\/wp-content\/uploads\/2023\/05\/Uganda-president-yoweri-museveni.jpeg","twitter_creator":"@https:\/\/twitter.com\/cverite","twitter_site":"@newsendip","twitter_misc":{"\u00c9crit par":"Cl\u00e9ment V\u00e9rit\u00e9","Dur\u00e9e de lecture estim\u00e9e":"4 minutes"},"schema":{"@context":"https:\/\/schema.org","@graph":[{"@type":"NewsArticle","@id":"https:\/\/www.newsendip.com\/fr\/en-ouganda-la-mort-embarrassante-dun-ministre-detat\/#article","isPartOf":{"@id":"https:\/\/www.newsendip.com\/fr\/en-ouganda-la-mort-embarrassante-dun-ministre-detat\/"},"author":{"name":"Cl\u00e9ment V\u00e9rit\u00e9","@id":"https:\/\/www.newsendip.com\/fr\/#\/schema\/person\/ea22c01755f464a3cbc2c619584d6363"},"headline":"En Ouganda, la mort \u00ab\u202fembarrassante\u202f\u00bb d\u2019un ministre d\u2019\u00c9tat","datePublished":"2023-05-11T16:45:59+00:00","dateModified":"2024-07-18T13:45:24+00:00","mainEntityOfPage":{"@id":"https:\/\/www.newsendip.com\/fr\/en-ouganda-la-mort-embarrassante-dun-ministre-detat\/"},"wordCount":871,"publisher":{"@id":"https:\/\/www.newsendip.com\/fr\/#organization"},"image":{"@id":"https:\/\/www.newsendip.com\/fr\/en-ouganda-la-mort-embarrassante-dun-ministre-detat\/#primaryimage"},"thumbnailUrl":"https:\/\/www.newsendip.com\/wp-content\/uploads\/2023\/05\/Uganda-president-yoweri-museveni.webp","keywords":["Ouganda","Vieux"],"articleSection":["Politique"],"inLanguage":"fr-FR","copyrightYear":"2023","copyrightHolder":{"@id":"https:\/\/www.newsendip.com\/#organization"}},{"@type":"WebPage","@id":"https:\/\/www.newsendip.com\/fr\/en-ouganda-la-mort-embarrassante-dun-ministre-detat\/","url":"https:\/\/www.newsendip.com\/fr\/en-ouganda-la-mort-embarrassante-dun-ministre-detat\/","name":"En Ouganda, la mort \"embarrassante\" d'un ministre d'\u00c9tat","isPartOf":{"@id":"https:\/\/www.newsendip.com\/fr\/#website"},"primaryImageOfPage":{"@id":"https:\/\/www.newsendip.com\/fr\/en-ouganda-la-mort-embarrassante-dun-ministre-detat\/#primaryimage"},"image":{"@id":"https:\/\/www.newsendip.com\/fr\/en-ouganda-la-mort-embarrassante-dun-ministre-detat\/#primaryimage"},"thumbnailUrl":"https:\/\/www.newsendip.com\/wp-content\/uploads\/2023\/05\/Uganda-president-yoweri-museveni.webp","datePublished":"2023-05-11T16:45:59+00:00","dateModified":"2024-07-18T13:45:24+00:00","description":"Le ministre d'\u00c9tat ougandais Charles Engola a \u00e9t\u00e9 abattu la semaine derni\u00e8re par l'un de ses propres gardes du corps. Pour le pr\u00e9sident Yoweri Museveni, cet \u00e9v\u00e9nement est comme un \"embarras\" pour l'arm\u00e9e dont les soldats \"se transforment en mercenaires\" cherchant \u00e0 gagner de l'argent dans le civil.","breadcrumb":{"@id":"https:\/\/www.newsendip.com\/fr\/en-ouganda-la-mort-embarrassante-dun-ministre-detat\/#breadcrumb"},"inLanguage":"fr-FR","potentialAction":[{"@type":"ReadAction","target":["https:\/\/www.newsendip.com\/fr\/en-ouganda-la-mort-embarrassante-dun-ministre-detat\/"]}]},{"@type":"ImageObject","inLanguage":"fr-FR","@id":"https:\/\/www.newsendip.com\/fr\/en-ouganda-la-mort-embarrassante-dun-ministre-detat\/#primaryimage","url":"https:\/\/www.newsendip.com\/wp-content\/uploads\/2023\/05\/Uganda-president-yoweri-museveni.webp","contentUrl":"https:\/\/www.newsendip.com\/wp-content\/uploads\/2023\/05\/Uganda-president-yoweri-museveni.webp","width":1080,"height":720,"caption":"Le pr\u00e9sident ougandais Yoweri Museveni lors des fun\u00e9railles nationales du ministre Charles Engola | \u00a9 Minist\u00e8re ougandais de la d\u00e9fense et des anciens combattants"},{"@type":"BreadcrumbList","@id":"https:\/\/www.newsendip.com\/fr\/en-ouganda-la-mort-embarrassante-dun-ministre-detat\/#breadcrumb","itemListElement":[{"@type":"ListItem","position":1,"name":"Accueil","item":"https:\/\/www.newsendip.com\/fr\/"},{"@type":"ListItem","position":2,"name":"En Ouganda, la mort &#8220;embarrassante&#8221; d&#8217;un ministre d&#8217;\u00c9tat"}]},{"@type":"WebSite","@id":"https:\/\/www.newsendip.com\/fr\/#website","url":"https:\/\/www.newsendip.com\/fr\/","name":"Newsendip","description":"Red\u00e9couvrez l&#039;actualit\u00e9 internationale","publisher":{"@id":"https:\/\/www.newsendip.com\/fr\/#organization"},"potentialAction":[{"@type":"SearchAction","target":{"@type":"EntryPoint","urlTemplate":"https:\/\/www.newsendip.com\/fr\/?s={search_term_string}"},"query-input":{"@type":"PropertyValueSpecification","valueRequired":true,"valueName":"search_term_string"}}],"inLanguage":"fr-FR"},{"@type":"Organization","@id":"https:\/\/www.newsendip.com\/fr\/#organization","name":"Newsendip","url":"https:\/\/www.newsendip.com\/fr\/","logo":{"@type":"ImageObject","inLanguage":"fr-FR","@id":"https:\/\/www.newsendip.com\/fr\/#\/schema\/logo\/image\/","url":"https:\/\/www.newsendip.com\/wp-content\/uploads\/2023\/12\/512x512.svg","contentUrl":"https:\/\/www.newsendip.com\/wp-content\/uploads\/2023\/12\/512x512.svg","width":1,"height":1,"caption":"Newsendip"},"image":{"@id":"https:\/\/www.newsendip.com\/fr\/#\/schema\/logo\/image\/"},"sameAs":["https:\/\/www.facebook.com\/newsendip","https:\/\/x.com\/newsendip","https:\/\/mastodon.social\/@newsendip","https:\/\/www.linkedin.com\/company\/newsendip"],"description":"Newsendip est un site qui a pour mission de rendre l'actualit\u00e9 internationale accessible et diversifi\u00e9e","email":"contact@newsendip.com","legalName":"Newsendip SAS","foundingDate":"2022-11-04","vatID":"FR60921124723","numberOfEmployees":{"@type":"QuantitativeValue","minValue":"1","maxValue":"10"},"publishingPrinciples":"https:\/\/www.newsendip.com\/about-us\/","ownershipFundingInfo":"https:\/\/www.newsendip.com\/legal-notice\/","actionableFeedbackPolicy":"https:\/\/www.newsendip.com\/about-us\/","correctionsPolicy":"https:\/\/www.newsendip.com\/about-us\/","ethicsPolicy":"https:\/\/www.newsendip.com\/about-us\/","diversityPolicy":"https:\/\/www.newsendip.com\/about-us\/"},{"@type":"Person","@id":"https:\/\/www.newsendip.com\/fr\/#\/schema\/person\/ea22c01755f464a3cbc2c619584d6363","name":"Cl\u00e9ment V\u00e9rit\u00e9","description":"Cl\u00e9ment is the executive editor and founder of Newsendip. He started in the media industry as a freelance reporter at 16 for a local French newspaper after school and has never left it. He later worked for seven years at The New York Times, notably as a data analyst. He holds a Master of Management in France and a Master of Arts in the United Kingdom in International Marketing &amp; Communications Strategy. He has lived in France, the United Kingdom, and Italy.","sameAs":["https:\/\/www.newsendip.com\/","https:\/\/www.linkedin.com\/in\/clementverite\/","https:\/\/x.com\/https:\/\/twitter.com\/cverite"],"knowsAbout":["News","International","Business","Media monitoring"],"knowsLanguage":["English","French","Italian","Spanish"],"url":"https:\/\/www.newsendip.com\/fr\/author\/clement-verite\/"}]}},"_links":{"self":[{"href":"https:\/\/www.newsendip.com\/fr\/wp-json\/wp\/v2\/posts\/27832","targetHints":{"allow":["GET"]}}],"collection":[{"href":"https:\/\/www.newsendip.com\/fr\/wp-json\/wp\/v2\/posts"}],"about":[{"href":"https:\/\/www.newsendip.com\/fr\/wp-json\/wp\/v2\/types\/post"}],"author":[{"embeddable":true,"href":"https:\/\/www.newsendip.com\/fr\/wp-json\/wp\/v2\/users\/1"}],"replies":[{"embeddable":true,"href":"https:\/\/www.newsendip.com\/fr\/wp-json\/wp\/v2\/comments?post=27832"}],"version-history":[{"count":0,"href":"https:\/\/www.newsendip.com\/fr\/wp-json\/wp\/v2\/posts\/27832\/revisions"}],"wp:featuredmedia":[{"embeddable":true,"href":"https:\/\/www.newsendip.com\/fr\/wp-json\/wp\/v2\/media\/27841"}],"wp:attachment":[{"href":"https:\/\/www.newsendip.com\/fr\/wp-json\/wp\/v2\/media?parent=27832"}],"wp:term":[{"taxonomy":"category","embeddable":true,"href":"https:\/\/www.newsendip.com\/fr\/wp-json\/wp\/v2\/categories?post=27832"},{"taxonomy":"post_tag","embeddable":true,"href":"https:\/\/www.newsendip.com\/fr\/wp-json\/wp\/v2\/tags?post=27832"}],"curies":[{"name":"wp","href":"https:\/\/api.w.org\/{rel}","templated":true}]}}