{"id":28258,"date":"2023-05-23T20:30:36","date_gmt":"2023-05-23T18:30:36","guid":{"rendered":"https:\/\/www.newsendip.com\/?p=28258"},"modified":"2024-07-18T15:44:40","modified_gmt":"2024-07-18T13:44:40","slug":"le-president-mexicain-declare-persona-non-grata-au-perou","status":"publish","type":"post","link":"https:\/\/www.newsendip.com\/fr\/le-president-mexicain-declare-persona-non-grata-au-perou\/","title":{"rendered":"Le pr\u00e9sident mexicain d\u00e9clar\u00e9 persona non grata au P\u00e9rou par une commission du Congr\u00e8s p\u00e9ruvien"},"content":{"rendered":"<p><strong>La Commission des relations ext\u00e9rieures du Congr\u00e8s p\u00e9ruvien a d\u00e9clar\u00e9 le pr\u00e9sident mexicain <em>persona non grata<\/em> au P\u00e9rou apr\u00e8s avoir d\u00e9clar\u00e9 que Dina Boluarte \u00e9tait une usurpatrice.<br>\n<\/strong><\/p>\n<figure id=\"attachment_15289\" aria-describedby=\"caption-attachment-15289\" style=\"width: 1024px\" class=\"wp-caption aligncenter\"><img decoding=\"async\" class=\"wp-image-15289 size-large\" src=\"https:\/\/www.newsendip.com\/wp-content\/uploads\/2022\/04\/president-mexico-andres-manuel-lopez-obrador-1024x681.webp\" alt=\"Andr\u00e9s Manuel L\u00f3pez Obrador, Pr\u00e9sident du Mexique\" width=\"1024\" height=\"681\" srcset=\"https:\/\/www.newsendip.com\/wp-content\/uploads\/2022\/04\/president-mexico-andres-manuel-lopez-obrador-1024x681.webp 1024w, https:\/\/www.newsendip.com\/wp-content\/uploads\/2022\/04\/president-mexico-andres-manuel-lopez-obrador-60x40.webp 60w, https:\/\/www.newsendip.com\/wp-content\/uploads\/2022\/04\/president-mexico-andres-manuel-lopez-obrador-720x480.webp 720w, https:\/\/www.newsendip.com\/wp-content\/uploads\/2022\/04\/president-mexico-andres-manuel-lopez-obrador-300x199.webp 300w, https:\/\/www.newsendip.com\/wp-content\/uploads\/2022\/04\/president-mexico-andres-manuel-lopez-obrador-768x511.webp 768w, https:\/\/www.newsendip.com\/wp-content\/uploads\/2022\/04\/president-mexico-andres-manuel-lopez-obrador.webp 1280w\" sizes=\"(max-width: 1024px) 100vw, 1024px\"><figcaption id=\"caption-attachment-15289\" class=\"wp-caption-text\">Andr\u00e9s Manuel L\u00f3pez Obrador, Pr\u00e9sident du Mexique<\/figcaption><\/figure>\n<p>Lundi, la Commission des relations ext\u00e9rieures du Congr\u00e8s p\u00e9ruvien a approuv\u00e9 une motion avec 11 voix pour, une voix contre et 3 abstentions qui d\u00e9clare le pr\u00e9sident du Mexique Andr\u00e9s Manuel L\u00f3pez Obrador <em>persona non grata<\/em> au P\u00e9rou et d\u00e9nonce ses d\u00e9clarations.<\/p>\n<p>M. L\u00f3pez Obrador, souvent d\u00e9sign\u00e9 avec ses initiales AMLO, a manifest\u00e9 \u00e0 plusieurs reprises son soutien \u00e0 Pedro Castillo, l\u2019ancien pr\u00e9sident du <a href=\"https:\/\/www.newsendip.com\/fr\/etiquette\/perou\/\">P\u00e9rou<\/a> aujourd\u2019hui en prison.<\/p>\n<p>En d\u00e9cembre, apr\u00e8s des mois d\u2019<a href=\"https:\/\/www.newsendip.com\/fr\/reunion-secretes-le-president-du-perou-accuse-detre-a-la-tete-dune-organisation-criminelle\/\">instabilit\u00e9 politique<\/a>, Pedro Castillo a temporairement dissous le Congr\u00e8s, convoqu\u00e9 des \u00e9lections l\u00e9gislatives, d\u00e9clar\u00e9 qu\u2019il dirigerait le pays par d\u00e9crets et impos\u00e9 un couvre-feu.<\/p>\n<p>Mais le Congr\u00e8s a approuv\u00e9 une motion de vacance, destituant M. Castillo de la pr\u00e9sidence.<\/p>\n<p>Avant d\u2019\u00eatre arr\u00eat\u00e9, M. Castillo a essay\u00e9 de recevoir l\u2019asile politique au Mexique, mais il n\u2019avait pas pu se rendre \u00e0 l\u2019ambassade mexicaine \u00e0 Lima, encercl\u00e9e par des policiers et des civils, selon le pr\u00e9sident mexicain.<\/p>\n<p>Au cours de cette p\u00e9riode de troubles, des dizaines de personnes sont mortes lors de manifestations dans les rues du&nbsp;P\u00e9rou.<\/p>\n<p>La vice-pr\u00e9sidente Dina Boluarte dirige le pays depuis lors et terminera <a href=\"https:\/\/www.newsendip.com\/fr\/le-perou-a-enfin-compte-tous-les-votes-de-lelection-presidentielle\/\">le mandat pour lequel M. Castillo avait \u00e9t\u00e9 \u00e9lu<\/a> jusqu\u2019en juillet 2026.<\/p>\n<p>Au P\u00e9rou, les membres du Parlement critiquent le pr\u00e9sident mexicain pour son ing\u00e9rence dans les affaires int\u00e9rieures du&nbsp;pays.<\/p>\n<p>Ce dernier a \u00e9galement refus\u00e9 de c\u00e9der la pr\u00e9sidence de l\u2019Alliance du Pacifique entre le Chili, la Colombie, le Mexique et le P\u00e9rou \u00e0 Mme Boluarte, estimant que cela l\u00e9gitimerait un coup d\u2019\u00c9tat de la part des parlementaires.<\/p>\n<p>M. Castillo s\u2019est vu <a href=\"https:\/\/www.newsendip.com\/fr\/le-congres-du-perou-refuse-que-le-president-pedro-castillo-voyage-en-europe\/\">interdire de quitter le pays<\/a> en novembre et n\u2019a pas pu assister au sommet de l\u2019Alliance du Pacifique qui s\u2019est tenu au Mexique. Le sommet qui devait ensuite se tenir \u00e0 <a href=\"https:\/\/www.newsendip.com\/fr\/le-perou-prevoit-dinstaurer-un-etat-durgence-a-lima\/\">Lima<\/a> a \u00e9t\u00e9 report\u00e9 en raison des \u00e9v\u00e9nements survenus au&nbsp;P\u00e9rou.<\/p>\n<p>La semaine derni\u00e8re, AMLO a qualifi\u00e9 Mme Boluarte \u00ab\u202f<em>d\u2019usurpatrice\u202f\u00bb<\/em>, ce qui a motiv\u00e9 la motion de la Commission.<\/p>\n<p>Lundi, lors de sa conf\u00e9rence de presse quotidienne, le pr\u00e9sident mexicain a d\u00e9clar\u00e9 qu\u2019une telle motion contre lui n\u2019\u00e9tait pas correcte, mais qu\u2019il s\u2019agissait \u00e9galement d\u2019un motif de \u00ab\u202f<em>fiert\u00e9\u202f\u00bb<\/em> venant de la part de politiciens qu\u2019il consid\u00e8re comme ayant invent\u00e9 des crimes pour emprisonner M. Castillo.<\/p>\n<p>La motion approuv\u00e9e par la Commission des relations ext\u00e9rieures du Congr\u00e8s p\u00e9ruvien ne rompt pas les relations diplomatiques avec le Mexique.<\/p>\n<p><strong><a href=\"https:\/\/www.newsendip.com\/fr\/etiquette\/mexique\/\">D\u00e9couvrez plus d\u2019actualit\u00e9s sur le Mexique<\/a><\/strong><\/p>\n","protected":false},"excerpt":{"rendered":"<p>La Commission des relations ext\u00e9rieures du Congr\u00e8s p\u00e9ruvien a d\u00e9clar\u00e9 le pr\u00e9sident mexicain persona non grata au P\u00e9rou apr\u00e8s avoir d\u00e9clar\u00e9 que Dina Boluarte \u00e9tait une usurpatrice.<\/p>\n","protected":false},"author":1,"featured_media":15289,"comment_status":"closed","ping_status":"open","sticky":false,"template":"","format":"standard","meta":{"wp_typography_post_enhancements_disabled":false,"footnotes":""},"categories":[416],"tags":[419,503,421],"class_list":["post-28258","post","type-post","status-publish","format-standard","has-post-thumbnail","hentry","category-politique","tag-mexique","tag-perou","tag-vieux"],"yoast_head":"<!-- This site is optimized with the Yoast SEO Premium plugin v27.4 (Yoast SEO v27.4) - https:\/\/yoast.com\/product\/yoast-seo-premium-wordpress\/ -->\n<title>Le pr\u00e9sident mexicain d\u00e9clar\u00e9 persona non grata au P\u00e9rou par une commission du Congr\u00e8s p\u00e9ruvien<\/title>\n<meta name=\"description\" content=\"La Commission des relations ext\u00e9rieures du Congr\u00e8s p\u00e9ruvien a d\u00e9clar\u00e9 le pr\u00e9sident mexicain persona non grata au P\u00e9rou apr\u00e8s avoir d\u00e9clar\u00e9 que Dina Boluarte \u00e9tait une usurpatrice.\" \/>\n<meta name=\"robots\" content=\"index, follow, max-snippet:-1, max-image-preview:large, max-video-preview:-1\" \/>\n<link rel=\"canonical\" href=\"https:\/\/www.newsendip.com\/fr\/le-president-mexicain-declare-persona-non-grata-au-perou\/\" \/>\n<meta property=\"og:locale\" content=\"fr_FR\" \/>\n<meta property=\"og:type\" content=\"article\" \/>\n<meta property=\"og:title\" content=\"Le pr\u00e9sident mexicain d\u00e9clar\u00e9 persona non grata au P\u00e9rou par une commission du Congr\u00e8s p\u00e9ruvien\" \/>\n<meta property=\"og:description\" content=\"La Commission des relations ext\u00e9rieures du Congr\u00e8s p\u00e9ruvien a d\u00e9clar\u00e9 le pr\u00e9sident mexicain persona non grata au P\u00e9rou apr\u00e8s avoir d\u00e9clar\u00e9 que Dina Boluarte \u00e9tait une usurpatrice.\" \/>\n<meta property=\"og:url\" content=\"https:\/\/www.newsendip.com\/fr\/le-president-mexicain-declare-persona-non-grata-au-perou\/\" \/>\n<meta property=\"og:site_name\" content=\"Newsendip\" \/>\n<meta property=\"article:publisher\" content=\"https:\/\/www.facebook.com\/newsendip\" \/>\n<meta property=\"article:published_time\" content=\"2023-05-23T18:30:36+00:00\" \/>\n<meta property=\"article:modified_time\" content=\"2024-07-18T13:44:40+00:00\" \/>\n<meta property=\"og:image\" content=\"https:\/\/www.newsendip.com\/wp-content\/uploads\/2022\/04\/president-mexico-andres-manuel-lopez-obrador-progressive.jpeg\" \/>\n\t<meta property=\"og:image:width\" content=\"1280\" \/>\n\t<meta property=\"og:image:height\" content=\"851\" \/>\n\t<meta property=\"og:image:type\" content=\"image\/jpeg\" \/>\n<meta name=\"author\" content=\"Cl\u00e9ment V\u00e9rit\u00e9\" \/>\n<meta name=\"twitter:card\" content=\"summary_large_image\" \/>\n<meta name=\"twitter:image\" content=\"https:\/\/www.newsendip.com\/wp-content\/uploads\/2022\/04\/president-mexico-andres-manuel-lopez-obrador-progressive.jpeg\" \/>\n<meta name=\"twitter:creator\" content=\"@https:\/\/twitter.com\/cverite\" \/>\n<meta name=\"twitter:site\" content=\"@newsendip\" \/>\n<meta name=\"twitter:label1\" content=\"\u00c9crit par\" \/>\n\t<meta name=\"twitter:data1\" content=\"Cl\u00e9ment V\u00e9rit\u00e9\" \/>\n\t<meta name=\"twitter:label2\" content=\"Dur\u00e9e de lecture estim\u00e9e\" \/>\n\t<meta name=\"twitter:data2\" content=\"3 minutes\" \/>\n<!-- \/ Yoast SEO Premium plugin. -->","yoast_head_json":{"title":"Le pr\u00e9sident mexicain d\u00e9clar\u00e9 persona non grata au P\u00e9rou par une commission du Congr\u00e8s p\u00e9ruvien","description":"La Commission des relations ext\u00e9rieures du Congr\u00e8s p\u00e9ruvien a d\u00e9clar\u00e9 le pr\u00e9sident mexicain persona non grata au P\u00e9rou apr\u00e8s avoir d\u00e9clar\u00e9 que Dina Boluarte \u00e9tait une usurpatrice.","robots":{"index":"index","follow":"follow","max-snippet":"max-snippet:-1","max-image-preview":"max-image-preview:large","max-video-preview":"max-video-preview:-1"},"canonical":"https:\/\/www.newsendip.com\/fr\/le-president-mexicain-declare-persona-non-grata-au-perou\/","og_locale":"fr_FR","og_type":"article","og_title":"Le pr\u00e9sident mexicain d\u00e9clar\u00e9 persona non grata au P\u00e9rou par une commission du Congr\u00e8s p\u00e9ruvien","og_description":"La Commission des relations ext\u00e9rieures du Congr\u00e8s p\u00e9ruvien a d\u00e9clar\u00e9 le pr\u00e9sident mexicain persona non grata au P\u00e9rou apr\u00e8s avoir d\u00e9clar\u00e9 que Dina Boluarte \u00e9tait une usurpatrice.","og_url":"https:\/\/www.newsendip.com\/fr\/le-president-mexicain-declare-persona-non-grata-au-perou\/","og_site_name":"Newsendip","article_publisher":"https:\/\/www.facebook.com\/newsendip","article_published_time":"2023-05-23T18:30:36+00:00","article_modified_time":"2024-07-18T13:44:40+00:00","og_image":[{"width":1280,"height":851,"url":"https:\/\/www.newsendip.com\/wp-content\/uploads\/2022\/04\/president-mexico-andres-manuel-lopez-obrador-progressive.jpeg","type":"image\/jpeg"}],"author":"Cl\u00e9ment V\u00e9rit\u00e9","twitter_card":"summary_large_image","twitter_image":"https:\/\/www.newsendip.com\/wp-content\/uploads\/2022\/04\/president-mexico-andres-manuel-lopez-obrador-progressive.jpeg","twitter_creator":"@https:\/\/twitter.com\/cverite","twitter_site":"@newsendip","twitter_misc":{"\u00c9crit par":"Cl\u00e9ment V\u00e9rit\u00e9","Dur\u00e9e de lecture estim\u00e9e":"3 minutes"},"schema":{"@context":"https:\/\/schema.org","@graph":[{"@type":"NewsArticle","@id":"https:\/\/www.newsendip.com\/fr\/le-president-mexicain-declare-persona-non-grata-au-perou\/#article","isPartOf":{"@id":"https:\/\/www.newsendip.com\/fr\/le-president-mexicain-declare-persona-non-grata-au-perou\/"},"author":{"name":"Cl\u00e9ment V\u00e9rit\u00e9","@id":"https:\/\/www.newsendip.com\/fr\/#\/schema\/person\/ea22c01755f464a3cbc2c619584d6363"},"headline":"Le pr\u00e9sident mexicain d\u00e9clar\u00e9 persona non grata au P\u00e9rou par une commission du Congr\u00e8s p\u00e9ruvien","datePublished":"2023-05-23T18:30:36+00:00","dateModified":"2024-07-18T13:44:40+00:00","mainEntityOfPage":{"@id":"https:\/\/www.newsendip.com\/fr\/le-president-mexicain-declare-persona-non-grata-au-perou\/"},"wordCount":521,"publisher":{"@id":"https:\/\/www.newsendip.com\/fr\/#organization"},"image":{"@id":"https:\/\/www.newsendip.com\/fr\/le-president-mexicain-declare-persona-non-grata-au-perou\/#primaryimage"},"thumbnailUrl":"https:\/\/www.newsendip.com\/wp-content\/uploads\/2022\/04\/president-mexico-andres-manuel-lopez-obrador.webp","keywords":["Mexique","P\u00e9rou","Vieux"],"articleSection":["Politique"],"inLanguage":"fr-FR","copyrightYear":"2023","copyrightHolder":{"@id":"https:\/\/www.newsendip.com\/#organization"}},{"@type":"WebPage","@id":"https:\/\/www.newsendip.com\/fr\/le-president-mexicain-declare-persona-non-grata-au-perou\/","url":"https:\/\/www.newsendip.com\/fr\/le-president-mexicain-declare-persona-non-grata-au-perou\/","name":"Le pr\u00e9sident mexicain d\u00e9clar\u00e9 persona non grata au P\u00e9rou par une commission du Congr\u00e8s p\u00e9ruvien","isPartOf":{"@id":"https:\/\/www.newsendip.com\/fr\/#website"},"primaryImageOfPage":{"@id":"https:\/\/www.newsendip.com\/fr\/le-president-mexicain-declare-persona-non-grata-au-perou\/#primaryimage"},"image":{"@id":"https:\/\/www.newsendip.com\/fr\/le-president-mexicain-declare-persona-non-grata-au-perou\/#primaryimage"},"thumbnailUrl":"https:\/\/www.newsendip.com\/wp-content\/uploads\/2022\/04\/president-mexico-andres-manuel-lopez-obrador.webp","datePublished":"2023-05-23T18:30:36+00:00","dateModified":"2024-07-18T13:44:40+00:00","description":"La Commission des relations ext\u00e9rieures du Congr\u00e8s p\u00e9ruvien a d\u00e9clar\u00e9 le pr\u00e9sident mexicain persona non grata au P\u00e9rou apr\u00e8s avoir d\u00e9clar\u00e9 que Dina Boluarte \u00e9tait une usurpatrice.","breadcrumb":{"@id":"https:\/\/www.newsendip.com\/fr\/le-president-mexicain-declare-persona-non-grata-au-perou\/#breadcrumb"},"inLanguage":"fr-FR","potentialAction":[{"@type":"ReadAction","target":["https:\/\/www.newsendip.com\/fr\/le-president-mexicain-declare-persona-non-grata-au-perou\/"]}]},{"@type":"ImageObject","inLanguage":"fr-FR","@id":"https:\/\/www.newsendip.com\/fr\/le-president-mexicain-declare-persona-non-grata-au-perou\/#primaryimage","url":"https:\/\/www.newsendip.com\/wp-content\/uploads\/2022\/04\/president-mexico-andres-manuel-lopez-obrador.webp","contentUrl":"https:\/\/www.newsendip.com\/wp-content\/uploads\/2022\/04\/president-mexico-andres-manuel-lopez-obrador.webp","width":1280,"height":851,"caption":"Andr\u00e9s Manuel L\u00f3pez Obrador, Pr\u00e9sident du Mexique"},{"@type":"BreadcrumbList","@id":"https:\/\/www.newsendip.com\/fr\/le-president-mexicain-declare-persona-non-grata-au-perou\/#breadcrumb","itemListElement":[{"@type":"ListItem","position":1,"name":"Accueil","item":"https:\/\/www.newsendip.com\/fr\/"},{"@type":"ListItem","position":2,"name":"Le pr\u00e9sident mexicain d\u00e9clar\u00e9 persona non grata au P\u00e9rou par une commission du Congr\u00e8s p\u00e9ruvien"}]},{"@type":"WebSite","@id":"https:\/\/www.newsendip.com\/fr\/#website","url":"https:\/\/www.newsendip.com\/fr\/","name":"Newsendip","description":"Red\u00e9couvrez l&#039;actualit\u00e9 internationale","publisher":{"@id":"https:\/\/www.newsendip.com\/fr\/#organization"},"potentialAction":[{"@type":"SearchAction","target":{"@type":"EntryPoint","urlTemplate":"https:\/\/www.newsendip.com\/fr\/?s={search_term_string}"},"query-input":{"@type":"PropertyValueSpecification","valueRequired":true,"valueName":"search_term_string"}}],"inLanguage":"fr-FR"},{"@type":"Organization","@id":"https:\/\/www.newsendip.com\/fr\/#organization","name":"Newsendip","url":"https:\/\/www.newsendip.com\/fr\/","logo":{"@type":"ImageObject","inLanguage":"fr-FR","@id":"https:\/\/www.newsendip.com\/fr\/#\/schema\/logo\/image\/","url":"https:\/\/www.newsendip.com\/wp-content\/uploads\/2023\/12\/512x512.svg","contentUrl":"https:\/\/www.newsendip.com\/wp-content\/uploads\/2023\/12\/512x512.svg","width":1,"height":1,"caption":"Newsendip"},"image":{"@id":"https:\/\/www.newsendip.com\/fr\/#\/schema\/logo\/image\/"},"sameAs":["https:\/\/www.facebook.com\/newsendip","https:\/\/x.com\/newsendip","https:\/\/mastodon.social\/@newsendip","https:\/\/www.linkedin.com\/company\/newsendip"],"description":"Newsendip est un site qui a pour mission de rendre l'actualit\u00e9 internationale accessible et diversifi\u00e9e","email":"contact@newsendip.com","legalName":"Newsendip SAS","foundingDate":"2022-11-04","vatID":"FR60921124723","numberOfEmployees":{"@type":"QuantitativeValue","minValue":"1","maxValue":"10"},"publishingPrinciples":"https:\/\/www.newsendip.com\/about-us\/","ownershipFundingInfo":"https:\/\/www.newsendip.com\/legal-notice\/","actionableFeedbackPolicy":"https:\/\/www.newsendip.com\/about-us\/","correctionsPolicy":"https:\/\/www.newsendip.com\/about-us\/","ethicsPolicy":"https:\/\/www.newsendip.com\/about-us\/","diversityPolicy":"https:\/\/www.newsendip.com\/about-us\/"},{"@type":"Person","@id":"https:\/\/www.newsendip.com\/fr\/#\/schema\/person\/ea22c01755f464a3cbc2c619584d6363","name":"Cl\u00e9ment V\u00e9rit\u00e9","description":"Cl\u00e9ment is the executive editor and founder of Newsendip. He started in the media industry as a freelance reporter at 16 for a local French newspaper after school and has never left it. He later worked for seven years at The New York Times, notably as a data analyst. He holds a Master of Management in France and a Master of Arts in the United Kingdom in International Marketing &amp; Communications Strategy. He has lived in France, the United Kingdom, and Italy.","sameAs":["https:\/\/www.newsendip.com\/","https:\/\/www.linkedin.com\/in\/clementverite\/","https:\/\/x.com\/https:\/\/twitter.com\/cverite"],"knowsAbout":["News","International","Business","Media monitoring"],"knowsLanguage":["English","French","Italian","Spanish"],"url":"https:\/\/www.newsendip.com\/fr\/author\/clement-verite\/"}]}},"_links":{"self":[{"href":"https:\/\/www.newsendip.com\/fr\/wp-json\/wp\/v2\/posts\/28258","targetHints":{"allow":["GET"]}}],"collection":[{"href":"https:\/\/www.newsendip.com\/fr\/wp-json\/wp\/v2\/posts"}],"about":[{"href":"https:\/\/www.newsendip.com\/fr\/wp-json\/wp\/v2\/types\/post"}],"author":[{"embeddable":true,"href":"https:\/\/www.newsendip.com\/fr\/wp-json\/wp\/v2\/users\/1"}],"replies":[{"embeddable":true,"href":"https:\/\/www.newsendip.com\/fr\/wp-json\/wp\/v2\/comments?post=28258"}],"version-history":[{"count":0,"href":"https:\/\/www.newsendip.com\/fr\/wp-json\/wp\/v2\/posts\/28258\/revisions"}],"wp:featuredmedia":[{"embeddable":true,"href":"https:\/\/www.newsendip.com\/fr\/wp-json\/wp\/v2\/media\/15289"}],"wp:attachment":[{"href":"https:\/\/www.newsendip.com\/fr\/wp-json\/wp\/v2\/media?parent=28258"}],"wp:term":[{"taxonomy":"category","embeddable":true,"href":"https:\/\/www.newsendip.com\/fr\/wp-json\/wp\/v2\/categories?post=28258"},{"taxonomy":"post_tag","embeddable":true,"href":"https:\/\/www.newsendip.com\/fr\/wp-json\/wp\/v2\/tags?post=28258"}],"curies":[{"name":"wp","href":"https:\/\/api.w.org\/{rel}","templated":true}]}}