{"id":28291,"date":"2023-05-25T00:29:55","date_gmt":"2023-05-24T22:29:55","guid":{"rendered":"https:\/\/www.newsendip.com\/?p=28291"},"modified":"2024-07-18T15:44:31","modified_gmt":"2024-07-18T13:44:31","slug":"pour-la-cour-constitutionnelle-turque-les-amendes-du-covid-19-sont-remboursables","status":"publish","type":"post","link":"https:\/\/www.newsendip.com\/fr\/pour-la-cour-constitutionnelle-turque-les-amendes-du-covid-19-sont-remboursables\/","title":{"rendered":"Pour la Cour constitutionnelle turque, les amendes du Covid-19 sont remboursables"},"content":{"rendered":"<p><strong>La Cour constitutionnelle de Turquie a statu\u00e9 que les amendes appliqu\u00e9es aux personnes qui avaient enfreint les mesures de lutte contre la pand\u00e9mie de Covid-19 devaient \u00eatre remboursables. Les autorit\u00e9s ont pris la plupart des d\u00e9cisions sans adapter la l\u00e9gislation correctement.<br>\n<\/strong><\/p>\n<figure id=\"attachment_28285\" aria-describedby=\"caption-attachment-28285\" style=\"width: 1024px\" class=\"wp-caption aligncenter\"><img decoding=\"async\" class=\"wp-image-28285 size-large\" src=\"https:\/\/www.newsendip.com\/wp-content\/uploads\/2023\/05\/istanbul-turkey-1024x706.webp\" alt=\"Istanbul | \u00a9 Damla \u00d6zkan\" width=\"1024\" height=\"706\" srcset=\"https:\/\/www.newsendip.com\/wp-content\/uploads\/2023\/05\/istanbul-turkey-1024x706.webp 1024w, https:\/\/www.newsendip.com\/wp-content\/uploads\/2023\/05\/istanbul-turkey-60x41.webp 60w, https:\/\/www.newsendip.com\/wp-content\/uploads\/2023\/05\/istanbul-turkey-300x207.webp 300w, https:\/\/www.newsendip.com\/wp-content\/uploads\/2023\/05\/istanbul-turkey-768x530.webp 768w, https:\/\/www.newsendip.com\/wp-content\/uploads\/2023\/05\/istanbul-turkey-1536x1059.webp 1536w, https:\/\/www.newsendip.com\/wp-content\/uploads\/2023\/05\/istanbul-turkey.webp 1920w\" sizes=\"(max-width: 1024px) 100vw, 1024px\"><figcaption id=\"caption-attachment-28285\" class=\"wp-caption-text\">Istanbul | \u00a9 Damla&nbsp;\u00d6zkan<\/figcaption><\/figure>\n<p>La Cour constitutionnelle de <a href=\"https:\/\/www.newsendip.com\/fr\/etiquette\/turquie\/\">Turquie<\/a> a ouvert la voie au remboursement des amendes per\u00e7ues aupr\u00e8s des citoyens pendant la pand\u00e9mie de Covid-19.<\/p>\n<p>Le 4 mai, la plus haute juridiction turque a jug\u00e9 qu\u2019il \u00e9tait <a href=\"https:\/\/www.newsendip.com\/fr\/lextension-de-lobligation-vaccinale-contre-le-covid-19-pour-les-soignants-en-grece-juge-inconstitutionnel-par-manque-de-reevaluation\/\">anticonstitutionnel<\/a> que les amendes d\u00e9j\u00e0 per\u00e7ues ne soient pas remboursables.<\/p>\n<p>Lorsque les premiers cas de Covid-19 sont apparus en Turquie en mars 2020, le pays a rapidement impos\u00e9 des restrictions pour lutter contre la propagation de la maladie.<\/p>\n<p>Comme de nombreux pays dans le monde, la Turquie a adopt\u00e9 des r\u00e8gles de <a href=\"https:\/\/www.newsendip.com\/fr\/une-confiance-dans-ses-dirigeants-facteur-cle-de-la-norvege-dans-la-gestion-de-la-pandemie-de-covid-19\/\">distanciation sociale<\/a>, un couvre-feu ou encore l\u2019obligation de porter un masque chirurgical. Les autorit\u00e9s ont \u00e9galement inflig\u00e9 des amendes allant de 392 \u00e0 3 180 lires (55 \u00e0 450 euros en mars 2020) en cas de non-respect des r\u00e8gles.<\/p>\n<p>Mais ces r\u00e8gles n\u2019\u00e9taient en fait pas des lois. Comme l\u2019avait d\u00e9nonc\u00e9 l\u2019<a href=\"https:\/\/m.bianet.org\/bianet\/human-rights\/228927-turkey-s-covid-19-measures-fines-not-in-accordance-with-laws\">Association des droits de l\u2019homme<\/a> (\u0130HD), ces mesures prises par le gouvernement en raison de la pand\u00e9mie de coronavirus n\u2019avaient pas de base juridique.<\/p>\n<p>La Turquie a mis en \u0153uvre les restrictions par le biais de circulaires pr\u00e9sidentielles dans le cadre de la loi sur la sant\u00e9 publique d\u00e9j\u00e0 existante. Les autorit\u00e9s publiaient les informations sur le site du minist\u00e8re de l\u2019int\u00e9rieur, mais aucune loi n\u2019\u00e9tait publi\u00e9e au Journal officiel.<\/p>\n<p>La Turquie a mis en place un couvre-feu entre mars et juillet 2020 sans d\u00e9clarer d\u2019\u00e9tat d\u2019urgence, par exemple.<\/p>\n<p>La l\u00e9gislation relative \u00e0 la lutte contre la pand\u00e9mie de Covid-19 n\u2019est officiellement entr\u00e9e en vigueur qu\u2019en novembre 2022.<\/p>\n<p>Par cons\u00e9quent, le minist\u00e8re des finances a annul\u00e9 toutes les amendes appliqu\u00e9es entre mars 2020 et novembre 2022. Mais seulement pour celles qui n\u2019avaient pas encore \u00e9t\u00e9 collect\u00e9es.<\/p>\n<p>Certaines personnes contestaient la sanction, d\u2019autres n\u2019avaient pas \u00e9t\u00e9 inform\u00e9es qu\u2019elles avaient re\u00e7u une amende ou le processus administratif \u00e9tait trop long, de sorte que l\u2019amende n\u2019\u00e9tait pas encore per\u00e7ue lorsqu\u2019elle fut annul\u00e9e.<\/p>\n<p>Toutefois, les autorit\u00e9s inclu\u00e8rent dans la loi que toutes les amendes d\u00e9j\u00e0 per\u00e7ues n\u2019\u00e9taient pas remboursables.<\/p>\n<p>Mais pour la Cour constitutionnelle, une telle disposition de la loi constitue une \u00ab\u202f<em>violation du principe d\u2019\u00e9galit\u00e9\u202f\u00bb<\/em> et est donc annul\u00e9e, selon <a href=\"https:\/\/www.anayasa.gov.tr\/tr\/haberler\/norm-denetimi-basin-duyurulari\/covid-19-kapsaminda-tahsil-edilmis-olan-idari-para-cezalarinin-iade-edilmemesini-ongoren-kuralin-esitlik-ilkesine-aykiri-oldugu-gerekcesiyle-iptali\/\">son communiqu\u00e9<\/a> publi\u00e9 le 24&nbsp;mai.<\/p>\n<p>En janvier dernier, la Cour constitutionnelle avait jug\u00e9 en faveur d\u2019un homme condamn\u00e9 \u00e0 une amende de 3 180 lires en mai 2020 parce que le couvre-feu impos\u00e9 n\u2019avait pas la base juridique suffisante.<\/p>\n","protected":false},"excerpt":{"rendered":"<p>La Cour constitutionnelle de Turquie a statu\u00e9 que les amendes appliqu\u00e9es aux personnes enfreignant les mesures de lutte contre la pand\u00e9mie de Covid-19 devaient \u00eatre remboursables. Les autorit\u00e9s ont pris la plupart des d\u00e9cisions sans adapter la l\u00e9gislation correctement.<\/p>\n","protected":false},"author":1,"featured_media":28285,"comment_status":"closed","ping_status":"open","sticky":false,"template":"","format":"standard","meta":{"wp_typography_post_enhancements_disabled":false,"footnotes":""},"categories":[409],"tags":[517,421],"class_list":["post-28291","post","type-post","status-publish","format-standard","has-post-thumbnail","hentry","category-societe","tag-turquie","tag-vieux"],"yoast_head":"<!-- This site is optimized with the Yoast SEO Premium plugin v27.4 (Yoast SEO v27.4) - https:\/\/yoast.com\/product\/yoast-seo-premium-wordpress\/ -->\n<title>Pour la Cour constitutionnelle turque, les amendes du Covid-19 sont remboursables<\/title>\n<meta name=\"description\" content=\"La Cour constitutionnelle de Turquie a statu\u00e9 que les amendes appliqu\u00e9es aux personnes enfreignant les mesures de lutte contre la pand\u00e9mie de Covid-19 devaient \u00eatre remboursables. Les autorit\u00e9s ont pris la plupart des d\u00e9cisions sans adapter la l\u00e9gislation correctement.\" \/>\n<meta name=\"robots\" content=\"index, follow, max-snippet:-1, max-image-preview:large, max-video-preview:-1\" \/>\n<link rel=\"canonical\" href=\"https:\/\/www.newsendip.com\/fr\/pour-la-cour-constitutionnelle-turque-les-amendes-du-covid-19-sont-remboursables\/\" \/>\n<meta property=\"og:locale\" content=\"fr_FR\" \/>\n<meta property=\"og:type\" content=\"article\" \/>\n<meta property=\"og:title\" content=\"Pour la Cour constitutionnelle turque, les amendes du Covid-19 sont remboursables\" \/>\n<meta property=\"og:description\" content=\"La Cour constitutionnelle de Turquie a statu\u00e9 que les amendes appliqu\u00e9es aux personnes enfreignant les mesures de lutte contre la pand\u00e9mie de Covid-19 devaient \u00eatre remboursables. Les autorit\u00e9s ont pris la plupart des d\u00e9cisions sans adapter la l\u00e9gislation correctement.\" \/>\n<meta property=\"og:url\" content=\"https:\/\/www.newsendip.com\/fr\/pour-la-cour-constitutionnelle-turque-les-amendes-du-covid-19-sont-remboursables\/\" \/>\n<meta property=\"og:site_name\" content=\"Newsendip\" \/>\n<meta property=\"article:publisher\" content=\"https:\/\/www.facebook.com\/newsendip\" \/>\n<meta property=\"article:published_time\" content=\"2023-05-24T22:29:55+00:00\" \/>\n<meta property=\"article:modified_time\" content=\"2024-07-18T13:44:31+00:00\" \/>\n<meta property=\"og:image\" content=\"https:\/\/www.newsendip.com\/wp-content\/uploads\/2023\/05\/istanbul-turkey.jpeg\" \/>\n\t<meta property=\"og:image:width\" content=\"1920\" \/>\n\t<meta property=\"og:image:height\" content=\"1324\" \/>\n\t<meta property=\"og:image:type\" content=\"image\/jpeg\" \/>\n<meta name=\"author\" content=\"Cl\u00e9ment V\u00e9rit\u00e9\" \/>\n<meta name=\"twitter:card\" content=\"summary_large_image\" \/>\n<meta name=\"twitter:image\" content=\"https:\/\/www.newsendip.com\/wp-content\/uploads\/2023\/05\/istanbul-turkey.jpeg\" \/>\n<meta name=\"twitter:creator\" content=\"@https:\/\/twitter.com\/cverite\" \/>\n<meta name=\"twitter:site\" content=\"@newsendip\" \/>\n<meta name=\"twitter:label1\" content=\"\u00c9crit par\" \/>\n\t<meta name=\"twitter:data1\" content=\"Cl\u00e9ment V\u00e9rit\u00e9\" \/>\n\t<meta name=\"twitter:label2\" content=\"Dur\u00e9e de lecture estim\u00e9e\" \/>\n\t<meta name=\"twitter:data2\" content=\"3 minutes\" \/>\n<!-- \/ Yoast SEO Premium plugin. -->","yoast_head_json":{"title":"Pour la Cour constitutionnelle turque, les amendes du Covid-19 sont remboursables","description":"La Cour constitutionnelle de Turquie a statu\u00e9 que les amendes appliqu\u00e9es aux personnes enfreignant les mesures de lutte contre la pand\u00e9mie de Covid-19 devaient \u00eatre remboursables. Les autorit\u00e9s ont pris la plupart des d\u00e9cisions sans adapter la l\u00e9gislation correctement.","robots":{"index":"index","follow":"follow","max-snippet":"max-snippet:-1","max-image-preview":"max-image-preview:large","max-video-preview":"max-video-preview:-1"},"canonical":"https:\/\/www.newsendip.com\/fr\/pour-la-cour-constitutionnelle-turque-les-amendes-du-covid-19-sont-remboursables\/","og_locale":"fr_FR","og_type":"article","og_title":"Pour la Cour constitutionnelle turque, les amendes du Covid-19 sont remboursables","og_description":"La Cour constitutionnelle de Turquie a statu\u00e9 que les amendes appliqu\u00e9es aux personnes enfreignant les mesures de lutte contre la pand\u00e9mie de Covid-19 devaient \u00eatre remboursables. Les autorit\u00e9s ont pris la plupart des d\u00e9cisions sans adapter la l\u00e9gislation correctement.","og_url":"https:\/\/www.newsendip.com\/fr\/pour-la-cour-constitutionnelle-turque-les-amendes-du-covid-19-sont-remboursables\/","og_site_name":"Newsendip","article_publisher":"https:\/\/www.facebook.com\/newsendip","article_published_time":"2023-05-24T22:29:55+00:00","article_modified_time":"2024-07-18T13:44:31+00:00","og_image":[{"width":1920,"height":1324,"url":"https:\/\/www.newsendip.com\/wp-content\/uploads\/2023\/05\/istanbul-turkey.jpeg","type":"image\/jpeg"}],"author":"Cl\u00e9ment V\u00e9rit\u00e9","twitter_card":"summary_large_image","twitter_image":"https:\/\/www.newsendip.com\/wp-content\/uploads\/2023\/05\/istanbul-turkey.jpeg","twitter_creator":"@https:\/\/twitter.com\/cverite","twitter_site":"@newsendip","twitter_misc":{"\u00c9crit par":"Cl\u00e9ment V\u00e9rit\u00e9","Dur\u00e9e de lecture estim\u00e9e":"3 minutes"},"schema":{"@context":"https:\/\/schema.org","@graph":[{"@type":"NewsArticle","@id":"https:\/\/www.newsendip.com\/fr\/pour-la-cour-constitutionnelle-turque-les-amendes-du-covid-19-sont-remboursables\/#article","isPartOf":{"@id":"https:\/\/www.newsendip.com\/fr\/pour-la-cour-constitutionnelle-turque-les-amendes-du-covid-19-sont-remboursables\/"},"author":{"name":"Cl\u00e9ment V\u00e9rit\u00e9","@id":"https:\/\/www.newsendip.com\/fr\/#\/schema\/person\/ea22c01755f464a3cbc2c619584d6363"},"headline":"Pour la Cour constitutionnelle turque, les amendes du Covid-19 sont remboursables","datePublished":"2023-05-24T22:29:55+00:00","dateModified":"2024-07-18T13:44:31+00:00","mainEntityOfPage":{"@id":"https:\/\/www.newsendip.com\/fr\/pour-la-cour-constitutionnelle-turque-les-amendes-du-covid-19-sont-remboursables\/"},"wordCount":489,"publisher":{"@id":"https:\/\/www.newsendip.com\/fr\/#organization"},"image":{"@id":"https:\/\/www.newsendip.com\/fr\/pour-la-cour-constitutionnelle-turque-les-amendes-du-covid-19-sont-remboursables\/#primaryimage"},"thumbnailUrl":"https:\/\/www.newsendip.com\/wp-content\/uploads\/2023\/05\/istanbul-turkey.webp","keywords":["Turquie","Vieux"],"articleSection":["Soci\u00e9t\u00e9"],"inLanguage":"fr-FR","copyrightYear":"2023","copyrightHolder":{"@id":"https:\/\/www.newsendip.com\/#organization"}},{"@type":"WebPage","@id":"https:\/\/www.newsendip.com\/fr\/pour-la-cour-constitutionnelle-turque-les-amendes-du-covid-19-sont-remboursables\/","url":"https:\/\/www.newsendip.com\/fr\/pour-la-cour-constitutionnelle-turque-les-amendes-du-covid-19-sont-remboursables\/","name":"Pour la Cour constitutionnelle turque, les amendes du Covid-19 sont remboursables","isPartOf":{"@id":"https:\/\/www.newsendip.com\/fr\/#website"},"primaryImageOfPage":{"@id":"https:\/\/www.newsendip.com\/fr\/pour-la-cour-constitutionnelle-turque-les-amendes-du-covid-19-sont-remboursables\/#primaryimage"},"image":{"@id":"https:\/\/www.newsendip.com\/fr\/pour-la-cour-constitutionnelle-turque-les-amendes-du-covid-19-sont-remboursables\/#primaryimage"},"thumbnailUrl":"https:\/\/www.newsendip.com\/wp-content\/uploads\/2023\/05\/istanbul-turkey.webp","datePublished":"2023-05-24T22:29:55+00:00","dateModified":"2024-07-18T13:44:31+00:00","description":"La Cour constitutionnelle de Turquie a statu\u00e9 que les amendes appliqu\u00e9es aux personnes enfreignant les mesures de lutte contre la pand\u00e9mie de Covid-19 devaient \u00eatre remboursables. Les autorit\u00e9s ont pris la plupart des d\u00e9cisions sans adapter la l\u00e9gislation correctement.","breadcrumb":{"@id":"https:\/\/www.newsendip.com\/fr\/pour-la-cour-constitutionnelle-turque-les-amendes-du-covid-19-sont-remboursables\/#breadcrumb"},"inLanguage":"fr-FR","potentialAction":[{"@type":"ReadAction","target":["https:\/\/www.newsendip.com\/fr\/pour-la-cour-constitutionnelle-turque-les-amendes-du-covid-19-sont-remboursables\/"]}]},{"@type":"ImageObject","inLanguage":"fr-FR","@id":"https:\/\/www.newsendip.com\/fr\/pour-la-cour-constitutionnelle-turque-les-amendes-du-covid-19-sont-remboursables\/#primaryimage","url":"https:\/\/www.newsendip.com\/wp-content\/uploads\/2023\/05\/istanbul-turkey.webp","contentUrl":"https:\/\/www.newsendip.com\/wp-content\/uploads\/2023\/05\/istanbul-turkey.webp","width":1920,"height":1324,"caption":"Istanbul | \u00a9 Damla \u00d6zkan"},{"@type":"BreadcrumbList","@id":"https:\/\/www.newsendip.com\/fr\/pour-la-cour-constitutionnelle-turque-les-amendes-du-covid-19-sont-remboursables\/#breadcrumb","itemListElement":[{"@type":"ListItem","position":1,"name":"Accueil","item":"https:\/\/www.newsendip.com\/fr\/"},{"@type":"ListItem","position":2,"name":"Pour la Cour constitutionnelle turque, les amendes du Covid-19 sont remboursables"}]},{"@type":"WebSite","@id":"https:\/\/www.newsendip.com\/fr\/#website","url":"https:\/\/www.newsendip.com\/fr\/","name":"Newsendip","description":"Red\u00e9couvrez l&#039;actualit\u00e9 internationale","publisher":{"@id":"https:\/\/www.newsendip.com\/fr\/#organization"},"potentialAction":[{"@type":"SearchAction","target":{"@type":"EntryPoint","urlTemplate":"https:\/\/www.newsendip.com\/fr\/?s={search_term_string}"},"query-input":{"@type":"PropertyValueSpecification","valueRequired":true,"valueName":"search_term_string"}}],"inLanguage":"fr-FR"},{"@type":"Organization","@id":"https:\/\/www.newsendip.com\/fr\/#organization","name":"Newsendip","url":"https:\/\/www.newsendip.com\/fr\/","logo":{"@type":"ImageObject","inLanguage":"fr-FR","@id":"https:\/\/www.newsendip.com\/fr\/#\/schema\/logo\/image\/","url":"https:\/\/www.newsendip.com\/wp-content\/uploads\/2023\/12\/512x512.svg","contentUrl":"https:\/\/www.newsendip.com\/wp-content\/uploads\/2023\/12\/512x512.svg","width":1,"height":1,"caption":"Newsendip"},"image":{"@id":"https:\/\/www.newsendip.com\/fr\/#\/schema\/logo\/image\/"},"sameAs":["https:\/\/www.facebook.com\/newsendip","https:\/\/x.com\/newsendip","https:\/\/mastodon.social\/@newsendip","https:\/\/www.linkedin.com\/company\/newsendip"],"description":"Newsendip est un site qui a pour mission de rendre l'actualit\u00e9 internationale accessible et diversifi\u00e9e","email":"contact@newsendip.com","legalName":"Newsendip SAS","foundingDate":"2022-11-04","vatID":"FR60921124723","numberOfEmployees":{"@type":"QuantitativeValue","minValue":"1","maxValue":"10"},"publishingPrinciples":"https:\/\/www.newsendip.com\/about-us\/","ownershipFundingInfo":"https:\/\/www.newsendip.com\/legal-notice\/","actionableFeedbackPolicy":"https:\/\/www.newsendip.com\/about-us\/","correctionsPolicy":"https:\/\/www.newsendip.com\/about-us\/","ethicsPolicy":"https:\/\/www.newsendip.com\/about-us\/","diversityPolicy":"https:\/\/www.newsendip.com\/about-us\/"},{"@type":"Person","@id":"https:\/\/www.newsendip.com\/fr\/#\/schema\/person\/ea22c01755f464a3cbc2c619584d6363","name":"Cl\u00e9ment V\u00e9rit\u00e9","description":"Cl\u00e9ment is the executive editor and founder of Newsendip. He started in the media industry as a freelance reporter at 16 for a local French newspaper after school and has never left it. He later worked for seven years at The New York Times, notably as a data analyst. He holds a Master of Management in France and a Master of Arts in the United Kingdom in International Marketing &amp; Communications Strategy. He has lived in France, the United Kingdom, and Italy.","sameAs":["https:\/\/www.newsendip.com\/","https:\/\/www.linkedin.com\/in\/clementverite\/","https:\/\/x.com\/https:\/\/twitter.com\/cverite"],"knowsAbout":["News","International","Business","Media monitoring"],"knowsLanguage":["English","French","Italian","Spanish"],"url":"https:\/\/www.newsendip.com\/fr\/author\/clement-verite\/"}]}},"_links":{"self":[{"href":"https:\/\/www.newsendip.com\/fr\/wp-json\/wp\/v2\/posts\/28291","targetHints":{"allow":["GET"]}}],"collection":[{"href":"https:\/\/www.newsendip.com\/fr\/wp-json\/wp\/v2\/posts"}],"about":[{"href":"https:\/\/www.newsendip.com\/fr\/wp-json\/wp\/v2\/types\/post"}],"author":[{"embeddable":true,"href":"https:\/\/www.newsendip.com\/fr\/wp-json\/wp\/v2\/users\/1"}],"replies":[{"embeddable":true,"href":"https:\/\/www.newsendip.com\/fr\/wp-json\/wp\/v2\/comments?post=28291"}],"version-history":[{"count":0,"href":"https:\/\/www.newsendip.com\/fr\/wp-json\/wp\/v2\/posts\/28291\/revisions"}],"wp:featuredmedia":[{"embeddable":true,"href":"https:\/\/www.newsendip.com\/fr\/wp-json\/wp\/v2\/media\/28285"}],"wp:attachment":[{"href":"https:\/\/www.newsendip.com\/fr\/wp-json\/wp\/v2\/media?parent=28291"}],"wp:term":[{"taxonomy":"category","embeddable":true,"href":"https:\/\/www.newsendip.com\/fr\/wp-json\/wp\/v2\/categories?post=28291"},{"taxonomy":"post_tag","embeddable":true,"href":"https:\/\/www.newsendip.com\/fr\/wp-json\/wp\/v2\/tags?post=28291"}],"curies":[{"name":"wp","href":"https:\/\/api.w.org\/{rel}","templated":true}]}}