{"id":28348,"date":"2023-05-29T20:20:00","date_gmt":"2023-05-29T18:20:00","guid":{"rendered":"https:\/\/www.newsendip.com\/?p=28348"},"modified":"2024-07-18T15:44:24","modified_gmt":"2024-07-18T13:44:24","slug":"en-israel-le-gouvernement-met-la-responsabilite-de-la-hausse-des-prix-sur-les-monopoles","status":"publish","type":"post","link":"https:\/\/www.newsendip.com\/fr\/en-israel-le-gouvernement-met-la-responsabilite-de-la-hausse-des-prix-sur-les-monopoles\/","title":{"rendered":"En Isra\u00ebl, le gouvernement met la responsabilit\u00e9 de la hausse des prix sur les monopoles"},"content":{"rendered":"<p><strong>En Isra\u00ebl, le gouvernement veut s\u00e9vir contre les entreprises avec des positions monopolistiques qui, comme Coca-Cola, seraient responsables de la hausse des prix dans le&nbsp;pays.<br>\n<\/strong><\/p>\n<figure id=\"attachment_28346\" aria-describedby=\"caption-attachment-28346\" style=\"width: 1024px\" class=\"wp-caption aligncenter\"><img decoding=\"async\" class=\"wp-image-28346 size-large\" src=\"https:\/\/www.newsendip.com\/wp-content\/uploads\/2023\/05\/food-price-israel-1024x683.webp\" alt=\"Nourriture Isra\u00ebl\" width=\"1024\" height=\"683\" srcset=\"https:\/\/www.newsendip.com\/wp-content\/uploads\/2023\/05\/food-price-israel-1024x683.webp 1024w, https:\/\/www.newsendip.com\/wp-content\/uploads\/2023\/05\/food-price-israel-60x40.webp 60w, https:\/\/www.newsendip.com\/wp-content\/uploads\/2023\/05\/food-price-israel-720x480.webp 720w, https:\/\/www.newsendip.com\/wp-content\/uploads\/2023\/05\/food-price-israel-300x200.webp 300w, https:\/\/www.newsendip.com\/wp-content\/uploads\/2023\/05\/food-price-israel-768x512.webp 768w, https:\/\/www.newsendip.com\/wp-content\/uploads\/2023\/05\/food-price-israel-1536x1024.webp 1536w, https:\/\/www.newsendip.com\/wp-content\/uploads\/2023\/05\/food-price-israel.webp 1920w\" sizes=\"(max-width: 1024px) 100vw, 1024px\"><figcaption id=\"caption-attachment-28346\" class=\"wp-caption-text\">March\u00e9 \u00e0 Tel Aviv. Illustration | \u00a9 bec&nbsp;s.<\/figcaption><\/figure>\n<p>Dimanche, le Premier ministre Benjamin Netanyahu a annonc\u00e9 qu\u2019il allait former une \u00e9quipe pour s\u2019attaquer au co\u00fbt de la vie, apr\u00e8s des critiques selon lesquelles le gouvernement aurait n\u00e9glig\u00e9 la hausse des prix au profit de ses r\u00e9formes judiciaires controvers\u00e9es.<\/p>\n<p>L\u2019indice des prix \u00e0 la consommation dans le pays est sup\u00e9rieur \u00e0 la fourchette cible de 5\u202f% depuis plusieurs mois. La Banque d\u2019Isra\u00ebl augmente r\u00e9guli\u00e8rement le taux d\u2019int\u00e9r\u00eat pour limiter l\u2019inflation.<\/p>\n<p>Peu de d\u00e9tails ont \u00e9t\u00e9 donn\u00e9s sur le groupe charg\u00e9 de lutter contre l\u2019inflation, si ce n\u2019est qu\u2019il impliquera les ministres des finances et de <a href=\"https:\/\/www.newsendip.com\/fr\/economie\/\">l\u2019\u00e9conomie<\/a>.<\/p>\n<p>Et Nir Barkat, le ministre de l\u2019\u00e9conomie, r\u00e9p\u00e8te qu\u2019il est en \u00ab\u202f<em>guerre contre les monopoles et les cartels\u202f\u00bb<\/em> (dans le sens oligopole). Il envisage de pr\u00e9senter un projet de loi pour obliger les entreprises priv\u00e9es dont le chiffre d\u2019affaires d\u00e9passe 300 millions de shekels isra\u00e9liens (75 millions d\u2019euros) \u00e0 publier les bilans financiers de leurs produits ayant des grosses parts de march\u00e9 selon <a href=\"https:\/\/www.inn.co.il\/news\/602873\">Arutz Sheva<\/a>, un m\u00e9dia proche de l\u2019ultra-orthodoxie.<\/p>\n<p>L\u2019objectif est alors de savoir comment les prix des produits sont fix\u00e9s et si les entreprises g\u00e9n\u00e8rent des profits excessifs sur les ventes.<\/p>\n<p>Face \u00e0 l\u2019<a href=\"https:\/\/www.newsendip.com\/fr\/penurie-hors-de-prix-importations-illegales-les-oignons-symbole-de-linflation-aux-philippines\/\">inflation<\/a>, le ministre affirme que les march\u00e9s isra\u00e9liens ont souffert de \u00ab\u202f<em>monopoles et de cartels enracin\u00e9s depuis des d\u00e9cennies\u202f\u00bb<\/em>. Il vise \u00e0 renforcer la concurrence pour faire baisser les prix et menace les entreprises de poursuites p\u00e9nales avec cette loi si elles ne se conforment pas aux demandes d\u2019informations.<\/p>\n<p>Ce projet de loi vient apr\u00e8s que les autorit\u00e9s n\u2019ont pas re\u00e7u les donn\u00e9es financi\u00e8res des g\u00e9ants de l\u2019agroalimentaire sur leurs produits.<\/p>\n<p>Le ministre avait commenc\u00e9 par cibler <a href=\"https:\/\/www.newsendip.com\/fr\/oreo-dr-pepper-doritos-le-mexique-saisit-des-milliers-de-produits-a-cause-de-leur-packaging\/\">Coca-Cola<\/a> en demandant \u00e0 la Central Beverage Company, un important producteur et distributeur isra\u00e9lien de boissons gazeuses, de produits laitiers et de boissons alcoolis\u00e9es qui d\u00e9tient la franchise Coca-Cola en Isra\u00ebl, de remettre aux autorit\u00e9s leurs bilans financiers sur leur rentabilit\u00e9. Cette annonce fut faite apr\u00e8s que Coca-Cola Isra\u00ebl a annonc\u00e9 une augmentation des prix de pr\u00e8s de&nbsp;7\u202f%.<\/p>\n<p>Pourtant, en mars, le ministre des finances Bezalel Smotrich venait de signer une directive visant \u00e0 annuler une taxe sur les boissons sucr\u00e9es mise en place r\u00e9cemment. Il avait alors d\u00e9clar\u00e9 que cette mesure constituerait \u00ab\u202f<em>une r\u00e9duction significative du panier de courses\u202f\u00bb<\/em>. Les Isra\u00e9liens ultra-orthodoxes, qui ont tendance \u00e0 avoir des familles nombreuses et sont de grands consommateurs de boissons sucr\u00e9es, estimaient qu\u2019ils \u00e9taient particuli\u00e8rement vis\u00e9s par la taxe introduite par le gouvernement pr\u00e9c\u00e9dent, selon le <a href=\"https:\/\/www.timesofisrael.com\/finance-minister-cancels-tax-on-sweetened-drinks-doctors-slam-move-as-irresponsible\/\">Times of Israel<\/a>.<\/p>\n<p>D\u00e9but mai, Yonatan Bezalel, le contr\u00f4leur des prix du minist\u00e8re de l\u2019\u00e9conomie et de l\u2019industrie, a d\u00e9nonc\u00e9 \u00ab\u202f<em>un monopole sur le march\u00e9 des boissons au cola\u202f\u00bb<\/em> et a demand\u00e9 \u00e0 l\u2019entreprise de fournir des informations financi\u00e8res d\u00e9taill\u00e9es, allant des quantit\u00e9s vendues et des b\u00e9n\u00e9fices op\u00e9rationnels jusqu\u2019aux bilans financiers audit\u00e9s des derni\u00e8res ann\u00e9es.<\/p>\n<p>La demande fut justifi\u00e9e par l\u2019intention des autorit\u00e9s d\u2019\u00e9tudier la n\u00e9cessit\u00e9 de contr\u00f4ler les prix des produits de l\u2019entreprise.<\/p>\n<p>En Isra\u00ebl, les prix de certains produits alimentaires de base, comme <a href=\"https:\/\/www.newsendip.com\/fr\/legypte-controle-le-prix-du-pain-non-subventionne-pendant-3-mois\/\">le pain<\/a> et le lait, sont contr\u00f4l\u00e9s par l\u2019Etat. Mais le Coca-Cola n\u2019est \u00e9videmment pas un produit de premi\u00e8re n\u00e9cessit\u00e9.<\/p>\n<p>La semaine derni\u00e8re, les autorit\u00e9s sont all\u00e9es plus loin et ont demand\u00e9 \u00e0 15 g\u00e9ants de l\u2019alimentation de leur transmettre leurs bilans et d\u2019y d\u00e9tailler les co\u00fbts op\u00e9rationnels et les b\u00e9n\u00e9fices. Mais les acteurs de l\u2019industrie ont fait valoir que cette demande \u00e9tait ill\u00e9gale.<\/p>\n<p>Dimanche, le site d\u2019actualit\u00e9 <a href=\"https:\/\/news.walla.co.il\/item\/3582186\">Wallah<\/a> a rapport\u00e9 que la Central Beverage Company a \u00e9t\u00e9 la premi\u00e8re \u00e0 r\u00e9pondre qu\u2019elle n\u2019avait pas envoy\u00e9 d\u2019informations financi\u00e8res, affirmant que la demande \u00e9tait ill\u00e9gale et d\u00e9passait l\u2019autorit\u00e9 du minist\u00e8re. La Central Beverage Company est une entreprise priv\u00e9e qui n\u2019est pas tenue de publier ses donn\u00e9es financi\u00e8res.<\/p>\n<p>Pour l\u2019<a href=\"https:\/\/www.facebook.com\/Manufactures.Association.of.Israel\/posts\/pfbid02EZ9HzNknaESm7foyRfr7YHPZqsdEgDZZDg3JuLJXXVuhnUP3b7Ue57VcqCfD8ohyl\">Association des Industriels d\u2019Isra\u00ebl<\/a>, \u00ab\u202f<em>le monopole le plus pr\u00e9dateur en Isra\u00ebl est le gouvernement isra\u00e9lien. Contrairement \u00e0 tous les autres pays du monde, le gouvernement isra\u00e9lien rend non seulement difficile le commerce, mais il augmente constamment les prix des logements, des voitures, du carburant, de l\u2019\u00e9lectricit\u00e9, de l\u2019eau, des taxes fonci\u00e8res, des produits et des services en Isra\u00ebl\u202f\u00bb<\/em>, a <a href=\"https:\/\/www.facebook.com\/Manufactures.Association.of.Israel\/posts\/pfbid02EZ9HzNknaESm7foyRfr7YHPZqsdEgDZZDg3JuLJXXVuhnUP3b7Ue57VcqCfD8ohyl\">d\u00e9clar\u00e9 l\u2019organisme repr\u00e9sentant les industries du pays<\/a> le 21&nbsp;mai.<\/p>\n<p>Dimanche, M. Barkat a \u00e9galement soumis \u00e0 la Knesset, le Parlement isra\u00eblien, un projet de loi visant \u00e0 r\u00e9duire le portefeuille des importateurs et ainsi leur pouvoir de n\u00e9gociation, estimant que les fournisseurs ont trop de pouvoir et dictent les prix. Ce projet reprend son id\u00e9e de janvier visant \u00e0 obliger les grands importateurs \u00e0 ne pouvoir importer des produits qu\u2019aupr\u00e8s d\u2019une seule grande entreprise.<\/p>\n<p>Le minist\u00e8re de l\u2019\u00e9conomie a \u00e9galement lanc\u00e9 un programme de communication intitul\u00e9 \u00ab\u202f<a href=\"https:\/\/www.gov.il\/he\/departments\/news\/economy-news-290523-sal\">Pas fid\u00e8le \u00e0 la marque \u2013 fid\u00e8le au prix\u202f!<\/a>\u202f\u00bb avec un site informant du prix un panier de produits alimentaires avec des marques connues contre un panier avec des produits de premier prix.<\/p>\n<p>Selon l\u2019\u00e9tude du minist\u00e8re, le panier contenant des marques premium peut co\u00fbter de 19 \u00e0 32\u202f% plus cher que celui contenant des produits de substitution, en fonction des distributeurs.<\/p>\n<p>\u00ab\u202f<em>Il est temps d\u2019arr\u00eater de payer un prix \u00e9lev\u00e9 pour les marques. Achetez intelligemment et bon march\u00e9\u202f\u00bb<\/em>, a d\u00e9clar\u00e9 Amnon Merhav, directeur g\u00e9n\u00e9ral du minist\u00e8re de l\u2019\u00e9conomie et de l\u2019industrie.<\/p>\n<p>Mais il n\u2019est pas certain qu\u2019aucun des deux projets de loi soit adopt\u00e9.<\/p>\n<p>Le projet de janvier visant \u00e0 limiter les activit\u00e9s commerciales des importateurs a \u00e9t\u00e9 retir\u00e9 par le minist\u00e8re des finances, qui avait annonc\u00e9 \u00e0 la place la cr\u00e9ation d\u2019un comit\u00e9 public charg\u00e9 d\u2019examiner les mesures visant \u00e0 d\u00e9manteler les monopoles et les g\u00e9ants de l\u2019agroalimentaire.<\/p>\n<p><strong><a href=\"https:\/\/www.newsendip.com\/fr\/etiquette\/israel-fr\/\">D\u00e9couvrez plus d\u2019actualit\u00e9s sur Isra\u00ebl<\/a><\/strong><\/p>\n","protected":false},"excerpt":{"rendered":"<p>En Isra\u00ebl, le gouvernement veut s\u00e9vir contre les entreprises avec des positions monopolistiques qui, comme Coca-Cola, seraient responsables de la hausse des prix dans le&nbsp;pays.<\/p>\n","protected":false},"author":1,"featured_media":28346,"comment_status":"closed","ping_status":"open","sticky":false,"template":"","format":"standard","meta":{"wp_typography_post_enhancements_disabled":false,"footnotes":""},"categories":[414],"tags":[485,421],"class_list":["post-28348","post","type-post","status-publish","format-standard","has-post-thumbnail","hentry","category-economie","tag-israel-fr","tag-vieux"],"yoast_head":"<!-- This site is optimized with the Yoast SEO Premium plugin v27.4 (Yoast SEO v27.4) - https:\/\/yoast.com\/product\/yoast-seo-premium-wordpress\/ -->\n<title>En Isra\u00ebl, le gouvernement met la responsabilit\u00e9 de la hausse des prix sur les monopoles<\/title>\n<meta name=\"description\" content=\"En Isra\u00ebl, le gouvernement veut s\u00e9vir contre les entreprises avec des positions monopolistiques qui, comme Coca-Cola, seraient responsables de la hausse des prix dans le pays.\" \/>\n<meta name=\"robots\" content=\"index, follow, max-snippet:-1, max-image-preview:large, max-video-preview:-1\" \/>\n<link rel=\"canonical\" href=\"https:\/\/www.newsendip.com\/fr\/en-israel-le-gouvernement-met-la-responsabilite-de-la-hausse-des-prix-sur-les-monopoles\/\" \/>\n<meta property=\"og:locale\" content=\"fr_FR\" \/>\n<meta property=\"og:type\" content=\"article\" \/>\n<meta property=\"og:title\" content=\"En Isra\u00ebl, le gouvernement met la responsabilit\u00e9 de la hausse des prix sur les monopoles\" \/>\n<meta property=\"og:description\" content=\"En Isra\u00ebl, le gouvernement veut s\u00e9vir contre les entreprises avec des positions monopolistiques qui, comme Coca-Cola, seraient responsables de la hausse des prix dans le pays.\" \/>\n<meta property=\"og:url\" content=\"https:\/\/www.newsendip.com\/fr\/en-israel-le-gouvernement-met-la-responsabilite-de-la-hausse-des-prix-sur-les-monopoles\/\" \/>\n<meta property=\"og:site_name\" content=\"Newsendip\" \/>\n<meta property=\"article:publisher\" content=\"https:\/\/www.facebook.com\/newsendip\" \/>\n<meta property=\"article:published_time\" content=\"2023-05-29T18:20:00+00:00\" \/>\n<meta property=\"article:modified_time\" content=\"2024-07-18T13:44:24+00:00\" \/>\n<meta property=\"og:image\" content=\"https:\/\/www.newsendip.com\/wp-content\/uploads\/2023\/05\/food-price-israel.jpeg\" \/>\n\t<meta property=\"og:image:width\" content=\"1920\" \/>\n\t<meta property=\"og:image:height\" content=\"1280\" \/>\n\t<meta property=\"og:image:type\" content=\"image\/jpeg\" \/>\n<meta name=\"author\" content=\"Cl\u00e9ment V\u00e9rit\u00e9\" \/>\n<meta name=\"twitter:card\" content=\"summary_large_image\" \/>\n<meta name=\"twitter:image\" content=\"https:\/\/www.newsendip.com\/wp-content\/uploads\/2023\/05\/food-price-israel.jpeg\" \/>\n<meta name=\"twitter:creator\" content=\"@https:\/\/twitter.com\/cverite\" \/>\n<meta name=\"twitter:site\" content=\"@newsendip\" \/>\n<meta name=\"twitter:label1\" content=\"\u00c9crit par\" \/>\n\t<meta name=\"twitter:data1\" content=\"Cl\u00e9ment V\u00e9rit\u00e9\" \/>\n\t<meta name=\"twitter:label2\" content=\"Dur\u00e9e de lecture estim\u00e9e\" \/>\n\t<meta name=\"twitter:data2\" content=\"5 minutes\" \/>\n<!-- \/ Yoast SEO Premium plugin. -->","yoast_head_json":{"title":"En Isra\u00ebl, le gouvernement met la responsabilit\u00e9 de la hausse des prix sur les monopoles","description":"En Isra\u00ebl, le gouvernement veut s\u00e9vir contre les entreprises avec des positions monopolistiques qui, comme Coca-Cola, seraient responsables de la hausse des prix dans le pays.","robots":{"index":"index","follow":"follow","max-snippet":"max-snippet:-1","max-image-preview":"max-image-preview:large","max-video-preview":"max-video-preview:-1"},"canonical":"https:\/\/www.newsendip.com\/fr\/en-israel-le-gouvernement-met-la-responsabilite-de-la-hausse-des-prix-sur-les-monopoles\/","og_locale":"fr_FR","og_type":"article","og_title":"En Isra\u00ebl, le gouvernement met la responsabilit\u00e9 de la hausse des prix sur les monopoles","og_description":"En Isra\u00ebl, le gouvernement veut s\u00e9vir contre les entreprises avec des positions monopolistiques qui, comme Coca-Cola, seraient responsables de la hausse des prix dans le pays.","og_url":"https:\/\/www.newsendip.com\/fr\/en-israel-le-gouvernement-met-la-responsabilite-de-la-hausse-des-prix-sur-les-monopoles\/","og_site_name":"Newsendip","article_publisher":"https:\/\/www.facebook.com\/newsendip","article_published_time":"2023-05-29T18:20:00+00:00","article_modified_time":"2024-07-18T13:44:24+00:00","og_image":[{"width":1920,"height":1280,"url":"https:\/\/www.newsendip.com\/wp-content\/uploads\/2023\/05\/food-price-israel.jpeg","type":"image\/jpeg"}],"author":"Cl\u00e9ment V\u00e9rit\u00e9","twitter_card":"summary_large_image","twitter_image":"https:\/\/www.newsendip.com\/wp-content\/uploads\/2023\/05\/food-price-israel.jpeg","twitter_creator":"@https:\/\/twitter.com\/cverite","twitter_site":"@newsendip","twitter_misc":{"\u00c9crit par":"Cl\u00e9ment V\u00e9rit\u00e9","Dur\u00e9e de lecture estim\u00e9e":"5 minutes"},"schema":{"@context":"https:\/\/schema.org","@graph":[{"@type":"NewsArticle","@id":"https:\/\/www.newsendip.com\/fr\/en-israel-le-gouvernement-met-la-responsabilite-de-la-hausse-des-prix-sur-les-monopoles\/#article","isPartOf":{"@id":"https:\/\/www.newsendip.com\/fr\/en-israel-le-gouvernement-met-la-responsabilite-de-la-hausse-des-prix-sur-les-monopoles\/"},"author":{"name":"Cl\u00e9ment V\u00e9rit\u00e9","@id":"https:\/\/www.newsendip.com\/fr\/#\/schema\/person\/ea22c01755f464a3cbc2c619584d6363"},"headline":"En Isra\u00ebl, le gouvernement met la responsabilit\u00e9 de la hausse des prix sur les monopoles","datePublished":"2023-05-29T18:20:00+00:00","dateModified":"2024-07-18T13:44:24+00:00","mainEntityOfPage":{"@id":"https:\/\/www.newsendip.com\/fr\/en-israel-le-gouvernement-met-la-responsabilite-de-la-hausse-des-prix-sur-les-monopoles\/"},"wordCount":1118,"publisher":{"@id":"https:\/\/www.newsendip.com\/fr\/#organization"},"image":{"@id":"https:\/\/www.newsendip.com\/fr\/en-israel-le-gouvernement-met-la-responsabilite-de-la-hausse-des-prix-sur-les-monopoles\/#primaryimage"},"thumbnailUrl":"https:\/\/www.newsendip.com\/wp-content\/uploads\/2023\/05\/food-price-israel.webp","keywords":["Isra\u00ebl","Vieux"],"articleSection":["\u00c9conomie"],"inLanguage":"fr-FR","copyrightYear":"2023","copyrightHolder":{"@id":"https:\/\/www.newsendip.com\/#organization"}},{"@type":"WebPage","@id":"https:\/\/www.newsendip.com\/fr\/en-israel-le-gouvernement-met-la-responsabilite-de-la-hausse-des-prix-sur-les-monopoles\/","url":"https:\/\/www.newsendip.com\/fr\/en-israel-le-gouvernement-met-la-responsabilite-de-la-hausse-des-prix-sur-les-monopoles\/","name":"En Isra\u00ebl, le gouvernement met la responsabilit\u00e9 de la hausse des prix sur les monopoles","isPartOf":{"@id":"https:\/\/www.newsendip.com\/fr\/#website"},"primaryImageOfPage":{"@id":"https:\/\/www.newsendip.com\/fr\/en-israel-le-gouvernement-met-la-responsabilite-de-la-hausse-des-prix-sur-les-monopoles\/#primaryimage"},"image":{"@id":"https:\/\/www.newsendip.com\/fr\/en-israel-le-gouvernement-met-la-responsabilite-de-la-hausse-des-prix-sur-les-monopoles\/#primaryimage"},"thumbnailUrl":"https:\/\/www.newsendip.com\/wp-content\/uploads\/2023\/05\/food-price-israel.webp","datePublished":"2023-05-29T18:20:00+00:00","dateModified":"2024-07-18T13:44:24+00:00","description":"En Isra\u00ebl, le gouvernement veut s\u00e9vir contre les entreprises avec des positions monopolistiques qui, comme Coca-Cola, seraient responsables de la hausse des prix dans le pays.","breadcrumb":{"@id":"https:\/\/www.newsendip.com\/fr\/en-israel-le-gouvernement-met-la-responsabilite-de-la-hausse-des-prix-sur-les-monopoles\/#breadcrumb"},"inLanguage":"fr-FR","potentialAction":[{"@type":"ReadAction","target":["https:\/\/www.newsendip.com\/fr\/en-israel-le-gouvernement-met-la-responsabilite-de-la-hausse-des-prix-sur-les-monopoles\/"]}]},{"@type":"ImageObject","inLanguage":"fr-FR","@id":"https:\/\/www.newsendip.com\/fr\/en-israel-le-gouvernement-met-la-responsabilite-de-la-hausse-des-prix-sur-les-monopoles\/#primaryimage","url":"https:\/\/www.newsendip.com\/wp-content\/uploads\/2023\/05\/food-price-israel.webp","contentUrl":"https:\/\/www.newsendip.com\/wp-content\/uploads\/2023\/05\/food-price-israel.webp","width":1920,"height":1280,"caption":"March\u00e9 \u00e0 Tel Aviv. Illustration | \u00a9 bec s."},{"@type":"BreadcrumbList","@id":"https:\/\/www.newsendip.com\/fr\/en-israel-le-gouvernement-met-la-responsabilite-de-la-hausse-des-prix-sur-les-monopoles\/#breadcrumb","itemListElement":[{"@type":"ListItem","position":1,"name":"Accueil","item":"https:\/\/www.newsendip.com\/fr\/"},{"@type":"ListItem","position":2,"name":"En Isra\u00ebl, le gouvernement met la responsabilit\u00e9 de la hausse des prix sur les monopoles"}]},{"@type":"WebSite","@id":"https:\/\/www.newsendip.com\/fr\/#website","url":"https:\/\/www.newsendip.com\/fr\/","name":"Newsendip","description":"Red\u00e9couvrez l&#039;actualit\u00e9 internationale","publisher":{"@id":"https:\/\/www.newsendip.com\/fr\/#organization"},"potentialAction":[{"@type":"SearchAction","target":{"@type":"EntryPoint","urlTemplate":"https:\/\/www.newsendip.com\/fr\/?s={search_term_string}"},"query-input":{"@type":"PropertyValueSpecification","valueRequired":true,"valueName":"search_term_string"}}],"inLanguage":"fr-FR"},{"@type":"Organization","@id":"https:\/\/www.newsendip.com\/fr\/#organization","name":"Newsendip","url":"https:\/\/www.newsendip.com\/fr\/","logo":{"@type":"ImageObject","inLanguage":"fr-FR","@id":"https:\/\/www.newsendip.com\/fr\/#\/schema\/logo\/image\/","url":"https:\/\/www.newsendip.com\/wp-content\/uploads\/2023\/12\/512x512.svg","contentUrl":"https:\/\/www.newsendip.com\/wp-content\/uploads\/2023\/12\/512x512.svg","width":1,"height":1,"caption":"Newsendip"},"image":{"@id":"https:\/\/www.newsendip.com\/fr\/#\/schema\/logo\/image\/"},"sameAs":["https:\/\/www.facebook.com\/newsendip","https:\/\/x.com\/newsendip","https:\/\/mastodon.social\/@newsendip","https:\/\/www.linkedin.com\/company\/newsendip"],"description":"Newsendip est un site qui a pour mission de rendre l'actualit\u00e9 internationale accessible et diversifi\u00e9e","email":"contact@newsendip.com","legalName":"Newsendip SAS","foundingDate":"2022-11-04","vatID":"FR60921124723","numberOfEmployees":{"@type":"QuantitativeValue","minValue":"1","maxValue":"10"},"publishingPrinciples":"https:\/\/www.newsendip.com\/about-us\/","ownershipFundingInfo":"https:\/\/www.newsendip.com\/legal-notice\/","actionableFeedbackPolicy":"https:\/\/www.newsendip.com\/about-us\/","correctionsPolicy":"https:\/\/www.newsendip.com\/about-us\/","ethicsPolicy":"https:\/\/www.newsendip.com\/about-us\/","diversityPolicy":"https:\/\/www.newsendip.com\/about-us\/"},{"@type":"Person","@id":"https:\/\/www.newsendip.com\/fr\/#\/schema\/person\/ea22c01755f464a3cbc2c619584d6363","name":"Cl\u00e9ment V\u00e9rit\u00e9","description":"Cl\u00e9ment is the executive editor and founder of Newsendip. He started in the media industry as a freelance reporter at 16 for a local French newspaper after school and has never left it. He later worked for seven years at The New York Times, notably as a data analyst. He holds a Master of Management in France and a Master of Arts in the United Kingdom in International Marketing &amp; Communications Strategy. He has lived in France, the United Kingdom, and Italy.","sameAs":["https:\/\/www.newsendip.com\/","https:\/\/www.linkedin.com\/in\/clementverite\/","https:\/\/x.com\/https:\/\/twitter.com\/cverite"],"knowsAbout":["News","International","Business","Media monitoring"],"knowsLanguage":["English","French","Italian","Spanish"],"url":"https:\/\/www.newsendip.com\/fr\/author\/clement-verite\/"}]}},"_links":{"self":[{"href":"https:\/\/www.newsendip.com\/fr\/wp-json\/wp\/v2\/posts\/28348","targetHints":{"allow":["GET"]}}],"collection":[{"href":"https:\/\/www.newsendip.com\/fr\/wp-json\/wp\/v2\/posts"}],"about":[{"href":"https:\/\/www.newsendip.com\/fr\/wp-json\/wp\/v2\/types\/post"}],"author":[{"embeddable":true,"href":"https:\/\/www.newsendip.com\/fr\/wp-json\/wp\/v2\/users\/1"}],"replies":[{"embeddable":true,"href":"https:\/\/www.newsendip.com\/fr\/wp-json\/wp\/v2\/comments?post=28348"}],"version-history":[{"count":0,"href":"https:\/\/www.newsendip.com\/fr\/wp-json\/wp\/v2\/posts\/28348\/revisions"}],"wp:featuredmedia":[{"embeddable":true,"href":"https:\/\/www.newsendip.com\/fr\/wp-json\/wp\/v2\/media\/28346"}],"wp:attachment":[{"href":"https:\/\/www.newsendip.com\/fr\/wp-json\/wp\/v2\/media?parent=28348"}],"wp:term":[{"taxonomy":"category","embeddable":true,"href":"https:\/\/www.newsendip.com\/fr\/wp-json\/wp\/v2\/categories?post=28348"},{"taxonomy":"post_tag","embeddable":true,"href":"https:\/\/www.newsendip.com\/fr\/wp-json\/wp\/v2\/tags?post=28348"}],"curies":[{"name":"wp","href":"https:\/\/api.w.org\/{rel}","templated":true}]}}