{"id":28554,"date":"2023-06-14T15:10:29","date_gmt":"2023-06-14T13:10:29","guid":{"rendered":"https:\/\/www.newsendip.com\/?p=28554"},"modified":"2023-06-14T15:04:17","modified_gmt":"2023-06-14T13:04:17","slug":"au-japon-une-loi-sur-la-demence-pour-vivre-avec-espoir-et-dignite","status":"publish","type":"post","link":"https:\/\/www.newsendip.com\/fr\/au-japon-une-loi-sur-la-demence-pour-vivre-avec-espoir-et-dignite\/","title":{"rendered":"Au Japon, une loi sur la d\u00e9mence pour vivre avec \u00ab\u202fespoir et dignit\u00e9\u202f\u00bb"},"content":{"rendered":"<p><strong>Face au vieillissement de sa population, le Japon cherche \u00e0 am\u00e9liorer la prise en charge des personnes atteintes de d\u00e9mence.<br>\n<\/strong><\/p>\n<figure id=\"attachment_28565\" aria-describedby=\"caption-attachment-28565\" style=\"width: 1024px\" class=\"wp-caption aligncenter\"><img decoding=\"async\" class=\"wp-image-28565 size-large\" src=\"https:\/\/www.newsendip.com\/wp-content\/uploads\/2023\/06\/japan-senior-age-population-1024x683.webp\" alt=\"Personnes \u00e2g\u00e9es au Japon\" width=\"1024\" height=\"683\" srcset=\"https:\/\/www.newsendip.com\/wp-content\/uploads\/2023\/06\/japan-senior-age-population-1024x683.webp 1024w, https:\/\/www.newsendip.com\/wp-content\/uploads\/2023\/06\/japan-senior-age-population-60x40.webp 60w, https:\/\/www.newsendip.com\/wp-content\/uploads\/2023\/06\/japan-senior-age-population-720x480.webp 720w, https:\/\/www.newsendip.com\/wp-content\/uploads\/2023\/06\/japan-senior-age-population-300x200.webp 300w, https:\/\/www.newsendip.com\/wp-content\/uploads\/2023\/06\/japan-senior-age-population-768x512.webp 768w, https:\/\/www.newsendip.com\/wp-content\/uploads\/2023\/06\/japan-senior-age-population-1536x1024.webp 1536w, https:\/\/www.newsendip.com\/wp-content\/uploads\/2023\/06\/japan-senior-age-population.webp 1920w\" sizes=\"(max-width: 1024px) 100vw, 1024px\"><figcaption id=\"caption-attachment-28565\" class=\"wp-caption-text\">Face au vieillissement de la population, le Japon a adopt\u00e9 une loi fondamentale sur la d\u00e9mence afin d\u2019am\u00e9liorer la prise en charge des personnes atteintes de d\u00e9mence. | Illustration, \u00a9&nbsp;DLKR<\/figcaption><\/figure>\n<p>La Chambre des conseillers du <a href=\"https:\/\/www.newsendip.com\/fr\/etiquette\/japon\/\">Japon<\/a>, l\u2019\u00e9quivalent du S\u00e9nat, a adopt\u00e9 \u00e0 l\u2019unanimit\u00e9 et promulgu\u00e9 le 14 juin la <a href=\"https:\/\/www.shugiin.go.jp\/internet\/itdb_gian.nsf\/html\/gian\/honbun\/houan\/g19805030.htm\">Loi fondamentale sur la d\u00e9mence<\/a>. Son objectif est de \u00ab\u202f<em>promouvoir de mani\u00e8re globale des mesures permettant aux personnes atteintes de d\u00e9mence de vivre avec espoir et de conserver leur dignit\u00e9\u202f\u00bb.<\/em> La Chambre des repr\u00e9sentants avait d\u00e9j\u00e0 approuv\u00e9 le projet de&nbsp;loi.<\/p>\n<p>Avec le <a href=\"https:\/\/www.newsendip.com\/fr\/au-japon-14-des-logements-sont-vacants-plus-de-42-millions-de-logements-vides-dans-le-monde\/\">vieillissement de sa population<\/a>, les cas de d\u00e9mence ne cessent d\u2019augmenter au Japon. Un groupe de recherche du minist\u00e8re de la sant\u00e9, du travail et des affaires sociales a estim\u00e9 le nombre de personnes atteintes de d\u00e9mence \u00e0 plus de 6 millions en&nbsp;2020.<\/p>\n<p>Et il est estim\u00e9 que plus de 7 millions de personnes au Japon seront atteintes de d\u00e9mence d\u2019ici 2025, soit environ une personne sur cinq \u00e2g\u00e9e de plus de 75 ans. La loi d\u00e9finit les personnes atteintes de d\u00e9mence quand elles souffrent entre autres de maladies neurod\u00e9g\u00e9n\u00e9ratives, telle que la maladie d\u2019Alzheimer par exemple, ou de maladies vasculaires c\u00e9r\u00e9brales qui ont d\u00e9t\u00e9rior\u00e9 les fonctions cognitives de la personne.<\/p>\n<p>Pour l\u2019instant, la l\u00e9gislation \u00e9nonce principalement des principes de base concernant les mesures de pr\u00e9vention de la d\u00e9mence et clarifie la responsabilit\u00e9 des gouvernements nationaux et locaux. Le projet de loi avait \u00e9t\u00e9 pr\u00e9sent\u00e9 pour que le Japon \u00ab\u202f<em>pr\u00e9serve la dignit\u00e9 des personnes atteintes de d\u00e9mence et les respecte en tant que membres d\u2019une soci\u00e9t\u00e9\u202f\u00bb<\/em> qui \u00ab\u202f<em>accorde de l\u2019importance \u00e0 la prise en charge de la d\u00e9mence\u202f\u00bb<\/em>.<\/p>\n<p>Le Premier ministre a cr\u00e9\u00e9 le \u00ab\u202fCentre de promotion de la politique en mati\u00e8re de d\u00e9mence\u202f\u00bb et le gouvernement est charg\u00e9 d\u2019\u00e9laborer un plan d\u2019action concret pour la prise en charge et la pr\u00e9vention de la d\u00e9mence dans un d\u00e9lai de six&nbsp;mois.<\/p>\n<p>Il devra \u00e9galement s\u2019assurer que les personnes atteintes de d\u00e9mence et leurs familles ne se retrouvent pas isol\u00e9es.<\/p>\n<p>Par ailleurs, le Japon a fait du mois de septembre le Mois de la d\u00e9mence et du 21 septembre la Journ\u00e9e de la d\u00e9mence, au cours de laquelle les autorit\u00e9s doivent sensibiliser la population \u00e0 la d\u00e9mence et aux moyens de la pr\u00e9venir.<\/p>\n<p>Selon l\u2019<a href=\"https:\/\/www.who.int\/news\/item\/04-10-2022-who-launches-a-blueprint-for-dementia-research\">Organisation mondiale de la sant\u00e9<\/a>, environ 55,2 millions de personnes sont atteintes de d\u00e9mence dans le monde, et ce nombre devrait atteindre 78 millions d\u2019ici \u00e0 2030 et 139 millions d\u2019ici \u00e0 2050. En octobre dernier, l\u2019OMS a lanc\u00e9 son premier plan d\u2019action pour la recherche sur la d\u00e9mence afin d\u2019affronter plus efficacement \u00ab\u202f<em>l\u2019un des plus grands d\u00e9fis sanitaires de notre g\u00e9n\u00e9ration\u202f\u00bb<\/em>.<\/p>\n","protected":false},"excerpt":{"rendered":"<p>Face au vieillissement de sa population, le Japon cherche \u00e0 am\u00e9liorer la prise en charge des personnes atteintes de d\u00e9mence.<\/p>\n","protected":false},"author":1,"featured_media":28565,"comment_status":"closed","ping_status":"open","sticky":false,"template":"","format":"standard","meta":{"wp_typography_post_enhancements_disabled":false,"footnotes":""},"categories":[412],"tags":[486,1334],"class_list":["post-28554","post","type-post","status-publish","format-standard","has-post-thumbnail","hentry","category-sciences-et-sante","tag-japon","tag-nouveau"],"yoast_head":"<!-- This site is optimized with the Yoast SEO Premium plugin v27.4 (Yoast SEO v27.4) - https:\/\/yoast.com\/product\/yoast-seo-premium-wordpress\/ -->\n<title>Au Japon, une loi sur la d\u00e9mence pour vivre avec &quot;espoir et dignit\u00e9&quot;<\/title>\n<meta name=\"description\" content=\"Face au vieillissement de sa population, le Japon cherche \u00e0 am\u00e9liorer la prise en charge des personnes atteintes de d\u00e9mence.\" \/>\n<meta name=\"robots\" content=\"index, follow, max-snippet:-1, max-image-preview:large, max-video-preview:-1\" \/>\n<link rel=\"canonical\" href=\"https:\/\/www.newsendip.com\/fr\/au-japon-une-loi-sur-la-demence-pour-vivre-avec-espoir-et-dignite\/\" \/>\n<meta property=\"og:locale\" content=\"fr_FR\" \/>\n<meta property=\"og:type\" content=\"article\" \/>\n<meta property=\"og:title\" content=\"Au Japon, une loi sur la d\u00e9mence pour vivre avec &quot;espoir et dignit\u00e9&quot;\" \/>\n<meta property=\"og:description\" content=\"Face au vieillissement de sa population, le Japon cherche \u00e0 am\u00e9liorer la prise en charge des personnes atteintes de d\u00e9mence.\" \/>\n<meta property=\"og:url\" content=\"https:\/\/www.newsendip.com\/fr\/au-japon-une-loi-sur-la-demence-pour-vivre-avec-espoir-et-dignite\/\" \/>\n<meta property=\"og:site_name\" content=\"Newsendip\" \/>\n<meta property=\"article:publisher\" content=\"https:\/\/www.facebook.com\/newsendip\" \/>\n<meta property=\"article:published_time\" content=\"2023-06-14T13:10:29+00:00\" \/>\n<meta property=\"og:image\" content=\"https:\/\/www.newsendip.com\/wp-content\/uploads\/2023\/06\/japan-senior-age-population.jpeg\" \/>\n\t<meta property=\"og:image:width\" content=\"1920\" \/>\n\t<meta property=\"og:image:height\" content=\"1280\" \/>\n\t<meta property=\"og:image:type\" content=\"image\/jpeg\" \/>\n<meta name=\"author\" content=\"Cl\u00e9ment V\u00e9rit\u00e9\" \/>\n<meta name=\"twitter:card\" content=\"summary_large_image\" \/>\n<meta name=\"twitter:image\" content=\"https:\/\/www.newsendip.com\/wp-content\/uploads\/2023\/06\/japan-senior-age-population.jpeg\" \/>\n<meta name=\"twitter:creator\" content=\"@https:\/\/twitter.com\/cverite\" \/>\n<meta name=\"twitter:site\" content=\"@newsendip\" \/>\n<meta name=\"twitter:label1\" content=\"\u00c9crit par\" \/>\n\t<meta name=\"twitter:data1\" content=\"Cl\u00e9ment V\u00e9rit\u00e9\" \/>\n\t<meta name=\"twitter:label2\" content=\"Dur\u00e9e de lecture estim\u00e9e\" \/>\n\t<meta name=\"twitter:data2\" content=\"3 minutes\" \/>\n<!-- \/ Yoast SEO Premium plugin. -->","yoast_head_json":{"title":"Au Japon, une loi sur la d\u00e9mence pour vivre avec \"espoir et dignit\u00e9\"","description":"Face au vieillissement de sa population, le Japon cherche \u00e0 am\u00e9liorer la prise en charge des personnes atteintes de d\u00e9mence.","robots":{"index":"index","follow":"follow","max-snippet":"max-snippet:-1","max-image-preview":"max-image-preview:large","max-video-preview":"max-video-preview:-1"},"canonical":"https:\/\/www.newsendip.com\/fr\/au-japon-une-loi-sur-la-demence-pour-vivre-avec-espoir-et-dignite\/","og_locale":"fr_FR","og_type":"article","og_title":"Au Japon, une loi sur la d\u00e9mence pour vivre avec \"espoir et dignit\u00e9\"","og_description":"Face au vieillissement de sa population, le Japon cherche \u00e0 am\u00e9liorer la prise en charge des personnes atteintes de d\u00e9mence.","og_url":"https:\/\/www.newsendip.com\/fr\/au-japon-une-loi-sur-la-demence-pour-vivre-avec-espoir-et-dignite\/","og_site_name":"Newsendip","article_publisher":"https:\/\/www.facebook.com\/newsendip","article_published_time":"2023-06-14T13:10:29+00:00","og_image":[{"width":1920,"height":1280,"url":"https:\/\/www.newsendip.com\/wp-content\/uploads\/2023\/06\/japan-senior-age-population.jpeg","type":"image\/jpeg"}],"author":"Cl\u00e9ment V\u00e9rit\u00e9","twitter_card":"summary_large_image","twitter_image":"https:\/\/www.newsendip.com\/wp-content\/uploads\/2023\/06\/japan-senior-age-population.jpeg","twitter_creator":"@https:\/\/twitter.com\/cverite","twitter_site":"@newsendip","twitter_misc":{"\u00c9crit par":"Cl\u00e9ment V\u00e9rit\u00e9","Dur\u00e9e de lecture estim\u00e9e":"3 minutes"},"schema":{"@context":"https:\/\/schema.org","@graph":[{"@type":"NewsArticle","@id":"https:\/\/www.newsendip.com\/fr\/au-japon-une-loi-sur-la-demence-pour-vivre-avec-espoir-et-dignite\/#article","isPartOf":{"@id":"https:\/\/www.newsendip.com\/fr\/au-japon-une-loi-sur-la-demence-pour-vivre-avec-espoir-et-dignite\/"},"author":{"name":"Cl\u00e9ment V\u00e9rit\u00e9","@id":"https:\/\/www.newsendip.com\/fr\/#\/schema\/person\/ea22c01755f464a3cbc2c619584d6363"},"headline":"Au Japon, une loi sur la d\u00e9mence pour vivre avec \u00ab\u202fespoir et dignit\u00e9\u202f\u00bb","datePublished":"2023-06-14T13:10:29+00:00","mainEntityOfPage":{"@id":"https:\/\/www.newsendip.com\/fr\/au-japon-une-loi-sur-la-demence-pour-vivre-avec-espoir-et-dignite\/"},"wordCount":529,"publisher":{"@id":"https:\/\/www.newsendip.com\/fr\/#organization"},"image":{"@id":"https:\/\/www.newsendip.com\/fr\/au-japon-une-loi-sur-la-demence-pour-vivre-avec-espoir-et-dignite\/#primaryimage"},"thumbnailUrl":"https:\/\/www.newsendip.com\/wp-content\/uploads\/2023\/06\/japan-senior-age-population.webp","keywords":["Japon","R\u00e9cent"],"articleSection":["Sciences et sant\u00e9"],"inLanguage":"fr-FR","copyrightYear":"2023","copyrightHolder":{"@id":"https:\/\/www.newsendip.com\/#organization"}},{"@type":"WebPage","@id":"https:\/\/www.newsendip.com\/fr\/au-japon-une-loi-sur-la-demence-pour-vivre-avec-espoir-et-dignite\/","url":"https:\/\/www.newsendip.com\/fr\/au-japon-une-loi-sur-la-demence-pour-vivre-avec-espoir-et-dignite\/","name":"Au Japon, une loi sur la d\u00e9mence pour vivre avec \"espoir et dignit\u00e9\"","isPartOf":{"@id":"https:\/\/www.newsendip.com\/fr\/#website"},"primaryImageOfPage":{"@id":"https:\/\/www.newsendip.com\/fr\/au-japon-une-loi-sur-la-demence-pour-vivre-avec-espoir-et-dignite\/#primaryimage"},"image":{"@id":"https:\/\/www.newsendip.com\/fr\/au-japon-une-loi-sur-la-demence-pour-vivre-avec-espoir-et-dignite\/#primaryimage"},"thumbnailUrl":"https:\/\/www.newsendip.com\/wp-content\/uploads\/2023\/06\/japan-senior-age-population.webp","datePublished":"2023-06-14T13:10:29+00:00","description":"Face au vieillissement de sa population, le Japon cherche \u00e0 am\u00e9liorer la prise en charge des personnes atteintes de d\u00e9mence.","breadcrumb":{"@id":"https:\/\/www.newsendip.com\/fr\/au-japon-une-loi-sur-la-demence-pour-vivre-avec-espoir-et-dignite\/#breadcrumb"},"inLanguage":"fr-FR","potentialAction":[{"@type":"ReadAction","target":["https:\/\/www.newsendip.com\/fr\/au-japon-une-loi-sur-la-demence-pour-vivre-avec-espoir-et-dignite\/"]}]},{"@type":"ImageObject","inLanguage":"fr-FR","@id":"https:\/\/www.newsendip.com\/fr\/au-japon-une-loi-sur-la-demence-pour-vivre-avec-espoir-et-dignite\/#primaryimage","url":"https:\/\/www.newsendip.com\/wp-content\/uploads\/2023\/06\/japan-senior-age-population.webp","contentUrl":"https:\/\/www.newsendip.com\/wp-content\/uploads\/2023\/06\/japan-senior-age-population.webp","width":1920,"height":1280,"caption":"Face au vieillissement de la population, le Japon a adopt\u00e9 une loi fondamentale sur la d\u00e9mence afin d'am\u00e9liorer la prise en charge des personnes atteintes de d\u00e9mence. | Illustration, \u00a9 DLKR"},{"@type":"BreadcrumbList","@id":"https:\/\/www.newsendip.com\/fr\/au-japon-une-loi-sur-la-demence-pour-vivre-avec-espoir-et-dignite\/#breadcrumb","itemListElement":[{"@type":"ListItem","position":1,"name":"Accueil","item":"https:\/\/www.newsendip.com\/fr\/"},{"@type":"ListItem","position":2,"name":"Au Japon, une loi sur la d\u00e9mence pour vivre avec \u201cespoir et dignit\u00e9\u201d"}]},{"@type":"WebSite","@id":"https:\/\/www.newsendip.com\/fr\/#website","url":"https:\/\/www.newsendip.com\/fr\/","name":"Newsendip","description":"Red\u00e9couvrez l&#039;actualit\u00e9 internationale","publisher":{"@id":"https:\/\/www.newsendip.com\/fr\/#organization"},"potentialAction":[{"@type":"SearchAction","target":{"@type":"EntryPoint","urlTemplate":"https:\/\/www.newsendip.com\/fr\/?s={search_term_string}"},"query-input":{"@type":"PropertyValueSpecification","valueRequired":true,"valueName":"search_term_string"}}],"inLanguage":"fr-FR"},{"@type":"Organization","@id":"https:\/\/www.newsendip.com\/fr\/#organization","name":"Newsendip","url":"https:\/\/www.newsendip.com\/fr\/","logo":{"@type":"ImageObject","inLanguage":"fr-FR","@id":"https:\/\/www.newsendip.com\/fr\/#\/schema\/logo\/image\/","url":"https:\/\/www.newsendip.com\/wp-content\/uploads\/2023\/12\/512x512.svg","contentUrl":"https:\/\/www.newsendip.com\/wp-content\/uploads\/2023\/12\/512x512.svg","width":1,"height":1,"caption":"Newsendip"},"image":{"@id":"https:\/\/www.newsendip.com\/fr\/#\/schema\/logo\/image\/"},"sameAs":["https:\/\/www.facebook.com\/newsendip","https:\/\/x.com\/newsendip","https:\/\/mastodon.social\/@newsendip","https:\/\/www.linkedin.com\/company\/newsendip"],"description":"Newsendip est un site qui a pour mission de rendre l'actualit\u00e9 internationale accessible et diversifi\u00e9e","email":"contact@newsendip.com","legalName":"Newsendip SAS","foundingDate":"2022-11-04","vatID":"FR60921124723","numberOfEmployees":{"@type":"QuantitativeValue","minValue":"1","maxValue":"10"},"publishingPrinciples":"https:\/\/www.newsendip.com\/about-us\/","ownershipFundingInfo":"https:\/\/www.newsendip.com\/legal-notice\/","actionableFeedbackPolicy":"https:\/\/www.newsendip.com\/about-us\/","correctionsPolicy":"https:\/\/www.newsendip.com\/about-us\/","ethicsPolicy":"https:\/\/www.newsendip.com\/about-us\/","diversityPolicy":"https:\/\/www.newsendip.com\/about-us\/"},{"@type":"Person","@id":"https:\/\/www.newsendip.com\/fr\/#\/schema\/person\/ea22c01755f464a3cbc2c619584d6363","name":"Cl\u00e9ment V\u00e9rit\u00e9","description":"Cl\u00e9ment is the executive editor and founder of Newsendip. He started in the media industry as a freelance reporter at 16 for a local French newspaper after school and has never left it. He later worked for seven years at The New York Times, notably as a data analyst. He holds a Master of Management in France and a Master of Arts in the United Kingdom in International Marketing &amp; Communications Strategy. He has lived in France, the United Kingdom, and Italy.","sameAs":["https:\/\/www.newsendip.com\/","https:\/\/www.linkedin.com\/in\/clementverite\/","https:\/\/x.com\/https:\/\/twitter.com\/cverite"],"knowsAbout":["News","International","Business","Media monitoring"],"knowsLanguage":["English","French","Italian","Spanish"],"url":"https:\/\/www.newsendip.com\/fr\/author\/clement-verite\/"}]}},"_links":{"self":[{"href":"https:\/\/www.newsendip.com\/fr\/wp-json\/wp\/v2\/posts\/28554","targetHints":{"allow":["GET"]}}],"collection":[{"href":"https:\/\/www.newsendip.com\/fr\/wp-json\/wp\/v2\/posts"}],"about":[{"href":"https:\/\/www.newsendip.com\/fr\/wp-json\/wp\/v2\/types\/post"}],"author":[{"embeddable":true,"href":"https:\/\/www.newsendip.com\/fr\/wp-json\/wp\/v2\/users\/1"}],"replies":[{"embeddable":true,"href":"https:\/\/www.newsendip.com\/fr\/wp-json\/wp\/v2\/comments?post=28554"}],"version-history":[{"count":0,"href":"https:\/\/www.newsendip.com\/fr\/wp-json\/wp\/v2\/posts\/28554\/revisions"}],"wp:featuredmedia":[{"embeddable":true,"href":"https:\/\/www.newsendip.com\/fr\/wp-json\/wp\/v2\/media\/28565"}],"wp:attachment":[{"href":"https:\/\/www.newsendip.com\/fr\/wp-json\/wp\/v2\/media?parent=28554"}],"wp:term":[{"taxonomy":"category","embeddable":true,"href":"https:\/\/www.newsendip.com\/fr\/wp-json\/wp\/v2\/categories?post=28554"},{"taxonomy":"post_tag","embeddable":true,"href":"https:\/\/www.newsendip.com\/fr\/wp-json\/wp\/v2\/tags?post=28554"}],"curies":[{"name":"wp","href":"https:\/\/api.w.org\/{rel}","templated":true}]}}