{"id":28576,"date":"2023-06-14T20:59:50","date_gmt":"2023-06-14T18:59:50","guid":{"rendered":"https:\/\/www.newsendip.com\/?p=28576"},"modified":"2024-07-16T17:07:04","modified_gmt":"2024-07-16T15:07:04","slug":"les-batteries-dordinateurs-et-de-smartphones-dans-lu-e-devront-etre-faciles-a-changer-par-les-utilisateurs","status":"publish","type":"post","link":"https:\/\/www.newsendip.com\/fr\/les-batteries-dordinateurs-et-de-smartphones-dans-lu-e-devront-etre-faciles-a-changer-par-les-utilisateurs\/","title":{"rendered":"Les batteries d\u2019ordinateurs et de smartphones dans l\u2019U.E. devront \u00eatre faciles \u00e0 changer par les utilisateurs"},"content":{"rendered":"<p><strong>Le Parlement europ\u00e9en a approuv\u00e9 une directive qui oblige que les batteries des appareils portables mis sur le march\u00e9 de l\u2019Union europ\u00e9enne soient faciles \u00e0 retirer et remplacer par les utilisateurs. Les batteries des voitures, trottinettes et v\u00e9los \u00e9lectriques devront \u00e9galement \u00eatre dot\u00e9es d\u2019un \u00ab\u202fpasseport num\u00e9rique\u202f\u00bb de la batterie.<br>\n<\/strong><\/p>\n<figure id=\"attachment_28582\" aria-describedby=\"caption-attachment-28582\" style=\"width: 1024px\" class=\"wp-caption aligncenter\"><img decoding=\"async\" class=\"wp-image-28582 size-large\" src=\"https:\/\/www.newsendip.com\/wp-content\/uploads\/2023\/06\/iphone-smartphone-battery-1024x748.webp\" alt=\"Batterie d'un iPhone d'Apple\" width=\"1024\" height=\"748\" srcset=\"https:\/\/www.newsendip.com\/wp-content\/uploads\/2023\/06\/iphone-smartphone-battery-1024x748.webp 1024w, https:\/\/www.newsendip.com\/wp-content\/uploads\/2023\/06\/iphone-smartphone-battery-60x44.webp 60w, https:\/\/www.newsendip.com\/wp-content\/uploads\/2023\/06\/iphone-smartphone-battery-300x219.webp 300w, https:\/\/www.newsendip.com\/wp-content\/uploads\/2023\/06\/iphone-smartphone-battery-768x561.webp 768w, https:\/\/www.newsendip.com\/wp-content\/uploads\/2023\/06\/iphone-smartphone-battery-1536x1122.webp 1536w, https:\/\/www.newsendip.com\/wp-content\/uploads\/2023\/06\/iphone-smartphone-battery.webp 1920w\" sizes=\"(max-width: 1024px) 100vw, 1024px\"><figcaption id=\"caption-attachment-28582\" class=\"wp-caption-text\">Batterie d\u2019un iPhone d\u2019Apple. Les consommateurs qui ach\u00e8tent des ordinateurs portables et des smartphones dans l\u2019Union europ\u00e9enne pourront bient\u00f4t remplacer facilement la batterie de leurs appareils. | \u00a9 Tyler Lastovich<\/figcaption><\/figure>\n<p>Le 14 juin, le Parlement europ\u00e9en a approuv\u00e9 de nouvelles r\u00e8gles pour la conception, la production et la gestion des d\u00e9chets des batteries dans l\u2019Union europ\u00e9enne.<\/p>\n<p>La mise \u00e0 jour de la <a href=\"https:\/\/www.europarl.europa.eu\/doceo\/document\/TA-9-2023-0237_FR.html\">Directive sur les batteries<\/a>, qui fait suite \u00e0 une proposition de la Commission europ\u00e9enne faite en d\u00e9cembre 2020, vise \u00e0 garantir que les batteries peuvent \u00eatre r\u00e9utilis\u00e9es, remanufactur\u00e9es ou recycl\u00e9es lorsqu\u2019elles atteignent leur fin de&nbsp;vie.<\/p>\n<p>En 2019, la <a href=\"https:\/\/www3.weforum.org\/docs\/WEF_A_Vision_for_a_Sustainable_Battery_Value_Chain_in_2030_Report.pdf#page=11\">Global Battery Alliance<\/a>, une collaboration public-priv\u00e9 financ\u00e9e par le <a href=\"https:\/\/www.newsendip.com\/fr\/102-millionnaires-demandent-aux-leaders-du-forum-economique-mondial-a-davos-de-taxer-les-riches\/\">Forum \u00e9conomique mondial<\/a>, estimait que la demande mondiale de batteries allait \u00eatre multipli\u00e9e par quatorze d\u2019ici 2030, et que l\u2019Union europ\u00e9enne pourrait repr\u00e9senter 17\u202f% de cette demande.<\/p>\n<p>Parmi les mesures pr\u00e9vues par le r\u00e8glement, les batteries portables mises sur le march\u00e9 de l\u2019Union europ\u00e9enne, telles que celles qui \u00e9quipent les ordinateurs portables et les smartphones, devront \u00eatre con\u00e7ues de mani\u00e8re \u00e0 ce que les utilisateurs finaux puissent les retirer et les remplacer facilement.<\/p>\n<p>Cette nouvelle r\u00e8gle s\u2019appliquera trois ans et demi apr\u00e8s sa publication dans le Journal Officiel de l\u2019U.E.<\/p>\n<p>Une d\u00e9rogation est accord\u00e9e pour les appareils r\u00e9guli\u00e8rement soumis \u00e0 des \u00e9claboussures, \u00e0 une immersion dans l\u2019eau et destin\u00e9s \u00e0 \u00eatre lav\u00e9s ou rinc\u00e9s. Cette d\u00e9rogation ne s\u2019applique que si la conception est n\u00e9cessaire pour garantir la s\u00e9curit\u00e9 des utilisateurs et de l\u2019appareil. Les dispositifs m\u00e9dicaux professionnels d\u2019imagerie m\u00e9dicale, de <a href=\"https:\/\/www.newsendip.com\/fr\/la-belgique-prevoit-une-refonte-du-systeme-hospitalier-avec-une-approche-au-forfait\/\">radioth\u00e9rapie<\/a> et de diagnostic in vitro \u00e9quip\u00e9s de batteries rechargeables sont \u00e9galement exclus du r\u00e8glement.<\/p>\n<p>Pour mieux informer les consommateurs, ces batteries facilement rempla\u00e7ables devront \u00e9galement porter des \u00e9tiquettes et des QR codes contenant des informations relatives \u00e0 leur capacit\u00e9, leurs performances, leur dur\u00e9e de vie et leur composition chimique.<\/p>\n<p>Par ailleurs, les batteries des v\u00e9hicules \u00e9lectriques, les batteries des moyens de transport l\u00e9gers (MTL) tels que <a href=\"https:\/\/www.newsendip.com\/fr\/la-malaisie-interdit-lutilisation-des-trottinettes-electriques-sur-les-routes\/\">les trotinettes<\/a> et <a href=\"https:\/\/www.newsendip.com\/fr\/les-embouteillages-pour-aller-travailler-en-forte-baisse-aux-pays-bas-malgre-un-trafic-routier-quasi-identique\/\">les v\u00e9los<\/a> \u00e9lectriques \u2013 une nouvelle cat\u00e9gorie distincte depuis la nouvelle directive \u2013 et les batteries industrielles rechargeables d\u2019une capacit\u00e9 sup\u00e9rieure \u00e0 2 kWh devront d\u00e9clarer leur empreinte carbone dans les ann\u00e9es \u00e0 venir. A partir de 2026, elles seront \u00e9galement dot\u00e9es d\u2019un \u00ab\u202fpasseport num\u00e9rique\u202f\u00bb qui int\u00e8grera des informations sur le mod\u00e8le de la batterie et des informations sp\u00e9cifiques \u00e0 la batterie et \u00e0 son utilisation.<\/p>\n<p>Le Parlement pr\u00e9voit qu\u2019au moins 30 millions de v\u00e9hicules \u00e9lectriques sans \u00e9mission fossile circuleront sur les routes de l\u2019U.E. d\u2019ici 2030. S\u2019ils devraient r\u00e9duire de mani\u00e8re significative les <a href=\"https:\/\/www.newsendip.com\/fr\/les-emissions-de-methane-dans-lenergie-70-plus-elevees-que-les-donnees-officielles\/\">\u00e9missions de gaz \u00e0 effet de serre<\/a>, la pr\u00e9sence de lithium et de cobalt dans ces batteries repr\u00e9sente notamment un inconv\u00e9nient important de leur impact environnemental.<\/p>\n<p>Les niveaux minimums de mat\u00e9riaux r\u00e9cup\u00e9r\u00e9s dans les batteries usag\u00e9es et de contenu recycl\u00e9 pour les nouvelles batteries deviennent \u00e9galement plus stricts.<\/p>\n<p>Achille Variati, rapporteur de la directive et membre du Parti d\u00e9mocrate <a href=\"https:\/\/www.newsendip.com\/fr\/etiquette\/italie\/\">italien<\/a>, s\u2019est f\u00e9licit\u00e9 que \u00ab\u202f<em>pour la premi\u00e8re fois, nous disposons d\u2019une l\u00e9gislation sur l\u2019\u00e9conomie circulaire qui couvre l\u2019ensemble du cycle de vie d\u2019un produit. [\u2026] Ces mesures pourraient devenir une r\u00e9f\u00e9rence pour l\u2019ensemble du march\u00e9 mondial des batteries.<\/em>\u202f\u00bb<\/p>\n<p>Apr\u00e8s le vote final en session pl\u00e9ni\u00e8re du Parlement europ\u00e9en avec 587 voix pour, 9 contre et 20 abstentions, le Conseil europ\u00e9en doit formellement approuver le texte avant sa publication au Journal officiel de l\u2019U.E. dans la foul\u00e9e pour que la directive entre en vigueur.<\/p>\n","protected":false},"excerpt":{"rendered":"<p>Le Parlement europ\u00e9en a approuv\u00e9 une directive qui oblige que les batteries des appareils portables mis sur le march\u00e9 de l\u2019Union europ\u00e9enne soient faciles \u00e0 retirer et remplacer par les utilisateurs.<\/p>\n","protected":false},"author":1,"featured_media":28582,"comment_status":"closed","ping_status":"open","sticky":false,"template":"","format":"standard","meta":{"wp_typography_post_enhancements_disabled":false,"footnotes":""},"categories":[3016],"tags":[478,911,464,467,914,473,433,428,781,913,430,418,491,460,523,434,504,453,1334,437,505,513],"class_list":["post-28576","post","type-post","status-publish","format-standard","has-post-thumbnail","hentry","category-environnement","tag-allemagne","tag-autriche","tag-belgique","tag-bulgarie","tag-croatie","tag-danemark","tag-espagne","tag-france-fr","tag-grece","tag-hongrie","tag-irlande","tag-italie","tag-lettonie","tag-lituanie","tag-monde","tag-pays-bas","tag-pologne","tag-portugal","tag-nouveau","tag-republique-tcheque","tag-roumanie","tag-suede"],"yoast_head":"<!-- This site is optimized with the Yoast SEO Premium plugin v27.4 (Yoast SEO v27.4) - https:\/\/yoast.com\/product\/yoast-seo-premium-wordpress\/ -->\n<title>Les batteries d&#039;ordinateurs et de smartphones dans l&#039;U.E. devront \u00eatre faciles \u00e0 changer par les utilisateurs<\/title>\n<meta name=\"description\" content=\"Le Parlement europ\u00e9en a approuv\u00e9 une directive qui oblige que les batteries des appareils portables mis sur le march\u00e9 de l&#039;Union europ\u00e9enne soient faciles \u00e0 retirer et remplacer par les utilisateurs.\" \/>\n<meta name=\"robots\" content=\"index, follow, max-snippet:-1, max-image-preview:large, max-video-preview:-1\" \/>\n<link rel=\"canonical\" href=\"https:\/\/www.newsendip.com\/fr\/les-batteries-dordinateurs-et-de-smartphones-dans-lu-e-devront-etre-faciles-a-changer-par-les-utilisateurs\/\" \/>\n<meta property=\"og:locale\" content=\"fr_FR\" \/>\n<meta property=\"og:type\" content=\"article\" \/>\n<meta property=\"og:title\" content=\"Les batteries d&#039;ordinateurs et de smartphones dans l&#039;U.E. devront \u00eatre faciles \u00e0 changer par les utilisateurs\" \/>\n<meta property=\"og:description\" content=\"Le Parlement europ\u00e9en a approuv\u00e9 une directive qui oblige que les batteries des appareils portables mis sur le march\u00e9 de l&#039;Union europ\u00e9enne soient faciles \u00e0 retirer et remplacer par les utilisateurs.\" \/>\n<meta property=\"og:url\" content=\"https:\/\/www.newsendip.com\/fr\/les-batteries-dordinateurs-et-de-smartphones-dans-lu-e-devront-etre-faciles-a-changer-par-les-utilisateurs\/\" \/>\n<meta property=\"og:site_name\" content=\"Newsendip\" \/>\n<meta property=\"article:publisher\" content=\"https:\/\/www.facebook.com\/newsendip\" \/>\n<meta property=\"article:published_time\" content=\"2023-06-14T18:59:50+00:00\" \/>\n<meta property=\"article:modified_time\" content=\"2024-07-16T15:07:04+00:00\" \/>\n<meta property=\"og:image\" content=\"https:\/\/www.newsendip.com\/wp-content\/uploads\/2023\/06\/iphone-smartphone-battery.jpeg\" \/>\n\t<meta property=\"og:image:width\" content=\"1920\" \/>\n\t<meta property=\"og:image:height\" content=\"1402\" \/>\n\t<meta property=\"og:image:type\" content=\"image\/jpeg\" \/>\n<meta name=\"author\" content=\"Cl\u00e9ment V\u00e9rit\u00e9\" \/>\n<meta name=\"twitter:card\" content=\"summary_large_image\" \/>\n<meta name=\"twitter:image\" content=\"https:\/\/www.newsendip.com\/wp-content\/uploads\/2023\/06\/iphone-smartphone-battery.jpeg\" \/>\n<meta name=\"twitter:creator\" content=\"@https:\/\/twitter.com\/cverite\" \/>\n<meta name=\"twitter:site\" content=\"@newsendip\" \/>\n<meta name=\"twitter:label1\" content=\"\u00c9crit par\" \/>\n\t<meta name=\"twitter:data1\" content=\"Cl\u00e9ment V\u00e9rit\u00e9\" \/>\n\t<meta name=\"twitter:label2\" content=\"Dur\u00e9e de lecture estim\u00e9e\" \/>\n\t<meta name=\"twitter:data2\" content=\"3 minutes\" \/>\n<!-- \/ Yoast SEO Premium plugin. -->","yoast_head_json":{"title":"Les batteries d'ordinateurs et de smartphones dans l'U.E. devront \u00eatre faciles \u00e0 changer par les utilisateurs","description":"Le Parlement europ\u00e9en a approuv\u00e9 une directive qui oblige que les batteries des appareils portables mis sur le march\u00e9 de l'Union europ\u00e9enne soient faciles \u00e0 retirer et remplacer par les utilisateurs.","robots":{"index":"index","follow":"follow","max-snippet":"max-snippet:-1","max-image-preview":"max-image-preview:large","max-video-preview":"max-video-preview:-1"},"canonical":"https:\/\/www.newsendip.com\/fr\/les-batteries-dordinateurs-et-de-smartphones-dans-lu-e-devront-etre-faciles-a-changer-par-les-utilisateurs\/","og_locale":"fr_FR","og_type":"article","og_title":"Les batteries d'ordinateurs et de smartphones dans l'U.E. devront \u00eatre faciles \u00e0 changer par les utilisateurs","og_description":"Le Parlement europ\u00e9en a approuv\u00e9 une directive qui oblige que les batteries des appareils portables mis sur le march\u00e9 de l'Union europ\u00e9enne soient faciles \u00e0 retirer et remplacer par les utilisateurs.","og_url":"https:\/\/www.newsendip.com\/fr\/les-batteries-dordinateurs-et-de-smartphones-dans-lu-e-devront-etre-faciles-a-changer-par-les-utilisateurs\/","og_site_name":"Newsendip","article_publisher":"https:\/\/www.facebook.com\/newsendip","article_published_time":"2023-06-14T18:59:50+00:00","article_modified_time":"2024-07-16T15:07:04+00:00","og_image":[{"width":1920,"height":1402,"url":"https:\/\/www.newsendip.com\/wp-content\/uploads\/2023\/06\/iphone-smartphone-battery.jpeg","type":"image\/jpeg"}],"author":"Cl\u00e9ment V\u00e9rit\u00e9","twitter_card":"summary_large_image","twitter_image":"https:\/\/www.newsendip.com\/wp-content\/uploads\/2023\/06\/iphone-smartphone-battery.jpeg","twitter_creator":"@https:\/\/twitter.com\/cverite","twitter_site":"@newsendip","twitter_misc":{"\u00c9crit par":"Cl\u00e9ment V\u00e9rit\u00e9","Dur\u00e9e de lecture estim\u00e9e":"3 minutes"},"schema":{"@context":"https:\/\/schema.org","@graph":[{"@type":"NewsArticle","@id":"https:\/\/www.newsendip.com\/fr\/les-batteries-dordinateurs-et-de-smartphones-dans-lu-e-devront-etre-faciles-a-changer-par-les-utilisateurs\/#article","isPartOf":{"@id":"https:\/\/www.newsendip.com\/fr\/les-batteries-dordinateurs-et-de-smartphones-dans-lu-e-devront-etre-faciles-a-changer-par-les-utilisateurs\/"},"author":{"name":"Cl\u00e9ment V\u00e9rit\u00e9","@id":"https:\/\/www.newsendip.com\/fr\/#\/schema\/person\/ea22c01755f464a3cbc2c619584d6363"},"headline":"Les batteries d\u2019ordinateurs et de smartphones dans l\u2019U.E. devront \u00eatre faciles \u00e0 changer par les utilisateurs","datePublished":"2023-06-14T18:59:50+00:00","dateModified":"2024-07-16T15:07:04+00:00","mainEntityOfPage":{"@id":"https:\/\/www.newsendip.com\/fr\/les-batteries-dordinateurs-et-de-smartphones-dans-lu-e-devront-etre-faciles-a-changer-par-les-utilisateurs\/"},"wordCount":715,"publisher":{"@id":"https:\/\/www.newsendip.com\/fr\/#organization"},"image":{"@id":"https:\/\/www.newsendip.com\/fr\/les-batteries-dordinateurs-et-de-smartphones-dans-lu-e-devront-etre-faciles-a-changer-par-les-utilisateurs\/#primaryimage"},"thumbnailUrl":"https:\/\/www.newsendip.com\/wp-content\/uploads\/2023\/06\/iphone-smartphone-battery.webp","keywords":["Allemagne","Autriche","Belgique","Bulgarie","Croatie","Danemark","Espagne","France","Gr\u00e8ce","Hongrie","Irlande","Italie","Lettonie","Lituanie","Monde","Pays-Bas","Pologne","Portugal","R\u00e9cent","R\u00e9publique tch\u00e8que","Roumanie","Su\u00e8de"],"articleSection":["Environnement"],"inLanguage":"fr-FR","copyrightYear":"2023","copyrightHolder":{"@id":"https:\/\/www.newsendip.com\/#organization"}},{"@type":"WebPage","@id":"https:\/\/www.newsendip.com\/fr\/les-batteries-dordinateurs-et-de-smartphones-dans-lu-e-devront-etre-faciles-a-changer-par-les-utilisateurs\/","url":"https:\/\/www.newsendip.com\/fr\/les-batteries-dordinateurs-et-de-smartphones-dans-lu-e-devront-etre-faciles-a-changer-par-les-utilisateurs\/","name":"Les batteries d'ordinateurs et de smartphones dans l'U.E. devront \u00eatre faciles \u00e0 changer par les utilisateurs","isPartOf":{"@id":"https:\/\/www.newsendip.com\/fr\/#website"},"primaryImageOfPage":{"@id":"https:\/\/www.newsendip.com\/fr\/les-batteries-dordinateurs-et-de-smartphones-dans-lu-e-devront-etre-faciles-a-changer-par-les-utilisateurs\/#primaryimage"},"image":{"@id":"https:\/\/www.newsendip.com\/fr\/les-batteries-dordinateurs-et-de-smartphones-dans-lu-e-devront-etre-faciles-a-changer-par-les-utilisateurs\/#primaryimage"},"thumbnailUrl":"https:\/\/www.newsendip.com\/wp-content\/uploads\/2023\/06\/iphone-smartphone-battery.webp","datePublished":"2023-06-14T18:59:50+00:00","dateModified":"2024-07-16T15:07:04+00:00","description":"Le Parlement europ\u00e9en a approuv\u00e9 une directive qui oblige que les batteries des appareils portables mis sur le march\u00e9 de l'Union europ\u00e9enne soient faciles \u00e0 retirer et remplacer par les utilisateurs.","breadcrumb":{"@id":"https:\/\/www.newsendip.com\/fr\/les-batteries-dordinateurs-et-de-smartphones-dans-lu-e-devront-etre-faciles-a-changer-par-les-utilisateurs\/#breadcrumb"},"inLanguage":"fr-FR","potentialAction":[{"@type":"ReadAction","target":["https:\/\/www.newsendip.com\/fr\/les-batteries-dordinateurs-et-de-smartphones-dans-lu-e-devront-etre-faciles-a-changer-par-les-utilisateurs\/"]}]},{"@type":"ImageObject","inLanguage":"fr-FR","@id":"https:\/\/www.newsendip.com\/fr\/les-batteries-dordinateurs-et-de-smartphones-dans-lu-e-devront-etre-faciles-a-changer-par-les-utilisateurs\/#primaryimage","url":"https:\/\/www.newsendip.com\/wp-content\/uploads\/2023\/06\/iphone-smartphone-battery.webp","contentUrl":"https:\/\/www.newsendip.com\/wp-content\/uploads\/2023\/06\/iphone-smartphone-battery.webp","width":1920,"height":1402,"caption":"Batterie d'un iPhone d'Apple. Les consommateurs qui ach\u00e8tent des ordinateurs portables et des smartphones dans l'Union europ\u00e9enne pourront bient\u00f4t remplacer facilement la batterie de leurs appareils. | \u00a9 Tyler Lastovich"},{"@type":"BreadcrumbList","@id":"https:\/\/www.newsendip.com\/fr\/les-batteries-dordinateurs-et-de-smartphones-dans-lu-e-devront-etre-faciles-a-changer-par-les-utilisateurs\/#breadcrumb","itemListElement":[{"@type":"ListItem","position":1,"name":"Accueil","item":"https:\/\/www.newsendip.com\/fr\/"},{"@type":"ListItem","position":2,"name":"Les batteries d&#8217;ordinateurs et de smartphones dans l&#8217;U.E. devront \u00eatre faciles \u00e0 changer par les utilisateurs"}]},{"@type":"WebSite","@id":"https:\/\/www.newsendip.com\/fr\/#website","url":"https:\/\/www.newsendip.com\/fr\/","name":"Newsendip","description":"Red\u00e9couvrez l&#039;actualit\u00e9 internationale","publisher":{"@id":"https:\/\/www.newsendip.com\/fr\/#organization"},"potentialAction":[{"@type":"SearchAction","target":{"@type":"EntryPoint","urlTemplate":"https:\/\/www.newsendip.com\/fr\/?s={search_term_string}"},"query-input":{"@type":"PropertyValueSpecification","valueRequired":true,"valueName":"search_term_string"}}],"inLanguage":"fr-FR"},{"@type":"Organization","@id":"https:\/\/www.newsendip.com\/fr\/#organization","name":"Newsendip","url":"https:\/\/www.newsendip.com\/fr\/","logo":{"@type":"ImageObject","inLanguage":"fr-FR","@id":"https:\/\/www.newsendip.com\/fr\/#\/schema\/logo\/image\/","url":"https:\/\/www.newsendip.com\/wp-content\/uploads\/2023\/12\/512x512.svg","contentUrl":"https:\/\/www.newsendip.com\/wp-content\/uploads\/2023\/12\/512x512.svg","width":1,"height":1,"caption":"Newsendip"},"image":{"@id":"https:\/\/www.newsendip.com\/fr\/#\/schema\/logo\/image\/"},"sameAs":["https:\/\/www.facebook.com\/newsendip","https:\/\/x.com\/newsendip","https:\/\/mastodon.social\/@newsendip","https:\/\/www.linkedin.com\/company\/newsendip"],"description":"Newsendip est un site qui a pour mission de rendre l'actualit\u00e9 internationale accessible et diversifi\u00e9e","email":"contact@newsendip.com","legalName":"Newsendip SAS","foundingDate":"2022-11-04","vatID":"FR60921124723","numberOfEmployees":{"@type":"QuantitativeValue","minValue":"1","maxValue":"10"},"publishingPrinciples":"https:\/\/www.newsendip.com\/about-us\/","ownershipFundingInfo":"https:\/\/www.newsendip.com\/legal-notice\/","actionableFeedbackPolicy":"https:\/\/www.newsendip.com\/about-us\/","correctionsPolicy":"https:\/\/www.newsendip.com\/about-us\/","ethicsPolicy":"https:\/\/www.newsendip.com\/about-us\/","diversityPolicy":"https:\/\/www.newsendip.com\/about-us\/"},{"@type":"Person","@id":"https:\/\/www.newsendip.com\/fr\/#\/schema\/person\/ea22c01755f464a3cbc2c619584d6363","name":"Cl\u00e9ment V\u00e9rit\u00e9","description":"Cl\u00e9ment is the executive editor and founder of Newsendip. He started in the media industry as a freelance reporter at 16 for a local French newspaper after school and has never left it. He later worked for seven years at The New York Times, notably as a data analyst. He holds a Master of Management in France and a Master of Arts in the United Kingdom in International Marketing &amp; Communications Strategy. He has lived in France, the United Kingdom, and Italy.","sameAs":["https:\/\/www.newsendip.com\/","https:\/\/www.linkedin.com\/in\/clementverite\/","https:\/\/x.com\/https:\/\/twitter.com\/cverite"],"knowsAbout":["News","International","Business","Media monitoring"],"knowsLanguage":["English","French","Italian","Spanish"],"url":"https:\/\/www.newsendip.com\/fr\/author\/clement-verite\/"}]}},"_links":{"self":[{"href":"https:\/\/www.newsendip.com\/fr\/wp-json\/wp\/v2\/posts\/28576","targetHints":{"allow":["GET"]}}],"collection":[{"href":"https:\/\/www.newsendip.com\/fr\/wp-json\/wp\/v2\/posts"}],"about":[{"href":"https:\/\/www.newsendip.com\/fr\/wp-json\/wp\/v2\/types\/post"}],"author":[{"embeddable":true,"href":"https:\/\/www.newsendip.com\/fr\/wp-json\/wp\/v2\/users\/1"}],"replies":[{"embeddable":true,"href":"https:\/\/www.newsendip.com\/fr\/wp-json\/wp\/v2\/comments?post=28576"}],"version-history":[{"count":0,"href":"https:\/\/www.newsendip.com\/fr\/wp-json\/wp\/v2\/posts\/28576\/revisions"}],"wp:featuredmedia":[{"embeddable":true,"href":"https:\/\/www.newsendip.com\/fr\/wp-json\/wp\/v2\/media\/28582"}],"wp:attachment":[{"href":"https:\/\/www.newsendip.com\/fr\/wp-json\/wp\/v2\/media?parent=28576"}],"wp:term":[{"taxonomy":"category","embeddable":true,"href":"https:\/\/www.newsendip.com\/fr\/wp-json\/wp\/v2\/categories?post=28576"},{"taxonomy":"post_tag","embeddable":true,"href":"https:\/\/www.newsendip.com\/fr\/wp-json\/wp\/v2\/tags?post=28576"}],"curies":[{"name":"wp","href":"https:\/\/api.w.org\/{rel}","templated":true}]}}