{"id":28735,"date":"2023-06-26T19:15:56","date_gmt":"2023-06-26T17:15:56","guid":{"rendered":"https:\/\/www.newsendip.com\/?p=28735"},"modified":"2024-07-23T17:34:53","modified_gmt":"2024-07-23T15:34:53","slug":"en-italie-la-cour-de-cassation-confirme-la-revocation-dune-enseignante-absente-20-ans-sur-24","status":"publish","type":"post","link":"https:\/\/www.newsendip.com\/fr\/en-italie-la-cour-de-cassation-confirme-la-revocation-dune-enseignante-absente-20-ans-sur-24\/","title":{"rendered":"En Italie, la Cour de cassation confirme la r\u00e9vocation d\u2019une enseignante absente 20 ans sur&nbsp;24"},"content":{"rendered":"<p><strong>En Italie, la Cour de cassation a confirm\u00e9 la r\u00e9vocation d\u2019une professeure d\u2019histoire et de philosophie d\u2019un lyc\u00e9e de la r\u00e9gion de la V\u00e9n\u00e9tie pour ses m\u00e9thodes d\u2019enseignement douteuses durant ses 24 ann\u00e9es de carri\u00e8re au cours de laquelle elle fut absente la plupart du&nbsp;temps.<\/strong><\/p>\n<figure id=\"attachment_28745\" aria-describedby=\"caption-attachment-28745\" style=\"width: 1024px\" class=\"wp-caption aligncenter\"><img decoding=\"async\" class=\"wp-image-28745 size-large\" src=\"https:\/\/www.newsendip.com\/wp-content\/uploads\/2023\/06\/cassation-court-1024x768.webp\" alt=\"Cour de Cassation d'Italie\" width=\"1024\" height=\"768\" srcset=\"https:\/\/www.newsendip.com\/wp-content\/uploads\/2023\/06\/cassation-court-1024x768.webp 1024w, https:\/\/www.newsendip.com\/wp-content\/uploads\/2023\/06\/cassation-court-60x45.webp 60w, https:\/\/www.newsendip.com\/wp-content\/uploads\/2023\/06\/cassation-court-300x225.webp 300w, https:\/\/www.newsendip.com\/wp-content\/uploads\/2023\/06\/cassation-court-768x576.webp 768w, https:\/\/www.newsendip.com\/wp-content\/uploads\/2023\/06\/cassation-court-1536x1152.webp 1536w, https:\/\/www.newsendip.com\/wp-content\/uploads\/2023\/06\/cassation-court.webp 2048w\" sizes=\"(max-width: 1024px) 100vw, 1024px\"><figcaption id=\"caption-attachment-28745\" class=\"wp-caption-text\">Cour de Cassation d\u2019Italie. Illustration | \u00a9 Jens-Olaf Walter<\/figcaption><\/figure>\n<p>L\u2019agence de presse italienne <a href=\"https:\/\/twitter.com\/G_Valditara\/status\/1673021177990619136\">ANSA<\/a> rapporte le 26 juin que la Cour de cassation a confirm\u00e9 la r\u00e9vocation d\u2019une enseignante d\u2019histoire et de philosophie aux m\u00e9thodes d\u2019enseignement contest\u00e9es. De plus, elle n\u2019aura finalement travaill\u00e9 que 4 ans sur les 24 derni\u00e8res ann\u00e9es de sa carri\u00e8re.<\/p>\n<p>Les 10 premi\u00e8res ann\u00e9es ont \u00e9t\u00e9 marqu\u00e9es par une absence totale tandis que les 14 autres comprennent plus de 10 ann\u00e9es de cong\u00e9s maladies. Elle n\u2019aura au final enseign\u00e9 que quatre mois cons\u00e9cutifs lors desquels elle a provoqu\u00e9 de nombreuses plaintes des \u00e9l\u00e8ves et des parents.<\/p>\n<p>\u00ab\u202f<em>Approximative, impartiale et pas pr\u00e9par\u00e9e<\/em>\u202f\u00bb \u00e0 ses cours, c\u2019est le t\u00e9moignage des anciens \u00e9l\u00e8ves de cette enseignante de 56 ans, au lyc\u00e9e de Chioggia, non loin de Venise.<\/p>\n<p>Apr\u00e8s le verdict de la cour de cassation, elle vient d\u2019\u00eatre r\u00e9voqu\u00e9e pour son \u00ab\u202f<em>incomp\u00e9tence permanente et absolue<\/em>\u202f\u00bb. La cour indique que la notion de libert\u00e9 dans l\u2019enseignement \u00ab\u202f<em>inclut certes une autonomie dans le choix des m\u00e9thodes d\u2019enseignements appropri\u00e9s<\/em>\u202f\u00bb, mais cela \u00ab\u202f<em>ne signifie pas que l\u2019enseignant ne mette en \u0153uvre aucune m\u00e9thode ni qu\u2019il ne peut organiser et structurer le cours<\/em>\u202f\u00bb.<\/p>\n<p>Avant ce jugement, le directeur du lyc\u00e9e de Chioggia avait demand\u00e9 une inspection de cette <a href=\"https:\/\/www.newsendip.com\/fr\/en-roumanie-vers-une-interdiction-des-cours-particuliers-enseignants-a-leurs-propres-eleves\/\">professeure<\/a> par le MIUR, le minist\u00e8re de l\u2019\u00e9ducation, de l\u2019enseignement sup\u00e9rieur et de la recherche.<\/p>\n<p>Durant ces 3 jours, les inspecteurs du MIUR avaient pu s\u2019apercevoir de ses m\u00e9thodes. L\u2019enseignante \u00e9tait inattentive aux questions des \u00e9l\u00e8ves, utilisait tr\u00e8s r\u00e9guli\u00e8rement son <a href=\"https:\/\/www.newsendip.com\/fr\/les-adolescents-italiens-accros-aux-smartphones-et-avec-des-risques-de-revenge-porn\/\">t\u00e9l\u00e9phone<\/a>. L\u2019inspection avait relev\u00e9 des probl\u00e8mes dans l\u2019apprentissage des programmes et <a href=\"https:\/\/www.newsendip.com\/fr\/le-premier-ministre-britannique-rishi-sunak-contre-la-mentalite-anti-maths-dans-le-pays\/\">certains sujets n\u2019\u00e9taient pas trait\u00e9s<\/a>. Par exemple, elle n\u2019abordait pas le travail du philosophe allemand Hegel alors que cela faisait partie du programme des \u00e9l\u00e8ves.<\/p>\n<p>A la fin de cette inspection en mars 2013, le MIUR relatait \u00ab\u202f<em>l\u2019absence de crit\u00e8res durables dans l\u2019attribution des notes, le manque de clart\u00e9 et la confusion dans les explications, l\u2019improvisation, la lecture m\u00e9canique du manuel emprunt\u00e9 \u00e0 un \u00e9l\u00e8ve, l\u2019absence de fil logique dans l\u2019encha\u00eenement des cours, l\u2019attribution des notes de mani\u00e8re improvis\u00e9e et humoristique, la mauvaise mani\u00e8re d\u2019organiser et de pr\u00e9parer les examens.<\/em> \u00bb<\/p>\n<p>Ce jugement montre tout de m\u00eame les lenteurs de la justice italienne. Apr\u00e8s l\u2019inspection de 2013, le minist\u00e8re avait propos\u00e9 de suspendre l\u2019enseignante ce qu\u2019elle avait refus\u00e9 en mettant en avant la \u00ab\u202f<em>libert\u00e9 d\u2019enseignement<\/em>\u202f\u00bb. Un premier verdict avait alors \u00e9t\u00e9 rendu en&nbsp;2018.<\/p>\n<p>Mais le juge du travail avait refus\u00e9 le r\u00e9vocation parce que l\u2019inspection \u00e9tait trop courte \u00e0 cause des ses absences r\u00e9p\u00e9t\u00e9es afin d\u2019\u00e9mettre une d\u00e9cision. En 2021, la cour d\u2019appel de Venise avait prononc\u00e9 la r\u00e9vocation, confirm\u00e9e donc en 2023 par la cour de cassation.<\/p>\n<p>Cette affaire a fait r\u00e9agir de l\u2019autre c\u00f4t\u00e9 des Alpes jusqu\u2019au ministre de l\u2019\u00e9ducation, Giuseppe Valditara. Sur <a href=\"https:\/\/twitter.com\/G_Valditara\/status\/1673021177990619136\">Twitter<\/a>, il a insist\u00e9 sur la rigueur n\u00e9cessaire, l\u2019importance du r\u00f4le d\u2019enseignant et les efforts que le minist\u00e8re va faire pour que l\u2019enseignement se d\u00e9roule avec professionnalisme.<\/p>\n<p><a href=\"https:\/\/www.newsendip.com\/fr\/etiquette\/italie\/\"><strong>D\u00e9couvrez plus d\u2019actualit\u00e9s sur l\u2019Italie<\/strong><\/a><\/p>\n","protected":false},"excerpt":{"rendered":"<p>En Italie, la Cour de cassation a confirm\u00e9 la r\u00e9vocation d\u2019une professeure d\u2019histoire et de philosophie d\u2019un lyc\u00e9e de la r\u00e9gion de la V\u00e9n\u00e9tie pour ses m\u00e9thodes d\u2019enseignement douteuses durant ses 24 ann\u00e9es de carri\u00e8re au cours de laquelle elle fut absente la plupart du&nbsp;temps.<\/p>\n","protected":false},"author":136,"featured_media":28745,"comment_status":"closed","ping_status":"open","sticky":false,"template":"","format":"standard","meta":{"wp_typography_post_enhancements_disabled":false,"footnotes":""},"categories":[409],"tags":[418,1334],"class_list":["post-28735","post","type-post","status-publish","format-standard","has-post-thumbnail","hentry","category-societe","tag-italie","tag-nouveau"],"yoast_head":"<!-- This site is optimized with the Yoast SEO Premium plugin v27.4 (Yoast SEO v27.4) - https:\/\/yoast.com\/product\/yoast-seo-premium-wordpress\/ -->\n<title>En Italie, la Cour de cassation confirme la r\u00e9vocation d&#039;une enseignante absente 20 ans sur 24<\/title>\n<meta name=\"description\" content=\"En Italie, la Cour de cassation a confirm\u00e9 la r\u00e9vocation d&#039;une professeure d\u2019histoire et de philosophie d&#039;un lyc\u00e9e de la r\u00e9gion de la V\u00e9n\u00e9tie pour ses m\u00e9thodes d\u2019enseignement douteuses durant ses 24 ann\u00e9es de carri\u00e8re au cours de laquelle elle fut absente la plupart du temps.\" \/>\n<meta name=\"robots\" content=\"index, follow, max-snippet:-1, max-image-preview:large, max-video-preview:-1\" \/>\n<link rel=\"canonical\" href=\"https:\/\/www.newsendip.com\/fr\/en-italie-la-cour-de-cassation-confirme-la-revocation-dune-enseignante-absente-20-ans-sur-24\/\" \/>\n<meta property=\"og:locale\" content=\"fr_FR\" \/>\n<meta property=\"og:type\" content=\"article\" \/>\n<meta property=\"og:title\" content=\"En Italie, la Cour de cassation confirme la r\u00e9vocation d&#039;une enseignante absente 20 ans sur 24\" \/>\n<meta property=\"og:description\" content=\"En Italie, la Cour de cassation a confirm\u00e9 la r\u00e9vocation d&#039;une professeure d\u2019histoire et de philosophie d&#039;un lyc\u00e9e de la r\u00e9gion de la V\u00e9n\u00e9tie pour ses m\u00e9thodes d\u2019enseignement douteuses durant ses 24 ann\u00e9es de carri\u00e8re au cours de laquelle elle fut absente la plupart du temps.\" \/>\n<meta property=\"og:url\" content=\"https:\/\/www.newsendip.com\/fr\/en-italie-la-cour-de-cassation-confirme-la-revocation-dune-enseignante-absente-20-ans-sur-24\/\" \/>\n<meta property=\"og:site_name\" content=\"Newsendip\" \/>\n<meta property=\"article:publisher\" content=\"https:\/\/www.facebook.com\/newsendip\" \/>\n<meta property=\"article:published_time\" content=\"2023-06-26T17:15:56+00:00\" \/>\n<meta property=\"article:modified_time\" content=\"2024-07-23T15:34:53+00:00\" \/>\n<meta property=\"og:image\" content=\"https:\/\/www.newsendip.com\/wp-content\/uploads\/2023\/06\/cassation-court.jpeg\" \/>\n\t<meta property=\"og:image:width\" content=\"2048\" \/>\n\t<meta property=\"og:image:height\" content=\"1536\" \/>\n\t<meta property=\"og:image:type\" content=\"image\/jpeg\" \/>\n<meta name=\"author\" content=\"Antonin Perrault\" \/>\n<meta name=\"twitter:card\" content=\"summary_large_image\" \/>\n<meta name=\"twitter:image\" content=\"https:\/\/www.newsendip.com\/wp-content\/uploads\/2023\/06\/cassation-court.jpeg\" \/>\n<meta name=\"twitter:creator\" content=\"@newsendip\" \/>\n<meta name=\"twitter:site\" content=\"@newsendip\" \/>\n<meta name=\"twitter:label1\" content=\"\u00c9crit par\" \/>\n\t<meta name=\"twitter:data1\" content=\"Antonin Perrault\" \/>\n\t<meta name=\"twitter:label2\" content=\"Dur\u00e9e de lecture estim\u00e9e\" \/>\n\t<meta name=\"twitter:data2\" content=\"3 minutes\" \/>\n<!-- \/ Yoast SEO Premium plugin. -->","yoast_head_json":{"title":"En Italie, la Cour de cassation confirme la r\u00e9vocation d'une enseignante absente 20 ans sur 24","description":"En Italie, la Cour de cassation a confirm\u00e9 la r\u00e9vocation d'une professeure d\u2019histoire et de philosophie d'un lyc\u00e9e de la r\u00e9gion de la V\u00e9n\u00e9tie pour ses m\u00e9thodes d\u2019enseignement douteuses durant ses 24 ann\u00e9es de carri\u00e8re au cours de laquelle elle fut absente la plupart du temps.","robots":{"index":"index","follow":"follow","max-snippet":"max-snippet:-1","max-image-preview":"max-image-preview:large","max-video-preview":"max-video-preview:-1"},"canonical":"https:\/\/www.newsendip.com\/fr\/en-italie-la-cour-de-cassation-confirme-la-revocation-dune-enseignante-absente-20-ans-sur-24\/","og_locale":"fr_FR","og_type":"article","og_title":"En Italie, la Cour de cassation confirme la r\u00e9vocation d'une enseignante absente 20 ans sur 24","og_description":"En Italie, la Cour de cassation a confirm\u00e9 la r\u00e9vocation d'une professeure d\u2019histoire et de philosophie d'un lyc\u00e9e de la r\u00e9gion de la V\u00e9n\u00e9tie pour ses m\u00e9thodes d\u2019enseignement douteuses durant ses 24 ann\u00e9es de carri\u00e8re au cours de laquelle elle fut absente la plupart du temps.","og_url":"https:\/\/www.newsendip.com\/fr\/en-italie-la-cour-de-cassation-confirme-la-revocation-dune-enseignante-absente-20-ans-sur-24\/","og_site_name":"Newsendip","article_publisher":"https:\/\/www.facebook.com\/newsendip","article_published_time":"2023-06-26T17:15:56+00:00","article_modified_time":"2024-07-23T15:34:53+00:00","og_image":[{"width":2048,"height":1536,"url":"https:\/\/www.newsendip.com\/wp-content\/uploads\/2023\/06\/cassation-court.jpeg","type":"image\/jpeg"}],"author":"Antonin Perrault","twitter_card":"summary_large_image","twitter_image":"https:\/\/www.newsendip.com\/wp-content\/uploads\/2023\/06\/cassation-court.jpeg","twitter_creator":"@newsendip","twitter_site":"@newsendip","twitter_misc":{"\u00c9crit par":"Antonin Perrault","Dur\u00e9e de lecture estim\u00e9e":"3 minutes"},"schema":{"@context":"https:\/\/schema.org","@graph":[{"@type":"NewsArticle","@id":"https:\/\/www.newsendip.com\/fr\/en-italie-la-cour-de-cassation-confirme-la-revocation-dune-enseignante-absente-20-ans-sur-24\/#article","isPartOf":{"@id":"https:\/\/www.newsendip.com\/fr\/en-italie-la-cour-de-cassation-confirme-la-revocation-dune-enseignante-absente-20-ans-sur-24\/"},"author":{"name":"Antonin Perrault","@id":"https:\/\/www.newsendip.com\/fr\/#\/schema\/person\/48e743318265f0b4efed7fb507e9dcd6"},"headline":"En Italie, la Cour de cassation confirme la r\u00e9vocation d\u2019une enseignante absente 20 ans sur&nbsp;24","datePublished":"2023-06-26T17:15:56+00:00","dateModified":"2024-07-23T15:34:53+00:00","mainEntityOfPage":{"@id":"https:\/\/www.newsendip.com\/fr\/en-italie-la-cour-de-cassation-confirme-la-revocation-dune-enseignante-absente-20-ans-sur-24\/"},"wordCount":651,"publisher":{"@id":"https:\/\/www.newsendip.com\/fr\/#organization"},"image":{"@id":"https:\/\/www.newsendip.com\/fr\/en-italie-la-cour-de-cassation-confirme-la-revocation-dune-enseignante-absente-20-ans-sur-24\/#primaryimage"},"thumbnailUrl":"https:\/\/www.newsendip.com\/wp-content\/uploads\/2023\/06\/cassation-court.webp","keywords":["Italie","R\u00e9cent"],"articleSection":["Soci\u00e9t\u00e9"],"inLanguage":"fr-FR","copyrightYear":"2023","copyrightHolder":{"@id":"https:\/\/www.newsendip.com\/#organization"}},{"@type":"WebPage","@id":"https:\/\/www.newsendip.com\/fr\/en-italie-la-cour-de-cassation-confirme-la-revocation-dune-enseignante-absente-20-ans-sur-24\/","url":"https:\/\/www.newsendip.com\/fr\/en-italie-la-cour-de-cassation-confirme-la-revocation-dune-enseignante-absente-20-ans-sur-24\/","name":"En Italie, la Cour de cassation confirme la r\u00e9vocation d'une enseignante absente 20 ans sur 24","isPartOf":{"@id":"https:\/\/www.newsendip.com\/fr\/#website"},"primaryImageOfPage":{"@id":"https:\/\/www.newsendip.com\/fr\/en-italie-la-cour-de-cassation-confirme-la-revocation-dune-enseignante-absente-20-ans-sur-24\/#primaryimage"},"image":{"@id":"https:\/\/www.newsendip.com\/fr\/en-italie-la-cour-de-cassation-confirme-la-revocation-dune-enseignante-absente-20-ans-sur-24\/#primaryimage"},"thumbnailUrl":"https:\/\/www.newsendip.com\/wp-content\/uploads\/2023\/06\/cassation-court.webp","datePublished":"2023-06-26T17:15:56+00:00","dateModified":"2024-07-23T15:34:53+00:00","description":"En Italie, la Cour de cassation a confirm\u00e9 la r\u00e9vocation d'une professeure d\u2019histoire et de philosophie d'un lyc\u00e9e de la r\u00e9gion de la V\u00e9n\u00e9tie pour ses m\u00e9thodes d\u2019enseignement douteuses durant ses 24 ann\u00e9es de carri\u00e8re au cours de laquelle elle fut absente la plupart du temps.","breadcrumb":{"@id":"https:\/\/www.newsendip.com\/fr\/en-italie-la-cour-de-cassation-confirme-la-revocation-dune-enseignante-absente-20-ans-sur-24\/#breadcrumb"},"inLanguage":"fr-FR","potentialAction":[{"@type":"ReadAction","target":["https:\/\/www.newsendip.com\/fr\/en-italie-la-cour-de-cassation-confirme-la-revocation-dune-enseignante-absente-20-ans-sur-24\/"]}]},{"@type":"ImageObject","inLanguage":"fr-FR","@id":"https:\/\/www.newsendip.com\/fr\/en-italie-la-cour-de-cassation-confirme-la-revocation-dune-enseignante-absente-20-ans-sur-24\/#primaryimage","url":"https:\/\/www.newsendip.com\/wp-content\/uploads\/2023\/06\/cassation-court.webp","contentUrl":"https:\/\/www.newsendip.com\/wp-content\/uploads\/2023\/06\/cassation-court.webp","width":2048,"height":1536,"caption":"Cour de Cassation d'Italie. Illustration | \u00a9 Jens-Olaf Walter"},{"@type":"BreadcrumbList","@id":"https:\/\/www.newsendip.com\/fr\/en-italie-la-cour-de-cassation-confirme-la-revocation-dune-enseignante-absente-20-ans-sur-24\/#breadcrumb","itemListElement":[{"@type":"ListItem","position":1,"name":"Accueil","item":"https:\/\/www.newsendip.com\/fr\/"},{"@type":"ListItem","position":2,"name":"En Italie, la Cour de cassation confirme la r\u00e9vocation d&#8217;une enseignante absente 20 ans sur 24"}]},{"@type":"WebSite","@id":"https:\/\/www.newsendip.com\/fr\/#website","url":"https:\/\/www.newsendip.com\/fr\/","name":"Newsendip","description":"Red\u00e9couvrez l&#039;actualit\u00e9 internationale","publisher":{"@id":"https:\/\/www.newsendip.com\/fr\/#organization"},"potentialAction":[{"@type":"SearchAction","target":{"@type":"EntryPoint","urlTemplate":"https:\/\/www.newsendip.com\/fr\/?s={search_term_string}"},"query-input":{"@type":"PropertyValueSpecification","valueRequired":true,"valueName":"search_term_string"}}],"inLanguage":"fr-FR"},{"@type":"Organization","@id":"https:\/\/www.newsendip.com\/fr\/#organization","name":"Newsendip","url":"https:\/\/www.newsendip.com\/fr\/","logo":{"@type":"ImageObject","inLanguage":"fr-FR","@id":"https:\/\/www.newsendip.com\/fr\/#\/schema\/logo\/image\/","url":"https:\/\/www.newsendip.com\/wp-content\/uploads\/2023\/12\/512x512.svg","contentUrl":"https:\/\/www.newsendip.com\/wp-content\/uploads\/2023\/12\/512x512.svg","width":1,"height":1,"caption":"Newsendip"},"image":{"@id":"https:\/\/www.newsendip.com\/fr\/#\/schema\/logo\/image\/"},"sameAs":["https:\/\/www.facebook.com\/newsendip","https:\/\/x.com\/newsendip","https:\/\/mastodon.social\/@newsendip","https:\/\/www.linkedin.com\/company\/newsendip"],"description":"Newsendip est un site qui a pour mission de rendre l'actualit\u00e9 internationale accessible et diversifi\u00e9e","email":"contact@newsendip.com","legalName":"Newsendip SAS","foundingDate":"2022-11-04","vatID":"FR60921124723","numberOfEmployees":{"@type":"QuantitativeValue","minValue":"1","maxValue":"10"},"publishingPrinciples":"https:\/\/www.newsendip.com\/about-us\/","ownershipFundingInfo":"https:\/\/www.newsendip.com\/legal-notice\/","actionableFeedbackPolicy":"https:\/\/www.newsendip.com\/about-us\/","correctionsPolicy":"https:\/\/www.newsendip.com\/about-us\/","ethicsPolicy":"https:\/\/www.newsendip.com\/about-us\/","diversityPolicy":"https:\/\/www.newsendip.com\/about-us\/"},{"@type":"Person","@id":"https:\/\/www.newsendip.com\/fr\/#\/schema\/person\/48e743318265f0b4efed7fb507e9dcd6","name":"Antonin Perrault","description":"Antonin is a contributor for Newsendip. He grew up in France and loves pretty much everything about sports.","sameAs":["https:\/\/www.linkedin.com\/in\/antonin-perrault\/"],"knowsLanguage":["French"],"url":"https:\/\/www.newsendip.com\/fr\/author\/anto-perrault492004\/"}]}},"_links":{"self":[{"href":"https:\/\/www.newsendip.com\/fr\/wp-json\/wp\/v2\/posts\/28735","targetHints":{"allow":["GET"]}}],"collection":[{"href":"https:\/\/www.newsendip.com\/fr\/wp-json\/wp\/v2\/posts"}],"about":[{"href":"https:\/\/www.newsendip.com\/fr\/wp-json\/wp\/v2\/types\/post"}],"author":[{"embeddable":true,"href":"https:\/\/www.newsendip.com\/fr\/wp-json\/wp\/v2\/users\/136"}],"replies":[{"embeddable":true,"href":"https:\/\/www.newsendip.com\/fr\/wp-json\/wp\/v2\/comments?post=28735"}],"version-history":[{"count":0,"href":"https:\/\/www.newsendip.com\/fr\/wp-json\/wp\/v2\/posts\/28735\/revisions"}],"wp:featuredmedia":[{"embeddable":true,"href":"https:\/\/www.newsendip.com\/fr\/wp-json\/wp\/v2\/media\/28745"}],"wp:attachment":[{"href":"https:\/\/www.newsendip.com\/fr\/wp-json\/wp\/v2\/media?parent=28735"}],"wp:term":[{"taxonomy":"category","embeddable":true,"href":"https:\/\/www.newsendip.com\/fr\/wp-json\/wp\/v2\/categories?post=28735"},{"taxonomy":"post_tag","embeddable":true,"href":"https:\/\/www.newsendip.com\/fr\/wp-json\/wp\/v2\/tags?post=28735"}],"curies":[{"name":"wp","href":"https:\/\/api.w.org\/{rel}","templated":true}]}}