{"id":28781,"date":"2023-06-27T14:22:22","date_gmt":"2023-06-27T12:22:22","guid":{"rendered":"https:\/\/www.newsendip.com\/?p=28781"},"modified":"2023-09-05T19:00:16","modified_gmt":"2023-09-05T17:00:16","slug":"le-japon-met-fin-a-quatre-annees-de-restrictions-a-lexport-imposees-a-la-coree-du-sud","status":"publish","type":"post","link":"https:\/\/www.newsendip.com\/fr\/le-japon-met-fin-a-quatre-annees-de-restrictions-a-lexport-imposees-a-la-coree-du-sud\/","title":{"rendered":"Le Japon met fin \u00e0 quatre ann\u00e9es de restrictions \u00e0 l\u2019export envers la Cor\u00e9e du&nbsp;Sud"},"content":{"rendered":"<p><strong>Le Japon a d\u00e9cid\u00e9 de mettre fin aux restrictions \u00e0 l\u2019exportation impos\u00e9es \u00e0 la Cor\u00e9e du Sud, marquant ainsi la fin d\u2019une querelle commerciale de quatre ans entre les deux&nbsp;pays.<br>\n<\/strong><\/p>\n<figure id=\"attachment_28797\" aria-describedby=\"caption-attachment-28797\" style=\"width: 1024px\" class=\"wp-caption aligncenter\"><img decoding=\"async\" class=\"wp-image-28797 size-large\" src=\"https:\/\/www.newsendip.com\/wp-content\/uploads\/2023\/06\/korea-japan-meeting-1024x619.webp\" alt=\"Le pr\u00e9sident sud-cor\u00e9en et le Premier ministre japonais\" width=\"1024\" height=\"619\" srcset=\"https:\/\/www.newsendip.com\/wp-content\/uploads\/2023\/06\/korea-japan-meeting-1024x619.webp 1024w, https:\/\/www.newsendip.com\/wp-content\/uploads\/2023\/06\/korea-japan-meeting-60x36.webp 60w, https:\/\/www.newsendip.com\/wp-content\/uploads\/2023\/06\/korea-japan-meeting-300x181.webp 300w, https:\/\/www.newsendip.com\/wp-content\/uploads\/2023\/06\/korea-japan-meeting-768x464.webp 768w, https:\/\/www.newsendip.com\/wp-content\/uploads\/2023\/06\/korea-japan-meeting-1536x929.webp 1536w, https:\/\/www.newsendip.com\/wp-content\/uploads\/2023\/06\/korea-japan-meeting-2048x1238.webp 2048w\" sizes=\"(max-width: 1024px) 100vw, 1024px\"><figcaption id=\"caption-attachment-28797\" class=\"wp-caption-text\">Le pr\u00e9sident sud-cor\u00e9en Yoon Suk Yeol et le Premier ministre japonais Fumio Kishida \u00e0 Hiroshima en mai 2023 | \u00a9 Pr\u00e9sidence sud-cor\u00e9enne<\/figcaption><\/figure>\n<p>Lors du conseil des ministres du 27 juin, le <a href=\"https:\/\/www.newsendip.com\/fr\/etiquette\/japon\/\">Japon<\/a> a accept\u00e9 de r\u00e9inscrire la <a href=\"https:\/\/www.newsendip.com\/fr\/etiquette\/coree-sud\/\">Cor\u00e9e du Sud<\/a> sur sa liste des pays d\u2019exportation pr\u00e9f\u00e9rentiels, ce qui constitue la derni\u00e8re \u00e9tape d\u2019un retour \u00e0 la normale des relations \u00e9conomiques entre les deux&nbsp;pays.<\/p>\n<p><a href=\"https:\/\/www.meti.go.jp\/press\/2023\/06\/20230627006\/20230627006.html\">Le d\u00e9cret<\/a>, qui sera promulgu\u00e9 le 30 juin et appliqu\u00e9 le 21 juillet, mettra fin aux restrictions r\u00e9ciproques \u00e0 l\u2019exportation qui durent depuis quatre ans.<\/p>\n<p>En juin 2019, le Japon avait d\u00e9cid\u00e9 de restreindre les exportations vers la Cor\u00e9e du Sud de composants technologiques essentiels pour la construction de semi-conducteurs et des \u00e9crans de smartphones.<\/p>\n<p>Trois composants cl\u00e9s des semi-conducteurs sont alors pass\u00e9s d\u2019une licence d\u2019exportation globale \u00e0 une licence d\u2019exportation individuelle, ce qui n\u00e9cessite des examens individuels pour chaque projet d\u2019exportation. La Cor\u00e9e du Sud a \u00e9galement \u00e9t\u00e9 exclue de la liste des pays d\u2019exportation privil\u00e9gi\u00e9s qui simplifie les proc\u00e9dures commerciales, telles que les contr\u00f4les visant \u00e0 garantir que les marchandises ne sont pas utilis\u00e9es pour d\u00e9velopper des&nbsp;armes.<\/p>\n<p>Ces restrictions \u00e0 l\u2019exportation sont largement per\u00e7ues comme des repr\u00e9sailles officieuses \u00e0 la suite d\u2019une d\u00e9cision de la Cour supr\u00eame cor\u00e9enne en 2018 qui ordonnait les entreprises japonaises Nippon Steel et Mitsubishi Heavy Industries d\u2019indemniser des <a href=\"https:\/\/www.newsendip.com\/fr\/la-coree-du-sud-cherche-a-ameliorer-ses-relations-avec-le-japon-avec-un-plan-dindemnisation-de-victimes-du-travail-force\/\">victimes cor\u00e9ennes du travail forc\u00e9 pendant la Seconde Guerre mondiale<\/a>.<\/p>\n<p>La Cor\u00e9e du Sud partage un pass\u00e9 amer avec le Japon, qui a occup\u00e9 la p\u00e9ninsule cor\u00e9enne de 1910 \u00e0 1945. Des milliers de Cor\u00e9ens ont \u00e9t\u00e9 mobilis\u00e9s comme travailleurs forc\u00e9s pour les entreprises japonaises pendant la Seconde Guerre mondiale.<\/p>\n<p>Apr\u00e8s que le Japon a restreint ses exportations, la Cor\u00e9e du Sud a ripost\u00e9 en d\u00e9posant une plainte aupr\u00e8s de l\u2019Organisation mondiale du commerce et a exclu le Japon de sa liste d\u2019exportateurs privil\u00e9gi\u00e9s de mat\u00e9riaux strat\u00e9giques.<\/p>\n<p>Mais les tensions se sont apais\u00e9es en mars dernier apr\u00e8s un sommet entre les deux pays, dans un contexte de tensions pour la s\u00e9curit\u00e9 r\u00e9gionale avec la Cor\u00e9e du Nord. La Cor\u00e9e du Sud a pr\u00e9sent\u00e9 un plan d\u2019indemnisation des victimes du travail forc\u00e9 dans lequel les entreprises japonaises concern\u00e9es n\u2019ont pas \u00e0 contribuer.<\/p>\n<p>La Cor\u00e9e du Sud a suspendu sa plainte aupr\u00e8s de l\u2019OMC durant d\u2019un dialogue bilat\u00e9ral sur la politique de contr\u00f4le des exportations et, en avril, elle a de nouveau d\u00e9sign\u00e9 le Japon comme exportateur privil\u00e9gi\u00e9. Gr\u00e2ce \u00e0 ce statut, l\u2019exportation de mat\u00e9riel strat\u00e9gique est approuv\u00e9e en cinq jours au lieu de 15 par exemple.<\/p>\n<p>Avec le d\u00e9cret du gouvernement japonais, la Cor\u00e9e du Sud redeviendra un exportateur privil\u00e9gi\u00e9 et les produits technologiques cor\u00e9ens se verront \u00e0 nouveau accorder des licences d\u2019exportation g\u00e9n\u00e9rales.<\/p>\n<p>Bien que le premier ministre japonais Fumio Kishida eut d\u00e9clar\u00e9 que le r\u00e9tablissement des relations commerciales \u00e9tait une question distincte de l\u2019indemnisation du travail forc\u00e9, les deux pays reprendront bient\u00f4t leurs relations \u00e9conomiques telles qu\u2019elles l\u2019\u00e9taient avant l\u2019arr\u00eat de la Cour supr\u00eame.<\/p>\n","protected":false},"excerpt":{"rendered":"<p>Le Japon a d\u00e9cid\u00e9 de mettre fin aux restrictions \u00e0 l\u2019exportation impos\u00e9es \u00e0 la Cor\u00e9e du Sud, marquant ainsi la fin d\u2019une querelle commerciale de quatre ans entre les deux&nbsp;pays.<\/p>\n","protected":false},"author":1,"featured_media":28797,"comment_status":"closed","ping_status":"open","sticky":false,"template":"","format":"standard","meta":{"wp_typography_post_enhancements_disabled":false,"footnotes":""},"categories":[414],"tags":[511,486,1334],"class_list":["post-28781","post","type-post","status-publish","format-standard","has-post-thumbnail","hentry","category-economie","tag-coree-sud","tag-japon","tag-nouveau"],"yoast_head":"<!-- This site is optimized with the Yoast SEO Premium plugin v27.4 (Yoast SEO v27.4) - https:\/\/yoast.com\/product\/yoast-seo-premium-wordpress\/ -->\n<title>Le Japon met fin \u00e0 quatre ann\u00e9es de restrictions \u00e0 l&#039;export envers la Cor\u00e9e du Sud<\/title>\n<meta name=\"description\" content=\"Le Japon a d\u00e9cid\u00e9 de mettre fin aux restrictions \u00e0 l&#039;exportation impos\u00e9es \u00e0 la Cor\u00e9e du Sud, marquant ainsi la fin d&#039;une querelle commerciale de quatre ans entre les deux pays.\" \/>\n<meta name=\"robots\" content=\"index, follow, max-snippet:-1, max-image-preview:large, max-video-preview:-1\" \/>\n<link rel=\"canonical\" href=\"https:\/\/www.newsendip.com\/fr\/le-japon-met-fin-a-quatre-annees-de-restrictions-a-lexport-imposees-a-la-coree-du-sud\/\" \/>\n<meta property=\"og:locale\" content=\"fr_FR\" \/>\n<meta property=\"og:type\" content=\"article\" \/>\n<meta property=\"og:title\" content=\"Le Japon met fin \u00e0 quatre ann\u00e9es de restrictions \u00e0 l&#039;export envers la Cor\u00e9e du Sud\" \/>\n<meta property=\"og:description\" content=\"Le Japon a d\u00e9cid\u00e9 de mettre fin aux restrictions \u00e0 l&#039;exportation impos\u00e9es \u00e0 la Cor\u00e9e du Sud, marquant ainsi la fin d&#039;une querelle commerciale de quatre ans entre les deux pays.\" \/>\n<meta property=\"og:url\" content=\"https:\/\/www.newsendip.com\/fr\/le-japon-met-fin-a-quatre-annees-de-restrictions-a-lexport-imposees-a-la-coree-du-sud\/\" \/>\n<meta property=\"og:site_name\" content=\"Newsendip\" \/>\n<meta property=\"article:publisher\" content=\"https:\/\/www.facebook.com\/newsendip\" \/>\n<meta property=\"article:published_time\" content=\"2023-06-27T12:22:22+00:00\" \/>\n<meta property=\"article:modified_time\" content=\"2023-09-05T17:00:16+00:00\" \/>\n<meta property=\"og:image\" content=\"https:\/\/www.newsendip.com\/wp-content\/uploads\/2023\/06\/korea-japan-meeting-min.jpeg\" \/>\n\t<meta property=\"og:image:width\" content=\"2560\" \/>\n\t<meta property=\"og:image:height\" content=\"1548\" \/>\n\t<meta property=\"og:image:type\" content=\"image\/jpeg\" \/>\n<meta name=\"author\" content=\"Cl\u00e9ment V\u00e9rit\u00e9\" \/>\n<meta name=\"twitter:card\" content=\"summary_large_image\" \/>\n<meta name=\"twitter:image\" content=\"https:\/\/www.newsendip.com\/wp-content\/uploads\/2023\/06\/korea-japan-meeting-min.jpeg\" \/>\n<meta name=\"twitter:creator\" content=\"@https:\/\/twitter.com\/cverite\" \/>\n<meta name=\"twitter:site\" content=\"@newsendip\" \/>\n<meta name=\"twitter:label1\" content=\"\u00c9crit par\" \/>\n\t<meta name=\"twitter:data1\" content=\"Cl\u00e9ment V\u00e9rit\u00e9\" \/>\n\t<meta name=\"twitter:label2\" content=\"Dur\u00e9e de lecture estim\u00e9e\" \/>\n\t<meta name=\"twitter:data2\" content=\"3 minutes\" \/>\n<!-- \/ Yoast SEO Premium plugin. -->","yoast_head_json":{"title":"Le Japon met fin \u00e0 quatre ann\u00e9es de restrictions \u00e0 l'export envers la Cor\u00e9e du Sud","description":"Le Japon a d\u00e9cid\u00e9 de mettre fin aux restrictions \u00e0 l'exportation impos\u00e9es \u00e0 la Cor\u00e9e du Sud, marquant ainsi la fin d'une querelle commerciale de quatre ans entre les deux pays.","robots":{"index":"index","follow":"follow","max-snippet":"max-snippet:-1","max-image-preview":"max-image-preview:large","max-video-preview":"max-video-preview:-1"},"canonical":"https:\/\/www.newsendip.com\/fr\/le-japon-met-fin-a-quatre-annees-de-restrictions-a-lexport-imposees-a-la-coree-du-sud\/","og_locale":"fr_FR","og_type":"article","og_title":"Le Japon met fin \u00e0 quatre ann\u00e9es de restrictions \u00e0 l'export envers la Cor\u00e9e du Sud","og_description":"Le Japon a d\u00e9cid\u00e9 de mettre fin aux restrictions \u00e0 l'exportation impos\u00e9es \u00e0 la Cor\u00e9e du Sud, marquant ainsi la fin d'une querelle commerciale de quatre ans entre les deux pays.","og_url":"https:\/\/www.newsendip.com\/fr\/le-japon-met-fin-a-quatre-annees-de-restrictions-a-lexport-imposees-a-la-coree-du-sud\/","og_site_name":"Newsendip","article_publisher":"https:\/\/www.facebook.com\/newsendip","article_published_time":"2023-06-27T12:22:22+00:00","article_modified_time":"2023-09-05T17:00:16+00:00","og_image":[{"width":2560,"height":1548,"url":"https:\/\/www.newsendip.com\/wp-content\/uploads\/2023\/06\/korea-japan-meeting-min.jpeg","type":"image\/jpeg"}],"author":"Cl\u00e9ment V\u00e9rit\u00e9","twitter_card":"summary_large_image","twitter_image":"https:\/\/www.newsendip.com\/wp-content\/uploads\/2023\/06\/korea-japan-meeting-min.jpeg","twitter_creator":"@https:\/\/twitter.com\/cverite","twitter_site":"@newsendip","twitter_misc":{"\u00c9crit par":"Cl\u00e9ment V\u00e9rit\u00e9","Dur\u00e9e de lecture estim\u00e9e":"3 minutes"},"schema":{"@context":"https:\/\/schema.org","@graph":[{"@type":"NewsArticle","@id":"https:\/\/www.newsendip.com\/fr\/le-japon-met-fin-a-quatre-annees-de-restrictions-a-lexport-imposees-a-la-coree-du-sud\/#article","isPartOf":{"@id":"https:\/\/www.newsendip.com\/fr\/le-japon-met-fin-a-quatre-annees-de-restrictions-a-lexport-imposees-a-la-coree-du-sud\/"},"author":{"name":"Cl\u00e9ment V\u00e9rit\u00e9","@id":"https:\/\/www.newsendip.com\/fr\/#\/schema\/person\/ea22c01755f464a3cbc2c619584d6363"},"headline":"Le Japon met fin \u00e0 quatre ann\u00e9es de restrictions \u00e0 l\u2019export envers la Cor\u00e9e du&nbsp;Sud","datePublished":"2023-06-27T12:22:22+00:00","dateModified":"2023-09-05T17:00:16+00:00","mainEntityOfPage":{"@id":"https:\/\/www.newsendip.com\/fr\/le-japon-met-fin-a-quatre-annees-de-restrictions-a-lexport-imposees-a-la-coree-du-sud\/"},"wordCount":617,"publisher":{"@id":"https:\/\/www.newsendip.com\/fr\/#organization"},"image":{"@id":"https:\/\/www.newsendip.com\/fr\/le-japon-met-fin-a-quatre-annees-de-restrictions-a-lexport-imposees-a-la-coree-du-sud\/#primaryimage"},"thumbnailUrl":"https:\/\/www.newsendip.com\/wp-content\/uploads\/2023\/06\/korea-japan-meeting.webp","keywords":["Cor\u00e9e du sud","Japon","R\u00e9cent"],"articleSection":["\u00c9conomie"],"inLanguage":"fr-FR","copyrightYear":"2023","copyrightHolder":{"@id":"https:\/\/www.newsendip.com\/#organization"}},{"@type":"WebPage","@id":"https:\/\/www.newsendip.com\/fr\/le-japon-met-fin-a-quatre-annees-de-restrictions-a-lexport-imposees-a-la-coree-du-sud\/","url":"https:\/\/www.newsendip.com\/fr\/le-japon-met-fin-a-quatre-annees-de-restrictions-a-lexport-imposees-a-la-coree-du-sud\/","name":"Le Japon met fin \u00e0 quatre ann\u00e9es de restrictions \u00e0 l'export envers la Cor\u00e9e du Sud","isPartOf":{"@id":"https:\/\/www.newsendip.com\/fr\/#website"},"primaryImageOfPage":{"@id":"https:\/\/www.newsendip.com\/fr\/le-japon-met-fin-a-quatre-annees-de-restrictions-a-lexport-imposees-a-la-coree-du-sud\/#primaryimage"},"image":{"@id":"https:\/\/www.newsendip.com\/fr\/le-japon-met-fin-a-quatre-annees-de-restrictions-a-lexport-imposees-a-la-coree-du-sud\/#primaryimage"},"thumbnailUrl":"https:\/\/www.newsendip.com\/wp-content\/uploads\/2023\/06\/korea-japan-meeting.webp","datePublished":"2023-06-27T12:22:22+00:00","dateModified":"2023-09-05T17:00:16+00:00","description":"Le Japon a d\u00e9cid\u00e9 de mettre fin aux restrictions \u00e0 l'exportation impos\u00e9es \u00e0 la Cor\u00e9e du Sud, marquant ainsi la fin d'une querelle commerciale de quatre ans entre les deux pays.","breadcrumb":{"@id":"https:\/\/www.newsendip.com\/fr\/le-japon-met-fin-a-quatre-annees-de-restrictions-a-lexport-imposees-a-la-coree-du-sud\/#breadcrumb"},"inLanguage":"fr-FR","potentialAction":[{"@type":"ReadAction","target":["https:\/\/www.newsendip.com\/fr\/le-japon-met-fin-a-quatre-annees-de-restrictions-a-lexport-imposees-a-la-coree-du-sud\/"]}]},{"@type":"ImageObject","inLanguage":"fr-FR","@id":"https:\/\/www.newsendip.com\/fr\/le-japon-met-fin-a-quatre-annees-de-restrictions-a-lexport-imposees-a-la-coree-du-sud\/#primaryimage","url":"https:\/\/www.newsendip.com\/wp-content\/uploads\/2023\/06\/korea-japan-meeting.webp","contentUrl":"https:\/\/www.newsendip.com\/wp-content\/uploads\/2023\/06\/korea-japan-meeting.webp","width":2560,"height":1548,"caption":"Le pr\u00e9sident sud-cor\u00e9en Yoon Suk Yeol et le Premier ministre japonais Fumio Kishida \u00e0 Hiroshima en mai 2023 | \u00a9 Pr\u00e9sidence sud-cor\u00e9enne"},{"@type":"BreadcrumbList","@id":"https:\/\/www.newsendip.com\/fr\/le-japon-met-fin-a-quatre-annees-de-restrictions-a-lexport-imposees-a-la-coree-du-sud\/#breadcrumb","itemListElement":[{"@type":"ListItem","position":1,"name":"Accueil","item":"https:\/\/www.newsendip.com\/fr\/"},{"@type":"ListItem","position":2,"name":"Le Japon met fin \u00e0 quatre ann\u00e9es de restrictions \u00e0 l\u2019export envers la Cor\u00e9e du&nbsp;Sud"}]},{"@type":"WebSite","@id":"https:\/\/www.newsendip.com\/fr\/#website","url":"https:\/\/www.newsendip.com\/fr\/","name":"Newsendip","description":"Red\u00e9couvrez l&#039;actualit\u00e9 internationale","publisher":{"@id":"https:\/\/www.newsendip.com\/fr\/#organization"},"potentialAction":[{"@type":"SearchAction","target":{"@type":"EntryPoint","urlTemplate":"https:\/\/www.newsendip.com\/fr\/?s={search_term_string}"},"query-input":{"@type":"PropertyValueSpecification","valueRequired":true,"valueName":"search_term_string"}}],"inLanguage":"fr-FR"},{"@type":"Organization","@id":"https:\/\/www.newsendip.com\/fr\/#organization","name":"Newsendip","url":"https:\/\/www.newsendip.com\/fr\/","logo":{"@type":"ImageObject","inLanguage":"fr-FR","@id":"https:\/\/www.newsendip.com\/fr\/#\/schema\/logo\/image\/","url":"https:\/\/www.newsendip.com\/wp-content\/uploads\/2023\/12\/512x512.svg","contentUrl":"https:\/\/www.newsendip.com\/wp-content\/uploads\/2023\/12\/512x512.svg","width":1,"height":1,"caption":"Newsendip"},"image":{"@id":"https:\/\/www.newsendip.com\/fr\/#\/schema\/logo\/image\/"},"sameAs":["https:\/\/www.facebook.com\/newsendip","https:\/\/x.com\/newsendip","https:\/\/mastodon.social\/@newsendip","https:\/\/www.linkedin.com\/company\/newsendip"],"description":"Newsendip est un site qui a pour mission de rendre l'actualit\u00e9 internationale accessible et diversifi\u00e9e","email":"contact@newsendip.com","legalName":"Newsendip SAS","foundingDate":"2022-11-04","vatID":"FR60921124723","numberOfEmployees":{"@type":"QuantitativeValue","minValue":"1","maxValue":"10"},"publishingPrinciples":"https:\/\/www.newsendip.com\/about-us\/","ownershipFundingInfo":"https:\/\/www.newsendip.com\/legal-notice\/","actionableFeedbackPolicy":"https:\/\/www.newsendip.com\/about-us\/","correctionsPolicy":"https:\/\/www.newsendip.com\/about-us\/","ethicsPolicy":"https:\/\/www.newsendip.com\/about-us\/","diversityPolicy":"https:\/\/www.newsendip.com\/about-us\/"},{"@type":"Person","@id":"https:\/\/www.newsendip.com\/fr\/#\/schema\/person\/ea22c01755f464a3cbc2c619584d6363","name":"Cl\u00e9ment V\u00e9rit\u00e9","description":"Cl\u00e9ment is the executive editor and founder of Newsendip. He started in the media industry as a freelance reporter at 16 for a local French newspaper after school and has never left it. He later worked for seven years at The New York Times, notably as a data analyst. He holds a Master of Management in France and a Master of Arts in the United Kingdom in International Marketing &amp; Communications Strategy. He has lived in France, the United Kingdom, and Italy.","sameAs":["https:\/\/www.newsendip.com\/","https:\/\/www.linkedin.com\/in\/clementverite\/","https:\/\/x.com\/https:\/\/twitter.com\/cverite"],"knowsAbout":["News","International","Business","Media monitoring"],"knowsLanguage":["English","French","Italian","Spanish"],"url":"https:\/\/www.newsendip.com\/fr\/author\/clement-verite\/"}]}},"_links":{"self":[{"href":"https:\/\/www.newsendip.com\/fr\/wp-json\/wp\/v2\/posts\/28781","targetHints":{"allow":["GET"]}}],"collection":[{"href":"https:\/\/www.newsendip.com\/fr\/wp-json\/wp\/v2\/posts"}],"about":[{"href":"https:\/\/www.newsendip.com\/fr\/wp-json\/wp\/v2\/types\/post"}],"author":[{"embeddable":true,"href":"https:\/\/www.newsendip.com\/fr\/wp-json\/wp\/v2\/users\/1"}],"replies":[{"embeddable":true,"href":"https:\/\/www.newsendip.com\/fr\/wp-json\/wp\/v2\/comments?post=28781"}],"version-history":[{"count":0,"href":"https:\/\/www.newsendip.com\/fr\/wp-json\/wp\/v2\/posts\/28781\/revisions"}],"wp:featuredmedia":[{"embeddable":true,"href":"https:\/\/www.newsendip.com\/fr\/wp-json\/wp\/v2\/media\/28797"}],"wp:attachment":[{"href":"https:\/\/www.newsendip.com\/fr\/wp-json\/wp\/v2\/media?parent=28781"}],"wp:term":[{"taxonomy":"category","embeddable":true,"href":"https:\/\/www.newsendip.com\/fr\/wp-json\/wp\/v2\/categories?post=28781"},{"taxonomy":"post_tag","embeddable":true,"href":"https:\/\/www.newsendip.com\/fr\/wp-json\/wp\/v2\/tags?post=28781"}],"curies":[{"name":"wp","href":"https:\/\/api.w.org\/{rel}","templated":true}]}}